{"id":8923,"date":"2025-08-11T05:14:53","date_gmt":"2025-08-11T05:14:53","guid":{"rendered":"https:\/\/noti-america.com\/site\/peru\/?p=8923"},"modified":"2025-08-11T05:14:53","modified_gmt":"2025-08-11T05:14:53","slug":"la-disputa-por-la-isla-santa-rosa-una-jugada-politica-de-petro","status":"publish","type":"post","link":"https:\/\/noti-america.com\/site\/peru\/2025\/08\/11\/la-disputa-por-la-isla-santa-rosa-una-jugada-politica-de-petro\/","title":{"rendered":"LA DISPUTA POR LA ISLA SANTA ROSA: UNA JUGADA POL\u00cdTICA DE PETRO"},"content":{"rendered":"<h3 style=\"text-align: justify\"><strong><span style=\"font-family: Tahoma, Arial, Helvetica, sans-serif\">NOTI-AM\u00c9RICA PER\u00da<\/span><\/strong><\/h3>\n<h3 style=\"text-align: justify\"><\/h3>\n<h3 style=\"text-align: right\"><strong><span style=\"font-family: Tahoma, Arial, Helvetica, sans-serif\">Por C\u00e9sar Ortiz Anderson<\/span><\/strong><\/h3>\n<h3 style=\"text-align: justify\"><\/h3>\n<h3 style=\"text-align: justify\"><span style=\"font-weight: 400;font-family: Tahoma, Arial, Helvetica, sans-serif\">El 7 de agosto de 2025, desde Leticia, el presidente colombiano, Gustavo Petro, declar\u00f3 p\u00fablicamente que \u201cColombia no reconoce la soberan\u00eda del Per\u00fa sobre la isla de Santa Rosa\u201d, una porci\u00f3n territorial surgida en el r\u00edo Amazonas tras cambios geogr\u00e1ficos recientes.<\/span><\/h3>\n<h3 style=\"text-align: justify\"><\/h3>\n<h3 style=\"text-align: justify\"><span style=\"font-weight: 400;font-family: Tahoma, Arial, Helvetica, sans-serif\">La respuesta del gobierno peruano fue inmediata y en\u00e9rgica: la presidenta Dina Boluarte rechaz\u00f3 la controversia y afirm\u00f3 que no existe ning\u00fan tema lim\u00edtrofe pendiente y respald\u00f3 la soberan\u00eda peruana sobre la isla, adem\u00e1s de anunciar mejoras sociales para la poblaci\u00f3n local.<\/span><\/h3>\n<div id=\"attachment_8924\" style=\"width: 990px\" class=\"wp-caption alignnone\"><img loading=\"lazy\" decoding=\"async\" aria-describedby=\"caption-attachment-8924\" class=\"size-full wp-image-8924\" src=\"https:\/\/noti-america.com\/site\/peru\/wp-content\/uploads\/sites\/8\/2025\/08\/7650bc7fe72a545ed05b0af276eb5971b4832526.jpg\" alt=\"\" width=\"980\" height=\"653\" srcset=\"https:\/\/noti-america.com\/site\/peru\/wp-content\/uploads\/sites\/8\/2025\/08\/7650bc7fe72a545ed05b0af276eb5971b4832526.jpg 980w, https:\/\/noti-america.com\/site\/peru\/wp-content\/uploads\/sites\/8\/2025\/08\/7650bc7fe72a545ed05b0af276eb5971b4832526-300x200.jpg 300w, https:\/\/noti-america.com\/site\/peru\/wp-content\/uploads\/sites\/8\/2025\/08\/7650bc7fe72a545ed05b0af276eb5971b4832526-768x512.jpg 768w, https:\/\/noti-america.com\/site\/peru\/wp-content\/uploads\/sites\/8\/2025\/08\/7650bc7fe72a545ed05b0af276eb5971b4832526-272x182.jpg 272w\" sizes=\"auto, (max-width: 980px) 100vw, 980px\" \/><p id=\"caption-attachment-8924\" class=\"wp-caption-text\">Foto: France 24<\/p><\/div>\n<h3 style=\"text-align: justify\"><span style=\"font-weight: 400;font-family: Tahoma, Arial, Helvetica, sans-serif\">Expertos como Mar\u00eda Alejandra Trujillo se\u00f1alaron que esta disputa act\u00faa como una \u201ccortina de humo\u201d para desviar la atenci\u00f3n de los problemas internos de Colombia \u2014como la inseguridad, la presencia de disidencias de las FARC y las crisis sociales\u2014 y un intento de proyectar firmeza y liderazgo ante sectores de opini\u00f3n cr\u00edticos.<\/span><\/h3>\n<h3 style=\"text-align: justify\"><\/h3>\n<h3 style=\"text-align: justify\"><span style=\"font-weight: 400;font-family: Tahoma, Arial, Helvetica, sans-serif\">El contexto es claro: Petro acumula \u00edndices de desaprobaci\u00f3n elevados, y el tema fronterizo sirve para reactivar su imagen nacionalista en la antesala al per\u00edodo electoral.<\/span><\/h3>\n<h3 style=\"text-align: justify\"><\/h3>\n<h3 style=\"text-align: justify\"><span style=\"font-family: Tahoma, Arial, Helvetica, sans-serif\"><b>Del M-19 al Palacio de Nari\u00f1o: el recorrido de un exguerrillero en la pol\u00edtica colombiana<\/b><\/span><\/h3>\n<h3 style=\"text-align: justify\"><span style=\"font-weight: 400;font-family: Tahoma, Arial, Helvetica, sans-serif\">Gustavo Petro ingres\u00f3 al Movimiento 19 de Abril (M-19) a los 18 a\u00f1os, comprometido con una visi\u00f3n de justicia social nacida de las convulsiones pol\u00edticas de la d\u00e9cada de 1970.<\/span><\/h3>\n<h3 style=\"text-align: justify\"><\/h3>\n<h3 style=\"text-align: justify\"><span style=\"font-weight: 400;font-family: Tahoma, Arial, Helvetica, sans-serif\">Aunque asoci\u00f3 su militancia con actividades no violentas como propaganda y distribuci\u00f3n de alimentos, s\u00ed recibi\u00f3 entrenamiento militar; admite que nunca dispar\u00f3, pero su rol exacto ha sido objeto de debate.<\/span><\/h3>\n<h3 style=\"text-align: justify\"><\/h3>\n<h3 style=\"text-align: justify\"><span style=\"font-weight: 400;font-family: Tahoma, Arial, Helvetica, sans-serif\">El M-19 se desmoviliz\u00f3 en 1990 mediante un hist\u00f3rico acuerdo de paz, pasando a formar la Alianza Democr\u00e1tica M-19 y contribuyendo a la redacci\u00f3n de la Constituci\u00f3n de 1991.<\/span><\/h3>\n<h3 style=\"text-align: justify\"><\/h3>\n<h3 style=\"text-align: justify\"><span style=\"font-weight: 400;font-family: Tahoma, Arial, Helvetica, sans-serif\">Hoy, Petro no oculta sus ra\u00edces pol\u00edticas. Ha reivindicado el legado del M-19: exhibi\u00f3 la emblem\u00e1tica espada de Bol\u00edvar en su posesi\u00f3n presidencial, entreg\u00f3 banderas del grupo a l\u00edderes regionales y coloc\u00f3 a exguerrilleros en cargos clave de su gobierno, revelando una impronta organizada desde su pasado.<\/span><\/h3>\n<h3 style=\"text-align: justify\"><\/h3>\n<h3 style=\"text-align: justify\"><span style=\"font-weight: 400;font-family: Tahoma, Arial, Helvetica, sans-serif\">Este \u00e9nfasis forma parte de un proyecto pol\u00edtico que reivindica la memoria revolucionaria pero con vocaci\u00f3n democr\u00e1tica, aunque esto tambi\u00e9n ha generado tensi\u00f3n con sectores conservadores que critican su narrativa como \u201cmito revolucionario\u201d.<\/span><\/h3>\n<p style=\"text-align: justify\">\n<h3 style=\"text-align: justify\"><span style=\"font-family: Tahoma, Arial, Helvetica, sans-serif\"><b>La relaci\u00f3n de Petro con las FARC<\/b><\/span><\/h3>\n<h3 style=\"text-align: justify\"><span style=\"font-weight: 400;font-family: Tahoma, Arial, Helvetica, sans-serif\">Petro ha impulsado una ambiciosa pol\u00edtica llamada de \u201cpaz total\u201d, que pretende negociar con todas las organizaciones armadas, incluyendo disidencias de las FARC, sin distinciones.<\/span><\/h3>\n<h3 style=\"text-align: justify\"><\/h3>\n<h3 style=\"text-align: justify\"><span style=\"font-weight: 400;font-family: Tahoma, Arial, Helvetica, sans-serif\">Sin embargo, este enfoque ha sido cuestionado por expertos y l\u00edderes como el expresidente Juan Manuel Santos, quienes advierten que conceder demasiada flexibilidad solo ha permitido que los grupos armados se fortalezcan y expandan su influencia territorial y criminal.<\/span><\/h3>\n<h3 style=\"text-align: justify\"><span style=\"font-weight: 400;font-family: Tahoma, Arial, Helvetica, sans-serif\">Gustavo Petro representa una transici\u00f3n inusual: de la guerrilla urbana del M-19 al Gobierno central. Su administraci\u00f3n mantiene una narrativa hist\u00f3rica que honra ese pasado, aprovechando la legitimidad conquistada por la paz del M-19, pero sin romper con el Estado democr\u00e1tico. Al mismo tiempo, su apertura a negociar con disidencias de las FARC refleja una continuidad ideol\u00f3gica hacia la reconciliaci\u00f3n \u2014con todo el riesgo que ello implica\u2014, mientras Colombia enfrenta una creciente fragmentaci\u00f3n armada que desaf\u00eda su visi\u00f3n de paz total.<\/span><\/h3>\n<p style=\"text-align: justify\">\n<h3 style=\"text-align: justify\"><span style=\"font-family: Tahoma, Arial, Helvetica, sans-serif\"><b>\u00bfQu\u00e9 hay detr\u00e1s del escenario en la frontera Per\u00fa-Colombia?<\/b><\/span><\/h3>\n<h3 style=\"text-align: justify\"><span style=\"font-weight: 400;font-family: Tahoma, Arial, Helvetica, sans-serif\">Petro fundamenta su posici\u00f3n en el argumento de que la isla apareci\u00f3 despu\u00e9s de los tratados de l\u00edmites de 1922 y 1934, por lo que debe ser definida bilateralmente, y advierte que el control peruano podr\u00eda dejar a Leticia sin salida fluvial en pocos a\u00f1os, como revelan estudios sobre sedimentaci\u00f3n del Amazonas.<\/span><\/h3>\n<h3 style=\"text-align: justify\"><\/h3>\n<h3 style=\"text-align: justify\"><span style=\"font-weight: 400;font-family: Tahoma, Arial, Helvetica, sans-serif\">La tensi\u00f3n se intensific\u00f3 al convocar una sesi\u00f3n del organismo binacional COMPERIF y, simult\u00e1neamente, trasladar las celebraciones patrias a Leticia, en clara se\u00f1al pol\u00edtica.<\/span><\/h3>\n<p style=\"text-align: justify\">\n<h3 style=\"text-align: justify\"><span style=\"font-family: Tahoma, Arial, Helvetica, sans-serif\"><b>Presencia guerrillera en la frontera: un tel\u00f3n de fondo inquietante<\/b><\/span><\/h3>\n<h3 style=\"text-align: justify\"><span style=\"font-weight: 400;font-family: Tahoma, Arial, Helvetica, sans-serif\">La zona fronteriza colombo-peruana, especialmente en el Putumayo y Loreto, est\u00e1 permeada por la presencia de disidencias de las FARC, remanentes del conflicto armado colombiano que operan con sistemas de control territorial y narcotr\u00e1fico en el oriente peruano.<\/span><\/h3>\n<p style=\"text-align: justify\">\n<h3 style=\"text-align: justify\"><span style=\"font-weight: 400;font-family: Tahoma, Arial, Helvetica, sans-serif\">Esta realidad incrementa la vulnerabilidad regional y refuerza el caldo de cultivo en el que Petro capitaliza una narrativa soberanista, mientras aprovecha el vac\u00edo institucional para ganar espacio medi\u00e1tico y pol\u00edtico.<\/span><\/h3>\n<p style=\"text-align: justify\">\n<h3 style=\"text-align: justify\"><span style=\"font-weight: 400;font-family: Tahoma, Arial, Helvetica, sans-serif\">Finalmente, la controversia por la isla Santa Rosa no solo reabre una vieja disputa lim\u00edtrofe, sino que revela c\u00f3mo Gustavo Petro la instrumentaliza con fines pol\u00edticos: para distraer, unificar su base electoral y proyectar fortaleza en un pa\u00eds marcado por fragilidades institucionales. Mientras tanto, en la Amazon\u00eda, crecen amenazas reales que requieren di\u00e1logo, cooperaci\u00f3n bilateral y presencia estatal, no rifas de soberan\u00eda.<\/span><\/h3>\n","protected":false},"excerpt":{"rendered":"<p>NOTI-AM\u00c9RICA PER\u00da Por C\u00e9sar Ortiz Anderson El 7 de agosto de 2025, desde Leticia, el presidente colombiano, Gustavo Petro, declar\u00f3 p\u00fablicamente que \u201cColombia no reconoce la soberan\u00eda del Per\u00fa sobre la isla de Santa&#46;&#46;&#46;<\/p>\n","protected":false},"author":70,"featured_media":8924,"comment_status":"open","ping_status":"open","sticky":false,"template":"","format":"standard","meta":{"_acf_changed":false,"rop_custom_images_group":[],"rop_custom_messages_group":[],"rop_publish_now":"initial","rop_publish_now_accounts":{"twitter_242054905_242054905":""},"rop_publish_now_history":[],"rop_publish_now_status":"pending","footnotes":""},"categories":[268,4,12],"tags":[],"class_list":["post-8923","post","type-post","status-publish","format-standard","has-post-thumbnail","hentry","category-acturalidad","category-internacionales","category-opinion"],"acf":[],"yoast_head":"<!-- This site is optimized with the Yoast SEO Premium plugin v24.9 (Yoast SEO v27.2) - https:\/\/yoast.com\/product\/yoast-seo-premium-wordpress\/ -->\n<title>LA DISPUTA POR LA ISLA SANTA ROSA: UNA JUGADA POL\u00cdTICA DE PETRO - Per\u00fa | Noti-America.com<\/title>\n<meta name=\"robots\" content=\"index, follow, max-snippet:-1, max-image-preview:large, max-video-preview:-1\" \/>\n<link rel=\"canonical\" href=\"https:\/\/noti-america.com\/site\/peru\/2025\/08\/11\/la-disputa-por-la-isla-santa-rosa-una-jugada-politica-de-petro\/\" \/>\n<meta property=\"og:locale\" content=\"es_ES\" \/>\n<meta property=\"og:type\" content=\"article\" \/>\n<meta property=\"og:title\" content=\"LA DISPUTA POR LA ISLA SANTA ROSA: UNA JUGADA POL\u00cdTICA DE PETRO\" \/>\n<meta property=\"og:description\" content=\"NOTI-AM\u00c9RICA PER\u00da Por C\u00e9sar Ortiz Anderson El 7 de agosto de 2025, desde Leticia, el presidente colombiano, Gustavo Petro, declar\u00f3 p\u00fablicamente que \u201cColombia no reconoce la soberan\u00eda del Per\u00fa sobre la isla de Santa&#046;&#046;&#046;\" \/>\n<meta property=\"og:url\" content=\"https:\/\/noti-america.com\/site\/peru\/2025\/08\/11\/la-disputa-por-la-isla-santa-rosa-una-jugada-politica-de-petro\/\" \/>\n<meta property=\"og:site_name\" content=\"Per\u00fa | Noti-America.com\" \/>\n<meta property=\"article:published_time\" content=\"2025-08-11T05:14:53+00:00\" \/>\n<meta property=\"og:image\" content=\"https:\/\/noti-america.com\/site\/peru\/wp-content\/uploads\/sites\/8\/2025\/08\/7650bc7fe72a545ed05b0af276eb5971b4832526.jpg\" \/>\n\t<meta property=\"og:image:width\" content=\"980\" \/>\n\t<meta property=\"og:image:height\" content=\"653\" \/>\n\t<meta property=\"og:image:type\" content=\"image\/jpeg\" \/>\n<meta name=\"author\" content=\"Geomar Pacheco R.\" \/>\n<meta name=\"twitter:card\" content=\"summary_large_image\" \/>\n<meta name=\"twitter:creator\" content=\"@GeomarPacheco1\" \/>\n<meta name=\"twitter:label1\" content=\"Escrito por\" \/>\n\t<meta name=\"twitter:data1\" content=\"Geomar Pacheco R.\" \/>\n\t<meta name=\"twitter:label2\" content=\"Tiempo estimado de lectura\" \/>\n\t<meta name=\"twitter:data2\" content=\"4 minutos\" \/>\n<script type=\"application\/ld+json\" class=\"yoast-schema-graph\">{\"@context\":\"https:\/\/schema.org\",\"@graph\":[{\"@type\":\"Article\",\"@id\":\"https:\/\/noti-america.com\/site\/peru\/2025\/08\/11\/la-disputa-por-la-isla-santa-rosa-una-jugada-politica-de-petro\/#article\",\"isPartOf\":{\"@id\":\"https:\/\/noti-america.com\/site\/peru\/2025\/08\/11\/la-disputa-por-la-isla-santa-rosa-una-jugada-politica-de-petro\/\"},\"author\":{\"name\":\"Geomar Pacheco R.\",\"@id\":\"https:\/\/noti-america.com\/site\/peru\/#\/schema\/person\/28a35f20383bf2485bc838bfe76aebdc\"},\"headline\":\"LA DISPUTA POR LA ISLA SANTA ROSA: UNA JUGADA POL\u00cdTICA DE PETRO\",\"datePublished\":\"2025-08-11T05:14:53+00:00\",\"mainEntityOfPage\":{\"@id\":\"https:\/\/noti-america.com\/site\/peru\/2025\/08\/11\/la-disputa-por-la-isla-santa-rosa-una-jugada-politica-de-petro\/\"},\"wordCount\":824,\"commentCount\":0,\"publisher\":{\"@id\":\"https:\/\/noti-america.com\/site\/peru\/#organization\"},\"image\":{\"@id\":\"https:\/\/noti-america.com\/site\/peru\/2025\/08\/11\/la-disputa-por-la-isla-santa-rosa-una-jugada-politica-de-petro\/#primaryimage\"},\"thumbnailUrl\":\"https:\/\/noti-america.com\/site\/peru\/wp-content\/uploads\/sites\/8\/2025\/08\/7650bc7fe72a545ed05b0af276eb5971b4832526.jpg\",\"articleSection\":[\"Actualidad\",\"Internacionales\",\"Opini\u00f3n\"],\"inLanguage\":\"es\",\"potentialAction\":[{\"@type\":\"CommentAction\",\"name\":\"Comment\",\"target\":[\"https:\/\/noti-america.com\/site\/peru\/2025\/08\/11\/la-disputa-por-la-isla-santa-rosa-una-jugada-politica-de-petro\/#respond\"]}]},{\"@type\":\"WebPage\",\"@id\":\"https:\/\/noti-america.com\/site\/peru\/2025\/08\/11\/la-disputa-por-la-isla-santa-rosa-una-jugada-politica-de-petro\/\",\"url\":\"https:\/\/noti-america.com\/site\/peru\/2025\/08\/11\/la-disputa-por-la-isla-santa-rosa-una-jugada-politica-de-petro\/\",\"name\":\"LA DISPUTA POR LA ISLA SANTA ROSA: UNA JUGADA POL\u00cdTICA DE PETRO - Per\u00fa | Noti-America.com\",\"isPartOf\":{\"@id\":\"https:\/\/noti-america.com\/site\/peru\/#website\"},\"primaryImageOfPage\":{\"@id\":\"https:\/\/noti-america.com\/site\/peru\/2025\/08\/11\/la-disputa-por-la-isla-santa-rosa-una-jugada-politica-de-petro\/#primaryimage\"},\"image\":{\"@id\":\"https:\/\/noti-america.com\/site\/peru\/2025\/08\/11\/la-disputa-por-la-isla-santa-rosa-una-jugada-politica-de-petro\/#primaryimage\"},\"thumbnailUrl\":\"https:\/\/noti-america.com\/site\/peru\/wp-content\/uploads\/sites\/8\/2025\/08\/7650bc7fe72a545ed05b0af276eb5971b4832526.jpg\",\"datePublished\":\"2025-08-11T05:14:53+00:00\",\"breadcrumb\":{\"@id\":\"https:\/\/noti-america.com\/site\/peru\/2025\/08\/11\/la-disputa-por-la-isla-santa-rosa-una-jugada-politica-de-petro\/#breadcrumb\"},\"inLanguage\":\"es\",\"potentialAction\":[{\"@type\":\"ReadAction\",\"target\":[\"https:\/\/noti-america.com\/site\/peru\/2025\/08\/11\/la-disputa-por-la-isla-santa-rosa-una-jugada-politica-de-petro\/\"]}]},{\"@type\":\"ImageObject\",\"inLanguage\":\"es\",\"@id\":\"https:\/\/noti-america.com\/site\/peru\/2025\/08\/11\/la-disputa-por-la-isla-santa-rosa-una-jugada-politica-de-petro\/#primaryimage\",\"url\":\"https:\/\/noti-america.com\/site\/peru\/wp-content\/uploads\/sites\/8\/2025\/08\/7650bc7fe72a545ed05b0af276eb5971b4832526.jpg\",\"contentUrl\":\"https:\/\/noti-america.com\/site\/peru\/wp-content\/uploads\/sites\/8\/2025\/08\/7650bc7fe72a545ed05b0af276eb5971b4832526.jpg\",\"width\":980,\"height\":653,\"caption\":\"Foto: France 24\"},{\"@type\":\"BreadcrumbList\",\"@id\":\"https:\/\/noti-america.com\/site\/peru\/2025\/08\/11\/la-disputa-por-la-isla-santa-rosa-una-jugada-politica-de-petro\/#breadcrumb\",\"itemListElement\":[{\"@type\":\"ListItem\",\"position\":1,\"name\":\"Portada\",\"item\":\"https:\/\/noti-america.com\/site\/peru\/\"},{\"@type\":\"ListItem\",\"position\":2,\"name\":\"LA DISPUTA POR LA ISLA SANTA ROSA: UNA JUGADA POL\u00cdTICA DE PETRO\"}]},{\"@type\":\"WebSite\",\"@id\":\"https:\/\/noti-america.com\/site\/peru\/#website\",\"url\":\"https:\/\/noti-america.com\/site\/peru\/\",\"name\":\"Per\u00fa | Noti-America.com\",\"description\":\"\",\"publisher\":{\"@id\":\"https:\/\/noti-america.com\/site\/peru\/#organization\"},\"potentialAction\":[{\"@type\":\"SearchAction\",\"target\":{\"@type\":\"EntryPoint\",\"urlTemplate\":\"https:\/\/noti-america.com\/site\/peru\/?s={search_term_string}\"},\"query-input\":{\"@type\":\"PropertyValueSpecification\",\"valueRequired\":true,\"valueName\":\"search_term_string\"}}],\"inLanguage\":\"es\"},{\"@type\":\"Organization\",\"@id\":\"https:\/\/noti-america.com\/site\/peru\/#organization\",\"name\":\"Noti-America LLC | Per\u00fa\",\"url\":\"https:\/\/noti-america.com\/site\/peru\/\",\"logo\":{\"@type\":\"ImageObject\",\"inLanguage\":\"es\",\"@id\":\"https:\/\/noti-america.com\/site\/peru\/#\/schema\/logo\/image\/\",\"url\":\"https:\/\/noti-america.com\/site\/peru\/wp-content\/uploads\/sites\/8\/2020\/07\/LogoNA-4x3-1.jpg\",\"contentUrl\":\"https:\/\/noti-america.com\/site\/peru\/wp-content\/uploads\/sites\/8\/2020\/07\/LogoNA-4x3-1.jpg\",\"width\":1236,\"height\":1080,\"caption\":\"Noti-America LLC | Per\u00fa\"},\"image\":{\"@id\":\"https:\/\/noti-america.com\/site\/peru\/#\/schema\/logo\/image\/\"}},{\"@type\":\"Person\",\"@id\":\"https:\/\/noti-america.com\/site\/peru\/#\/schema\/person\/28a35f20383bf2485bc838bfe76aebdc\",\"name\":\"Geomar Pacheco R.\",\"image\":{\"@type\":\"ImageObject\",\"inLanguage\":\"es\",\"@id\":\"https:\/\/secure.gravatar.com\/avatar\/5f09cb527f9632e92234c6fc6e2cbcefebeed6bdeb0f9129ea4cbc7aa71587c6?s=96&d=mm&r=g\",\"url\":\"https:\/\/secure.gravatar.com\/avatar\/5f09cb527f9632e92234c6fc6e2cbcefebeed6bdeb0f9129ea4cbc7aa71587c6?s=96&d=mm&r=g\",\"contentUrl\":\"https:\/\/secure.gravatar.com\/avatar\/5f09cb527f9632e92234c6fc6e2cbcefebeed6bdeb0f9129ea4cbc7aa71587c6?s=96&d=mm&r=g\",\"caption\":\"Geomar Pacheco R.\"},\"sameAs\":[\"https:\/\/x.com\/GeomarPacheco1\"],\"url\":\"https:\/\/noti-america.com\/site\/peru\/author\/gpacheco\/\"}]}<\/script>\n<!-- \/ Yoast SEO Premium plugin. -->","yoast_head_json":{"title":"LA DISPUTA POR LA ISLA SANTA ROSA: UNA JUGADA POL\u00cdTICA DE PETRO - Per\u00fa | Noti-America.com","robots":{"index":"index","follow":"follow","max-snippet":"max-snippet:-1","max-image-preview":"max-image-preview:large","max-video-preview":"max-video-preview:-1"},"canonical":"https:\/\/noti-america.com\/site\/peru\/2025\/08\/11\/la-disputa-por-la-isla-santa-rosa-una-jugada-politica-de-petro\/","og_locale":"es_ES","og_type":"article","og_title":"LA DISPUTA POR LA ISLA SANTA ROSA: UNA JUGADA POL\u00cdTICA DE PETRO","og_description":"NOTI-AM\u00c9RICA PER\u00da Por C\u00e9sar Ortiz Anderson El 7 de agosto de 2025, desde Leticia, el presidente colombiano, Gustavo Petro, declar\u00f3 p\u00fablicamente que \u201cColombia no reconoce la soberan\u00eda del Per\u00fa sobre la isla de Santa&#46;&#46;&#46;","og_url":"https:\/\/noti-america.com\/site\/peru\/2025\/08\/11\/la-disputa-por-la-isla-santa-rosa-una-jugada-politica-de-petro\/","og_site_name":"Per\u00fa | Noti-America.com","article_published_time":"2025-08-11T05:14:53+00:00","og_image":[{"width":980,"height":653,"url":"https:\/\/noti-america.com\/site\/peru\/wp-content\/uploads\/sites\/8\/2025\/08\/7650bc7fe72a545ed05b0af276eb5971b4832526.jpg","type":"image\/jpeg"}],"author":"Geomar Pacheco R.","twitter_card":"summary_large_image","twitter_creator":"@GeomarPacheco1","twitter_misc":{"Escrito por":"Geomar Pacheco R.","Tiempo estimado de lectura":"4 minutos"},"schema":{"@context":"https:\/\/schema.org","@graph":[{"@type":"Article","@id":"https:\/\/noti-america.com\/site\/peru\/2025\/08\/11\/la-disputa-por-la-isla-santa-rosa-una-jugada-politica-de-petro\/#article","isPartOf":{"@id":"https:\/\/noti-america.com\/site\/peru\/2025\/08\/11\/la-disputa-por-la-isla-santa-rosa-una-jugada-politica-de-petro\/"},"author":{"name":"Geomar Pacheco R.","@id":"https:\/\/noti-america.com\/site\/peru\/#\/schema\/person\/28a35f20383bf2485bc838bfe76aebdc"},"headline":"LA DISPUTA POR LA ISLA SANTA ROSA: UNA JUGADA POL\u00cdTICA DE PETRO","datePublished":"2025-08-11T05:14:53+00:00","mainEntityOfPage":{"@id":"https:\/\/noti-america.com\/site\/peru\/2025\/08\/11\/la-disputa-por-la-isla-santa-rosa-una-jugada-politica-de-petro\/"},"wordCount":824,"commentCount":0,"publisher":{"@id":"https:\/\/noti-america.com\/site\/peru\/#organization"},"image":{"@id":"https:\/\/noti-america.com\/site\/peru\/2025\/08\/11\/la-disputa-por-la-isla-santa-rosa-una-jugada-politica-de-petro\/#primaryimage"},"thumbnailUrl":"https:\/\/noti-america.com\/site\/peru\/wp-content\/uploads\/sites\/8\/2025\/08\/7650bc7fe72a545ed05b0af276eb5971b4832526.jpg","articleSection":["Actualidad","Internacionales","Opini\u00f3n"],"inLanguage":"es","potentialAction":[{"@type":"CommentAction","name":"Comment","target":["https:\/\/noti-america.com\/site\/peru\/2025\/08\/11\/la-disputa-por-la-isla-santa-rosa-una-jugada-politica-de-petro\/#respond"]}]},{"@type":"WebPage","@id":"https:\/\/noti-america.com\/site\/peru\/2025\/08\/11\/la-disputa-por-la-isla-santa-rosa-una-jugada-politica-de-petro\/","url":"https:\/\/noti-america.com\/site\/peru\/2025\/08\/11\/la-disputa-por-la-isla-santa-rosa-una-jugada-politica-de-petro\/","name":"LA DISPUTA POR LA ISLA SANTA ROSA: UNA JUGADA POL\u00cdTICA DE PETRO - Per\u00fa | Noti-America.com","isPartOf":{"@id":"https:\/\/noti-america.com\/site\/peru\/#website"},"primaryImageOfPage":{"@id":"https:\/\/noti-america.com\/site\/peru\/2025\/08\/11\/la-disputa-por-la-isla-santa-rosa-una-jugada-politica-de-petro\/#primaryimage"},"image":{"@id":"https:\/\/noti-america.com\/site\/peru\/2025\/08\/11\/la-disputa-por-la-isla-santa-rosa-una-jugada-politica-de-petro\/#primaryimage"},"thumbnailUrl":"https:\/\/noti-america.com\/site\/peru\/wp-content\/uploads\/sites\/8\/2025\/08\/7650bc7fe72a545ed05b0af276eb5971b4832526.jpg","datePublished":"2025-08-11T05:14:53+00:00","breadcrumb":{"@id":"https:\/\/noti-america.com\/site\/peru\/2025\/08\/11\/la-disputa-por-la-isla-santa-rosa-una-jugada-politica-de-petro\/#breadcrumb"},"inLanguage":"es","potentialAction":[{"@type":"ReadAction","target":["https:\/\/noti-america.com\/site\/peru\/2025\/08\/11\/la-disputa-por-la-isla-santa-rosa-una-jugada-politica-de-petro\/"]}]},{"@type":"ImageObject","inLanguage":"es","@id":"https:\/\/noti-america.com\/site\/peru\/2025\/08\/11\/la-disputa-por-la-isla-santa-rosa-una-jugada-politica-de-petro\/#primaryimage","url":"https:\/\/noti-america.com\/site\/peru\/wp-content\/uploads\/sites\/8\/2025\/08\/7650bc7fe72a545ed05b0af276eb5971b4832526.jpg","contentUrl":"https:\/\/noti-america.com\/site\/peru\/wp-content\/uploads\/sites\/8\/2025\/08\/7650bc7fe72a545ed05b0af276eb5971b4832526.jpg","width":980,"height":653,"caption":"Foto: France 24"},{"@type":"BreadcrumbList","@id":"https:\/\/noti-america.com\/site\/peru\/2025\/08\/11\/la-disputa-por-la-isla-santa-rosa-una-jugada-politica-de-petro\/#breadcrumb","itemListElement":[{"@type":"ListItem","position":1,"name":"Portada","item":"https:\/\/noti-america.com\/site\/peru\/"},{"@type":"ListItem","position":2,"name":"LA DISPUTA POR LA ISLA SANTA ROSA: UNA JUGADA POL\u00cdTICA DE PETRO"}]},{"@type":"WebSite","@id":"https:\/\/noti-america.com\/site\/peru\/#website","url":"https:\/\/noti-america.com\/site\/peru\/","name":"Per\u00fa | Noti-America.com","description":"","publisher":{"@id":"https:\/\/noti-america.com\/site\/peru\/#organization"},"potentialAction":[{"@type":"SearchAction","target":{"@type":"EntryPoint","urlTemplate":"https:\/\/noti-america.com\/site\/peru\/?s={search_term_string}"},"query-input":{"@type":"PropertyValueSpecification","valueRequired":true,"valueName":"search_term_string"}}],"inLanguage":"es"},{"@type":"Organization","@id":"https:\/\/noti-america.com\/site\/peru\/#organization","name":"Noti-America LLC | Per\u00fa","url":"https:\/\/noti-america.com\/site\/peru\/","logo":{"@type":"ImageObject","inLanguage":"es","@id":"https:\/\/noti-america.com\/site\/peru\/#\/schema\/logo\/image\/","url":"https:\/\/noti-america.com\/site\/peru\/wp-content\/uploads\/sites\/8\/2020\/07\/LogoNA-4x3-1.jpg","contentUrl":"https:\/\/noti-america.com\/site\/peru\/wp-content\/uploads\/sites\/8\/2020\/07\/LogoNA-4x3-1.jpg","width":1236,"height":1080,"caption":"Noti-America LLC | Per\u00fa"},"image":{"@id":"https:\/\/noti-america.com\/site\/peru\/#\/schema\/logo\/image\/"}},{"@type":"Person","@id":"https:\/\/noti-america.com\/site\/peru\/#\/schema\/person\/28a35f20383bf2485bc838bfe76aebdc","name":"Geomar Pacheco R.","image":{"@type":"ImageObject","inLanguage":"es","@id":"https:\/\/secure.gravatar.com\/avatar\/5f09cb527f9632e92234c6fc6e2cbcefebeed6bdeb0f9129ea4cbc7aa71587c6?s=96&d=mm&r=g","url":"https:\/\/secure.gravatar.com\/avatar\/5f09cb527f9632e92234c6fc6e2cbcefebeed6bdeb0f9129ea4cbc7aa71587c6?s=96&d=mm&r=g","contentUrl":"https:\/\/secure.gravatar.com\/avatar\/5f09cb527f9632e92234c6fc6e2cbcefebeed6bdeb0f9129ea4cbc7aa71587c6?s=96&d=mm&r=g","caption":"Geomar Pacheco R."},"sameAs":["https:\/\/x.com\/GeomarPacheco1"],"url":"https:\/\/noti-america.com\/site\/peru\/author\/gpacheco\/"}]}},"_links":{"self":[{"href":"https:\/\/noti-america.com\/site\/peru\/wp-json\/wp\/v2\/posts\/8923","targetHints":{"allow":["GET"]}}],"collection":[{"href":"https:\/\/noti-america.com\/site\/peru\/wp-json\/wp\/v2\/posts"}],"about":[{"href":"https:\/\/noti-america.com\/site\/peru\/wp-json\/wp\/v2\/types\/post"}],"author":[{"embeddable":true,"href":"https:\/\/noti-america.com\/site\/peru\/wp-json\/wp\/v2\/users\/70"}],"replies":[{"embeddable":true,"href":"https:\/\/noti-america.com\/site\/peru\/wp-json\/wp\/v2\/comments?post=8923"}],"version-history":[{"count":1,"href":"https:\/\/noti-america.com\/site\/peru\/wp-json\/wp\/v2\/posts\/8923\/revisions"}],"predecessor-version":[{"id":8925,"href":"https:\/\/noti-america.com\/site\/peru\/wp-json\/wp\/v2\/posts\/8923\/revisions\/8925"}],"wp:featuredmedia":[{"embeddable":true,"href":"https:\/\/noti-america.com\/site\/peru\/wp-json\/wp\/v2\/media\/8924"}],"wp:attachment":[{"href":"https:\/\/noti-america.com\/site\/peru\/wp-json\/wp\/v2\/media?parent=8923"}],"wp:term":[{"taxonomy":"category","embeddable":true,"href":"https:\/\/noti-america.com\/site\/peru\/wp-json\/wp\/v2\/categories?post=8923"},{"taxonomy":"post_tag","embeddable":true,"href":"https:\/\/noti-america.com\/site\/peru\/wp-json\/wp\/v2\/tags?post=8923"}],"curies":[{"name":"wp","href":"https:\/\/api.w.org\/{rel}","templated":true}]}}