{"id":8874,"date":"2025-07-23T09:52:51","date_gmt":"2025-07-23T09:52:51","guid":{"rendered":"https:\/\/noti-america.com\/site\/peru\/?p=8874"},"modified":"2025-07-23T09:52:51","modified_gmt":"2025-07-23T09:52:51","slug":"designan-nueva-autoridad-en-atu","status":"publish","type":"post","link":"https:\/\/noti-america.com\/site\/peru\/2025\/07\/23\/designan-nueva-autoridad-en-atu\/","title":{"rendered":"DESIGNAN NUEVA AUTORIDAD EN ATU"},"content":{"rendered":"<p><strong><span style=\"font-family: Tahoma, Arial, Helvetica, sans-serif;font-size: 14pt\">NOTI-AM\u00c9RICA PER\u00da<\/span><\/strong><\/p>\n<p style=\"text-align: right\"><strong><span style=\"font-family: Tahoma, Arial, Helvetica, sans-serif;font-size: 14pt\">Por Geomar Pacheco Rivera<\/span><\/strong><\/p>\n<p style=\"text-align: justify\"><span style=\"font-family: Tahoma, Arial, Helvetica, sans-serif;font-size: 14pt\">El Poder Ejecutivo design\u00f3 a Jaime Francisco Romero Bonilla como miembro y presidente del Consejo Directivo de la Autoridad de Transporte Urbano para Lima y Callao (ATU), conforme a la propuesta del Ministerio de Transportes y Comunicaciones (MTC).<\/span><\/p>\n<p><img loading=\"lazy\" decoding=\"async\" class=\"alignnone size-full wp-image-8878\" src=\"https:\/\/noti-america.com\/site\/peru\/wp-content\/uploads\/sites\/8\/2025\/07\/IMG-20250722-WA0048.jpg\" alt=\"\" width=\"992\" height=\"558\" srcset=\"https:\/\/noti-america.com\/site\/peru\/wp-content\/uploads\/sites\/8\/2025\/07\/IMG-20250722-WA0048.jpg 992w, https:\/\/noti-america.com\/site\/peru\/wp-content\/uploads\/sites\/8\/2025\/07\/IMG-20250722-WA0048-300x169.jpg 300w, https:\/\/noti-america.com\/site\/peru\/wp-content\/uploads\/sites\/8\/2025\/07\/IMG-20250722-WA0048-768x432.jpg 768w\" sizes=\"auto, (max-width: 992px) 100vw, 992px\" \/><\/p>\n<p style=\"text-align: justify\"><span style=\"font-family: Tahoma, Arial, Helvetica, sans-serif;font-size: 14pt\">As\u00ed lo establece la Resoluci\u00f3n Suprema No 007-2025-MTC publicada en la edici\u00f3n extraordinaria de normas del diario oficial \u2018El Peruano\u2019.<\/span><\/p>\n<p style=\"text-align: justify\"><span style=\"font-family: Tahoma, Arial, Helvetica, sans-serif;font-size: 14pt\">Romero Bonilla es licenciado en Administraci\u00f3n de Empresas por la Universidad Nacional Mayor de San Marcos ha realizado estudios de postgrado y maestr\u00eda en Desarrollo Econ\u00f3mico, Social, Pol\u00edtico y Defensa Nacional en el Centro de Altos Estudios Nacionales (CAEN).<\/span><\/p>\n<p style=\"text-align: justify\"><span style=\"font-family: Tahoma, Arial, Helvetica, sans-serif;font-size: 14pt\">Su designaci\u00f3n se produce en un contexto de alta demanda ciudadana por mejorar la calidad, seguridad y eficiencia del transporte p\u00fablico en Lima y Callao, as\u00ed como la presentaci\u00f3n de proyectos de ley que proponen eliminar el organismo. El MTC, a trav\u00e9s de esta decisi\u00f3n, busca fortalecer el liderazgo institucional de la ATU y continuar con el proceso de consolidaci\u00f3n de un sistema de transporte moderno, sostenible y seguro.<\/span><\/p>\n<p style=\"text-align: justify\"><span style=\"font-family: Tahoma, Arial, Helvetica, sans-serif;font-size: 14pt\">Entre los principales retos que afrontar\u00e1 el nuevo titular de la entidad se encuentran la integraci\u00f3n de los distintos modos de transporte, la promoci\u00f3n de energ\u00edas limpias, la formalizaci\u00f3n del servicio, la ampliaci\u00f3n de infraestructuras y la articulaci\u00f3n de las pol\u00edticas p\u00fablicas en coordinaci\u00f3n con los gobiernos locales, el sector privado y la ciudadan\u00eda.<\/span><\/p>\n<p style=\"text-align: justify\"><span style=\"font-family: Tahoma, Arial, Helvetica, sans-serif;font-size: 14pt\">La norma est\u00e1 refrendada por la presidenta de la Rep\u00fablica, Dina Boluarte Zegarra, y el ministro de Transportes y Comunicaciones<\/span><span style=\"font-family: Tahoma, Arial, Helvetica, sans-serif;font-size: 14pt\">, C\u00e9sar Sandoval.<\/span><\/p>\n","protected":false},"excerpt":{"rendered":"<p>NOTI-AM\u00c9RICA PER\u00da Por Geomar Pacheco Rivera El Poder Ejecutivo design\u00f3 a Jaime Francisco Romero Bonilla como miembro y presidente del Consejo Directivo de la Autoridad de Transporte Urbano para Lima y Callao (ATU), conforme&#46;&#46;&#46;<\/p>\n","protected":false},"author":70,"featured_media":8878,"comment_status":"open","ping_status":"open","sticky":false,"template":"","format":"standard","meta":{"_acf_changed":false,"rop_custom_images_group":[],"rop_custom_messages_group":[],"rop_publish_now":"initial","rop_publish_now_accounts":{"twitter_242054905_242054905":""},"rop_publish_now_history":[],"rop_publish_now_status":"pending","footnotes":""},"categories":[268,5,117],"tags":[],"class_list":["post-8874","post","type-post","status-publish","format-standard","has-post-thumbnail","hentry","category-acturalidad","category-economia","category-es-noticia-en"],"acf":[],"yoast_head":"<!-- This site is optimized with the Yoast SEO Premium plugin v24.9 (Yoast SEO v27.2) - https:\/\/yoast.com\/product\/yoast-seo-premium-wordpress\/ -->\n<title>DESIGNAN NUEVA AUTORIDAD EN ATU - Per\u00fa | Noti-America.com<\/title>\n<meta name=\"robots\" content=\"index, follow, max-snippet:-1, max-image-preview:large, max-video-preview:-1\" \/>\n<link rel=\"canonical\" href=\"https:\/\/noti-america.com\/site\/peru\/2025\/07\/23\/designan-nueva-autoridad-en-atu\/\" \/>\n<meta property=\"og:locale\" content=\"es_ES\" \/>\n<meta property=\"og:type\" content=\"article\" \/>\n<meta property=\"og:title\" content=\"DESIGNAN NUEVA AUTORIDAD EN ATU\" \/>\n<meta property=\"og:description\" content=\"NOTI-AM\u00c9RICA PER\u00da Por Geomar Pacheco Rivera El Poder Ejecutivo design\u00f3 a Jaime Francisco Romero Bonilla como miembro y presidente del Consejo Directivo de la Autoridad de Transporte Urbano para Lima y Callao (ATU), conforme&#046;&#046;&#046;\" \/>\n<meta property=\"og:url\" content=\"https:\/\/noti-america.com\/site\/peru\/2025\/07\/23\/designan-nueva-autoridad-en-atu\/\" \/>\n<meta property=\"og:site_name\" content=\"Per\u00fa | Noti-America.com\" \/>\n<meta property=\"article:published_time\" content=\"2025-07-23T09:52:51+00:00\" \/>\n<meta property=\"og:image\" content=\"https:\/\/noti-america.com\/site\/peru\/wp-content\/uploads\/sites\/8\/2025\/07\/IMG-20250722-WA0048.jpg\" \/>\n\t<meta property=\"og:image:width\" content=\"992\" \/>\n\t<meta property=\"og:image:height\" content=\"558\" \/>\n\t<meta property=\"og:image:type\" content=\"image\/jpeg\" \/>\n<meta name=\"author\" content=\"Geomar Pacheco R.\" \/>\n<meta name=\"twitter:card\" content=\"summary_large_image\" \/>\n<meta name=\"twitter:creator\" content=\"@GeomarPacheco1\" \/>\n<meta name=\"twitter:label1\" content=\"Escrito por\" \/>\n\t<meta name=\"twitter:data1\" content=\"Geomar Pacheco R.\" \/>\n\t<meta name=\"twitter:label2\" content=\"Tiempo estimado de lectura\" \/>\n\t<meta name=\"twitter:data2\" content=\"2 minutos\" \/>\n<script type=\"application\/ld+json\" class=\"yoast-schema-graph\">{\"@context\":\"https:\/\/schema.org\",\"@graph\":[{\"@type\":\"Article\",\"@id\":\"https:\/\/noti-america.com\/site\/peru\/2025\/07\/23\/designan-nueva-autoridad-en-atu\/#article\",\"isPartOf\":{\"@id\":\"https:\/\/noti-america.com\/site\/peru\/2025\/07\/23\/designan-nueva-autoridad-en-atu\/\"},\"author\":{\"name\":\"Geomar Pacheco R.\",\"@id\":\"https:\/\/noti-america.com\/site\/peru\/#\/schema\/person\/28a35f20383bf2485bc838bfe76aebdc\"},\"headline\":\"DESIGNAN NUEVA AUTORIDAD EN ATU\",\"datePublished\":\"2025-07-23T09:52:51+00:00\",\"mainEntityOfPage\":{\"@id\":\"https:\/\/noti-america.com\/site\/peru\/2025\/07\/23\/designan-nueva-autoridad-en-atu\/\"},\"wordCount\":279,\"commentCount\":0,\"publisher\":{\"@id\":\"https:\/\/noti-america.com\/site\/peru\/#organization\"},\"image\":{\"@id\":\"https:\/\/noti-america.com\/site\/peru\/2025\/07\/23\/designan-nueva-autoridad-en-atu\/#primaryimage\"},\"thumbnailUrl\":\"https:\/\/noti-america.com\/site\/peru\/wp-content\/uploads\/sites\/8\/2025\/07\/IMG-20250722-WA0048.jpg\",\"articleSection\":[\"Actualidad\",\"Econom\u00eda\",\"Es Noticia en\"],\"inLanguage\":\"es\",\"potentialAction\":[{\"@type\":\"CommentAction\",\"name\":\"Comment\",\"target\":[\"https:\/\/noti-america.com\/site\/peru\/2025\/07\/23\/designan-nueva-autoridad-en-atu\/#respond\"]}]},{\"@type\":\"WebPage\",\"@id\":\"https:\/\/noti-america.com\/site\/peru\/2025\/07\/23\/designan-nueva-autoridad-en-atu\/\",\"url\":\"https:\/\/noti-america.com\/site\/peru\/2025\/07\/23\/designan-nueva-autoridad-en-atu\/\",\"name\":\"DESIGNAN NUEVA AUTORIDAD EN ATU - Per\u00fa | Noti-America.com\",\"isPartOf\":{\"@id\":\"https:\/\/noti-america.com\/site\/peru\/#website\"},\"primaryImageOfPage\":{\"@id\":\"https:\/\/noti-america.com\/site\/peru\/2025\/07\/23\/designan-nueva-autoridad-en-atu\/#primaryimage\"},\"image\":{\"@id\":\"https:\/\/noti-america.com\/site\/peru\/2025\/07\/23\/designan-nueva-autoridad-en-atu\/#primaryimage\"},\"thumbnailUrl\":\"https:\/\/noti-america.com\/site\/peru\/wp-content\/uploads\/sites\/8\/2025\/07\/IMG-20250722-WA0048.jpg\",\"datePublished\":\"2025-07-23T09:52:51+00:00\",\"breadcrumb\":{\"@id\":\"https:\/\/noti-america.com\/site\/peru\/2025\/07\/23\/designan-nueva-autoridad-en-atu\/#breadcrumb\"},\"inLanguage\":\"es\",\"potentialAction\":[{\"@type\":\"ReadAction\",\"target\":[\"https:\/\/noti-america.com\/site\/peru\/2025\/07\/23\/designan-nueva-autoridad-en-atu\/\"]}]},{\"@type\":\"ImageObject\",\"inLanguage\":\"es\",\"@id\":\"https:\/\/noti-america.com\/site\/peru\/2025\/07\/23\/designan-nueva-autoridad-en-atu\/#primaryimage\",\"url\":\"https:\/\/noti-america.com\/site\/peru\/wp-content\/uploads\/sites\/8\/2025\/07\/IMG-20250722-WA0048.jpg\",\"contentUrl\":\"https:\/\/noti-america.com\/site\/peru\/wp-content\/uploads\/sites\/8\/2025\/07\/IMG-20250722-WA0048.jpg\",\"width\":992,\"height\":558},{\"@type\":\"BreadcrumbList\",\"@id\":\"https:\/\/noti-america.com\/site\/peru\/2025\/07\/23\/designan-nueva-autoridad-en-atu\/#breadcrumb\",\"itemListElement\":[{\"@type\":\"ListItem\",\"position\":1,\"name\":\"Portada\",\"item\":\"https:\/\/noti-america.com\/site\/peru\/\"},{\"@type\":\"ListItem\",\"position\":2,\"name\":\"DESIGNAN NUEVA AUTORIDAD EN ATU\"}]},{\"@type\":\"WebSite\",\"@id\":\"https:\/\/noti-america.com\/site\/peru\/#website\",\"url\":\"https:\/\/noti-america.com\/site\/peru\/\",\"name\":\"Per\u00fa | Noti-America.com\",\"description\":\"\",\"publisher\":{\"@id\":\"https:\/\/noti-america.com\/site\/peru\/#organization\"},\"potentialAction\":[{\"@type\":\"SearchAction\",\"target\":{\"@type\":\"EntryPoint\",\"urlTemplate\":\"https:\/\/noti-america.com\/site\/peru\/?s={search_term_string}\"},\"query-input\":{\"@type\":\"PropertyValueSpecification\",\"valueRequired\":true,\"valueName\":\"search_term_string\"}}],\"inLanguage\":\"es\"},{\"@type\":\"Organization\",\"@id\":\"https:\/\/noti-america.com\/site\/peru\/#organization\",\"name\":\"Noti-America LLC | Per\u00fa\",\"url\":\"https:\/\/noti-america.com\/site\/peru\/\",\"logo\":{\"@type\":\"ImageObject\",\"inLanguage\":\"es\",\"@id\":\"https:\/\/noti-america.com\/site\/peru\/#\/schema\/logo\/image\/\",\"url\":\"https:\/\/noti-america.com\/site\/peru\/wp-content\/uploads\/sites\/8\/2020\/07\/LogoNA-4x3-1.jpg\",\"contentUrl\":\"https:\/\/noti-america.com\/site\/peru\/wp-content\/uploads\/sites\/8\/2020\/07\/LogoNA-4x3-1.jpg\",\"width\":1236,\"height\":1080,\"caption\":\"Noti-America LLC | Per\u00fa\"},\"image\":{\"@id\":\"https:\/\/noti-america.com\/site\/peru\/#\/schema\/logo\/image\/\"}},{\"@type\":\"Person\",\"@id\":\"https:\/\/noti-america.com\/site\/peru\/#\/schema\/person\/28a35f20383bf2485bc838bfe76aebdc\",\"name\":\"Geomar Pacheco R.\",\"image\":{\"@type\":\"ImageObject\",\"inLanguage\":\"es\",\"@id\":\"https:\/\/secure.gravatar.com\/avatar\/5f09cb527f9632e92234c6fc6e2cbcefebeed6bdeb0f9129ea4cbc7aa71587c6?s=96&d=mm&r=g\",\"url\":\"https:\/\/secure.gravatar.com\/avatar\/5f09cb527f9632e92234c6fc6e2cbcefebeed6bdeb0f9129ea4cbc7aa71587c6?s=96&d=mm&r=g\",\"contentUrl\":\"https:\/\/secure.gravatar.com\/avatar\/5f09cb527f9632e92234c6fc6e2cbcefebeed6bdeb0f9129ea4cbc7aa71587c6?s=96&d=mm&r=g\",\"caption\":\"Geomar Pacheco R.\"},\"sameAs\":[\"https:\/\/x.com\/GeomarPacheco1\"],\"url\":\"https:\/\/noti-america.com\/site\/peru\/author\/gpacheco\/\"}]}<\/script>\n<!-- \/ Yoast SEO Premium plugin. -->","yoast_head_json":{"title":"DESIGNAN NUEVA AUTORIDAD EN ATU - Per\u00fa | Noti-America.com","robots":{"index":"index","follow":"follow","max-snippet":"max-snippet:-1","max-image-preview":"max-image-preview:large","max-video-preview":"max-video-preview:-1"},"canonical":"https:\/\/noti-america.com\/site\/peru\/2025\/07\/23\/designan-nueva-autoridad-en-atu\/","og_locale":"es_ES","og_type":"article","og_title":"DESIGNAN NUEVA AUTORIDAD EN ATU","og_description":"NOTI-AM\u00c9RICA PER\u00da Por Geomar Pacheco Rivera El Poder Ejecutivo design\u00f3 a Jaime Francisco Romero Bonilla como miembro y presidente del Consejo Directivo de la Autoridad de Transporte Urbano para Lima y Callao (ATU), conforme&#46;&#46;&#46;","og_url":"https:\/\/noti-america.com\/site\/peru\/2025\/07\/23\/designan-nueva-autoridad-en-atu\/","og_site_name":"Per\u00fa | Noti-America.com","article_published_time":"2025-07-23T09:52:51+00:00","og_image":[{"width":992,"height":558,"url":"https:\/\/noti-america.com\/site\/peru\/wp-content\/uploads\/sites\/8\/2025\/07\/IMG-20250722-WA0048.jpg","type":"image\/jpeg"}],"author":"Geomar Pacheco R.","twitter_card":"summary_large_image","twitter_creator":"@GeomarPacheco1","twitter_misc":{"Escrito por":"Geomar Pacheco R.","Tiempo estimado de lectura":"2 minutos"},"schema":{"@context":"https:\/\/schema.org","@graph":[{"@type":"Article","@id":"https:\/\/noti-america.com\/site\/peru\/2025\/07\/23\/designan-nueva-autoridad-en-atu\/#article","isPartOf":{"@id":"https:\/\/noti-america.com\/site\/peru\/2025\/07\/23\/designan-nueva-autoridad-en-atu\/"},"author":{"name":"Geomar Pacheco R.","@id":"https:\/\/noti-america.com\/site\/peru\/#\/schema\/person\/28a35f20383bf2485bc838bfe76aebdc"},"headline":"DESIGNAN NUEVA AUTORIDAD EN ATU","datePublished":"2025-07-23T09:52:51+00:00","mainEntityOfPage":{"@id":"https:\/\/noti-america.com\/site\/peru\/2025\/07\/23\/designan-nueva-autoridad-en-atu\/"},"wordCount":279,"commentCount":0,"publisher":{"@id":"https:\/\/noti-america.com\/site\/peru\/#organization"},"image":{"@id":"https:\/\/noti-america.com\/site\/peru\/2025\/07\/23\/designan-nueva-autoridad-en-atu\/#primaryimage"},"thumbnailUrl":"https:\/\/noti-america.com\/site\/peru\/wp-content\/uploads\/sites\/8\/2025\/07\/IMG-20250722-WA0048.jpg","articleSection":["Actualidad","Econom\u00eda","Es Noticia en"],"inLanguage":"es","potentialAction":[{"@type":"CommentAction","name":"Comment","target":["https:\/\/noti-america.com\/site\/peru\/2025\/07\/23\/designan-nueva-autoridad-en-atu\/#respond"]}]},{"@type":"WebPage","@id":"https:\/\/noti-america.com\/site\/peru\/2025\/07\/23\/designan-nueva-autoridad-en-atu\/","url":"https:\/\/noti-america.com\/site\/peru\/2025\/07\/23\/designan-nueva-autoridad-en-atu\/","name":"DESIGNAN NUEVA AUTORIDAD EN ATU - Per\u00fa | Noti-America.com","isPartOf":{"@id":"https:\/\/noti-america.com\/site\/peru\/#website"},"primaryImageOfPage":{"@id":"https:\/\/noti-america.com\/site\/peru\/2025\/07\/23\/designan-nueva-autoridad-en-atu\/#primaryimage"},"image":{"@id":"https:\/\/noti-america.com\/site\/peru\/2025\/07\/23\/designan-nueva-autoridad-en-atu\/#primaryimage"},"thumbnailUrl":"https:\/\/noti-america.com\/site\/peru\/wp-content\/uploads\/sites\/8\/2025\/07\/IMG-20250722-WA0048.jpg","datePublished":"2025-07-23T09:52:51+00:00","breadcrumb":{"@id":"https:\/\/noti-america.com\/site\/peru\/2025\/07\/23\/designan-nueva-autoridad-en-atu\/#breadcrumb"},"inLanguage":"es","potentialAction":[{"@type":"ReadAction","target":["https:\/\/noti-america.com\/site\/peru\/2025\/07\/23\/designan-nueva-autoridad-en-atu\/"]}]},{"@type":"ImageObject","inLanguage":"es","@id":"https:\/\/noti-america.com\/site\/peru\/2025\/07\/23\/designan-nueva-autoridad-en-atu\/#primaryimage","url":"https:\/\/noti-america.com\/site\/peru\/wp-content\/uploads\/sites\/8\/2025\/07\/IMG-20250722-WA0048.jpg","contentUrl":"https:\/\/noti-america.com\/site\/peru\/wp-content\/uploads\/sites\/8\/2025\/07\/IMG-20250722-WA0048.jpg","width":992,"height":558},{"@type":"BreadcrumbList","@id":"https:\/\/noti-america.com\/site\/peru\/2025\/07\/23\/designan-nueva-autoridad-en-atu\/#breadcrumb","itemListElement":[{"@type":"ListItem","position":1,"name":"Portada","item":"https:\/\/noti-america.com\/site\/peru\/"},{"@type":"ListItem","position":2,"name":"DESIGNAN NUEVA AUTORIDAD EN ATU"}]},{"@type":"WebSite","@id":"https:\/\/noti-america.com\/site\/peru\/#website","url":"https:\/\/noti-america.com\/site\/peru\/","name":"Per\u00fa | Noti-America.com","description":"","publisher":{"@id":"https:\/\/noti-america.com\/site\/peru\/#organization"},"potentialAction":[{"@type":"SearchAction","target":{"@type":"EntryPoint","urlTemplate":"https:\/\/noti-america.com\/site\/peru\/?s={search_term_string}"},"query-input":{"@type":"PropertyValueSpecification","valueRequired":true,"valueName":"search_term_string"}}],"inLanguage":"es"},{"@type":"Organization","@id":"https:\/\/noti-america.com\/site\/peru\/#organization","name":"Noti-America LLC | Per\u00fa","url":"https:\/\/noti-america.com\/site\/peru\/","logo":{"@type":"ImageObject","inLanguage":"es","@id":"https:\/\/noti-america.com\/site\/peru\/#\/schema\/logo\/image\/","url":"https:\/\/noti-america.com\/site\/peru\/wp-content\/uploads\/sites\/8\/2020\/07\/LogoNA-4x3-1.jpg","contentUrl":"https:\/\/noti-america.com\/site\/peru\/wp-content\/uploads\/sites\/8\/2020\/07\/LogoNA-4x3-1.jpg","width":1236,"height":1080,"caption":"Noti-America LLC | Per\u00fa"},"image":{"@id":"https:\/\/noti-america.com\/site\/peru\/#\/schema\/logo\/image\/"}},{"@type":"Person","@id":"https:\/\/noti-america.com\/site\/peru\/#\/schema\/person\/28a35f20383bf2485bc838bfe76aebdc","name":"Geomar Pacheco R.","image":{"@type":"ImageObject","inLanguage":"es","@id":"https:\/\/secure.gravatar.com\/avatar\/5f09cb527f9632e92234c6fc6e2cbcefebeed6bdeb0f9129ea4cbc7aa71587c6?s=96&d=mm&r=g","url":"https:\/\/secure.gravatar.com\/avatar\/5f09cb527f9632e92234c6fc6e2cbcefebeed6bdeb0f9129ea4cbc7aa71587c6?s=96&d=mm&r=g","contentUrl":"https:\/\/secure.gravatar.com\/avatar\/5f09cb527f9632e92234c6fc6e2cbcefebeed6bdeb0f9129ea4cbc7aa71587c6?s=96&d=mm&r=g","caption":"Geomar Pacheco R."},"sameAs":["https:\/\/x.com\/GeomarPacheco1"],"url":"https:\/\/noti-america.com\/site\/peru\/author\/gpacheco\/"}]}},"_links":{"self":[{"href":"https:\/\/noti-america.com\/site\/peru\/wp-json\/wp\/v2\/posts\/8874","targetHints":{"allow":["GET"]}}],"collection":[{"href":"https:\/\/noti-america.com\/site\/peru\/wp-json\/wp\/v2\/posts"}],"about":[{"href":"https:\/\/noti-america.com\/site\/peru\/wp-json\/wp\/v2\/types\/post"}],"author":[{"embeddable":true,"href":"https:\/\/noti-america.com\/site\/peru\/wp-json\/wp\/v2\/users\/70"}],"replies":[{"embeddable":true,"href":"https:\/\/noti-america.com\/site\/peru\/wp-json\/wp\/v2\/comments?post=8874"}],"version-history":[{"count":1,"href":"https:\/\/noti-america.com\/site\/peru\/wp-json\/wp\/v2\/posts\/8874\/revisions"}],"predecessor-version":[{"id":8879,"href":"https:\/\/noti-america.com\/site\/peru\/wp-json\/wp\/v2\/posts\/8874\/revisions\/8879"}],"wp:featuredmedia":[{"embeddable":true,"href":"https:\/\/noti-america.com\/site\/peru\/wp-json\/wp\/v2\/media\/8878"}],"wp:attachment":[{"href":"https:\/\/noti-america.com\/site\/peru\/wp-json\/wp\/v2\/media?parent=8874"}],"wp:term":[{"taxonomy":"category","embeddable":true,"href":"https:\/\/noti-america.com\/site\/peru\/wp-json\/wp\/v2\/categories?post=8874"},{"taxonomy":"post_tag","embeddable":true,"href":"https:\/\/noti-america.com\/site\/peru\/wp-json\/wp\/v2\/tags?post=8874"}],"curies":[{"name":"wp","href":"https:\/\/api.w.org\/{rel}","templated":true}]}}