{"id":8665,"date":"2025-05-31T05:45:14","date_gmt":"2025-05-31T05:45:14","guid":{"rendered":"https:\/\/noti-america.com\/site\/peru\/?p=8665"},"modified":"2025-05-31T23:03:19","modified_gmt":"2025-05-31T23:03:19","slug":"voley-peruano-crecio-con-lucha-fuentes","status":"publish","type":"post","link":"https:\/\/noti-america.com\/site\/peru\/2025\/05\/31\/voley-peruano-crecio-con-lucha-fuentes\/","title":{"rendered":"VOLEY PERUANO CRECI\u00d3 CON LUCHA FUENTES"},"content":{"rendered":"<p style=\"text-align: justify\"><strong><span style=\"font-family: Tahoma, Arial, Helvetica, sans-serif;font-size: 14pt\">NOTI-AM\u00c9RICA PER\u00da<\/span><\/strong><\/p>\n<p>&nbsp;<\/p>\n<p style=\"text-align: right\">Por Samuel Castillo Mendoza<\/p>\n<p>&nbsp;<\/p>\n<p style=\"text-align: justify\"><span style=\"font-family: Tahoma, Arial, Helvetica, sans-serif;font-size: 14pt\">El gran salto a nivel internacional que consigue el deporte de los \u00abmates\u00bb peruano es con Lucha Fuentes.<\/span><br \/>\n<span style=\"font-family: Tahoma, Arial, Helvetica, sans-serif;font-size: 14pt\">Su descubridor fue el t\u00e9cnico japon\u00e9s Akira Kato. Ten\u00eda como misi\u00f3n principal conformar un nuevo seleccionado nacional, por encargo de la FPV.<\/span><\/p>\n<p style=\"text-align: justify\"><span style=\"font-family: Tahoma, Arial, Helvetica, sans-serif;font-size: 14pt\">En su recorrido por el pa\u00eds, lleg\u00f3 a Ica. Vi\u00f3 condiciones en la joven \u00abmatadora\u00bb. Al igual que Lucha, tambi\u00e9n seleccion\u00f3 otras del interior del pa\u00eds que conformar\u00edan el nuevo preseleccionado peruano.<\/span><\/p>\n<p style=\"text-align: justify\"><span style=\"font-family: Tahoma, Arial, Helvetica, sans-serif;font-size: 14pt\">Desde entonces a partir de 1967 empieza el ascenso internacional de nuestro deporte de la neta alta, con Lucha entre sus principales, con sus potentes mates.<\/span><\/p>\n<p style=\"text-align: justify\"><span style=\"font-family: Tahoma, Arial, Helvetica, sans-serif;font-size: 14pt\">Brasil y Argentina se repart\u00edan los primeros puestos. El buen y exigente trabajo de Akira empieza a dar resultados.<\/span><\/p>\n<p style=\"text-align: justify\"><span style=\"font-family: Tahoma, Arial, Helvetica, sans-serif;font-size: 14pt\">Se empieza a superar a las argentinas. La consagraci\u00f3n llega con el primer t\u00edtulo sudamericano sobre el poderoso sexteto brasile\u00f1o en el torneo de Santos (1967).<\/span><\/p>\n<div id=\"attachment_8666\" style=\"width: 710px\" class=\"wp-caption aligncenter\"><img loading=\"lazy\" decoding=\"async\" aria-describedby=\"caption-attachment-8666\" class=\"wp-image-8666 size-full\" src=\"https:\/\/noti-america.com\/site\/peru\/wp-content\/uploads\/sites\/8\/2025\/05\/WhatsApp-Image-2025-05-30-at-10.12.39-PM.jpeg\" alt=\"\" width=\"700\" height=\"730\" srcset=\"https:\/\/noti-america.com\/site\/peru\/wp-content\/uploads\/sites\/8\/2025\/05\/WhatsApp-Image-2025-05-30-at-10.12.39-PM.jpeg 700w, https:\/\/noti-america.com\/site\/peru\/wp-content\/uploads\/sites\/8\/2025\/05\/WhatsApp-Image-2025-05-30-at-10.12.39-PM-288x300.jpeg 288w\" sizes=\"auto, (max-width: 700px) 100vw, 700px\" \/><p id=\"caption-attachment-8666\" class=\"wp-caption-text\">Foto: Andina\/ DIfusi\u00f3n<\/p><\/div>\n<p style=\"text-align: justify\">\n<p style=\"text-align: justify\"><span style=\"font-family: Tahoma, Arial, Helvetica, sans-serif;font-size: 14pt\">LOS T\u00cdTULOS DE LUCHA<\/span><\/p>\n<p style=\"text-align: justify\"><span style=\"font-family: Tahoma, Arial, Helvetica, sans-serif;font-size: 14pt\">Sudamericano (Santos 1967)<\/span><br \/>\n<span style=\"font-family: Tahoma, Arial, Helvetica, sans-serif;font-size: 14pt\">Subcampeonato Panamericano (1967)<\/span><br \/>\n<span style=\"font-family: Tahoma, Arial, Helvetica, sans-serif;font-size: 14pt\">Mundial Jap\u00f3n (4to. puesto, 1967)<\/span><br \/>\n<span style=\"font-family: Tahoma, Arial, Helvetica, sans-serif;font-size: 14pt\">Olimpiada M\u00e9xico (4to. puesto, 1968)<\/span><br \/>\n<span style=\"font-family: Tahoma, Arial, Helvetica, sans-serif;font-size: 14pt\">Sudamericano (Santa F\u00e9 Argentina, 1979).<\/span><\/p>\n<p style=\"text-align: justify\">\n<p style=\"text-align: justify\"><span style=\"font-family: Tahoma, Arial, Helvetica, sans-serif;font-size: 14pt\">CALIDAD Y HUMILDAD<\/span><\/p>\n<p style=\"text-align: justify\"><span style=\"font-family: Tahoma, Arial, Helvetica, sans-serif;font-size: 14pt\">A su excelente nivel t\u00e9cnico Luisa Estela Fuentes Quijandria, caracteriz\u00f3, humildad, pundonor y nobleza.<\/span><\/p>\n<p style=\"text-align: justify\"><span style=\"font-family: Tahoma, Arial, Helvetica, sans-serif;font-size: 14pt\">Nuestra gran deportista ique\u00f1a falleci\u00f3 a los 76 a\u00f1os. Despu\u00e9s de su retiro del voley se dedic\u00f3 a la ense\u00f1anza de su querido deporte en centros educativos y en su academia.<\/span><\/p>\n<p style=\"text-align: center\"><span style=\"font-family: Tahoma, Arial, Helvetica, sans-serif;font-size: 14pt\">GRAN EJEMPLO DEPORTIVO.<\/span><\/p>\n","protected":false},"excerpt":{"rendered":"<p>NOTI-AM\u00c9RICA PER\u00da &nbsp; Por Samuel Castillo Mendoza &nbsp; El gran salto a nivel internacional que consigue el deporte de los \u00abmates\u00bb peruano es con Lucha Fuentes. Su descubridor fue el t\u00e9cnico japon\u00e9s Akira Kato.&#46;&#46;&#46;<\/p>\n","protected":false},"author":70,"featured_media":8666,"comment_status":"open","ping_status":"open","sticky":false,"template":"","format":"standard","meta":{"_acf_changed":false,"rop_custom_images_group":[],"rop_custom_messages_group":[],"rop_publish_now":"initial","rop_publish_now_accounts":{"twitter_242054905_242054905":""},"rop_publish_now_history":[],"rop_publish_now_status":"pending","footnotes":""},"categories":[268,16],"tags":[],"class_list":["post-8665","post","type-post","status-publish","format-standard","has-post-thumbnail","hentry","category-acturalidad","category-deportes"],"acf":[],"yoast_head":"<!-- This site is optimized with the Yoast SEO Premium plugin v24.9 (Yoast SEO v27.2) - https:\/\/yoast.com\/product\/yoast-seo-premium-wordpress\/ -->\n<title>VOLEY PERUANO CRECI\u00d3 CON LUCHA FUENTES - Per\u00fa | Noti-America.com<\/title>\n<meta name=\"robots\" content=\"index, follow, max-snippet:-1, max-image-preview:large, max-video-preview:-1\" \/>\n<link rel=\"canonical\" href=\"https:\/\/noti-america.com\/site\/peru\/2025\/05\/31\/voley-peruano-crecio-con-lucha-fuentes\/\" \/>\n<meta property=\"og:locale\" content=\"es_ES\" \/>\n<meta property=\"og:type\" content=\"article\" \/>\n<meta property=\"og:title\" content=\"VOLEY PERUANO CRECI\u00d3 CON LUCHA FUENTES\" \/>\n<meta property=\"og:description\" content=\"NOTI-AM\u00c9RICA PER\u00da &nbsp; Por Samuel Castillo Mendoza &nbsp; El gran salto a nivel internacional que consigue el deporte de los \u00abmates\u00bb peruano es con Lucha Fuentes. Su descubridor fue el t\u00e9cnico japon\u00e9s Akira Kato.&#046;&#046;&#046;\" \/>\n<meta property=\"og:url\" content=\"https:\/\/noti-america.com\/site\/peru\/2025\/05\/31\/voley-peruano-crecio-con-lucha-fuentes\/\" \/>\n<meta property=\"og:site_name\" content=\"Per\u00fa | Noti-America.com\" \/>\n<meta property=\"article:published_time\" content=\"2025-05-31T05:45:14+00:00\" \/>\n<meta property=\"article:modified_time\" content=\"2025-05-31T23:03:19+00:00\" \/>\n<meta property=\"og:image\" content=\"https:\/\/noti-america.com\/site\/peru\/wp-content\/uploads\/sites\/8\/2025\/05\/WhatsApp-Image-2025-05-30-at-10.12.39-PM.jpeg\" \/>\n\t<meta property=\"og:image:width\" content=\"700\" \/>\n\t<meta property=\"og:image:height\" content=\"730\" \/>\n\t<meta property=\"og:image:type\" content=\"image\/jpeg\" \/>\n<meta name=\"author\" content=\"Geomar Pacheco R.\" \/>\n<meta name=\"twitter:card\" content=\"summary_large_image\" \/>\n<meta name=\"twitter:creator\" content=\"@GeomarPacheco1\" \/>\n<meta name=\"twitter:label1\" content=\"Escrito por\" \/>\n\t<meta name=\"twitter:data1\" content=\"Geomar Pacheco R.\" \/>\n\t<meta name=\"twitter:label2\" content=\"Tiempo estimado de lectura\" \/>\n\t<meta name=\"twitter:data2\" content=\"2 minutos\" \/>\n<script type=\"application\/ld+json\" class=\"yoast-schema-graph\">{\"@context\":\"https:\/\/schema.org\",\"@graph\":[{\"@type\":\"Article\",\"@id\":\"https:\/\/noti-america.com\/site\/peru\/2025\/05\/31\/voley-peruano-crecio-con-lucha-fuentes\/#article\",\"isPartOf\":{\"@id\":\"https:\/\/noti-america.com\/site\/peru\/2025\/05\/31\/voley-peruano-crecio-con-lucha-fuentes\/\"},\"author\":{\"name\":\"Geomar Pacheco R.\",\"@id\":\"https:\/\/noti-america.com\/site\/peru\/#\/schema\/person\/28a35f20383bf2485bc838bfe76aebdc\"},\"headline\":\"VOLEY PERUANO CRECI\u00d3 CON LUCHA FUENTES\",\"datePublished\":\"2025-05-31T05:45:14+00:00\",\"dateModified\":\"2025-05-31T23:03:19+00:00\",\"mainEntityOfPage\":{\"@id\":\"https:\/\/noti-america.com\/site\/peru\/2025\/05\/31\/voley-peruano-crecio-con-lucha-fuentes\/\"},\"wordCount\":257,\"commentCount\":0,\"publisher\":{\"@id\":\"https:\/\/noti-america.com\/site\/peru\/#organization\"},\"image\":{\"@id\":\"https:\/\/noti-america.com\/site\/peru\/2025\/05\/31\/voley-peruano-crecio-con-lucha-fuentes\/#primaryimage\"},\"thumbnailUrl\":\"https:\/\/noti-america.com\/site\/peru\/wp-content\/uploads\/sites\/8\/2025\/05\/WhatsApp-Image-2025-05-30-at-10.12.39-PM.jpeg\",\"articleSection\":[\"Actualidad\",\"Deportes\"],\"inLanguage\":\"es\",\"potentialAction\":[{\"@type\":\"CommentAction\",\"name\":\"Comment\",\"target\":[\"https:\/\/noti-america.com\/site\/peru\/2025\/05\/31\/voley-peruano-crecio-con-lucha-fuentes\/#respond\"]}]},{\"@type\":\"WebPage\",\"@id\":\"https:\/\/noti-america.com\/site\/peru\/2025\/05\/31\/voley-peruano-crecio-con-lucha-fuentes\/\",\"url\":\"https:\/\/noti-america.com\/site\/peru\/2025\/05\/31\/voley-peruano-crecio-con-lucha-fuentes\/\",\"name\":\"VOLEY PERUANO CRECI\u00d3 CON LUCHA FUENTES - Per\u00fa | Noti-America.com\",\"isPartOf\":{\"@id\":\"https:\/\/noti-america.com\/site\/peru\/#website\"},\"primaryImageOfPage\":{\"@id\":\"https:\/\/noti-america.com\/site\/peru\/2025\/05\/31\/voley-peruano-crecio-con-lucha-fuentes\/#primaryimage\"},\"image\":{\"@id\":\"https:\/\/noti-america.com\/site\/peru\/2025\/05\/31\/voley-peruano-crecio-con-lucha-fuentes\/#primaryimage\"},\"thumbnailUrl\":\"https:\/\/noti-america.com\/site\/peru\/wp-content\/uploads\/sites\/8\/2025\/05\/WhatsApp-Image-2025-05-30-at-10.12.39-PM.jpeg\",\"datePublished\":\"2025-05-31T05:45:14+00:00\",\"dateModified\":\"2025-05-31T23:03:19+00:00\",\"breadcrumb\":{\"@id\":\"https:\/\/noti-america.com\/site\/peru\/2025\/05\/31\/voley-peruano-crecio-con-lucha-fuentes\/#breadcrumb\"},\"inLanguage\":\"es\",\"potentialAction\":[{\"@type\":\"ReadAction\",\"target\":[\"https:\/\/noti-america.com\/site\/peru\/2025\/05\/31\/voley-peruano-crecio-con-lucha-fuentes\/\"]}]},{\"@type\":\"ImageObject\",\"inLanguage\":\"es\",\"@id\":\"https:\/\/noti-america.com\/site\/peru\/2025\/05\/31\/voley-peruano-crecio-con-lucha-fuentes\/#primaryimage\",\"url\":\"https:\/\/noti-america.com\/site\/peru\/wp-content\/uploads\/sites\/8\/2025\/05\/WhatsApp-Image-2025-05-30-at-10.12.39-PM.jpeg\",\"contentUrl\":\"https:\/\/noti-america.com\/site\/peru\/wp-content\/uploads\/sites\/8\/2025\/05\/WhatsApp-Image-2025-05-30-at-10.12.39-PM.jpeg\",\"width\":700,\"height\":730},{\"@type\":\"BreadcrumbList\",\"@id\":\"https:\/\/noti-america.com\/site\/peru\/2025\/05\/31\/voley-peruano-crecio-con-lucha-fuentes\/#breadcrumb\",\"itemListElement\":[{\"@type\":\"ListItem\",\"position\":1,\"name\":\"Portada\",\"item\":\"https:\/\/noti-america.com\/site\/peru\/\"},{\"@type\":\"ListItem\",\"position\":2,\"name\":\"VOLEY PERUANO CRECI\u00d3 CON LUCHA FUENTES\"}]},{\"@type\":\"WebSite\",\"@id\":\"https:\/\/noti-america.com\/site\/peru\/#website\",\"url\":\"https:\/\/noti-america.com\/site\/peru\/\",\"name\":\"Per\u00fa | Noti-America.com\",\"description\":\"\",\"publisher\":{\"@id\":\"https:\/\/noti-america.com\/site\/peru\/#organization\"},\"potentialAction\":[{\"@type\":\"SearchAction\",\"target\":{\"@type\":\"EntryPoint\",\"urlTemplate\":\"https:\/\/noti-america.com\/site\/peru\/?s={search_term_string}\"},\"query-input\":{\"@type\":\"PropertyValueSpecification\",\"valueRequired\":true,\"valueName\":\"search_term_string\"}}],\"inLanguage\":\"es\"},{\"@type\":\"Organization\",\"@id\":\"https:\/\/noti-america.com\/site\/peru\/#organization\",\"name\":\"Noti-America LLC | Per\u00fa\",\"url\":\"https:\/\/noti-america.com\/site\/peru\/\",\"logo\":{\"@type\":\"ImageObject\",\"inLanguage\":\"es\",\"@id\":\"https:\/\/noti-america.com\/site\/peru\/#\/schema\/logo\/image\/\",\"url\":\"https:\/\/noti-america.com\/site\/peru\/wp-content\/uploads\/sites\/8\/2020\/07\/LogoNA-4x3-1.jpg\",\"contentUrl\":\"https:\/\/noti-america.com\/site\/peru\/wp-content\/uploads\/sites\/8\/2020\/07\/LogoNA-4x3-1.jpg\",\"width\":1236,\"height\":1080,\"caption\":\"Noti-America LLC | Per\u00fa\"},\"image\":{\"@id\":\"https:\/\/noti-america.com\/site\/peru\/#\/schema\/logo\/image\/\"}},{\"@type\":\"Person\",\"@id\":\"https:\/\/noti-america.com\/site\/peru\/#\/schema\/person\/28a35f20383bf2485bc838bfe76aebdc\",\"name\":\"Geomar Pacheco R.\",\"image\":{\"@type\":\"ImageObject\",\"inLanguage\":\"es\",\"@id\":\"https:\/\/secure.gravatar.com\/avatar\/5f09cb527f9632e92234c6fc6e2cbcefebeed6bdeb0f9129ea4cbc7aa71587c6?s=96&d=mm&r=g\",\"url\":\"https:\/\/secure.gravatar.com\/avatar\/5f09cb527f9632e92234c6fc6e2cbcefebeed6bdeb0f9129ea4cbc7aa71587c6?s=96&d=mm&r=g\",\"contentUrl\":\"https:\/\/secure.gravatar.com\/avatar\/5f09cb527f9632e92234c6fc6e2cbcefebeed6bdeb0f9129ea4cbc7aa71587c6?s=96&d=mm&r=g\",\"caption\":\"Geomar Pacheco R.\"},\"sameAs\":[\"https:\/\/x.com\/GeomarPacheco1\"],\"url\":\"https:\/\/noti-america.com\/site\/peru\/author\/gpacheco\/\"}]}<\/script>\n<!-- \/ Yoast SEO Premium plugin. -->","yoast_head_json":{"title":"VOLEY PERUANO CRECI\u00d3 CON LUCHA FUENTES - Per\u00fa | Noti-America.com","robots":{"index":"index","follow":"follow","max-snippet":"max-snippet:-1","max-image-preview":"max-image-preview:large","max-video-preview":"max-video-preview:-1"},"canonical":"https:\/\/noti-america.com\/site\/peru\/2025\/05\/31\/voley-peruano-crecio-con-lucha-fuentes\/","og_locale":"es_ES","og_type":"article","og_title":"VOLEY PERUANO CRECI\u00d3 CON LUCHA FUENTES","og_description":"NOTI-AM\u00c9RICA PER\u00da &nbsp; Por Samuel Castillo Mendoza &nbsp; El gran salto a nivel internacional que consigue el deporte de los \u00abmates\u00bb peruano es con Lucha Fuentes. Su descubridor fue el t\u00e9cnico japon\u00e9s Akira Kato.&#46;&#46;&#46;","og_url":"https:\/\/noti-america.com\/site\/peru\/2025\/05\/31\/voley-peruano-crecio-con-lucha-fuentes\/","og_site_name":"Per\u00fa | Noti-America.com","article_published_time":"2025-05-31T05:45:14+00:00","article_modified_time":"2025-05-31T23:03:19+00:00","og_image":[{"width":700,"height":730,"url":"https:\/\/noti-america.com\/site\/peru\/wp-content\/uploads\/sites\/8\/2025\/05\/WhatsApp-Image-2025-05-30-at-10.12.39-PM.jpeg","type":"image\/jpeg"}],"author":"Geomar Pacheco R.","twitter_card":"summary_large_image","twitter_creator":"@GeomarPacheco1","twitter_misc":{"Escrito por":"Geomar Pacheco R.","Tiempo estimado de lectura":"2 minutos"},"schema":{"@context":"https:\/\/schema.org","@graph":[{"@type":"Article","@id":"https:\/\/noti-america.com\/site\/peru\/2025\/05\/31\/voley-peruano-crecio-con-lucha-fuentes\/#article","isPartOf":{"@id":"https:\/\/noti-america.com\/site\/peru\/2025\/05\/31\/voley-peruano-crecio-con-lucha-fuentes\/"},"author":{"name":"Geomar Pacheco R.","@id":"https:\/\/noti-america.com\/site\/peru\/#\/schema\/person\/28a35f20383bf2485bc838bfe76aebdc"},"headline":"VOLEY PERUANO CRECI\u00d3 CON LUCHA FUENTES","datePublished":"2025-05-31T05:45:14+00:00","dateModified":"2025-05-31T23:03:19+00:00","mainEntityOfPage":{"@id":"https:\/\/noti-america.com\/site\/peru\/2025\/05\/31\/voley-peruano-crecio-con-lucha-fuentes\/"},"wordCount":257,"commentCount":0,"publisher":{"@id":"https:\/\/noti-america.com\/site\/peru\/#organization"},"image":{"@id":"https:\/\/noti-america.com\/site\/peru\/2025\/05\/31\/voley-peruano-crecio-con-lucha-fuentes\/#primaryimage"},"thumbnailUrl":"https:\/\/noti-america.com\/site\/peru\/wp-content\/uploads\/sites\/8\/2025\/05\/WhatsApp-Image-2025-05-30-at-10.12.39-PM.jpeg","articleSection":["Actualidad","Deportes"],"inLanguage":"es","potentialAction":[{"@type":"CommentAction","name":"Comment","target":["https:\/\/noti-america.com\/site\/peru\/2025\/05\/31\/voley-peruano-crecio-con-lucha-fuentes\/#respond"]}]},{"@type":"WebPage","@id":"https:\/\/noti-america.com\/site\/peru\/2025\/05\/31\/voley-peruano-crecio-con-lucha-fuentes\/","url":"https:\/\/noti-america.com\/site\/peru\/2025\/05\/31\/voley-peruano-crecio-con-lucha-fuentes\/","name":"VOLEY PERUANO CRECI\u00d3 CON LUCHA FUENTES - Per\u00fa | Noti-America.com","isPartOf":{"@id":"https:\/\/noti-america.com\/site\/peru\/#website"},"primaryImageOfPage":{"@id":"https:\/\/noti-america.com\/site\/peru\/2025\/05\/31\/voley-peruano-crecio-con-lucha-fuentes\/#primaryimage"},"image":{"@id":"https:\/\/noti-america.com\/site\/peru\/2025\/05\/31\/voley-peruano-crecio-con-lucha-fuentes\/#primaryimage"},"thumbnailUrl":"https:\/\/noti-america.com\/site\/peru\/wp-content\/uploads\/sites\/8\/2025\/05\/WhatsApp-Image-2025-05-30-at-10.12.39-PM.jpeg","datePublished":"2025-05-31T05:45:14+00:00","dateModified":"2025-05-31T23:03:19+00:00","breadcrumb":{"@id":"https:\/\/noti-america.com\/site\/peru\/2025\/05\/31\/voley-peruano-crecio-con-lucha-fuentes\/#breadcrumb"},"inLanguage":"es","potentialAction":[{"@type":"ReadAction","target":["https:\/\/noti-america.com\/site\/peru\/2025\/05\/31\/voley-peruano-crecio-con-lucha-fuentes\/"]}]},{"@type":"ImageObject","inLanguage":"es","@id":"https:\/\/noti-america.com\/site\/peru\/2025\/05\/31\/voley-peruano-crecio-con-lucha-fuentes\/#primaryimage","url":"https:\/\/noti-america.com\/site\/peru\/wp-content\/uploads\/sites\/8\/2025\/05\/WhatsApp-Image-2025-05-30-at-10.12.39-PM.jpeg","contentUrl":"https:\/\/noti-america.com\/site\/peru\/wp-content\/uploads\/sites\/8\/2025\/05\/WhatsApp-Image-2025-05-30-at-10.12.39-PM.jpeg","width":700,"height":730},{"@type":"BreadcrumbList","@id":"https:\/\/noti-america.com\/site\/peru\/2025\/05\/31\/voley-peruano-crecio-con-lucha-fuentes\/#breadcrumb","itemListElement":[{"@type":"ListItem","position":1,"name":"Portada","item":"https:\/\/noti-america.com\/site\/peru\/"},{"@type":"ListItem","position":2,"name":"VOLEY PERUANO CRECI\u00d3 CON LUCHA FUENTES"}]},{"@type":"WebSite","@id":"https:\/\/noti-america.com\/site\/peru\/#website","url":"https:\/\/noti-america.com\/site\/peru\/","name":"Per\u00fa | Noti-America.com","description":"","publisher":{"@id":"https:\/\/noti-america.com\/site\/peru\/#organization"},"potentialAction":[{"@type":"SearchAction","target":{"@type":"EntryPoint","urlTemplate":"https:\/\/noti-america.com\/site\/peru\/?s={search_term_string}"},"query-input":{"@type":"PropertyValueSpecification","valueRequired":true,"valueName":"search_term_string"}}],"inLanguage":"es"},{"@type":"Organization","@id":"https:\/\/noti-america.com\/site\/peru\/#organization","name":"Noti-America LLC | Per\u00fa","url":"https:\/\/noti-america.com\/site\/peru\/","logo":{"@type":"ImageObject","inLanguage":"es","@id":"https:\/\/noti-america.com\/site\/peru\/#\/schema\/logo\/image\/","url":"https:\/\/noti-america.com\/site\/peru\/wp-content\/uploads\/sites\/8\/2020\/07\/LogoNA-4x3-1.jpg","contentUrl":"https:\/\/noti-america.com\/site\/peru\/wp-content\/uploads\/sites\/8\/2020\/07\/LogoNA-4x3-1.jpg","width":1236,"height":1080,"caption":"Noti-America LLC | Per\u00fa"},"image":{"@id":"https:\/\/noti-america.com\/site\/peru\/#\/schema\/logo\/image\/"}},{"@type":"Person","@id":"https:\/\/noti-america.com\/site\/peru\/#\/schema\/person\/28a35f20383bf2485bc838bfe76aebdc","name":"Geomar Pacheco R.","image":{"@type":"ImageObject","inLanguage":"es","@id":"https:\/\/secure.gravatar.com\/avatar\/5f09cb527f9632e92234c6fc6e2cbcefebeed6bdeb0f9129ea4cbc7aa71587c6?s=96&d=mm&r=g","url":"https:\/\/secure.gravatar.com\/avatar\/5f09cb527f9632e92234c6fc6e2cbcefebeed6bdeb0f9129ea4cbc7aa71587c6?s=96&d=mm&r=g","contentUrl":"https:\/\/secure.gravatar.com\/avatar\/5f09cb527f9632e92234c6fc6e2cbcefebeed6bdeb0f9129ea4cbc7aa71587c6?s=96&d=mm&r=g","caption":"Geomar Pacheco R."},"sameAs":["https:\/\/x.com\/GeomarPacheco1"],"url":"https:\/\/noti-america.com\/site\/peru\/author\/gpacheco\/"}]}},"_links":{"self":[{"href":"https:\/\/noti-america.com\/site\/peru\/wp-json\/wp\/v2\/posts\/8665","targetHints":{"allow":["GET"]}}],"collection":[{"href":"https:\/\/noti-america.com\/site\/peru\/wp-json\/wp\/v2\/posts"}],"about":[{"href":"https:\/\/noti-america.com\/site\/peru\/wp-json\/wp\/v2\/types\/post"}],"author":[{"embeddable":true,"href":"https:\/\/noti-america.com\/site\/peru\/wp-json\/wp\/v2\/users\/70"}],"replies":[{"embeddable":true,"href":"https:\/\/noti-america.com\/site\/peru\/wp-json\/wp\/v2\/comments?post=8665"}],"version-history":[{"count":2,"href":"https:\/\/noti-america.com\/site\/peru\/wp-json\/wp\/v2\/posts\/8665\/revisions"}],"predecessor-version":[{"id":8675,"href":"https:\/\/noti-america.com\/site\/peru\/wp-json\/wp\/v2\/posts\/8665\/revisions\/8675"}],"wp:featuredmedia":[{"embeddable":true,"href":"https:\/\/noti-america.com\/site\/peru\/wp-json\/wp\/v2\/media\/8666"}],"wp:attachment":[{"href":"https:\/\/noti-america.com\/site\/peru\/wp-json\/wp\/v2\/media?parent=8665"}],"wp:term":[{"taxonomy":"category","embeddable":true,"href":"https:\/\/noti-america.com\/site\/peru\/wp-json\/wp\/v2\/categories?post=8665"},{"taxonomy":"post_tag","embeddable":true,"href":"https:\/\/noti-america.com\/site\/peru\/wp-json\/wp\/v2\/tags?post=8665"}],"curies":[{"name":"wp","href":"https:\/\/api.w.org\/{rel}","templated":true}]}}