{"id":8633,"date":"2025-05-14T23:42:18","date_gmt":"2025-05-14T23:42:18","guid":{"rendered":"https:\/\/noti-america.com\/site\/peru\/?p=8633"},"modified":"2025-05-14T23:42:18","modified_gmt":"2025-05-14T23:42:18","slug":"informacion-desde-la-sede-del-ejecutivo","status":"publish","type":"post","link":"https:\/\/noti-america.com\/site\/peru\/2025\/05\/14\/informacion-desde-la-sede-del-ejecutivo\/","title":{"rendered":"INFORMACI\u00d3N DESDE LA SEDE DEL EJECUTIVO"},"content":{"rendered":"<p><strong><span style=\"font-size: 14pt;font-family: Tahoma, Arial, Helvetica, sans-serif\">NOTI-AM\u00c9RICA PER\u00da<\/span><\/strong><\/p>\n<p>&nbsp;<\/p>\n<p style=\"text-align: right\"><strong><span style=\"font-size: 14pt;font-family: Tahoma, Arial, Helvetica, sans-serif\">Por Geomar Pacheco Rivera<\/span><\/strong><\/p>\n<p>&nbsp;<\/p>\n<p><span style=\"font-weight: 400;font-size: 14pt;font-family: Tahoma, Arial, Helvetica, sans-serif\">La presidenta Dina Ercilia Boluarte Zegarra tom\u00f3 juramento a tres ministros de Estado. La ceremonia se realiz\u00f3 en la sala El\u00e9spuru del Palacio de Gobierno.\u00a0<\/span><\/p>\n<p>&nbsp;<\/p>\n<p><span style=\"font-weight: 400;font-size: 14pt;font-family: Tahoma, Arial, Helvetica, sans-serif\">Fue el Dr. Ra\u00fal P\u00e9rez Reyes quien jur\u00f3 como ministro de Econom\u00eda y Finanzas, en reemplazo de Jos\u00e9 Salardi, dejando las funciones de titular en Transportes y Comunicaciones.\u00a0<\/span><\/p>\n<p><img loading=\"lazy\" decoding=\"async\" class=\"alignnone size-full wp-image-8634 aligncenter\" src=\"https:\/\/noti-america.com\/site\/peru\/wp-content\/uploads\/sites\/8\/2025\/05\/WhatsApp-Image-2025-05-13-at-11.21.38-PM.jpeg\" alt=\"\" width=\"680\" height=\"453\" srcset=\"https:\/\/noti-america.com\/site\/peru\/wp-content\/uploads\/sites\/8\/2025\/05\/WhatsApp-Image-2025-05-13-at-11.21.38-PM.jpeg 680w, https:\/\/noti-america.com\/site\/peru\/wp-content\/uploads\/sites\/8\/2025\/05\/WhatsApp-Image-2025-05-13-at-11.21.38-PM-300x200.jpeg 300w, https:\/\/noti-america.com\/site\/peru\/wp-content\/uploads\/sites\/8\/2025\/05\/WhatsApp-Image-2025-05-13-at-11.21.38-PM-272x182.jpeg 272w\" sizes=\"auto, (max-width: 680px) 100vw, 680px\" \/><\/p>\n<p><span style=\"font-weight: 400;font-size: 14pt;font-family: Tahoma, Arial, Helvetica, sans-serif\">El nuevo ministro del Interior es Carlos Alberto Malaver Odias, oficial de la Polic\u00eda Nacional del Per\u00fa en situaci\u00f3n de retiro con estudios en Administraci\u00f3n, quien adem\u00e1s cuenta con una maestr\u00eda en Ciencias Pol\u00edticas.<\/span><\/p>\n<p>&nbsp;<\/p>\n<p><span style=\"font-weight: 400;font-size: 14pt;font-family: Tahoma, Arial, Helvetica, sans-serif\">C\u00e9sar Carlos Sandoval Pozo jur\u00f3 como el nuevo ministro de Transportes y Comunicaciones. Los tres sectores estrat\u00e9gicos merecen la atenci\u00f3n real y coherente de la presidenta Boluarte Zegarra.<\/span><\/p>\n<p>&nbsp;<\/p>\n<p><span style=\"font-weight: 400;font-size: 14pt;font-family: Tahoma, Arial, Helvetica, sans-serif\">Este martes 13 ser\u00e1 recordado por la prensa peruana por la renuncia irrevocable presentada por Gustavo Lino Adrianz\u00e9n Olaya a la Presidencia del Consejo de Ministros, la cual fue comentada ampliamente desde inicio del presente mes por los medios de comunicaci\u00f3n locales.<\/span><\/p>\n<p><img loading=\"lazy\" decoding=\"async\" class=\"alignnone size-large wp-image-8635\" src=\"https:\/\/noti-america.com\/site\/peru\/wp-content\/uploads\/sites\/8\/2025\/05\/WhatsApp-Image-2025-05-13-at-11.24.15-PM-1024x682.jpeg\" alt=\"\" width=\"1024\" height=\"682\" srcset=\"https:\/\/noti-america.com\/site\/peru\/wp-content\/uploads\/sites\/8\/2025\/05\/WhatsApp-Image-2025-05-13-at-11.24.15-PM-1024x682.jpeg 1024w, https:\/\/noti-america.com\/site\/peru\/wp-content\/uploads\/sites\/8\/2025\/05\/WhatsApp-Image-2025-05-13-at-11.24.15-PM-300x200.jpeg 300w, https:\/\/noti-america.com\/site\/peru\/wp-content\/uploads\/sites\/8\/2025\/05\/WhatsApp-Image-2025-05-13-at-11.24.15-PM-768x512.jpeg 768w, https:\/\/noti-america.com\/site\/peru\/wp-content\/uploads\/sites\/8\/2025\/05\/WhatsApp-Image-2025-05-13-at-11.24.15-PM-1536x1023.jpeg 1536w, https:\/\/noti-america.com\/site\/peru\/wp-content\/uploads\/sites\/8\/2025\/05\/WhatsApp-Image-2025-05-13-at-11.24.15-PM-272x182.jpeg 272w, https:\/\/noti-america.com\/site\/peru\/wp-content\/uploads\/sites\/8\/2025\/05\/WhatsApp-Image-2025-05-13-at-11.24.15-PM.jpeg 1600w\" sizes=\"auto, (max-width: 1024px) 100vw, 1024px\" \/><\/p>\n<p>&nbsp;<\/p>\n<p><span style=\"font-weight: 400;font-size: 14pt;font-family: Tahoma, Arial, Helvetica, sans-serif\">En un mensaje dado en el Palacio de Gobierno, acompa\u00f1ado de la presidenta Boluarte y de los ministros de Estado, Adrianz\u00e9n expres\u00f3 su agradecimiento m\u00e1s sincero a la mandataria por la confianza depositada en su persona para ejercer el cargo de jefe del Gabinete durante un a\u00f1o, dos meses y siete d\u00edas. Su alejamiento del Ejecutivo es oportuno.<\/span><\/p>\n","protected":false},"excerpt":{"rendered":"<p>NOTI-AM\u00c9RICA PER\u00da &nbsp; Por Geomar Pacheco Rivera &nbsp; La presidenta Dina Ercilia Boluarte Zegarra tom\u00f3 juramento a tres ministros de Estado. La ceremonia se realiz\u00f3 en la sala El\u00e9spuru del Palacio de Gobierno.\u00a0 &nbsp;&#46;&#46;&#46;<\/p>\n","protected":false},"author":70,"featured_media":8635,"comment_status":"open","ping_status":"open","sticky":false,"template":"","format":"standard","meta":{"_acf_changed":false,"rop_custom_images_group":[],"rop_custom_messages_group":[],"rop_publish_now":"initial","rop_publish_now_accounts":{"twitter_242054905_242054905":""},"rop_publish_now_history":[],"rop_publish_now_status":"pending","footnotes":""},"categories":[268,3],"tags":[],"class_list":["post-8633","post","type-post","status-publish","format-standard","has-post-thumbnail","hentry","category-acturalidad","category-politica"],"acf":[],"yoast_head":"<!-- This site is optimized with the Yoast SEO Premium plugin v24.9 (Yoast SEO v27.2) - https:\/\/yoast.com\/product\/yoast-seo-premium-wordpress\/ -->\n<title>INFORMACI\u00d3N DESDE LA SEDE DEL EJECUTIVO - Per\u00fa | Noti-America.com<\/title>\n<meta name=\"robots\" content=\"index, follow, max-snippet:-1, max-image-preview:large, max-video-preview:-1\" \/>\n<link rel=\"canonical\" href=\"https:\/\/noti-america.com\/site\/peru\/2025\/05\/14\/informacion-desde-la-sede-del-ejecutivo\/\" \/>\n<meta property=\"og:locale\" content=\"es_ES\" \/>\n<meta property=\"og:type\" content=\"article\" \/>\n<meta property=\"og:title\" content=\"INFORMACI\u00d3N DESDE LA SEDE DEL EJECUTIVO\" \/>\n<meta property=\"og:description\" content=\"NOTI-AM\u00c9RICA PER\u00da &nbsp; Por Geomar Pacheco Rivera &nbsp; La presidenta Dina Ercilia Boluarte Zegarra tom\u00f3 juramento a tres ministros de Estado. La ceremonia se realiz\u00f3 en la sala El\u00e9spuru del Palacio de Gobierno.\u00a0 &nbsp;&#046;&#046;&#046;\" \/>\n<meta property=\"og:url\" content=\"https:\/\/noti-america.com\/site\/peru\/2025\/05\/14\/informacion-desde-la-sede-del-ejecutivo\/\" \/>\n<meta property=\"og:site_name\" content=\"Per\u00fa | Noti-America.com\" \/>\n<meta property=\"article:published_time\" content=\"2025-05-14T23:42:18+00:00\" \/>\n<meta property=\"og:image\" content=\"https:\/\/noti-america.com\/site\/peru\/wp-content\/uploads\/sites\/8\/2025\/05\/WhatsApp-Image-2025-05-13-at-11.24.15-PM.jpeg\" \/>\n\t<meta property=\"og:image:width\" content=\"1600\" \/>\n\t<meta property=\"og:image:height\" content=\"1066\" \/>\n\t<meta property=\"og:image:type\" content=\"image\/jpeg\" \/>\n<meta name=\"author\" content=\"Geomar Pacheco R.\" \/>\n<meta name=\"twitter:card\" content=\"summary_large_image\" \/>\n<meta name=\"twitter:creator\" content=\"@GeomarPacheco1\" \/>\n<meta name=\"twitter:label1\" content=\"Escrito por\" \/>\n\t<meta name=\"twitter:data1\" content=\"Geomar Pacheco R.\" \/>\n\t<meta name=\"twitter:label2\" content=\"Tiempo estimado de lectura\" \/>\n\t<meta name=\"twitter:data2\" content=\"2 minutos\" \/>\n<script type=\"application\/ld+json\" class=\"yoast-schema-graph\">{\"@context\":\"https:\/\/schema.org\",\"@graph\":[{\"@type\":\"Article\",\"@id\":\"https:\/\/noti-america.com\/site\/peru\/2025\/05\/14\/informacion-desde-la-sede-del-ejecutivo\/#article\",\"isPartOf\":{\"@id\":\"https:\/\/noti-america.com\/site\/peru\/2025\/05\/14\/informacion-desde-la-sede-del-ejecutivo\/\"},\"author\":{\"name\":\"Geomar Pacheco R.\",\"@id\":\"https:\/\/noti-america.com\/site\/peru\/#\/schema\/person\/28a35f20383bf2485bc838bfe76aebdc\"},\"headline\":\"INFORMACI\u00d3N DESDE LA SEDE DEL EJECUTIVO\",\"datePublished\":\"2025-05-14T23:42:18+00:00\",\"mainEntityOfPage\":{\"@id\":\"https:\/\/noti-america.com\/site\/peru\/2025\/05\/14\/informacion-desde-la-sede-del-ejecutivo\/\"},\"wordCount\":254,\"commentCount\":0,\"publisher\":{\"@id\":\"https:\/\/noti-america.com\/site\/peru\/#organization\"},\"image\":{\"@id\":\"https:\/\/noti-america.com\/site\/peru\/2025\/05\/14\/informacion-desde-la-sede-del-ejecutivo\/#primaryimage\"},\"thumbnailUrl\":\"https:\/\/noti-america.com\/site\/peru\/wp-content\/uploads\/sites\/8\/2025\/05\/WhatsApp-Image-2025-05-13-at-11.24.15-PM.jpeg\",\"articleSection\":[\"Actualidad\",\"Pol\u00edtica\"],\"inLanguage\":\"es\",\"potentialAction\":[{\"@type\":\"CommentAction\",\"name\":\"Comment\",\"target\":[\"https:\/\/noti-america.com\/site\/peru\/2025\/05\/14\/informacion-desde-la-sede-del-ejecutivo\/#respond\"]}]},{\"@type\":\"WebPage\",\"@id\":\"https:\/\/noti-america.com\/site\/peru\/2025\/05\/14\/informacion-desde-la-sede-del-ejecutivo\/\",\"url\":\"https:\/\/noti-america.com\/site\/peru\/2025\/05\/14\/informacion-desde-la-sede-del-ejecutivo\/\",\"name\":\"INFORMACI\u00d3N DESDE LA SEDE DEL EJECUTIVO - Per\u00fa | Noti-America.com\",\"isPartOf\":{\"@id\":\"https:\/\/noti-america.com\/site\/peru\/#website\"},\"primaryImageOfPage\":{\"@id\":\"https:\/\/noti-america.com\/site\/peru\/2025\/05\/14\/informacion-desde-la-sede-del-ejecutivo\/#primaryimage\"},\"image\":{\"@id\":\"https:\/\/noti-america.com\/site\/peru\/2025\/05\/14\/informacion-desde-la-sede-del-ejecutivo\/#primaryimage\"},\"thumbnailUrl\":\"https:\/\/noti-america.com\/site\/peru\/wp-content\/uploads\/sites\/8\/2025\/05\/WhatsApp-Image-2025-05-13-at-11.24.15-PM.jpeg\",\"datePublished\":\"2025-05-14T23:42:18+00:00\",\"breadcrumb\":{\"@id\":\"https:\/\/noti-america.com\/site\/peru\/2025\/05\/14\/informacion-desde-la-sede-del-ejecutivo\/#breadcrumb\"},\"inLanguage\":\"es\",\"potentialAction\":[{\"@type\":\"ReadAction\",\"target\":[\"https:\/\/noti-america.com\/site\/peru\/2025\/05\/14\/informacion-desde-la-sede-del-ejecutivo\/\"]}]},{\"@type\":\"ImageObject\",\"inLanguage\":\"es\",\"@id\":\"https:\/\/noti-america.com\/site\/peru\/2025\/05\/14\/informacion-desde-la-sede-del-ejecutivo\/#primaryimage\",\"url\":\"https:\/\/noti-america.com\/site\/peru\/wp-content\/uploads\/sites\/8\/2025\/05\/WhatsApp-Image-2025-05-13-at-11.24.15-PM.jpeg\",\"contentUrl\":\"https:\/\/noti-america.com\/site\/peru\/wp-content\/uploads\/sites\/8\/2025\/05\/WhatsApp-Image-2025-05-13-at-11.24.15-PM.jpeg\",\"width\":1600,\"height\":1066},{\"@type\":\"BreadcrumbList\",\"@id\":\"https:\/\/noti-america.com\/site\/peru\/2025\/05\/14\/informacion-desde-la-sede-del-ejecutivo\/#breadcrumb\",\"itemListElement\":[{\"@type\":\"ListItem\",\"position\":1,\"name\":\"Portada\",\"item\":\"https:\/\/noti-america.com\/site\/peru\/\"},{\"@type\":\"ListItem\",\"position\":2,\"name\":\"INFORMACI\u00d3N DESDE LA SEDE DEL EJECUTIVO\"}]},{\"@type\":\"WebSite\",\"@id\":\"https:\/\/noti-america.com\/site\/peru\/#website\",\"url\":\"https:\/\/noti-america.com\/site\/peru\/\",\"name\":\"Per\u00fa | Noti-America.com\",\"description\":\"\",\"publisher\":{\"@id\":\"https:\/\/noti-america.com\/site\/peru\/#organization\"},\"potentialAction\":[{\"@type\":\"SearchAction\",\"target\":{\"@type\":\"EntryPoint\",\"urlTemplate\":\"https:\/\/noti-america.com\/site\/peru\/?s={search_term_string}\"},\"query-input\":{\"@type\":\"PropertyValueSpecification\",\"valueRequired\":true,\"valueName\":\"search_term_string\"}}],\"inLanguage\":\"es\"},{\"@type\":\"Organization\",\"@id\":\"https:\/\/noti-america.com\/site\/peru\/#organization\",\"name\":\"Noti-America LLC | Per\u00fa\",\"url\":\"https:\/\/noti-america.com\/site\/peru\/\",\"logo\":{\"@type\":\"ImageObject\",\"inLanguage\":\"es\",\"@id\":\"https:\/\/noti-america.com\/site\/peru\/#\/schema\/logo\/image\/\",\"url\":\"https:\/\/noti-america.com\/site\/peru\/wp-content\/uploads\/sites\/8\/2020\/07\/LogoNA-4x3-1.jpg\",\"contentUrl\":\"https:\/\/noti-america.com\/site\/peru\/wp-content\/uploads\/sites\/8\/2020\/07\/LogoNA-4x3-1.jpg\",\"width\":1236,\"height\":1080,\"caption\":\"Noti-America LLC | Per\u00fa\"},\"image\":{\"@id\":\"https:\/\/noti-america.com\/site\/peru\/#\/schema\/logo\/image\/\"}},{\"@type\":\"Person\",\"@id\":\"https:\/\/noti-america.com\/site\/peru\/#\/schema\/person\/28a35f20383bf2485bc838bfe76aebdc\",\"name\":\"Geomar Pacheco R.\",\"image\":{\"@type\":\"ImageObject\",\"inLanguage\":\"es\",\"@id\":\"https:\/\/secure.gravatar.com\/avatar\/5f09cb527f9632e92234c6fc6e2cbcefebeed6bdeb0f9129ea4cbc7aa71587c6?s=96&d=mm&r=g\",\"url\":\"https:\/\/secure.gravatar.com\/avatar\/5f09cb527f9632e92234c6fc6e2cbcefebeed6bdeb0f9129ea4cbc7aa71587c6?s=96&d=mm&r=g\",\"contentUrl\":\"https:\/\/secure.gravatar.com\/avatar\/5f09cb527f9632e92234c6fc6e2cbcefebeed6bdeb0f9129ea4cbc7aa71587c6?s=96&d=mm&r=g\",\"caption\":\"Geomar Pacheco R.\"},\"sameAs\":[\"https:\/\/x.com\/GeomarPacheco1\"],\"url\":\"https:\/\/noti-america.com\/site\/peru\/author\/gpacheco\/\"}]}<\/script>\n<!-- \/ Yoast SEO Premium plugin. -->","yoast_head_json":{"title":"INFORMACI\u00d3N DESDE LA SEDE DEL EJECUTIVO - Per\u00fa | Noti-America.com","robots":{"index":"index","follow":"follow","max-snippet":"max-snippet:-1","max-image-preview":"max-image-preview:large","max-video-preview":"max-video-preview:-1"},"canonical":"https:\/\/noti-america.com\/site\/peru\/2025\/05\/14\/informacion-desde-la-sede-del-ejecutivo\/","og_locale":"es_ES","og_type":"article","og_title":"INFORMACI\u00d3N DESDE LA SEDE DEL EJECUTIVO","og_description":"NOTI-AM\u00c9RICA PER\u00da &nbsp; Por Geomar Pacheco Rivera &nbsp; La presidenta Dina Ercilia Boluarte Zegarra tom\u00f3 juramento a tres ministros de Estado. La ceremonia se realiz\u00f3 en la sala El\u00e9spuru del Palacio de Gobierno.\u00a0 &nbsp;&#46;&#46;&#46;","og_url":"https:\/\/noti-america.com\/site\/peru\/2025\/05\/14\/informacion-desde-la-sede-del-ejecutivo\/","og_site_name":"Per\u00fa | Noti-America.com","article_published_time":"2025-05-14T23:42:18+00:00","og_image":[{"width":1600,"height":1066,"url":"https:\/\/noti-america.com\/site\/peru\/wp-content\/uploads\/sites\/8\/2025\/05\/WhatsApp-Image-2025-05-13-at-11.24.15-PM.jpeg","type":"image\/jpeg"}],"author":"Geomar Pacheco R.","twitter_card":"summary_large_image","twitter_creator":"@GeomarPacheco1","twitter_misc":{"Escrito por":"Geomar Pacheco R.","Tiempo estimado de lectura":"2 minutos"},"schema":{"@context":"https:\/\/schema.org","@graph":[{"@type":"Article","@id":"https:\/\/noti-america.com\/site\/peru\/2025\/05\/14\/informacion-desde-la-sede-del-ejecutivo\/#article","isPartOf":{"@id":"https:\/\/noti-america.com\/site\/peru\/2025\/05\/14\/informacion-desde-la-sede-del-ejecutivo\/"},"author":{"name":"Geomar Pacheco R.","@id":"https:\/\/noti-america.com\/site\/peru\/#\/schema\/person\/28a35f20383bf2485bc838bfe76aebdc"},"headline":"INFORMACI\u00d3N DESDE LA SEDE DEL EJECUTIVO","datePublished":"2025-05-14T23:42:18+00:00","mainEntityOfPage":{"@id":"https:\/\/noti-america.com\/site\/peru\/2025\/05\/14\/informacion-desde-la-sede-del-ejecutivo\/"},"wordCount":254,"commentCount":0,"publisher":{"@id":"https:\/\/noti-america.com\/site\/peru\/#organization"},"image":{"@id":"https:\/\/noti-america.com\/site\/peru\/2025\/05\/14\/informacion-desde-la-sede-del-ejecutivo\/#primaryimage"},"thumbnailUrl":"https:\/\/noti-america.com\/site\/peru\/wp-content\/uploads\/sites\/8\/2025\/05\/WhatsApp-Image-2025-05-13-at-11.24.15-PM.jpeg","articleSection":["Actualidad","Pol\u00edtica"],"inLanguage":"es","potentialAction":[{"@type":"CommentAction","name":"Comment","target":["https:\/\/noti-america.com\/site\/peru\/2025\/05\/14\/informacion-desde-la-sede-del-ejecutivo\/#respond"]}]},{"@type":"WebPage","@id":"https:\/\/noti-america.com\/site\/peru\/2025\/05\/14\/informacion-desde-la-sede-del-ejecutivo\/","url":"https:\/\/noti-america.com\/site\/peru\/2025\/05\/14\/informacion-desde-la-sede-del-ejecutivo\/","name":"INFORMACI\u00d3N DESDE LA SEDE DEL EJECUTIVO - Per\u00fa | Noti-America.com","isPartOf":{"@id":"https:\/\/noti-america.com\/site\/peru\/#website"},"primaryImageOfPage":{"@id":"https:\/\/noti-america.com\/site\/peru\/2025\/05\/14\/informacion-desde-la-sede-del-ejecutivo\/#primaryimage"},"image":{"@id":"https:\/\/noti-america.com\/site\/peru\/2025\/05\/14\/informacion-desde-la-sede-del-ejecutivo\/#primaryimage"},"thumbnailUrl":"https:\/\/noti-america.com\/site\/peru\/wp-content\/uploads\/sites\/8\/2025\/05\/WhatsApp-Image-2025-05-13-at-11.24.15-PM.jpeg","datePublished":"2025-05-14T23:42:18+00:00","breadcrumb":{"@id":"https:\/\/noti-america.com\/site\/peru\/2025\/05\/14\/informacion-desde-la-sede-del-ejecutivo\/#breadcrumb"},"inLanguage":"es","potentialAction":[{"@type":"ReadAction","target":["https:\/\/noti-america.com\/site\/peru\/2025\/05\/14\/informacion-desde-la-sede-del-ejecutivo\/"]}]},{"@type":"ImageObject","inLanguage":"es","@id":"https:\/\/noti-america.com\/site\/peru\/2025\/05\/14\/informacion-desde-la-sede-del-ejecutivo\/#primaryimage","url":"https:\/\/noti-america.com\/site\/peru\/wp-content\/uploads\/sites\/8\/2025\/05\/WhatsApp-Image-2025-05-13-at-11.24.15-PM.jpeg","contentUrl":"https:\/\/noti-america.com\/site\/peru\/wp-content\/uploads\/sites\/8\/2025\/05\/WhatsApp-Image-2025-05-13-at-11.24.15-PM.jpeg","width":1600,"height":1066},{"@type":"BreadcrumbList","@id":"https:\/\/noti-america.com\/site\/peru\/2025\/05\/14\/informacion-desde-la-sede-del-ejecutivo\/#breadcrumb","itemListElement":[{"@type":"ListItem","position":1,"name":"Portada","item":"https:\/\/noti-america.com\/site\/peru\/"},{"@type":"ListItem","position":2,"name":"INFORMACI\u00d3N DESDE LA SEDE DEL EJECUTIVO"}]},{"@type":"WebSite","@id":"https:\/\/noti-america.com\/site\/peru\/#website","url":"https:\/\/noti-america.com\/site\/peru\/","name":"Per\u00fa | Noti-America.com","description":"","publisher":{"@id":"https:\/\/noti-america.com\/site\/peru\/#organization"},"potentialAction":[{"@type":"SearchAction","target":{"@type":"EntryPoint","urlTemplate":"https:\/\/noti-america.com\/site\/peru\/?s={search_term_string}"},"query-input":{"@type":"PropertyValueSpecification","valueRequired":true,"valueName":"search_term_string"}}],"inLanguage":"es"},{"@type":"Organization","@id":"https:\/\/noti-america.com\/site\/peru\/#organization","name":"Noti-America LLC | Per\u00fa","url":"https:\/\/noti-america.com\/site\/peru\/","logo":{"@type":"ImageObject","inLanguage":"es","@id":"https:\/\/noti-america.com\/site\/peru\/#\/schema\/logo\/image\/","url":"https:\/\/noti-america.com\/site\/peru\/wp-content\/uploads\/sites\/8\/2020\/07\/LogoNA-4x3-1.jpg","contentUrl":"https:\/\/noti-america.com\/site\/peru\/wp-content\/uploads\/sites\/8\/2020\/07\/LogoNA-4x3-1.jpg","width":1236,"height":1080,"caption":"Noti-America LLC | Per\u00fa"},"image":{"@id":"https:\/\/noti-america.com\/site\/peru\/#\/schema\/logo\/image\/"}},{"@type":"Person","@id":"https:\/\/noti-america.com\/site\/peru\/#\/schema\/person\/28a35f20383bf2485bc838bfe76aebdc","name":"Geomar Pacheco R.","image":{"@type":"ImageObject","inLanguage":"es","@id":"https:\/\/secure.gravatar.com\/avatar\/5f09cb527f9632e92234c6fc6e2cbcefebeed6bdeb0f9129ea4cbc7aa71587c6?s=96&d=mm&r=g","url":"https:\/\/secure.gravatar.com\/avatar\/5f09cb527f9632e92234c6fc6e2cbcefebeed6bdeb0f9129ea4cbc7aa71587c6?s=96&d=mm&r=g","contentUrl":"https:\/\/secure.gravatar.com\/avatar\/5f09cb527f9632e92234c6fc6e2cbcefebeed6bdeb0f9129ea4cbc7aa71587c6?s=96&d=mm&r=g","caption":"Geomar Pacheco R."},"sameAs":["https:\/\/x.com\/GeomarPacheco1"],"url":"https:\/\/noti-america.com\/site\/peru\/author\/gpacheco\/"}]}},"_links":{"self":[{"href":"https:\/\/noti-america.com\/site\/peru\/wp-json\/wp\/v2\/posts\/8633","targetHints":{"allow":["GET"]}}],"collection":[{"href":"https:\/\/noti-america.com\/site\/peru\/wp-json\/wp\/v2\/posts"}],"about":[{"href":"https:\/\/noti-america.com\/site\/peru\/wp-json\/wp\/v2\/types\/post"}],"author":[{"embeddable":true,"href":"https:\/\/noti-america.com\/site\/peru\/wp-json\/wp\/v2\/users\/70"}],"replies":[{"embeddable":true,"href":"https:\/\/noti-america.com\/site\/peru\/wp-json\/wp\/v2\/comments?post=8633"}],"version-history":[{"count":1,"href":"https:\/\/noti-america.com\/site\/peru\/wp-json\/wp\/v2\/posts\/8633\/revisions"}],"predecessor-version":[{"id":8636,"href":"https:\/\/noti-america.com\/site\/peru\/wp-json\/wp\/v2\/posts\/8633\/revisions\/8636"}],"wp:featuredmedia":[{"embeddable":true,"href":"https:\/\/noti-america.com\/site\/peru\/wp-json\/wp\/v2\/media\/8635"}],"wp:attachment":[{"href":"https:\/\/noti-america.com\/site\/peru\/wp-json\/wp\/v2\/media?parent=8633"}],"wp:term":[{"taxonomy":"category","embeddable":true,"href":"https:\/\/noti-america.com\/site\/peru\/wp-json\/wp\/v2\/categories?post=8633"},{"taxonomy":"post_tag","embeddable":true,"href":"https:\/\/noti-america.com\/site\/peru\/wp-json\/wp\/v2\/tags?post=8633"}],"curies":[{"name":"wp","href":"https:\/\/api.w.org\/{rel}","templated":true}]}}