{"id":8528,"date":"2025-04-09T06:45:08","date_gmt":"2025-04-09T06:45:08","guid":{"rendered":"https:\/\/noti-america.com\/site\/peru\/?p=8528"},"modified":"2025-04-09T06:45:08","modified_gmt":"2025-04-09T06:45:08","slug":"peru-y-estados-unidos-reforzaron-diplomaticamente-sus-vinculos-comerciales","status":"publish","type":"post","link":"https:\/\/noti-america.com\/site\/peru\/2025\/04\/09\/peru-y-estados-unidos-reforzaron-diplomaticamente-sus-vinculos-comerciales\/","title":{"rendered":"PER\u00da Y ESTADOS UNIDOS REFORZARON DIPLOM\u00c1TICAMENTE SUS V\u00cdNCULOS COMERCIALES"},"content":{"rendered":"<p style=\"text-align: justify\"><span style=\"font-family: Tahoma, Arial, Helvetica, sans-serif;font-size: 14pt\">PER\u00da Y ESTADOS UNIDOS REFORZARON DIPLOM\u00c1TICAMENTE SUS V\u00cdNCULOS COMERCIALE<\/span><\/p>\n<hr \/>\n<p style=\"text-align: justify\">\n<p><strong><span style=\"font-family: Tahoma, Arial, Helvetica, sans-serif;font-size: 14pt\">NOTI-AM\u00c9RICA PER\u00da<\/span><\/strong><\/p>\n<p>&nbsp;<\/p>\n<p style=\"text-align: right\"><strong><span style=\"font-family: Tahoma, Arial, Helvetica, sans-serif;font-size: 14pt\">Por Geomar Pacheco Rivera<\/span><\/strong><\/p>\n<p>&nbsp;<\/p>\n<p style=\"text-align: justify\">\n<p style=\"text-align: justify\"><span style=\"font-family: Tahoma, Arial, Helvetica, sans-serif;font-size: 14pt\">El subsecretario de Estado de Estados Unidos, Christopher Landau, mantuvo este lunes 8, una reuni\u00f3n con el ministro de Relaciones Exteriores peruano, Elmer Schialer, con el fin de debatir sobre \u201clos esfuerzos para consolidar casi 200 a\u00f1os de relaciones diplom\u00e1ticas\u201d, seg\u00fan explic\u00f3 este martes la portavoz del Departamento de Estado en un comunicado.<\/span><\/p>\n<p style=\"text-align: justify\">\n<p style=\"text-align: justify\"><span style=\"font-family: Tahoma, Arial, Helvetica, sans-serif;font-size: 14pt\">Esta reuni\u00f3n tuvo lugar en Washington durante un viaje del canciller peruano para conocer \u201cen detalle\u201d los alcances de nuevos aranceles. Los productos tradicionales enviados al mercado estadounidense solo representan el 4.5% del total de nuestras exportaciones.<\/span><\/p>\n<div id=\"attachment_8529\" style=\"width: 690px\" class=\"wp-caption alignleft\"><a href=\"https:\/\/noti-america.com\/site\/peru\/wp-content\/uploads\/sites\/8\/2025\/04\/IMG-20250408-WA0076.jpg\"><img loading=\"lazy\" decoding=\"async\" aria-describedby=\"caption-attachment-8529\" class=\"wp-image-8529 size-full\" src=\"https:\/\/noti-america.com\/site\/peru\/wp-content\/uploads\/sites\/8\/2025\/04\/IMG-20250408-WA0076.jpg\" alt=\"\" width=\"680\" height=\"453\" srcset=\"https:\/\/noti-america.com\/site\/peru\/wp-content\/uploads\/sites\/8\/2025\/04\/IMG-20250408-WA0076.jpg 680w, https:\/\/noti-america.com\/site\/peru\/wp-content\/uploads\/sites\/8\/2025\/04\/IMG-20250408-WA0076-300x200.jpg 300w, https:\/\/noti-america.com\/site\/peru\/wp-content\/uploads\/sites\/8\/2025\/04\/IMG-20250408-WA0076-272x182.jpg 272w\" sizes=\"auto, (max-width: 680px) 100vw, 680px\" \/><\/a><p id=\"caption-attachment-8529\" class=\"wp-caption-text\">D\u00eda D para Latinoam\u00e9rica. Foto: Andina<\/p><\/div>\n<p>&nbsp;<\/p>\n<p style=\"text-align: justify\"><span style=\"font-family: Tahoma, Arial, Helvetica, sans-serif;font-size: 14pt\">Per\u00fa forma parte del grupo de pa\u00edses latinoamericanos que estar\u00e1n sujetos a un arancel del 10% dispuesto por la administraci\u00f3n Trump a toda la regi\u00f3n, con excepci\u00f3n de M\u00e9xico \u2014que por el momento se libra de esta medida\u2014. A Venezuela y Nicaragua les aplicar\u00e1 tasas elevadas, en concreto del 15 % y el 18 %, respectivamente.<\/span><\/p>\n<p style=\"text-align: justify\"><a href=\"https:\/\/noti-america.com\/site\/peru\/wp-content\/uploads\/sites\/8\/2025\/04\/IMG-20250408-WA0077.jpg\"><img loading=\"lazy\" decoding=\"async\" class=\"alignleft size-full wp-image-8530\" src=\"https:\/\/noti-america.com\/site\/peru\/wp-content\/uploads\/sites\/8\/2025\/04\/IMG-20250408-WA0077.jpg\" alt=\"Foto: Embajada de Estados Unidos en Lima Per\u00fa . Casa Blanca \/Prensa\" width=\"512\" height=\"640\" srcset=\"https:\/\/noti-america.com\/site\/peru\/wp-content\/uploads\/sites\/8\/2025\/04\/IMG-20250408-WA0077.jpg 512w, https:\/\/noti-america.com\/site\/peru\/wp-content\/uploads\/sites\/8\/2025\/04\/IMG-20250408-WA0077-240x300.jpg 240w\" sizes=\"auto, (max-width: 512px) 100vw, 512px\" \/><\/a><\/p>\n<p style=\"text-align: justify\"><span style=\"font-family: Tahoma, Arial, Helvetica, sans-serif;font-size: 14pt\">Adem\u00e1s, ambos diplom\u00e1ticos debatieron formas de \u201cabordar los retos regionales\u201d, entre ellas la lucha contra las organizaciones delictivas transnacionales.<\/span><\/p>\n<p style=\"text-align: justify\"><span style=\"font-family: Tahoma, Arial, Helvetica, sans-serif;font-size: 14pt\">El ministro Schialer tambi\u00e9n promocionar\u00e1 durante su estancia en esa naci\u00f3n la candidatura de la excanciller peruana Ana Mar\u00eda S\u00e1nchez a la Secretar\u00eda General Adjunta de la Organizaci\u00f3n de Esta<\/span><span style=\"font-family: Tahoma, Arial, Helvetica, sans-serif;font-size: 14pt\">dos Americanos.<\/span><\/p>\n","protected":false},"excerpt":{"rendered":"<p>PER\u00da Y ESTADOS UNIDOS REFORZARON DIPLOM\u00c1TICAMENTE SUS V\u00cdNCULOS COMERCIALE NOTI-AM\u00c9RICA PER\u00da &nbsp; Por Geomar Pacheco Rivera &nbsp; El subsecretario de Estado de Estados Unidos, Christopher Landau, mantuvo este lunes 8, una reuni\u00f3n con el&#46;&#46;&#46;<\/p>\n","protected":false},"author":70,"featured_media":8531,"comment_status":"open","ping_status":"open","sticky":false,"template":"","format":"standard","meta":{"_acf_changed":false,"rop_custom_images_group":[],"rop_custom_messages_group":[],"rop_publish_now":"initial","rop_publish_now_accounts":{"twitter_242054905_242054905":""},"rop_publish_now_history":[],"rop_publish_now_status":"pending","footnotes":""},"categories":[268,4],"tags":[],"class_list":["post-8528","post","type-post","status-publish","format-standard","has-post-thumbnail","hentry","category-acturalidad","category-internacionales"],"acf":[],"yoast_head":"<!-- This site is optimized with the Yoast SEO Premium plugin v24.9 (Yoast SEO v27.2) - https:\/\/yoast.com\/product\/yoast-seo-premium-wordpress\/ -->\n<title>PER\u00da Y ESTADOS UNIDOS REFORZARON DIPLOM\u00c1TICAMENTE SUS V\u00cdNCULOS COMERCIALES - Per\u00fa | Noti-America.com<\/title>\n<meta name=\"robots\" content=\"index, follow, max-snippet:-1, max-image-preview:large, max-video-preview:-1\" \/>\n<link rel=\"canonical\" href=\"https:\/\/noti-america.com\/site\/peru\/2025\/04\/09\/peru-y-estados-unidos-reforzaron-diplomaticamente-sus-vinculos-comerciales\/\" \/>\n<meta property=\"og:locale\" content=\"es_ES\" \/>\n<meta property=\"og:type\" content=\"article\" \/>\n<meta property=\"og:title\" content=\"PER\u00da Y ESTADOS UNIDOS REFORZARON DIPLOM\u00c1TICAMENTE SUS V\u00cdNCULOS COMERCIALES\" \/>\n<meta property=\"og:description\" content=\"PER\u00da Y ESTADOS UNIDOS REFORZARON DIPLOM\u00c1TICAMENTE SUS V\u00cdNCULOS COMERCIALE NOTI-AM\u00c9RICA PER\u00da &nbsp; Por Geomar Pacheco Rivera &nbsp; El subsecretario de Estado de Estados Unidos, Christopher Landau, mantuvo este lunes 8, una reuni\u00f3n con el&#046;&#046;&#046;\" \/>\n<meta property=\"og:url\" content=\"https:\/\/noti-america.com\/site\/peru\/2025\/04\/09\/peru-y-estados-unidos-reforzaron-diplomaticamente-sus-vinculos-comerciales\/\" \/>\n<meta property=\"og:site_name\" content=\"Per\u00fa | Noti-America.com\" \/>\n<meta property=\"article:published_time\" content=\"2025-04-09T06:45:08+00:00\" \/>\n<meta property=\"og:image\" content=\"https:\/\/noti-america.com\/site\/peru\/wp-content\/uploads\/sites\/8\/2025\/04\/IMG-20250408-WA0075.jpg\" \/>\n\t<meta property=\"og:image:width\" content=\"1600\" \/>\n\t<meta property=\"og:image:height\" content=\"1067\" \/>\n\t<meta property=\"og:image:type\" content=\"image\/jpeg\" \/>\n<meta name=\"author\" content=\"Geomar Pacheco R.\" \/>\n<meta name=\"twitter:card\" content=\"summary_large_image\" \/>\n<meta name=\"twitter:creator\" content=\"@GeomarPacheco1\" \/>\n<meta name=\"twitter:label1\" content=\"Escrito por\" \/>\n\t<meta name=\"twitter:data1\" content=\"Geomar Pacheco R.\" \/>\n\t<meta name=\"twitter:label2\" content=\"Tiempo estimado de lectura\" \/>\n\t<meta name=\"twitter:data2\" content=\"2 minutos\" \/>\n<script type=\"application\/ld+json\" class=\"yoast-schema-graph\">{\"@context\":\"https:\/\/schema.org\",\"@graph\":[{\"@type\":\"Article\",\"@id\":\"https:\/\/noti-america.com\/site\/peru\/2025\/04\/09\/peru-y-estados-unidos-reforzaron-diplomaticamente-sus-vinculos-comerciales\/#article\",\"isPartOf\":{\"@id\":\"https:\/\/noti-america.com\/site\/peru\/2025\/04\/09\/peru-y-estados-unidos-reforzaron-diplomaticamente-sus-vinculos-comerciales\/\"},\"author\":{\"name\":\"Geomar Pacheco R.\",\"@id\":\"https:\/\/noti-america.com\/site\/peru\/#\/schema\/person\/28a35f20383bf2485bc838bfe76aebdc\"},\"headline\":\"PER\u00da Y ESTADOS UNIDOS REFORZARON DIPLOM\u00c1TICAMENTE SUS V\u00cdNCULOS COMERCIALES\",\"datePublished\":\"2025-04-09T06:45:08+00:00\",\"mainEntityOfPage\":{\"@id\":\"https:\/\/noti-america.com\/site\/peru\/2025\/04\/09\/peru-y-estados-unidos-reforzaron-diplomaticamente-sus-vinculos-comerciales\/\"},\"wordCount\":255,\"commentCount\":0,\"publisher\":{\"@id\":\"https:\/\/noti-america.com\/site\/peru\/#organization\"},\"image\":{\"@id\":\"https:\/\/noti-america.com\/site\/peru\/2025\/04\/09\/peru-y-estados-unidos-reforzaron-diplomaticamente-sus-vinculos-comerciales\/#primaryimage\"},\"thumbnailUrl\":\"https:\/\/noti-america.com\/site\/peru\/wp-content\/uploads\/sites\/8\/2025\/04\/IMG-20250408-WA0075.jpg\",\"articleSection\":[\"Actualidad\",\"Internacionales\"],\"inLanguage\":\"es\",\"potentialAction\":[{\"@type\":\"CommentAction\",\"name\":\"Comment\",\"target\":[\"https:\/\/noti-america.com\/site\/peru\/2025\/04\/09\/peru-y-estados-unidos-reforzaron-diplomaticamente-sus-vinculos-comerciales\/#respond\"]}]},{\"@type\":\"WebPage\",\"@id\":\"https:\/\/noti-america.com\/site\/peru\/2025\/04\/09\/peru-y-estados-unidos-reforzaron-diplomaticamente-sus-vinculos-comerciales\/\",\"url\":\"https:\/\/noti-america.com\/site\/peru\/2025\/04\/09\/peru-y-estados-unidos-reforzaron-diplomaticamente-sus-vinculos-comerciales\/\",\"name\":\"PER\u00da Y ESTADOS UNIDOS REFORZARON DIPLOM\u00c1TICAMENTE SUS V\u00cdNCULOS COMERCIALES - Per\u00fa | Noti-America.com\",\"isPartOf\":{\"@id\":\"https:\/\/noti-america.com\/site\/peru\/#website\"},\"primaryImageOfPage\":{\"@id\":\"https:\/\/noti-america.com\/site\/peru\/2025\/04\/09\/peru-y-estados-unidos-reforzaron-diplomaticamente-sus-vinculos-comerciales\/#primaryimage\"},\"image\":{\"@id\":\"https:\/\/noti-america.com\/site\/peru\/2025\/04\/09\/peru-y-estados-unidos-reforzaron-diplomaticamente-sus-vinculos-comerciales\/#primaryimage\"},\"thumbnailUrl\":\"https:\/\/noti-america.com\/site\/peru\/wp-content\/uploads\/sites\/8\/2025\/04\/IMG-20250408-WA0075.jpg\",\"datePublished\":\"2025-04-09T06:45:08+00:00\",\"breadcrumb\":{\"@id\":\"https:\/\/noti-america.com\/site\/peru\/2025\/04\/09\/peru-y-estados-unidos-reforzaron-diplomaticamente-sus-vinculos-comerciales\/#breadcrumb\"},\"inLanguage\":\"es\",\"potentialAction\":[{\"@type\":\"ReadAction\",\"target\":[\"https:\/\/noti-america.com\/site\/peru\/2025\/04\/09\/peru-y-estados-unidos-reforzaron-diplomaticamente-sus-vinculos-comerciales\/\"]}]},{\"@type\":\"ImageObject\",\"inLanguage\":\"es\",\"@id\":\"https:\/\/noti-america.com\/site\/peru\/2025\/04\/09\/peru-y-estados-unidos-reforzaron-diplomaticamente-sus-vinculos-comerciales\/#primaryimage\",\"url\":\"https:\/\/noti-america.com\/site\/peru\/wp-content\/uploads\/sites\/8\/2025\/04\/IMG-20250408-WA0075.jpg\",\"contentUrl\":\"https:\/\/noti-america.com\/site\/peru\/wp-content\/uploads\/sites\/8\/2025\/04\/IMG-20250408-WA0075.jpg\",\"width\":1600,\"height\":1067},{\"@type\":\"BreadcrumbList\",\"@id\":\"https:\/\/noti-america.com\/site\/peru\/2025\/04\/09\/peru-y-estados-unidos-reforzaron-diplomaticamente-sus-vinculos-comerciales\/#breadcrumb\",\"itemListElement\":[{\"@type\":\"ListItem\",\"position\":1,\"name\":\"Portada\",\"item\":\"https:\/\/noti-america.com\/site\/peru\/\"},{\"@type\":\"ListItem\",\"position\":2,\"name\":\"PER\u00da Y ESTADOS UNIDOS REFORZARON DIPLOM\u00c1TICAMENTE SUS V\u00cdNCULOS COMERCIALES\"}]},{\"@type\":\"WebSite\",\"@id\":\"https:\/\/noti-america.com\/site\/peru\/#website\",\"url\":\"https:\/\/noti-america.com\/site\/peru\/\",\"name\":\"Per\u00fa | Noti-America.com\",\"description\":\"\",\"publisher\":{\"@id\":\"https:\/\/noti-america.com\/site\/peru\/#organization\"},\"potentialAction\":[{\"@type\":\"SearchAction\",\"target\":{\"@type\":\"EntryPoint\",\"urlTemplate\":\"https:\/\/noti-america.com\/site\/peru\/?s={search_term_string}\"},\"query-input\":{\"@type\":\"PropertyValueSpecification\",\"valueRequired\":true,\"valueName\":\"search_term_string\"}}],\"inLanguage\":\"es\"},{\"@type\":\"Organization\",\"@id\":\"https:\/\/noti-america.com\/site\/peru\/#organization\",\"name\":\"Noti-America LLC | Per\u00fa\",\"url\":\"https:\/\/noti-america.com\/site\/peru\/\",\"logo\":{\"@type\":\"ImageObject\",\"inLanguage\":\"es\",\"@id\":\"https:\/\/noti-america.com\/site\/peru\/#\/schema\/logo\/image\/\",\"url\":\"https:\/\/noti-america.com\/site\/peru\/wp-content\/uploads\/sites\/8\/2020\/07\/LogoNA-4x3-1.jpg\",\"contentUrl\":\"https:\/\/noti-america.com\/site\/peru\/wp-content\/uploads\/sites\/8\/2020\/07\/LogoNA-4x3-1.jpg\",\"width\":1236,\"height\":1080,\"caption\":\"Noti-America LLC | Per\u00fa\"},\"image\":{\"@id\":\"https:\/\/noti-america.com\/site\/peru\/#\/schema\/logo\/image\/\"}},{\"@type\":\"Person\",\"@id\":\"https:\/\/noti-america.com\/site\/peru\/#\/schema\/person\/28a35f20383bf2485bc838bfe76aebdc\",\"name\":\"Geomar Pacheco R.\",\"image\":{\"@type\":\"ImageObject\",\"inLanguage\":\"es\",\"@id\":\"https:\/\/secure.gravatar.com\/avatar\/5f09cb527f9632e92234c6fc6e2cbcefebeed6bdeb0f9129ea4cbc7aa71587c6?s=96&d=mm&r=g\",\"url\":\"https:\/\/secure.gravatar.com\/avatar\/5f09cb527f9632e92234c6fc6e2cbcefebeed6bdeb0f9129ea4cbc7aa71587c6?s=96&d=mm&r=g\",\"contentUrl\":\"https:\/\/secure.gravatar.com\/avatar\/5f09cb527f9632e92234c6fc6e2cbcefebeed6bdeb0f9129ea4cbc7aa71587c6?s=96&d=mm&r=g\",\"caption\":\"Geomar Pacheco R.\"},\"sameAs\":[\"https:\/\/x.com\/GeomarPacheco1\"],\"url\":\"https:\/\/noti-america.com\/site\/peru\/author\/gpacheco\/\"}]}<\/script>\n<!-- \/ Yoast SEO Premium plugin. -->","yoast_head_json":{"title":"PER\u00da Y ESTADOS UNIDOS REFORZARON DIPLOM\u00c1TICAMENTE SUS V\u00cdNCULOS COMERCIALES - Per\u00fa | Noti-America.com","robots":{"index":"index","follow":"follow","max-snippet":"max-snippet:-1","max-image-preview":"max-image-preview:large","max-video-preview":"max-video-preview:-1"},"canonical":"https:\/\/noti-america.com\/site\/peru\/2025\/04\/09\/peru-y-estados-unidos-reforzaron-diplomaticamente-sus-vinculos-comerciales\/","og_locale":"es_ES","og_type":"article","og_title":"PER\u00da Y ESTADOS UNIDOS REFORZARON DIPLOM\u00c1TICAMENTE SUS V\u00cdNCULOS COMERCIALES","og_description":"PER\u00da Y ESTADOS UNIDOS REFORZARON DIPLOM\u00c1TICAMENTE SUS V\u00cdNCULOS COMERCIALE NOTI-AM\u00c9RICA PER\u00da &nbsp; Por Geomar Pacheco Rivera &nbsp; El subsecretario de Estado de Estados Unidos, Christopher Landau, mantuvo este lunes 8, una reuni\u00f3n con el&#46;&#46;&#46;","og_url":"https:\/\/noti-america.com\/site\/peru\/2025\/04\/09\/peru-y-estados-unidos-reforzaron-diplomaticamente-sus-vinculos-comerciales\/","og_site_name":"Per\u00fa | Noti-America.com","article_published_time":"2025-04-09T06:45:08+00:00","og_image":[{"width":1600,"height":1067,"url":"https:\/\/noti-america.com\/site\/peru\/wp-content\/uploads\/sites\/8\/2025\/04\/IMG-20250408-WA0075.jpg","type":"image\/jpeg"}],"author":"Geomar Pacheco R.","twitter_card":"summary_large_image","twitter_creator":"@GeomarPacheco1","twitter_misc":{"Escrito por":"Geomar Pacheco R.","Tiempo estimado de lectura":"2 minutos"},"schema":{"@context":"https:\/\/schema.org","@graph":[{"@type":"Article","@id":"https:\/\/noti-america.com\/site\/peru\/2025\/04\/09\/peru-y-estados-unidos-reforzaron-diplomaticamente-sus-vinculos-comerciales\/#article","isPartOf":{"@id":"https:\/\/noti-america.com\/site\/peru\/2025\/04\/09\/peru-y-estados-unidos-reforzaron-diplomaticamente-sus-vinculos-comerciales\/"},"author":{"name":"Geomar Pacheco R.","@id":"https:\/\/noti-america.com\/site\/peru\/#\/schema\/person\/28a35f20383bf2485bc838bfe76aebdc"},"headline":"PER\u00da Y ESTADOS UNIDOS REFORZARON DIPLOM\u00c1TICAMENTE SUS V\u00cdNCULOS COMERCIALES","datePublished":"2025-04-09T06:45:08+00:00","mainEntityOfPage":{"@id":"https:\/\/noti-america.com\/site\/peru\/2025\/04\/09\/peru-y-estados-unidos-reforzaron-diplomaticamente-sus-vinculos-comerciales\/"},"wordCount":255,"commentCount":0,"publisher":{"@id":"https:\/\/noti-america.com\/site\/peru\/#organization"},"image":{"@id":"https:\/\/noti-america.com\/site\/peru\/2025\/04\/09\/peru-y-estados-unidos-reforzaron-diplomaticamente-sus-vinculos-comerciales\/#primaryimage"},"thumbnailUrl":"https:\/\/noti-america.com\/site\/peru\/wp-content\/uploads\/sites\/8\/2025\/04\/IMG-20250408-WA0075.jpg","articleSection":["Actualidad","Internacionales"],"inLanguage":"es","potentialAction":[{"@type":"CommentAction","name":"Comment","target":["https:\/\/noti-america.com\/site\/peru\/2025\/04\/09\/peru-y-estados-unidos-reforzaron-diplomaticamente-sus-vinculos-comerciales\/#respond"]}]},{"@type":"WebPage","@id":"https:\/\/noti-america.com\/site\/peru\/2025\/04\/09\/peru-y-estados-unidos-reforzaron-diplomaticamente-sus-vinculos-comerciales\/","url":"https:\/\/noti-america.com\/site\/peru\/2025\/04\/09\/peru-y-estados-unidos-reforzaron-diplomaticamente-sus-vinculos-comerciales\/","name":"PER\u00da Y ESTADOS UNIDOS REFORZARON DIPLOM\u00c1TICAMENTE SUS V\u00cdNCULOS COMERCIALES - Per\u00fa | Noti-America.com","isPartOf":{"@id":"https:\/\/noti-america.com\/site\/peru\/#website"},"primaryImageOfPage":{"@id":"https:\/\/noti-america.com\/site\/peru\/2025\/04\/09\/peru-y-estados-unidos-reforzaron-diplomaticamente-sus-vinculos-comerciales\/#primaryimage"},"image":{"@id":"https:\/\/noti-america.com\/site\/peru\/2025\/04\/09\/peru-y-estados-unidos-reforzaron-diplomaticamente-sus-vinculos-comerciales\/#primaryimage"},"thumbnailUrl":"https:\/\/noti-america.com\/site\/peru\/wp-content\/uploads\/sites\/8\/2025\/04\/IMG-20250408-WA0075.jpg","datePublished":"2025-04-09T06:45:08+00:00","breadcrumb":{"@id":"https:\/\/noti-america.com\/site\/peru\/2025\/04\/09\/peru-y-estados-unidos-reforzaron-diplomaticamente-sus-vinculos-comerciales\/#breadcrumb"},"inLanguage":"es","potentialAction":[{"@type":"ReadAction","target":["https:\/\/noti-america.com\/site\/peru\/2025\/04\/09\/peru-y-estados-unidos-reforzaron-diplomaticamente-sus-vinculos-comerciales\/"]}]},{"@type":"ImageObject","inLanguage":"es","@id":"https:\/\/noti-america.com\/site\/peru\/2025\/04\/09\/peru-y-estados-unidos-reforzaron-diplomaticamente-sus-vinculos-comerciales\/#primaryimage","url":"https:\/\/noti-america.com\/site\/peru\/wp-content\/uploads\/sites\/8\/2025\/04\/IMG-20250408-WA0075.jpg","contentUrl":"https:\/\/noti-america.com\/site\/peru\/wp-content\/uploads\/sites\/8\/2025\/04\/IMG-20250408-WA0075.jpg","width":1600,"height":1067},{"@type":"BreadcrumbList","@id":"https:\/\/noti-america.com\/site\/peru\/2025\/04\/09\/peru-y-estados-unidos-reforzaron-diplomaticamente-sus-vinculos-comerciales\/#breadcrumb","itemListElement":[{"@type":"ListItem","position":1,"name":"Portada","item":"https:\/\/noti-america.com\/site\/peru\/"},{"@type":"ListItem","position":2,"name":"PER\u00da Y ESTADOS UNIDOS REFORZARON DIPLOM\u00c1TICAMENTE SUS V\u00cdNCULOS COMERCIALES"}]},{"@type":"WebSite","@id":"https:\/\/noti-america.com\/site\/peru\/#website","url":"https:\/\/noti-america.com\/site\/peru\/","name":"Per\u00fa | Noti-America.com","description":"","publisher":{"@id":"https:\/\/noti-america.com\/site\/peru\/#organization"},"potentialAction":[{"@type":"SearchAction","target":{"@type":"EntryPoint","urlTemplate":"https:\/\/noti-america.com\/site\/peru\/?s={search_term_string}"},"query-input":{"@type":"PropertyValueSpecification","valueRequired":true,"valueName":"search_term_string"}}],"inLanguage":"es"},{"@type":"Organization","@id":"https:\/\/noti-america.com\/site\/peru\/#organization","name":"Noti-America LLC | Per\u00fa","url":"https:\/\/noti-america.com\/site\/peru\/","logo":{"@type":"ImageObject","inLanguage":"es","@id":"https:\/\/noti-america.com\/site\/peru\/#\/schema\/logo\/image\/","url":"https:\/\/noti-america.com\/site\/peru\/wp-content\/uploads\/sites\/8\/2020\/07\/LogoNA-4x3-1.jpg","contentUrl":"https:\/\/noti-america.com\/site\/peru\/wp-content\/uploads\/sites\/8\/2020\/07\/LogoNA-4x3-1.jpg","width":1236,"height":1080,"caption":"Noti-America LLC | Per\u00fa"},"image":{"@id":"https:\/\/noti-america.com\/site\/peru\/#\/schema\/logo\/image\/"}},{"@type":"Person","@id":"https:\/\/noti-america.com\/site\/peru\/#\/schema\/person\/28a35f20383bf2485bc838bfe76aebdc","name":"Geomar Pacheco R.","image":{"@type":"ImageObject","inLanguage":"es","@id":"https:\/\/secure.gravatar.com\/avatar\/5f09cb527f9632e92234c6fc6e2cbcefebeed6bdeb0f9129ea4cbc7aa71587c6?s=96&d=mm&r=g","url":"https:\/\/secure.gravatar.com\/avatar\/5f09cb527f9632e92234c6fc6e2cbcefebeed6bdeb0f9129ea4cbc7aa71587c6?s=96&d=mm&r=g","contentUrl":"https:\/\/secure.gravatar.com\/avatar\/5f09cb527f9632e92234c6fc6e2cbcefebeed6bdeb0f9129ea4cbc7aa71587c6?s=96&d=mm&r=g","caption":"Geomar Pacheco R."},"sameAs":["https:\/\/x.com\/GeomarPacheco1"],"url":"https:\/\/noti-america.com\/site\/peru\/author\/gpacheco\/"}]}},"_links":{"self":[{"href":"https:\/\/noti-america.com\/site\/peru\/wp-json\/wp\/v2\/posts\/8528","targetHints":{"allow":["GET"]}}],"collection":[{"href":"https:\/\/noti-america.com\/site\/peru\/wp-json\/wp\/v2\/posts"}],"about":[{"href":"https:\/\/noti-america.com\/site\/peru\/wp-json\/wp\/v2\/types\/post"}],"author":[{"embeddable":true,"href":"https:\/\/noti-america.com\/site\/peru\/wp-json\/wp\/v2\/users\/70"}],"replies":[{"embeddable":true,"href":"https:\/\/noti-america.com\/site\/peru\/wp-json\/wp\/v2\/comments?post=8528"}],"version-history":[{"count":1,"href":"https:\/\/noti-america.com\/site\/peru\/wp-json\/wp\/v2\/posts\/8528\/revisions"}],"predecessor-version":[{"id":8532,"href":"https:\/\/noti-america.com\/site\/peru\/wp-json\/wp\/v2\/posts\/8528\/revisions\/8532"}],"wp:featuredmedia":[{"embeddable":true,"href":"https:\/\/noti-america.com\/site\/peru\/wp-json\/wp\/v2\/media\/8531"}],"wp:attachment":[{"href":"https:\/\/noti-america.com\/site\/peru\/wp-json\/wp\/v2\/media?parent=8528"}],"wp:term":[{"taxonomy":"category","embeddable":true,"href":"https:\/\/noti-america.com\/site\/peru\/wp-json\/wp\/v2\/categories?post=8528"},{"taxonomy":"post_tag","embeddable":true,"href":"https:\/\/noti-america.com\/site\/peru\/wp-json\/wp\/v2\/tags?post=8528"}],"curies":[{"name":"wp","href":"https:\/\/api.w.org\/{rel}","templated":true}]}}