{"id":8450,"date":"2025-03-08T06:41:49","date_gmt":"2025-03-08T06:41:49","guid":{"rendered":"https:\/\/noti-america.com\/site\/peru\/?p=8450"},"modified":"2025-03-08T06:41:49","modified_gmt":"2025-03-08T06:41:49","slug":"australia-y-peru-ratifican-relaciones-comerciales","status":"publish","type":"post","link":"https:\/\/noti-america.com\/site\/peru\/2025\/03\/08\/australia-y-peru-ratifican-relaciones-comerciales\/","title":{"rendered":"AUSTRALIA Y PER\u00da RATIFICAN RELACIONES COMERCIALES"},"content":{"rendered":"<p>&nbsp;<\/p>\n<p>NOTI-AM\u00c9RICA PER\u00da<\/p>\n<p>&nbsp;<\/p>\n<p>Por Geomar Pacheco Rivera<\/p>\n<p>&nbsp;<\/p>\n<p>&nbsp;<\/p>\n<p>El canciller Elmer Schialer se reuni\u00f3 con la embajadora de Australia en el Per\u00fa, Maree Ringland, para reafirmar el fortalecimiento de la cooperaci\u00f3n bilateral y lograr explorar nuevas oportunidades de inversi\u00f3n y comercio, especialmente en sectores clave, como la miner\u00eda y la agricultura.<\/p>\n<p style=\"text-align: justify\">\n<p>Durante el encuentro, realizado en el Palacio de Torre Tagle, el canciller destac\u00f3 la s\u00f3lida tradici\u00f3n minera que comparten ambos pa\u00edses y subray\u00f3 el inter\u00e9s del Per\u00fa en aumentar la inversi\u00f3n australiana en el sector. Asimismo, enfatiz\u00f3 la importancia de fomentar un intercambio de experiencias en miner\u00eda sostenible, garantizando altos est\u00e1ndares ambientales y sociales.<\/p>\n<p style=\"text-align: right\"><a href=\"https:\/\/noti-america.com\/site\/peru\/wp-content\/uploads\/sites\/8\/2025\/03\/IMG-20250307-WA0071.jpg\"><img loading=\"lazy\" decoding=\"async\" class=\"aligncenter size-full wp-image-8451\" src=\"https:\/\/noti-america.com\/site\/peru\/wp-content\/uploads\/sites\/8\/2025\/03\/IMG-20250307-WA0071.jpg\" alt=\"\" width=\"1600\" height=\"1087\" srcset=\"https:\/\/noti-america.com\/site\/peru\/wp-content\/uploads\/sites\/8\/2025\/03\/IMG-20250307-WA0071.jpg 1600w, https:\/\/noti-america.com\/site\/peru\/wp-content\/uploads\/sites\/8\/2025\/03\/IMG-20250307-WA0071-300x204.jpg 300w, https:\/\/noti-america.com\/site\/peru\/wp-content\/uploads\/sites\/8\/2025\/03\/IMG-20250307-WA0071-1024x696.jpg 1024w, https:\/\/noti-america.com\/site\/peru\/wp-content\/uploads\/sites\/8\/2025\/03\/IMG-20250307-WA0071-768x522.jpg 768w, https:\/\/noti-america.com\/site\/peru\/wp-content\/uploads\/sites\/8\/2025\/03\/IMG-20250307-WA0071-1536x1044.jpg 1536w\" sizes=\"auto, (max-width: 1600px) 100vw, 1600px\" \/><\/a><\/p>\n<p>En materia agr\u00edcola, el Per\u00fa tiene inter\u00e9s de reactivar las exportaciones de esp\u00e1rragos a Australia, reafirmando el compromiso del pa\u00eds con los m\u00e1s altos est\u00e1ndares sanitarios para sus productos de exportaci\u00f3n.<\/p>\n<p>&nbsp;<\/p>\n<p>Durante el 2024, el intercambio comercial entre ambas naciones alcanz\u00f3 los 248.4 millones de d\u00f3lares, lo que permite considerar a Australia el principal socio comercial del Per\u00fa en Ocean\u00eda.<\/p>\n<p>&nbsp;<\/p>\n<p>La reuni\u00f3n permite tambi\u00e9n reafirmar el compromiso de ambas naciones con el fortalecimiento de su relaci\u00f3n bilateral, y abre nuevas oportunidades de desarrollo y cooperaci\u00f3n en beneficio mutuo.<\/p>\n<p>&nbsp;<\/p>\n<p>El Per\u00fa y Australia mantienen un Acuerdo de Libre Comercio vigente desde 2020 y forman parte del Tratado Integral y Progresista de Asociaci\u00f3n Transpac\u00edfico (CPTPP), que pone a la regi\u00f3n Asia-Pac\u00edfico como centro del comercio, la innovaci\u00f3n y el desarrollo econ\u00f3mico.<\/p>\n<p><a href=\"https:\/\/noti-america.com\/site\/peru\/wp-content\/uploads\/sites\/8\/2025\/03\/IMG-20250307-WA0072.jpg\"><img loading=\"lazy\" decoding=\"async\" class=\"aligncenter size-full wp-image-8452\" src=\"https:\/\/noti-america.com\/site\/peru\/wp-content\/uploads\/sites\/8\/2025\/03\/IMG-20250307-WA0072.jpg\" alt=\"\" width=\"500\" height=\"324\" srcset=\"https:\/\/noti-america.com\/site\/peru\/wp-content\/uploads\/sites\/8\/2025\/03\/IMG-20250307-WA0072.jpg 500w, https:\/\/noti-america.com\/site\/peru\/wp-content\/uploads\/sites\/8\/2025\/03\/IMG-20250307-WA0072-300x194.jpg 300w\" sizes=\"auto, (max-width: 500px) 100vw, 500px\" \/><\/a><\/p>\n<p>&nbsp;<\/p>\n<p>Como parte de la agenda diplom\u00e1tica, el canciller Schialer manifest\u00f3 la conveniencia de celebrar la IV Reuni\u00f3n del Mecanismo de Consultas Pol\u00edticas en Lima durante el primer semestre de 2025, con el objetivo de consolidar los avances en la relaci\u00f3n bilateral. Adem\u00e1s, expres\u00f3 su agradecimiento al primer ministro australiano Anthony Albanese por su respaldo evidenciado durante la Semana de L\u00edderes de APEC.<\/p>\n<p>&nbsp;<\/p>\n<p>Una reuni\u00f3n diplom\u00e1tica de compromiso para ambos pa\u00edses con el fortalecimiento de su relaci\u00f3n bilateral, que abre nuevas oportunidades de desarrollo y cooperaci\u00f3n en beneficio mutuo.<\/p>\n","protected":false},"excerpt":{"rendered":"<p>&nbsp; NOTI-AM\u00c9RICA PER\u00da &nbsp; Por Geomar Pacheco Rivera &nbsp; &nbsp; El canciller Elmer Schialer se reuni\u00f3 con la embajadora de Australia en el Per\u00fa, Maree Ringland, para reafirmar el fortalecimiento de la cooperaci\u00f3n bilateral&#46;&#46;&#46;<\/p>\n","protected":false},"author":70,"featured_media":8451,"comment_status":"open","ping_status":"open","sticky":false,"template":"","format":"standard","meta":{"_acf_changed":false,"rop_custom_images_group":[],"rop_custom_messages_group":[],"rop_publish_now":"initial","rop_publish_now_accounts":{"twitter_242054905_242054905":""},"rop_publish_now_history":[],"rop_publish_now_status":"pending","footnotes":""},"categories":[268,4],"tags":[],"class_list":["post-8450","post","type-post","status-publish","format-standard","has-post-thumbnail","hentry","category-acturalidad","category-internacionales"],"acf":[],"yoast_head":"<!-- This site is optimized with the Yoast SEO Premium plugin v24.9 (Yoast SEO v27.2) - https:\/\/yoast.com\/product\/yoast-seo-premium-wordpress\/ -->\n<title>AUSTRALIA Y PER\u00da RATIFICAN RELACIONES COMERCIALES - Per\u00fa | Noti-America.com<\/title>\n<meta name=\"robots\" content=\"index, follow, max-snippet:-1, max-image-preview:large, max-video-preview:-1\" \/>\n<link rel=\"canonical\" href=\"https:\/\/noti-america.com\/site\/peru\/2025\/03\/08\/australia-y-peru-ratifican-relaciones-comerciales\/\" \/>\n<meta property=\"og:locale\" content=\"es_ES\" \/>\n<meta property=\"og:type\" content=\"article\" \/>\n<meta property=\"og:title\" content=\"AUSTRALIA Y PER\u00da RATIFICAN RELACIONES COMERCIALES\" \/>\n<meta property=\"og:description\" content=\"&nbsp; NOTI-AM\u00c9RICA PER\u00da &nbsp; Por Geomar Pacheco Rivera &nbsp; &nbsp; El canciller Elmer Schialer se reuni\u00f3 con la embajadora de Australia en el Per\u00fa, Maree Ringland, para reafirmar el fortalecimiento de la cooperaci\u00f3n bilateral&#046;&#046;&#046;\" \/>\n<meta property=\"og:url\" content=\"https:\/\/noti-america.com\/site\/peru\/2025\/03\/08\/australia-y-peru-ratifican-relaciones-comerciales\/\" \/>\n<meta property=\"og:site_name\" content=\"Per\u00fa | Noti-America.com\" \/>\n<meta property=\"article:published_time\" content=\"2025-03-08T06:41:49+00:00\" \/>\n<meta property=\"og:image\" content=\"https:\/\/noti-america.com\/site\/peru\/wp-content\/uploads\/sites\/8\/2025\/03\/IMG-20250307-WA0071.jpg\" \/>\n\t<meta property=\"og:image:width\" content=\"1600\" \/>\n\t<meta property=\"og:image:height\" content=\"1087\" \/>\n\t<meta property=\"og:image:type\" content=\"image\/jpeg\" \/>\n<meta name=\"author\" content=\"Geomar Pacheco R.\" \/>\n<meta name=\"twitter:card\" content=\"summary_large_image\" \/>\n<meta name=\"twitter:creator\" content=\"@GeomarPacheco1\" \/>\n<meta name=\"twitter:label1\" content=\"Escrito por\" \/>\n\t<meta name=\"twitter:data1\" content=\"Geomar Pacheco R.\" \/>\n\t<meta name=\"twitter:label2\" content=\"Tiempo estimado de lectura\" \/>\n\t<meta name=\"twitter:data2\" content=\"2 minutos\" \/>\n<script type=\"application\/ld+json\" class=\"yoast-schema-graph\">{\"@context\":\"https:\/\/schema.org\",\"@graph\":[{\"@type\":\"Article\",\"@id\":\"https:\/\/noti-america.com\/site\/peru\/2025\/03\/08\/australia-y-peru-ratifican-relaciones-comerciales\/#article\",\"isPartOf\":{\"@id\":\"https:\/\/noti-america.com\/site\/peru\/2025\/03\/08\/australia-y-peru-ratifican-relaciones-comerciales\/\"},\"author\":{\"name\":\"Geomar Pacheco R.\",\"@id\":\"https:\/\/noti-america.com\/site\/peru\/#\/schema\/person\/28a35f20383bf2485bc838bfe76aebdc\"},\"headline\":\"AUSTRALIA Y PER\u00da RATIFICAN RELACIONES COMERCIALES\",\"datePublished\":\"2025-03-08T06:41:49+00:00\",\"mainEntityOfPage\":{\"@id\":\"https:\/\/noti-america.com\/site\/peru\/2025\/03\/08\/australia-y-peru-ratifican-relaciones-comerciales\/\"},\"wordCount\":372,\"commentCount\":0,\"publisher\":{\"@id\":\"https:\/\/noti-america.com\/site\/peru\/#organization\"},\"image\":{\"@id\":\"https:\/\/noti-america.com\/site\/peru\/2025\/03\/08\/australia-y-peru-ratifican-relaciones-comerciales\/#primaryimage\"},\"thumbnailUrl\":\"https:\/\/noti-america.com\/site\/peru\/wp-content\/uploads\/sites\/8\/2025\/03\/IMG-20250307-WA0071.jpg\",\"articleSection\":[\"Actualidad\",\"Internacionales\"],\"inLanguage\":\"es\",\"potentialAction\":[{\"@type\":\"CommentAction\",\"name\":\"Comment\",\"target\":[\"https:\/\/noti-america.com\/site\/peru\/2025\/03\/08\/australia-y-peru-ratifican-relaciones-comerciales\/#respond\"]}]},{\"@type\":\"WebPage\",\"@id\":\"https:\/\/noti-america.com\/site\/peru\/2025\/03\/08\/australia-y-peru-ratifican-relaciones-comerciales\/\",\"url\":\"https:\/\/noti-america.com\/site\/peru\/2025\/03\/08\/australia-y-peru-ratifican-relaciones-comerciales\/\",\"name\":\"AUSTRALIA Y PER\u00da RATIFICAN RELACIONES COMERCIALES - Per\u00fa | Noti-America.com\",\"isPartOf\":{\"@id\":\"https:\/\/noti-america.com\/site\/peru\/#website\"},\"primaryImageOfPage\":{\"@id\":\"https:\/\/noti-america.com\/site\/peru\/2025\/03\/08\/australia-y-peru-ratifican-relaciones-comerciales\/#primaryimage\"},\"image\":{\"@id\":\"https:\/\/noti-america.com\/site\/peru\/2025\/03\/08\/australia-y-peru-ratifican-relaciones-comerciales\/#primaryimage\"},\"thumbnailUrl\":\"https:\/\/noti-america.com\/site\/peru\/wp-content\/uploads\/sites\/8\/2025\/03\/IMG-20250307-WA0071.jpg\",\"datePublished\":\"2025-03-08T06:41:49+00:00\",\"breadcrumb\":{\"@id\":\"https:\/\/noti-america.com\/site\/peru\/2025\/03\/08\/australia-y-peru-ratifican-relaciones-comerciales\/#breadcrumb\"},\"inLanguage\":\"es\",\"potentialAction\":[{\"@type\":\"ReadAction\",\"target\":[\"https:\/\/noti-america.com\/site\/peru\/2025\/03\/08\/australia-y-peru-ratifican-relaciones-comerciales\/\"]}]},{\"@type\":\"ImageObject\",\"inLanguage\":\"es\",\"@id\":\"https:\/\/noti-america.com\/site\/peru\/2025\/03\/08\/australia-y-peru-ratifican-relaciones-comerciales\/#primaryimage\",\"url\":\"https:\/\/noti-america.com\/site\/peru\/wp-content\/uploads\/sites\/8\/2025\/03\/IMG-20250307-WA0071.jpg\",\"contentUrl\":\"https:\/\/noti-america.com\/site\/peru\/wp-content\/uploads\/sites\/8\/2025\/03\/IMG-20250307-WA0071.jpg\",\"width\":1600,\"height\":1087},{\"@type\":\"BreadcrumbList\",\"@id\":\"https:\/\/noti-america.com\/site\/peru\/2025\/03\/08\/australia-y-peru-ratifican-relaciones-comerciales\/#breadcrumb\",\"itemListElement\":[{\"@type\":\"ListItem\",\"position\":1,\"name\":\"Portada\",\"item\":\"https:\/\/noti-america.com\/site\/peru\/\"},{\"@type\":\"ListItem\",\"position\":2,\"name\":\"AUSTRALIA Y PER\u00da RATIFICAN RELACIONES COMERCIALES\"}]},{\"@type\":\"WebSite\",\"@id\":\"https:\/\/noti-america.com\/site\/peru\/#website\",\"url\":\"https:\/\/noti-america.com\/site\/peru\/\",\"name\":\"Per\u00fa | Noti-America.com\",\"description\":\"\",\"publisher\":{\"@id\":\"https:\/\/noti-america.com\/site\/peru\/#organization\"},\"potentialAction\":[{\"@type\":\"SearchAction\",\"target\":{\"@type\":\"EntryPoint\",\"urlTemplate\":\"https:\/\/noti-america.com\/site\/peru\/?s={search_term_string}\"},\"query-input\":{\"@type\":\"PropertyValueSpecification\",\"valueRequired\":true,\"valueName\":\"search_term_string\"}}],\"inLanguage\":\"es\"},{\"@type\":\"Organization\",\"@id\":\"https:\/\/noti-america.com\/site\/peru\/#organization\",\"name\":\"Noti-America LLC | Per\u00fa\",\"url\":\"https:\/\/noti-america.com\/site\/peru\/\",\"logo\":{\"@type\":\"ImageObject\",\"inLanguage\":\"es\",\"@id\":\"https:\/\/noti-america.com\/site\/peru\/#\/schema\/logo\/image\/\",\"url\":\"https:\/\/noti-america.com\/site\/peru\/wp-content\/uploads\/sites\/8\/2020\/07\/LogoNA-4x3-1.jpg\",\"contentUrl\":\"https:\/\/noti-america.com\/site\/peru\/wp-content\/uploads\/sites\/8\/2020\/07\/LogoNA-4x3-1.jpg\",\"width\":1236,\"height\":1080,\"caption\":\"Noti-America LLC | Per\u00fa\"},\"image\":{\"@id\":\"https:\/\/noti-america.com\/site\/peru\/#\/schema\/logo\/image\/\"}},{\"@type\":\"Person\",\"@id\":\"https:\/\/noti-america.com\/site\/peru\/#\/schema\/person\/28a35f20383bf2485bc838bfe76aebdc\",\"name\":\"Geomar Pacheco R.\",\"image\":{\"@type\":\"ImageObject\",\"inLanguage\":\"es\",\"@id\":\"https:\/\/secure.gravatar.com\/avatar\/5f09cb527f9632e92234c6fc6e2cbcefebeed6bdeb0f9129ea4cbc7aa71587c6?s=96&d=mm&r=g\",\"url\":\"https:\/\/secure.gravatar.com\/avatar\/5f09cb527f9632e92234c6fc6e2cbcefebeed6bdeb0f9129ea4cbc7aa71587c6?s=96&d=mm&r=g\",\"contentUrl\":\"https:\/\/secure.gravatar.com\/avatar\/5f09cb527f9632e92234c6fc6e2cbcefebeed6bdeb0f9129ea4cbc7aa71587c6?s=96&d=mm&r=g\",\"caption\":\"Geomar Pacheco R.\"},\"sameAs\":[\"https:\/\/x.com\/GeomarPacheco1\"],\"url\":\"https:\/\/noti-america.com\/site\/peru\/author\/gpacheco\/\"}]}<\/script>\n<!-- \/ Yoast SEO Premium plugin. -->","yoast_head_json":{"title":"AUSTRALIA Y PER\u00da RATIFICAN RELACIONES COMERCIALES - Per\u00fa | Noti-America.com","robots":{"index":"index","follow":"follow","max-snippet":"max-snippet:-1","max-image-preview":"max-image-preview:large","max-video-preview":"max-video-preview:-1"},"canonical":"https:\/\/noti-america.com\/site\/peru\/2025\/03\/08\/australia-y-peru-ratifican-relaciones-comerciales\/","og_locale":"es_ES","og_type":"article","og_title":"AUSTRALIA Y PER\u00da RATIFICAN RELACIONES COMERCIALES","og_description":"&nbsp; NOTI-AM\u00c9RICA PER\u00da &nbsp; Por Geomar Pacheco Rivera &nbsp; &nbsp; El canciller Elmer Schialer se reuni\u00f3 con la embajadora de Australia en el Per\u00fa, Maree Ringland, para reafirmar el fortalecimiento de la cooperaci\u00f3n bilateral&#46;&#46;&#46;","og_url":"https:\/\/noti-america.com\/site\/peru\/2025\/03\/08\/australia-y-peru-ratifican-relaciones-comerciales\/","og_site_name":"Per\u00fa | Noti-America.com","article_published_time":"2025-03-08T06:41:49+00:00","og_image":[{"width":1600,"height":1087,"url":"https:\/\/noti-america.com\/site\/peru\/wp-content\/uploads\/sites\/8\/2025\/03\/IMG-20250307-WA0071.jpg","type":"image\/jpeg"}],"author":"Geomar Pacheco R.","twitter_card":"summary_large_image","twitter_creator":"@GeomarPacheco1","twitter_misc":{"Escrito por":"Geomar Pacheco R.","Tiempo estimado de lectura":"2 minutos"},"schema":{"@context":"https:\/\/schema.org","@graph":[{"@type":"Article","@id":"https:\/\/noti-america.com\/site\/peru\/2025\/03\/08\/australia-y-peru-ratifican-relaciones-comerciales\/#article","isPartOf":{"@id":"https:\/\/noti-america.com\/site\/peru\/2025\/03\/08\/australia-y-peru-ratifican-relaciones-comerciales\/"},"author":{"name":"Geomar Pacheco R.","@id":"https:\/\/noti-america.com\/site\/peru\/#\/schema\/person\/28a35f20383bf2485bc838bfe76aebdc"},"headline":"AUSTRALIA Y PER\u00da RATIFICAN RELACIONES COMERCIALES","datePublished":"2025-03-08T06:41:49+00:00","mainEntityOfPage":{"@id":"https:\/\/noti-america.com\/site\/peru\/2025\/03\/08\/australia-y-peru-ratifican-relaciones-comerciales\/"},"wordCount":372,"commentCount":0,"publisher":{"@id":"https:\/\/noti-america.com\/site\/peru\/#organization"},"image":{"@id":"https:\/\/noti-america.com\/site\/peru\/2025\/03\/08\/australia-y-peru-ratifican-relaciones-comerciales\/#primaryimage"},"thumbnailUrl":"https:\/\/noti-america.com\/site\/peru\/wp-content\/uploads\/sites\/8\/2025\/03\/IMG-20250307-WA0071.jpg","articleSection":["Actualidad","Internacionales"],"inLanguage":"es","potentialAction":[{"@type":"CommentAction","name":"Comment","target":["https:\/\/noti-america.com\/site\/peru\/2025\/03\/08\/australia-y-peru-ratifican-relaciones-comerciales\/#respond"]}]},{"@type":"WebPage","@id":"https:\/\/noti-america.com\/site\/peru\/2025\/03\/08\/australia-y-peru-ratifican-relaciones-comerciales\/","url":"https:\/\/noti-america.com\/site\/peru\/2025\/03\/08\/australia-y-peru-ratifican-relaciones-comerciales\/","name":"AUSTRALIA Y PER\u00da RATIFICAN RELACIONES COMERCIALES - Per\u00fa | Noti-America.com","isPartOf":{"@id":"https:\/\/noti-america.com\/site\/peru\/#website"},"primaryImageOfPage":{"@id":"https:\/\/noti-america.com\/site\/peru\/2025\/03\/08\/australia-y-peru-ratifican-relaciones-comerciales\/#primaryimage"},"image":{"@id":"https:\/\/noti-america.com\/site\/peru\/2025\/03\/08\/australia-y-peru-ratifican-relaciones-comerciales\/#primaryimage"},"thumbnailUrl":"https:\/\/noti-america.com\/site\/peru\/wp-content\/uploads\/sites\/8\/2025\/03\/IMG-20250307-WA0071.jpg","datePublished":"2025-03-08T06:41:49+00:00","breadcrumb":{"@id":"https:\/\/noti-america.com\/site\/peru\/2025\/03\/08\/australia-y-peru-ratifican-relaciones-comerciales\/#breadcrumb"},"inLanguage":"es","potentialAction":[{"@type":"ReadAction","target":["https:\/\/noti-america.com\/site\/peru\/2025\/03\/08\/australia-y-peru-ratifican-relaciones-comerciales\/"]}]},{"@type":"ImageObject","inLanguage":"es","@id":"https:\/\/noti-america.com\/site\/peru\/2025\/03\/08\/australia-y-peru-ratifican-relaciones-comerciales\/#primaryimage","url":"https:\/\/noti-america.com\/site\/peru\/wp-content\/uploads\/sites\/8\/2025\/03\/IMG-20250307-WA0071.jpg","contentUrl":"https:\/\/noti-america.com\/site\/peru\/wp-content\/uploads\/sites\/8\/2025\/03\/IMG-20250307-WA0071.jpg","width":1600,"height":1087},{"@type":"BreadcrumbList","@id":"https:\/\/noti-america.com\/site\/peru\/2025\/03\/08\/australia-y-peru-ratifican-relaciones-comerciales\/#breadcrumb","itemListElement":[{"@type":"ListItem","position":1,"name":"Portada","item":"https:\/\/noti-america.com\/site\/peru\/"},{"@type":"ListItem","position":2,"name":"AUSTRALIA Y PER\u00da RATIFICAN RELACIONES COMERCIALES"}]},{"@type":"WebSite","@id":"https:\/\/noti-america.com\/site\/peru\/#website","url":"https:\/\/noti-america.com\/site\/peru\/","name":"Per\u00fa | Noti-America.com","description":"","publisher":{"@id":"https:\/\/noti-america.com\/site\/peru\/#organization"},"potentialAction":[{"@type":"SearchAction","target":{"@type":"EntryPoint","urlTemplate":"https:\/\/noti-america.com\/site\/peru\/?s={search_term_string}"},"query-input":{"@type":"PropertyValueSpecification","valueRequired":true,"valueName":"search_term_string"}}],"inLanguage":"es"},{"@type":"Organization","@id":"https:\/\/noti-america.com\/site\/peru\/#organization","name":"Noti-America LLC | Per\u00fa","url":"https:\/\/noti-america.com\/site\/peru\/","logo":{"@type":"ImageObject","inLanguage":"es","@id":"https:\/\/noti-america.com\/site\/peru\/#\/schema\/logo\/image\/","url":"https:\/\/noti-america.com\/site\/peru\/wp-content\/uploads\/sites\/8\/2020\/07\/LogoNA-4x3-1.jpg","contentUrl":"https:\/\/noti-america.com\/site\/peru\/wp-content\/uploads\/sites\/8\/2020\/07\/LogoNA-4x3-1.jpg","width":1236,"height":1080,"caption":"Noti-America LLC | Per\u00fa"},"image":{"@id":"https:\/\/noti-america.com\/site\/peru\/#\/schema\/logo\/image\/"}},{"@type":"Person","@id":"https:\/\/noti-america.com\/site\/peru\/#\/schema\/person\/28a35f20383bf2485bc838bfe76aebdc","name":"Geomar Pacheco R.","image":{"@type":"ImageObject","inLanguage":"es","@id":"https:\/\/secure.gravatar.com\/avatar\/5f09cb527f9632e92234c6fc6e2cbcefebeed6bdeb0f9129ea4cbc7aa71587c6?s=96&d=mm&r=g","url":"https:\/\/secure.gravatar.com\/avatar\/5f09cb527f9632e92234c6fc6e2cbcefebeed6bdeb0f9129ea4cbc7aa71587c6?s=96&d=mm&r=g","contentUrl":"https:\/\/secure.gravatar.com\/avatar\/5f09cb527f9632e92234c6fc6e2cbcefebeed6bdeb0f9129ea4cbc7aa71587c6?s=96&d=mm&r=g","caption":"Geomar Pacheco R."},"sameAs":["https:\/\/x.com\/GeomarPacheco1"],"url":"https:\/\/noti-america.com\/site\/peru\/author\/gpacheco\/"}]}},"_links":{"self":[{"href":"https:\/\/noti-america.com\/site\/peru\/wp-json\/wp\/v2\/posts\/8450","targetHints":{"allow":["GET"]}}],"collection":[{"href":"https:\/\/noti-america.com\/site\/peru\/wp-json\/wp\/v2\/posts"}],"about":[{"href":"https:\/\/noti-america.com\/site\/peru\/wp-json\/wp\/v2\/types\/post"}],"author":[{"embeddable":true,"href":"https:\/\/noti-america.com\/site\/peru\/wp-json\/wp\/v2\/users\/70"}],"replies":[{"embeddable":true,"href":"https:\/\/noti-america.com\/site\/peru\/wp-json\/wp\/v2\/comments?post=8450"}],"version-history":[{"count":1,"href":"https:\/\/noti-america.com\/site\/peru\/wp-json\/wp\/v2\/posts\/8450\/revisions"}],"predecessor-version":[{"id":8453,"href":"https:\/\/noti-america.com\/site\/peru\/wp-json\/wp\/v2\/posts\/8450\/revisions\/8453"}],"wp:featuredmedia":[{"embeddable":true,"href":"https:\/\/noti-america.com\/site\/peru\/wp-json\/wp\/v2\/media\/8451"}],"wp:attachment":[{"href":"https:\/\/noti-america.com\/site\/peru\/wp-json\/wp\/v2\/media?parent=8450"}],"wp:term":[{"taxonomy":"category","embeddable":true,"href":"https:\/\/noti-america.com\/site\/peru\/wp-json\/wp\/v2\/categories?post=8450"},{"taxonomy":"post_tag","embeddable":true,"href":"https:\/\/noti-america.com\/site\/peru\/wp-json\/wp\/v2\/tags?post=8450"}],"curies":[{"name":"wp","href":"https:\/\/api.w.org\/{rel}","templated":true}]}}