{"id":8420,"date":"2025-02-20T22:53:26","date_gmt":"2025-02-20T22:53:26","guid":{"rendered":"https:\/\/noti-america.com\/site\/peru\/?p=8420"},"modified":"2025-02-20T22:53:26","modified_gmt":"2025-02-20T22:53:26","slug":"oramos-por-la-vida-y-bienestar-del-papa-francisco","status":"publish","type":"post","link":"https:\/\/noti-america.com\/site\/peru\/2025\/02\/20\/oramos-por-la-vida-y-bienestar-del-papa-francisco\/","title":{"rendered":"ORAMOS POR LA VIDA Y BIENESTAR DEL PAPA FRANCISCO"},"content":{"rendered":"<p style=\"text-align: justify\"><span style=\"font-family: Tahoma, Arial, Helvetica, sans-serif;font-size: 14pt\"><strong>NOTI-AM\u00c9RICA PER\u00da<\/strong><\/span><\/p>\n<p style=\"text-align: justify\">\n<p style=\"text-align: justify\"><span style=\"font-family: Tahoma, Arial, Helvetica, sans-serif;font-size: 14pt\"><strong>Por Geomar Pacheco Rivera<\/strong><\/span><\/p>\n<p style=\"text-align: justify\">\n<p style=\"text-align: justify\">\n<p style=\"text-align: justify\"><span style=\"font-family: Tahoma, Arial, Helvetica, sans-serif;font-size: 14pt\">Profunda consternaci\u00f3n entre los ciudadanos cat\u00f3licos del mundo ha causado conocer el cuadro cl\u00ednico diagnosticado por los m\u00e9dicos del hospital Gemelli, que al hasta el cierre de esta edici\u00f3n es delicado y de reposo absoluto.<\/span><\/p>\n<p style=\"text-align: justify\">\n<p style=\"text-align: justify\"><span style=\"font-family: Tahoma, Arial, Helvetica, sans-serif;font-size: 14pt\">Desde el Vaticano se conoci\u00f3 del cuadro m\u00e9dico que presenta el Sumo Pont\u00edfice Francisco, quien hace ocho d\u00edas se encuentra hospitalizado recibiendo atenci\u00f3n m\u00e9dica especializada.<\/span><\/p>\n<p style=\"text-align: justify\">\n<p style=\"text-align: justify\"><span style=\"font-family: Tahoma, Arial, Helvetica, sans-serif;font-size: 14pt\">La bronquiectasis y bronquitis asm\u00e1tica, a sus 88 a\u00f1os, podr\u00eda requerir de un tratamiento prolongado, el cual se traduce en antibi\u00f3ticos y corticoides, con el necesario reposo absoluto.<\/span><\/p>\n<p style=\"text-align: justify\">\n<p style=\"text-align: justify\"><span style=\"font-family: Tahoma, Arial, Helvetica, sans-serif;font-size: 14pt\">Ante ello los funcionarios de la Santa Sede han hecho conocer la existencia de una carta de dimisi\u00f3n suscrita por el Papa Francisco, oportunamente.<\/span><\/p>\n<p style=\"text-align: justify\"><a href=\"https:\/\/noti-america.com\/site\/peru\/wp-content\/uploads\/sites\/8\/2025\/02\/IMG-20250219-WA0056.jpg\"><img loading=\"lazy\" decoding=\"async\" class=\"aligncenter size-full wp-image-8421\" src=\"https:\/\/noti-america.com\/site\/peru\/wp-content\/uploads\/sites\/8\/2025\/02\/IMG-20250219-WA0056.jpg\" alt=\"\" width=\"444\" height=\"569\" srcset=\"https:\/\/noti-america.com\/site\/peru\/wp-content\/uploads\/sites\/8\/2025\/02\/IMG-20250219-WA0056.jpg 444w, https:\/\/noti-america.com\/site\/peru\/wp-content\/uploads\/sites\/8\/2025\/02\/IMG-20250219-WA0056-234x300.jpg 234w\" sizes=\"auto, (max-width: 444px) 100vw, 444px\" \/><\/a><\/p>\n<p style=\"text-align: justify\"><span style=\"font-family: Tahoma, Arial, Helvetica, sans-serif;font-size: 14pt\">El delicado cuadro de salud del Papa Francisco, nacido en Argentina hace 88 a\u00f1os, une a multitudes de fieles en oraci\u00f3n por su vida. \u201cEs de p\u00fablico conocimiento que su deseo era permanecer en misi\u00f3n hasta que su cuerpo lo permita\u201d.<\/span><\/p>\n<p style=\"text-align: justify\">\n<p style=\"text-align: justify\"><span style=\"font-family: Tahoma, Arial, Helvetica, sans-serif;font-size: 14pt\">Como ser humano de fe, Francisco se entrega a la voluntad divina con la confianza en que sus colaboradores y el hermano que lo suceda en el Vaticano respeten las decisiones suscritas durante la gesti\u00f3n de su papado. El proceso de sucesi\u00f3n establecido por las Normas del Derecho Can\u00f3nico se deber\u00e1 cumplir.<\/span><\/p>\n<p style=\"text-align: justify\">\n<p style=\"text-align: justify\"><span style=\"font-family: Tahoma, Arial, Helvetica, sans-serif;font-size: 14pt\">En ese sentido se comprende la decisi\u00f3n del Sumo Pont\u00edfice Francisco al dejar el camino administrativo libre de escollos para una sucesi\u00f3n ordenada, correcta, as\u00ed como justa.<\/span><\/p>\n<p style=\"text-align: justify\"><a href=\"https:\/\/noti-america.com\/site\/peru\/wp-content\/uploads\/sites\/8\/2025\/02\/IMG-20250219-WA0057.jpg\"><img loading=\"lazy\" decoding=\"async\" class=\"aligncenter size-full wp-image-8422\" src=\"https:\/\/noti-america.com\/site\/peru\/wp-content\/uploads\/sites\/8\/2025\/02\/IMG-20250219-WA0057.jpg\" alt=\"\" width=\"287\" height=\"176\" \/><\/a><\/p>\n<p style=\"text-align: justify\"><span style=\"font-family: Tahoma, Arial, Helvetica, sans-serif;font-size: 14pt\">Los fieles cat\u00f3licos oran en m\u00e1s de los 210 pa\u00edses que encierra el planeta Tierra.<\/span><\/p>\n<p style=\"text-align: justify\">\n<p style=\"text-align: justify\"><span style=\"font-family: Tahoma, Arial, Helvetica, sans-serif;font-size: 14pt\">Desde Per\u00fa y todas las naciones lo a<\/span><span style=\"font-family: Tahoma, Arial, Helvetica, sans-serif;font-size: 14pt\">compa\u00f1an en oraci\u00f3n.<\/span><\/p>\n","protected":false},"excerpt":{"rendered":"<p>NOTI-AM\u00c9RICA PER\u00da Por Geomar Pacheco Rivera Profunda consternaci\u00f3n entre los ciudadanos cat\u00f3licos del mundo ha causado conocer el cuadro cl\u00ednico diagnosticado por los m\u00e9dicos del hospital Gemelli, que al hasta el cierre de esta&#46;&#46;&#46;<\/p>\n","protected":false},"author":70,"featured_media":8421,"comment_status":"open","ping_status":"open","sticky":false,"template":"","format":"standard","meta":{"_acf_changed":false,"rop_custom_images_group":[],"rop_custom_messages_group":[],"rop_publish_now":"initial","rop_publish_now_accounts":{"twitter_242054905_242054905":""},"rop_publish_now_history":[],"rop_publish_now_status":"pending","footnotes":""},"categories":[268,4],"tags":[],"class_list":["post-8420","post","type-post","status-publish","format-standard","has-post-thumbnail","hentry","category-acturalidad","category-internacionales"],"acf":[],"yoast_head":"<!-- This site is optimized with the Yoast SEO Premium plugin v24.9 (Yoast SEO v27.2) - https:\/\/yoast.com\/product\/yoast-seo-premium-wordpress\/ -->\n<title>ORAMOS POR LA VIDA Y BIENESTAR DEL PAPA FRANCISCO - Per\u00fa | Noti-America.com<\/title>\n<meta name=\"robots\" content=\"index, follow, max-snippet:-1, max-image-preview:large, max-video-preview:-1\" \/>\n<link rel=\"canonical\" href=\"https:\/\/noti-america.com\/site\/peru\/2025\/02\/20\/oramos-por-la-vida-y-bienestar-del-papa-francisco\/\" \/>\n<meta property=\"og:locale\" content=\"es_ES\" \/>\n<meta property=\"og:type\" content=\"article\" \/>\n<meta property=\"og:title\" content=\"ORAMOS POR LA VIDA Y BIENESTAR DEL PAPA FRANCISCO\" \/>\n<meta property=\"og:description\" content=\"NOTI-AM\u00c9RICA PER\u00da Por Geomar Pacheco Rivera Profunda consternaci\u00f3n entre los ciudadanos cat\u00f3licos del mundo ha causado conocer el cuadro cl\u00ednico diagnosticado por los m\u00e9dicos del hospital Gemelli, que al hasta el cierre de esta&#046;&#046;&#046;\" \/>\n<meta property=\"og:url\" content=\"https:\/\/noti-america.com\/site\/peru\/2025\/02\/20\/oramos-por-la-vida-y-bienestar-del-papa-francisco\/\" \/>\n<meta property=\"og:site_name\" content=\"Per\u00fa | Noti-America.com\" \/>\n<meta property=\"article:published_time\" content=\"2025-02-20T22:53:26+00:00\" \/>\n<meta property=\"og:image\" content=\"https:\/\/noti-america.com\/site\/peru\/wp-content\/uploads\/sites\/8\/2025\/02\/IMG-20250219-WA0056.jpg\" \/>\n\t<meta property=\"og:image:width\" content=\"444\" \/>\n\t<meta property=\"og:image:height\" content=\"569\" \/>\n\t<meta property=\"og:image:type\" content=\"image\/jpeg\" \/>\n<meta name=\"author\" content=\"Geomar Pacheco R.\" \/>\n<meta name=\"twitter:card\" content=\"summary_large_image\" \/>\n<meta name=\"twitter:creator\" content=\"@GeomarPacheco1\" \/>\n<meta name=\"twitter:label1\" content=\"Escrito por\" \/>\n\t<meta name=\"twitter:data1\" content=\"Geomar Pacheco R.\" \/>\n\t<meta name=\"twitter:label2\" content=\"Tiempo estimado de lectura\" \/>\n\t<meta name=\"twitter:data2\" content=\"2 minutos\" \/>\n<script type=\"application\/ld+json\" class=\"yoast-schema-graph\">{\"@context\":\"https:\/\/schema.org\",\"@graph\":[{\"@type\":\"Article\",\"@id\":\"https:\/\/noti-america.com\/site\/peru\/2025\/02\/20\/oramos-por-la-vida-y-bienestar-del-papa-francisco\/#article\",\"isPartOf\":{\"@id\":\"https:\/\/noti-america.com\/site\/peru\/2025\/02\/20\/oramos-por-la-vida-y-bienestar-del-papa-francisco\/\"},\"author\":{\"name\":\"Geomar Pacheco R.\",\"@id\":\"https:\/\/noti-america.com\/site\/peru\/#\/schema\/person\/28a35f20383bf2485bc838bfe76aebdc\"},\"headline\":\"ORAMOS POR LA VIDA Y BIENESTAR DEL PAPA FRANCISCO\",\"datePublished\":\"2025-02-20T22:53:26+00:00\",\"mainEntityOfPage\":{\"@id\":\"https:\/\/noti-america.com\/site\/peru\/2025\/02\/20\/oramos-por-la-vida-y-bienestar-del-papa-francisco\/\"},\"wordCount\":301,\"commentCount\":0,\"publisher\":{\"@id\":\"https:\/\/noti-america.com\/site\/peru\/#organization\"},\"image\":{\"@id\":\"https:\/\/noti-america.com\/site\/peru\/2025\/02\/20\/oramos-por-la-vida-y-bienestar-del-papa-francisco\/#primaryimage\"},\"thumbnailUrl\":\"https:\/\/noti-america.com\/site\/peru\/wp-content\/uploads\/sites\/8\/2025\/02\/IMG-20250219-WA0056.jpg\",\"articleSection\":[\"Actualidad\",\"Internacionales\"],\"inLanguage\":\"es\",\"potentialAction\":[{\"@type\":\"CommentAction\",\"name\":\"Comment\",\"target\":[\"https:\/\/noti-america.com\/site\/peru\/2025\/02\/20\/oramos-por-la-vida-y-bienestar-del-papa-francisco\/#respond\"]}]},{\"@type\":\"WebPage\",\"@id\":\"https:\/\/noti-america.com\/site\/peru\/2025\/02\/20\/oramos-por-la-vida-y-bienestar-del-papa-francisco\/\",\"url\":\"https:\/\/noti-america.com\/site\/peru\/2025\/02\/20\/oramos-por-la-vida-y-bienestar-del-papa-francisco\/\",\"name\":\"ORAMOS POR LA VIDA Y BIENESTAR DEL PAPA FRANCISCO - Per\u00fa | Noti-America.com\",\"isPartOf\":{\"@id\":\"https:\/\/noti-america.com\/site\/peru\/#website\"},\"primaryImageOfPage\":{\"@id\":\"https:\/\/noti-america.com\/site\/peru\/2025\/02\/20\/oramos-por-la-vida-y-bienestar-del-papa-francisco\/#primaryimage\"},\"image\":{\"@id\":\"https:\/\/noti-america.com\/site\/peru\/2025\/02\/20\/oramos-por-la-vida-y-bienestar-del-papa-francisco\/#primaryimage\"},\"thumbnailUrl\":\"https:\/\/noti-america.com\/site\/peru\/wp-content\/uploads\/sites\/8\/2025\/02\/IMG-20250219-WA0056.jpg\",\"datePublished\":\"2025-02-20T22:53:26+00:00\",\"breadcrumb\":{\"@id\":\"https:\/\/noti-america.com\/site\/peru\/2025\/02\/20\/oramos-por-la-vida-y-bienestar-del-papa-francisco\/#breadcrumb\"},\"inLanguage\":\"es\",\"potentialAction\":[{\"@type\":\"ReadAction\",\"target\":[\"https:\/\/noti-america.com\/site\/peru\/2025\/02\/20\/oramos-por-la-vida-y-bienestar-del-papa-francisco\/\"]}]},{\"@type\":\"ImageObject\",\"inLanguage\":\"es\",\"@id\":\"https:\/\/noti-america.com\/site\/peru\/2025\/02\/20\/oramos-por-la-vida-y-bienestar-del-papa-francisco\/#primaryimage\",\"url\":\"https:\/\/noti-america.com\/site\/peru\/wp-content\/uploads\/sites\/8\/2025\/02\/IMG-20250219-WA0056.jpg\",\"contentUrl\":\"https:\/\/noti-america.com\/site\/peru\/wp-content\/uploads\/sites\/8\/2025\/02\/IMG-20250219-WA0056.jpg\",\"width\":444,\"height\":569},{\"@type\":\"BreadcrumbList\",\"@id\":\"https:\/\/noti-america.com\/site\/peru\/2025\/02\/20\/oramos-por-la-vida-y-bienestar-del-papa-francisco\/#breadcrumb\",\"itemListElement\":[{\"@type\":\"ListItem\",\"position\":1,\"name\":\"Portada\",\"item\":\"https:\/\/noti-america.com\/site\/peru\/\"},{\"@type\":\"ListItem\",\"position\":2,\"name\":\"ORAMOS POR LA VIDA Y BIENESTAR DEL PAPA FRANCISCO\"}]},{\"@type\":\"WebSite\",\"@id\":\"https:\/\/noti-america.com\/site\/peru\/#website\",\"url\":\"https:\/\/noti-america.com\/site\/peru\/\",\"name\":\"Per\u00fa | Noti-America.com\",\"description\":\"\",\"publisher\":{\"@id\":\"https:\/\/noti-america.com\/site\/peru\/#organization\"},\"potentialAction\":[{\"@type\":\"SearchAction\",\"target\":{\"@type\":\"EntryPoint\",\"urlTemplate\":\"https:\/\/noti-america.com\/site\/peru\/?s={search_term_string}\"},\"query-input\":{\"@type\":\"PropertyValueSpecification\",\"valueRequired\":true,\"valueName\":\"search_term_string\"}}],\"inLanguage\":\"es\"},{\"@type\":\"Organization\",\"@id\":\"https:\/\/noti-america.com\/site\/peru\/#organization\",\"name\":\"Noti-America LLC | Per\u00fa\",\"url\":\"https:\/\/noti-america.com\/site\/peru\/\",\"logo\":{\"@type\":\"ImageObject\",\"inLanguage\":\"es\",\"@id\":\"https:\/\/noti-america.com\/site\/peru\/#\/schema\/logo\/image\/\",\"url\":\"https:\/\/noti-america.com\/site\/peru\/wp-content\/uploads\/sites\/8\/2020\/07\/LogoNA-4x3-1.jpg\",\"contentUrl\":\"https:\/\/noti-america.com\/site\/peru\/wp-content\/uploads\/sites\/8\/2020\/07\/LogoNA-4x3-1.jpg\",\"width\":1236,\"height\":1080,\"caption\":\"Noti-America LLC | Per\u00fa\"},\"image\":{\"@id\":\"https:\/\/noti-america.com\/site\/peru\/#\/schema\/logo\/image\/\"}},{\"@type\":\"Person\",\"@id\":\"https:\/\/noti-america.com\/site\/peru\/#\/schema\/person\/28a35f20383bf2485bc838bfe76aebdc\",\"name\":\"Geomar Pacheco R.\",\"image\":{\"@type\":\"ImageObject\",\"inLanguage\":\"es\",\"@id\":\"https:\/\/secure.gravatar.com\/avatar\/5f09cb527f9632e92234c6fc6e2cbcefebeed6bdeb0f9129ea4cbc7aa71587c6?s=96&d=mm&r=g\",\"url\":\"https:\/\/secure.gravatar.com\/avatar\/5f09cb527f9632e92234c6fc6e2cbcefebeed6bdeb0f9129ea4cbc7aa71587c6?s=96&d=mm&r=g\",\"contentUrl\":\"https:\/\/secure.gravatar.com\/avatar\/5f09cb527f9632e92234c6fc6e2cbcefebeed6bdeb0f9129ea4cbc7aa71587c6?s=96&d=mm&r=g\",\"caption\":\"Geomar Pacheco R.\"},\"sameAs\":[\"https:\/\/x.com\/GeomarPacheco1\"],\"url\":\"https:\/\/noti-america.com\/site\/peru\/author\/gpacheco\/\"}]}<\/script>\n<!-- \/ Yoast SEO Premium plugin. -->","yoast_head_json":{"title":"ORAMOS POR LA VIDA Y BIENESTAR DEL PAPA FRANCISCO - Per\u00fa | Noti-America.com","robots":{"index":"index","follow":"follow","max-snippet":"max-snippet:-1","max-image-preview":"max-image-preview:large","max-video-preview":"max-video-preview:-1"},"canonical":"https:\/\/noti-america.com\/site\/peru\/2025\/02\/20\/oramos-por-la-vida-y-bienestar-del-papa-francisco\/","og_locale":"es_ES","og_type":"article","og_title":"ORAMOS POR LA VIDA Y BIENESTAR DEL PAPA FRANCISCO","og_description":"NOTI-AM\u00c9RICA PER\u00da Por Geomar Pacheco Rivera Profunda consternaci\u00f3n entre los ciudadanos cat\u00f3licos del mundo ha causado conocer el cuadro cl\u00ednico diagnosticado por los m\u00e9dicos del hospital Gemelli, que al hasta el cierre de esta&#46;&#46;&#46;","og_url":"https:\/\/noti-america.com\/site\/peru\/2025\/02\/20\/oramos-por-la-vida-y-bienestar-del-papa-francisco\/","og_site_name":"Per\u00fa | Noti-America.com","article_published_time":"2025-02-20T22:53:26+00:00","og_image":[{"width":444,"height":569,"url":"https:\/\/noti-america.com\/site\/peru\/wp-content\/uploads\/sites\/8\/2025\/02\/IMG-20250219-WA0056.jpg","type":"image\/jpeg"}],"author":"Geomar Pacheco R.","twitter_card":"summary_large_image","twitter_creator":"@GeomarPacheco1","twitter_misc":{"Escrito por":"Geomar Pacheco R.","Tiempo estimado de lectura":"2 minutos"},"schema":{"@context":"https:\/\/schema.org","@graph":[{"@type":"Article","@id":"https:\/\/noti-america.com\/site\/peru\/2025\/02\/20\/oramos-por-la-vida-y-bienestar-del-papa-francisco\/#article","isPartOf":{"@id":"https:\/\/noti-america.com\/site\/peru\/2025\/02\/20\/oramos-por-la-vida-y-bienestar-del-papa-francisco\/"},"author":{"name":"Geomar Pacheco R.","@id":"https:\/\/noti-america.com\/site\/peru\/#\/schema\/person\/28a35f20383bf2485bc838bfe76aebdc"},"headline":"ORAMOS POR LA VIDA Y BIENESTAR DEL PAPA FRANCISCO","datePublished":"2025-02-20T22:53:26+00:00","mainEntityOfPage":{"@id":"https:\/\/noti-america.com\/site\/peru\/2025\/02\/20\/oramos-por-la-vida-y-bienestar-del-papa-francisco\/"},"wordCount":301,"commentCount":0,"publisher":{"@id":"https:\/\/noti-america.com\/site\/peru\/#organization"},"image":{"@id":"https:\/\/noti-america.com\/site\/peru\/2025\/02\/20\/oramos-por-la-vida-y-bienestar-del-papa-francisco\/#primaryimage"},"thumbnailUrl":"https:\/\/noti-america.com\/site\/peru\/wp-content\/uploads\/sites\/8\/2025\/02\/IMG-20250219-WA0056.jpg","articleSection":["Actualidad","Internacionales"],"inLanguage":"es","potentialAction":[{"@type":"CommentAction","name":"Comment","target":["https:\/\/noti-america.com\/site\/peru\/2025\/02\/20\/oramos-por-la-vida-y-bienestar-del-papa-francisco\/#respond"]}]},{"@type":"WebPage","@id":"https:\/\/noti-america.com\/site\/peru\/2025\/02\/20\/oramos-por-la-vida-y-bienestar-del-papa-francisco\/","url":"https:\/\/noti-america.com\/site\/peru\/2025\/02\/20\/oramos-por-la-vida-y-bienestar-del-papa-francisco\/","name":"ORAMOS POR LA VIDA Y BIENESTAR DEL PAPA FRANCISCO - Per\u00fa | Noti-America.com","isPartOf":{"@id":"https:\/\/noti-america.com\/site\/peru\/#website"},"primaryImageOfPage":{"@id":"https:\/\/noti-america.com\/site\/peru\/2025\/02\/20\/oramos-por-la-vida-y-bienestar-del-papa-francisco\/#primaryimage"},"image":{"@id":"https:\/\/noti-america.com\/site\/peru\/2025\/02\/20\/oramos-por-la-vida-y-bienestar-del-papa-francisco\/#primaryimage"},"thumbnailUrl":"https:\/\/noti-america.com\/site\/peru\/wp-content\/uploads\/sites\/8\/2025\/02\/IMG-20250219-WA0056.jpg","datePublished":"2025-02-20T22:53:26+00:00","breadcrumb":{"@id":"https:\/\/noti-america.com\/site\/peru\/2025\/02\/20\/oramos-por-la-vida-y-bienestar-del-papa-francisco\/#breadcrumb"},"inLanguage":"es","potentialAction":[{"@type":"ReadAction","target":["https:\/\/noti-america.com\/site\/peru\/2025\/02\/20\/oramos-por-la-vida-y-bienestar-del-papa-francisco\/"]}]},{"@type":"ImageObject","inLanguage":"es","@id":"https:\/\/noti-america.com\/site\/peru\/2025\/02\/20\/oramos-por-la-vida-y-bienestar-del-papa-francisco\/#primaryimage","url":"https:\/\/noti-america.com\/site\/peru\/wp-content\/uploads\/sites\/8\/2025\/02\/IMG-20250219-WA0056.jpg","contentUrl":"https:\/\/noti-america.com\/site\/peru\/wp-content\/uploads\/sites\/8\/2025\/02\/IMG-20250219-WA0056.jpg","width":444,"height":569},{"@type":"BreadcrumbList","@id":"https:\/\/noti-america.com\/site\/peru\/2025\/02\/20\/oramos-por-la-vida-y-bienestar-del-papa-francisco\/#breadcrumb","itemListElement":[{"@type":"ListItem","position":1,"name":"Portada","item":"https:\/\/noti-america.com\/site\/peru\/"},{"@type":"ListItem","position":2,"name":"ORAMOS POR LA VIDA Y BIENESTAR DEL PAPA FRANCISCO"}]},{"@type":"WebSite","@id":"https:\/\/noti-america.com\/site\/peru\/#website","url":"https:\/\/noti-america.com\/site\/peru\/","name":"Per\u00fa | Noti-America.com","description":"","publisher":{"@id":"https:\/\/noti-america.com\/site\/peru\/#organization"},"potentialAction":[{"@type":"SearchAction","target":{"@type":"EntryPoint","urlTemplate":"https:\/\/noti-america.com\/site\/peru\/?s={search_term_string}"},"query-input":{"@type":"PropertyValueSpecification","valueRequired":true,"valueName":"search_term_string"}}],"inLanguage":"es"},{"@type":"Organization","@id":"https:\/\/noti-america.com\/site\/peru\/#organization","name":"Noti-America LLC | Per\u00fa","url":"https:\/\/noti-america.com\/site\/peru\/","logo":{"@type":"ImageObject","inLanguage":"es","@id":"https:\/\/noti-america.com\/site\/peru\/#\/schema\/logo\/image\/","url":"https:\/\/noti-america.com\/site\/peru\/wp-content\/uploads\/sites\/8\/2020\/07\/LogoNA-4x3-1.jpg","contentUrl":"https:\/\/noti-america.com\/site\/peru\/wp-content\/uploads\/sites\/8\/2020\/07\/LogoNA-4x3-1.jpg","width":1236,"height":1080,"caption":"Noti-America LLC | Per\u00fa"},"image":{"@id":"https:\/\/noti-america.com\/site\/peru\/#\/schema\/logo\/image\/"}},{"@type":"Person","@id":"https:\/\/noti-america.com\/site\/peru\/#\/schema\/person\/28a35f20383bf2485bc838bfe76aebdc","name":"Geomar Pacheco R.","image":{"@type":"ImageObject","inLanguage":"es","@id":"https:\/\/secure.gravatar.com\/avatar\/5f09cb527f9632e92234c6fc6e2cbcefebeed6bdeb0f9129ea4cbc7aa71587c6?s=96&d=mm&r=g","url":"https:\/\/secure.gravatar.com\/avatar\/5f09cb527f9632e92234c6fc6e2cbcefebeed6bdeb0f9129ea4cbc7aa71587c6?s=96&d=mm&r=g","contentUrl":"https:\/\/secure.gravatar.com\/avatar\/5f09cb527f9632e92234c6fc6e2cbcefebeed6bdeb0f9129ea4cbc7aa71587c6?s=96&d=mm&r=g","caption":"Geomar Pacheco R."},"sameAs":["https:\/\/x.com\/GeomarPacheco1"],"url":"https:\/\/noti-america.com\/site\/peru\/author\/gpacheco\/"}]}},"_links":{"self":[{"href":"https:\/\/noti-america.com\/site\/peru\/wp-json\/wp\/v2\/posts\/8420","targetHints":{"allow":["GET"]}}],"collection":[{"href":"https:\/\/noti-america.com\/site\/peru\/wp-json\/wp\/v2\/posts"}],"about":[{"href":"https:\/\/noti-america.com\/site\/peru\/wp-json\/wp\/v2\/types\/post"}],"author":[{"embeddable":true,"href":"https:\/\/noti-america.com\/site\/peru\/wp-json\/wp\/v2\/users\/70"}],"replies":[{"embeddable":true,"href":"https:\/\/noti-america.com\/site\/peru\/wp-json\/wp\/v2\/comments?post=8420"}],"version-history":[{"count":1,"href":"https:\/\/noti-america.com\/site\/peru\/wp-json\/wp\/v2\/posts\/8420\/revisions"}],"predecessor-version":[{"id":8423,"href":"https:\/\/noti-america.com\/site\/peru\/wp-json\/wp\/v2\/posts\/8420\/revisions\/8423"}],"wp:featuredmedia":[{"embeddable":true,"href":"https:\/\/noti-america.com\/site\/peru\/wp-json\/wp\/v2\/media\/8421"}],"wp:attachment":[{"href":"https:\/\/noti-america.com\/site\/peru\/wp-json\/wp\/v2\/media?parent=8420"}],"wp:term":[{"taxonomy":"category","embeddable":true,"href":"https:\/\/noti-america.com\/site\/peru\/wp-json\/wp\/v2\/categories?post=8420"},{"taxonomy":"post_tag","embeddable":true,"href":"https:\/\/noti-america.com\/site\/peru\/wp-json\/wp\/v2\/tags?post=8420"}],"curies":[{"name":"wp","href":"https:\/\/api.w.org\/{rel}","templated":true}]}}