{"id":8408,"date":"2025-02-17T06:52:57","date_gmt":"2025-02-17T06:52:57","guid":{"rendered":"https:\/\/noti-america.com\/site\/peru\/?p=8408"},"modified":"2025-02-17T06:52:57","modified_gmt":"2025-02-17T06:52:57","slug":"shakira-en-peru-optimista-y-agradecida","status":"publish","type":"post","link":"https:\/\/noti-america.com\/site\/peru\/2025\/02\/17\/shakira-en-peru-optimista-y-agradecida\/","title":{"rendered":"SHAKIRA EN PER\u00da OPTIMISTA Y AGRADECIDA"},"content":{"rendered":"<p>SHAKIRA EN PER\u00da OPTIMISTA Y AGRADECIDA<\/p>\n<p>NOTI-AM\u00c9RICA PER\u00da<\/p>\n<p>&nbsp;<\/p>\n<p>Por Geomar Pacheco Rivera<\/p>\n<p>&nbsp;<\/p>\n<p>&nbsp;<\/p>\n<p>La presentaci\u00f3n en Lima de la cantante y compositora colombiana Shakira, programada con todo el cumplimiento de las formalidades para el 16 de febrero fue postergada por causa de fuerza mayor.<\/p>\n<p>&nbsp;<\/p>\n<p>La cantante se encuentra hospitalizada desde la madrugada del domingo por presentar un cuadro m\u00e9dico que requiere atenci\u00f3n y cercano seguimiento de profesionales de la salud.<\/p>\n<p>&nbsp;<\/p>\n<p>La admirada artista emiti\u00f3 un comunicado a trav\u00e9s de sus redes sociales, indicando la cancelaci\u00f3n de su presentaci\u00f3n programada para el domingo 16 en el Estadio Nacional, ubicado en Lima, capital de Per\u00fa.<\/p>\n<p>&nbsp;<\/p>\n<p>A trav\u00e9s de su mensaje, la int\u00e9rprete expres\u00f3 su tristeza por no poder presentarse ante el p\u00fablico peruano y confirm\u00f3 que los m\u00e9dicos le han indicado que no se encuentra en condiciones para el espect\u00e1culo. \u201cEstoy muy triste de no poder subir al escenario el d\u00eda de hoy\u201d, manifest\u00f3 la int\u00e9rprete.<\/p>\n<p>&nbsp;<\/p>\n<p>\u201cEspero a ma\u00f1ana y que me den de alta cuanto antes para poder presentarles el espect\u00e1culo que he preparado para ustedes\u201d, agreg\u00f3.<\/p>\n<p>&nbsp;<\/p>\n<p>Finalmente, anunci\u00f3 que su equipo y el productor del evento trabajan en la reprogramaci\u00f3n del concierto. \u201cMi plan es realizar este show en cuanto sea posible. Gracias por su comprensi\u00f3n, los quiero mucho\u201d, concluy\u00f3 Shakira en su mensaje.<\/p>\n<p><a href=\"https:\/\/noti-america.com\/site\/peru\/wp-content\/uploads\/sites\/8\/2025\/02\/IMG-20250216-WA0068.jpg\"><img loading=\"lazy\" decoding=\"async\" class=\"aligncenter size-full wp-image-8409\" src=\"https:\/\/noti-america.com\/site\/peru\/wp-content\/uploads\/sites\/8\/2025\/02\/IMG-20250216-WA0068.jpg\" alt=\"\" width=\"680\" height=\"680\" srcset=\"https:\/\/noti-america.com\/site\/peru\/wp-content\/uploads\/sites\/8\/2025\/02\/IMG-20250216-WA0068.jpg 680w, https:\/\/noti-america.com\/site\/peru\/wp-content\/uploads\/sites\/8\/2025\/02\/IMG-20250216-WA0068-300x300.jpg 300w, https:\/\/noti-america.com\/site\/peru\/wp-content\/uploads\/sites\/8\/2025\/02\/IMG-20250216-WA0068-150x150.jpg 150w, https:\/\/noti-america.com\/site\/peru\/wp-content\/uploads\/sites\/8\/2025\/02\/IMG-20250216-WA0068-80x80.jpg 80w, https:\/\/noti-america.com\/site\/peru\/wp-content\/uploads\/sites\/8\/2025\/02\/IMG-20250216-WA0068-320x320.jpg 320w\" sizes=\"auto, (max-width: 680px) 100vw, 680px\" \/><\/a><\/p>\n<p>Para los conocedores de su trayectoria, ella es calificada como \u201cuna extraordinaria y querida artista colombiana que ha conquistado un incalculable n\u00famero de fans en el territorio peruano, por su talento y simpat\u00eda en todo escenario, la fiebre Shakira continuar\u00e1\u201d.<\/p>\n<p>&nbsp;<\/p>\n<p>&nbsp;<\/p>\n<div id=\"attachment_8410\" style=\"width: 1610px\" class=\"wp-caption aligncenter\"><a href=\"https:\/\/noti-america.com\/site\/peru\/wp-content\/uploads\/sites\/8\/2025\/02\/IMG-20250216-WA0070.jpg\"><img loading=\"lazy\" decoding=\"async\" aria-describedby=\"caption-attachment-8410\" class=\"wp-image-8410 size-full\" src=\"https:\/\/noti-america.com\/site\/peru\/wp-content\/uploads\/sites\/8\/2025\/02\/IMG-20250216-WA0070.jpg\" alt=\"\" width=\"1600\" height=\"1165\" srcset=\"https:\/\/noti-america.com\/site\/peru\/wp-content\/uploads\/sites\/8\/2025\/02\/IMG-20250216-WA0070.jpg 1600w, https:\/\/noti-america.com\/site\/peru\/wp-content\/uploads\/sites\/8\/2025\/02\/IMG-20250216-WA0070-300x218.jpg 300w, https:\/\/noti-america.com\/site\/peru\/wp-content\/uploads\/sites\/8\/2025\/02\/IMG-20250216-WA0070-1024x746.jpg 1024w, https:\/\/noti-america.com\/site\/peru\/wp-content\/uploads\/sites\/8\/2025\/02\/IMG-20250216-WA0070-768x559.jpg 768w, https:\/\/noti-america.com\/site\/peru\/wp-content\/uploads\/sites\/8\/2025\/02\/IMG-20250216-WA0070-1536x1118.jpg 1536w\" sizes=\"auto, (max-width: 1600px) 100vw, 1600px\" \/><\/a><p id=\"caption-attachment-8410\" class=\"wp-caption-text\">Recepci\u00f3n en Lima. Globos, flores, Pancartas y Polos con su imagen la recibieron en el A. I. Jorge Ch\u00e1vez. en Lima-Per\u00fa. Foto: Andina<\/p><\/div>\n<p>Las localidades vendidas para su espect\u00e1culo se agotaron a las 72 horas de iniciada su promoci\u00f3n y comercializaci\u00f3n. Los fans est\u00e1n protegidos por la seriedad y credibilidad de la artista, quien cumplir\u00e1 con el p\u00fablico en Per\u00fa.<\/p>\n<p>&nbsp;<\/p>\n<p>Se conoci\u00f3, mediante el Registro Nacional de Identificaci\u00f3n y Estado Civil (Reniec) que 1.820 peruanas llevan su nombre, escrito como lo exhibe la aclamada artista colombiana.<\/p>\n<p>&nbsp;<\/p>\n<p>&nbsp;<\/p>\n<p>La Superintendencia Nacional de Salud (Susalud) inform\u00f3 que la divulgaci\u00f3n de los datos relacionados a la salud de los pacientes constituyen una falta grave, lo que conlleva a la aplicaci\u00f3n, por parte de dicha entidad, de una sanci\u00f3n administrativa de multa de hasta 300 UIT, equivalente a S.\/ 1 mill\u00f3n 605 mil.<\/p>\n","protected":false},"excerpt":{"rendered":"<p>SHAKIRA EN PER\u00da OPTIMISTA Y AGRADECIDA NOTI-AM\u00c9RICA PER\u00da &nbsp; Por Geomar Pacheco Rivera &nbsp; &nbsp; La presentaci\u00f3n en Lima de la cantante y compositora colombiana Shakira, programada con todo el cumplimiento de las formalidades&#46;&#46;&#46;<\/p>\n","protected":false},"author":70,"featured_media":8410,"comment_status":"open","ping_status":"open","sticky":false,"template":"","format":"standard","meta":{"_acf_changed":false,"rop_custom_images_group":[],"rop_custom_messages_group":[],"rop_publish_now":"initial","rop_publish_now_accounts":{"twitter_242054905_242054905":""},"rop_publish_now_history":[],"rop_publish_now_status":"pending","footnotes":""},"categories":[268,8],"tags":[],"class_list":["post-8408","post","type-post","status-publish","format-standard","has-post-thumbnail","hentry","category-acturalidad","category-arte-y-espectaculos"],"acf":[],"yoast_head":"<!-- This site is optimized with the Yoast SEO Premium plugin v24.9 (Yoast SEO v27.2) - https:\/\/yoast.com\/product\/yoast-seo-premium-wordpress\/ -->\n<title>SHAKIRA EN PER\u00da OPTIMISTA Y AGRADECIDA - Per\u00fa | Noti-America.com<\/title>\n<meta name=\"robots\" content=\"index, follow, max-snippet:-1, max-image-preview:large, max-video-preview:-1\" \/>\n<link rel=\"canonical\" href=\"https:\/\/noti-america.com\/site\/peru\/2025\/02\/17\/shakira-en-peru-optimista-y-agradecida\/\" \/>\n<meta property=\"og:locale\" content=\"es_ES\" \/>\n<meta property=\"og:type\" content=\"article\" \/>\n<meta property=\"og:title\" content=\"SHAKIRA EN PER\u00da OPTIMISTA Y AGRADECIDA\" \/>\n<meta property=\"og:description\" content=\"SHAKIRA EN PER\u00da OPTIMISTA Y AGRADECIDA NOTI-AM\u00c9RICA PER\u00da &nbsp; Por Geomar Pacheco Rivera &nbsp; &nbsp; La presentaci\u00f3n en Lima de la cantante y compositora colombiana Shakira, programada con todo el cumplimiento de las formalidades&#046;&#046;&#046;\" \/>\n<meta property=\"og:url\" content=\"https:\/\/noti-america.com\/site\/peru\/2025\/02\/17\/shakira-en-peru-optimista-y-agradecida\/\" \/>\n<meta property=\"og:site_name\" content=\"Per\u00fa | Noti-America.com\" \/>\n<meta property=\"article:published_time\" content=\"2025-02-17T06:52:57+00:00\" \/>\n<meta property=\"og:image\" content=\"https:\/\/noti-america.com\/site\/peru\/wp-content\/uploads\/sites\/8\/2025\/02\/IMG-20250216-WA0070.jpg\" \/>\n\t<meta property=\"og:image:width\" content=\"1600\" \/>\n\t<meta property=\"og:image:height\" content=\"1165\" \/>\n\t<meta property=\"og:image:type\" content=\"image\/jpeg\" \/>\n<meta name=\"author\" content=\"Geomar Pacheco R.\" \/>\n<meta name=\"twitter:card\" content=\"summary_large_image\" \/>\n<meta name=\"twitter:creator\" content=\"@GeomarPacheco1\" \/>\n<meta name=\"twitter:label1\" content=\"Escrito por\" \/>\n\t<meta name=\"twitter:data1\" content=\"Geomar Pacheco R.\" \/>\n\t<meta name=\"twitter:label2\" content=\"Tiempo estimado de lectura\" \/>\n\t<meta name=\"twitter:data2\" content=\"3 minutos\" \/>\n<script type=\"application\/ld+json\" class=\"yoast-schema-graph\">{\"@context\":\"https:\/\/schema.org\",\"@graph\":[{\"@type\":\"Article\",\"@id\":\"https:\/\/noti-america.com\/site\/peru\/2025\/02\/17\/shakira-en-peru-optimista-y-agradecida\/#article\",\"isPartOf\":{\"@id\":\"https:\/\/noti-america.com\/site\/peru\/2025\/02\/17\/shakira-en-peru-optimista-y-agradecida\/\"},\"author\":{\"name\":\"Geomar Pacheco R.\",\"@id\":\"https:\/\/noti-america.com\/site\/peru\/#\/schema\/person\/28a35f20383bf2485bc838bfe76aebdc\"},\"headline\":\"SHAKIRA EN PER\u00da OPTIMISTA Y AGRADECIDA\",\"datePublished\":\"2025-02-17T06:52:57+00:00\",\"mainEntityOfPage\":{\"@id\":\"https:\/\/noti-america.com\/site\/peru\/2025\/02\/17\/shakira-en-peru-optimista-y-agradecida\/\"},\"wordCount\":442,\"commentCount\":0,\"publisher\":{\"@id\":\"https:\/\/noti-america.com\/site\/peru\/#organization\"},\"image\":{\"@id\":\"https:\/\/noti-america.com\/site\/peru\/2025\/02\/17\/shakira-en-peru-optimista-y-agradecida\/#primaryimage\"},\"thumbnailUrl\":\"https:\/\/noti-america.com\/site\/peru\/wp-content\/uploads\/sites\/8\/2025\/02\/IMG-20250216-WA0070.jpg\",\"articleSection\":[\"Actualidad\",\"Arte y Espect\u00e1culos\"],\"inLanguage\":\"es\",\"potentialAction\":[{\"@type\":\"CommentAction\",\"name\":\"Comment\",\"target\":[\"https:\/\/noti-america.com\/site\/peru\/2025\/02\/17\/shakira-en-peru-optimista-y-agradecida\/#respond\"]}]},{\"@type\":\"WebPage\",\"@id\":\"https:\/\/noti-america.com\/site\/peru\/2025\/02\/17\/shakira-en-peru-optimista-y-agradecida\/\",\"url\":\"https:\/\/noti-america.com\/site\/peru\/2025\/02\/17\/shakira-en-peru-optimista-y-agradecida\/\",\"name\":\"SHAKIRA EN PER\u00da OPTIMISTA Y AGRADECIDA - Per\u00fa | Noti-America.com\",\"isPartOf\":{\"@id\":\"https:\/\/noti-america.com\/site\/peru\/#website\"},\"primaryImageOfPage\":{\"@id\":\"https:\/\/noti-america.com\/site\/peru\/2025\/02\/17\/shakira-en-peru-optimista-y-agradecida\/#primaryimage\"},\"image\":{\"@id\":\"https:\/\/noti-america.com\/site\/peru\/2025\/02\/17\/shakira-en-peru-optimista-y-agradecida\/#primaryimage\"},\"thumbnailUrl\":\"https:\/\/noti-america.com\/site\/peru\/wp-content\/uploads\/sites\/8\/2025\/02\/IMG-20250216-WA0070.jpg\",\"datePublished\":\"2025-02-17T06:52:57+00:00\",\"breadcrumb\":{\"@id\":\"https:\/\/noti-america.com\/site\/peru\/2025\/02\/17\/shakira-en-peru-optimista-y-agradecida\/#breadcrumb\"},\"inLanguage\":\"es\",\"potentialAction\":[{\"@type\":\"ReadAction\",\"target\":[\"https:\/\/noti-america.com\/site\/peru\/2025\/02\/17\/shakira-en-peru-optimista-y-agradecida\/\"]}]},{\"@type\":\"ImageObject\",\"inLanguage\":\"es\",\"@id\":\"https:\/\/noti-america.com\/site\/peru\/2025\/02\/17\/shakira-en-peru-optimista-y-agradecida\/#primaryimage\",\"url\":\"https:\/\/noti-america.com\/site\/peru\/wp-content\/uploads\/sites\/8\/2025\/02\/IMG-20250216-WA0070.jpg\",\"contentUrl\":\"https:\/\/noti-america.com\/site\/peru\/wp-content\/uploads\/sites\/8\/2025\/02\/IMG-20250216-WA0070.jpg\",\"width\":1600,\"height\":1165},{\"@type\":\"BreadcrumbList\",\"@id\":\"https:\/\/noti-america.com\/site\/peru\/2025\/02\/17\/shakira-en-peru-optimista-y-agradecida\/#breadcrumb\",\"itemListElement\":[{\"@type\":\"ListItem\",\"position\":1,\"name\":\"Portada\",\"item\":\"https:\/\/noti-america.com\/site\/peru\/\"},{\"@type\":\"ListItem\",\"position\":2,\"name\":\"SHAKIRA EN PER\u00da OPTIMISTA Y AGRADECIDA\"}]},{\"@type\":\"WebSite\",\"@id\":\"https:\/\/noti-america.com\/site\/peru\/#website\",\"url\":\"https:\/\/noti-america.com\/site\/peru\/\",\"name\":\"Per\u00fa | Noti-America.com\",\"description\":\"\",\"publisher\":{\"@id\":\"https:\/\/noti-america.com\/site\/peru\/#organization\"},\"potentialAction\":[{\"@type\":\"SearchAction\",\"target\":{\"@type\":\"EntryPoint\",\"urlTemplate\":\"https:\/\/noti-america.com\/site\/peru\/?s={search_term_string}\"},\"query-input\":{\"@type\":\"PropertyValueSpecification\",\"valueRequired\":true,\"valueName\":\"search_term_string\"}}],\"inLanguage\":\"es\"},{\"@type\":\"Organization\",\"@id\":\"https:\/\/noti-america.com\/site\/peru\/#organization\",\"name\":\"Noti-America LLC | Per\u00fa\",\"url\":\"https:\/\/noti-america.com\/site\/peru\/\",\"logo\":{\"@type\":\"ImageObject\",\"inLanguage\":\"es\",\"@id\":\"https:\/\/noti-america.com\/site\/peru\/#\/schema\/logo\/image\/\",\"url\":\"https:\/\/noti-america.com\/site\/peru\/wp-content\/uploads\/sites\/8\/2020\/07\/LogoNA-4x3-1.jpg\",\"contentUrl\":\"https:\/\/noti-america.com\/site\/peru\/wp-content\/uploads\/sites\/8\/2020\/07\/LogoNA-4x3-1.jpg\",\"width\":1236,\"height\":1080,\"caption\":\"Noti-America LLC | Per\u00fa\"},\"image\":{\"@id\":\"https:\/\/noti-america.com\/site\/peru\/#\/schema\/logo\/image\/\"}},{\"@type\":\"Person\",\"@id\":\"https:\/\/noti-america.com\/site\/peru\/#\/schema\/person\/28a35f20383bf2485bc838bfe76aebdc\",\"name\":\"Geomar Pacheco R.\",\"image\":{\"@type\":\"ImageObject\",\"inLanguage\":\"es\",\"@id\":\"https:\/\/secure.gravatar.com\/avatar\/5f09cb527f9632e92234c6fc6e2cbcefebeed6bdeb0f9129ea4cbc7aa71587c6?s=96&d=mm&r=g\",\"url\":\"https:\/\/secure.gravatar.com\/avatar\/5f09cb527f9632e92234c6fc6e2cbcefebeed6bdeb0f9129ea4cbc7aa71587c6?s=96&d=mm&r=g\",\"contentUrl\":\"https:\/\/secure.gravatar.com\/avatar\/5f09cb527f9632e92234c6fc6e2cbcefebeed6bdeb0f9129ea4cbc7aa71587c6?s=96&d=mm&r=g\",\"caption\":\"Geomar Pacheco R.\"},\"sameAs\":[\"https:\/\/x.com\/GeomarPacheco1\"],\"url\":\"https:\/\/noti-america.com\/site\/peru\/author\/gpacheco\/\"}]}<\/script>\n<!-- \/ Yoast SEO Premium plugin. -->","yoast_head_json":{"title":"SHAKIRA EN PER\u00da OPTIMISTA Y AGRADECIDA - Per\u00fa | Noti-America.com","robots":{"index":"index","follow":"follow","max-snippet":"max-snippet:-1","max-image-preview":"max-image-preview:large","max-video-preview":"max-video-preview:-1"},"canonical":"https:\/\/noti-america.com\/site\/peru\/2025\/02\/17\/shakira-en-peru-optimista-y-agradecida\/","og_locale":"es_ES","og_type":"article","og_title":"SHAKIRA EN PER\u00da OPTIMISTA Y AGRADECIDA","og_description":"SHAKIRA EN PER\u00da OPTIMISTA Y AGRADECIDA NOTI-AM\u00c9RICA PER\u00da &nbsp; Por Geomar Pacheco Rivera &nbsp; &nbsp; La presentaci\u00f3n en Lima de la cantante y compositora colombiana Shakira, programada con todo el cumplimiento de las formalidades&#46;&#46;&#46;","og_url":"https:\/\/noti-america.com\/site\/peru\/2025\/02\/17\/shakira-en-peru-optimista-y-agradecida\/","og_site_name":"Per\u00fa | Noti-America.com","article_published_time":"2025-02-17T06:52:57+00:00","og_image":[{"width":1600,"height":1165,"url":"https:\/\/noti-america.com\/site\/peru\/wp-content\/uploads\/sites\/8\/2025\/02\/IMG-20250216-WA0070.jpg","type":"image\/jpeg"}],"author":"Geomar Pacheco R.","twitter_card":"summary_large_image","twitter_creator":"@GeomarPacheco1","twitter_misc":{"Escrito por":"Geomar Pacheco R.","Tiempo estimado de lectura":"3 minutos"},"schema":{"@context":"https:\/\/schema.org","@graph":[{"@type":"Article","@id":"https:\/\/noti-america.com\/site\/peru\/2025\/02\/17\/shakira-en-peru-optimista-y-agradecida\/#article","isPartOf":{"@id":"https:\/\/noti-america.com\/site\/peru\/2025\/02\/17\/shakira-en-peru-optimista-y-agradecida\/"},"author":{"name":"Geomar Pacheco R.","@id":"https:\/\/noti-america.com\/site\/peru\/#\/schema\/person\/28a35f20383bf2485bc838bfe76aebdc"},"headline":"SHAKIRA EN PER\u00da OPTIMISTA Y AGRADECIDA","datePublished":"2025-02-17T06:52:57+00:00","mainEntityOfPage":{"@id":"https:\/\/noti-america.com\/site\/peru\/2025\/02\/17\/shakira-en-peru-optimista-y-agradecida\/"},"wordCount":442,"commentCount":0,"publisher":{"@id":"https:\/\/noti-america.com\/site\/peru\/#organization"},"image":{"@id":"https:\/\/noti-america.com\/site\/peru\/2025\/02\/17\/shakira-en-peru-optimista-y-agradecida\/#primaryimage"},"thumbnailUrl":"https:\/\/noti-america.com\/site\/peru\/wp-content\/uploads\/sites\/8\/2025\/02\/IMG-20250216-WA0070.jpg","articleSection":["Actualidad","Arte y Espect\u00e1culos"],"inLanguage":"es","potentialAction":[{"@type":"CommentAction","name":"Comment","target":["https:\/\/noti-america.com\/site\/peru\/2025\/02\/17\/shakira-en-peru-optimista-y-agradecida\/#respond"]}]},{"@type":"WebPage","@id":"https:\/\/noti-america.com\/site\/peru\/2025\/02\/17\/shakira-en-peru-optimista-y-agradecida\/","url":"https:\/\/noti-america.com\/site\/peru\/2025\/02\/17\/shakira-en-peru-optimista-y-agradecida\/","name":"SHAKIRA EN PER\u00da OPTIMISTA Y AGRADECIDA - Per\u00fa | Noti-America.com","isPartOf":{"@id":"https:\/\/noti-america.com\/site\/peru\/#website"},"primaryImageOfPage":{"@id":"https:\/\/noti-america.com\/site\/peru\/2025\/02\/17\/shakira-en-peru-optimista-y-agradecida\/#primaryimage"},"image":{"@id":"https:\/\/noti-america.com\/site\/peru\/2025\/02\/17\/shakira-en-peru-optimista-y-agradecida\/#primaryimage"},"thumbnailUrl":"https:\/\/noti-america.com\/site\/peru\/wp-content\/uploads\/sites\/8\/2025\/02\/IMG-20250216-WA0070.jpg","datePublished":"2025-02-17T06:52:57+00:00","breadcrumb":{"@id":"https:\/\/noti-america.com\/site\/peru\/2025\/02\/17\/shakira-en-peru-optimista-y-agradecida\/#breadcrumb"},"inLanguage":"es","potentialAction":[{"@type":"ReadAction","target":["https:\/\/noti-america.com\/site\/peru\/2025\/02\/17\/shakira-en-peru-optimista-y-agradecida\/"]}]},{"@type":"ImageObject","inLanguage":"es","@id":"https:\/\/noti-america.com\/site\/peru\/2025\/02\/17\/shakira-en-peru-optimista-y-agradecida\/#primaryimage","url":"https:\/\/noti-america.com\/site\/peru\/wp-content\/uploads\/sites\/8\/2025\/02\/IMG-20250216-WA0070.jpg","contentUrl":"https:\/\/noti-america.com\/site\/peru\/wp-content\/uploads\/sites\/8\/2025\/02\/IMG-20250216-WA0070.jpg","width":1600,"height":1165},{"@type":"BreadcrumbList","@id":"https:\/\/noti-america.com\/site\/peru\/2025\/02\/17\/shakira-en-peru-optimista-y-agradecida\/#breadcrumb","itemListElement":[{"@type":"ListItem","position":1,"name":"Portada","item":"https:\/\/noti-america.com\/site\/peru\/"},{"@type":"ListItem","position":2,"name":"SHAKIRA EN PER\u00da OPTIMISTA Y AGRADECIDA"}]},{"@type":"WebSite","@id":"https:\/\/noti-america.com\/site\/peru\/#website","url":"https:\/\/noti-america.com\/site\/peru\/","name":"Per\u00fa | Noti-America.com","description":"","publisher":{"@id":"https:\/\/noti-america.com\/site\/peru\/#organization"},"potentialAction":[{"@type":"SearchAction","target":{"@type":"EntryPoint","urlTemplate":"https:\/\/noti-america.com\/site\/peru\/?s={search_term_string}"},"query-input":{"@type":"PropertyValueSpecification","valueRequired":true,"valueName":"search_term_string"}}],"inLanguage":"es"},{"@type":"Organization","@id":"https:\/\/noti-america.com\/site\/peru\/#organization","name":"Noti-America LLC | Per\u00fa","url":"https:\/\/noti-america.com\/site\/peru\/","logo":{"@type":"ImageObject","inLanguage":"es","@id":"https:\/\/noti-america.com\/site\/peru\/#\/schema\/logo\/image\/","url":"https:\/\/noti-america.com\/site\/peru\/wp-content\/uploads\/sites\/8\/2020\/07\/LogoNA-4x3-1.jpg","contentUrl":"https:\/\/noti-america.com\/site\/peru\/wp-content\/uploads\/sites\/8\/2020\/07\/LogoNA-4x3-1.jpg","width":1236,"height":1080,"caption":"Noti-America LLC | Per\u00fa"},"image":{"@id":"https:\/\/noti-america.com\/site\/peru\/#\/schema\/logo\/image\/"}},{"@type":"Person","@id":"https:\/\/noti-america.com\/site\/peru\/#\/schema\/person\/28a35f20383bf2485bc838bfe76aebdc","name":"Geomar Pacheco R.","image":{"@type":"ImageObject","inLanguage":"es","@id":"https:\/\/secure.gravatar.com\/avatar\/5f09cb527f9632e92234c6fc6e2cbcefebeed6bdeb0f9129ea4cbc7aa71587c6?s=96&d=mm&r=g","url":"https:\/\/secure.gravatar.com\/avatar\/5f09cb527f9632e92234c6fc6e2cbcefebeed6bdeb0f9129ea4cbc7aa71587c6?s=96&d=mm&r=g","contentUrl":"https:\/\/secure.gravatar.com\/avatar\/5f09cb527f9632e92234c6fc6e2cbcefebeed6bdeb0f9129ea4cbc7aa71587c6?s=96&d=mm&r=g","caption":"Geomar Pacheco R."},"sameAs":["https:\/\/x.com\/GeomarPacheco1"],"url":"https:\/\/noti-america.com\/site\/peru\/author\/gpacheco\/"}]}},"_links":{"self":[{"href":"https:\/\/noti-america.com\/site\/peru\/wp-json\/wp\/v2\/posts\/8408","targetHints":{"allow":["GET"]}}],"collection":[{"href":"https:\/\/noti-america.com\/site\/peru\/wp-json\/wp\/v2\/posts"}],"about":[{"href":"https:\/\/noti-america.com\/site\/peru\/wp-json\/wp\/v2\/types\/post"}],"author":[{"embeddable":true,"href":"https:\/\/noti-america.com\/site\/peru\/wp-json\/wp\/v2\/users\/70"}],"replies":[{"embeddable":true,"href":"https:\/\/noti-america.com\/site\/peru\/wp-json\/wp\/v2\/comments?post=8408"}],"version-history":[{"count":1,"href":"https:\/\/noti-america.com\/site\/peru\/wp-json\/wp\/v2\/posts\/8408\/revisions"}],"predecessor-version":[{"id":8411,"href":"https:\/\/noti-america.com\/site\/peru\/wp-json\/wp\/v2\/posts\/8408\/revisions\/8411"}],"wp:featuredmedia":[{"embeddable":true,"href":"https:\/\/noti-america.com\/site\/peru\/wp-json\/wp\/v2\/media\/8410"}],"wp:attachment":[{"href":"https:\/\/noti-america.com\/site\/peru\/wp-json\/wp\/v2\/media?parent=8408"}],"wp:term":[{"taxonomy":"category","embeddable":true,"href":"https:\/\/noti-america.com\/site\/peru\/wp-json\/wp\/v2\/categories?post=8408"},{"taxonomy":"post_tag","embeddable":true,"href":"https:\/\/noti-america.com\/site\/peru\/wp-json\/wp\/v2\/tags?post=8408"}],"curies":[{"name":"wp","href":"https:\/\/api.w.org\/{rel}","templated":true}]}}