{"id":8352,"date":"2025-01-14T04:53:42","date_gmt":"2025-01-14T04:53:42","guid":{"rendered":"https:\/\/noti-america.com\/site\/peru\/?p=8352"},"modified":"2025-01-14T04:53:42","modified_gmt":"2025-01-14T04:53:42","slug":"comunidad-andina-accionara-en-el-2025-a-favor-de-114-millones-de-ciudadanos","status":"publish","type":"post","link":"https:\/\/noti-america.com\/site\/peru\/2025\/01\/14\/comunidad-andina-accionara-en-el-2025-a-favor-de-114-millones-de-ciudadanos\/","title":{"rendered":"COMUNIDAD ANDINA ACCIONAR\u00c1 EN EL 2025 A FAVOR DE 114 MILLONES DE CIUDADANOS"},"content":{"rendered":"<p style=\"text-align: justify\">\n<p style=\"text-align: justify\"><strong>NOTI-AM\u00c9RICA PER\u00da<\/strong><\/p>\n<p style=\"text-align: justify\">\n<p style=\"text-align: right\"><strong>Por Geomar Pacheco Rivera<\/strong><\/p>\n<p style=\"text-align: justify\">\n<p style=\"text-align: justify\">\n<p style=\"text-align: justify\">Importante decisi\u00f3n concret\u00f3 el secretario general de la Comunidad Andina de Naciones (CAN), Gonzalo Guti\u00e9rrez, de nacionalidad peruana, quien present\u00f3 a los tres nuevos directores generales de la Secretar\u00eda General en una ceremonia con asistencia de funcionarios del organismo de integraci\u00f3n.<\/p>\n<p style=\"text-align: justify\">\n<p style=\"text-align: justify\">Diego Caicedo, de nacionalidad ecuatoriana, liderar\u00e1 la Direcci\u00f3n General de Comercio de la SGCAN. Esta direcci\u00f3n tiene a su cargo la coordinaci\u00f3n de temas relacionados con el acceso a mercados, sanidad agropecuaria y calidad y obst\u00e1culos t\u00e9cnicos al comercio.<\/p>\n<div id=\"attachment_8353\" style=\"width: 1610px\" class=\"wp-caption aligncenter\"><a href=\"https:\/\/noti-america.com\/site\/peru\/wp-content\/uploads\/sites\/8\/2025\/01\/IMG-20250113-WA00551.jpg\"><img loading=\"lazy\" decoding=\"async\" aria-describedby=\"caption-attachment-8353\" class=\"size-full wp-image-8353\" src=\"https:\/\/noti-america.com\/site\/peru\/wp-content\/uploads\/sites\/8\/2025\/01\/IMG-20250113-WA00551.jpg\" alt=\"\" width=\"1600\" height=\"1063\" srcset=\"https:\/\/noti-america.com\/site\/peru\/wp-content\/uploads\/sites\/8\/2025\/01\/IMG-20250113-WA00551.jpg 1600w, https:\/\/noti-america.com\/site\/peru\/wp-content\/uploads\/sites\/8\/2025\/01\/IMG-20250113-WA00551-300x199.jpg 300w, https:\/\/noti-america.com\/site\/peru\/wp-content\/uploads\/sites\/8\/2025\/01\/IMG-20250113-WA00551-1024x680.jpg 1024w, https:\/\/noti-america.com\/site\/peru\/wp-content\/uploads\/sites\/8\/2025\/01\/IMG-20250113-WA00551-768x510.jpg 768w, https:\/\/noti-america.com\/site\/peru\/wp-content\/uploads\/sites\/8\/2025\/01\/IMG-20250113-WA00551-1536x1020.jpg 1536w, https:\/\/noti-america.com\/site\/peru\/wp-content\/uploads\/sites\/8\/2025\/01\/IMG-20250113-WA00551-272x182.jpg 272w\" sizes=\"auto, (max-width: 1600px) 100vw, 1600px\" \/><\/a><p id=\"caption-attachment-8353\" class=\"wp-caption-text\">Foto: CAN \/ Prensa<\/p><\/div>\n<p>&nbsp;<\/p>\n<p style=\"text-align: justify\">Alberto Lora, colombiano, estar\u00e1 a cargo de la Direcci\u00f3n General de Transformaci\u00f3n Productiva, Integraci\u00f3n F\u00edsica y Servicios de la SGCAN. Esta direcci\u00f3n se encarga de las \u00e1reas de transporte, interconexi\u00f3n el\u00e9ctrica, telecomunicaciones, promoci\u00f3n comercial, mi-pymes, servicios e inversiones.<\/p>\n<p style=\"text-align: justify\">\n<p style=\"text-align: justify\">Finalmente, Franklin Molina, representante de Bolivia, ser\u00e1 el responsable de la Direcci\u00f3n General de Desarrollo Social, Cooperaci\u00f3n y Propiedad Intelectual de la Secretar\u00eda General de la CAN.<\/p>\n<p style=\"text-align: justify\">\n<p style=\"text-align: justify\">Esta direcci\u00f3n coordina los temas de migraci\u00f3n, movilidad humana, seguridad social, participaci\u00f3n social, ciudadan\u00eda andina, propiedad intelectual, cooperaci\u00f3n t\u00e9cnica, estad\u00edsticas y prevenci\u00f3n de desastres, entre otros.<\/p>\n<p style=\"text-align: justify\">\n<p style=\"text-align: justify\">La Comunidad Andina es un mecanismo de integraci\u00f3n que agrupa a Bolivia, Colombia, Ecuador y Per\u00fa. La Secretaria General debe laborar para mejorar la calidad de vida de los nacidos en Sudam\u00e9rica en los temas de comercio, transformaci\u00f3n productiva, integraci\u00f3n f\u00edsica y servicios, adem\u00e1s de <strong>desarrollo<\/strong> social.<\/p>\n","protected":false},"excerpt":{"rendered":"<p>NOTI-AM\u00c9RICA PER\u00da Por Geomar Pacheco Rivera Importante decisi\u00f3n concret\u00f3 el secretario general de la Comunidad Andina de Naciones (CAN), Gonzalo Guti\u00e9rrez, de nacionalidad peruana, quien present\u00f3 a los tres nuevos directores generales de la&#46;&#46;&#46;<\/p>\n","protected":false},"author":70,"featured_media":8353,"comment_status":"open","ping_status":"open","sticky":false,"template":"","format":"standard","meta":{"_acf_changed":false,"rop_custom_images_group":[],"rop_custom_messages_group":[],"rop_publish_now":"initial","rop_publish_now_accounts":{"twitter_242054905_242054905":""},"rop_publish_now_history":[],"rop_publish_now_status":"pending","footnotes":""},"categories":[268,4],"tags":[],"class_list":["post-8352","post","type-post","status-publish","format-standard","has-post-thumbnail","hentry","category-acturalidad","category-internacionales"],"acf":[],"yoast_head":"<!-- This site is optimized with the Yoast SEO Premium plugin v24.9 (Yoast SEO v27.2) - https:\/\/yoast.com\/product\/yoast-seo-premium-wordpress\/ -->\n<title>COMUNIDAD ANDINA ACCIONAR\u00c1 EN EL 2025 A FAVOR DE 114 MILLONES DE CIUDADANOS - Per\u00fa | Noti-America.com<\/title>\n<meta name=\"robots\" content=\"index, follow, max-snippet:-1, max-image-preview:large, max-video-preview:-1\" \/>\n<link rel=\"canonical\" href=\"https:\/\/noti-america.com\/site\/peru\/2025\/01\/14\/comunidad-andina-accionara-en-el-2025-a-favor-de-114-millones-de-ciudadanos\/\" \/>\n<meta property=\"og:locale\" content=\"es_ES\" \/>\n<meta property=\"og:type\" content=\"article\" \/>\n<meta property=\"og:title\" content=\"COMUNIDAD ANDINA ACCIONAR\u00c1 EN EL 2025 A FAVOR DE 114 MILLONES DE CIUDADANOS\" \/>\n<meta property=\"og:description\" content=\"NOTI-AM\u00c9RICA PER\u00da Por Geomar Pacheco Rivera Importante decisi\u00f3n concret\u00f3 el secretario general de la Comunidad Andina de Naciones (CAN), Gonzalo Guti\u00e9rrez, de nacionalidad peruana, quien present\u00f3 a los tres nuevos directores generales de la&#046;&#046;&#046;\" \/>\n<meta property=\"og:url\" content=\"https:\/\/noti-america.com\/site\/peru\/2025\/01\/14\/comunidad-andina-accionara-en-el-2025-a-favor-de-114-millones-de-ciudadanos\/\" \/>\n<meta property=\"og:site_name\" content=\"Per\u00fa | Noti-America.com\" \/>\n<meta property=\"article:published_time\" content=\"2025-01-14T04:53:42+00:00\" \/>\n<meta property=\"og:image\" content=\"https:\/\/noti-america.com\/site\/peru\/wp-content\/uploads\/sites\/8\/2025\/01\/IMG-20250113-WA00551.jpg\" \/>\n\t<meta property=\"og:image:width\" content=\"1600\" \/>\n\t<meta property=\"og:image:height\" content=\"1063\" \/>\n\t<meta property=\"og:image:type\" content=\"image\/jpeg\" \/>\n<meta name=\"author\" content=\"Geomar Pacheco R.\" \/>\n<meta name=\"twitter:card\" content=\"summary_large_image\" \/>\n<meta name=\"twitter:creator\" content=\"@GeomarPacheco1\" \/>\n<meta name=\"twitter:label1\" content=\"Escrito por\" \/>\n\t<meta name=\"twitter:data1\" content=\"Geomar Pacheco R.\" \/>\n\t<meta name=\"twitter:label2\" content=\"Tiempo estimado de lectura\" \/>\n\t<meta name=\"twitter:data2\" content=\"2 minutos\" \/>\n<script type=\"application\/ld+json\" class=\"yoast-schema-graph\">{\"@context\":\"https:\/\/schema.org\",\"@graph\":[{\"@type\":\"Article\",\"@id\":\"https:\/\/noti-america.com\/site\/peru\/2025\/01\/14\/comunidad-andina-accionara-en-el-2025-a-favor-de-114-millones-de-ciudadanos\/#article\",\"isPartOf\":{\"@id\":\"https:\/\/noti-america.com\/site\/peru\/2025\/01\/14\/comunidad-andina-accionara-en-el-2025-a-favor-de-114-millones-de-ciudadanos\/\"},\"author\":{\"name\":\"Geomar Pacheco R.\",\"@id\":\"https:\/\/noti-america.com\/site\/peru\/#\/schema\/person\/28a35f20383bf2485bc838bfe76aebdc\"},\"headline\":\"COMUNIDAD ANDINA ACCIONAR\u00c1 EN EL 2025 A FAVOR DE 114 MILLONES DE CIUDADANOS\",\"datePublished\":\"2025-01-14T04:53:42+00:00\",\"mainEntityOfPage\":{\"@id\":\"https:\/\/noti-america.com\/site\/peru\/2025\/01\/14\/comunidad-andina-accionara-en-el-2025-a-favor-de-114-millones-de-ciudadanos\/\"},\"wordCount\":281,\"commentCount\":0,\"publisher\":{\"@id\":\"https:\/\/noti-america.com\/site\/peru\/#organization\"},\"image\":{\"@id\":\"https:\/\/noti-america.com\/site\/peru\/2025\/01\/14\/comunidad-andina-accionara-en-el-2025-a-favor-de-114-millones-de-ciudadanos\/#primaryimage\"},\"thumbnailUrl\":\"https:\/\/noti-america.com\/site\/peru\/wp-content\/uploads\/sites\/8\/2025\/01\/IMG-20250113-WA00551.jpg\",\"articleSection\":[\"Actualidad\",\"Internacionales\"],\"inLanguage\":\"es\",\"potentialAction\":[{\"@type\":\"CommentAction\",\"name\":\"Comment\",\"target\":[\"https:\/\/noti-america.com\/site\/peru\/2025\/01\/14\/comunidad-andina-accionara-en-el-2025-a-favor-de-114-millones-de-ciudadanos\/#respond\"]}]},{\"@type\":\"WebPage\",\"@id\":\"https:\/\/noti-america.com\/site\/peru\/2025\/01\/14\/comunidad-andina-accionara-en-el-2025-a-favor-de-114-millones-de-ciudadanos\/\",\"url\":\"https:\/\/noti-america.com\/site\/peru\/2025\/01\/14\/comunidad-andina-accionara-en-el-2025-a-favor-de-114-millones-de-ciudadanos\/\",\"name\":\"COMUNIDAD ANDINA ACCIONAR\u00c1 EN EL 2025 A FAVOR DE 114 MILLONES DE CIUDADANOS - Per\u00fa | Noti-America.com\",\"isPartOf\":{\"@id\":\"https:\/\/noti-america.com\/site\/peru\/#website\"},\"primaryImageOfPage\":{\"@id\":\"https:\/\/noti-america.com\/site\/peru\/2025\/01\/14\/comunidad-andina-accionara-en-el-2025-a-favor-de-114-millones-de-ciudadanos\/#primaryimage\"},\"image\":{\"@id\":\"https:\/\/noti-america.com\/site\/peru\/2025\/01\/14\/comunidad-andina-accionara-en-el-2025-a-favor-de-114-millones-de-ciudadanos\/#primaryimage\"},\"thumbnailUrl\":\"https:\/\/noti-america.com\/site\/peru\/wp-content\/uploads\/sites\/8\/2025\/01\/IMG-20250113-WA00551.jpg\",\"datePublished\":\"2025-01-14T04:53:42+00:00\",\"breadcrumb\":{\"@id\":\"https:\/\/noti-america.com\/site\/peru\/2025\/01\/14\/comunidad-andina-accionara-en-el-2025-a-favor-de-114-millones-de-ciudadanos\/#breadcrumb\"},\"inLanguage\":\"es\",\"potentialAction\":[{\"@type\":\"ReadAction\",\"target\":[\"https:\/\/noti-america.com\/site\/peru\/2025\/01\/14\/comunidad-andina-accionara-en-el-2025-a-favor-de-114-millones-de-ciudadanos\/\"]}]},{\"@type\":\"ImageObject\",\"inLanguage\":\"es\",\"@id\":\"https:\/\/noti-america.com\/site\/peru\/2025\/01\/14\/comunidad-andina-accionara-en-el-2025-a-favor-de-114-millones-de-ciudadanos\/#primaryimage\",\"url\":\"https:\/\/noti-america.com\/site\/peru\/wp-content\/uploads\/sites\/8\/2025\/01\/IMG-20250113-WA00551.jpg\",\"contentUrl\":\"https:\/\/noti-america.com\/site\/peru\/wp-content\/uploads\/sites\/8\/2025\/01\/IMG-20250113-WA00551.jpg\",\"width\":1600,\"height\":1063,\"caption\":\"Foto: CAN \/ Prensa\"},{\"@type\":\"BreadcrumbList\",\"@id\":\"https:\/\/noti-america.com\/site\/peru\/2025\/01\/14\/comunidad-andina-accionara-en-el-2025-a-favor-de-114-millones-de-ciudadanos\/#breadcrumb\",\"itemListElement\":[{\"@type\":\"ListItem\",\"position\":1,\"name\":\"Portada\",\"item\":\"https:\/\/noti-america.com\/site\/peru\/\"},{\"@type\":\"ListItem\",\"position\":2,\"name\":\"COMUNIDAD ANDINA ACCIONAR\u00c1 EN EL 2025 A FAVOR DE 114 MILLONES DE CIUDADANOS\"}]},{\"@type\":\"WebSite\",\"@id\":\"https:\/\/noti-america.com\/site\/peru\/#website\",\"url\":\"https:\/\/noti-america.com\/site\/peru\/\",\"name\":\"Per\u00fa | Noti-America.com\",\"description\":\"\",\"publisher\":{\"@id\":\"https:\/\/noti-america.com\/site\/peru\/#organization\"},\"potentialAction\":[{\"@type\":\"SearchAction\",\"target\":{\"@type\":\"EntryPoint\",\"urlTemplate\":\"https:\/\/noti-america.com\/site\/peru\/?s={search_term_string}\"},\"query-input\":{\"@type\":\"PropertyValueSpecification\",\"valueRequired\":true,\"valueName\":\"search_term_string\"}}],\"inLanguage\":\"es\"},{\"@type\":\"Organization\",\"@id\":\"https:\/\/noti-america.com\/site\/peru\/#organization\",\"name\":\"Noti-America LLC | Per\u00fa\",\"url\":\"https:\/\/noti-america.com\/site\/peru\/\",\"logo\":{\"@type\":\"ImageObject\",\"inLanguage\":\"es\",\"@id\":\"https:\/\/noti-america.com\/site\/peru\/#\/schema\/logo\/image\/\",\"url\":\"https:\/\/noti-america.com\/site\/peru\/wp-content\/uploads\/sites\/8\/2020\/07\/LogoNA-4x3-1.jpg\",\"contentUrl\":\"https:\/\/noti-america.com\/site\/peru\/wp-content\/uploads\/sites\/8\/2020\/07\/LogoNA-4x3-1.jpg\",\"width\":1236,\"height\":1080,\"caption\":\"Noti-America LLC | Per\u00fa\"},\"image\":{\"@id\":\"https:\/\/noti-america.com\/site\/peru\/#\/schema\/logo\/image\/\"}},{\"@type\":\"Person\",\"@id\":\"https:\/\/noti-america.com\/site\/peru\/#\/schema\/person\/28a35f20383bf2485bc838bfe76aebdc\",\"name\":\"Geomar Pacheco R.\",\"image\":{\"@type\":\"ImageObject\",\"inLanguage\":\"es\",\"@id\":\"https:\/\/secure.gravatar.com\/avatar\/5f09cb527f9632e92234c6fc6e2cbcefebeed6bdeb0f9129ea4cbc7aa71587c6?s=96&d=mm&r=g\",\"url\":\"https:\/\/secure.gravatar.com\/avatar\/5f09cb527f9632e92234c6fc6e2cbcefebeed6bdeb0f9129ea4cbc7aa71587c6?s=96&d=mm&r=g\",\"contentUrl\":\"https:\/\/secure.gravatar.com\/avatar\/5f09cb527f9632e92234c6fc6e2cbcefebeed6bdeb0f9129ea4cbc7aa71587c6?s=96&d=mm&r=g\",\"caption\":\"Geomar Pacheco R.\"},\"sameAs\":[\"https:\/\/x.com\/GeomarPacheco1\"],\"url\":\"https:\/\/noti-america.com\/site\/peru\/author\/gpacheco\/\"}]}<\/script>\n<!-- \/ Yoast SEO Premium plugin. -->","yoast_head_json":{"title":"COMUNIDAD ANDINA ACCIONAR\u00c1 EN EL 2025 A FAVOR DE 114 MILLONES DE CIUDADANOS - Per\u00fa | Noti-America.com","robots":{"index":"index","follow":"follow","max-snippet":"max-snippet:-1","max-image-preview":"max-image-preview:large","max-video-preview":"max-video-preview:-1"},"canonical":"https:\/\/noti-america.com\/site\/peru\/2025\/01\/14\/comunidad-andina-accionara-en-el-2025-a-favor-de-114-millones-de-ciudadanos\/","og_locale":"es_ES","og_type":"article","og_title":"COMUNIDAD ANDINA ACCIONAR\u00c1 EN EL 2025 A FAVOR DE 114 MILLONES DE CIUDADANOS","og_description":"NOTI-AM\u00c9RICA PER\u00da Por Geomar Pacheco Rivera Importante decisi\u00f3n concret\u00f3 el secretario general de la Comunidad Andina de Naciones (CAN), Gonzalo Guti\u00e9rrez, de nacionalidad peruana, quien present\u00f3 a los tres nuevos directores generales de la&#46;&#46;&#46;","og_url":"https:\/\/noti-america.com\/site\/peru\/2025\/01\/14\/comunidad-andina-accionara-en-el-2025-a-favor-de-114-millones-de-ciudadanos\/","og_site_name":"Per\u00fa | Noti-America.com","article_published_time":"2025-01-14T04:53:42+00:00","og_image":[{"width":1600,"height":1063,"url":"https:\/\/noti-america.com\/site\/peru\/wp-content\/uploads\/sites\/8\/2025\/01\/IMG-20250113-WA00551.jpg","type":"image\/jpeg"}],"author":"Geomar Pacheco R.","twitter_card":"summary_large_image","twitter_creator":"@GeomarPacheco1","twitter_misc":{"Escrito por":"Geomar Pacheco R.","Tiempo estimado de lectura":"2 minutos"},"schema":{"@context":"https:\/\/schema.org","@graph":[{"@type":"Article","@id":"https:\/\/noti-america.com\/site\/peru\/2025\/01\/14\/comunidad-andina-accionara-en-el-2025-a-favor-de-114-millones-de-ciudadanos\/#article","isPartOf":{"@id":"https:\/\/noti-america.com\/site\/peru\/2025\/01\/14\/comunidad-andina-accionara-en-el-2025-a-favor-de-114-millones-de-ciudadanos\/"},"author":{"name":"Geomar Pacheco R.","@id":"https:\/\/noti-america.com\/site\/peru\/#\/schema\/person\/28a35f20383bf2485bc838bfe76aebdc"},"headline":"COMUNIDAD ANDINA ACCIONAR\u00c1 EN EL 2025 A FAVOR DE 114 MILLONES DE CIUDADANOS","datePublished":"2025-01-14T04:53:42+00:00","mainEntityOfPage":{"@id":"https:\/\/noti-america.com\/site\/peru\/2025\/01\/14\/comunidad-andina-accionara-en-el-2025-a-favor-de-114-millones-de-ciudadanos\/"},"wordCount":281,"commentCount":0,"publisher":{"@id":"https:\/\/noti-america.com\/site\/peru\/#organization"},"image":{"@id":"https:\/\/noti-america.com\/site\/peru\/2025\/01\/14\/comunidad-andina-accionara-en-el-2025-a-favor-de-114-millones-de-ciudadanos\/#primaryimage"},"thumbnailUrl":"https:\/\/noti-america.com\/site\/peru\/wp-content\/uploads\/sites\/8\/2025\/01\/IMG-20250113-WA00551.jpg","articleSection":["Actualidad","Internacionales"],"inLanguage":"es","potentialAction":[{"@type":"CommentAction","name":"Comment","target":["https:\/\/noti-america.com\/site\/peru\/2025\/01\/14\/comunidad-andina-accionara-en-el-2025-a-favor-de-114-millones-de-ciudadanos\/#respond"]}]},{"@type":"WebPage","@id":"https:\/\/noti-america.com\/site\/peru\/2025\/01\/14\/comunidad-andina-accionara-en-el-2025-a-favor-de-114-millones-de-ciudadanos\/","url":"https:\/\/noti-america.com\/site\/peru\/2025\/01\/14\/comunidad-andina-accionara-en-el-2025-a-favor-de-114-millones-de-ciudadanos\/","name":"COMUNIDAD ANDINA ACCIONAR\u00c1 EN EL 2025 A FAVOR DE 114 MILLONES DE CIUDADANOS - Per\u00fa | Noti-America.com","isPartOf":{"@id":"https:\/\/noti-america.com\/site\/peru\/#website"},"primaryImageOfPage":{"@id":"https:\/\/noti-america.com\/site\/peru\/2025\/01\/14\/comunidad-andina-accionara-en-el-2025-a-favor-de-114-millones-de-ciudadanos\/#primaryimage"},"image":{"@id":"https:\/\/noti-america.com\/site\/peru\/2025\/01\/14\/comunidad-andina-accionara-en-el-2025-a-favor-de-114-millones-de-ciudadanos\/#primaryimage"},"thumbnailUrl":"https:\/\/noti-america.com\/site\/peru\/wp-content\/uploads\/sites\/8\/2025\/01\/IMG-20250113-WA00551.jpg","datePublished":"2025-01-14T04:53:42+00:00","breadcrumb":{"@id":"https:\/\/noti-america.com\/site\/peru\/2025\/01\/14\/comunidad-andina-accionara-en-el-2025-a-favor-de-114-millones-de-ciudadanos\/#breadcrumb"},"inLanguage":"es","potentialAction":[{"@type":"ReadAction","target":["https:\/\/noti-america.com\/site\/peru\/2025\/01\/14\/comunidad-andina-accionara-en-el-2025-a-favor-de-114-millones-de-ciudadanos\/"]}]},{"@type":"ImageObject","inLanguage":"es","@id":"https:\/\/noti-america.com\/site\/peru\/2025\/01\/14\/comunidad-andina-accionara-en-el-2025-a-favor-de-114-millones-de-ciudadanos\/#primaryimage","url":"https:\/\/noti-america.com\/site\/peru\/wp-content\/uploads\/sites\/8\/2025\/01\/IMG-20250113-WA00551.jpg","contentUrl":"https:\/\/noti-america.com\/site\/peru\/wp-content\/uploads\/sites\/8\/2025\/01\/IMG-20250113-WA00551.jpg","width":1600,"height":1063,"caption":"Foto: CAN \/ Prensa"},{"@type":"BreadcrumbList","@id":"https:\/\/noti-america.com\/site\/peru\/2025\/01\/14\/comunidad-andina-accionara-en-el-2025-a-favor-de-114-millones-de-ciudadanos\/#breadcrumb","itemListElement":[{"@type":"ListItem","position":1,"name":"Portada","item":"https:\/\/noti-america.com\/site\/peru\/"},{"@type":"ListItem","position":2,"name":"COMUNIDAD ANDINA ACCIONAR\u00c1 EN EL 2025 A FAVOR DE 114 MILLONES DE CIUDADANOS"}]},{"@type":"WebSite","@id":"https:\/\/noti-america.com\/site\/peru\/#website","url":"https:\/\/noti-america.com\/site\/peru\/","name":"Per\u00fa | Noti-America.com","description":"","publisher":{"@id":"https:\/\/noti-america.com\/site\/peru\/#organization"},"potentialAction":[{"@type":"SearchAction","target":{"@type":"EntryPoint","urlTemplate":"https:\/\/noti-america.com\/site\/peru\/?s={search_term_string}"},"query-input":{"@type":"PropertyValueSpecification","valueRequired":true,"valueName":"search_term_string"}}],"inLanguage":"es"},{"@type":"Organization","@id":"https:\/\/noti-america.com\/site\/peru\/#organization","name":"Noti-America LLC | Per\u00fa","url":"https:\/\/noti-america.com\/site\/peru\/","logo":{"@type":"ImageObject","inLanguage":"es","@id":"https:\/\/noti-america.com\/site\/peru\/#\/schema\/logo\/image\/","url":"https:\/\/noti-america.com\/site\/peru\/wp-content\/uploads\/sites\/8\/2020\/07\/LogoNA-4x3-1.jpg","contentUrl":"https:\/\/noti-america.com\/site\/peru\/wp-content\/uploads\/sites\/8\/2020\/07\/LogoNA-4x3-1.jpg","width":1236,"height":1080,"caption":"Noti-America LLC | Per\u00fa"},"image":{"@id":"https:\/\/noti-america.com\/site\/peru\/#\/schema\/logo\/image\/"}},{"@type":"Person","@id":"https:\/\/noti-america.com\/site\/peru\/#\/schema\/person\/28a35f20383bf2485bc838bfe76aebdc","name":"Geomar Pacheco R.","image":{"@type":"ImageObject","inLanguage":"es","@id":"https:\/\/secure.gravatar.com\/avatar\/5f09cb527f9632e92234c6fc6e2cbcefebeed6bdeb0f9129ea4cbc7aa71587c6?s=96&d=mm&r=g","url":"https:\/\/secure.gravatar.com\/avatar\/5f09cb527f9632e92234c6fc6e2cbcefebeed6bdeb0f9129ea4cbc7aa71587c6?s=96&d=mm&r=g","contentUrl":"https:\/\/secure.gravatar.com\/avatar\/5f09cb527f9632e92234c6fc6e2cbcefebeed6bdeb0f9129ea4cbc7aa71587c6?s=96&d=mm&r=g","caption":"Geomar Pacheco R."},"sameAs":["https:\/\/x.com\/GeomarPacheco1"],"url":"https:\/\/noti-america.com\/site\/peru\/author\/gpacheco\/"}]}},"_links":{"self":[{"href":"https:\/\/noti-america.com\/site\/peru\/wp-json\/wp\/v2\/posts\/8352","targetHints":{"allow":["GET"]}}],"collection":[{"href":"https:\/\/noti-america.com\/site\/peru\/wp-json\/wp\/v2\/posts"}],"about":[{"href":"https:\/\/noti-america.com\/site\/peru\/wp-json\/wp\/v2\/types\/post"}],"author":[{"embeddable":true,"href":"https:\/\/noti-america.com\/site\/peru\/wp-json\/wp\/v2\/users\/70"}],"replies":[{"embeddable":true,"href":"https:\/\/noti-america.com\/site\/peru\/wp-json\/wp\/v2\/comments?post=8352"}],"version-history":[{"count":1,"href":"https:\/\/noti-america.com\/site\/peru\/wp-json\/wp\/v2\/posts\/8352\/revisions"}],"predecessor-version":[{"id":8354,"href":"https:\/\/noti-america.com\/site\/peru\/wp-json\/wp\/v2\/posts\/8352\/revisions\/8354"}],"wp:featuredmedia":[{"embeddable":true,"href":"https:\/\/noti-america.com\/site\/peru\/wp-json\/wp\/v2\/media\/8353"}],"wp:attachment":[{"href":"https:\/\/noti-america.com\/site\/peru\/wp-json\/wp\/v2\/media?parent=8352"}],"wp:term":[{"taxonomy":"category","embeddable":true,"href":"https:\/\/noti-america.com\/site\/peru\/wp-json\/wp\/v2\/categories?post=8352"},{"taxonomy":"post_tag","embeddable":true,"href":"https:\/\/noti-america.com\/site\/peru\/wp-json\/wp\/v2\/tags?post=8352"}],"curies":[{"name":"wp","href":"https:\/\/api.w.org\/{rel}","templated":true}]}}