{"id":8307,"date":"2024-11-29T01:52:47","date_gmt":"2024-11-29T01:52:47","guid":{"rendered":"https:\/\/noti-america.com\/site\/peru\/?p=8307"},"modified":"2024-11-29T01:52:47","modified_gmt":"2024-11-29T01:52:47","slug":"cusco-nuevamente-orgullo-de-la-humanidad","status":"publish","type":"post","link":"https:\/\/noti-america.com\/site\/peru\/2024\/11\/29\/cusco-nuevamente-orgullo-de-la-humanidad\/","title":{"rendered":"CUSCO NUEVAMENTE ORGULLO DE LA HUMANIDAD"},"content":{"rendered":"<p style=\"text-align: justify\"><strong><span style=\"font-size: 14pt;font-family: Tahoma, Arial, Helvetica, sans-serif\">NOTI-AM\u00c9RICA PER\u00da<\/span><\/strong><\/p>\n<p style=\"text-align: justify\">\n<p style=\"text-align: right\"><strong><span style=\"font-size: 14pt;font-family: Tahoma, Arial, Helvetica, sans-serif\">Por Geomar Pacheco Rivera<\/span><\/strong><\/p>\n<p style=\"text-align: justify\">\n<p style=\"text-align: justify\"><span style=\"font-weight: 400;font-size: 14pt;font-family: Tahoma, Arial, Helvetica, sans-serif\">La conservaci\u00f3n y preservaci\u00f3n de la ciudadela inca de Machu Picchu fueron claves para la elecci\u00f3n de este Patrimonio de la Humanidad como la Atracci\u00f3n Tur\u00edstica L\u00edder del Mundo en el a\u00f1o 2024 en los premios World Travel Awards, conocidos como los \u00d3scar del Turismo internacional.<\/span><\/p>\n<p style=\"text-align: justify\">\n<p style=\"text-align: justify\"><span style=\"font-size: 14pt;font-family: Tahoma, Arial, Helvetica, sans-serif\"><span style=\"font-weight: 400\">C\u00e9sar Medina Alpaca, jefe encargado del parque arqueol\u00f3gico de Machu Picchu, dijo que el \u201chaber sido elegido por sexta vez satisface e impulsa a seguir en la salvaguarda. Aquellos que visitan la <\/span><i><span style=\"font-weight: 400\">llaqta <\/span><\/i><span style=\"font-weight: 400\">se dan cuenta de que nuestro patrimonio est\u00e1 bien conservado y mantiene su originalidad\u201d.<\/span><\/span><\/p>\n<p style=\"text-align: justify\">\n<p style=\"text-align: justify\"><span style=\"font-weight: 400;font-size: 14pt;font-family: Tahoma, Arial, Helvetica, sans-serif\">Son 37.000 hect\u00e1reas que comprende el parque, con la ciudadela inca, catalogada como una de las siete maravillas del mundo moderno, y sus guardianes, el Machu y Huayna Picchu, que, seg\u00fan explic\u00f3 Medina Alpaca, unen y alientan al personal de la Direcci\u00f3n de Cultura a cuidarla ante la masiva afluencia de turistas.<\/span><\/p>\n<p style=\"text-align: justify\"><a href=\"https:\/\/noti-america.com\/site\/peru\/wp-content\/uploads\/sites\/8\/2024\/11\/Imagen-de-WhatsApp-2024-11-27-a-las-23.20.51_8ed43e4d.jpg\"><img loading=\"lazy\" decoding=\"async\" class=\"aligncenter size-full wp-image-8308\" src=\"https:\/\/noti-america.com\/site\/peru\/wp-content\/uploads\/sites\/8\/2024\/11\/Imagen-de-WhatsApp-2024-11-27-a-las-23.20.51_8ed43e4d.jpg\" alt=\"\" width=\"720\" height=\"540\" srcset=\"https:\/\/noti-america.com\/site\/peru\/wp-content\/uploads\/sites\/8\/2024\/11\/Imagen-de-WhatsApp-2024-11-27-a-las-23.20.51_8ed43e4d.jpg 720w, https:\/\/noti-america.com\/site\/peru\/wp-content\/uploads\/sites\/8\/2024\/11\/Imagen-de-WhatsApp-2024-11-27-a-las-23.20.51_8ed43e4d-300x225.jpg 300w\" sizes=\"auto, (max-width: 720px) 100vw, 720px\" \/><\/a><\/p>\n<p>&nbsp;<\/p>\n<p style=\"text-align: justify\"><span style=\"font-weight: 400;font-size: 14pt;font-family: Tahoma, Arial, Helvetica, sans-serif\">\u201cVamos a aunar mayores esfuerzos para poder conservar la llaqta, controlar el aforo y mejorar las condiciones de visita\u201d, dijo en referencia a las 5.600 visitas diarias que recibe en temporada alta la ciudadela, y esta ser\u00e1 mucho m\u00e1s visible a fines de este a\u00f1o.\u00a0<\/span><\/p>\n<p style=\"text-align: justify\">\n<p style=\"text-align: justify\"><span style=\"font-weight: 400;font-size: 14pt;font-family: Tahoma, Arial, Helvetica, sans-serif\">Los cuatro circuitos que se han implementado para descentralizar las visitas en la llaqta, pueden haber sufrido cierta modificaci\u00f3n, al menos en el circuito uno, que ampliar\u00eda las visitas hasta el sector de Inti Punku y Puente Inca \u201cpara que tengan mayor satisfacci\u00f3n y sea m\u00e1s atractivo a los visitantes\u201d, asever\u00f3.\u00a0<\/span><\/p>\n<p style=\"text-align: justify\"><a href=\"https:\/\/noti-america.com\/site\/peru\/wp-content\/uploads\/sites\/8\/2024\/11\/Imagen-de-WhatsApp-2024-11-27-a-las-23.26.25_c95171df.jpg\"><img loading=\"lazy\" decoding=\"async\" class=\"aligncenter wp-image-8309 size-full\" src=\"https:\/\/noti-america.com\/site\/peru\/wp-content\/uploads\/sites\/8\/2024\/11\/Imagen-de-WhatsApp-2024-11-27-a-las-23.26.25_c95171df.jpg\" alt=\"\" width=\"500\" height=\"334\" srcset=\"https:\/\/noti-america.com\/site\/peru\/wp-content\/uploads\/sites\/8\/2024\/11\/Imagen-de-WhatsApp-2024-11-27-a-las-23.26.25_c95171df.jpg 500w, https:\/\/noti-america.com\/site\/peru\/wp-content\/uploads\/sites\/8\/2024\/11\/Imagen-de-WhatsApp-2024-11-27-a-las-23.26.25_c95171df-300x200.jpg 300w, https:\/\/noti-america.com\/site\/peru\/wp-content\/uploads\/sites\/8\/2024\/11\/Imagen-de-WhatsApp-2024-11-27-a-las-23.26.25_c95171df-272x182.jpg 272w\" sizes=\"auto, (max-width: 500px) 100vw, 500px\" \/><\/a><\/p>\n<p>Fotos: Andina \/Difusi\u00f3n<\/p>\n<p style=\"text-align: justify\"><span style=\"font-weight: 400;font-size: 14pt;font-family: Tahoma, Arial, Helvetica, sans-serif\">Ante el inicio de la temporada de lluvias, que se registra con intensidad desde hace dos semanas, mencion\u00f3 que el personal de la entidad cultural, realiza el mantenimiento de pisos con geoblocks, drenes, la renovaci\u00f3n de cobertura y trabajos habituales.<\/span><\/p>\n<p style=\"text-align: justify\">\n<p style=\"text-align: justify\"><span style=\"font-weight: 400;font-size: 14pt;font-family: Tahoma, Arial, Helvetica, sans-serif\">Este nuevo logro compromete al personal especializado y t\u00e9cnico a continuar con la labor de preservar una de las siete maravillas del mundo, as\u00ed como a las autoridades de la regi\u00f3n y a los empresarios del turismo en Cusco.<\/span><\/p>\n","protected":false},"excerpt":{"rendered":"<p>NOTI-AM\u00c9RICA PER\u00da Por Geomar Pacheco Rivera La conservaci\u00f3n y preservaci\u00f3n de la ciudadela inca de Machu Picchu fueron claves para la elecci\u00f3n de este Patrimonio de la Humanidad como la Atracci\u00f3n Tur\u00edstica L\u00edder del&#46;&#46;&#46;<\/p>\n","protected":false},"author":70,"featured_media":8308,"comment_status":"open","ping_status":"open","sticky":false,"template":"","format":"standard","meta":{"_acf_changed":false,"rop_custom_images_group":[],"rop_custom_messages_group":[],"rop_publish_now":"initial","rop_publish_now_accounts":{"twitter_242054905_242054905":""},"rop_publish_now_history":[],"rop_publish_now_status":"pending","footnotes":""},"categories":[268],"tags":[],"class_list":["post-8307","post","type-post","status-publish","format-standard","has-post-thumbnail","hentry","category-acturalidad"],"acf":[],"yoast_head":"<!-- This site is optimized with the Yoast SEO Premium plugin v24.9 (Yoast SEO v27.2) - https:\/\/yoast.com\/product\/yoast-seo-premium-wordpress\/ -->\n<title>CUSCO NUEVAMENTE ORGULLO DE LA HUMANIDAD - Per\u00fa | Noti-America.com<\/title>\n<meta name=\"robots\" content=\"index, follow, max-snippet:-1, max-image-preview:large, max-video-preview:-1\" \/>\n<link rel=\"canonical\" href=\"https:\/\/noti-america.com\/site\/peru\/2024\/11\/29\/cusco-nuevamente-orgullo-de-la-humanidad\/\" \/>\n<meta property=\"og:locale\" content=\"es_ES\" \/>\n<meta property=\"og:type\" content=\"article\" \/>\n<meta property=\"og:title\" content=\"CUSCO NUEVAMENTE ORGULLO DE LA HUMANIDAD\" \/>\n<meta property=\"og:description\" content=\"NOTI-AM\u00c9RICA PER\u00da Por Geomar Pacheco Rivera La conservaci\u00f3n y preservaci\u00f3n de la ciudadela inca de Machu Picchu fueron claves para la elecci\u00f3n de este Patrimonio de la Humanidad como la Atracci\u00f3n Tur\u00edstica L\u00edder del&#046;&#046;&#046;\" \/>\n<meta property=\"og:url\" content=\"https:\/\/noti-america.com\/site\/peru\/2024\/11\/29\/cusco-nuevamente-orgullo-de-la-humanidad\/\" \/>\n<meta property=\"og:site_name\" content=\"Per\u00fa | Noti-America.com\" \/>\n<meta property=\"article:published_time\" content=\"2024-11-29T01:52:47+00:00\" \/>\n<meta property=\"og:image\" content=\"https:\/\/noti-america.com\/site\/peru\/wp-content\/uploads\/sites\/8\/2024\/11\/Imagen-de-WhatsApp-2024-11-27-a-las-23.20.51_8ed43e4d.jpg\" \/>\n\t<meta property=\"og:image:width\" content=\"720\" \/>\n\t<meta property=\"og:image:height\" content=\"540\" \/>\n\t<meta property=\"og:image:type\" content=\"image\/jpeg\" \/>\n<meta name=\"author\" content=\"Geomar Pacheco R.\" \/>\n<meta name=\"twitter:card\" content=\"summary_large_image\" \/>\n<meta name=\"twitter:creator\" content=\"@GeomarPacheco1\" \/>\n<meta name=\"twitter:label1\" content=\"Escrito por\" \/>\n\t<meta name=\"twitter:data1\" content=\"Geomar Pacheco R.\" \/>\n\t<meta name=\"twitter:label2\" content=\"Tiempo estimado de lectura\" \/>\n\t<meta name=\"twitter:data2\" content=\"2 minutos\" \/>\n<script type=\"application\/ld+json\" class=\"yoast-schema-graph\">{\"@context\":\"https:\/\/schema.org\",\"@graph\":[{\"@type\":\"Article\",\"@id\":\"https:\/\/noti-america.com\/site\/peru\/2024\/11\/29\/cusco-nuevamente-orgullo-de-la-humanidad\/#article\",\"isPartOf\":{\"@id\":\"https:\/\/noti-america.com\/site\/peru\/2024\/11\/29\/cusco-nuevamente-orgullo-de-la-humanidad\/\"},\"author\":{\"name\":\"Geomar Pacheco R.\",\"@id\":\"https:\/\/noti-america.com\/site\/peru\/#\/schema\/person\/28a35f20383bf2485bc838bfe76aebdc\"},\"headline\":\"CUSCO NUEVAMENTE ORGULLO DE LA HUMANIDAD\",\"datePublished\":\"2024-11-29T01:52:47+00:00\",\"mainEntityOfPage\":{\"@id\":\"https:\/\/noti-america.com\/site\/peru\/2024\/11\/29\/cusco-nuevamente-orgullo-de-la-humanidad\/\"},\"wordCount\":356,\"commentCount\":0,\"publisher\":{\"@id\":\"https:\/\/noti-america.com\/site\/peru\/#organization\"},\"image\":{\"@id\":\"https:\/\/noti-america.com\/site\/peru\/2024\/11\/29\/cusco-nuevamente-orgullo-de-la-humanidad\/#primaryimage\"},\"thumbnailUrl\":\"https:\/\/noti-america.com\/site\/peru\/wp-content\/uploads\/sites\/8\/2024\/11\/Imagen-de-WhatsApp-2024-11-27-a-las-23.20.51_8ed43e4d.jpg\",\"articleSection\":[\"Actualidad\"],\"inLanguage\":\"es\",\"potentialAction\":[{\"@type\":\"CommentAction\",\"name\":\"Comment\",\"target\":[\"https:\/\/noti-america.com\/site\/peru\/2024\/11\/29\/cusco-nuevamente-orgullo-de-la-humanidad\/#respond\"]}]},{\"@type\":\"WebPage\",\"@id\":\"https:\/\/noti-america.com\/site\/peru\/2024\/11\/29\/cusco-nuevamente-orgullo-de-la-humanidad\/\",\"url\":\"https:\/\/noti-america.com\/site\/peru\/2024\/11\/29\/cusco-nuevamente-orgullo-de-la-humanidad\/\",\"name\":\"CUSCO NUEVAMENTE ORGULLO DE LA HUMANIDAD - Per\u00fa | Noti-America.com\",\"isPartOf\":{\"@id\":\"https:\/\/noti-america.com\/site\/peru\/#website\"},\"primaryImageOfPage\":{\"@id\":\"https:\/\/noti-america.com\/site\/peru\/2024\/11\/29\/cusco-nuevamente-orgullo-de-la-humanidad\/#primaryimage\"},\"image\":{\"@id\":\"https:\/\/noti-america.com\/site\/peru\/2024\/11\/29\/cusco-nuevamente-orgullo-de-la-humanidad\/#primaryimage\"},\"thumbnailUrl\":\"https:\/\/noti-america.com\/site\/peru\/wp-content\/uploads\/sites\/8\/2024\/11\/Imagen-de-WhatsApp-2024-11-27-a-las-23.20.51_8ed43e4d.jpg\",\"datePublished\":\"2024-11-29T01:52:47+00:00\",\"breadcrumb\":{\"@id\":\"https:\/\/noti-america.com\/site\/peru\/2024\/11\/29\/cusco-nuevamente-orgullo-de-la-humanidad\/#breadcrumb\"},\"inLanguage\":\"es\",\"potentialAction\":[{\"@type\":\"ReadAction\",\"target\":[\"https:\/\/noti-america.com\/site\/peru\/2024\/11\/29\/cusco-nuevamente-orgullo-de-la-humanidad\/\"]}]},{\"@type\":\"ImageObject\",\"inLanguage\":\"es\",\"@id\":\"https:\/\/noti-america.com\/site\/peru\/2024\/11\/29\/cusco-nuevamente-orgullo-de-la-humanidad\/#primaryimage\",\"url\":\"https:\/\/noti-america.com\/site\/peru\/wp-content\/uploads\/sites\/8\/2024\/11\/Imagen-de-WhatsApp-2024-11-27-a-las-23.20.51_8ed43e4d.jpg\",\"contentUrl\":\"https:\/\/noti-america.com\/site\/peru\/wp-content\/uploads\/sites\/8\/2024\/11\/Imagen-de-WhatsApp-2024-11-27-a-las-23.20.51_8ed43e4d.jpg\",\"width\":720,\"height\":540},{\"@type\":\"BreadcrumbList\",\"@id\":\"https:\/\/noti-america.com\/site\/peru\/2024\/11\/29\/cusco-nuevamente-orgullo-de-la-humanidad\/#breadcrumb\",\"itemListElement\":[{\"@type\":\"ListItem\",\"position\":1,\"name\":\"Portada\",\"item\":\"https:\/\/noti-america.com\/site\/peru\/\"},{\"@type\":\"ListItem\",\"position\":2,\"name\":\"CUSCO NUEVAMENTE ORGULLO DE LA HUMANIDAD\"}]},{\"@type\":\"WebSite\",\"@id\":\"https:\/\/noti-america.com\/site\/peru\/#website\",\"url\":\"https:\/\/noti-america.com\/site\/peru\/\",\"name\":\"Per\u00fa | Noti-America.com\",\"description\":\"\",\"publisher\":{\"@id\":\"https:\/\/noti-america.com\/site\/peru\/#organization\"},\"potentialAction\":[{\"@type\":\"SearchAction\",\"target\":{\"@type\":\"EntryPoint\",\"urlTemplate\":\"https:\/\/noti-america.com\/site\/peru\/?s={search_term_string}\"},\"query-input\":{\"@type\":\"PropertyValueSpecification\",\"valueRequired\":true,\"valueName\":\"search_term_string\"}}],\"inLanguage\":\"es\"},{\"@type\":\"Organization\",\"@id\":\"https:\/\/noti-america.com\/site\/peru\/#organization\",\"name\":\"Noti-America LLC | Per\u00fa\",\"url\":\"https:\/\/noti-america.com\/site\/peru\/\",\"logo\":{\"@type\":\"ImageObject\",\"inLanguage\":\"es\",\"@id\":\"https:\/\/noti-america.com\/site\/peru\/#\/schema\/logo\/image\/\",\"url\":\"https:\/\/noti-america.com\/site\/peru\/wp-content\/uploads\/sites\/8\/2020\/07\/LogoNA-4x3-1.jpg\",\"contentUrl\":\"https:\/\/noti-america.com\/site\/peru\/wp-content\/uploads\/sites\/8\/2020\/07\/LogoNA-4x3-1.jpg\",\"width\":1236,\"height\":1080,\"caption\":\"Noti-America LLC | Per\u00fa\"},\"image\":{\"@id\":\"https:\/\/noti-america.com\/site\/peru\/#\/schema\/logo\/image\/\"}},{\"@type\":\"Person\",\"@id\":\"https:\/\/noti-america.com\/site\/peru\/#\/schema\/person\/28a35f20383bf2485bc838bfe76aebdc\",\"name\":\"Geomar Pacheco R.\",\"image\":{\"@type\":\"ImageObject\",\"inLanguage\":\"es\",\"@id\":\"https:\/\/secure.gravatar.com\/avatar\/5f09cb527f9632e92234c6fc6e2cbcefebeed6bdeb0f9129ea4cbc7aa71587c6?s=96&d=mm&r=g\",\"url\":\"https:\/\/secure.gravatar.com\/avatar\/5f09cb527f9632e92234c6fc6e2cbcefebeed6bdeb0f9129ea4cbc7aa71587c6?s=96&d=mm&r=g\",\"contentUrl\":\"https:\/\/secure.gravatar.com\/avatar\/5f09cb527f9632e92234c6fc6e2cbcefebeed6bdeb0f9129ea4cbc7aa71587c6?s=96&d=mm&r=g\",\"caption\":\"Geomar Pacheco R.\"},\"sameAs\":[\"https:\/\/x.com\/GeomarPacheco1\"],\"url\":\"https:\/\/noti-america.com\/site\/peru\/author\/gpacheco\/\"}]}<\/script>\n<!-- \/ Yoast SEO Premium plugin. -->","yoast_head_json":{"title":"CUSCO NUEVAMENTE ORGULLO DE LA HUMANIDAD - Per\u00fa | Noti-America.com","robots":{"index":"index","follow":"follow","max-snippet":"max-snippet:-1","max-image-preview":"max-image-preview:large","max-video-preview":"max-video-preview:-1"},"canonical":"https:\/\/noti-america.com\/site\/peru\/2024\/11\/29\/cusco-nuevamente-orgullo-de-la-humanidad\/","og_locale":"es_ES","og_type":"article","og_title":"CUSCO NUEVAMENTE ORGULLO DE LA HUMANIDAD","og_description":"NOTI-AM\u00c9RICA PER\u00da Por Geomar Pacheco Rivera La conservaci\u00f3n y preservaci\u00f3n de la ciudadela inca de Machu Picchu fueron claves para la elecci\u00f3n de este Patrimonio de la Humanidad como la Atracci\u00f3n Tur\u00edstica L\u00edder del&#46;&#46;&#46;","og_url":"https:\/\/noti-america.com\/site\/peru\/2024\/11\/29\/cusco-nuevamente-orgullo-de-la-humanidad\/","og_site_name":"Per\u00fa | Noti-America.com","article_published_time":"2024-11-29T01:52:47+00:00","og_image":[{"width":720,"height":540,"url":"https:\/\/noti-america.com\/site\/peru\/wp-content\/uploads\/sites\/8\/2024\/11\/Imagen-de-WhatsApp-2024-11-27-a-las-23.20.51_8ed43e4d.jpg","type":"image\/jpeg"}],"author":"Geomar Pacheco R.","twitter_card":"summary_large_image","twitter_creator":"@GeomarPacheco1","twitter_misc":{"Escrito por":"Geomar Pacheco R.","Tiempo estimado de lectura":"2 minutos"},"schema":{"@context":"https:\/\/schema.org","@graph":[{"@type":"Article","@id":"https:\/\/noti-america.com\/site\/peru\/2024\/11\/29\/cusco-nuevamente-orgullo-de-la-humanidad\/#article","isPartOf":{"@id":"https:\/\/noti-america.com\/site\/peru\/2024\/11\/29\/cusco-nuevamente-orgullo-de-la-humanidad\/"},"author":{"name":"Geomar Pacheco R.","@id":"https:\/\/noti-america.com\/site\/peru\/#\/schema\/person\/28a35f20383bf2485bc838bfe76aebdc"},"headline":"CUSCO NUEVAMENTE ORGULLO DE LA HUMANIDAD","datePublished":"2024-11-29T01:52:47+00:00","mainEntityOfPage":{"@id":"https:\/\/noti-america.com\/site\/peru\/2024\/11\/29\/cusco-nuevamente-orgullo-de-la-humanidad\/"},"wordCount":356,"commentCount":0,"publisher":{"@id":"https:\/\/noti-america.com\/site\/peru\/#organization"},"image":{"@id":"https:\/\/noti-america.com\/site\/peru\/2024\/11\/29\/cusco-nuevamente-orgullo-de-la-humanidad\/#primaryimage"},"thumbnailUrl":"https:\/\/noti-america.com\/site\/peru\/wp-content\/uploads\/sites\/8\/2024\/11\/Imagen-de-WhatsApp-2024-11-27-a-las-23.20.51_8ed43e4d.jpg","articleSection":["Actualidad"],"inLanguage":"es","potentialAction":[{"@type":"CommentAction","name":"Comment","target":["https:\/\/noti-america.com\/site\/peru\/2024\/11\/29\/cusco-nuevamente-orgullo-de-la-humanidad\/#respond"]}]},{"@type":"WebPage","@id":"https:\/\/noti-america.com\/site\/peru\/2024\/11\/29\/cusco-nuevamente-orgullo-de-la-humanidad\/","url":"https:\/\/noti-america.com\/site\/peru\/2024\/11\/29\/cusco-nuevamente-orgullo-de-la-humanidad\/","name":"CUSCO NUEVAMENTE ORGULLO DE LA HUMANIDAD - Per\u00fa | Noti-America.com","isPartOf":{"@id":"https:\/\/noti-america.com\/site\/peru\/#website"},"primaryImageOfPage":{"@id":"https:\/\/noti-america.com\/site\/peru\/2024\/11\/29\/cusco-nuevamente-orgullo-de-la-humanidad\/#primaryimage"},"image":{"@id":"https:\/\/noti-america.com\/site\/peru\/2024\/11\/29\/cusco-nuevamente-orgullo-de-la-humanidad\/#primaryimage"},"thumbnailUrl":"https:\/\/noti-america.com\/site\/peru\/wp-content\/uploads\/sites\/8\/2024\/11\/Imagen-de-WhatsApp-2024-11-27-a-las-23.20.51_8ed43e4d.jpg","datePublished":"2024-11-29T01:52:47+00:00","breadcrumb":{"@id":"https:\/\/noti-america.com\/site\/peru\/2024\/11\/29\/cusco-nuevamente-orgullo-de-la-humanidad\/#breadcrumb"},"inLanguage":"es","potentialAction":[{"@type":"ReadAction","target":["https:\/\/noti-america.com\/site\/peru\/2024\/11\/29\/cusco-nuevamente-orgullo-de-la-humanidad\/"]}]},{"@type":"ImageObject","inLanguage":"es","@id":"https:\/\/noti-america.com\/site\/peru\/2024\/11\/29\/cusco-nuevamente-orgullo-de-la-humanidad\/#primaryimage","url":"https:\/\/noti-america.com\/site\/peru\/wp-content\/uploads\/sites\/8\/2024\/11\/Imagen-de-WhatsApp-2024-11-27-a-las-23.20.51_8ed43e4d.jpg","contentUrl":"https:\/\/noti-america.com\/site\/peru\/wp-content\/uploads\/sites\/8\/2024\/11\/Imagen-de-WhatsApp-2024-11-27-a-las-23.20.51_8ed43e4d.jpg","width":720,"height":540},{"@type":"BreadcrumbList","@id":"https:\/\/noti-america.com\/site\/peru\/2024\/11\/29\/cusco-nuevamente-orgullo-de-la-humanidad\/#breadcrumb","itemListElement":[{"@type":"ListItem","position":1,"name":"Portada","item":"https:\/\/noti-america.com\/site\/peru\/"},{"@type":"ListItem","position":2,"name":"CUSCO NUEVAMENTE ORGULLO DE LA HUMANIDAD"}]},{"@type":"WebSite","@id":"https:\/\/noti-america.com\/site\/peru\/#website","url":"https:\/\/noti-america.com\/site\/peru\/","name":"Per\u00fa | Noti-America.com","description":"","publisher":{"@id":"https:\/\/noti-america.com\/site\/peru\/#organization"},"potentialAction":[{"@type":"SearchAction","target":{"@type":"EntryPoint","urlTemplate":"https:\/\/noti-america.com\/site\/peru\/?s={search_term_string}"},"query-input":{"@type":"PropertyValueSpecification","valueRequired":true,"valueName":"search_term_string"}}],"inLanguage":"es"},{"@type":"Organization","@id":"https:\/\/noti-america.com\/site\/peru\/#organization","name":"Noti-America LLC | Per\u00fa","url":"https:\/\/noti-america.com\/site\/peru\/","logo":{"@type":"ImageObject","inLanguage":"es","@id":"https:\/\/noti-america.com\/site\/peru\/#\/schema\/logo\/image\/","url":"https:\/\/noti-america.com\/site\/peru\/wp-content\/uploads\/sites\/8\/2020\/07\/LogoNA-4x3-1.jpg","contentUrl":"https:\/\/noti-america.com\/site\/peru\/wp-content\/uploads\/sites\/8\/2020\/07\/LogoNA-4x3-1.jpg","width":1236,"height":1080,"caption":"Noti-America LLC | Per\u00fa"},"image":{"@id":"https:\/\/noti-america.com\/site\/peru\/#\/schema\/logo\/image\/"}},{"@type":"Person","@id":"https:\/\/noti-america.com\/site\/peru\/#\/schema\/person\/28a35f20383bf2485bc838bfe76aebdc","name":"Geomar Pacheco R.","image":{"@type":"ImageObject","inLanguage":"es","@id":"https:\/\/secure.gravatar.com\/avatar\/5f09cb527f9632e92234c6fc6e2cbcefebeed6bdeb0f9129ea4cbc7aa71587c6?s=96&d=mm&r=g","url":"https:\/\/secure.gravatar.com\/avatar\/5f09cb527f9632e92234c6fc6e2cbcefebeed6bdeb0f9129ea4cbc7aa71587c6?s=96&d=mm&r=g","contentUrl":"https:\/\/secure.gravatar.com\/avatar\/5f09cb527f9632e92234c6fc6e2cbcefebeed6bdeb0f9129ea4cbc7aa71587c6?s=96&d=mm&r=g","caption":"Geomar Pacheco R."},"sameAs":["https:\/\/x.com\/GeomarPacheco1"],"url":"https:\/\/noti-america.com\/site\/peru\/author\/gpacheco\/"}]}},"_links":{"self":[{"href":"https:\/\/noti-america.com\/site\/peru\/wp-json\/wp\/v2\/posts\/8307","targetHints":{"allow":["GET"]}}],"collection":[{"href":"https:\/\/noti-america.com\/site\/peru\/wp-json\/wp\/v2\/posts"}],"about":[{"href":"https:\/\/noti-america.com\/site\/peru\/wp-json\/wp\/v2\/types\/post"}],"author":[{"embeddable":true,"href":"https:\/\/noti-america.com\/site\/peru\/wp-json\/wp\/v2\/users\/70"}],"replies":[{"embeddable":true,"href":"https:\/\/noti-america.com\/site\/peru\/wp-json\/wp\/v2\/comments?post=8307"}],"version-history":[{"count":1,"href":"https:\/\/noti-america.com\/site\/peru\/wp-json\/wp\/v2\/posts\/8307\/revisions"}],"predecessor-version":[{"id":8310,"href":"https:\/\/noti-america.com\/site\/peru\/wp-json\/wp\/v2\/posts\/8307\/revisions\/8310"}],"wp:featuredmedia":[{"embeddable":true,"href":"https:\/\/noti-america.com\/site\/peru\/wp-json\/wp\/v2\/media\/8308"}],"wp:attachment":[{"href":"https:\/\/noti-america.com\/site\/peru\/wp-json\/wp\/v2\/media?parent=8307"}],"wp:term":[{"taxonomy":"category","embeddable":true,"href":"https:\/\/noti-america.com\/site\/peru\/wp-json\/wp\/v2\/categories?post=8307"},{"taxonomy":"post_tag","embeddable":true,"href":"https:\/\/noti-america.com\/site\/peru\/wp-json\/wp\/v2\/tags?post=8307"}],"curies":[{"name":"wp","href":"https:\/\/api.w.org\/{rel}","templated":true}]}}