{"id":8030,"date":"2024-07-23T06:42:12","date_gmt":"2024-07-23T06:42:12","guid":{"rendered":"https:\/\/noti-america.com\/site\/peru\/?p=8030"},"modified":"2024-07-23T06:42:12","modified_gmt":"2024-07-23T06:42:12","slug":"fossati-estaremos-en-el-mundial-2026","status":"publish","type":"post","link":"https:\/\/noti-america.com\/site\/peru\/2024\/07\/23\/fossati-estaremos-en-el-mundial-2026\/","title":{"rendered":"FOSSATI: \u201cESTAREMOS EN EL MUNDIAL 2026\u201d"},"content":{"rendered":"<p style=\"text-align: justify\"><strong><span style=\"font-family: Tahoma, Arial, Helvetica, sans-serif;font-size: 14pt\">NOTI-AM\u00c9RICA PER\u00da<\/span><\/strong><\/p>\n<p style=\"text-align: justify\">\n<p style=\"text-align: right\"><strong><span style=\"font-family: Tahoma, Arial, Helvetica, sans-serif;font-size: 14pt\">Samuel Castillo Mendoza<\/span><\/strong><\/p>\n<p style=\"text-align: justify\">\n<p style=\"text-align: justify\"><span style=\"font-weight: 400;font-family: Tahoma, Arial, Helvetica, sans-serif;font-size: 14pt\">\u201cSoy realista y eso me lleva a hablar con optimismo\u201d, pronunci\u00f3 el director t\u00e9cnico del seleccionado peruano en la conferencia de prensa que ofreci\u00f3 en un hotel de San Isidro.<\/span><\/p>\n<p style=\"text-align: justify\">\n<p style=\"text-align: justify\"><span style=\"font-weight: 400;font-family: Tahoma, Arial, Helvetica, sans-serif;font-size: 14pt\">\u201cDurante la Copa Am\u00e9rica tuvimos un juego fuerte, firme y competitivo. Hicimos los m\u00e9ritos suficientes para seguir en competencia\u201d, afirm\u00f3 Jorge Fossati.<\/span><\/p>\n<p style=\"text-align: justify\">\n<p><strong><span style=\"font-family: Tahoma, Arial, Helvetica, sans-serif;font-size: 14pt\"><a href=\"https:\/\/noti-america.com\/site\/peru\/wp-content\/uploads\/sites\/8\/2024\/07\/WhatsApp-Image-2024-07-22-at-8.44.49-PM.jpeg\"><img loading=\"lazy\" decoding=\"async\" class=\"aligncenter size-full wp-image-8031\" src=\"https:\/\/noti-america.com\/site\/peru\/wp-content\/uploads\/sites\/8\/2024\/07\/WhatsApp-Image-2024-07-22-at-8.44.49-PM.jpeg\" alt=\"\" width=\"974\" height=\"605\" srcset=\"https:\/\/noti-america.com\/site\/peru\/wp-content\/uploads\/sites\/8\/2024\/07\/WhatsApp-Image-2024-07-22-at-8.44.49-PM.jpeg 974w, https:\/\/noti-america.com\/site\/peru\/wp-content\/uploads\/sites\/8\/2024\/07\/WhatsApp-Image-2024-07-22-at-8.44.49-PM-300x186.jpeg 300w, https:\/\/noti-america.com\/site\/peru\/wp-content\/uploads\/sites\/8\/2024\/07\/WhatsApp-Image-2024-07-22-at-8.44.49-PM-768x477.jpeg 768w\" sizes=\"auto, (max-width: 974px) 100vw, 974px\" \/><\/a><\/span><\/strong><\/p>\n<p>&nbsp;<\/p>\n<p style=\"text-align: justify\"><span style=\"font-weight: 400;font-family: Tahoma, Arial, Helvetica, sans-serif;font-size: 14pt\">\u201cContra Chile fuimos superiores, sobre todo en el segundo tiempo. Se pudo ganar\u201d.<\/span><\/p>\n<p style=\"text-align: justify\">\n<p style=\"text-align: justify\"><span style=\"font-weight: 400;font-family: Tahoma, Arial, Helvetica, sans-serif;font-size: 14pt\">\u201cA Canad\u00e1 lo dominamos durante 70 minutos, hasta que lleg\u00f3 esa jugada fatal de Araujo y su expulsi\u00f3n. En ese momento de incertidumbre, un descuido defensivo, nos hacen el gol de contragolpe. Antes no llegaron una sola vez\u201d, agreg\u00f3.<\/span><\/p>\n<p style=\"text-align: justify\">\n<p style=\"text-align: justify\"><span style=\"font-weight: 400;font-family: Tahoma, Arial, Helvetica, sans-serif;font-size: 14pt\">\u201cNuestro juego m\u00e1s flojo fue ante Argentina. Ese segundo gol de Lautaro lo hizo empujando a Corzo. Tuvimos ocasi\u00f3n de anotar, pero el frentazo de Zanelatto lo evit\u00f3 el golero Mart\u00ednez\u201d.<\/span><\/p>\n<p style=\"text-align: justify\">\n<p style=\"text-align: justify\"><span style=\"font-weight: 400;font-family: Tahoma, Arial, Helvetica, sans-serif;font-size: 14pt\">Para el t\u00e9cnico de la Bicolor el mejor desempe\u00f1o del equipo fue el sistema defensivo. \u00abEntonces no hay motivo para cambiar la l\u00ednea de 3. Los seis defensas que se han turnado han respondido bien\u201d, sostuvo.<\/span><\/p>\n<p style=\"text-align: justify\">\n<p style=\"text-align: justify\"><span style=\"font-weight: 400;font-family: Tahoma, Arial, Helvetica, sans-serif;font-size: 14pt\">SOBRE TAPIA<\/span><\/p>\n<p style=\"text-align: justify\">\n<p style=\"text-align: justify\"><span style=\"font-weight: 400;font-family: Tahoma, Arial, Helvetica, sans-serif;font-size: 14pt\">\u201cMi relaci\u00f3n con \u00e9l est\u00e1 bien. Fuimos frontales en el momento sobre su seguro m\u00e9dico que se discut\u00eda con la Federaci\u00f3n. No tengo dudas en llamarlo a las eliminatorias\u201d.<\/span><\/p>\n<p style=\"text-align: justify\">\n<p style=\"text-align: justify\"><span style=\"font-weight: 400;font-family: Tahoma, Arial, Helvetica, sans-serif;font-size: 14pt\">CUEVA<\/span><\/p>\n<p style=\"text-align: justify\">\n<p style=\"text-align: justify\"><span style=\"font-weight: 400;font-family: Tahoma, Arial, Helvetica, sans-serif;font-size: 14pt\">\u201cLleg\u00f3 bien f\u00edsicamente por eso lo incluimos en el plantel. Su esfuerzo por recuperarse de su lesi\u00f3n y el apoyo m\u00e9dico de la Federaci\u00f3n, fueron decisivos. Mientras estuvo con nosotros no hubo indisciplina. Cada uno es due\u00f1o de su vida privada\u201d.<\/span><\/p>\n<p style=\"text-align: justify\">\n<p style=\"text-align: justify\"><span style=\"font-weight: 400;font-family: Tahoma, Arial, Helvetica, sans-serif;font-size: 14pt\">GUERRERO<\/span><\/p>\n<p style=\"text-align: justify\">\n<p style=\"text-align: justify\"><span style=\"font-weight: 400;font-family: Tahoma, Arial, Helvetica, sans-serif;font-size: 14pt\">\u201cHe conversado con \u00e9l sobre el problema con su club. S\u00e9 de su posici\u00f3n y la respeto. Tenemos m\u00e1s de un mes para que se defina su futuro. Habr\u00e1 que esperar\u201d.<\/span><\/p>\n<p style=\"text-align: justify\">\n<p style=\"text-align: justify\"><span style=\"font-weight: 400;font-family: Tahoma, Arial, Helvetica, sans-serif;font-size: 14pt\">Ante una pregunta sobre la muy complicada situaci\u00f3n del equipo: \u00faltimo en las eliminatorias y con negativa producci\u00f3n de goles.<\/span><\/p>\n<p style=\"text-align: justify\">\n<p style=\"text-align: justify\"><span style=\"font-weight: 400;font-family: Tahoma, Arial, Helvetica, sans-serif;font-size: 14pt\">\u00abAl equipo lo tom\u00e9 as\u00ed. \u00bfPor qu\u00e9 apretar la llaga? Mi compromiso son las eliminatorias, lograr la clasificaci\u00f3n. Esa es mi meta\u00bb.<\/span><\/p>\n","protected":false},"excerpt":{"rendered":"<p>NOTI-AM\u00c9RICA PER\u00da Samuel Castillo Mendoza \u201cSoy realista y eso me lleva a hablar con optimismo\u201d, pronunci\u00f3 el director t\u00e9cnico del seleccionado peruano en la conferencia de prensa que ofreci\u00f3 en un hotel de San&#46;&#46;&#46;<\/p>\n","protected":false},"author":70,"featured_media":8031,"comment_status":"open","ping_status":"open","sticky":false,"template":"","format":"standard","meta":{"_acf_changed":false,"rop_custom_images_group":[],"rop_custom_messages_group":[],"rop_publish_now":"initial","rop_publish_now_accounts":{"twitter_242054905_242054905":""},"rop_publish_now_history":[],"rop_publish_now_status":"pending","footnotes":""},"categories":[10,16,191],"tags":[],"class_list":["post-8030","post","type-post","status-publish","format-standard","has-post-thumbnail","hentry","category-actualidad","category-deportes","category-futbol-nacional"],"acf":[],"yoast_head":"<!-- This site is optimized with the Yoast SEO Premium plugin v24.9 (Yoast SEO v27.2) - https:\/\/yoast.com\/product\/yoast-seo-premium-wordpress\/ -->\n<title>FOSSATI: \u201cESTAREMOS EN EL MUNDIAL 2026\u201d - Per\u00fa | Noti-America.com<\/title>\n<meta name=\"robots\" content=\"index, follow, max-snippet:-1, max-image-preview:large, max-video-preview:-1\" \/>\n<link rel=\"canonical\" href=\"https:\/\/noti-america.com\/site\/peru\/2024\/07\/23\/fossati-estaremos-en-el-mundial-2026\/\" \/>\n<meta property=\"og:locale\" content=\"es_ES\" \/>\n<meta property=\"og:type\" content=\"article\" \/>\n<meta property=\"og:title\" content=\"FOSSATI: \u201cESTAREMOS EN EL MUNDIAL 2026\u201d\" \/>\n<meta property=\"og:description\" content=\"NOTI-AM\u00c9RICA PER\u00da Samuel Castillo Mendoza \u201cSoy realista y eso me lleva a hablar con optimismo\u201d, pronunci\u00f3 el director t\u00e9cnico del seleccionado peruano en la conferencia de prensa que ofreci\u00f3 en un hotel de San&#046;&#046;&#046;\" \/>\n<meta property=\"og:url\" content=\"https:\/\/noti-america.com\/site\/peru\/2024\/07\/23\/fossati-estaremos-en-el-mundial-2026\/\" \/>\n<meta property=\"og:site_name\" content=\"Per\u00fa | Noti-America.com\" \/>\n<meta property=\"article:published_time\" content=\"2024-07-23T06:42:12+00:00\" \/>\n<meta property=\"og:image\" content=\"https:\/\/noti-america.com\/site\/peru\/wp-content\/uploads\/sites\/8\/2024\/07\/WhatsApp-Image-2024-07-22-at-8.44.49-PM.jpeg\" \/>\n\t<meta property=\"og:image:width\" content=\"974\" \/>\n\t<meta property=\"og:image:height\" content=\"605\" \/>\n\t<meta property=\"og:image:type\" content=\"image\/jpeg\" \/>\n<meta name=\"author\" content=\"Geomar Pacheco R.\" \/>\n<meta name=\"twitter:card\" content=\"summary_large_image\" \/>\n<meta name=\"twitter:creator\" content=\"@GeomarPacheco1\" \/>\n<meta name=\"twitter:label1\" content=\"Escrito por\" \/>\n\t<meta name=\"twitter:data1\" content=\"Geomar Pacheco R.\" \/>\n\t<meta name=\"twitter:label2\" content=\"Tiempo estimado de lectura\" \/>\n\t<meta name=\"twitter:data2\" content=\"2 minutos\" \/>\n<script type=\"application\/ld+json\" class=\"yoast-schema-graph\">{\"@context\":\"https:\/\/schema.org\",\"@graph\":[{\"@type\":\"Article\",\"@id\":\"https:\/\/noti-america.com\/site\/peru\/2024\/07\/23\/fossati-estaremos-en-el-mundial-2026\/#article\",\"isPartOf\":{\"@id\":\"https:\/\/noti-america.com\/site\/peru\/2024\/07\/23\/fossati-estaremos-en-el-mundial-2026\/\"},\"author\":{\"name\":\"Geomar Pacheco R.\",\"@id\":\"https:\/\/noti-america.com\/site\/peru\/#\/schema\/person\/28a35f20383bf2485bc838bfe76aebdc\"},\"headline\":\"FOSSATI: \u201cESTAREMOS EN EL MUNDIAL 2026\u201d\",\"datePublished\":\"2024-07-23T06:42:12+00:00\",\"mainEntityOfPage\":{\"@id\":\"https:\/\/noti-america.com\/site\/peru\/2024\/07\/23\/fossati-estaremos-en-el-mundial-2026\/\"},\"wordCount\":352,\"commentCount\":0,\"publisher\":{\"@id\":\"https:\/\/noti-america.com\/site\/peru\/#organization\"},\"image\":{\"@id\":\"https:\/\/noti-america.com\/site\/peru\/2024\/07\/23\/fossati-estaremos-en-el-mundial-2026\/#primaryimage\"},\"thumbnailUrl\":\"https:\/\/noti-america.com\/site\/peru\/wp-content\/uploads\/sites\/8\/2024\/07\/WhatsApp-Image-2024-07-22-at-8.44.49-PM.jpeg\",\"articleSection\":[\"Actualidad\",\"Deportes\",\"Futbol Nacional\"],\"inLanguage\":\"es\",\"potentialAction\":[{\"@type\":\"CommentAction\",\"name\":\"Comment\",\"target\":[\"https:\/\/noti-america.com\/site\/peru\/2024\/07\/23\/fossati-estaremos-en-el-mundial-2026\/#respond\"]}]},{\"@type\":\"WebPage\",\"@id\":\"https:\/\/noti-america.com\/site\/peru\/2024\/07\/23\/fossati-estaremos-en-el-mundial-2026\/\",\"url\":\"https:\/\/noti-america.com\/site\/peru\/2024\/07\/23\/fossati-estaremos-en-el-mundial-2026\/\",\"name\":\"FOSSATI: \u201cESTAREMOS EN EL MUNDIAL 2026\u201d - Per\u00fa | Noti-America.com\",\"isPartOf\":{\"@id\":\"https:\/\/noti-america.com\/site\/peru\/#website\"},\"primaryImageOfPage\":{\"@id\":\"https:\/\/noti-america.com\/site\/peru\/2024\/07\/23\/fossati-estaremos-en-el-mundial-2026\/#primaryimage\"},\"image\":{\"@id\":\"https:\/\/noti-america.com\/site\/peru\/2024\/07\/23\/fossati-estaremos-en-el-mundial-2026\/#primaryimage\"},\"thumbnailUrl\":\"https:\/\/noti-america.com\/site\/peru\/wp-content\/uploads\/sites\/8\/2024\/07\/WhatsApp-Image-2024-07-22-at-8.44.49-PM.jpeg\",\"datePublished\":\"2024-07-23T06:42:12+00:00\",\"breadcrumb\":{\"@id\":\"https:\/\/noti-america.com\/site\/peru\/2024\/07\/23\/fossati-estaremos-en-el-mundial-2026\/#breadcrumb\"},\"inLanguage\":\"es\",\"potentialAction\":[{\"@type\":\"ReadAction\",\"target\":[\"https:\/\/noti-america.com\/site\/peru\/2024\/07\/23\/fossati-estaremos-en-el-mundial-2026\/\"]}]},{\"@type\":\"ImageObject\",\"inLanguage\":\"es\",\"@id\":\"https:\/\/noti-america.com\/site\/peru\/2024\/07\/23\/fossati-estaremos-en-el-mundial-2026\/#primaryimage\",\"url\":\"https:\/\/noti-america.com\/site\/peru\/wp-content\/uploads\/sites\/8\/2024\/07\/WhatsApp-Image-2024-07-22-at-8.44.49-PM.jpeg\",\"contentUrl\":\"https:\/\/noti-america.com\/site\/peru\/wp-content\/uploads\/sites\/8\/2024\/07\/WhatsApp-Image-2024-07-22-at-8.44.49-PM.jpeg\",\"width\":974,\"height\":605},{\"@type\":\"BreadcrumbList\",\"@id\":\"https:\/\/noti-america.com\/site\/peru\/2024\/07\/23\/fossati-estaremos-en-el-mundial-2026\/#breadcrumb\",\"itemListElement\":[{\"@type\":\"ListItem\",\"position\":1,\"name\":\"Portada\",\"item\":\"https:\/\/noti-america.com\/site\/peru\/\"},{\"@type\":\"ListItem\",\"position\":2,\"name\":\"FOSSATI: \u201cESTAREMOS EN EL MUNDIAL 2026\u201d\"}]},{\"@type\":\"WebSite\",\"@id\":\"https:\/\/noti-america.com\/site\/peru\/#website\",\"url\":\"https:\/\/noti-america.com\/site\/peru\/\",\"name\":\"Per\u00fa | Noti-America.com\",\"description\":\"\",\"publisher\":{\"@id\":\"https:\/\/noti-america.com\/site\/peru\/#organization\"},\"potentialAction\":[{\"@type\":\"SearchAction\",\"target\":{\"@type\":\"EntryPoint\",\"urlTemplate\":\"https:\/\/noti-america.com\/site\/peru\/?s={search_term_string}\"},\"query-input\":{\"@type\":\"PropertyValueSpecification\",\"valueRequired\":true,\"valueName\":\"search_term_string\"}}],\"inLanguage\":\"es\"},{\"@type\":\"Organization\",\"@id\":\"https:\/\/noti-america.com\/site\/peru\/#organization\",\"name\":\"Noti-America LLC | Per\u00fa\",\"url\":\"https:\/\/noti-america.com\/site\/peru\/\",\"logo\":{\"@type\":\"ImageObject\",\"inLanguage\":\"es\",\"@id\":\"https:\/\/noti-america.com\/site\/peru\/#\/schema\/logo\/image\/\",\"url\":\"https:\/\/noti-america.com\/site\/peru\/wp-content\/uploads\/sites\/8\/2020\/07\/LogoNA-4x3-1.jpg\",\"contentUrl\":\"https:\/\/noti-america.com\/site\/peru\/wp-content\/uploads\/sites\/8\/2020\/07\/LogoNA-4x3-1.jpg\",\"width\":1236,\"height\":1080,\"caption\":\"Noti-America LLC | Per\u00fa\"},\"image\":{\"@id\":\"https:\/\/noti-america.com\/site\/peru\/#\/schema\/logo\/image\/\"}},{\"@type\":\"Person\",\"@id\":\"https:\/\/noti-america.com\/site\/peru\/#\/schema\/person\/28a35f20383bf2485bc838bfe76aebdc\",\"name\":\"Geomar Pacheco R.\",\"image\":{\"@type\":\"ImageObject\",\"inLanguage\":\"es\",\"@id\":\"https:\/\/secure.gravatar.com\/avatar\/5f09cb527f9632e92234c6fc6e2cbcefebeed6bdeb0f9129ea4cbc7aa71587c6?s=96&d=mm&r=g\",\"url\":\"https:\/\/secure.gravatar.com\/avatar\/5f09cb527f9632e92234c6fc6e2cbcefebeed6bdeb0f9129ea4cbc7aa71587c6?s=96&d=mm&r=g\",\"contentUrl\":\"https:\/\/secure.gravatar.com\/avatar\/5f09cb527f9632e92234c6fc6e2cbcefebeed6bdeb0f9129ea4cbc7aa71587c6?s=96&d=mm&r=g\",\"caption\":\"Geomar Pacheco R.\"},\"sameAs\":[\"https:\/\/x.com\/GeomarPacheco1\"],\"url\":\"https:\/\/noti-america.com\/site\/peru\/author\/gpacheco\/\"}]}<\/script>\n<!-- \/ Yoast SEO Premium plugin. -->","yoast_head_json":{"title":"FOSSATI: \u201cESTAREMOS EN EL MUNDIAL 2026\u201d - Per\u00fa | Noti-America.com","robots":{"index":"index","follow":"follow","max-snippet":"max-snippet:-1","max-image-preview":"max-image-preview:large","max-video-preview":"max-video-preview:-1"},"canonical":"https:\/\/noti-america.com\/site\/peru\/2024\/07\/23\/fossati-estaremos-en-el-mundial-2026\/","og_locale":"es_ES","og_type":"article","og_title":"FOSSATI: \u201cESTAREMOS EN EL MUNDIAL 2026\u201d","og_description":"NOTI-AM\u00c9RICA PER\u00da Samuel Castillo Mendoza \u201cSoy realista y eso me lleva a hablar con optimismo\u201d, pronunci\u00f3 el director t\u00e9cnico del seleccionado peruano en la conferencia de prensa que ofreci\u00f3 en un hotel de San&#46;&#46;&#46;","og_url":"https:\/\/noti-america.com\/site\/peru\/2024\/07\/23\/fossati-estaremos-en-el-mundial-2026\/","og_site_name":"Per\u00fa | Noti-America.com","article_published_time":"2024-07-23T06:42:12+00:00","og_image":[{"width":974,"height":605,"url":"https:\/\/noti-america.com\/site\/peru\/wp-content\/uploads\/sites\/8\/2024\/07\/WhatsApp-Image-2024-07-22-at-8.44.49-PM.jpeg","type":"image\/jpeg"}],"author":"Geomar Pacheco R.","twitter_card":"summary_large_image","twitter_creator":"@GeomarPacheco1","twitter_misc":{"Escrito por":"Geomar Pacheco R.","Tiempo estimado de lectura":"2 minutos"},"schema":{"@context":"https:\/\/schema.org","@graph":[{"@type":"Article","@id":"https:\/\/noti-america.com\/site\/peru\/2024\/07\/23\/fossati-estaremos-en-el-mundial-2026\/#article","isPartOf":{"@id":"https:\/\/noti-america.com\/site\/peru\/2024\/07\/23\/fossati-estaremos-en-el-mundial-2026\/"},"author":{"name":"Geomar Pacheco R.","@id":"https:\/\/noti-america.com\/site\/peru\/#\/schema\/person\/28a35f20383bf2485bc838bfe76aebdc"},"headline":"FOSSATI: \u201cESTAREMOS EN EL MUNDIAL 2026\u201d","datePublished":"2024-07-23T06:42:12+00:00","mainEntityOfPage":{"@id":"https:\/\/noti-america.com\/site\/peru\/2024\/07\/23\/fossati-estaremos-en-el-mundial-2026\/"},"wordCount":352,"commentCount":0,"publisher":{"@id":"https:\/\/noti-america.com\/site\/peru\/#organization"},"image":{"@id":"https:\/\/noti-america.com\/site\/peru\/2024\/07\/23\/fossati-estaremos-en-el-mundial-2026\/#primaryimage"},"thumbnailUrl":"https:\/\/noti-america.com\/site\/peru\/wp-content\/uploads\/sites\/8\/2024\/07\/WhatsApp-Image-2024-07-22-at-8.44.49-PM.jpeg","articleSection":["Actualidad","Deportes","Futbol Nacional"],"inLanguage":"es","potentialAction":[{"@type":"CommentAction","name":"Comment","target":["https:\/\/noti-america.com\/site\/peru\/2024\/07\/23\/fossati-estaremos-en-el-mundial-2026\/#respond"]}]},{"@type":"WebPage","@id":"https:\/\/noti-america.com\/site\/peru\/2024\/07\/23\/fossati-estaremos-en-el-mundial-2026\/","url":"https:\/\/noti-america.com\/site\/peru\/2024\/07\/23\/fossati-estaremos-en-el-mundial-2026\/","name":"FOSSATI: \u201cESTAREMOS EN EL MUNDIAL 2026\u201d - Per\u00fa | Noti-America.com","isPartOf":{"@id":"https:\/\/noti-america.com\/site\/peru\/#website"},"primaryImageOfPage":{"@id":"https:\/\/noti-america.com\/site\/peru\/2024\/07\/23\/fossati-estaremos-en-el-mundial-2026\/#primaryimage"},"image":{"@id":"https:\/\/noti-america.com\/site\/peru\/2024\/07\/23\/fossati-estaremos-en-el-mundial-2026\/#primaryimage"},"thumbnailUrl":"https:\/\/noti-america.com\/site\/peru\/wp-content\/uploads\/sites\/8\/2024\/07\/WhatsApp-Image-2024-07-22-at-8.44.49-PM.jpeg","datePublished":"2024-07-23T06:42:12+00:00","breadcrumb":{"@id":"https:\/\/noti-america.com\/site\/peru\/2024\/07\/23\/fossati-estaremos-en-el-mundial-2026\/#breadcrumb"},"inLanguage":"es","potentialAction":[{"@type":"ReadAction","target":["https:\/\/noti-america.com\/site\/peru\/2024\/07\/23\/fossati-estaremos-en-el-mundial-2026\/"]}]},{"@type":"ImageObject","inLanguage":"es","@id":"https:\/\/noti-america.com\/site\/peru\/2024\/07\/23\/fossati-estaremos-en-el-mundial-2026\/#primaryimage","url":"https:\/\/noti-america.com\/site\/peru\/wp-content\/uploads\/sites\/8\/2024\/07\/WhatsApp-Image-2024-07-22-at-8.44.49-PM.jpeg","contentUrl":"https:\/\/noti-america.com\/site\/peru\/wp-content\/uploads\/sites\/8\/2024\/07\/WhatsApp-Image-2024-07-22-at-8.44.49-PM.jpeg","width":974,"height":605},{"@type":"BreadcrumbList","@id":"https:\/\/noti-america.com\/site\/peru\/2024\/07\/23\/fossati-estaremos-en-el-mundial-2026\/#breadcrumb","itemListElement":[{"@type":"ListItem","position":1,"name":"Portada","item":"https:\/\/noti-america.com\/site\/peru\/"},{"@type":"ListItem","position":2,"name":"FOSSATI: \u201cESTAREMOS EN EL MUNDIAL 2026\u201d"}]},{"@type":"WebSite","@id":"https:\/\/noti-america.com\/site\/peru\/#website","url":"https:\/\/noti-america.com\/site\/peru\/","name":"Per\u00fa | Noti-America.com","description":"","publisher":{"@id":"https:\/\/noti-america.com\/site\/peru\/#organization"},"potentialAction":[{"@type":"SearchAction","target":{"@type":"EntryPoint","urlTemplate":"https:\/\/noti-america.com\/site\/peru\/?s={search_term_string}"},"query-input":{"@type":"PropertyValueSpecification","valueRequired":true,"valueName":"search_term_string"}}],"inLanguage":"es"},{"@type":"Organization","@id":"https:\/\/noti-america.com\/site\/peru\/#organization","name":"Noti-America LLC | Per\u00fa","url":"https:\/\/noti-america.com\/site\/peru\/","logo":{"@type":"ImageObject","inLanguage":"es","@id":"https:\/\/noti-america.com\/site\/peru\/#\/schema\/logo\/image\/","url":"https:\/\/noti-america.com\/site\/peru\/wp-content\/uploads\/sites\/8\/2020\/07\/LogoNA-4x3-1.jpg","contentUrl":"https:\/\/noti-america.com\/site\/peru\/wp-content\/uploads\/sites\/8\/2020\/07\/LogoNA-4x3-1.jpg","width":1236,"height":1080,"caption":"Noti-America LLC | Per\u00fa"},"image":{"@id":"https:\/\/noti-america.com\/site\/peru\/#\/schema\/logo\/image\/"}},{"@type":"Person","@id":"https:\/\/noti-america.com\/site\/peru\/#\/schema\/person\/28a35f20383bf2485bc838bfe76aebdc","name":"Geomar Pacheco R.","image":{"@type":"ImageObject","inLanguage":"es","@id":"https:\/\/secure.gravatar.com\/avatar\/5f09cb527f9632e92234c6fc6e2cbcefebeed6bdeb0f9129ea4cbc7aa71587c6?s=96&d=mm&r=g","url":"https:\/\/secure.gravatar.com\/avatar\/5f09cb527f9632e92234c6fc6e2cbcefebeed6bdeb0f9129ea4cbc7aa71587c6?s=96&d=mm&r=g","contentUrl":"https:\/\/secure.gravatar.com\/avatar\/5f09cb527f9632e92234c6fc6e2cbcefebeed6bdeb0f9129ea4cbc7aa71587c6?s=96&d=mm&r=g","caption":"Geomar Pacheco R."},"sameAs":["https:\/\/x.com\/GeomarPacheco1"],"url":"https:\/\/noti-america.com\/site\/peru\/author\/gpacheco\/"}]}},"_links":{"self":[{"href":"https:\/\/noti-america.com\/site\/peru\/wp-json\/wp\/v2\/posts\/8030","targetHints":{"allow":["GET"]}}],"collection":[{"href":"https:\/\/noti-america.com\/site\/peru\/wp-json\/wp\/v2\/posts"}],"about":[{"href":"https:\/\/noti-america.com\/site\/peru\/wp-json\/wp\/v2\/types\/post"}],"author":[{"embeddable":true,"href":"https:\/\/noti-america.com\/site\/peru\/wp-json\/wp\/v2\/users\/70"}],"replies":[{"embeddable":true,"href":"https:\/\/noti-america.com\/site\/peru\/wp-json\/wp\/v2\/comments?post=8030"}],"version-history":[{"count":1,"href":"https:\/\/noti-america.com\/site\/peru\/wp-json\/wp\/v2\/posts\/8030\/revisions"}],"predecessor-version":[{"id":8032,"href":"https:\/\/noti-america.com\/site\/peru\/wp-json\/wp\/v2\/posts\/8030\/revisions\/8032"}],"wp:featuredmedia":[{"embeddable":true,"href":"https:\/\/noti-america.com\/site\/peru\/wp-json\/wp\/v2\/media\/8031"}],"wp:attachment":[{"href":"https:\/\/noti-america.com\/site\/peru\/wp-json\/wp\/v2\/media?parent=8030"}],"wp:term":[{"taxonomy":"category","embeddable":true,"href":"https:\/\/noti-america.com\/site\/peru\/wp-json\/wp\/v2\/categories?post=8030"},{"taxonomy":"post_tag","embeddable":true,"href":"https:\/\/noti-america.com\/site\/peru\/wp-json\/wp\/v2\/tags?post=8030"}],"curies":[{"name":"wp","href":"https:\/\/api.w.org\/{rel}","templated":true}]}}