{"id":6925,"date":"2023-11-15T09:52:19","date_gmt":"2023-11-15T09:52:19","guid":{"rendered":"https:\/\/noti-america.com\/site\/peru\/?p=6925"},"modified":"2023-11-15T09:52:19","modified_gmt":"2023-11-15T09:52:19","slug":"peruanos-en-el-exterior-agenda-del-2024","status":"publish","type":"post","link":"https:\/\/noti-america.com\/site\/peru\/2023\/11\/15\/peruanos-en-el-exterior-agenda-del-2024\/","title":{"rendered":"PERUANOS EN EL EXTERIOR: AGENDA DEL 2024"},"content":{"rendered":"<p style=\"text-align: justify\">\n<p style=\"text-align: justify\"><strong><span style=\"font-family: Tahoma, Arial, Helvetica, sans-serif;font-size: 14pt\">NOTI-AM\u00c9RICA PER\u00da<\/span><\/strong><\/p>\n<p style=\"text-align: justify\">\n<p style=\"text-align: right\"><strong><span style=\"font-family: Tahoma, Arial, Helvetica, sans-serif;font-size: 14pt\">Por Geomar Pacheco Rivera<\/span><\/strong><\/p>\n<p style=\"text-align: justify\">\n<p style=\"text-align: justify\"><span style=\"font-weight: 400;font-family: Tahoma, Arial, Helvetica, sans-serif;font-size: 14pt\">Cuatrocientos quince mil peruanos han formalizado su salida de nuestro territorio entre enero y agosto del presente a\u00f1o. En la actualidad m\u00e1s de tres millones y medio de compatriotas residen en diversos pa\u00edses de los cinco continentes. Estas cifras obligan a los congresistas a evaluar su situaci\u00f3n y legislar promoviendo el retorno.<\/span><\/p>\n<p style=\"text-align: justify\">\n<p style=\"text-align: justify\"><span style=\"font-weight: 400;font-family: Tahoma, Arial, Helvetica, sans-serif;font-size: 14pt\">Los integrantes de la Comisi\u00f3n de Relaciones Exteriores del Congreso de la Rep\u00fablica aprob\u00f3, por mayor\u00eda, la creaci\u00f3n del grupo de trabajo denominado \u201cPeruanos en el Exterior\u201d, que estar\u00e1 conformado por tres parlamentarios.<\/span><\/p>\n<p style=\"text-align: justify\">\n<p style=\"text-align: justify\"><span style=\"font-weight: 400;font-family: Tahoma, Arial, Helvetica, sans-serif;font-size: 14pt\">El vicepresidente de la comisi\u00f3n, Jos\u00e9 Williams Zapata, dirigi\u00f3 la sesi\u00f3n, en la que se adopt\u00f3 un acuerdo para el grupo de trabajo, que deber\u00e1 emitir un informe preliminar el 15 de marzo y el informe final el 31 de mayo del pr\u00f3ximo a\u00f1o.<\/span><\/p>\n<p style=\"text-align: justify\">\n<p style=\"text-align: justify\"><span style=\"font-weight: 400;font-family: Tahoma, Arial, Helvetica, sans-serif;font-size: 14pt\">La congresista Patricia Ju\u00e1rez Gallegos (FP) present\u00f3 un recurso de reconsideraci\u00f3n de voto, el cual ser\u00e1 sometido a votaci\u00f3n en la siguiente sesi\u00f3n.<\/span><\/p>\n<p style=\"text-align: justify\">\n<p style=\"text-align: justify\"><span style=\"font-weight: 400;font-family: Tahoma, Arial, Helvetica, sans-serif;font-size: 14pt\">En otro momento, la Comisi\u00f3n de Relaciones Exteriores aprob\u00f3 por amplia mayor\u00eda el retorno a comisi\u00f3n, para un mejor estudio, del Proyecto de Ley 4980\/2022-CR, que propone establecer el servicio p\u00fablico consular los s\u00e1bados para la atenci\u00f3n a los peruanos residentes en el extranjero.<\/span><\/p>\n<div id=\"attachment_6926\" style=\"width: 1034px\" class=\"wp-caption aligncenter\"><a href=\"https:\/\/noti-america.com\/site\/peru\/wp-content\/uploads\/sites\/8\/2023\/11\/IMG-20231113-WA0035.jpg\"><img loading=\"lazy\" decoding=\"async\" aria-describedby=\"caption-attachment-6926\" class=\"wp-image-6926 size-large\" src=\"https:\/\/noti-america.com\/site\/peru\/wp-content\/uploads\/sites\/8\/2023\/11\/IMG-20231113-WA0035-1024x682.jpg\" alt=\"\" width=\"1024\" height=\"682\" srcset=\"https:\/\/noti-america.com\/site\/peru\/wp-content\/uploads\/sites\/8\/2023\/11\/IMG-20231113-WA0035-1024x682.jpg 1024w, https:\/\/noti-america.com\/site\/peru\/wp-content\/uploads\/sites\/8\/2023\/11\/IMG-20231113-WA0035-300x200.jpg 300w, https:\/\/noti-america.com\/site\/peru\/wp-content\/uploads\/sites\/8\/2023\/11\/IMG-20231113-WA0035-768x512.jpg 768w, https:\/\/noti-america.com\/site\/peru\/wp-content\/uploads\/sites\/8\/2023\/11\/IMG-20231113-WA0035-1536x1023.jpg 1536w, https:\/\/noti-america.com\/site\/peru\/wp-content\/uploads\/sites\/8\/2023\/11\/IMG-20231113-WA0035-272x182.jpg 272w, https:\/\/noti-america.com\/site\/peru\/wp-content\/uploads\/sites\/8\/2023\/11\/IMG-20231113-WA0035.jpg 1600w\" sizes=\"auto, (max-width: 1024px) 100vw, 1024px\" \/><\/a><p id=\"caption-attachment-6926\" class=\"wp-caption-text\">Foto: Andina<\/p><\/div>\n<p>&nbsp;<\/p>\n<p style=\"text-align: justify\"><span style=\"font-weight: 400;font-family: Tahoma, Arial, Helvetica, sans-serif;font-size: 14pt\">La creaci\u00f3n del grupo de trabajo \u201cPeruanos en el Exterior\u201d obedeci\u00f3 a un pedido de la parlamentaria Edhit Jul\u00f3n Irigo\u00edn (APP) y obtuvo 10 votos a favor y cinco en contra.<\/span><\/p>\n<p style=\"text-align: justify\">\n<p style=\"text-align: justify\"><span style=\"font-weight: 400;font-family: Tahoma, Arial, Helvetica, sans-serif;font-size: 14pt\">En la sesi\u00f3n, los representantes del Ministerio de Relaciones Exteriores, del Ministerio de Econom\u00eda y Finanzas y de la Superintendente Nacional de Aduanas y de Administraci\u00f3n Tributaria (SUNAT) expusieron su posici\u00f3n institucional respecto del Proyecto de Resoluci\u00f3n Legislativa 03018\/2022-PE, que aprueba la convenci\u00f3n multilateral para implementar las medidas relacionadas con los tratados tributarios para prevenir la erosi\u00f3n de las bases imponibles y el traslado de beneficios.<\/span><\/p>\n<blockquote>\n<div id=\"attachment_6927\" style=\"width: 210px\" class=\"wp-caption aligncenter\"><a href=\"https:\/\/noti-america.com\/site\/peru\/wp-content\/uploads\/sites\/8\/2023\/11\/IMG-20231114-WA0000.jpg\"><img loading=\"lazy\" decoding=\"async\" aria-describedby=\"caption-attachment-6927\" class=\"size-full wp-image-6927\" src=\"https:\/\/noti-america.com\/site\/peru\/wp-content\/uploads\/sites\/8\/2023\/11\/IMG-20231114-WA0000.jpg\" alt=\"\" width=\"200\" height=\"200\" srcset=\"https:\/\/noti-america.com\/site\/peru\/wp-content\/uploads\/sites\/8\/2023\/11\/IMG-20231114-WA0000.jpg 200w, https:\/\/noti-america.com\/site\/peru\/wp-content\/uploads\/sites\/8\/2023\/11\/IMG-20231114-WA0000-150x150.jpg 150w, https:\/\/noti-america.com\/site\/peru\/wp-content\/uploads\/sites\/8\/2023\/11\/IMG-20231114-WA0000-80x80.jpg 80w\" sizes=\"auto, (max-width: 200px) 100vw, 200px\" \/><\/a><p id=\"caption-attachment-6927\" class=\"wp-caption-text\">Foto: Ignacio Higueras Hare, vice ministro de RR.EE. Canciller\u00eda \/Prensa .<\/p><\/div><\/blockquote>\n<p>&nbsp;<\/p>\n<p style=\"text-align: justify\"><span style=\"font-family: Tahoma, Arial, Helvetica, sans-serif;font-size: 14pt\">El viceministro de Relaciones Exteriores, Ignacio Higueras Hare, expres\u00f3 que la aprobaci\u00f3n de la mencionada propuesta legal es de suma importancia ya que forma parte de la solicitud formal de ingreso a la Organizaci\u00f3n para la Cooperaci\u00f3n y el Desarrollo Econ\u00f3mico (OCDE), por lo cual solicit\u00f3 su aprobaci\u00f3n.<\/span><\/p>\n<p style=\"text-align: justify\">\n<p style=\"text-align: justify\"><span style=\"font-weight: 400;font-family: Tahoma, Arial, Helvetica, sans-serif;font-size: 14pt\">En el mismo sentido, la representante de la Direcci\u00f3n de Asuntos Tributarios Internacionales del Ministerio de Econom\u00eda y Finanzas, Cynthia Nichos Ram\u00edrez, dijo que los est\u00e1ndares m\u00ednimos de las opciones de la erosi\u00f3n de las bases y la transferencia de beneficios (BEPS) son una de las pol\u00edticas tributarias que promueve la OCDE y el Per\u00fa debe cumplir con el compromiso pol\u00edtico de implementar estas medidas.\u00a0<\/span><\/p>\n<p style=\"text-align: justify\">\n<p style=\"text-align: justify\"><span style=\"font-weight: 400;font-family: Tahoma, Arial, Helvetica, sans-serif;font-size: 14pt\">En espera de una eficaz y oportuna decisi\u00f3n parlamentaria, quedamos atentos a la labor de los congresistas en marzo del 2024.<\/span><\/p>\n","protected":false},"excerpt":{"rendered":"<p>NOTI-AM\u00c9RICA PER\u00da Por Geomar Pacheco Rivera Cuatrocientos quince mil peruanos han formalizado su salida de nuestro territorio entre enero y agosto del presente a\u00f1o. En la actualidad m\u00e1s de tres millones y medio de&#46;&#46;&#46;<\/p>\n","protected":false},"author":70,"featured_media":6926,"comment_status":"open","ping_status":"open","sticky":false,"template":"","format":"standard","meta":{"_acf_changed":false,"rop_custom_images_group":[],"rop_custom_messages_group":[],"rop_publish_now":"initial","rop_publish_now_accounts":{"twitter_242054905_242054905":""},"rop_publish_now_history":[],"rop_publish_now_status":"pending","footnotes":""},"categories":[10,4,119],"tags":[],"class_list":["post-6925","post","type-post","status-publish","format-standard","has-post-thumbnail","hentry","category-actualidad","category-internacionales","category-migracion"],"acf":[],"yoast_head":"<!-- This site is optimized with the Yoast SEO Premium plugin v24.9 (Yoast SEO v27.2) - https:\/\/yoast.com\/product\/yoast-seo-premium-wordpress\/ -->\n<title>PERUANOS EN EL EXTERIOR: AGENDA DEL 2024 - Per\u00fa | Noti-America.com<\/title>\n<meta name=\"robots\" content=\"index, follow, max-snippet:-1, max-image-preview:large, max-video-preview:-1\" \/>\n<link rel=\"canonical\" href=\"https:\/\/noti-america.com\/site\/peru\/2023\/11\/15\/peruanos-en-el-exterior-agenda-del-2024\/\" \/>\n<meta property=\"og:locale\" content=\"es_ES\" \/>\n<meta property=\"og:type\" content=\"article\" \/>\n<meta property=\"og:title\" content=\"PERUANOS EN EL EXTERIOR: AGENDA DEL 2024\" \/>\n<meta property=\"og:description\" content=\"NOTI-AM\u00c9RICA PER\u00da Por Geomar Pacheco Rivera Cuatrocientos quince mil peruanos han formalizado su salida de nuestro territorio entre enero y agosto del presente a\u00f1o. En la actualidad m\u00e1s de tres millones y medio de&#046;&#046;&#046;\" \/>\n<meta property=\"og:url\" content=\"https:\/\/noti-america.com\/site\/peru\/2023\/11\/15\/peruanos-en-el-exterior-agenda-del-2024\/\" \/>\n<meta property=\"og:site_name\" content=\"Per\u00fa | Noti-America.com\" \/>\n<meta property=\"article:published_time\" content=\"2023-11-15T09:52:19+00:00\" \/>\n<meta property=\"og:image\" content=\"https:\/\/noti-america.com\/site\/peru\/wp-content\/uploads\/sites\/8\/2023\/11\/IMG-20231113-WA0035.jpg\" \/>\n\t<meta property=\"og:image:width\" content=\"1600\" \/>\n\t<meta property=\"og:image:height\" content=\"1066\" \/>\n\t<meta property=\"og:image:type\" content=\"image\/jpeg\" \/>\n<meta name=\"author\" content=\"Geomar Pacheco R.\" \/>\n<meta name=\"twitter:card\" content=\"summary_large_image\" \/>\n<meta name=\"twitter:creator\" content=\"@GeomarPacheco1\" \/>\n<meta name=\"twitter:label1\" content=\"Escrito por\" \/>\n\t<meta name=\"twitter:data1\" content=\"Geomar Pacheco R.\" \/>\n\t<meta name=\"twitter:label2\" content=\"Tiempo estimado de lectura\" \/>\n\t<meta name=\"twitter:data2\" content=\"3 minutos\" \/>\n<script type=\"application\/ld+json\" class=\"yoast-schema-graph\">{\"@context\":\"https:\/\/schema.org\",\"@graph\":[{\"@type\":\"Article\",\"@id\":\"https:\/\/noti-america.com\/site\/peru\/2023\/11\/15\/peruanos-en-el-exterior-agenda-del-2024\/#article\",\"isPartOf\":{\"@id\":\"https:\/\/noti-america.com\/site\/peru\/2023\/11\/15\/peruanos-en-el-exterior-agenda-del-2024\/\"},\"author\":{\"name\":\"Geomar Pacheco R.\",\"@id\":\"https:\/\/noti-america.com\/site\/peru\/#\/schema\/person\/28a35f20383bf2485bc838bfe76aebdc\"},\"headline\":\"PERUANOS EN EL EXTERIOR: AGENDA DEL 2024\",\"datePublished\":\"2023-11-15T09:52:19+00:00\",\"mainEntityOfPage\":{\"@id\":\"https:\/\/noti-america.com\/site\/peru\/2023\/11\/15\/peruanos-en-el-exterior-agenda-del-2024\/\"},\"wordCount\":512,\"commentCount\":0,\"publisher\":{\"@id\":\"https:\/\/noti-america.com\/site\/peru\/#organization\"},\"image\":{\"@id\":\"https:\/\/noti-america.com\/site\/peru\/2023\/11\/15\/peruanos-en-el-exterior-agenda-del-2024\/#primaryimage\"},\"thumbnailUrl\":\"https:\/\/noti-america.com\/site\/peru\/wp-content\/uploads\/sites\/8\/2023\/11\/IMG-20231113-WA0035.jpg\",\"articleSection\":[\"Actualidad\",\"Internacionales\",\"Migraci\u00f3n\"],\"inLanguage\":\"es\",\"potentialAction\":[{\"@type\":\"CommentAction\",\"name\":\"Comment\",\"target\":[\"https:\/\/noti-america.com\/site\/peru\/2023\/11\/15\/peruanos-en-el-exterior-agenda-del-2024\/#respond\"]}]},{\"@type\":\"WebPage\",\"@id\":\"https:\/\/noti-america.com\/site\/peru\/2023\/11\/15\/peruanos-en-el-exterior-agenda-del-2024\/\",\"url\":\"https:\/\/noti-america.com\/site\/peru\/2023\/11\/15\/peruanos-en-el-exterior-agenda-del-2024\/\",\"name\":\"PERUANOS EN EL EXTERIOR: AGENDA DEL 2024 - Per\u00fa | Noti-America.com\",\"isPartOf\":{\"@id\":\"https:\/\/noti-america.com\/site\/peru\/#website\"},\"primaryImageOfPage\":{\"@id\":\"https:\/\/noti-america.com\/site\/peru\/2023\/11\/15\/peruanos-en-el-exterior-agenda-del-2024\/#primaryimage\"},\"image\":{\"@id\":\"https:\/\/noti-america.com\/site\/peru\/2023\/11\/15\/peruanos-en-el-exterior-agenda-del-2024\/#primaryimage\"},\"thumbnailUrl\":\"https:\/\/noti-america.com\/site\/peru\/wp-content\/uploads\/sites\/8\/2023\/11\/IMG-20231113-WA0035.jpg\",\"datePublished\":\"2023-11-15T09:52:19+00:00\",\"breadcrumb\":{\"@id\":\"https:\/\/noti-america.com\/site\/peru\/2023\/11\/15\/peruanos-en-el-exterior-agenda-del-2024\/#breadcrumb\"},\"inLanguage\":\"es\",\"potentialAction\":[{\"@type\":\"ReadAction\",\"target\":[\"https:\/\/noti-america.com\/site\/peru\/2023\/11\/15\/peruanos-en-el-exterior-agenda-del-2024\/\"]}]},{\"@type\":\"ImageObject\",\"inLanguage\":\"es\",\"@id\":\"https:\/\/noti-america.com\/site\/peru\/2023\/11\/15\/peruanos-en-el-exterior-agenda-del-2024\/#primaryimage\",\"url\":\"https:\/\/noti-america.com\/site\/peru\/wp-content\/uploads\/sites\/8\/2023\/11\/IMG-20231113-WA0035.jpg\",\"contentUrl\":\"https:\/\/noti-america.com\/site\/peru\/wp-content\/uploads\/sites\/8\/2023\/11\/IMG-20231113-WA0035.jpg\",\"width\":1600,\"height\":1066,\"caption\":\"Foto\"},{\"@type\":\"BreadcrumbList\",\"@id\":\"https:\/\/noti-america.com\/site\/peru\/2023\/11\/15\/peruanos-en-el-exterior-agenda-del-2024\/#breadcrumb\",\"itemListElement\":[{\"@type\":\"ListItem\",\"position\":1,\"name\":\"Portada\",\"item\":\"https:\/\/noti-america.com\/site\/peru\/\"},{\"@type\":\"ListItem\",\"position\":2,\"name\":\"PERUANOS EN EL EXTERIOR: AGENDA DEL 2024\"}]},{\"@type\":\"WebSite\",\"@id\":\"https:\/\/noti-america.com\/site\/peru\/#website\",\"url\":\"https:\/\/noti-america.com\/site\/peru\/\",\"name\":\"Per\u00fa | Noti-America.com\",\"description\":\"\",\"publisher\":{\"@id\":\"https:\/\/noti-america.com\/site\/peru\/#organization\"},\"potentialAction\":[{\"@type\":\"SearchAction\",\"target\":{\"@type\":\"EntryPoint\",\"urlTemplate\":\"https:\/\/noti-america.com\/site\/peru\/?s={search_term_string}\"},\"query-input\":{\"@type\":\"PropertyValueSpecification\",\"valueRequired\":true,\"valueName\":\"search_term_string\"}}],\"inLanguage\":\"es\"},{\"@type\":\"Organization\",\"@id\":\"https:\/\/noti-america.com\/site\/peru\/#organization\",\"name\":\"Noti-America LLC | Per\u00fa\",\"url\":\"https:\/\/noti-america.com\/site\/peru\/\",\"logo\":{\"@type\":\"ImageObject\",\"inLanguage\":\"es\",\"@id\":\"https:\/\/noti-america.com\/site\/peru\/#\/schema\/logo\/image\/\",\"url\":\"https:\/\/noti-america.com\/site\/peru\/wp-content\/uploads\/sites\/8\/2020\/07\/LogoNA-4x3-1.jpg\",\"contentUrl\":\"https:\/\/noti-america.com\/site\/peru\/wp-content\/uploads\/sites\/8\/2020\/07\/LogoNA-4x3-1.jpg\",\"width\":1236,\"height\":1080,\"caption\":\"Noti-America LLC | Per\u00fa\"},\"image\":{\"@id\":\"https:\/\/noti-america.com\/site\/peru\/#\/schema\/logo\/image\/\"}},{\"@type\":\"Person\",\"@id\":\"https:\/\/noti-america.com\/site\/peru\/#\/schema\/person\/28a35f20383bf2485bc838bfe76aebdc\",\"name\":\"Geomar Pacheco R.\",\"image\":{\"@type\":\"ImageObject\",\"inLanguage\":\"es\",\"@id\":\"https:\/\/secure.gravatar.com\/avatar\/5f09cb527f9632e92234c6fc6e2cbcefebeed6bdeb0f9129ea4cbc7aa71587c6?s=96&d=mm&r=g\",\"url\":\"https:\/\/secure.gravatar.com\/avatar\/5f09cb527f9632e92234c6fc6e2cbcefebeed6bdeb0f9129ea4cbc7aa71587c6?s=96&d=mm&r=g\",\"contentUrl\":\"https:\/\/secure.gravatar.com\/avatar\/5f09cb527f9632e92234c6fc6e2cbcefebeed6bdeb0f9129ea4cbc7aa71587c6?s=96&d=mm&r=g\",\"caption\":\"Geomar Pacheco R.\"},\"sameAs\":[\"https:\/\/x.com\/GeomarPacheco1\"],\"url\":\"https:\/\/noti-america.com\/site\/peru\/author\/gpacheco\/\"}]}<\/script>\n<!-- \/ Yoast SEO Premium plugin. -->","yoast_head_json":{"title":"PERUANOS EN EL EXTERIOR: AGENDA DEL 2024 - Per\u00fa | Noti-America.com","robots":{"index":"index","follow":"follow","max-snippet":"max-snippet:-1","max-image-preview":"max-image-preview:large","max-video-preview":"max-video-preview:-1"},"canonical":"https:\/\/noti-america.com\/site\/peru\/2023\/11\/15\/peruanos-en-el-exterior-agenda-del-2024\/","og_locale":"es_ES","og_type":"article","og_title":"PERUANOS EN EL EXTERIOR: AGENDA DEL 2024","og_description":"NOTI-AM\u00c9RICA PER\u00da Por Geomar Pacheco Rivera Cuatrocientos quince mil peruanos han formalizado su salida de nuestro territorio entre enero y agosto del presente a\u00f1o. En la actualidad m\u00e1s de tres millones y medio de&#46;&#46;&#46;","og_url":"https:\/\/noti-america.com\/site\/peru\/2023\/11\/15\/peruanos-en-el-exterior-agenda-del-2024\/","og_site_name":"Per\u00fa | Noti-America.com","article_published_time":"2023-11-15T09:52:19+00:00","og_image":[{"width":1600,"height":1066,"url":"https:\/\/noti-america.com\/site\/peru\/wp-content\/uploads\/sites\/8\/2023\/11\/IMG-20231113-WA0035.jpg","type":"image\/jpeg"}],"author":"Geomar Pacheco R.","twitter_card":"summary_large_image","twitter_creator":"@GeomarPacheco1","twitter_misc":{"Escrito por":"Geomar Pacheco R.","Tiempo estimado de lectura":"3 minutos"},"schema":{"@context":"https:\/\/schema.org","@graph":[{"@type":"Article","@id":"https:\/\/noti-america.com\/site\/peru\/2023\/11\/15\/peruanos-en-el-exterior-agenda-del-2024\/#article","isPartOf":{"@id":"https:\/\/noti-america.com\/site\/peru\/2023\/11\/15\/peruanos-en-el-exterior-agenda-del-2024\/"},"author":{"name":"Geomar Pacheco R.","@id":"https:\/\/noti-america.com\/site\/peru\/#\/schema\/person\/28a35f20383bf2485bc838bfe76aebdc"},"headline":"PERUANOS EN EL EXTERIOR: AGENDA DEL 2024","datePublished":"2023-11-15T09:52:19+00:00","mainEntityOfPage":{"@id":"https:\/\/noti-america.com\/site\/peru\/2023\/11\/15\/peruanos-en-el-exterior-agenda-del-2024\/"},"wordCount":512,"commentCount":0,"publisher":{"@id":"https:\/\/noti-america.com\/site\/peru\/#organization"},"image":{"@id":"https:\/\/noti-america.com\/site\/peru\/2023\/11\/15\/peruanos-en-el-exterior-agenda-del-2024\/#primaryimage"},"thumbnailUrl":"https:\/\/noti-america.com\/site\/peru\/wp-content\/uploads\/sites\/8\/2023\/11\/IMG-20231113-WA0035.jpg","articleSection":["Actualidad","Internacionales","Migraci\u00f3n"],"inLanguage":"es","potentialAction":[{"@type":"CommentAction","name":"Comment","target":["https:\/\/noti-america.com\/site\/peru\/2023\/11\/15\/peruanos-en-el-exterior-agenda-del-2024\/#respond"]}]},{"@type":"WebPage","@id":"https:\/\/noti-america.com\/site\/peru\/2023\/11\/15\/peruanos-en-el-exterior-agenda-del-2024\/","url":"https:\/\/noti-america.com\/site\/peru\/2023\/11\/15\/peruanos-en-el-exterior-agenda-del-2024\/","name":"PERUANOS EN EL EXTERIOR: AGENDA DEL 2024 - Per\u00fa | Noti-America.com","isPartOf":{"@id":"https:\/\/noti-america.com\/site\/peru\/#website"},"primaryImageOfPage":{"@id":"https:\/\/noti-america.com\/site\/peru\/2023\/11\/15\/peruanos-en-el-exterior-agenda-del-2024\/#primaryimage"},"image":{"@id":"https:\/\/noti-america.com\/site\/peru\/2023\/11\/15\/peruanos-en-el-exterior-agenda-del-2024\/#primaryimage"},"thumbnailUrl":"https:\/\/noti-america.com\/site\/peru\/wp-content\/uploads\/sites\/8\/2023\/11\/IMG-20231113-WA0035.jpg","datePublished":"2023-11-15T09:52:19+00:00","breadcrumb":{"@id":"https:\/\/noti-america.com\/site\/peru\/2023\/11\/15\/peruanos-en-el-exterior-agenda-del-2024\/#breadcrumb"},"inLanguage":"es","potentialAction":[{"@type":"ReadAction","target":["https:\/\/noti-america.com\/site\/peru\/2023\/11\/15\/peruanos-en-el-exterior-agenda-del-2024\/"]}]},{"@type":"ImageObject","inLanguage":"es","@id":"https:\/\/noti-america.com\/site\/peru\/2023\/11\/15\/peruanos-en-el-exterior-agenda-del-2024\/#primaryimage","url":"https:\/\/noti-america.com\/site\/peru\/wp-content\/uploads\/sites\/8\/2023\/11\/IMG-20231113-WA0035.jpg","contentUrl":"https:\/\/noti-america.com\/site\/peru\/wp-content\/uploads\/sites\/8\/2023\/11\/IMG-20231113-WA0035.jpg","width":1600,"height":1066,"caption":"Foto"},{"@type":"BreadcrumbList","@id":"https:\/\/noti-america.com\/site\/peru\/2023\/11\/15\/peruanos-en-el-exterior-agenda-del-2024\/#breadcrumb","itemListElement":[{"@type":"ListItem","position":1,"name":"Portada","item":"https:\/\/noti-america.com\/site\/peru\/"},{"@type":"ListItem","position":2,"name":"PERUANOS EN EL EXTERIOR: AGENDA DEL 2024"}]},{"@type":"WebSite","@id":"https:\/\/noti-america.com\/site\/peru\/#website","url":"https:\/\/noti-america.com\/site\/peru\/","name":"Per\u00fa | Noti-America.com","description":"","publisher":{"@id":"https:\/\/noti-america.com\/site\/peru\/#organization"},"potentialAction":[{"@type":"SearchAction","target":{"@type":"EntryPoint","urlTemplate":"https:\/\/noti-america.com\/site\/peru\/?s={search_term_string}"},"query-input":{"@type":"PropertyValueSpecification","valueRequired":true,"valueName":"search_term_string"}}],"inLanguage":"es"},{"@type":"Organization","@id":"https:\/\/noti-america.com\/site\/peru\/#organization","name":"Noti-America LLC | Per\u00fa","url":"https:\/\/noti-america.com\/site\/peru\/","logo":{"@type":"ImageObject","inLanguage":"es","@id":"https:\/\/noti-america.com\/site\/peru\/#\/schema\/logo\/image\/","url":"https:\/\/noti-america.com\/site\/peru\/wp-content\/uploads\/sites\/8\/2020\/07\/LogoNA-4x3-1.jpg","contentUrl":"https:\/\/noti-america.com\/site\/peru\/wp-content\/uploads\/sites\/8\/2020\/07\/LogoNA-4x3-1.jpg","width":1236,"height":1080,"caption":"Noti-America LLC | Per\u00fa"},"image":{"@id":"https:\/\/noti-america.com\/site\/peru\/#\/schema\/logo\/image\/"}},{"@type":"Person","@id":"https:\/\/noti-america.com\/site\/peru\/#\/schema\/person\/28a35f20383bf2485bc838bfe76aebdc","name":"Geomar Pacheco R.","image":{"@type":"ImageObject","inLanguage":"es","@id":"https:\/\/secure.gravatar.com\/avatar\/5f09cb527f9632e92234c6fc6e2cbcefebeed6bdeb0f9129ea4cbc7aa71587c6?s=96&d=mm&r=g","url":"https:\/\/secure.gravatar.com\/avatar\/5f09cb527f9632e92234c6fc6e2cbcefebeed6bdeb0f9129ea4cbc7aa71587c6?s=96&d=mm&r=g","contentUrl":"https:\/\/secure.gravatar.com\/avatar\/5f09cb527f9632e92234c6fc6e2cbcefebeed6bdeb0f9129ea4cbc7aa71587c6?s=96&d=mm&r=g","caption":"Geomar Pacheco R."},"sameAs":["https:\/\/x.com\/GeomarPacheco1"],"url":"https:\/\/noti-america.com\/site\/peru\/author\/gpacheco\/"}]}},"_links":{"self":[{"href":"https:\/\/noti-america.com\/site\/peru\/wp-json\/wp\/v2\/posts\/6925","targetHints":{"allow":["GET"]}}],"collection":[{"href":"https:\/\/noti-america.com\/site\/peru\/wp-json\/wp\/v2\/posts"}],"about":[{"href":"https:\/\/noti-america.com\/site\/peru\/wp-json\/wp\/v2\/types\/post"}],"author":[{"embeddable":true,"href":"https:\/\/noti-america.com\/site\/peru\/wp-json\/wp\/v2\/users\/70"}],"replies":[{"embeddable":true,"href":"https:\/\/noti-america.com\/site\/peru\/wp-json\/wp\/v2\/comments?post=6925"}],"version-history":[{"count":1,"href":"https:\/\/noti-america.com\/site\/peru\/wp-json\/wp\/v2\/posts\/6925\/revisions"}],"predecessor-version":[{"id":6928,"href":"https:\/\/noti-america.com\/site\/peru\/wp-json\/wp\/v2\/posts\/6925\/revisions\/6928"}],"wp:featuredmedia":[{"embeddable":true,"href":"https:\/\/noti-america.com\/site\/peru\/wp-json\/wp\/v2\/media\/6926"}],"wp:attachment":[{"href":"https:\/\/noti-america.com\/site\/peru\/wp-json\/wp\/v2\/media?parent=6925"}],"wp:term":[{"taxonomy":"category","embeddable":true,"href":"https:\/\/noti-america.com\/site\/peru\/wp-json\/wp\/v2\/categories?post=6925"},{"taxonomy":"post_tag","embeddable":true,"href":"https:\/\/noti-america.com\/site\/peru\/wp-json\/wp\/v2\/tags?post=6925"}],"curies":[{"name":"wp","href":"https:\/\/api.w.org\/{rel}","templated":true}]}}