{"id":6905,"date":"2023-11-12T07:22:42","date_gmt":"2023-11-12T07:22:42","guid":{"rendered":"https:\/\/noti-america.com\/site\/peru\/?p=6905"},"modified":"2023-11-12T07:23:19","modified_gmt":"2023-11-12T07:23:19","slug":"urge-sistema-de-informacion-en-linea-contra-la-delincuencia","status":"publish","type":"post","link":"https:\/\/noti-america.com\/site\/peru\/2023\/11\/12\/urge-sistema-de-informacion-en-linea-contra-la-delincuencia\/","title":{"rendered":"URGE SISTEMA DE INFORMACI\u00d3N EN L\u00cdNEA CONTRA LA DELINCUENCIA"},"content":{"rendered":"<p>&nbsp;<\/p>\n<p style=\"text-align: justify\"><span style=\"font-family: Tahoma, Arial, Helvetica, sans-serif;font-size: 14pt\"><strong>NOTI-AM\u00c9RICA PER\u00da<\/strong><\/span><\/p>\n<p style=\"text-align: justify\">\n<p style=\"text-align: right\"><span style=\"font-family: Tahoma, Arial, Helvetica, sans-serif;font-size: 14pt\"><strong>Por Geomar Pacheco Rivera<\/strong><\/span><\/p>\n<p style=\"text-align: justify\">\n<p style=\"text-align: justify\"><span style=\"font-weight: 400;font-family: Tahoma, Arial, Helvetica, sans-serif;font-size: 14pt\">La inseguridad ciudadana es un com\u00fan denominador en los pa\u00edses que integran la Comunidad Andina de Naciones (CAN), situaci\u00f3n dif\u00edcil para m\u00e1s de 115 millones de ciudadanos residentes en los territorios de Ecuador, Colombia, Bolivia y Per\u00fa.<\/span><\/p>\n<p style=\"text-align: justify\">\n<p style=\"text-align: justify\"><span style=\"font-weight: 400;font-family: Tahoma, Arial, Helvetica, sans-serif;font-size: 14pt\">Ante ello la Secretar\u00eda General de la CAN, a cargo del embajador peruano, Gonzalo Guti\u00e9rrez Reinel, propuso a la presidencia de la Comunidad realizar una reuni\u00f3n de autoridades vinculadas a la seguridad de sus cuatro pa\u00edses miembros, a fin de coordinar un sistema de informaci\u00f3n conjunto sobre el tema.<\/span><\/p>\n<p style=\"text-align: justify\">\n<p style=\"text-align: justify\"><span style=\"font-weight: 400;font-family: Tahoma, Arial, Helvetica, sans-serif;font-size: 14pt\">\u201cAs\u00ed todos los pa\u00edses contar\u00e1n con informaci\u00f3n sobre antecedentes, requisitorias y dem\u00e1s\u201d, afirm\u00f3 Guti\u00e9rrez Reinel.<\/span><\/p>\n<p style=\"text-align: justify\">\n<p style=\"text-align: justify\"><span style=\"font-family: Tahoma, Arial, Helvetica, sans-serif;font-size: 14pt\"><span style=\"font-weight: 400\">En detalle precis\u00f3 que as\u00ed se dispondr\u00e1 de informaci\u00f3n sobre si los visitantes \u201cest\u00e1n integrados a una banda criminal <\/span><span style=\"font-weight: 400\">y no se\u00a0 afrontar\u00e1 el problema de que, reci\u00e9n cometido el crimen, se tenga que buscar la informaci\u00f3n<\/span><span style=\"font-weight: 400\">\u201d.<\/span><\/span><\/p>\n<p style=\"text-align: justify\">\n<div id=\"attachment_6906\" style=\"width: 510px\" class=\"wp-caption aligncenter\"><a href=\"https:\/\/noti-america.com\/site\/peru\/wp-content\/uploads\/sites\/8\/2023\/11\/WhatsApp-Image-2023-11-12-at-12.58.05-AM.jpeg\"><img loading=\"lazy\" decoding=\"async\" aria-describedby=\"caption-attachment-6906\" class=\"wp-image-6906 size-full\" src=\"https:\/\/noti-america.com\/site\/peru\/wp-content\/uploads\/sites\/8\/2023\/11\/WhatsApp-Image-2023-11-12-at-12.58.05-AM.jpeg\" alt=\"\" width=\"500\" height=\"333\" srcset=\"https:\/\/noti-america.com\/site\/peru\/wp-content\/uploads\/sites\/8\/2023\/11\/WhatsApp-Image-2023-11-12-at-12.58.05-AM.jpeg 500w, https:\/\/noti-america.com\/site\/peru\/wp-content\/uploads\/sites\/8\/2023\/11\/WhatsApp-Image-2023-11-12-at-12.58.05-AM-300x200.jpeg 300w, https:\/\/noti-america.com\/site\/peru\/wp-content\/uploads\/sites\/8\/2023\/11\/WhatsApp-Image-2023-11-12-at-12.58.05-AM-272x182.jpeg 272w\" sizes=\"auto, (max-width: 500px) 100vw, 500px\" \/><\/a><p id=\"caption-attachment-6906\" class=\"wp-caption-text\"><\/span> <span style=\"font-family: Tahoma, Arial, Helvetica, sans-serif;font-size: 14pt\">Foto: Gonzalo Guti\u00e9rrez Reinel \/ Secretario general de la CAN- Andina: Norman C\u00f3rdova.<\/span><\/p><\/div>\n<p style=\"text-align: justify\">\n<p style=\"text-align: justify\"><span style=\"font-weight: 400;font-family: Tahoma, Arial, Helvetica, sans-serif;font-size: 14pt\">Dicho sistema de informaci\u00f3n funcionar\u00e1 \u201cen tiempo real\u201d, indic\u00f3. \u201cEsta iniciativa podr\u00eda contrarrestar de alguna manera los elementos de inseguridad que el movimiento de personas cruzando fronteras podr\u00eda generar\u201d, sostuvo Guti\u00e9rrez.<\/span><\/p>\n<p style=\"text-align: justify\">\n<p style=\"text-align: justify\"><span style=\"font-weight: 400;font-family: Tahoma, Arial, Helvetica, sans-serif;font-size: 14pt\">Esta iniciativa ha sido puesta a consideraci\u00f3n de la presidencia pro tempore de la CAN, actualmente encabezada por Bolivia, indic\u00f3 el excanciller peruano. \u201cEspero que la acoja\u201d, a\u00f1adi\u00f3; dijo igualmente que, en virtud de los mecanismos existentes en este bloque, una decisi\u00f3n de ese tipo ser\u00eda \u201cinmediatamente normada\u201d en cada uno de los cuatro pa\u00edses que lo integran.<\/span><\/p>\n<p style=\"text-align: justify\">\n<p style=\"text-align: justify\"><span style=\"font-weight: 400;font-family: Tahoma, Arial, Helvetica, sans-serif;font-size: 14pt\">Guti\u00e9rrez Reinel consider\u00f3 necesario que una medida de esa naturaleza se aplique, toda vez que \u201cel tema de seguridad es una de las preocupaciones centrales, si no la central, de los ciudadanos andinos\u201d.<\/span><\/p>\n<p style=\"text-align: justify\">\n<p style=\"text-align: justify\"><span style=\"font-weight: 400;font-family: Tahoma, Arial, Helvetica, sans-serif;font-size: 14pt\">Se\u00f1al\u00f3 que el tiempo para realizar visitas tur\u00edsticas se ha ampliado de 90 a 180 d\u00edas. Esta facilidad se a\u00f1ade a aquella que permite que los ciudadanos de los pa\u00edses andinos puedan desplazarse por estos, con su documento de identidad y sin necesidad de portar pasaporte.<\/span><\/p>\n<p style=\"text-align: justify\"><a href=\"https:\/\/noti-america.com\/site\/peru\/wp-content\/uploads\/sites\/8\/2023\/11\/WhatsApp-Image-2023-11-12-at-12.58.52-AM.jpeg\"><img loading=\"lazy\" decoding=\"async\" class=\"aligncenter size-full wp-image-6907\" src=\"https:\/\/noti-america.com\/site\/peru\/wp-content\/uploads\/sites\/8\/2023\/11\/WhatsApp-Image-2023-11-12-at-12.58.52-AM.jpeg\" alt=\"\" width=\"960\" height=\"960\" srcset=\"https:\/\/noti-america.com\/site\/peru\/wp-content\/uploads\/sites\/8\/2023\/11\/WhatsApp-Image-2023-11-12-at-12.58.52-AM.jpeg 960w, https:\/\/noti-america.com\/site\/peru\/wp-content\/uploads\/sites\/8\/2023\/11\/WhatsApp-Image-2023-11-12-at-12.58.52-AM-300x300.jpeg 300w, https:\/\/noti-america.com\/site\/peru\/wp-content\/uploads\/sites\/8\/2023\/11\/WhatsApp-Image-2023-11-12-at-12.58.52-AM-150x150.jpeg 150w, https:\/\/noti-america.com\/site\/peru\/wp-content\/uploads\/sites\/8\/2023\/11\/WhatsApp-Image-2023-11-12-at-12.58.52-AM-768x768.jpeg 768w, https:\/\/noti-america.com\/site\/peru\/wp-content\/uploads\/sites\/8\/2023\/11\/WhatsApp-Image-2023-11-12-at-12.58.52-AM-80x80.jpeg 80w, https:\/\/noti-america.com\/site\/peru\/wp-content\/uploads\/sites\/8\/2023\/11\/WhatsApp-Image-2023-11-12-at-12.58.52-AM-320x320.jpeg 320w\" sizes=\"auto, (max-width: 960px) 100vw, 960px\" \/><\/a><\/p>\n","protected":false},"excerpt":{"rendered":"<p>&nbsp; NOTI-AM\u00c9RICA PER\u00da Por Geomar Pacheco Rivera La inseguridad ciudadana es un com\u00fan denominador en los pa\u00edses que integran la Comunidad Andina de Naciones (CAN), situaci\u00f3n dif\u00edcil para m\u00e1s de 115 millones de ciudadanos&#46;&#46;&#46;<\/p>\n","protected":false},"author":70,"featured_media":6906,"comment_status":"open","ping_status":"open","sticky":false,"template":"","format":"standard","meta":{"_acf_changed":false,"rop_custom_images_group":[],"rop_custom_messages_group":[],"rop_publish_now":"initial","rop_publish_now_accounts":{"twitter_242054905_242054905":""},"rop_publish_now_history":[],"rop_publish_now_status":"pending","footnotes":""},"categories":[10,116,4,227,119],"tags":[],"class_list":["post-6905","post","type-post","status-publish","format-standard","has-post-thumbnail","hentry","category-actualidad","category-suramerica","category-internacionales","category-latino-america","category-migracion"],"acf":[],"yoast_head":"<!-- This site is optimized with the Yoast SEO Premium plugin v24.9 (Yoast SEO v27.2) - https:\/\/yoast.com\/product\/yoast-seo-premium-wordpress\/ -->\n<title>URGE SISTEMA DE INFORMACI\u00d3N EN L\u00cdNEA CONTRA LA DELINCUENCIA - Per\u00fa | Noti-America.com<\/title>\n<meta name=\"robots\" content=\"index, follow, max-snippet:-1, max-image-preview:large, max-video-preview:-1\" \/>\n<link rel=\"canonical\" href=\"https:\/\/noti-america.com\/site\/peru\/2023\/11\/12\/urge-sistema-de-informacion-en-linea-contra-la-delincuencia\/\" \/>\n<meta property=\"og:locale\" content=\"es_ES\" \/>\n<meta property=\"og:type\" content=\"article\" \/>\n<meta property=\"og:title\" content=\"URGE SISTEMA DE INFORMACI\u00d3N EN L\u00cdNEA CONTRA LA DELINCUENCIA\" \/>\n<meta property=\"og:description\" content=\"&nbsp; NOTI-AM\u00c9RICA PER\u00da Por Geomar Pacheco Rivera La inseguridad ciudadana es un com\u00fan denominador en los pa\u00edses que integran la Comunidad Andina de Naciones (CAN), situaci\u00f3n dif\u00edcil para m\u00e1s de 115 millones de ciudadanos&#046;&#046;&#046;\" \/>\n<meta property=\"og:url\" content=\"https:\/\/noti-america.com\/site\/peru\/2023\/11\/12\/urge-sistema-de-informacion-en-linea-contra-la-delincuencia\/\" \/>\n<meta property=\"og:site_name\" content=\"Per\u00fa | Noti-America.com\" \/>\n<meta property=\"article:published_time\" content=\"2023-11-12T07:22:42+00:00\" \/>\n<meta property=\"article:modified_time\" content=\"2023-11-12T07:23:19+00:00\" \/>\n<meta property=\"og:image\" content=\"https:\/\/noti-america.com\/site\/peru\/wp-content\/uploads\/sites\/8\/2023\/11\/WhatsApp-Image-2023-11-12-at-12.58.05-AM.jpeg\" \/>\n\t<meta property=\"og:image:width\" content=\"500\" \/>\n\t<meta property=\"og:image:height\" content=\"333\" \/>\n\t<meta property=\"og:image:type\" content=\"image\/jpeg\" \/>\n<meta name=\"author\" content=\"Geomar Pacheco R.\" \/>\n<meta name=\"twitter:card\" content=\"summary_large_image\" \/>\n<meta name=\"twitter:creator\" content=\"@GeomarPacheco1\" \/>\n<meta name=\"twitter:label1\" content=\"Escrito por\" \/>\n\t<meta name=\"twitter:data1\" content=\"Geomar Pacheco R.\" \/>\n\t<meta name=\"twitter:label2\" content=\"Tiempo estimado de lectura\" \/>\n\t<meta name=\"twitter:data2\" content=\"2 minutos\" \/>\n<script type=\"application\/ld+json\" class=\"yoast-schema-graph\">{\"@context\":\"https:\/\/schema.org\",\"@graph\":[{\"@type\":\"Article\",\"@id\":\"https:\/\/noti-america.com\/site\/peru\/2023\/11\/12\/urge-sistema-de-informacion-en-linea-contra-la-delincuencia\/#article\",\"isPartOf\":{\"@id\":\"https:\/\/noti-america.com\/site\/peru\/2023\/11\/12\/urge-sistema-de-informacion-en-linea-contra-la-delincuencia\/\"},\"author\":{\"name\":\"Geomar Pacheco R.\",\"@id\":\"https:\/\/noti-america.com\/site\/peru\/#\/schema\/person\/28a35f20383bf2485bc838bfe76aebdc\"},\"headline\":\"URGE SISTEMA DE INFORMACI\u00d3N EN L\u00cdNEA CONTRA LA DELINCUENCIA\",\"datePublished\":\"2023-11-12T07:22:42+00:00\",\"dateModified\":\"2023-11-12T07:23:19+00:00\",\"mainEntityOfPage\":{\"@id\":\"https:\/\/noti-america.com\/site\/peru\/2023\/11\/12\/urge-sistema-de-informacion-en-linea-contra-la-delincuencia\/\"},\"wordCount\":377,\"commentCount\":0,\"publisher\":{\"@id\":\"https:\/\/noti-america.com\/site\/peru\/#organization\"},\"image\":{\"@id\":\"https:\/\/noti-america.com\/site\/peru\/2023\/11\/12\/urge-sistema-de-informacion-en-linea-contra-la-delincuencia\/#primaryimage\"},\"thumbnailUrl\":\"https:\/\/noti-america.com\/site\/peru\/wp-content\/uploads\/sites\/8\/2023\/11\/WhatsApp-Image-2023-11-12-at-12.58.05-AM.jpeg\",\"articleSection\":[\"Actualidad\",\"Am\u00e9rica del Sur\",\"Internacionales\",\"Latino Am\u00e9rica\",\"Migraci\u00f3n\"],\"inLanguage\":\"es\",\"potentialAction\":[{\"@type\":\"CommentAction\",\"name\":\"Comment\",\"target\":[\"https:\/\/noti-america.com\/site\/peru\/2023\/11\/12\/urge-sistema-de-informacion-en-linea-contra-la-delincuencia\/#respond\"]}]},{\"@type\":\"WebPage\",\"@id\":\"https:\/\/noti-america.com\/site\/peru\/2023\/11\/12\/urge-sistema-de-informacion-en-linea-contra-la-delincuencia\/\",\"url\":\"https:\/\/noti-america.com\/site\/peru\/2023\/11\/12\/urge-sistema-de-informacion-en-linea-contra-la-delincuencia\/\",\"name\":\"URGE SISTEMA DE INFORMACI\u00d3N EN L\u00cdNEA CONTRA LA DELINCUENCIA - Per\u00fa | Noti-America.com\",\"isPartOf\":{\"@id\":\"https:\/\/noti-america.com\/site\/peru\/#website\"},\"primaryImageOfPage\":{\"@id\":\"https:\/\/noti-america.com\/site\/peru\/2023\/11\/12\/urge-sistema-de-informacion-en-linea-contra-la-delincuencia\/#primaryimage\"},\"image\":{\"@id\":\"https:\/\/noti-america.com\/site\/peru\/2023\/11\/12\/urge-sistema-de-informacion-en-linea-contra-la-delincuencia\/#primaryimage\"},\"thumbnailUrl\":\"https:\/\/noti-america.com\/site\/peru\/wp-content\/uploads\/sites\/8\/2023\/11\/WhatsApp-Image-2023-11-12-at-12.58.05-AM.jpeg\",\"datePublished\":\"2023-11-12T07:22:42+00:00\",\"dateModified\":\"2023-11-12T07:23:19+00:00\",\"breadcrumb\":{\"@id\":\"https:\/\/noti-america.com\/site\/peru\/2023\/11\/12\/urge-sistema-de-informacion-en-linea-contra-la-delincuencia\/#breadcrumb\"},\"inLanguage\":\"es\",\"potentialAction\":[{\"@type\":\"ReadAction\",\"target\":[\"https:\/\/noti-america.com\/site\/peru\/2023\/11\/12\/urge-sistema-de-informacion-en-linea-contra-la-delincuencia\/\"]}]},{\"@type\":\"ImageObject\",\"inLanguage\":\"es\",\"@id\":\"https:\/\/noti-america.com\/site\/peru\/2023\/11\/12\/urge-sistema-de-informacion-en-linea-contra-la-delincuencia\/#primaryimage\",\"url\":\"https:\/\/noti-america.com\/site\/peru\/wp-content\/uploads\/sites\/8\/2023\/11\/WhatsApp-Image-2023-11-12-at-12.58.05-AM.jpeg\",\"contentUrl\":\"https:\/\/noti-america.com\/site\/peru\/wp-content\/uploads\/sites\/8\/2023\/11\/WhatsApp-Image-2023-11-12-at-12.58.05-AM.jpeg\",\"width\":500,\"height\":333},{\"@type\":\"BreadcrumbList\",\"@id\":\"https:\/\/noti-america.com\/site\/peru\/2023\/11\/12\/urge-sistema-de-informacion-en-linea-contra-la-delincuencia\/#breadcrumb\",\"itemListElement\":[{\"@type\":\"ListItem\",\"position\":1,\"name\":\"Portada\",\"item\":\"https:\/\/noti-america.com\/site\/peru\/\"},{\"@type\":\"ListItem\",\"position\":2,\"name\":\"URGE SISTEMA DE INFORMACI\u00d3N EN L\u00cdNEA CONTRA LA DELINCUENCIA\"}]},{\"@type\":\"WebSite\",\"@id\":\"https:\/\/noti-america.com\/site\/peru\/#website\",\"url\":\"https:\/\/noti-america.com\/site\/peru\/\",\"name\":\"Per\u00fa | Noti-America.com\",\"description\":\"\",\"publisher\":{\"@id\":\"https:\/\/noti-america.com\/site\/peru\/#organization\"},\"potentialAction\":[{\"@type\":\"SearchAction\",\"target\":{\"@type\":\"EntryPoint\",\"urlTemplate\":\"https:\/\/noti-america.com\/site\/peru\/?s={search_term_string}\"},\"query-input\":{\"@type\":\"PropertyValueSpecification\",\"valueRequired\":true,\"valueName\":\"search_term_string\"}}],\"inLanguage\":\"es\"},{\"@type\":\"Organization\",\"@id\":\"https:\/\/noti-america.com\/site\/peru\/#organization\",\"name\":\"Noti-America LLC | Per\u00fa\",\"url\":\"https:\/\/noti-america.com\/site\/peru\/\",\"logo\":{\"@type\":\"ImageObject\",\"inLanguage\":\"es\",\"@id\":\"https:\/\/noti-america.com\/site\/peru\/#\/schema\/logo\/image\/\",\"url\":\"https:\/\/noti-america.com\/site\/peru\/wp-content\/uploads\/sites\/8\/2020\/07\/LogoNA-4x3-1.jpg\",\"contentUrl\":\"https:\/\/noti-america.com\/site\/peru\/wp-content\/uploads\/sites\/8\/2020\/07\/LogoNA-4x3-1.jpg\",\"width\":1236,\"height\":1080,\"caption\":\"Noti-America LLC | Per\u00fa\"},\"image\":{\"@id\":\"https:\/\/noti-america.com\/site\/peru\/#\/schema\/logo\/image\/\"}},{\"@type\":\"Person\",\"@id\":\"https:\/\/noti-america.com\/site\/peru\/#\/schema\/person\/28a35f20383bf2485bc838bfe76aebdc\",\"name\":\"Geomar Pacheco R.\",\"image\":{\"@type\":\"ImageObject\",\"inLanguage\":\"es\",\"@id\":\"https:\/\/secure.gravatar.com\/avatar\/5f09cb527f9632e92234c6fc6e2cbcefebeed6bdeb0f9129ea4cbc7aa71587c6?s=96&d=mm&r=g\",\"url\":\"https:\/\/secure.gravatar.com\/avatar\/5f09cb527f9632e92234c6fc6e2cbcefebeed6bdeb0f9129ea4cbc7aa71587c6?s=96&d=mm&r=g\",\"contentUrl\":\"https:\/\/secure.gravatar.com\/avatar\/5f09cb527f9632e92234c6fc6e2cbcefebeed6bdeb0f9129ea4cbc7aa71587c6?s=96&d=mm&r=g\",\"caption\":\"Geomar Pacheco R.\"},\"sameAs\":[\"https:\/\/x.com\/GeomarPacheco1\"],\"url\":\"https:\/\/noti-america.com\/site\/peru\/author\/gpacheco\/\"}]}<\/script>\n<!-- \/ Yoast SEO Premium plugin. -->","yoast_head_json":{"title":"URGE SISTEMA DE INFORMACI\u00d3N EN L\u00cdNEA CONTRA LA DELINCUENCIA - Per\u00fa | Noti-America.com","robots":{"index":"index","follow":"follow","max-snippet":"max-snippet:-1","max-image-preview":"max-image-preview:large","max-video-preview":"max-video-preview:-1"},"canonical":"https:\/\/noti-america.com\/site\/peru\/2023\/11\/12\/urge-sistema-de-informacion-en-linea-contra-la-delincuencia\/","og_locale":"es_ES","og_type":"article","og_title":"URGE SISTEMA DE INFORMACI\u00d3N EN L\u00cdNEA CONTRA LA DELINCUENCIA","og_description":"&nbsp; NOTI-AM\u00c9RICA PER\u00da Por Geomar Pacheco Rivera La inseguridad ciudadana es un com\u00fan denominador en los pa\u00edses que integran la Comunidad Andina de Naciones (CAN), situaci\u00f3n dif\u00edcil para m\u00e1s de 115 millones de ciudadanos&#46;&#46;&#46;","og_url":"https:\/\/noti-america.com\/site\/peru\/2023\/11\/12\/urge-sistema-de-informacion-en-linea-contra-la-delincuencia\/","og_site_name":"Per\u00fa | Noti-America.com","article_published_time":"2023-11-12T07:22:42+00:00","article_modified_time":"2023-11-12T07:23:19+00:00","og_image":[{"width":500,"height":333,"url":"https:\/\/noti-america.com\/site\/peru\/wp-content\/uploads\/sites\/8\/2023\/11\/WhatsApp-Image-2023-11-12-at-12.58.05-AM.jpeg","type":"image\/jpeg"}],"author":"Geomar Pacheco R.","twitter_card":"summary_large_image","twitter_creator":"@GeomarPacheco1","twitter_misc":{"Escrito por":"Geomar Pacheco R.","Tiempo estimado de lectura":"2 minutos"},"schema":{"@context":"https:\/\/schema.org","@graph":[{"@type":"Article","@id":"https:\/\/noti-america.com\/site\/peru\/2023\/11\/12\/urge-sistema-de-informacion-en-linea-contra-la-delincuencia\/#article","isPartOf":{"@id":"https:\/\/noti-america.com\/site\/peru\/2023\/11\/12\/urge-sistema-de-informacion-en-linea-contra-la-delincuencia\/"},"author":{"name":"Geomar Pacheco R.","@id":"https:\/\/noti-america.com\/site\/peru\/#\/schema\/person\/28a35f20383bf2485bc838bfe76aebdc"},"headline":"URGE SISTEMA DE INFORMACI\u00d3N EN L\u00cdNEA CONTRA LA DELINCUENCIA","datePublished":"2023-11-12T07:22:42+00:00","dateModified":"2023-11-12T07:23:19+00:00","mainEntityOfPage":{"@id":"https:\/\/noti-america.com\/site\/peru\/2023\/11\/12\/urge-sistema-de-informacion-en-linea-contra-la-delincuencia\/"},"wordCount":377,"commentCount":0,"publisher":{"@id":"https:\/\/noti-america.com\/site\/peru\/#organization"},"image":{"@id":"https:\/\/noti-america.com\/site\/peru\/2023\/11\/12\/urge-sistema-de-informacion-en-linea-contra-la-delincuencia\/#primaryimage"},"thumbnailUrl":"https:\/\/noti-america.com\/site\/peru\/wp-content\/uploads\/sites\/8\/2023\/11\/WhatsApp-Image-2023-11-12-at-12.58.05-AM.jpeg","articleSection":["Actualidad","Am\u00e9rica del Sur","Internacionales","Latino Am\u00e9rica","Migraci\u00f3n"],"inLanguage":"es","potentialAction":[{"@type":"CommentAction","name":"Comment","target":["https:\/\/noti-america.com\/site\/peru\/2023\/11\/12\/urge-sistema-de-informacion-en-linea-contra-la-delincuencia\/#respond"]}]},{"@type":"WebPage","@id":"https:\/\/noti-america.com\/site\/peru\/2023\/11\/12\/urge-sistema-de-informacion-en-linea-contra-la-delincuencia\/","url":"https:\/\/noti-america.com\/site\/peru\/2023\/11\/12\/urge-sistema-de-informacion-en-linea-contra-la-delincuencia\/","name":"URGE SISTEMA DE INFORMACI\u00d3N EN L\u00cdNEA CONTRA LA DELINCUENCIA - Per\u00fa | Noti-America.com","isPartOf":{"@id":"https:\/\/noti-america.com\/site\/peru\/#website"},"primaryImageOfPage":{"@id":"https:\/\/noti-america.com\/site\/peru\/2023\/11\/12\/urge-sistema-de-informacion-en-linea-contra-la-delincuencia\/#primaryimage"},"image":{"@id":"https:\/\/noti-america.com\/site\/peru\/2023\/11\/12\/urge-sistema-de-informacion-en-linea-contra-la-delincuencia\/#primaryimage"},"thumbnailUrl":"https:\/\/noti-america.com\/site\/peru\/wp-content\/uploads\/sites\/8\/2023\/11\/WhatsApp-Image-2023-11-12-at-12.58.05-AM.jpeg","datePublished":"2023-11-12T07:22:42+00:00","dateModified":"2023-11-12T07:23:19+00:00","breadcrumb":{"@id":"https:\/\/noti-america.com\/site\/peru\/2023\/11\/12\/urge-sistema-de-informacion-en-linea-contra-la-delincuencia\/#breadcrumb"},"inLanguage":"es","potentialAction":[{"@type":"ReadAction","target":["https:\/\/noti-america.com\/site\/peru\/2023\/11\/12\/urge-sistema-de-informacion-en-linea-contra-la-delincuencia\/"]}]},{"@type":"ImageObject","inLanguage":"es","@id":"https:\/\/noti-america.com\/site\/peru\/2023\/11\/12\/urge-sistema-de-informacion-en-linea-contra-la-delincuencia\/#primaryimage","url":"https:\/\/noti-america.com\/site\/peru\/wp-content\/uploads\/sites\/8\/2023\/11\/WhatsApp-Image-2023-11-12-at-12.58.05-AM.jpeg","contentUrl":"https:\/\/noti-america.com\/site\/peru\/wp-content\/uploads\/sites\/8\/2023\/11\/WhatsApp-Image-2023-11-12-at-12.58.05-AM.jpeg","width":500,"height":333},{"@type":"BreadcrumbList","@id":"https:\/\/noti-america.com\/site\/peru\/2023\/11\/12\/urge-sistema-de-informacion-en-linea-contra-la-delincuencia\/#breadcrumb","itemListElement":[{"@type":"ListItem","position":1,"name":"Portada","item":"https:\/\/noti-america.com\/site\/peru\/"},{"@type":"ListItem","position":2,"name":"URGE SISTEMA DE INFORMACI\u00d3N EN L\u00cdNEA CONTRA LA DELINCUENCIA"}]},{"@type":"WebSite","@id":"https:\/\/noti-america.com\/site\/peru\/#website","url":"https:\/\/noti-america.com\/site\/peru\/","name":"Per\u00fa | Noti-America.com","description":"","publisher":{"@id":"https:\/\/noti-america.com\/site\/peru\/#organization"},"potentialAction":[{"@type":"SearchAction","target":{"@type":"EntryPoint","urlTemplate":"https:\/\/noti-america.com\/site\/peru\/?s={search_term_string}"},"query-input":{"@type":"PropertyValueSpecification","valueRequired":true,"valueName":"search_term_string"}}],"inLanguage":"es"},{"@type":"Organization","@id":"https:\/\/noti-america.com\/site\/peru\/#organization","name":"Noti-America LLC | Per\u00fa","url":"https:\/\/noti-america.com\/site\/peru\/","logo":{"@type":"ImageObject","inLanguage":"es","@id":"https:\/\/noti-america.com\/site\/peru\/#\/schema\/logo\/image\/","url":"https:\/\/noti-america.com\/site\/peru\/wp-content\/uploads\/sites\/8\/2020\/07\/LogoNA-4x3-1.jpg","contentUrl":"https:\/\/noti-america.com\/site\/peru\/wp-content\/uploads\/sites\/8\/2020\/07\/LogoNA-4x3-1.jpg","width":1236,"height":1080,"caption":"Noti-America LLC | Per\u00fa"},"image":{"@id":"https:\/\/noti-america.com\/site\/peru\/#\/schema\/logo\/image\/"}},{"@type":"Person","@id":"https:\/\/noti-america.com\/site\/peru\/#\/schema\/person\/28a35f20383bf2485bc838bfe76aebdc","name":"Geomar Pacheco R.","image":{"@type":"ImageObject","inLanguage":"es","@id":"https:\/\/secure.gravatar.com\/avatar\/5f09cb527f9632e92234c6fc6e2cbcefebeed6bdeb0f9129ea4cbc7aa71587c6?s=96&d=mm&r=g","url":"https:\/\/secure.gravatar.com\/avatar\/5f09cb527f9632e92234c6fc6e2cbcefebeed6bdeb0f9129ea4cbc7aa71587c6?s=96&d=mm&r=g","contentUrl":"https:\/\/secure.gravatar.com\/avatar\/5f09cb527f9632e92234c6fc6e2cbcefebeed6bdeb0f9129ea4cbc7aa71587c6?s=96&d=mm&r=g","caption":"Geomar Pacheco R."},"sameAs":["https:\/\/x.com\/GeomarPacheco1"],"url":"https:\/\/noti-america.com\/site\/peru\/author\/gpacheco\/"}]}},"_links":{"self":[{"href":"https:\/\/noti-america.com\/site\/peru\/wp-json\/wp\/v2\/posts\/6905","targetHints":{"allow":["GET"]}}],"collection":[{"href":"https:\/\/noti-america.com\/site\/peru\/wp-json\/wp\/v2\/posts"}],"about":[{"href":"https:\/\/noti-america.com\/site\/peru\/wp-json\/wp\/v2\/types\/post"}],"author":[{"embeddable":true,"href":"https:\/\/noti-america.com\/site\/peru\/wp-json\/wp\/v2\/users\/70"}],"replies":[{"embeddable":true,"href":"https:\/\/noti-america.com\/site\/peru\/wp-json\/wp\/v2\/comments?post=6905"}],"version-history":[{"count":2,"href":"https:\/\/noti-america.com\/site\/peru\/wp-json\/wp\/v2\/posts\/6905\/revisions"}],"predecessor-version":[{"id":6909,"href":"https:\/\/noti-america.com\/site\/peru\/wp-json\/wp\/v2\/posts\/6905\/revisions\/6909"}],"wp:featuredmedia":[{"embeddable":true,"href":"https:\/\/noti-america.com\/site\/peru\/wp-json\/wp\/v2\/media\/6906"}],"wp:attachment":[{"href":"https:\/\/noti-america.com\/site\/peru\/wp-json\/wp\/v2\/media?parent=6905"}],"wp:term":[{"taxonomy":"category","embeddable":true,"href":"https:\/\/noti-america.com\/site\/peru\/wp-json\/wp\/v2\/categories?post=6905"},{"taxonomy":"post_tag","embeddable":true,"href":"https:\/\/noti-america.com\/site\/peru\/wp-json\/wp\/v2\/tags?post=6905"}],"curies":[{"name":"wp","href":"https:\/\/api.w.org\/{rel}","templated":true}]}}