{"id":6821,"date":"2023-10-31T06:11:42","date_gmt":"2023-10-31T06:11:42","guid":{"rendered":"https:\/\/noti-america.com\/site\/peru\/?p=6821"},"modified":"2023-10-31T06:11:42","modified_gmt":"2023-10-31T06:11:42","slug":"septima-de-oro-para-peru-con-luz-rojas","status":"publish","type":"post","link":"https:\/\/noti-america.com\/site\/peru\/2023\/10\/31\/septima-de-oro-para-peru-con-luz-rojas\/","title":{"rendered":"S\u00c9PTIMA DE ORO PARA PER\u00da CON LUZ ROJAS"},"content":{"rendered":"<p style=\"text-align: justify\"><strong><span style=\"font-family: Tahoma, Arial, Helvetica, sans-serif;font-size: 14pt\">NOTI-AM\u00c9RICA PER\u00da\u00a0<\/span><\/strong><\/p>\n<p style=\"text-align: justify\">\n<p style=\"text-align: right\"><strong><span style=\"font-family: Tahoma, Arial, Helvetica, sans-serif;font-size: 14pt\">Por Samuel Castillo Mendoza<\/span><\/strong><\/p>\n<p style=\"text-align: justify\">\n<p style=\"text-align: justify\"><span style=\"font-weight: 400;font-family: Tahoma, Arial, Helvetica, sans-serif;font-size: 14pt\">La representaci\u00f3n peruana logr\u00f3 su s\u00e9ptima medalla de oro en los Juegos Panamericanos de Santiago con el triunfo de Luz Mery Rojas en la prueba de 10 mil metros planos femenino.<\/span><\/p>\n<p style=\"text-align: justify\">\n<p style=\"text-align: justify\"><span style=\"font-weight: 400;font-family: Tahoma, Arial, Helvetica, sans-serif;font-size: 14pt\">El tiempo de la fondista nacional fue de 33:12:99. La medalla de plata correspondi\u00f3 a la mexicana Laura Galv\u00e1n, con 33:15:85 y la de bronce al estadounidense Ednah Kurgat, 33:16:61.<\/span><\/p>\n<p style=\"text-align: justify\">\n<p style=\"text-align: justify\"><span style=\"font-weight: 400;font-family: Tahoma, Arial, Helvetica, sans-serif;font-size: 14pt\">M\u00e1s temprano la delegaci\u00f3n incaica obtuvo tres preseas doradas con los surfistas Lucca Mesina, Mar\u00eda Fernanda Reyes y Piccolo Clemente.<\/span><\/p>\n<div id=\"attachment_6822\" style=\"width: 536px\" class=\"wp-caption aligncenter\"><a href=\"https:\/\/noti-america.com\/site\/peru\/wp-content\/uploads\/sites\/8\/2023\/10\/WhatsApp-Image-2023-10-30-at-11.26.08-PM.jpeg\"><img loading=\"lazy\" decoding=\"async\" aria-describedby=\"caption-attachment-6822\" class=\"wp-image-6822 size-full\" src=\"https:\/\/noti-america.com\/site\/peru\/wp-content\/uploads\/sites\/8\/2023\/10\/WhatsApp-Image-2023-10-30-at-11.26.08-PM.jpeg\" alt=\"\" width=\"526\" height=\"505\" srcset=\"https:\/\/noti-america.com\/site\/peru\/wp-content\/uploads\/sites\/8\/2023\/10\/WhatsApp-Image-2023-10-30-at-11.26.08-PM.jpeg 526w, https:\/\/noti-america.com\/site\/peru\/wp-content\/uploads\/sites\/8\/2023\/10\/WhatsApp-Image-2023-10-30-at-11.26.08-PM-300x288.jpeg 300w\" sizes=\"auto, (max-width: 526px) 100vw, 526px\" \/><\/a><p id=\"caption-attachment-6822\" class=\"wp-caption-text\">Foto: Atleta peruana Luz Mery Rojas Santiago 2023\/ Prensa<\/p><\/div>\n<p>&nbsp;<\/p>\n<p style=\"text-align: justify\"><span style=\"font-weight: 400;font-family: Tahoma, Arial, Helvetica, sans-serif;font-size: 14pt\">Fueron cuatro medallas de oro en la notable jornada peruana. A los que se suman las tres anteriores. Coincidentemente siete de oro y el s\u00e9ptimo lugar en el casillero general, desplazando de ese puesto a los chilenos.<\/span><\/p>\n","protected":false},"excerpt":{"rendered":"<p>NOTI-AM\u00c9RICA PER\u00da\u00a0 Por Samuel Castillo Mendoza La representaci\u00f3n peruana logr\u00f3 su s\u00e9ptima medalla de oro en los Juegos Panamericanos de Santiago con el triunfo de Luz Mery Rojas en la prueba de 10 mil&#46;&#46;&#46;<\/p>\n","protected":false},"author":70,"featured_media":6822,"comment_status":"open","ping_status":"open","sticky":false,"template":"","format":"standard","meta":{"_acf_changed":false,"rop_custom_images_group":[],"rop_custom_messages_group":[],"rop_publish_now":"initial","rop_publish_now_accounts":{"twitter_242054905_242054905":""},"rop_publish_now_history":[],"rop_publish_now_status":"pending","footnotes":""},"categories":[10,16,223],"tags":[],"class_list":["post-6821","post","type-post","status-publish","format-standard","has-post-thumbnail","hentry","category-actualidad","category-deportes","category-juegos-panamericanos-santiago-2023"],"acf":[],"yoast_head":"<!-- This site is optimized with the Yoast SEO Premium plugin v24.9 (Yoast SEO v27.2) - https:\/\/yoast.com\/product\/yoast-seo-premium-wordpress\/ -->\n<title>S\u00c9PTIMA DE ORO PARA PER\u00da CON LUZ ROJAS - Per\u00fa | Noti-America.com<\/title>\n<meta name=\"robots\" content=\"index, follow, max-snippet:-1, max-image-preview:large, max-video-preview:-1\" \/>\n<link rel=\"canonical\" href=\"https:\/\/noti-america.com\/site\/peru\/2023\/10\/31\/septima-de-oro-para-peru-con-luz-rojas\/\" \/>\n<meta property=\"og:locale\" content=\"es_ES\" \/>\n<meta property=\"og:type\" content=\"article\" \/>\n<meta property=\"og:title\" content=\"S\u00c9PTIMA DE ORO PARA PER\u00da CON LUZ ROJAS\" \/>\n<meta property=\"og:description\" content=\"NOTI-AM\u00c9RICA PER\u00da\u00a0 Por Samuel Castillo Mendoza La representaci\u00f3n peruana logr\u00f3 su s\u00e9ptima medalla de oro en los Juegos Panamericanos de Santiago con el triunfo de Luz Mery Rojas en la prueba de 10 mil&#046;&#046;&#046;\" \/>\n<meta property=\"og:url\" content=\"https:\/\/noti-america.com\/site\/peru\/2023\/10\/31\/septima-de-oro-para-peru-con-luz-rojas\/\" \/>\n<meta property=\"og:site_name\" content=\"Per\u00fa | Noti-America.com\" \/>\n<meta property=\"article:published_time\" content=\"2023-10-31T06:11:42+00:00\" \/>\n<meta property=\"og:image\" content=\"https:\/\/noti-america.com\/site\/peru\/wp-content\/uploads\/sites\/8\/2023\/10\/WhatsApp-Image-2023-10-30-at-11.26.08-PM.jpeg\" \/>\n\t<meta property=\"og:image:width\" content=\"526\" \/>\n\t<meta property=\"og:image:height\" content=\"505\" \/>\n\t<meta property=\"og:image:type\" content=\"image\/jpeg\" \/>\n<meta name=\"author\" content=\"Geomar Pacheco R.\" \/>\n<meta name=\"twitter:card\" content=\"summary_large_image\" \/>\n<meta name=\"twitter:creator\" content=\"@GeomarPacheco1\" \/>\n<meta name=\"twitter:label1\" content=\"Escrito por\" \/>\n\t<meta name=\"twitter:data1\" content=\"Geomar Pacheco R.\" \/>\n\t<meta name=\"twitter:label2\" content=\"Tiempo estimado de lectura\" \/>\n\t<meta name=\"twitter:data2\" content=\"1 minuto\" \/>\n<script type=\"application\/ld+json\" class=\"yoast-schema-graph\">{\"@context\":\"https:\/\/schema.org\",\"@graph\":[{\"@type\":\"Article\",\"@id\":\"https:\/\/noti-america.com\/site\/peru\/2023\/10\/31\/septima-de-oro-para-peru-con-luz-rojas\/#article\",\"isPartOf\":{\"@id\":\"https:\/\/noti-america.com\/site\/peru\/2023\/10\/31\/septima-de-oro-para-peru-con-luz-rojas\/\"},\"author\":{\"name\":\"Geomar Pacheco R.\",\"@id\":\"https:\/\/noti-america.com\/site\/peru\/#\/schema\/person\/28a35f20383bf2485bc838bfe76aebdc\"},\"headline\":\"S\u00c9PTIMA DE ORO PARA PER\u00da CON LUZ ROJAS\",\"datePublished\":\"2023-10-31T06:11:42+00:00\",\"mainEntityOfPage\":{\"@id\":\"https:\/\/noti-america.com\/site\/peru\/2023\/10\/31\/septima-de-oro-para-peru-con-luz-rojas\/\"},\"wordCount\":153,\"commentCount\":0,\"publisher\":{\"@id\":\"https:\/\/noti-america.com\/site\/peru\/#organization\"},\"image\":{\"@id\":\"https:\/\/noti-america.com\/site\/peru\/2023\/10\/31\/septima-de-oro-para-peru-con-luz-rojas\/#primaryimage\"},\"thumbnailUrl\":\"https:\/\/noti-america.com\/site\/peru\/wp-content\/uploads\/sites\/8\/2023\/10\/WhatsApp-Image-2023-10-30-at-11.26.08-PM.jpeg\",\"articleSection\":[\"Actualidad\",\"Deportes\",\"Juegos Panamericanos Santiago 2023\"],\"inLanguage\":\"es\",\"potentialAction\":[{\"@type\":\"CommentAction\",\"name\":\"Comment\",\"target\":[\"https:\/\/noti-america.com\/site\/peru\/2023\/10\/31\/septima-de-oro-para-peru-con-luz-rojas\/#respond\"]}]},{\"@type\":\"WebPage\",\"@id\":\"https:\/\/noti-america.com\/site\/peru\/2023\/10\/31\/septima-de-oro-para-peru-con-luz-rojas\/\",\"url\":\"https:\/\/noti-america.com\/site\/peru\/2023\/10\/31\/septima-de-oro-para-peru-con-luz-rojas\/\",\"name\":\"S\u00c9PTIMA DE ORO PARA PER\u00da CON LUZ ROJAS - Per\u00fa | Noti-America.com\",\"isPartOf\":{\"@id\":\"https:\/\/noti-america.com\/site\/peru\/#website\"},\"primaryImageOfPage\":{\"@id\":\"https:\/\/noti-america.com\/site\/peru\/2023\/10\/31\/septima-de-oro-para-peru-con-luz-rojas\/#primaryimage\"},\"image\":{\"@id\":\"https:\/\/noti-america.com\/site\/peru\/2023\/10\/31\/septima-de-oro-para-peru-con-luz-rojas\/#primaryimage\"},\"thumbnailUrl\":\"https:\/\/noti-america.com\/site\/peru\/wp-content\/uploads\/sites\/8\/2023\/10\/WhatsApp-Image-2023-10-30-at-11.26.08-PM.jpeg\",\"datePublished\":\"2023-10-31T06:11:42+00:00\",\"breadcrumb\":{\"@id\":\"https:\/\/noti-america.com\/site\/peru\/2023\/10\/31\/septima-de-oro-para-peru-con-luz-rojas\/#breadcrumb\"},\"inLanguage\":\"es\",\"potentialAction\":[{\"@type\":\"ReadAction\",\"target\":[\"https:\/\/noti-america.com\/site\/peru\/2023\/10\/31\/septima-de-oro-para-peru-con-luz-rojas\/\"]}]},{\"@type\":\"ImageObject\",\"inLanguage\":\"es\",\"@id\":\"https:\/\/noti-america.com\/site\/peru\/2023\/10\/31\/septima-de-oro-para-peru-con-luz-rojas\/#primaryimage\",\"url\":\"https:\/\/noti-america.com\/site\/peru\/wp-content\/uploads\/sites\/8\/2023\/10\/WhatsApp-Image-2023-10-30-at-11.26.08-PM.jpeg\",\"contentUrl\":\"https:\/\/noti-america.com\/site\/peru\/wp-content\/uploads\/sites\/8\/2023\/10\/WhatsApp-Image-2023-10-30-at-11.26.08-PM.jpeg\",\"width\":526,\"height\":505},{\"@type\":\"BreadcrumbList\",\"@id\":\"https:\/\/noti-america.com\/site\/peru\/2023\/10\/31\/septima-de-oro-para-peru-con-luz-rojas\/#breadcrumb\",\"itemListElement\":[{\"@type\":\"ListItem\",\"position\":1,\"name\":\"Portada\",\"item\":\"https:\/\/noti-america.com\/site\/peru\/\"},{\"@type\":\"ListItem\",\"position\":2,\"name\":\"S\u00c9PTIMA DE ORO PARA PER\u00da CON LUZ ROJAS\"}]},{\"@type\":\"WebSite\",\"@id\":\"https:\/\/noti-america.com\/site\/peru\/#website\",\"url\":\"https:\/\/noti-america.com\/site\/peru\/\",\"name\":\"Per\u00fa | Noti-America.com\",\"description\":\"\",\"publisher\":{\"@id\":\"https:\/\/noti-america.com\/site\/peru\/#organization\"},\"potentialAction\":[{\"@type\":\"SearchAction\",\"target\":{\"@type\":\"EntryPoint\",\"urlTemplate\":\"https:\/\/noti-america.com\/site\/peru\/?s={search_term_string}\"},\"query-input\":{\"@type\":\"PropertyValueSpecification\",\"valueRequired\":true,\"valueName\":\"search_term_string\"}}],\"inLanguage\":\"es\"},{\"@type\":\"Organization\",\"@id\":\"https:\/\/noti-america.com\/site\/peru\/#organization\",\"name\":\"Noti-America LLC | Per\u00fa\",\"url\":\"https:\/\/noti-america.com\/site\/peru\/\",\"logo\":{\"@type\":\"ImageObject\",\"inLanguage\":\"es\",\"@id\":\"https:\/\/noti-america.com\/site\/peru\/#\/schema\/logo\/image\/\",\"url\":\"https:\/\/noti-america.com\/site\/peru\/wp-content\/uploads\/sites\/8\/2020\/07\/LogoNA-4x3-1.jpg\",\"contentUrl\":\"https:\/\/noti-america.com\/site\/peru\/wp-content\/uploads\/sites\/8\/2020\/07\/LogoNA-4x3-1.jpg\",\"width\":1236,\"height\":1080,\"caption\":\"Noti-America LLC | Per\u00fa\"},\"image\":{\"@id\":\"https:\/\/noti-america.com\/site\/peru\/#\/schema\/logo\/image\/\"}},{\"@type\":\"Person\",\"@id\":\"https:\/\/noti-america.com\/site\/peru\/#\/schema\/person\/28a35f20383bf2485bc838bfe76aebdc\",\"name\":\"Geomar Pacheco R.\",\"image\":{\"@type\":\"ImageObject\",\"inLanguage\":\"es\",\"@id\":\"https:\/\/secure.gravatar.com\/avatar\/5f09cb527f9632e92234c6fc6e2cbcefebeed6bdeb0f9129ea4cbc7aa71587c6?s=96&d=mm&r=g\",\"url\":\"https:\/\/secure.gravatar.com\/avatar\/5f09cb527f9632e92234c6fc6e2cbcefebeed6bdeb0f9129ea4cbc7aa71587c6?s=96&d=mm&r=g\",\"contentUrl\":\"https:\/\/secure.gravatar.com\/avatar\/5f09cb527f9632e92234c6fc6e2cbcefebeed6bdeb0f9129ea4cbc7aa71587c6?s=96&d=mm&r=g\",\"caption\":\"Geomar Pacheco R.\"},\"sameAs\":[\"https:\/\/x.com\/GeomarPacheco1\"],\"url\":\"https:\/\/noti-america.com\/site\/peru\/author\/gpacheco\/\"}]}<\/script>\n<!-- \/ Yoast SEO Premium plugin. -->","yoast_head_json":{"title":"S\u00c9PTIMA DE ORO PARA PER\u00da CON LUZ ROJAS - Per\u00fa | Noti-America.com","robots":{"index":"index","follow":"follow","max-snippet":"max-snippet:-1","max-image-preview":"max-image-preview:large","max-video-preview":"max-video-preview:-1"},"canonical":"https:\/\/noti-america.com\/site\/peru\/2023\/10\/31\/septima-de-oro-para-peru-con-luz-rojas\/","og_locale":"es_ES","og_type":"article","og_title":"S\u00c9PTIMA DE ORO PARA PER\u00da CON LUZ ROJAS","og_description":"NOTI-AM\u00c9RICA PER\u00da\u00a0 Por Samuel Castillo Mendoza La representaci\u00f3n peruana logr\u00f3 su s\u00e9ptima medalla de oro en los Juegos Panamericanos de Santiago con el triunfo de Luz Mery Rojas en la prueba de 10 mil&#46;&#46;&#46;","og_url":"https:\/\/noti-america.com\/site\/peru\/2023\/10\/31\/septima-de-oro-para-peru-con-luz-rojas\/","og_site_name":"Per\u00fa | Noti-America.com","article_published_time":"2023-10-31T06:11:42+00:00","og_image":[{"width":526,"height":505,"url":"https:\/\/noti-america.com\/site\/peru\/wp-content\/uploads\/sites\/8\/2023\/10\/WhatsApp-Image-2023-10-30-at-11.26.08-PM.jpeg","type":"image\/jpeg"}],"author":"Geomar Pacheco R.","twitter_card":"summary_large_image","twitter_creator":"@GeomarPacheco1","twitter_misc":{"Escrito por":"Geomar Pacheco R.","Tiempo estimado de lectura":"1 minuto"},"schema":{"@context":"https:\/\/schema.org","@graph":[{"@type":"Article","@id":"https:\/\/noti-america.com\/site\/peru\/2023\/10\/31\/septima-de-oro-para-peru-con-luz-rojas\/#article","isPartOf":{"@id":"https:\/\/noti-america.com\/site\/peru\/2023\/10\/31\/septima-de-oro-para-peru-con-luz-rojas\/"},"author":{"name":"Geomar Pacheco R.","@id":"https:\/\/noti-america.com\/site\/peru\/#\/schema\/person\/28a35f20383bf2485bc838bfe76aebdc"},"headline":"S\u00c9PTIMA DE ORO PARA PER\u00da CON LUZ ROJAS","datePublished":"2023-10-31T06:11:42+00:00","mainEntityOfPage":{"@id":"https:\/\/noti-america.com\/site\/peru\/2023\/10\/31\/septima-de-oro-para-peru-con-luz-rojas\/"},"wordCount":153,"commentCount":0,"publisher":{"@id":"https:\/\/noti-america.com\/site\/peru\/#organization"},"image":{"@id":"https:\/\/noti-america.com\/site\/peru\/2023\/10\/31\/septima-de-oro-para-peru-con-luz-rojas\/#primaryimage"},"thumbnailUrl":"https:\/\/noti-america.com\/site\/peru\/wp-content\/uploads\/sites\/8\/2023\/10\/WhatsApp-Image-2023-10-30-at-11.26.08-PM.jpeg","articleSection":["Actualidad","Deportes","Juegos Panamericanos Santiago 2023"],"inLanguage":"es","potentialAction":[{"@type":"CommentAction","name":"Comment","target":["https:\/\/noti-america.com\/site\/peru\/2023\/10\/31\/septima-de-oro-para-peru-con-luz-rojas\/#respond"]}]},{"@type":"WebPage","@id":"https:\/\/noti-america.com\/site\/peru\/2023\/10\/31\/septima-de-oro-para-peru-con-luz-rojas\/","url":"https:\/\/noti-america.com\/site\/peru\/2023\/10\/31\/septima-de-oro-para-peru-con-luz-rojas\/","name":"S\u00c9PTIMA DE ORO PARA PER\u00da CON LUZ ROJAS - Per\u00fa | Noti-America.com","isPartOf":{"@id":"https:\/\/noti-america.com\/site\/peru\/#website"},"primaryImageOfPage":{"@id":"https:\/\/noti-america.com\/site\/peru\/2023\/10\/31\/septima-de-oro-para-peru-con-luz-rojas\/#primaryimage"},"image":{"@id":"https:\/\/noti-america.com\/site\/peru\/2023\/10\/31\/septima-de-oro-para-peru-con-luz-rojas\/#primaryimage"},"thumbnailUrl":"https:\/\/noti-america.com\/site\/peru\/wp-content\/uploads\/sites\/8\/2023\/10\/WhatsApp-Image-2023-10-30-at-11.26.08-PM.jpeg","datePublished":"2023-10-31T06:11:42+00:00","breadcrumb":{"@id":"https:\/\/noti-america.com\/site\/peru\/2023\/10\/31\/septima-de-oro-para-peru-con-luz-rojas\/#breadcrumb"},"inLanguage":"es","potentialAction":[{"@type":"ReadAction","target":["https:\/\/noti-america.com\/site\/peru\/2023\/10\/31\/septima-de-oro-para-peru-con-luz-rojas\/"]}]},{"@type":"ImageObject","inLanguage":"es","@id":"https:\/\/noti-america.com\/site\/peru\/2023\/10\/31\/septima-de-oro-para-peru-con-luz-rojas\/#primaryimage","url":"https:\/\/noti-america.com\/site\/peru\/wp-content\/uploads\/sites\/8\/2023\/10\/WhatsApp-Image-2023-10-30-at-11.26.08-PM.jpeg","contentUrl":"https:\/\/noti-america.com\/site\/peru\/wp-content\/uploads\/sites\/8\/2023\/10\/WhatsApp-Image-2023-10-30-at-11.26.08-PM.jpeg","width":526,"height":505},{"@type":"BreadcrumbList","@id":"https:\/\/noti-america.com\/site\/peru\/2023\/10\/31\/septima-de-oro-para-peru-con-luz-rojas\/#breadcrumb","itemListElement":[{"@type":"ListItem","position":1,"name":"Portada","item":"https:\/\/noti-america.com\/site\/peru\/"},{"@type":"ListItem","position":2,"name":"S\u00c9PTIMA DE ORO PARA PER\u00da CON LUZ ROJAS"}]},{"@type":"WebSite","@id":"https:\/\/noti-america.com\/site\/peru\/#website","url":"https:\/\/noti-america.com\/site\/peru\/","name":"Per\u00fa | Noti-America.com","description":"","publisher":{"@id":"https:\/\/noti-america.com\/site\/peru\/#organization"},"potentialAction":[{"@type":"SearchAction","target":{"@type":"EntryPoint","urlTemplate":"https:\/\/noti-america.com\/site\/peru\/?s={search_term_string}"},"query-input":{"@type":"PropertyValueSpecification","valueRequired":true,"valueName":"search_term_string"}}],"inLanguage":"es"},{"@type":"Organization","@id":"https:\/\/noti-america.com\/site\/peru\/#organization","name":"Noti-America LLC | Per\u00fa","url":"https:\/\/noti-america.com\/site\/peru\/","logo":{"@type":"ImageObject","inLanguage":"es","@id":"https:\/\/noti-america.com\/site\/peru\/#\/schema\/logo\/image\/","url":"https:\/\/noti-america.com\/site\/peru\/wp-content\/uploads\/sites\/8\/2020\/07\/LogoNA-4x3-1.jpg","contentUrl":"https:\/\/noti-america.com\/site\/peru\/wp-content\/uploads\/sites\/8\/2020\/07\/LogoNA-4x3-1.jpg","width":1236,"height":1080,"caption":"Noti-America LLC | Per\u00fa"},"image":{"@id":"https:\/\/noti-america.com\/site\/peru\/#\/schema\/logo\/image\/"}},{"@type":"Person","@id":"https:\/\/noti-america.com\/site\/peru\/#\/schema\/person\/28a35f20383bf2485bc838bfe76aebdc","name":"Geomar Pacheco R.","image":{"@type":"ImageObject","inLanguage":"es","@id":"https:\/\/secure.gravatar.com\/avatar\/5f09cb527f9632e92234c6fc6e2cbcefebeed6bdeb0f9129ea4cbc7aa71587c6?s=96&d=mm&r=g","url":"https:\/\/secure.gravatar.com\/avatar\/5f09cb527f9632e92234c6fc6e2cbcefebeed6bdeb0f9129ea4cbc7aa71587c6?s=96&d=mm&r=g","contentUrl":"https:\/\/secure.gravatar.com\/avatar\/5f09cb527f9632e92234c6fc6e2cbcefebeed6bdeb0f9129ea4cbc7aa71587c6?s=96&d=mm&r=g","caption":"Geomar Pacheco R."},"sameAs":["https:\/\/x.com\/GeomarPacheco1"],"url":"https:\/\/noti-america.com\/site\/peru\/author\/gpacheco\/"}]}},"_links":{"self":[{"href":"https:\/\/noti-america.com\/site\/peru\/wp-json\/wp\/v2\/posts\/6821","targetHints":{"allow":["GET"]}}],"collection":[{"href":"https:\/\/noti-america.com\/site\/peru\/wp-json\/wp\/v2\/posts"}],"about":[{"href":"https:\/\/noti-america.com\/site\/peru\/wp-json\/wp\/v2\/types\/post"}],"author":[{"embeddable":true,"href":"https:\/\/noti-america.com\/site\/peru\/wp-json\/wp\/v2\/users\/70"}],"replies":[{"embeddable":true,"href":"https:\/\/noti-america.com\/site\/peru\/wp-json\/wp\/v2\/comments?post=6821"}],"version-history":[{"count":1,"href":"https:\/\/noti-america.com\/site\/peru\/wp-json\/wp\/v2\/posts\/6821\/revisions"}],"predecessor-version":[{"id":6823,"href":"https:\/\/noti-america.com\/site\/peru\/wp-json\/wp\/v2\/posts\/6821\/revisions\/6823"}],"wp:featuredmedia":[{"embeddable":true,"href":"https:\/\/noti-america.com\/site\/peru\/wp-json\/wp\/v2\/media\/6822"}],"wp:attachment":[{"href":"https:\/\/noti-america.com\/site\/peru\/wp-json\/wp\/v2\/media?parent=6821"}],"wp:term":[{"taxonomy":"category","embeddable":true,"href":"https:\/\/noti-america.com\/site\/peru\/wp-json\/wp\/v2\/categories?post=6821"},{"taxonomy":"post_tag","embeddable":true,"href":"https:\/\/noti-america.com\/site\/peru\/wp-json\/wp\/v2\/tags?post=6821"}],"curies":[{"name":"wp","href":"https:\/\/api.w.org\/{rel}","templated":true}]}}