{"id":6615,"date":"2023-08-16T16:08:43","date_gmt":"2023-08-16T16:08:43","guid":{"rendered":"https:\/\/noti-america.com\/site\/peru\/?p=6615"},"modified":"2023-08-16T16:08:43","modified_gmt":"2023-08-16T16:08:43","slug":"peruanos-en-riesgo-latente","status":"publish","type":"post","link":"https:\/\/noti-america.com\/site\/peru\/2023\/08\/16\/peruanos-en-riesgo-latente\/","title":{"rendered":"PERUANOS EN RIESGO LATENTE"},"content":{"rendered":"<p><strong><span style=\"font-family: Tahoma, Arial, Helvetica, sans-serif;font-size: 14pt\">NOTI-AM\u00c9RICA PER\u00da<\/span><\/strong><\/p>\n<p>&nbsp;<\/p>\n<p><strong><span style=\"font-family: Tahoma, Arial, Helvetica, sans-serif;font-size: 14pt\">\u00a0<\/span><\/strong><\/p>\n<blockquote><p><strong><span style=\"font-family: Tahoma, Arial, Helvetica, sans-serif;font-size: 14pt\">PREVENCI\u00d3N DEBE VENIR DESDE EL EJECUTIVO<\/span><\/strong><\/p><\/blockquote>\n<p>&nbsp;<\/p>\n<p style=\"text-align: justify\"><span style=\"font-weight: 400;font-family: Tahoma, Arial, Helvetica, sans-serif;font-size: 14pt\">Tras participar del segundo Simulacro Nacional Multipeligro 2023, la presidenta de la Rep\u00fablica, Dina Boluarte, se\u00f1al\u00f3 que \u00abtenemos que estar preparados para un sismo de gran magnitud\u00bb.<\/span><\/p>\n<p style=\"text-align: justify\"><span style=\"font-weight: 400;font-family: Tahoma, Arial, Helvetica, sans-serif;font-size: 14pt\">\u00abEstamos haciendo el simulacro de un sismo de 8.8 grados, y luego podr\u00eda venir un tsunami. Por ello venimos a La Punta para poder identificar los 18 puntos de evacuaci\u00f3n vertical\u00bb, manifest\u00f3.<\/span><\/p>\n<p style=\"text-align: justify\"><span style=\"font-weight: 400;font-family: Tahoma, Arial, Helvetica, sans-serif;font-size: 14pt\">\u00a0<\/span><span style=\"font-weight: 400;font-family: Tahoma, Arial, Helvetica, sans-serif;font-size: 14pt\">\u00abTengamos siempre listas nuestras mochilas de evacuaci\u00f3n, que deben contener elementos simples como alimentos no perecibles, linterna, radio a pilas, agua, un botiqu\u00edn, con lo cual se pueda atender a dos miembros de familia por mochila\u00bb, agreg\u00f3.<\/span><\/p>\n<div id=\"attachment_6617\" style=\"width: 1034px\" class=\"wp-caption aligncenter\"><a href=\"https:\/\/noti-america.com\/site\/peru\/wp-content\/uploads\/sites\/8\/2023\/08\/WhatsApp-Image-2023-08-15-at-10.35.17-PM.jpeg\"><img loading=\"lazy\" decoding=\"async\" aria-describedby=\"caption-attachment-6617\" class=\"size-large wp-image-6617\" src=\"https:\/\/noti-america.com\/site\/peru\/wp-content\/uploads\/sites\/8\/2023\/08\/WhatsApp-Image-2023-08-15-at-10.35.17-PM-1024x694.jpeg\" alt=\"\" width=\"1024\" height=\"694\" srcset=\"https:\/\/noti-america.com\/site\/peru\/wp-content\/uploads\/sites\/8\/2023\/08\/WhatsApp-Image-2023-08-15-at-10.35.17-PM-1024x694.jpeg 1024w, https:\/\/noti-america.com\/site\/peru\/wp-content\/uploads\/sites\/8\/2023\/08\/WhatsApp-Image-2023-08-15-at-10.35.17-PM-300x203.jpeg 300w, https:\/\/noti-america.com\/site\/peru\/wp-content\/uploads\/sites\/8\/2023\/08\/WhatsApp-Image-2023-08-15-at-10.35.17-PM-768x521.jpeg 768w, https:\/\/noti-america.com\/site\/peru\/wp-content\/uploads\/sites\/8\/2023\/08\/WhatsApp-Image-2023-08-15-at-10.35.17-PM-1536x1042.jpeg 1536w, https:\/\/noti-america.com\/site\/peru\/wp-content\/uploads\/sites\/8\/2023\/08\/WhatsApp-Image-2023-08-15-at-10.35.17-PM.jpeg 1600w\" sizes=\"auto, (max-width: 1024px) 100vw, 1024px\" \/><\/a><p id=\"caption-attachment-6617\" class=\"wp-caption-text\">Foto Presidencia \/Andina<\/p><\/div>\n<p style=\"text-align: justify\"><span style=\"font-weight: 400;font-family: Tahoma, Arial, Helvetica, sans-serif;font-size: 14pt\">La jefa de Estado enfatiz\u00f3 que con la pr\u00e1ctica se pueden evitar fallecimientos y heridos. \u00abSi vamos practicando y ubicando dentro de nuestras propias casas lugares seguros donde podemos ubicarnos en primera instancia, y luego de calmado el sismo salir a zonas de evacuaci\u00f3n en nuestras urbanizaciones, podr\u00edamos evitar menos fallecimientos y heridos\u00bb, dijo.<\/span><\/p>\n<p style=\"text-align: justify\"><span style=\"font-weight: 400;font-family: Tahoma, Arial, Helvetica, sans-serif;font-size: 14pt\">La presidenta Boluarte Zegarra particip\u00f3 del simulacro desde la Instituci\u00f3n Educativa Clara Cogorno de Cogorno, desde donde dirigi\u00f3 a los alumnos a la zona designada para la evacuaci\u00f3n vertical.<\/span><\/p>\n<p style=\"text-align: justify\"><span style=\"font-weight: 400;font-family: Tahoma, Arial, Helvetica, sans-serif;font-size: 14pt\">El punto focal del simulacro fue el distrito de La Punta (Callao), porque dicha jurisdicci\u00f3n est\u00e1 expuesta al peligro de un eventual tsunami, luego de un sismo de gran magnitud.<\/span><\/p>\n<p style=\"text-align: justify\">\n<p style=\"text-align: justify\"><span style=\"font-weight: 400;font-family: Tahoma, Arial, Helvetica, sans-serif;font-size: 14pt\">Durante el ejercicio se observaron algunas demostraciones de las capacidades de las instituciones de primera respuesta, como la Marina de Guerra del Per\u00fa, la Fuerza A\u00e9rea, la Polic\u00eda Nacional, el Ministerio de Salud, entre otros.<\/span><\/p>\n<p style=\"text-align: justify\"><span style=\"font-weight: 400;font-family: Tahoma, Arial, Helvetica, sans-serif;font-size: 14pt\">La jefa de Estado estuvo acompa\u00f1ada por los ministros de Defensa, Jorge Ch\u00e1vez; del Interior, Vicente Romero; de la Mujer y Poblaciones Vulnerables, Nancy Tolentino, y de Salud, C\u00e9sar V\u00e1squez, as\u00ed como por el gobernador regional del Callao, Ciro Castillo.<\/span><\/p>\n<p style=\"text-align: justify\"><span style=\"font-weight: 400;font-family: Tahoma, Arial, Helvetica, sans-serif;font-size: 14pt\">En todo el pa\u00eds se cumpli\u00f3 con este\u00a0 ejercicio motivador y generador de mesas de di\u00e1logo por su trascendencia. e importancia de inmediato. INDECI tiene la misi\u00f3n y no caben justificaciones.\u00a0<\/span><\/p>\n<p style=\"text-align: justify\">\n<p style=\"text-align: justify\"><a href=\"https:\/\/noti-america.com\/site\/peru\/wp-content\/uploads\/sites\/8\/2023\/08\/WhatsApp-Image-2023-08-15-at-10.36.21-PM.jpeg\"><img loading=\"lazy\" decoding=\"async\" class=\"aligncenter size-full wp-image-6616\" src=\"https:\/\/noti-america.com\/site\/peru\/wp-content\/uploads\/sites\/8\/2023\/08\/WhatsApp-Image-2023-08-15-at-10.36.21-PM.jpeg\" alt=\"\" width=\"940\" height=\"492\" srcset=\"https:\/\/noti-america.com\/site\/peru\/wp-content\/uploads\/sites\/8\/2023\/08\/WhatsApp-Image-2023-08-15-at-10.36.21-PM.jpeg 940w, https:\/\/noti-america.com\/site\/peru\/wp-content\/uploads\/sites\/8\/2023\/08\/WhatsApp-Image-2023-08-15-at-10.36.21-PM-300x157.jpeg 300w, https:\/\/noti-america.com\/site\/peru\/wp-content\/uploads\/sites\/8\/2023\/08\/WhatsApp-Image-2023-08-15-at-10.36.21-PM-768x402.jpeg 768w\" sizes=\"auto, (max-width: 940px) 100vw, 940px\" \/><\/a><\/p>\n<p style=\"text-align: justify\">Foto Municipalidad de Lima &#8211; En pleno ejercicio.<\/p>\n<p style=\"text-align: justify\"><span style=\"font-weight: 400;font-family: Tahoma, Arial, Helvetica, sans-serif;font-size: 14pt\">Prensa \/Presidencia<\/span><\/p>\n<p style=\"text-align: justify\">\n<p style=\"text-align: justify\">\n","protected":false},"excerpt":{"rendered":"<p>NOTI-AM\u00c9RICA PER\u00da &nbsp; \u00a0 PREVENCI\u00d3N DEBE VENIR DESDE EL EJECUTIVO &nbsp; Tras participar del segundo Simulacro Nacional Multipeligro 2023, la presidenta de la Rep\u00fablica, Dina Boluarte, se\u00f1al\u00f3 que \u00abtenemos que estar preparados para un&#46;&#46;&#46;<\/p>\n","protected":false},"author":70,"featured_media":6617,"comment_status":"open","ping_status":"open","sticky":false,"template":"","format":"standard","meta":{"_acf_changed":false,"rop_custom_images_group":[],"rop_custom_messages_group":[],"rop_publish_now":"initial","rop_publish_now_accounts":{"twitter_242054905_242054905":""},"rop_publish_now_history":[],"rop_publish_now_status":"pending","footnotes":""},"categories":[10,190,188],"tags":[],"class_list":["post-6615","post","type-post","status-publish","format-standard","has-post-thumbnail","hentry","category-actualidad","category-desastres-naturales","category-educacion"],"acf":[],"yoast_head":"<!-- This site is optimized with the Yoast SEO Premium plugin v24.9 (Yoast SEO v27.2) - https:\/\/yoast.com\/product\/yoast-seo-premium-wordpress\/ -->\n<title>PERUANOS EN RIESGO LATENTE - Per\u00fa | Noti-America.com<\/title>\n<meta name=\"robots\" content=\"index, follow, max-snippet:-1, max-image-preview:large, max-video-preview:-1\" \/>\n<link rel=\"canonical\" href=\"https:\/\/noti-america.com\/site\/peru\/2023\/08\/16\/peruanos-en-riesgo-latente\/\" \/>\n<meta property=\"og:locale\" content=\"es_ES\" \/>\n<meta property=\"og:type\" content=\"article\" \/>\n<meta property=\"og:title\" content=\"PERUANOS EN RIESGO LATENTE\" \/>\n<meta property=\"og:description\" content=\"NOTI-AM\u00c9RICA PER\u00da &nbsp; \u00a0 PREVENCI\u00d3N DEBE VENIR DESDE EL EJECUTIVO &nbsp; Tras participar del segundo Simulacro Nacional Multipeligro 2023, la presidenta de la Rep\u00fablica, Dina Boluarte, se\u00f1al\u00f3 que \u00abtenemos que estar preparados para un&#046;&#046;&#046;\" \/>\n<meta property=\"og:url\" content=\"https:\/\/noti-america.com\/site\/peru\/2023\/08\/16\/peruanos-en-riesgo-latente\/\" \/>\n<meta property=\"og:site_name\" content=\"Per\u00fa | Noti-America.com\" \/>\n<meta property=\"article:published_time\" content=\"2023-08-16T16:08:43+00:00\" \/>\n<meta property=\"og:image\" content=\"https:\/\/noti-america.com\/site\/peru\/wp-content\/uploads\/sites\/8\/2023\/08\/WhatsApp-Image-2023-08-15-at-10.35.17-PM.jpeg\" \/>\n\t<meta property=\"og:image:width\" content=\"1600\" \/>\n\t<meta property=\"og:image:height\" content=\"1085\" \/>\n\t<meta property=\"og:image:type\" content=\"image\/jpeg\" \/>\n<meta name=\"author\" content=\"Geomar Pacheco R.\" \/>\n<meta name=\"twitter:card\" content=\"summary_large_image\" \/>\n<meta name=\"twitter:creator\" content=\"@GeomarPacheco1\" \/>\n<meta name=\"twitter:label1\" content=\"Escrito por\" \/>\n\t<meta name=\"twitter:data1\" content=\"Geomar Pacheco R.\" \/>\n\t<meta name=\"twitter:label2\" content=\"Tiempo estimado de lectura\" \/>\n\t<meta name=\"twitter:data2\" content=\"2 minutos\" \/>\n<script type=\"application\/ld+json\" class=\"yoast-schema-graph\">{\"@context\":\"https:\/\/schema.org\",\"@graph\":[{\"@type\":\"Article\",\"@id\":\"https:\/\/noti-america.com\/site\/peru\/2023\/08\/16\/peruanos-en-riesgo-latente\/#article\",\"isPartOf\":{\"@id\":\"https:\/\/noti-america.com\/site\/peru\/2023\/08\/16\/peruanos-en-riesgo-latente\/\"},\"author\":{\"name\":\"Geomar Pacheco R.\",\"@id\":\"https:\/\/noti-america.com\/site\/peru\/#\/schema\/person\/28a35f20383bf2485bc838bfe76aebdc\"},\"headline\":\"PERUANOS EN RIESGO LATENTE\",\"datePublished\":\"2023-08-16T16:08:43+00:00\",\"mainEntityOfPage\":{\"@id\":\"https:\/\/noti-america.com\/site\/peru\/2023\/08\/16\/peruanos-en-riesgo-latente\/\"},\"wordCount\":369,\"commentCount\":0,\"publisher\":{\"@id\":\"https:\/\/noti-america.com\/site\/peru\/#organization\"},\"image\":{\"@id\":\"https:\/\/noti-america.com\/site\/peru\/2023\/08\/16\/peruanos-en-riesgo-latente\/#primaryimage\"},\"thumbnailUrl\":\"https:\/\/noti-america.com\/site\/peru\/wp-content\/uploads\/sites\/8\/2023\/08\/WhatsApp-Image-2023-08-15-at-10.35.17-PM.jpeg\",\"articleSection\":[\"Actualidad\",\"Desastres naturales\",\"Educaci\u00f3n\"],\"inLanguage\":\"es\",\"potentialAction\":[{\"@type\":\"CommentAction\",\"name\":\"Comment\",\"target\":[\"https:\/\/noti-america.com\/site\/peru\/2023\/08\/16\/peruanos-en-riesgo-latente\/#respond\"]}]},{\"@type\":\"WebPage\",\"@id\":\"https:\/\/noti-america.com\/site\/peru\/2023\/08\/16\/peruanos-en-riesgo-latente\/\",\"url\":\"https:\/\/noti-america.com\/site\/peru\/2023\/08\/16\/peruanos-en-riesgo-latente\/\",\"name\":\"PERUANOS EN RIESGO LATENTE - Per\u00fa | Noti-America.com\",\"isPartOf\":{\"@id\":\"https:\/\/noti-america.com\/site\/peru\/#website\"},\"primaryImageOfPage\":{\"@id\":\"https:\/\/noti-america.com\/site\/peru\/2023\/08\/16\/peruanos-en-riesgo-latente\/#primaryimage\"},\"image\":{\"@id\":\"https:\/\/noti-america.com\/site\/peru\/2023\/08\/16\/peruanos-en-riesgo-latente\/#primaryimage\"},\"thumbnailUrl\":\"https:\/\/noti-america.com\/site\/peru\/wp-content\/uploads\/sites\/8\/2023\/08\/WhatsApp-Image-2023-08-15-at-10.35.17-PM.jpeg\",\"datePublished\":\"2023-08-16T16:08:43+00:00\",\"breadcrumb\":{\"@id\":\"https:\/\/noti-america.com\/site\/peru\/2023\/08\/16\/peruanos-en-riesgo-latente\/#breadcrumb\"},\"inLanguage\":\"es\",\"potentialAction\":[{\"@type\":\"ReadAction\",\"target\":[\"https:\/\/noti-america.com\/site\/peru\/2023\/08\/16\/peruanos-en-riesgo-latente\/\"]}]},{\"@type\":\"ImageObject\",\"inLanguage\":\"es\",\"@id\":\"https:\/\/noti-america.com\/site\/peru\/2023\/08\/16\/peruanos-en-riesgo-latente\/#primaryimage\",\"url\":\"https:\/\/noti-america.com\/site\/peru\/wp-content\/uploads\/sites\/8\/2023\/08\/WhatsApp-Image-2023-08-15-at-10.35.17-PM.jpeg\",\"contentUrl\":\"https:\/\/noti-america.com\/site\/peru\/wp-content\/uploads\/sites\/8\/2023\/08\/WhatsApp-Image-2023-08-15-at-10.35.17-PM.jpeg\",\"width\":1600,\"height\":1085,\"caption\":\"Foto Presidencia \/Andina\"},{\"@type\":\"BreadcrumbList\",\"@id\":\"https:\/\/noti-america.com\/site\/peru\/2023\/08\/16\/peruanos-en-riesgo-latente\/#breadcrumb\",\"itemListElement\":[{\"@type\":\"ListItem\",\"position\":1,\"name\":\"Portada\",\"item\":\"https:\/\/noti-america.com\/site\/peru\/\"},{\"@type\":\"ListItem\",\"position\":2,\"name\":\"PERUANOS EN RIESGO LATENTE\"}]},{\"@type\":\"WebSite\",\"@id\":\"https:\/\/noti-america.com\/site\/peru\/#website\",\"url\":\"https:\/\/noti-america.com\/site\/peru\/\",\"name\":\"Per\u00fa | Noti-America.com\",\"description\":\"\",\"publisher\":{\"@id\":\"https:\/\/noti-america.com\/site\/peru\/#organization\"},\"potentialAction\":[{\"@type\":\"SearchAction\",\"target\":{\"@type\":\"EntryPoint\",\"urlTemplate\":\"https:\/\/noti-america.com\/site\/peru\/?s={search_term_string}\"},\"query-input\":{\"@type\":\"PropertyValueSpecification\",\"valueRequired\":true,\"valueName\":\"search_term_string\"}}],\"inLanguage\":\"es\"},{\"@type\":\"Organization\",\"@id\":\"https:\/\/noti-america.com\/site\/peru\/#organization\",\"name\":\"Noti-America LLC | Per\u00fa\",\"url\":\"https:\/\/noti-america.com\/site\/peru\/\",\"logo\":{\"@type\":\"ImageObject\",\"inLanguage\":\"es\",\"@id\":\"https:\/\/noti-america.com\/site\/peru\/#\/schema\/logo\/image\/\",\"url\":\"https:\/\/noti-america.com\/site\/peru\/wp-content\/uploads\/sites\/8\/2020\/07\/LogoNA-4x3-1.jpg\",\"contentUrl\":\"https:\/\/noti-america.com\/site\/peru\/wp-content\/uploads\/sites\/8\/2020\/07\/LogoNA-4x3-1.jpg\",\"width\":1236,\"height\":1080,\"caption\":\"Noti-America LLC | Per\u00fa\"},\"image\":{\"@id\":\"https:\/\/noti-america.com\/site\/peru\/#\/schema\/logo\/image\/\"}},{\"@type\":\"Person\",\"@id\":\"https:\/\/noti-america.com\/site\/peru\/#\/schema\/person\/28a35f20383bf2485bc838bfe76aebdc\",\"name\":\"Geomar Pacheco R.\",\"image\":{\"@type\":\"ImageObject\",\"inLanguage\":\"es\",\"@id\":\"https:\/\/secure.gravatar.com\/avatar\/5f09cb527f9632e92234c6fc6e2cbcefebeed6bdeb0f9129ea4cbc7aa71587c6?s=96&d=mm&r=g\",\"url\":\"https:\/\/secure.gravatar.com\/avatar\/5f09cb527f9632e92234c6fc6e2cbcefebeed6bdeb0f9129ea4cbc7aa71587c6?s=96&d=mm&r=g\",\"contentUrl\":\"https:\/\/secure.gravatar.com\/avatar\/5f09cb527f9632e92234c6fc6e2cbcefebeed6bdeb0f9129ea4cbc7aa71587c6?s=96&d=mm&r=g\",\"caption\":\"Geomar Pacheco R.\"},\"sameAs\":[\"https:\/\/x.com\/GeomarPacheco1\"],\"url\":\"https:\/\/noti-america.com\/site\/peru\/author\/gpacheco\/\"}]}<\/script>\n<!-- \/ Yoast SEO Premium plugin. -->","yoast_head_json":{"title":"PERUANOS EN RIESGO LATENTE - Per\u00fa | Noti-America.com","robots":{"index":"index","follow":"follow","max-snippet":"max-snippet:-1","max-image-preview":"max-image-preview:large","max-video-preview":"max-video-preview:-1"},"canonical":"https:\/\/noti-america.com\/site\/peru\/2023\/08\/16\/peruanos-en-riesgo-latente\/","og_locale":"es_ES","og_type":"article","og_title":"PERUANOS EN RIESGO LATENTE","og_description":"NOTI-AM\u00c9RICA PER\u00da &nbsp; \u00a0 PREVENCI\u00d3N DEBE VENIR DESDE EL EJECUTIVO &nbsp; Tras participar del segundo Simulacro Nacional Multipeligro 2023, la presidenta de la Rep\u00fablica, Dina Boluarte, se\u00f1al\u00f3 que \u00abtenemos que estar preparados para un&#46;&#46;&#46;","og_url":"https:\/\/noti-america.com\/site\/peru\/2023\/08\/16\/peruanos-en-riesgo-latente\/","og_site_name":"Per\u00fa | Noti-America.com","article_published_time":"2023-08-16T16:08:43+00:00","og_image":[{"width":1600,"height":1085,"url":"https:\/\/noti-america.com\/site\/peru\/wp-content\/uploads\/sites\/8\/2023\/08\/WhatsApp-Image-2023-08-15-at-10.35.17-PM.jpeg","type":"image\/jpeg"}],"author":"Geomar Pacheco R.","twitter_card":"summary_large_image","twitter_creator":"@GeomarPacheco1","twitter_misc":{"Escrito por":"Geomar Pacheco R.","Tiempo estimado de lectura":"2 minutos"},"schema":{"@context":"https:\/\/schema.org","@graph":[{"@type":"Article","@id":"https:\/\/noti-america.com\/site\/peru\/2023\/08\/16\/peruanos-en-riesgo-latente\/#article","isPartOf":{"@id":"https:\/\/noti-america.com\/site\/peru\/2023\/08\/16\/peruanos-en-riesgo-latente\/"},"author":{"name":"Geomar Pacheco R.","@id":"https:\/\/noti-america.com\/site\/peru\/#\/schema\/person\/28a35f20383bf2485bc838bfe76aebdc"},"headline":"PERUANOS EN RIESGO LATENTE","datePublished":"2023-08-16T16:08:43+00:00","mainEntityOfPage":{"@id":"https:\/\/noti-america.com\/site\/peru\/2023\/08\/16\/peruanos-en-riesgo-latente\/"},"wordCount":369,"commentCount":0,"publisher":{"@id":"https:\/\/noti-america.com\/site\/peru\/#organization"},"image":{"@id":"https:\/\/noti-america.com\/site\/peru\/2023\/08\/16\/peruanos-en-riesgo-latente\/#primaryimage"},"thumbnailUrl":"https:\/\/noti-america.com\/site\/peru\/wp-content\/uploads\/sites\/8\/2023\/08\/WhatsApp-Image-2023-08-15-at-10.35.17-PM.jpeg","articleSection":["Actualidad","Desastres naturales","Educaci\u00f3n"],"inLanguage":"es","potentialAction":[{"@type":"CommentAction","name":"Comment","target":["https:\/\/noti-america.com\/site\/peru\/2023\/08\/16\/peruanos-en-riesgo-latente\/#respond"]}]},{"@type":"WebPage","@id":"https:\/\/noti-america.com\/site\/peru\/2023\/08\/16\/peruanos-en-riesgo-latente\/","url":"https:\/\/noti-america.com\/site\/peru\/2023\/08\/16\/peruanos-en-riesgo-latente\/","name":"PERUANOS EN RIESGO LATENTE - Per\u00fa | Noti-America.com","isPartOf":{"@id":"https:\/\/noti-america.com\/site\/peru\/#website"},"primaryImageOfPage":{"@id":"https:\/\/noti-america.com\/site\/peru\/2023\/08\/16\/peruanos-en-riesgo-latente\/#primaryimage"},"image":{"@id":"https:\/\/noti-america.com\/site\/peru\/2023\/08\/16\/peruanos-en-riesgo-latente\/#primaryimage"},"thumbnailUrl":"https:\/\/noti-america.com\/site\/peru\/wp-content\/uploads\/sites\/8\/2023\/08\/WhatsApp-Image-2023-08-15-at-10.35.17-PM.jpeg","datePublished":"2023-08-16T16:08:43+00:00","breadcrumb":{"@id":"https:\/\/noti-america.com\/site\/peru\/2023\/08\/16\/peruanos-en-riesgo-latente\/#breadcrumb"},"inLanguage":"es","potentialAction":[{"@type":"ReadAction","target":["https:\/\/noti-america.com\/site\/peru\/2023\/08\/16\/peruanos-en-riesgo-latente\/"]}]},{"@type":"ImageObject","inLanguage":"es","@id":"https:\/\/noti-america.com\/site\/peru\/2023\/08\/16\/peruanos-en-riesgo-latente\/#primaryimage","url":"https:\/\/noti-america.com\/site\/peru\/wp-content\/uploads\/sites\/8\/2023\/08\/WhatsApp-Image-2023-08-15-at-10.35.17-PM.jpeg","contentUrl":"https:\/\/noti-america.com\/site\/peru\/wp-content\/uploads\/sites\/8\/2023\/08\/WhatsApp-Image-2023-08-15-at-10.35.17-PM.jpeg","width":1600,"height":1085,"caption":"Foto Presidencia \/Andina"},{"@type":"BreadcrumbList","@id":"https:\/\/noti-america.com\/site\/peru\/2023\/08\/16\/peruanos-en-riesgo-latente\/#breadcrumb","itemListElement":[{"@type":"ListItem","position":1,"name":"Portada","item":"https:\/\/noti-america.com\/site\/peru\/"},{"@type":"ListItem","position":2,"name":"PERUANOS EN RIESGO LATENTE"}]},{"@type":"WebSite","@id":"https:\/\/noti-america.com\/site\/peru\/#website","url":"https:\/\/noti-america.com\/site\/peru\/","name":"Per\u00fa | Noti-America.com","description":"","publisher":{"@id":"https:\/\/noti-america.com\/site\/peru\/#organization"},"potentialAction":[{"@type":"SearchAction","target":{"@type":"EntryPoint","urlTemplate":"https:\/\/noti-america.com\/site\/peru\/?s={search_term_string}"},"query-input":{"@type":"PropertyValueSpecification","valueRequired":true,"valueName":"search_term_string"}}],"inLanguage":"es"},{"@type":"Organization","@id":"https:\/\/noti-america.com\/site\/peru\/#organization","name":"Noti-America LLC | Per\u00fa","url":"https:\/\/noti-america.com\/site\/peru\/","logo":{"@type":"ImageObject","inLanguage":"es","@id":"https:\/\/noti-america.com\/site\/peru\/#\/schema\/logo\/image\/","url":"https:\/\/noti-america.com\/site\/peru\/wp-content\/uploads\/sites\/8\/2020\/07\/LogoNA-4x3-1.jpg","contentUrl":"https:\/\/noti-america.com\/site\/peru\/wp-content\/uploads\/sites\/8\/2020\/07\/LogoNA-4x3-1.jpg","width":1236,"height":1080,"caption":"Noti-America LLC | Per\u00fa"},"image":{"@id":"https:\/\/noti-america.com\/site\/peru\/#\/schema\/logo\/image\/"}},{"@type":"Person","@id":"https:\/\/noti-america.com\/site\/peru\/#\/schema\/person\/28a35f20383bf2485bc838bfe76aebdc","name":"Geomar Pacheco R.","image":{"@type":"ImageObject","inLanguage":"es","@id":"https:\/\/secure.gravatar.com\/avatar\/5f09cb527f9632e92234c6fc6e2cbcefebeed6bdeb0f9129ea4cbc7aa71587c6?s=96&d=mm&r=g","url":"https:\/\/secure.gravatar.com\/avatar\/5f09cb527f9632e92234c6fc6e2cbcefebeed6bdeb0f9129ea4cbc7aa71587c6?s=96&d=mm&r=g","contentUrl":"https:\/\/secure.gravatar.com\/avatar\/5f09cb527f9632e92234c6fc6e2cbcefebeed6bdeb0f9129ea4cbc7aa71587c6?s=96&d=mm&r=g","caption":"Geomar Pacheco R."},"sameAs":["https:\/\/x.com\/GeomarPacheco1"],"url":"https:\/\/noti-america.com\/site\/peru\/author\/gpacheco\/"}]}},"_links":{"self":[{"href":"https:\/\/noti-america.com\/site\/peru\/wp-json\/wp\/v2\/posts\/6615","targetHints":{"allow":["GET"]}}],"collection":[{"href":"https:\/\/noti-america.com\/site\/peru\/wp-json\/wp\/v2\/posts"}],"about":[{"href":"https:\/\/noti-america.com\/site\/peru\/wp-json\/wp\/v2\/types\/post"}],"author":[{"embeddable":true,"href":"https:\/\/noti-america.com\/site\/peru\/wp-json\/wp\/v2\/users\/70"}],"replies":[{"embeddable":true,"href":"https:\/\/noti-america.com\/site\/peru\/wp-json\/wp\/v2\/comments?post=6615"}],"version-history":[{"count":1,"href":"https:\/\/noti-america.com\/site\/peru\/wp-json\/wp\/v2\/posts\/6615\/revisions"}],"predecessor-version":[{"id":6618,"href":"https:\/\/noti-america.com\/site\/peru\/wp-json\/wp\/v2\/posts\/6615\/revisions\/6618"}],"wp:featuredmedia":[{"embeddable":true,"href":"https:\/\/noti-america.com\/site\/peru\/wp-json\/wp\/v2\/media\/6617"}],"wp:attachment":[{"href":"https:\/\/noti-america.com\/site\/peru\/wp-json\/wp\/v2\/media?parent=6615"}],"wp:term":[{"taxonomy":"category","embeddable":true,"href":"https:\/\/noti-america.com\/site\/peru\/wp-json\/wp\/v2\/categories?post=6615"},{"taxonomy":"post_tag","embeddable":true,"href":"https:\/\/noti-america.com\/site\/peru\/wp-json\/wp\/v2\/tags?post=6615"}],"curies":[{"name":"wp","href":"https:\/\/api.w.org\/{rel}","templated":true}]}}