{"id":6495,"date":"2023-06-17T04:32:02","date_gmt":"2023-06-17T04:32:02","guid":{"rendered":"https:\/\/noti-america.com\/site\/peru\/?p=6495"},"modified":"2023-06-17T04:32:02","modified_gmt":"2023-06-17T04:32:02","slug":"triunfo-con-esperanza-peru-1-0-a-corea-del-sur","status":"publish","type":"post","link":"https:\/\/noti-america.com\/site\/peru\/2023\/06\/17\/triunfo-con-esperanza-peru-1-0-a-corea-del-sur\/","title":{"rendered":"TRIUNFO CON ESPERANZA: PER\u00da 1-0 A COREA DEL SUR"},"content":{"rendered":"<p style=\"text-align: justify\"><strong><span style=\"font-family: Tahoma, Arial, Helvetica, sans-serif;font-size: 14pt\">NOTI-AM\u00c9RICA PER\u00da<\/span><\/strong><\/p>\n<p style=\"text-align: justify\">\n<p style=\"text-align: right\"><span style=\"font-weight: 400;font-family: Tahoma, Arial, Helvetica, sans-serif;font-size: 14pt\"><strong>Samuel Castillo Mendoza<\/strong>\u00a0<\/span><\/p>\n<p style=\"text-align: justify\">\n<p style=\"text-align: justify\"><span style=\"font-weight: 400;font-family: Tahoma, Arial, Helvetica, sans-serif;font-size: 14pt\">Una victoria aleccionadora consigui\u00f3 el representativo peruano al vencer 1-0 a Corea del Sur. Partido de preparaci\u00f3n, fecha FIFA, en la ciudad de Busan.<\/span><\/p>\n<p style=\"text-align: justify\"><span style=\"font-weight: 400;font-family: Tahoma, Arial, Helvetica, sans-serif;font-size: 14pt\">El gol de la victoria a los 10 minutos por gesti\u00f3n de Bryan Reyna al recibir al espacio libre de Paolo Guerrero y de izquierda inflar las redes de la porter\u00eda coreana.<\/span><\/p>\n<p style=\"text-align: justify\"><span style=\"font-weight: 400;font-family: Tahoma, Arial, Helvetica, sans-serif;font-size: 14pt\">Se amerita el triunfo por las cualidades del rival, que en el \u00faltimo mundial lleg\u00f3 hasta los Octavos de Final.\u00a0<\/span><\/p>\n<p><a href=\"https:\/\/noti-america.com\/site\/peru\/wp-content\/uploads\/sites\/8\/2023\/06\/WhatsApp-Image-2023-06-16-at-11.20.48-PM.jpeg\"><img loading=\"lazy\" decoding=\"async\" class=\"aligncenter size-full wp-image-6496\" src=\"https:\/\/noti-america.com\/site\/peru\/wp-content\/uploads\/sites\/8\/2023\/06\/WhatsApp-Image-2023-06-16-at-11.20.48-PM.jpeg\" alt=\"\" width=\"652\" height=\"358\" srcset=\"https:\/\/noti-america.com\/site\/peru\/wp-content\/uploads\/sites\/8\/2023\/06\/WhatsApp-Image-2023-06-16-at-11.20.48-PM.jpeg 652w, https:\/\/noti-america.com\/site\/peru\/wp-content\/uploads\/sites\/8\/2023\/06\/WhatsApp-Image-2023-06-16-at-11.20.48-PM-300x165.jpeg 300w\" sizes=\"auto, (max-width: 652px) 100vw, 652px\" \/><\/a><\/p>\n<p>&nbsp;<\/p>\n<p style=\"text-align: justify\"><span style=\"font-weight: 400;font-family: Tahoma, Arial, Helvetica, sans-serif;font-size: 14pt\">El funcionamiento del equipo bicolor fue m\u00e1s homog\u00e9neo en el primer tiempo, con una marcaci\u00f3n persistente por todos los sectores, sin dejar espacios al rival. Los cambios en la complementaria, desordenaron su accionar, pero cuidaron su ventaja.<\/span><\/p>\n<p style=\"text-align: justify\"><span style=\"font-weight: 400;font-family: Tahoma, Arial, Helvetica, sans-serif;font-size: 14pt\">Buen triunfo del plantel que dirige Juan Reynoso. No tiene un juego vistoso, pero que prioriza el resultado. Incluy\u00f3 a Paolo Guerrero en la titularidad qui\u00e9n a sus 39 a\u00f1os, tuvo buen desempe\u00f1o.\u00a0<\/span><\/p>\n<p style=\"text-align: justify\"><span style=\"font-weight: 400;font-family: Tahoma, Arial, Helvetica, sans-serif;font-size: 14pt\">El pr\u00f3ximo martes la escuadra nacional cumplir\u00e1 su siguiente preparaci\u00f3n frente a la fuerte escuadra de Jap\u00f3n.<\/span><\/p>\n<p style=\"text-align: justify\">\n","protected":false},"excerpt":{"rendered":"<p>NOTI-AM\u00c9RICA PER\u00da Samuel Castillo Mendoza\u00a0 Una victoria aleccionadora consigui\u00f3 el representativo peruano al vencer 1-0 a Corea del Sur. Partido de preparaci\u00f3n, fecha FIFA, en la ciudad de Busan. El gol de la victoria&#46;&#46;&#46;<\/p>\n","protected":false},"author":70,"featured_media":6496,"comment_status":"open","ping_status":"open","sticky":false,"template":"","format":"standard","meta":{"_acf_changed":false,"rop_custom_images_group":[],"rop_custom_messages_group":[],"rop_publish_now":"initial","rop_publish_now_accounts":{"twitter_242054905_242054905":""},"rop_publish_now_history":[],"rop_publish_now_status":"pending","footnotes":""},"categories":[10,16,192],"tags":[],"class_list":["post-6495","post","type-post","status-publish","format-standard","has-post-thumbnail","hentry","category-actualidad","category-deportes","category-deportes-futbol-internacional"],"acf":[],"yoast_head":"<!-- This site is optimized with the Yoast SEO Premium plugin v24.9 (Yoast SEO v27.2) - https:\/\/yoast.com\/product\/yoast-seo-premium-wordpress\/ -->\n<title>TRIUNFO CON ESPERANZA: PER\u00da 1-0 A COREA DEL SUR - Per\u00fa | Noti-America.com<\/title>\n<meta name=\"robots\" content=\"index, follow, max-snippet:-1, max-image-preview:large, max-video-preview:-1\" \/>\n<link rel=\"canonical\" href=\"https:\/\/noti-america.com\/site\/peru\/2023\/06\/17\/triunfo-con-esperanza-peru-1-0-a-corea-del-sur\/\" \/>\n<meta property=\"og:locale\" content=\"es_ES\" \/>\n<meta property=\"og:type\" content=\"article\" \/>\n<meta property=\"og:title\" content=\"TRIUNFO CON ESPERANZA: PER\u00da 1-0 A COREA DEL SUR\" \/>\n<meta property=\"og:description\" content=\"NOTI-AM\u00c9RICA PER\u00da Samuel Castillo Mendoza\u00a0 Una victoria aleccionadora consigui\u00f3 el representativo peruano al vencer 1-0 a Corea del Sur. Partido de preparaci\u00f3n, fecha FIFA, en la ciudad de Busan. El gol de la victoria&#046;&#046;&#046;\" \/>\n<meta property=\"og:url\" content=\"https:\/\/noti-america.com\/site\/peru\/2023\/06\/17\/triunfo-con-esperanza-peru-1-0-a-corea-del-sur\/\" \/>\n<meta property=\"og:site_name\" content=\"Per\u00fa | Noti-America.com\" \/>\n<meta property=\"article:published_time\" content=\"2023-06-17T04:32:02+00:00\" \/>\n<meta property=\"og:image\" content=\"https:\/\/noti-america.com\/site\/peru\/wp-content\/uploads\/sites\/8\/2023\/06\/WhatsApp-Image-2023-06-16-at-11.20.48-PM.jpeg\" \/>\n\t<meta property=\"og:image:width\" content=\"652\" \/>\n\t<meta property=\"og:image:height\" content=\"358\" \/>\n\t<meta property=\"og:image:type\" content=\"image\/jpeg\" \/>\n<meta name=\"author\" content=\"Geomar Pacheco R.\" \/>\n<meta name=\"twitter:card\" content=\"summary_large_image\" \/>\n<meta name=\"twitter:creator\" content=\"@GeomarPacheco1\" \/>\n<meta name=\"twitter:label1\" content=\"Escrito por\" \/>\n\t<meta name=\"twitter:data1\" content=\"Geomar Pacheco R.\" \/>\n\t<meta name=\"twitter:label2\" content=\"Tiempo estimado de lectura\" \/>\n\t<meta name=\"twitter:data2\" content=\"1 minuto\" \/>\n<script type=\"application\/ld+json\" class=\"yoast-schema-graph\">{\"@context\":\"https:\/\/schema.org\",\"@graph\":[{\"@type\":\"Article\",\"@id\":\"https:\/\/noti-america.com\/site\/peru\/2023\/06\/17\/triunfo-con-esperanza-peru-1-0-a-corea-del-sur\/#article\",\"isPartOf\":{\"@id\":\"https:\/\/noti-america.com\/site\/peru\/2023\/06\/17\/triunfo-con-esperanza-peru-1-0-a-corea-del-sur\/\"},\"author\":{\"name\":\"Geomar Pacheco R.\",\"@id\":\"https:\/\/noti-america.com\/site\/peru\/#\/schema\/person\/28a35f20383bf2485bc838bfe76aebdc\"},\"headline\":\"TRIUNFO CON ESPERANZA: PER\u00da 1-0 A COREA DEL SUR\",\"datePublished\":\"2023-06-17T04:32:02+00:00\",\"mainEntityOfPage\":{\"@id\":\"https:\/\/noti-america.com\/site\/peru\/2023\/06\/17\/triunfo-con-esperanza-peru-1-0-a-corea-del-sur\/\"},\"wordCount\":189,\"commentCount\":0,\"publisher\":{\"@id\":\"https:\/\/noti-america.com\/site\/peru\/#organization\"},\"image\":{\"@id\":\"https:\/\/noti-america.com\/site\/peru\/2023\/06\/17\/triunfo-con-esperanza-peru-1-0-a-corea-del-sur\/#primaryimage\"},\"thumbnailUrl\":\"https:\/\/noti-america.com\/site\/peru\/wp-content\/uploads\/sites\/8\/2023\/06\/WhatsApp-Image-2023-06-16-at-11.20.48-PM.jpeg\",\"articleSection\":[\"Actualidad\",\"Deportes\",\"F\u00fatbol Internacional\"],\"inLanguage\":\"es\",\"potentialAction\":[{\"@type\":\"CommentAction\",\"name\":\"Comment\",\"target\":[\"https:\/\/noti-america.com\/site\/peru\/2023\/06\/17\/triunfo-con-esperanza-peru-1-0-a-corea-del-sur\/#respond\"]}]},{\"@type\":\"WebPage\",\"@id\":\"https:\/\/noti-america.com\/site\/peru\/2023\/06\/17\/triunfo-con-esperanza-peru-1-0-a-corea-del-sur\/\",\"url\":\"https:\/\/noti-america.com\/site\/peru\/2023\/06\/17\/triunfo-con-esperanza-peru-1-0-a-corea-del-sur\/\",\"name\":\"TRIUNFO CON ESPERANZA: PER\u00da 1-0 A COREA DEL SUR - Per\u00fa | Noti-America.com\",\"isPartOf\":{\"@id\":\"https:\/\/noti-america.com\/site\/peru\/#website\"},\"primaryImageOfPage\":{\"@id\":\"https:\/\/noti-america.com\/site\/peru\/2023\/06\/17\/triunfo-con-esperanza-peru-1-0-a-corea-del-sur\/#primaryimage\"},\"image\":{\"@id\":\"https:\/\/noti-america.com\/site\/peru\/2023\/06\/17\/triunfo-con-esperanza-peru-1-0-a-corea-del-sur\/#primaryimage\"},\"thumbnailUrl\":\"https:\/\/noti-america.com\/site\/peru\/wp-content\/uploads\/sites\/8\/2023\/06\/WhatsApp-Image-2023-06-16-at-11.20.48-PM.jpeg\",\"datePublished\":\"2023-06-17T04:32:02+00:00\",\"breadcrumb\":{\"@id\":\"https:\/\/noti-america.com\/site\/peru\/2023\/06\/17\/triunfo-con-esperanza-peru-1-0-a-corea-del-sur\/#breadcrumb\"},\"inLanguage\":\"es\",\"potentialAction\":[{\"@type\":\"ReadAction\",\"target\":[\"https:\/\/noti-america.com\/site\/peru\/2023\/06\/17\/triunfo-con-esperanza-peru-1-0-a-corea-del-sur\/\"]}]},{\"@type\":\"ImageObject\",\"inLanguage\":\"es\",\"@id\":\"https:\/\/noti-america.com\/site\/peru\/2023\/06\/17\/triunfo-con-esperanza-peru-1-0-a-corea-del-sur\/#primaryimage\",\"url\":\"https:\/\/noti-america.com\/site\/peru\/wp-content\/uploads\/sites\/8\/2023\/06\/WhatsApp-Image-2023-06-16-at-11.20.48-PM.jpeg\",\"contentUrl\":\"https:\/\/noti-america.com\/site\/peru\/wp-content\/uploads\/sites\/8\/2023\/06\/WhatsApp-Image-2023-06-16-at-11.20.48-PM.jpeg\",\"width\":652,\"height\":358},{\"@type\":\"BreadcrumbList\",\"@id\":\"https:\/\/noti-america.com\/site\/peru\/2023\/06\/17\/triunfo-con-esperanza-peru-1-0-a-corea-del-sur\/#breadcrumb\",\"itemListElement\":[{\"@type\":\"ListItem\",\"position\":1,\"name\":\"Portada\",\"item\":\"https:\/\/noti-america.com\/site\/peru\/\"},{\"@type\":\"ListItem\",\"position\":2,\"name\":\"TRIUNFO CON ESPERANZA: PER\u00da 1-0 A COREA DEL SUR\"}]},{\"@type\":\"WebSite\",\"@id\":\"https:\/\/noti-america.com\/site\/peru\/#website\",\"url\":\"https:\/\/noti-america.com\/site\/peru\/\",\"name\":\"Per\u00fa | Noti-America.com\",\"description\":\"\",\"publisher\":{\"@id\":\"https:\/\/noti-america.com\/site\/peru\/#organization\"},\"potentialAction\":[{\"@type\":\"SearchAction\",\"target\":{\"@type\":\"EntryPoint\",\"urlTemplate\":\"https:\/\/noti-america.com\/site\/peru\/?s={search_term_string}\"},\"query-input\":{\"@type\":\"PropertyValueSpecification\",\"valueRequired\":true,\"valueName\":\"search_term_string\"}}],\"inLanguage\":\"es\"},{\"@type\":\"Organization\",\"@id\":\"https:\/\/noti-america.com\/site\/peru\/#organization\",\"name\":\"Noti-America LLC | Per\u00fa\",\"url\":\"https:\/\/noti-america.com\/site\/peru\/\",\"logo\":{\"@type\":\"ImageObject\",\"inLanguage\":\"es\",\"@id\":\"https:\/\/noti-america.com\/site\/peru\/#\/schema\/logo\/image\/\",\"url\":\"https:\/\/noti-america.com\/site\/peru\/wp-content\/uploads\/sites\/8\/2020\/07\/LogoNA-4x3-1.jpg\",\"contentUrl\":\"https:\/\/noti-america.com\/site\/peru\/wp-content\/uploads\/sites\/8\/2020\/07\/LogoNA-4x3-1.jpg\",\"width\":1236,\"height\":1080,\"caption\":\"Noti-America LLC | Per\u00fa\"},\"image\":{\"@id\":\"https:\/\/noti-america.com\/site\/peru\/#\/schema\/logo\/image\/\"}},{\"@type\":\"Person\",\"@id\":\"https:\/\/noti-america.com\/site\/peru\/#\/schema\/person\/28a35f20383bf2485bc838bfe76aebdc\",\"name\":\"Geomar Pacheco R.\",\"image\":{\"@type\":\"ImageObject\",\"inLanguage\":\"es\",\"@id\":\"https:\/\/secure.gravatar.com\/avatar\/5f09cb527f9632e92234c6fc6e2cbcefebeed6bdeb0f9129ea4cbc7aa71587c6?s=96&d=mm&r=g\",\"url\":\"https:\/\/secure.gravatar.com\/avatar\/5f09cb527f9632e92234c6fc6e2cbcefebeed6bdeb0f9129ea4cbc7aa71587c6?s=96&d=mm&r=g\",\"contentUrl\":\"https:\/\/secure.gravatar.com\/avatar\/5f09cb527f9632e92234c6fc6e2cbcefebeed6bdeb0f9129ea4cbc7aa71587c6?s=96&d=mm&r=g\",\"caption\":\"Geomar Pacheco R.\"},\"sameAs\":[\"https:\/\/x.com\/GeomarPacheco1\"],\"url\":\"https:\/\/noti-america.com\/site\/peru\/author\/gpacheco\/\"}]}<\/script>\n<!-- \/ Yoast SEO Premium plugin. -->","yoast_head_json":{"title":"TRIUNFO CON ESPERANZA: PER\u00da 1-0 A COREA DEL SUR - Per\u00fa | Noti-America.com","robots":{"index":"index","follow":"follow","max-snippet":"max-snippet:-1","max-image-preview":"max-image-preview:large","max-video-preview":"max-video-preview:-1"},"canonical":"https:\/\/noti-america.com\/site\/peru\/2023\/06\/17\/triunfo-con-esperanza-peru-1-0-a-corea-del-sur\/","og_locale":"es_ES","og_type":"article","og_title":"TRIUNFO CON ESPERANZA: PER\u00da 1-0 A COREA DEL SUR","og_description":"NOTI-AM\u00c9RICA PER\u00da Samuel Castillo Mendoza\u00a0 Una victoria aleccionadora consigui\u00f3 el representativo peruano al vencer 1-0 a Corea del Sur. Partido de preparaci\u00f3n, fecha FIFA, en la ciudad de Busan. El gol de la victoria&#46;&#46;&#46;","og_url":"https:\/\/noti-america.com\/site\/peru\/2023\/06\/17\/triunfo-con-esperanza-peru-1-0-a-corea-del-sur\/","og_site_name":"Per\u00fa | Noti-America.com","article_published_time":"2023-06-17T04:32:02+00:00","og_image":[{"width":652,"height":358,"url":"https:\/\/noti-america.com\/site\/peru\/wp-content\/uploads\/sites\/8\/2023\/06\/WhatsApp-Image-2023-06-16-at-11.20.48-PM.jpeg","type":"image\/jpeg"}],"author":"Geomar Pacheco R.","twitter_card":"summary_large_image","twitter_creator":"@GeomarPacheco1","twitter_misc":{"Escrito por":"Geomar Pacheco R.","Tiempo estimado de lectura":"1 minuto"},"schema":{"@context":"https:\/\/schema.org","@graph":[{"@type":"Article","@id":"https:\/\/noti-america.com\/site\/peru\/2023\/06\/17\/triunfo-con-esperanza-peru-1-0-a-corea-del-sur\/#article","isPartOf":{"@id":"https:\/\/noti-america.com\/site\/peru\/2023\/06\/17\/triunfo-con-esperanza-peru-1-0-a-corea-del-sur\/"},"author":{"name":"Geomar Pacheco R.","@id":"https:\/\/noti-america.com\/site\/peru\/#\/schema\/person\/28a35f20383bf2485bc838bfe76aebdc"},"headline":"TRIUNFO CON ESPERANZA: PER\u00da 1-0 A COREA DEL SUR","datePublished":"2023-06-17T04:32:02+00:00","mainEntityOfPage":{"@id":"https:\/\/noti-america.com\/site\/peru\/2023\/06\/17\/triunfo-con-esperanza-peru-1-0-a-corea-del-sur\/"},"wordCount":189,"commentCount":0,"publisher":{"@id":"https:\/\/noti-america.com\/site\/peru\/#organization"},"image":{"@id":"https:\/\/noti-america.com\/site\/peru\/2023\/06\/17\/triunfo-con-esperanza-peru-1-0-a-corea-del-sur\/#primaryimage"},"thumbnailUrl":"https:\/\/noti-america.com\/site\/peru\/wp-content\/uploads\/sites\/8\/2023\/06\/WhatsApp-Image-2023-06-16-at-11.20.48-PM.jpeg","articleSection":["Actualidad","Deportes","F\u00fatbol Internacional"],"inLanguage":"es","potentialAction":[{"@type":"CommentAction","name":"Comment","target":["https:\/\/noti-america.com\/site\/peru\/2023\/06\/17\/triunfo-con-esperanza-peru-1-0-a-corea-del-sur\/#respond"]}]},{"@type":"WebPage","@id":"https:\/\/noti-america.com\/site\/peru\/2023\/06\/17\/triunfo-con-esperanza-peru-1-0-a-corea-del-sur\/","url":"https:\/\/noti-america.com\/site\/peru\/2023\/06\/17\/triunfo-con-esperanza-peru-1-0-a-corea-del-sur\/","name":"TRIUNFO CON ESPERANZA: PER\u00da 1-0 A COREA DEL SUR - Per\u00fa | Noti-America.com","isPartOf":{"@id":"https:\/\/noti-america.com\/site\/peru\/#website"},"primaryImageOfPage":{"@id":"https:\/\/noti-america.com\/site\/peru\/2023\/06\/17\/triunfo-con-esperanza-peru-1-0-a-corea-del-sur\/#primaryimage"},"image":{"@id":"https:\/\/noti-america.com\/site\/peru\/2023\/06\/17\/triunfo-con-esperanza-peru-1-0-a-corea-del-sur\/#primaryimage"},"thumbnailUrl":"https:\/\/noti-america.com\/site\/peru\/wp-content\/uploads\/sites\/8\/2023\/06\/WhatsApp-Image-2023-06-16-at-11.20.48-PM.jpeg","datePublished":"2023-06-17T04:32:02+00:00","breadcrumb":{"@id":"https:\/\/noti-america.com\/site\/peru\/2023\/06\/17\/triunfo-con-esperanza-peru-1-0-a-corea-del-sur\/#breadcrumb"},"inLanguage":"es","potentialAction":[{"@type":"ReadAction","target":["https:\/\/noti-america.com\/site\/peru\/2023\/06\/17\/triunfo-con-esperanza-peru-1-0-a-corea-del-sur\/"]}]},{"@type":"ImageObject","inLanguage":"es","@id":"https:\/\/noti-america.com\/site\/peru\/2023\/06\/17\/triunfo-con-esperanza-peru-1-0-a-corea-del-sur\/#primaryimage","url":"https:\/\/noti-america.com\/site\/peru\/wp-content\/uploads\/sites\/8\/2023\/06\/WhatsApp-Image-2023-06-16-at-11.20.48-PM.jpeg","contentUrl":"https:\/\/noti-america.com\/site\/peru\/wp-content\/uploads\/sites\/8\/2023\/06\/WhatsApp-Image-2023-06-16-at-11.20.48-PM.jpeg","width":652,"height":358},{"@type":"BreadcrumbList","@id":"https:\/\/noti-america.com\/site\/peru\/2023\/06\/17\/triunfo-con-esperanza-peru-1-0-a-corea-del-sur\/#breadcrumb","itemListElement":[{"@type":"ListItem","position":1,"name":"Portada","item":"https:\/\/noti-america.com\/site\/peru\/"},{"@type":"ListItem","position":2,"name":"TRIUNFO CON ESPERANZA: PER\u00da 1-0 A COREA DEL SUR"}]},{"@type":"WebSite","@id":"https:\/\/noti-america.com\/site\/peru\/#website","url":"https:\/\/noti-america.com\/site\/peru\/","name":"Per\u00fa | Noti-America.com","description":"","publisher":{"@id":"https:\/\/noti-america.com\/site\/peru\/#organization"},"potentialAction":[{"@type":"SearchAction","target":{"@type":"EntryPoint","urlTemplate":"https:\/\/noti-america.com\/site\/peru\/?s={search_term_string}"},"query-input":{"@type":"PropertyValueSpecification","valueRequired":true,"valueName":"search_term_string"}}],"inLanguage":"es"},{"@type":"Organization","@id":"https:\/\/noti-america.com\/site\/peru\/#organization","name":"Noti-America LLC | Per\u00fa","url":"https:\/\/noti-america.com\/site\/peru\/","logo":{"@type":"ImageObject","inLanguage":"es","@id":"https:\/\/noti-america.com\/site\/peru\/#\/schema\/logo\/image\/","url":"https:\/\/noti-america.com\/site\/peru\/wp-content\/uploads\/sites\/8\/2020\/07\/LogoNA-4x3-1.jpg","contentUrl":"https:\/\/noti-america.com\/site\/peru\/wp-content\/uploads\/sites\/8\/2020\/07\/LogoNA-4x3-1.jpg","width":1236,"height":1080,"caption":"Noti-America LLC | Per\u00fa"},"image":{"@id":"https:\/\/noti-america.com\/site\/peru\/#\/schema\/logo\/image\/"}},{"@type":"Person","@id":"https:\/\/noti-america.com\/site\/peru\/#\/schema\/person\/28a35f20383bf2485bc838bfe76aebdc","name":"Geomar Pacheco R.","image":{"@type":"ImageObject","inLanguage":"es","@id":"https:\/\/secure.gravatar.com\/avatar\/5f09cb527f9632e92234c6fc6e2cbcefebeed6bdeb0f9129ea4cbc7aa71587c6?s=96&d=mm&r=g","url":"https:\/\/secure.gravatar.com\/avatar\/5f09cb527f9632e92234c6fc6e2cbcefebeed6bdeb0f9129ea4cbc7aa71587c6?s=96&d=mm&r=g","contentUrl":"https:\/\/secure.gravatar.com\/avatar\/5f09cb527f9632e92234c6fc6e2cbcefebeed6bdeb0f9129ea4cbc7aa71587c6?s=96&d=mm&r=g","caption":"Geomar Pacheco R."},"sameAs":["https:\/\/x.com\/GeomarPacheco1"],"url":"https:\/\/noti-america.com\/site\/peru\/author\/gpacheco\/"}]}},"_links":{"self":[{"href":"https:\/\/noti-america.com\/site\/peru\/wp-json\/wp\/v2\/posts\/6495","targetHints":{"allow":["GET"]}}],"collection":[{"href":"https:\/\/noti-america.com\/site\/peru\/wp-json\/wp\/v2\/posts"}],"about":[{"href":"https:\/\/noti-america.com\/site\/peru\/wp-json\/wp\/v2\/types\/post"}],"author":[{"embeddable":true,"href":"https:\/\/noti-america.com\/site\/peru\/wp-json\/wp\/v2\/users\/70"}],"replies":[{"embeddable":true,"href":"https:\/\/noti-america.com\/site\/peru\/wp-json\/wp\/v2\/comments?post=6495"}],"version-history":[{"count":1,"href":"https:\/\/noti-america.com\/site\/peru\/wp-json\/wp\/v2\/posts\/6495\/revisions"}],"predecessor-version":[{"id":6497,"href":"https:\/\/noti-america.com\/site\/peru\/wp-json\/wp\/v2\/posts\/6495\/revisions\/6497"}],"wp:featuredmedia":[{"embeddable":true,"href":"https:\/\/noti-america.com\/site\/peru\/wp-json\/wp\/v2\/media\/6496"}],"wp:attachment":[{"href":"https:\/\/noti-america.com\/site\/peru\/wp-json\/wp\/v2\/media?parent=6495"}],"wp:term":[{"taxonomy":"category","embeddable":true,"href":"https:\/\/noti-america.com\/site\/peru\/wp-json\/wp\/v2\/categories?post=6495"},{"taxonomy":"post_tag","embeddable":true,"href":"https:\/\/noti-america.com\/site\/peru\/wp-json\/wp\/v2\/tags?post=6495"}],"curies":[{"name":"wp","href":"https:\/\/api.w.org\/{rel}","templated":true}]}}