{"id":6492,"date":"2023-06-16T06:06:54","date_gmt":"2023-06-16T06:06:54","guid":{"rendered":"https:\/\/noti-america.com\/site\/peru\/?p=6492"},"modified":"2023-06-16T06:06:54","modified_gmt":"2023-06-16T06:06:54","slug":"armas-menos-letales-lo-que-mal-empieza-mal-acaba","status":"publish","type":"post","link":"https:\/\/noti-america.com\/site\/peru\/2023\/06\/16\/armas-menos-letales-lo-que-mal-empieza-mal-acaba\/","title":{"rendered":"ARMAS MENOS LETALES: LO QUE MAL EMPIEZA MAL ACABA"},"content":{"rendered":"<p style=\"text-align: justify\"><strong><span style=\"font-family: Tahoma, Arial, Helvetica, sans-serif;font-size: 14pt\">NOTI-AM\u00c9RICA PER\u00da<\/span><\/strong><\/p>\n<p>&nbsp;<\/p>\n<p style=\"text-align: right\"><strong><span style=\"font-family: Tahoma, Arial, Helvetica, sans-serif;font-size: 14pt\">C\u00e9sar Ortiz Anderson<\/span><\/strong><\/p>\n<p>&nbsp;<\/p>\n<p style=\"text-align: justify\"><span style=\"font-family: Tahoma, Arial, Helvetica, sans-serif;font-size: 14pt\"><span style=\"font-weight: 400\">Ahora ya no las llaman <\/span><i><span style=\"font-weight: 400\">armas no letales<\/span><\/i><span style=\"font-weight: 400\">, ahora el Congreso les cambi\u00f3 el nombre por <\/span><i><span style=\"font-weight: 400\">medios de defensa<\/span><\/i><span style=\"font-weight: 400\">. Con 110 votos a favor, cero en contra y cuatro abstenciones, el pleno del Congreso de la Rep\u00fablica aprob\u00f3 el uso de \u201cmedios de defensa\u201d. Le recuerdo al Congreso que una escopeta con perdigones de balas de goma, la vara tonfa y el <\/span><i><span style=\"font-weight: 400\">spray <\/span><\/i><span style=\"font-weight: 400\">de gas pimienta no solo no son un medio de defensa, sino que, mal usadas, pueden convertirse en un arma letal. Adem\u00e1s, dispone la capacitaci\u00f3n, b\u00e1sica y especializada de serenos, entrenamiento permanente y uso de medios de defensa autorizados. Desde mi experiencia, pasar\u00e9 a explicar estas armas que son \u201cmenos letales\u201d en mi opini\u00f3n.<\/span><\/span><\/p>\n<p><a href=\"https:\/\/noti-america.com\/site\/peru\/wp-content\/uploads\/sites\/8\/2023\/06\/WhatsApp-Image-2023-06-15-at-4.45.13-PM.jpeg\"><img loading=\"lazy\" decoding=\"async\" class=\"aligncenter size-full wp-image-6493\" src=\"https:\/\/noti-america.com\/site\/peru\/wp-content\/uploads\/sites\/8\/2023\/06\/WhatsApp-Image-2023-06-15-at-4.45.13-PM.jpeg\" alt=\"\" width=\"1200\" height=\"900\" srcset=\"https:\/\/noti-america.com\/site\/peru\/wp-content\/uploads\/sites\/8\/2023\/06\/WhatsApp-Image-2023-06-15-at-4.45.13-PM.jpeg 1200w, https:\/\/noti-america.com\/site\/peru\/wp-content\/uploads\/sites\/8\/2023\/06\/WhatsApp-Image-2023-06-15-at-4.45.13-PM-300x225.jpeg 300w, https:\/\/noti-america.com\/site\/peru\/wp-content\/uploads\/sites\/8\/2023\/06\/WhatsApp-Image-2023-06-15-at-4.45.13-PM-1024x768.jpeg 1024w, https:\/\/noti-america.com\/site\/peru\/wp-content\/uploads\/sites\/8\/2023\/06\/WhatsApp-Image-2023-06-15-at-4.45.13-PM-768x576.jpeg 768w\" sizes=\"auto, (max-width: 1200px) 100vw, 1200px\" \/><\/a><\/p>\n<p style=\"text-align: justify\"><span style=\"font-weight: 400;font-family: Tahoma, Arial, Helvetica, sans-serif;font-size: 14pt\">Herramientas<\/span><\/p>\n<ul style=\"text-align: justify\">\n<li style=\"font-weight: 400\"><span style=\"font-weight: 400;font-family: Tahoma, Arial, Helvetica, sans-serif;font-size: 14pt\">Chalecos antibalas cumplen una funci\u00f3n de defensa para quien los usa<\/span><\/li>\n<li style=\"font-weight: 400\"><span style=\"font-weight: 400;font-family: Tahoma, Arial, Helvetica, sans-serif;font-size: 14pt\">Grilletes, marrocas o esposas cumplen la funci\u00f3n de neutralizar al capturado<\/span><\/li>\n<\/ul>\n<p style=\"text-align: justify\"><span style=\"font-weight: 400;font-family: Tahoma, Arial, Helvetica, sans-serif;font-size: 14pt\">Armas menos letales<\/span><\/p>\n<ol style=\"text-align: justify\">\n<li><span style=\"font-weight: 400;font-family: Tahoma, Arial, Helvetica, sans-serif;font-size: 14pt\"> Escopetas con perdigones de balas de goma<\/span><\/li>\n<li><span style=\"font-family: Tahoma, Arial, Helvetica, sans-serif;font-size: 14pt\"><i><span style=\"font-weight: 400\">Spray <\/span><\/i><span style=\"font-weight: 400\">de gas pimienta<\/span><\/span><\/li>\n<li><span style=\"font-weight: 400;font-family: Tahoma, Arial, Helvetica, sans-serif;font-size: 14pt\"> Bast\u00f3n tonfa<\/span><\/li>\n<\/ol>\n<p style=\"text-align: justify\"><span style=\"font-weight: 400;font-family: Tahoma, Arial, Helvetica, sans-serif;font-size: 14pt\">Estas tres armas menos letales, mal usadas, se pueden convertir en armas letales. Por ello se tiene 30 d\u00edas para su reglamentaci\u00f3n y es all\u00ed que desde Aprosec queremos proponer lo siguiente:<\/span><\/p>\n<p style=\"text-align: justify\"><span style=\"font-weight: 400;font-family: Tahoma, Arial, Helvetica, sans-serif;font-size: 14pt\">Los serenazgos ya tienen seis meses. \u00bfC\u00f3mo han seleccionado los municipios a sus serenos. Entiendo que ser\u00e1n solo un grupo de serenos, los que realicen el patrullaje integrado, los que usar\u00e1n estas herramientas y armas menos letales. Ellos, en nuestra opini\u00f3n, deber\u00edan pasar dos pruebas obligatorias: la toxicol\u00f3gica y la psiqui\u00e1trica, en convenio con el Colegio M\u00e9dico del Per\u00fa, para tener una valoraci\u00f3n integral y en Aprosec tenemos un directivo de asuntos cient\u00edficos que tiene que ver en temas de salud mental: el m\u00e9dico psiquiatra Hugo Lozada Rocca. Adem\u00e1s, el portador de armas, seg\u00fan nuestro experto, deber\u00eda tener un certificado de salud mental.<\/span><\/p>\n<p style=\"text-align: justify\"><span style=\"font-weight: 400;font-family: Tahoma, Arial, Helvetica, sans-serif;font-size: 14pt\">Finalmente, coincidimos con lo declarado por el alcalde de Lima, Rafael L\u00f3pez Aliaga, que en la pr\u00e1ctica los serenos no enfrentar\u00e1n a la delincuencia armada.\u00a0<\/span><\/p>\n<p>&nbsp;<\/p>\n<p style=\"text-align: justify\"><span style=\"font-family: Tahoma, Arial, Helvetica, sans-serif;font-size: 14pt\"><b>Escribe: <\/b><span style=\"font-weight: 400\">C\u00e9sar Ortiz Anderson, presidente de Aprosec<\/span><\/span><\/p>\n","protected":false},"excerpt":{"rendered":"<p>NOTI-AM\u00c9RICA PER\u00da &nbsp; C\u00e9sar Ortiz Anderson &nbsp; Ahora ya no las llaman armas no letales, ahora el Congreso les cambi\u00f3 el nombre por medios de defensa. Con 110 votos a favor, cero en contra&#46;&#46;&#46;<\/p>\n","protected":false},"author":70,"featured_media":6493,"comment_status":"open","ping_status":"open","sticky":false,"template":"","format":"standard","meta":{"_acf_changed":false,"rop_custom_images_group":[],"rop_custom_messages_group":[],"rop_publish_now":"initial","rop_publish_now_accounts":{"twitter_242054905_242054905":""},"rop_publish_now_history":[],"rop_publish_now_status":"pending","footnotes":""},"categories":[10,12,3],"tags":[],"class_list":["post-6492","post","type-post","status-publish","format-standard","has-post-thumbnail","hentry","category-actualidad","category-opinion","category-politica"],"acf":[],"yoast_head":"<!-- This site is optimized with the Yoast SEO Premium plugin v24.9 (Yoast SEO v27.2) - https:\/\/yoast.com\/product\/yoast-seo-premium-wordpress\/ -->\n<title>ARMAS MENOS LETALES: LO QUE MAL EMPIEZA MAL ACABA - Per\u00fa | Noti-America.com<\/title>\n<meta name=\"robots\" content=\"index, follow, max-snippet:-1, max-image-preview:large, max-video-preview:-1\" \/>\n<link rel=\"canonical\" href=\"https:\/\/noti-america.com\/site\/peru\/2023\/06\/16\/armas-menos-letales-lo-que-mal-empieza-mal-acaba\/\" \/>\n<meta property=\"og:locale\" content=\"es_ES\" \/>\n<meta property=\"og:type\" content=\"article\" \/>\n<meta property=\"og:title\" content=\"ARMAS MENOS LETALES: LO QUE MAL EMPIEZA MAL ACABA\" \/>\n<meta property=\"og:description\" content=\"NOTI-AM\u00c9RICA PER\u00da &nbsp; C\u00e9sar Ortiz Anderson &nbsp; Ahora ya no las llaman armas no letales, ahora el Congreso les cambi\u00f3 el nombre por medios de defensa. Con 110 votos a favor, cero en contra&#046;&#046;&#046;\" \/>\n<meta property=\"og:url\" content=\"https:\/\/noti-america.com\/site\/peru\/2023\/06\/16\/armas-menos-letales-lo-que-mal-empieza-mal-acaba\/\" \/>\n<meta property=\"og:site_name\" content=\"Per\u00fa | Noti-America.com\" \/>\n<meta property=\"article:published_time\" content=\"2023-06-16T06:06:54+00:00\" \/>\n<meta property=\"og:image\" content=\"https:\/\/noti-america.com\/site\/peru\/wp-content\/uploads\/sites\/8\/2023\/06\/WhatsApp-Image-2023-06-15-at-4.45.13-PM.jpeg\" \/>\n\t<meta property=\"og:image:width\" content=\"1200\" \/>\n\t<meta property=\"og:image:height\" content=\"900\" \/>\n\t<meta property=\"og:image:type\" content=\"image\/jpeg\" \/>\n<meta name=\"author\" content=\"Geomar Pacheco R.\" \/>\n<meta name=\"twitter:card\" content=\"summary_large_image\" \/>\n<meta name=\"twitter:creator\" content=\"@GeomarPacheco1\" \/>\n<meta name=\"twitter:label1\" content=\"Escrito por\" \/>\n\t<meta name=\"twitter:data1\" content=\"Geomar Pacheco R.\" \/>\n\t<meta name=\"twitter:label2\" content=\"Tiempo estimado de lectura\" \/>\n\t<meta name=\"twitter:data2\" content=\"2 minutos\" \/>\n<script type=\"application\/ld+json\" class=\"yoast-schema-graph\">{\"@context\":\"https:\/\/schema.org\",\"@graph\":[{\"@type\":\"Article\",\"@id\":\"https:\/\/noti-america.com\/site\/peru\/2023\/06\/16\/armas-menos-letales-lo-que-mal-empieza-mal-acaba\/#article\",\"isPartOf\":{\"@id\":\"https:\/\/noti-america.com\/site\/peru\/2023\/06\/16\/armas-menos-letales-lo-que-mal-empieza-mal-acaba\/\"},\"author\":{\"name\":\"Geomar Pacheco R.\",\"@id\":\"https:\/\/noti-america.com\/site\/peru\/#\/schema\/person\/28a35f20383bf2485bc838bfe76aebdc\"},\"headline\":\"ARMAS MENOS LETALES: LO QUE MAL EMPIEZA MAL ACABA\",\"datePublished\":\"2023-06-16T06:06:54+00:00\",\"mainEntityOfPage\":{\"@id\":\"https:\/\/noti-america.com\/site\/peru\/2023\/06\/16\/armas-menos-letales-lo-que-mal-empieza-mal-acaba\/\"},\"wordCount\":368,\"commentCount\":0,\"publisher\":{\"@id\":\"https:\/\/noti-america.com\/site\/peru\/#organization\"},\"image\":{\"@id\":\"https:\/\/noti-america.com\/site\/peru\/2023\/06\/16\/armas-menos-letales-lo-que-mal-empieza-mal-acaba\/#primaryimage\"},\"thumbnailUrl\":\"https:\/\/noti-america.com\/site\/peru\/wp-content\/uploads\/sites\/8\/2023\/06\/WhatsApp-Image-2023-06-15-at-4.45.13-PM.jpeg\",\"articleSection\":[\"Actualidad\",\"Opini\u00f3n\",\"Pol\u00edtica\"],\"inLanguage\":\"es\",\"potentialAction\":[{\"@type\":\"CommentAction\",\"name\":\"Comment\",\"target\":[\"https:\/\/noti-america.com\/site\/peru\/2023\/06\/16\/armas-menos-letales-lo-que-mal-empieza-mal-acaba\/#respond\"]}]},{\"@type\":\"WebPage\",\"@id\":\"https:\/\/noti-america.com\/site\/peru\/2023\/06\/16\/armas-menos-letales-lo-que-mal-empieza-mal-acaba\/\",\"url\":\"https:\/\/noti-america.com\/site\/peru\/2023\/06\/16\/armas-menos-letales-lo-que-mal-empieza-mal-acaba\/\",\"name\":\"ARMAS MENOS LETALES: LO QUE MAL EMPIEZA MAL ACABA - Per\u00fa | Noti-America.com\",\"isPartOf\":{\"@id\":\"https:\/\/noti-america.com\/site\/peru\/#website\"},\"primaryImageOfPage\":{\"@id\":\"https:\/\/noti-america.com\/site\/peru\/2023\/06\/16\/armas-menos-letales-lo-que-mal-empieza-mal-acaba\/#primaryimage\"},\"image\":{\"@id\":\"https:\/\/noti-america.com\/site\/peru\/2023\/06\/16\/armas-menos-letales-lo-que-mal-empieza-mal-acaba\/#primaryimage\"},\"thumbnailUrl\":\"https:\/\/noti-america.com\/site\/peru\/wp-content\/uploads\/sites\/8\/2023\/06\/WhatsApp-Image-2023-06-15-at-4.45.13-PM.jpeg\",\"datePublished\":\"2023-06-16T06:06:54+00:00\",\"breadcrumb\":{\"@id\":\"https:\/\/noti-america.com\/site\/peru\/2023\/06\/16\/armas-menos-letales-lo-que-mal-empieza-mal-acaba\/#breadcrumb\"},\"inLanguage\":\"es\",\"potentialAction\":[{\"@type\":\"ReadAction\",\"target\":[\"https:\/\/noti-america.com\/site\/peru\/2023\/06\/16\/armas-menos-letales-lo-que-mal-empieza-mal-acaba\/\"]}]},{\"@type\":\"ImageObject\",\"inLanguage\":\"es\",\"@id\":\"https:\/\/noti-america.com\/site\/peru\/2023\/06\/16\/armas-menos-letales-lo-que-mal-empieza-mal-acaba\/#primaryimage\",\"url\":\"https:\/\/noti-america.com\/site\/peru\/wp-content\/uploads\/sites\/8\/2023\/06\/WhatsApp-Image-2023-06-15-at-4.45.13-PM.jpeg\",\"contentUrl\":\"https:\/\/noti-america.com\/site\/peru\/wp-content\/uploads\/sites\/8\/2023\/06\/WhatsApp-Image-2023-06-15-at-4.45.13-PM.jpeg\",\"width\":1200,\"height\":900},{\"@type\":\"BreadcrumbList\",\"@id\":\"https:\/\/noti-america.com\/site\/peru\/2023\/06\/16\/armas-menos-letales-lo-que-mal-empieza-mal-acaba\/#breadcrumb\",\"itemListElement\":[{\"@type\":\"ListItem\",\"position\":1,\"name\":\"Portada\",\"item\":\"https:\/\/noti-america.com\/site\/peru\/\"},{\"@type\":\"ListItem\",\"position\":2,\"name\":\"ARMAS MENOS LETALES: LO QUE MAL EMPIEZA MAL ACABA\"}]},{\"@type\":\"WebSite\",\"@id\":\"https:\/\/noti-america.com\/site\/peru\/#website\",\"url\":\"https:\/\/noti-america.com\/site\/peru\/\",\"name\":\"Per\u00fa | Noti-America.com\",\"description\":\"\",\"publisher\":{\"@id\":\"https:\/\/noti-america.com\/site\/peru\/#organization\"},\"potentialAction\":[{\"@type\":\"SearchAction\",\"target\":{\"@type\":\"EntryPoint\",\"urlTemplate\":\"https:\/\/noti-america.com\/site\/peru\/?s={search_term_string}\"},\"query-input\":{\"@type\":\"PropertyValueSpecification\",\"valueRequired\":true,\"valueName\":\"search_term_string\"}}],\"inLanguage\":\"es\"},{\"@type\":\"Organization\",\"@id\":\"https:\/\/noti-america.com\/site\/peru\/#organization\",\"name\":\"Noti-America LLC | Per\u00fa\",\"url\":\"https:\/\/noti-america.com\/site\/peru\/\",\"logo\":{\"@type\":\"ImageObject\",\"inLanguage\":\"es\",\"@id\":\"https:\/\/noti-america.com\/site\/peru\/#\/schema\/logo\/image\/\",\"url\":\"https:\/\/noti-america.com\/site\/peru\/wp-content\/uploads\/sites\/8\/2020\/07\/LogoNA-4x3-1.jpg\",\"contentUrl\":\"https:\/\/noti-america.com\/site\/peru\/wp-content\/uploads\/sites\/8\/2020\/07\/LogoNA-4x3-1.jpg\",\"width\":1236,\"height\":1080,\"caption\":\"Noti-America LLC | Per\u00fa\"},\"image\":{\"@id\":\"https:\/\/noti-america.com\/site\/peru\/#\/schema\/logo\/image\/\"}},{\"@type\":\"Person\",\"@id\":\"https:\/\/noti-america.com\/site\/peru\/#\/schema\/person\/28a35f20383bf2485bc838bfe76aebdc\",\"name\":\"Geomar Pacheco R.\",\"image\":{\"@type\":\"ImageObject\",\"inLanguage\":\"es\",\"@id\":\"https:\/\/secure.gravatar.com\/avatar\/5f09cb527f9632e92234c6fc6e2cbcefebeed6bdeb0f9129ea4cbc7aa71587c6?s=96&d=mm&r=g\",\"url\":\"https:\/\/secure.gravatar.com\/avatar\/5f09cb527f9632e92234c6fc6e2cbcefebeed6bdeb0f9129ea4cbc7aa71587c6?s=96&d=mm&r=g\",\"contentUrl\":\"https:\/\/secure.gravatar.com\/avatar\/5f09cb527f9632e92234c6fc6e2cbcefebeed6bdeb0f9129ea4cbc7aa71587c6?s=96&d=mm&r=g\",\"caption\":\"Geomar Pacheco R.\"},\"sameAs\":[\"https:\/\/x.com\/GeomarPacheco1\"],\"url\":\"https:\/\/noti-america.com\/site\/peru\/author\/gpacheco\/\"}]}<\/script>\n<!-- \/ Yoast SEO Premium plugin. -->","yoast_head_json":{"title":"ARMAS MENOS LETALES: LO QUE MAL EMPIEZA MAL ACABA - Per\u00fa | Noti-America.com","robots":{"index":"index","follow":"follow","max-snippet":"max-snippet:-1","max-image-preview":"max-image-preview:large","max-video-preview":"max-video-preview:-1"},"canonical":"https:\/\/noti-america.com\/site\/peru\/2023\/06\/16\/armas-menos-letales-lo-que-mal-empieza-mal-acaba\/","og_locale":"es_ES","og_type":"article","og_title":"ARMAS MENOS LETALES: LO QUE MAL EMPIEZA MAL ACABA","og_description":"NOTI-AM\u00c9RICA PER\u00da &nbsp; C\u00e9sar Ortiz Anderson &nbsp; Ahora ya no las llaman armas no letales, ahora el Congreso les cambi\u00f3 el nombre por medios de defensa. Con 110 votos a favor, cero en contra&#46;&#46;&#46;","og_url":"https:\/\/noti-america.com\/site\/peru\/2023\/06\/16\/armas-menos-letales-lo-que-mal-empieza-mal-acaba\/","og_site_name":"Per\u00fa | Noti-America.com","article_published_time":"2023-06-16T06:06:54+00:00","og_image":[{"width":1200,"height":900,"url":"https:\/\/noti-america.com\/site\/peru\/wp-content\/uploads\/sites\/8\/2023\/06\/WhatsApp-Image-2023-06-15-at-4.45.13-PM.jpeg","type":"image\/jpeg"}],"author":"Geomar Pacheco R.","twitter_card":"summary_large_image","twitter_creator":"@GeomarPacheco1","twitter_misc":{"Escrito por":"Geomar Pacheco R.","Tiempo estimado de lectura":"2 minutos"},"schema":{"@context":"https:\/\/schema.org","@graph":[{"@type":"Article","@id":"https:\/\/noti-america.com\/site\/peru\/2023\/06\/16\/armas-menos-letales-lo-que-mal-empieza-mal-acaba\/#article","isPartOf":{"@id":"https:\/\/noti-america.com\/site\/peru\/2023\/06\/16\/armas-menos-letales-lo-que-mal-empieza-mal-acaba\/"},"author":{"name":"Geomar Pacheco R.","@id":"https:\/\/noti-america.com\/site\/peru\/#\/schema\/person\/28a35f20383bf2485bc838bfe76aebdc"},"headline":"ARMAS MENOS LETALES: LO QUE MAL EMPIEZA MAL ACABA","datePublished":"2023-06-16T06:06:54+00:00","mainEntityOfPage":{"@id":"https:\/\/noti-america.com\/site\/peru\/2023\/06\/16\/armas-menos-letales-lo-que-mal-empieza-mal-acaba\/"},"wordCount":368,"commentCount":0,"publisher":{"@id":"https:\/\/noti-america.com\/site\/peru\/#organization"},"image":{"@id":"https:\/\/noti-america.com\/site\/peru\/2023\/06\/16\/armas-menos-letales-lo-que-mal-empieza-mal-acaba\/#primaryimage"},"thumbnailUrl":"https:\/\/noti-america.com\/site\/peru\/wp-content\/uploads\/sites\/8\/2023\/06\/WhatsApp-Image-2023-06-15-at-4.45.13-PM.jpeg","articleSection":["Actualidad","Opini\u00f3n","Pol\u00edtica"],"inLanguage":"es","potentialAction":[{"@type":"CommentAction","name":"Comment","target":["https:\/\/noti-america.com\/site\/peru\/2023\/06\/16\/armas-menos-letales-lo-que-mal-empieza-mal-acaba\/#respond"]}]},{"@type":"WebPage","@id":"https:\/\/noti-america.com\/site\/peru\/2023\/06\/16\/armas-menos-letales-lo-que-mal-empieza-mal-acaba\/","url":"https:\/\/noti-america.com\/site\/peru\/2023\/06\/16\/armas-menos-letales-lo-que-mal-empieza-mal-acaba\/","name":"ARMAS MENOS LETALES: LO QUE MAL EMPIEZA MAL ACABA - Per\u00fa | Noti-America.com","isPartOf":{"@id":"https:\/\/noti-america.com\/site\/peru\/#website"},"primaryImageOfPage":{"@id":"https:\/\/noti-america.com\/site\/peru\/2023\/06\/16\/armas-menos-letales-lo-que-mal-empieza-mal-acaba\/#primaryimage"},"image":{"@id":"https:\/\/noti-america.com\/site\/peru\/2023\/06\/16\/armas-menos-letales-lo-que-mal-empieza-mal-acaba\/#primaryimage"},"thumbnailUrl":"https:\/\/noti-america.com\/site\/peru\/wp-content\/uploads\/sites\/8\/2023\/06\/WhatsApp-Image-2023-06-15-at-4.45.13-PM.jpeg","datePublished":"2023-06-16T06:06:54+00:00","breadcrumb":{"@id":"https:\/\/noti-america.com\/site\/peru\/2023\/06\/16\/armas-menos-letales-lo-que-mal-empieza-mal-acaba\/#breadcrumb"},"inLanguage":"es","potentialAction":[{"@type":"ReadAction","target":["https:\/\/noti-america.com\/site\/peru\/2023\/06\/16\/armas-menos-letales-lo-que-mal-empieza-mal-acaba\/"]}]},{"@type":"ImageObject","inLanguage":"es","@id":"https:\/\/noti-america.com\/site\/peru\/2023\/06\/16\/armas-menos-letales-lo-que-mal-empieza-mal-acaba\/#primaryimage","url":"https:\/\/noti-america.com\/site\/peru\/wp-content\/uploads\/sites\/8\/2023\/06\/WhatsApp-Image-2023-06-15-at-4.45.13-PM.jpeg","contentUrl":"https:\/\/noti-america.com\/site\/peru\/wp-content\/uploads\/sites\/8\/2023\/06\/WhatsApp-Image-2023-06-15-at-4.45.13-PM.jpeg","width":1200,"height":900},{"@type":"BreadcrumbList","@id":"https:\/\/noti-america.com\/site\/peru\/2023\/06\/16\/armas-menos-letales-lo-que-mal-empieza-mal-acaba\/#breadcrumb","itemListElement":[{"@type":"ListItem","position":1,"name":"Portada","item":"https:\/\/noti-america.com\/site\/peru\/"},{"@type":"ListItem","position":2,"name":"ARMAS MENOS LETALES: LO QUE MAL EMPIEZA MAL ACABA"}]},{"@type":"WebSite","@id":"https:\/\/noti-america.com\/site\/peru\/#website","url":"https:\/\/noti-america.com\/site\/peru\/","name":"Per\u00fa | Noti-America.com","description":"","publisher":{"@id":"https:\/\/noti-america.com\/site\/peru\/#organization"},"potentialAction":[{"@type":"SearchAction","target":{"@type":"EntryPoint","urlTemplate":"https:\/\/noti-america.com\/site\/peru\/?s={search_term_string}"},"query-input":{"@type":"PropertyValueSpecification","valueRequired":true,"valueName":"search_term_string"}}],"inLanguage":"es"},{"@type":"Organization","@id":"https:\/\/noti-america.com\/site\/peru\/#organization","name":"Noti-America LLC | Per\u00fa","url":"https:\/\/noti-america.com\/site\/peru\/","logo":{"@type":"ImageObject","inLanguage":"es","@id":"https:\/\/noti-america.com\/site\/peru\/#\/schema\/logo\/image\/","url":"https:\/\/noti-america.com\/site\/peru\/wp-content\/uploads\/sites\/8\/2020\/07\/LogoNA-4x3-1.jpg","contentUrl":"https:\/\/noti-america.com\/site\/peru\/wp-content\/uploads\/sites\/8\/2020\/07\/LogoNA-4x3-1.jpg","width":1236,"height":1080,"caption":"Noti-America LLC | Per\u00fa"},"image":{"@id":"https:\/\/noti-america.com\/site\/peru\/#\/schema\/logo\/image\/"}},{"@type":"Person","@id":"https:\/\/noti-america.com\/site\/peru\/#\/schema\/person\/28a35f20383bf2485bc838bfe76aebdc","name":"Geomar Pacheco R.","image":{"@type":"ImageObject","inLanguage":"es","@id":"https:\/\/secure.gravatar.com\/avatar\/5f09cb527f9632e92234c6fc6e2cbcefebeed6bdeb0f9129ea4cbc7aa71587c6?s=96&d=mm&r=g","url":"https:\/\/secure.gravatar.com\/avatar\/5f09cb527f9632e92234c6fc6e2cbcefebeed6bdeb0f9129ea4cbc7aa71587c6?s=96&d=mm&r=g","contentUrl":"https:\/\/secure.gravatar.com\/avatar\/5f09cb527f9632e92234c6fc6e2cbcefebeed6bdeb0f9129ea4cbc7aa71587c6?s=96&d=mm&r=g","caption":"Geomar Pacheco R."},"sameAs":["https:\/\/x.com\/GeomarPacheco1"],"url":"https:\/\/noti-america.com\/site\/peru\/author\/gpacheco\/"}]}},"_links":{"self":[{"href":"https:\/\/noti-america.com\/site\/peru\/wp-json\/wp\/v2\/posts\/6492","targetHints":{"allow":["GET"]}}],"collection":[{"href":"https:\/\/noti-america.com\/site\/peru\/wp-json\/wp\/v2\/posts"}],"about":[{"href":"https:\/\/noti-america.com\/site\/peru\/wp-json\/wp\/v2\/types\/post"}],"author":[{"embeddable":true,"href":"https:\/\/noti-america.com\/site\/peru\/wp-json\/wp\/v2\/users\/70"}],"replies":[{"embeddable":true,"href":"https:\/\/noti-america.com\/site\/peru\/wp-json\/wp\/v2\/comments?post=6492"}],"version-history":[{"count":1,"href":"https:\/\/noti-america.com\/site\/peru\/wp-json\/wp\/v2\/posts\/6492\/revisions"}],"predecessor-version":[{"id":6494,"href":"https:\/\/noti-america.com\/site\/peru\/wp-json\/wp\/v2\/posts\/6492\/revisions\/6494"}],"wp:featuredmedia":[{"embeddable":true,"href":"https:\/\/noti-america.com\/site\/peru\/wp-json\/wp\/v2\/media\/6493"}],"wp:attachment":[{"href":"https:\/\/noti-america.com\/site\/peru\/wp-json\/wp\/v2\/media?parent=6492"}],"wp:term":[{"taxonomy":"category","embeddable":true,"href":"https:\/\/noti-america.com\/site\/peru\/wp-json\/wp\/v2\/categories?post=6492"},{"taxonomy":"post_tag","embeddable":true,"href":"https:\/\/noti-america.com\/site\/peru\/wp-json\/wp\/v2\/tags?post=6492"}],"curies":[{"name":"wp","href":"https:\/\/api.w.org\/{rel}","templated":true}]}}