{"id":6306,"date":"2023-02-21T05:41:15","date_gmt":"2023-02-21T05:41:15","guid":{"rendered":"https:\/\/noti-america.com\/site\/peru\/?p=6306"},"modified":"2023-02-21T05:41:15","modified_gmt":"2023-02-21T05:41:15","slug":"reactivacion-real-de-la-pequena-empresa-en-agenda","status":"publish","type":"post","link":"https:\/\/noti-america.com\/site\/peru\/2023\/02\/21\/reactivacion-real-de-la-pequena-empresa-en-agenda\/","title":{"rendered":"REACTIVACI\u00d3N REAL DE LA PEQUE\u00d1A EMPRESA EN AGENDA"},"content":{"rendered":"<p><strong>NOTI-AM\u00c9RICA PER\u00da<\/strong><\/p>\n<p style=\"text-align: right\"><span style=\"font-size: 12pt\"><strong><span style=\"font-family: Tahoma, Arial, Helvetica, sans-serif\">Por Geomar Pacheco Rivera<\/span><\/strong><\/span><\/p>\n<p style=\"text-align: justify\">\n<p style=\"text-align: justify\"><span style=\"font-weight: 400;font-family: Tahoma, Arial, Helvetica, sans-serif;font-size: 14pt\">Una importante reuni\u00f3n\u00a0 sostuvo la presidenta de la Rep\u00fablica, Dina Boluarte,\u00a0 con representantes de gremios de peque\u00f1as empresas en\u00a0 la sede\u00a0 del Ejecutivo.<\/span><\/p>\n<p style=\"text-align: justify\"><span style=\"font-family: Tahoma, Arial, Helvetica, sans-serif;font-size: 14pt\"><span style=\"font-weight: 400\">En el encuentro particip\u00f3 la presidenta de la Asociaci\u00f3n de la Peque\u00f1a Empresa<\/span><b>, <\/b><span style=\"font-weight: 400\">PYME Per\u00fa, Ana Mar\u00eda Choquehuanca, y l\u00edderes de gremios diversos quienes\u00a0 enfrentan una dif\u00edcil situaci\u00f3n financiera debido a los\u00a0 conflictos pol\u00edticos -sociales\u00a0 que les afecta directamente.\u00a0<\/span><\/span><\/p>\n<p style=\"text-align: justify\"><span style=\"font-weight: 400;font-family: Tahoma, Arial, Helvetica, sans-serif;font-size: 14pt\">Las peque\u00f1as empresas en diversos rubros tienen una agenda definida, que se viene conversando con\u00a0 m\u00e1s de siete\u00a0 ministros de PRODUCE desde julio del 2021.\u00a0<\/span><\/p>\n<p style=\"text-align: justify\"><span style=\"font-weight: 400;font-family: Tahoma, Arial, Helvetica, sans-serif;font-size: 14pt\">\u00a0.\u00a0<\/span><\/p>\n<p><a href=\"https:\/\/noti-america.com\/site\/peru\/wp-content\/uploads\/sites\/8\/2023\/02\/Dina-20-2-2023-reunion-con-empresarios-foto-andina.jpg\"><img loading=\"lazy\" decoding=\"async\" class=\"aligncenter size-full wp-image-6307\" src=\"https:\/\/noti-america.com\/site\/peru\/wp-content\/uploads\/sites\/8\/2023\/02\/Dina-20-2-2023-reunion-con-empresarios-foto-andina.jpg\" alt=\"\" width=\"680\" height=\"453\" srcset=\"https:\/\/noti-america.com\/site\/peru\/wp-content\/uploads\/sites\/8\/2023\/02\/Dina-20-2-2023-reunion-con-empresarios-foto-andina.jpg 680w, https:\/\/noti-america.com\/site\/peru\/wp-content\/uploads\/sites\/8\/2023\/02\/Dina-20-2-2023-reunion-con-empresarios-foto-andina-300x200.jpg 300w, https:\/\/noti-america.com\/site\/peru\/wp-content\/uploads\/sites\/8\/2023\/02\/Dina-20-2-2023-reunion-con-empresarios-foto-andina-600x400.jpg 600w, https:\/\/noti-america.com\/site\/peru\/wp-content\/uploads\/sites\/8\/2023\/02\/Dina-20-2-2023-reunion-con-empresarios-foto-andina-272x182.jpg 272w\" sizes=\"auto, (max-width: 680px) 100vw, 680px\" \/><\/a><\/p>\n<p style=\"text-align: center\"><span style=\"font-weight: 400;font-family: Tahoma, Arial, Helvetica, sans-serif;font-size: 14pt\">FOTO: ANDINA<\/span><\/p>\n<p>&nbsp;<\/p>\n<p style=\"text-align: justify\"><span style=\"font-family: Tahoma, Arial, Helvetica, sans-serif;font-size: 14pt\"><span style=\"font-weight: 400\">Estuvieron presentes, adem\u00e1s, el<\/span> <span style=\"font-weight: 400\">ministro de la Producci\u00f3n, Ra\u00fal P\u00e9rez Reyes, as\u00ed como equipos t\u00e9cnicos de los ministerios de Econom\u00eda, Interior, Defensa y Educaci\u00f3n.\u00a0<\/span><\/span><\/p>\n<p style=\"text-align: justify\"><span style=\"font-weight: 400;font-family: Tahoma, Arial, Helvetica, sans-serif;font-size: 14pt\">La reuni\u00f3n se efectu\u00f3 con el objetivo de encontrar oportunidades que permitan el crecimiento de dicho sector productivo, inform\u00f3 la Presidencia de la Rep\u00fablica.<\/span><\/p>\n<p style=\"text-align: justify\"><span style=\"font-weight: 400;font-family: Tahoma, Arial, Helvetica, sans-serif;font-size: 14pt\">TURISMO EN EMERGENCIA<\/span><\/p>\n<p style=\"text-align: justify\"><span style=\"font-weight: 400;font-family: Tahoma, Arial, Helvetica, sans-serif;font-size: 14pt\">\u00a0<\/span><\/p>\n<p style=\"text-align: justify\"><span style=\"font-weight: 400;font-family: Tahoma, Arial, Helvetica, sans-serif;font-size: 14pt\">El Ejecutivo destinar\u00e1 500 millones para la reactivaci\u00f3n del sector turismo<\/span><\/p>\n<p style=\"text-align: justify\"><span style=\"font-weight: 400;font-family: Tahoma, Arial, Helvetica, sans-serif;font-size: 14pt\">El director ejecutivo de la C\u00e1mara Nacional de Turismo (Canatur), Alberto Alegr\u00eda, destac\u00f3 el lanzamiento del programa \u201cCon Punche Turismo\u201d por parte del Ejecutivo que comprende apoyo para la reactivaci\u00f3n del sector .<\/span><\/p>\n<p style=\"text-align: justify\"><span style=\"font-weight: 400;font-family: Tahoma, Arial, Helvetica, sans-serif;font-size: 14pt\">M\u00e1s del 90 por ciento del turismo en el Per\u00fa es atendido por\u00a0 las micro y peque\u00f1as empresas (mypes), estas acciones est\u00e1n ayudando a los porteadores, cocineros, gu\u00edas, artesanos a que sobrevivan\u201d dijo Alegr\u00eda en relaci\u00f3n al programa de ayuda econ\u00f3mica que comprende \u00abCon Punche Turismo\u00bb.<\/span><\/p>\n<p>&nbsp;<\/p>\n<p><a href=\"https:\/\/noti-america.com\/site\/peru\/wp-content\/uploads\/sites\/8\/2023\/02\/Miraflores-Foto-de-la-Municipalidad..jpg\"><img loading=\"lazy\" decoding=\"async\" class=\"aligncenter size-full wp-image-6308\" src=\"https:\/\/noti-america.com\/site\/peru\/wp-content\/uploads\/sites\/8\/2023\/02\/Miraflores-Foto-de-la-Municipalidad..jpg\" alt=\"\" width=\"1800\" height=\"1200\" srcset=\"https:\/\/noti-america.com\/site\/peru\/wp-content\/uploads\/sites\/8\/2023\/02\/Miraflores-Foto-de-la-Municipalidad..jpg 1800w, https:\/\/noti-america.com\/site\/peru\/wp-content\/uploads\/sites\/8\/2023\/02\/Miraflores-Foto-de-la-Municipalidad.-300x200.jpg 300w, https:\/\/noti-america.com\/site\/peru\/wp-content\/uploads\/sites\/8\/2023\/02\/Miraflores-Foto-de-la-Municipalidad.-1024x683.jpg 1024w, https:\/\/noti-america.com\/site\/peru\/wp-content\/uploads\/sites\/8\/2023\/02\/Miraflores-Foto-de-la-Municipalidad.-768x512.jpg 768w, https:\/\/noti-america.com\/site\/peru\/wp-content\/uploads\/sites\/8\/2023\/02\/Miraflores-Foto-de-la-Municipalidad.-1536x1024.jpg 1536w, https:\/\/noti-america.com\/site\/peru\/wp-content\/uploads\/sites\/8\/2023\/02\/Miraflores-Foto-de-la-Municipalidad.-600x400.jpg 600w, https:\/\/noti-america.com\/site\/peru\/wp-content\/uploads\/sites\/8\/2023\/02\/Miraflores-Foto-de-la-Municipalidad.-272x182.jpg 272w\" sizes=\"auto, (max-width: 1800px) 100vw, 1800px\" \/><\/a><\/p>\n<p style=\"text-align: justify\"><span style=\"font-weight: 400;font-family: Tahoma, Arial, Helvetica, sans-serif;font-size: 14pt\">FOTO Miraflores\u00a0<\/span><\/p>\n<p style=\"text-align: justify\"><span style=\"font-weight: 400;font-family: Tahoma, Arial, Helvetica, sans-serif;font-size: 14pt\">Canatur trabaja con las 25 c\u00e1maras regionales de turismo, y participa en misiones comerciales en el extranjero para promover la llegada de turistas al Per\u00fa. Recordemos que el sector turismo en el pa\u00eds no solo se ha visto perjudicado desde diciembre del 2022 por las manifestaciones sociales, sino que ya ven\u00eda impactado por los dos a\u00f1os de pandemia del Covid-19.<\/span><\/p>\n<p style=\"text-align: justify\"><span style=\"font-weight: 400;font-family: Tahoma, Arial, Helvetica, sans-serif;font-size: 14pt\">\u00a0<\/span><\/p>\n<p style=\"text-align: justify\">\n","protected":false},"excerpt":{"rendered":"<p>NOTI-AM\u00c9RICA PER\u00da Por Geomar Pacheco Rivera Una importante reuni\u00f3n\u00a0 sostuvo la presidenta de la Rep\u00fablica, Dina Boluarte,\u00a0 con representantes de gremios de peque\u00f1as empresas en\u00a0 la sede\u00a0 del Ejecutivo. En el encuentro particip\u00f3 la&#46;&#46;&#46;<\/p>\n","protected":false},"author":70,"featured_media":6307,"comment_status":"open","ping_status":"open","sticky":false,"template":"","format":"standard","meta":{"_acf_changed":false,"rop_custom_images_group":[],"rop_custom_messages_group":[],"rop_publish_now":"initial","rop_publish_now_accounts":{"twitter_242054905_242054905":""},"rop_publish_now_history":[],"rop_publish_now_status":"pending","footnotes":""},"categories":[10,117],"tags":[],"class_list":["post-6306","post","type-post","status-publish","format-standard","has-post-thumbnail","hentry","category-actualidad","category-es-noticia-en"],"acf":[],"yoast_head":"<!-- This site is optimized with the Yoast SEO Premium plugin v24.9 (Yoast SEO v27.2) - https:\/\/yoast.com\/product\/yoast-seo-premium-wordpress\/ -->\n<title>REACTIVACI\u00d3N REAL DE LA PEQUE\u00d1A EMPRESA EN AGENDA - Per\u00fa | Noti-America.com<\/title>\n<meta name=\"robots\" content=\"index, follow, max-snippet:-1, max-image-preview:large, max-video-preview:-1\" \/>\n<link rel=\"canonical\" href=\"https:\/\/noti-america.com\/site\/peru\/2023\/02\/21\/reactivacion-real-de-la-pequena-empresa-en-agenda\/\" \/>\n<meta property=\"og:locale\" content=\"es_ES\" \/>\n<meta property=\"og:type\" content=\"article\" \/>\n<meta property=\"og:title\" content=\"REACTIVACI\u00d3N REAL DE LA PEQUE\u00d1A EMPRESA EN AGENDA\" \/>\n<meta property=\"og:description\" content=\"NOTI-AM\u00c9RICA PER\u00da Por Geomar Pacheco Rivera Una importante reuni\u00f3n\u00a0 sostuvo la presidenta de la Rep\u00fablica, Dina Boluarte,\u00a0 con representantes de gremios de peque\u00f1as empresas en\u00a0 la sede\u00a0 del Ejecutivo. En el encuentro particip\u00f3 la&#046;&#046;&#046;\" \/>\n<meta property=\"og:url\" content=\"https:\/\/noti-america.com\/site\/peru\/2023\/02\/21\/reactivacion-real-de-la-pequena-empresa-en-agenda\/\" \/>\n<meta property=\"og:site_name\" content=\"Per\u00fa | Noti-America.com\" \/>\n<meta property=\"article:published_time\" content=\"2023-02-21T05:41:15+00:00\" \/>\n<meta property=\"og:image\" content=\"https:\/\/noti-america.com\/site\/peru\/wp-content\/uploads\/sites\/8\/2023\/02\/Dina-20-2-2023-reunion-con-empresarios-foto-andina.jpg\" \/>\n\t<meta property=\"og:image:width\" content=\"680\" \/>\n\t<meta property=\"og:image:height\" content=\"453\" \/>\n\t<meta property=\"og:image:type\" content=\"image\/jpeg\" \/>\n<meta name=\"author\" content=\"Geomar Pacheco R.\" \/>\n<meta name=\"twitter:card\" content=\"summary_large_image\" \/>\n<meta name=\"twitter:creator\" content=\"@GeomarPacheco1\" \/>\n<meta name=\"twitter:label1\" content=\"Escrito por\" \/>\n\t<meta name=\"twitter:data1\" content=\"Geomar Pacheco R.\" \/>\n\t<meta name=\"twitter:label2\" content=\"Tiempo estimado de lectura\" \/>\n\t<meta name=\"twitter:data2\" content=\"2 minutos\" \/>\n<script type=\"application\/ld+json\" class=\"yoast-schema-graph\">{\"@context\":\"https:\/\/schema.org\",\"@graph\":[{\"@type\":\"Article\",\"@id\":\"https:\/\/noti-america.com\/site\/peru\/2023\/02\/21\/reactivacion-real-de-la-pequena-empresa-en-agenda\/#article\",\"isPartOf\":{\"@id\":\"https:\/\/noti-america.com\/site\/peru\/2023\/02\/21\/reactivacion-real-de-la-pequena-empresa-en-agenda\/\"},\"author\":{\"name\":\"Geomar Pacheco R.\",\"@id\":\"https:\/\/noti-america.com\/site\/peru\/#\/schema\/person\/28a35f20383bf2485bc838bfe76aebdc\"},\"headline\":\"REACTIVACI\u00d3N REAL DE LA PEQUE\u00d1A EMPRESA EN AGENDA\",\"datePublished\":\"2023-02-21T05:41:15+00:00\",\"mainEntityOfPage\":{\"@id\":\"https:\/\/noti-america.com\/site\/peru\/2023\/02\/21\/reactivacion-real-de-la-pequena-empresa-en-agenda\/\"},\"wordCount\":341,\"commentCount\":0,\"publisher\":{\"@id\":\"https:\/\/noti-america.com\/site\/peru\/#organization\"},\"image\":{\"@id\":\"https:\/\/noti-america.com\/site\/peru\/2023\/02\/21\/reactivacion-real-de-la-pequena-empresa-en-agenda\/#primaryimage\"},\"thumbnailUrl\":\"https:\/\/noti-america.com\/site\/peru\/wp-content\/uploads\/sites\/8\/2023\/02\/Dina-20-2-2023-reunion-con-empresarios-foto-andina.jpg\",\"articleSection\":[\"Actualidad\",\"Es Noticia en\"],\"inLanguage\":\"es\",\"potentialAction\":[{\"@type\":\"CommentAction\",\"name\":\"Comment\",\"target\":[\"https:\/\/noti-america.com\/site\/peru\/2023\/02\/21\/reactivacion-real-de-la-pequena-empresa-en-agenda\/#respond\"]}]},{\"@type\":\"WebPage\",\"@id\":\"https:\/\/noti-america.com\/site\/peru\/2023\/02\/21\/reactivacion-real-de-la-pequena-empresa-en-agenda\/\",\"url\":\"https:\/\/noti-america.com\/site\/peru\/2023\/02\/21\/reactivacion-real-de-la-pequena-empresa-en-agenda\/\",\"name\":\"REACTIVACI\u00d3N REAL DE LA PEQUE\u00d1A EMPRESA EN AGENDA - Per\u00fa | Noti-America.com\",\"isPartOf\":{\"@id\":\"https:\/\/noti-america.com\/site\/peru\/#website\"},\"primaryImageOfPage\":{\"@id\":\"https:\/\/noti-america.com\/site\/peru\/2023\/02\/21\/reactivacion-real-de-la-pequena-empresa-en-agenda\/#primaryimage\"},\"image\":{\"@id\":\"https:\/\/noti-america.com\/site\/peru\/2023\/02\/21\/reactivacion-real-de-la-pequena-empresa-en-agenda\/#primaryimage\"},\"thumbnailUrl\":\"https:\/\/noti-america.com\/site\/peru\/wp-content\/uploads\/sites\/8\/2023\/02\/Dina-20-2-2023-reunion-con-empresarios-foto-andina.jpg\",\"datePublished\":\"2023-02-21T05:41:15+00:00\",\"breadcrumb\":{\"@id\":\"https:\/\/noti-america.com\/site\/peru\/2023\/02\/21\/reactivacion-real-de-la-pequena-empresa-en-agenda\/#breadcrumb\"},\"inLanguage\":\"es\",\"potentialAction\":[{\"@type\":\"ReadAction\",\"target\":[\"https:\/\/noti-america.com\/site\/peru\/2023\/02\/21\/reactivacion-real-de-la-pequena-empresa-en-agenda\/\"]}]},{\"@type\":\"ImageObject\",\"inLanguage\":\"es\",\"@id\":\"https:\/\/noti-america.com\/site\/peru\/2023\/02\/21\/reactivacion-real-de-la-pequena-empresa-en-agenda\/#primaryimage\",\"url\":\"https:\/\/noti-america.com\/site\/peru\/wp-content\/uploads\/sites\/8\/2023\/02\/Dina-20-2-2023-reunion-con-empresarios-foto-andina.jpg\",\"contentUrl\":\"https:\/\/noti-america.com\/site\/peru\/wp-content\/uploads\/sites\/8\/2023\/02\/Dina-20-2-2023-reunion-con-empresarios-foto-andina.jpg\",\"width\":680,\"height\":453},{\"@type\":\"BreadcrumbList\",\"@id\":\"https:\/\/noti-america.com\/site\/peru\/2023\/02\/21\/reactivacion-real-de-la-pequena-empresa-en-agenda\/#breadcrumb\",\"itemListElement\":[{\"@type\":\"ListItem\",\"position\":1,\"name\":\"Portada\",\"item\":\"https:\/\/noti-america.com\/site\/peru\/\"},{\"@type\":\"ListItem\",\"position\":2,\"name\":\"REACTIVACI\u00d3N REAL DE LA PEQUE\u00d1A EMPRESA EN AGENDA\"}]},{\"@type\":\"WebSite\",\"@id\":\"https:\/\/noti-america.com\/site\/peru\/#website\",\"url\":\"https:\/\/noti-america.com\/site\/peru\/\",\"name\":\"Per\u00fa | Noti-America.com\",\"description\":\"\",\"publisher\":{\"@id\":\"https:\/\/noti-america.com\/site\/peru\/#organization\"},\"potentialAction\":[{\"@type\":\"SearchAction\",\"target\":{\"@type\":\"EntryPoint\",\"urlTemplate\":\"https:\/\/noti-america.com\/site\/peru\/?s={search_term_string}\"},\"query-input\":{\"@type\":\"PropertyValueSpecification\",\"valueRequired\":true,\"valueName\":\"search_term_string\"}}],\"inLanguage\":\"es\"},{\"@type\":\"Organization\",\"@id\":\"https:\/\/noti-america.com\/site\/peru\/#organization\",\"name\":\"Noti-America LLC | Per\u00fa\",\"url\":\"https:\/\/noti-america.com\/site\/peru\/\",\"logo\":{\"@type\":\"ImageObject\",\"inLanguage\":\"es\",\"@id\":\"https:\/\/noti-america.com\/site\/peru\/#\/schema\/logo\/image\/\",\"url\":\"https:\/\/noti-america.com\/site\/peru\/wp-content\/uploads\/sites\/8\/2020\/07\/LogoNA-4x3-1.jpg\",\"contentUrl\":\"https:\/\/noti-america.com\/site\/peru\/wp-content\/uploads\/sites\/8\/2020\/07\/LogoNA-4x3-1.jpg\",\"width\":1236,\"height\":1080,\"caption\":\"Noti-America LLC | Per\u00fa\"},\"image\":{\"@id\":\"https:\/\/noti-america.com\/site\/peru\/#\/schema\/logo\/image\/\"}},{\"@type\":\"Person\",\"@id\":\"https:\/\/noti-america.com\/site\/peru\/#\/schema\/person\/28a35f20383bf2485bc838bfe76aebdc\",\"name\":\"Geomar Pacheco R.\",\"image\":{\"@type\":\"ImageObject\",\"inLanguage\":\"es\",\"@id\":\"https:\/\/secure.gravatar.com\/avatar\/5f09cb527f9632e92234c6fc6e2cbcefebeed6bdeb0f9129ea4cbc7aa71587c6?s=96&d=mm&r=g\",\"url\":\"https:\/\/secure.gravatar.com\/avatar\/5f09cb527f9632e92234c6fc6e2cbcefebeed6bdeb0f9129ea4cbc7aa71587c6?s=96&d=mm&r=g\",\"contentUrl\":\"https:\/\/secure.gravatar.com\/avatar\/5f09cb527f9632e92234c6fc6e2cbcefebeed6bdeb0f9129ea4cbc7aa71587c6?s=96&d=mm&r=g\",\"caption\":\"Geomar Pacheco R.\"},\"sameAs\":[\"https:\/\/x.com\/GeomarPacheco1\"],\"url\":\"https:\/\/noti-america.com\/site\/peru\/author\/gpacheco\/\"}]}<\/script>\n<!-- \/ Yoast SEO Premium plugin. -->","yoast_head_json":{"title":"REACTIVACI\u00d3N REAL DE LA PEQUE\u00d1A EMPRESA EN AGENDA - Per\u00fa | Noti-America.com","robots":{"index":"index","follow":"follow","max-snippet":"max-snippet:-1","max-image-preview":"max-image-preview:large","max-video-preview":"max-video-preview:-1"},"canonical":"https:\/\/noti-america.com\/site\/peru\/2023\/02\/21\/reactivacion-real-de-la-pequena-empresa-en-agenda\/","og_locale":"es_ES","og_type":"article","og_title":"REACTIVACI\u00d3N REAL DE LA PEQUE\u00d1A EMPRESA EN AGENDA","og_description":"NOTI-AM\u00c9RICA PER\u00da Por Geomar Pacheco Rivera Una importante reuni\u00f3n\u00a0 sostuvo la presidenta de la Rep\u00fablica, Dina Boluarte,\u00a0 con representantes de gremios de peque\u00f1as empresas en\u00a0 la sede\u00a0 del Ejecutivo. En el encuentro particip\u00f3 la&#46;&#46;&#46;","og_url":"https:\/\/noti-america.com\/site\/peru\/2023\/02\/21\/reactivacion-real-de-la-pequena-empresa-en-agenda\/","og_site_name":"Per\u00fa | Noti-America.com","article_published_time":"2023-02-21T05:41:15+00:00","og_image":[{"width":680,"height":453,"url":"https:\/\/noti-america.com\/site\/peru\/wp-content\/uploads\/sites\/8\/2023\/02\/Dina-20-2-2023-reunion-con-empresarios-foto-andina.jpg","type":"image\/jpeg"}],"author":"Geomar Pacheco R.","twitter_card":"summary_large_image","twitter_creator":"@GeomarPacheco1","twitter_misc":{"Escrito por":"Geomar Pacheco R.","Tiempo estimado de lectura":"2 minutos"},"schema":{"@context":"https:\/\/schema.org","@graph":[{"@type":"Article","@id":"https:\/\/noti-america.com\/site\/peru\/2023\/02\/21\/reactivacion-real-de-la-pequena-empresa-en-agenda\/#article","isPartOf":{"@id":"https:\/\/noti-america.com\/site\/peru\/2023\/02\/21\/reactivacion-real-de-la-pequena-empresa-en-agenda\/"},"author":{"name":"Geomar Pacheco R.","@id":"https:\/\/noti-america.com\/site\/peru\/#\/schema\/person\/28a35f20383bf2485bc838bfe76aebdc"},"headline":"REACTIVACI\u00d3N REAL DE LA PEQUE\u00d1A EMPRESA EN AGENDA","datePublished":"2023-02-21T05:41:15+00:00","mainEntityOfPage":{"@id":"https:\/\/noti-america.com\/site\/peru\/2023\/02\/21\/reactivacion-real-de-la-pequena-empresa-en-agenda\/"},"wordCount":341,"commentCount":0,"publisher":{"@id":"https:\/\/noti-america.com\/site\/peru\/#organization"},"image":{"@id":"https:\/\/noti-america.com\/site\/peru\/2023\/02\/21\/reactivacion-real-de-la-pequena-empresa-en-agenda\/#primaryimage"},"thumbnailUrl":"https:\/\/noti-america.com\/site\/peru\/wp-content\/uploads\/sites\/8\/2023\/02\/Dina-20-2-2023-reunion-con-empresarios-foto-andina.jpg","articleSection":["Actualidad","Es Noticia en"],"inLanguage":"es","potentialAction":[{"@type":"CommentAction","name":"Comment","target":["https:\/\/noti-america.com\/site\/peru\/2023\/02\/21\/reactivacion-real-de-la-pequena-empresa-en-agenda\/#respond"]}]},{"@type":"WebPage","@id":"https:\/\/noti-america.com\/site\/peru\/2023\/02\/21\/reactivacion-real-de-la-pequena-empresa-en-agenda\/","url":"https:\/\/noti-america.com\/site\/peru\/2023\/02\/21\/reactivacion-real-de-la-pequena-empresa-en-agenda\/","name":"REACTIVACI\u00d3N REAL DE LA PEQUE\u00d1A EMPRESA EN AGENDA - Per\u00fa | Noti-America.com","isPartOf":{"@id":"https:\/\/noti-america.com\/site\/peru\/#website"},"primaryImageOfPage":{"@id":"https:\/\/noti-america.com\/site\/peru\/2023\/02\/21\/reactivacion-real-de-la-pequena-empresa-en-agenda\/#primaryimage"},"image":{"@id":"https:\/\/noti-america.com\/site\/peru\/2023\/02\/21\/reactivacion-real-de-la-pequena-empresa-en-agenda\/#primaryimage"},"thumbnailUrl":"https:\/\/noti-america.com\/site\/peru\/wp-content\/uploads\/sites\/8\/2023\/02\/Dina-20-2-2023-reunion-con-empresarios-foto-andina.jpg","datePublished":"2023-02-21T05:41:15+00:00","breadcrumb":{"@id":"https:\/\/noti-america.com\/site\/peru\/2023\/02\/21\/reactivacion-real-de-la-pequena-empresa-en-agenda\/#breadcrumb"},"inLanguage":"es","potentialAction":[{"@type":"ReadAction","target":["https:\/\/noti-america.com\/site\/peru\/2023\/02\/21\/reactivacion-real-de-la-pequena-empresa-en-agenda\/"]}]},{"@type":"ImageObject","inLanguage":"es","@id":"https:\/\/noti-america.com\/site\/peru\/2023\/02\/21\/reactivacion-real-de-la-pequena-empresa-en-agenda\/#primaryimage","url":"https:\/\/noti-america.com\/site\/peru\/wp-content\/uploads\/sites\/8\/2023\/02\/Dina-20-2-2023-reunion-con-empresarios-foto-andina.jpg","contentUrl":"https:\/\/noti-america.com\/site\/peru\/wp-content\/uploads\/sites\/8\/2023\/02\/Dina-20-2-2023-reunion-con-empresarios-foto-andina.jpg","width":680,"height":453},{"@type":"BreadcrumbList","@id":"https:\/\/noti-america.com\/site\/peru\/2023\/02\/21\/reactivacion-real-de-la-pequena-empresa-en-agenda\/#breadcrumb","itemListElement":[{"@type":"ListItem","position":1,"name":"Portada","item":"https:\/\/noti-america.com\/site\/peru\/"},{"@type":"ListItem","position":2,"name":"REACTIVACI\u00d3N REAL DE LA PEQUE\u00d1A EMPRESA EN AGENDA"}]},{"@type":"WebSite","@id":"https:\/\/noti-america.com\/site\/peru\/#website","url":"https:\/\/noti-america.com\/site\/peru\/","name":"Per\u00fa | Noti-America.com","description":"","publisher":{"@id":"https:\/\/noti-america.com\/site\/peru\/#organization"},"potentialAction":[{"@type":"SearchAction","target":{"@type":"EntryPoint","urlTemplate":"https:\/\/noti-america.com\/site\/peru\/?s={search_term_string}"},"query-input":{"@type":"PropertyValueSpecification","valueRequired":true,"valueName":"search_term_string"}}],"inLanguage":"es"},{"@type":"Organization","@id":"https:\/\/noti-america.com\/site\/peru\/#organization","name":"Noti-America LLC | Per\u00fa","url":"https:\/\/noti-america.com\/site\/peru\/","logo":{"@type":"ImageObject","inLanguage":"es","@id":"https:\/\/noti-america.com\/site\/peru\/#\/schema\/logo\/image\/","url":"https:\/\/noti-america.com\/site\/peru\/wp-content\/uploads\/sites\/8\/2020\/07\/LogoNA-4x3-1.jpg","contentUrl":"https:\/\/noti-america.com\/site\/peru\/wp-content\/uploads\/sites\/8\/2020\/07\/LogoNA-4x3-1.jpg","width":1236,"height":1080,"caption":"Noti-America LLC | Per\u00fa"},"image":{"@id":"https:\/\/noti-america.com\/site\/peru\/#\/schema\/logo\/image\/"}},{"@type":"Person","@id":"https:\/\/noti-america.com\/site\/peru\/#\/schema\/person\/28a35f20383bf2485bc838bfe76aebdc","name":"Geomar Pacheco R.","image":{"@type":"ImageObject","inLanguage":"es","@id":"https:\/\/secure.gravatar.com\/avatar\/5f09cb527f9632e92234c6fc6e2cbcefebeed6bdeb0f9129ea4cbc7aa71587c6?s=96&d=mm&r=g","url":"https:\/\/secure.gravatar.com\/avatar\/5f09cb527f9632e92234c6fc6e2cbcefebeed6bdeb0f9129ea4cbc7aa71587c6?s=96&d=mm&r=g","contentUrl":"https:\/\/secure.gravatar.com\/avatar\/5f09cb527f9632e92234c6fc6e2cbcefebeed6bdeb0f9129ea4cbc7aa71587c6?s=96&d=mm&r=g","caption":"Geomar Pacheco R."},"sameAs":["https:\/\/x.com\/GeomarPacheco1"],"url":"https:\/\/noti-america.com\/site\/peru\/author\/gpacheco\/"}]}},"_links":{"self":[{"href":"https:\/\/noti-america.com\/site\/peru\/wp-json\/wp\/v2\/posts\/6306","targetHints":{"allow":["GET"]}}],"collection":[{"href":"https:\/\/noti-america.com\/site\/peru\/wp-json\/wp\/v2\/posts"}],"about":[{"href":"https:\/\/noti-america.com\/site\/peru\/wp-json\/wp\/v2\/types\/post"}],"author":[{"embeddable":true,"href":"https:\/\/noti-america.com\/site\/peru\/wp-json\/wp\/v2\/users\/70"}],"replies":[{"embeddable":true,"href":"https:\/\/noti-america.com\/site\/peru\/wp-json\/wp\/v2\/comments?post=6306"}],"version-history":[{"count":1,"href":"https:\/\/noti-america.com\/site\/peru\/wp-json\/wp\/v2\/posts\/6306\/revisions"}],"predecessor-version":[{"id":6309,"href":"https:\/\/noti-america.com\/site\/peru\/wp-json\/wp\/v2\/posts\/6306\/revisions\/6309"}],"wp:featuredmedia":[{"embeddable":true,"href":"https:\/\/noti-america.com\/site\/peru\/wp-json\/wp\/v2\/media\/6307"}],"wp:attachment":[{"href":"https:\/\/noti-america.com\/site\/peru\/wp-json\/wp\/v2\/media?parent=6306"}],"wp:term":[{"taxonomy":"category","embeddable":true,"href":"https:\/\/noti-america.com\/site\/peru\/wp-json\/wp\/v2\/categories?post=6306"},{"taxonomy":"post_tag","embeddable":true,"href":"https:\/\/noti-america.com\/site\/peru\/wp-json\/wp\/v2\/tags?post=6306"}],"curies":[{"name":"wp","href":"https:\/\/api.w.org\/{rel}","templated":true}]}}