{"id":6265,"date":"2023-01-30T05:01:53","date_gmt":"2023-01-30T05:01:53","guid":{"rendered":"https:\/\/noti-america.com\/site\/peru\/?p=6265"},"modified":"2023-01-30T05:01:53","modified_gmt":"2023-01-30T05:01:53","slug":"mensaje-a-la-nacion-la-paz-social-del-peru-en-decision-de-congresistas","status":"publish","type":"post","link":"https:\/\/noti-america.com\/site\/peru\/2023\/01\/30\/mensaje-a-la-nacion-la-paz-social-del-peru-en-decision-de-congresistas\/","title":{"rendered":"MENSAJE A LA NACI\u00d3N: LA PAZ SOCIAL DEL PER\u00da EN DECISI\u00d3N DE CONGRESISTAS"},"content":{"rendered":"<p style=\"text-align: justify\"><strong><span style=\"font-family: Tahoma, Arial, Helvetica, sans-serif;font-size: 14pt\">NOTI-AM\u00c9RICA PER\u00da<\/span><\/strong><\/p>\n<p style=\"text-align: justify\">\n<p style=\"text-align: justify\"><span style=\"font-weight: 400;font-family: Tahoma, Arial, Helvetica, sans-serif;font-size: 14pt\">\u00a0\u00a0<\/span><\/p>\n<p style=\"text-align: justify\"><span style=\"font-weight: 400;font-family: Tahoma, Arial, Helvetica, sans-serif;font-size: 14pt\">La presidenta de la Rep\u00fablica, Dina Boluarte, llam\u00f3 a la reflexi\u00f3n \u201ca los congresistas de la Rep\u00fablica, para que aprueben la reconsideraci\u00f3n del proyecto que permite el adelanto de las elecciones en el pa\u00eds\u201d.<\/span><\/p>\n<p style=\"text-align: justify\"><span style=\"font-weight: 400;font-family: Tahoma, Arial, Helvetica, sans-serif;font-size: 14pt\">\u201cEl Congreso debat\u00eda el adelanto de elecciones al 2023, y como ya sabemos un debate est\u00e9ril que no lleg\u00f3 a nada concreto, excepto la reconsideraci\u00f3n que ma\u00f1ana va a debatirse y esperamos que merezca una segunda reflexi\u00f3n dada la gravedad de la situaci\u00f3n\u201d, indic\u00f3 en un mensaje a la Naci\u00f3n.\u00a0<\/span><\/p>\n<p style=\"text-align: justify\"><span style=\"font-weight: 400;font-family: Tahoma, Arial, Helvetica, sans-serif;font-size: 14pt\">La mandataria recalc\u00f3 que este vac\u00edo es inaceptable para el Per\u00fa, ya que las autoridades que representan al Estado tienen el deber de proteger a todos los peruanos, salvaguardando la seguridad del pa\u00eds y garantizando la tranquilidad y la paz social.<\/span><\/p>\n<p style=\"text-align: justify\"><span style=\"font-weight: 400;font-family: Tahoma, Arial, Helvetica, sans-serif;font-size: 14pt\">FOTO:\u00a0 DINA BOLUARTE ZEGARRA (Andina)\u00a0\u00a0<\/span><\/p>\n<p style=\"text-align: justify\"><span style=\"font-weight: 400;font-family: Tahoma, Arial, Helvetica, sans-serif;font-size: 14pt\">En tal sentido, dijo que depende,\u00bb \u00fanica y exclusivamente, del Congreso de la Rep\u00fablica, la responsabilidad de aprobar el adelanto de elecciones para este a\u00f1o 2023&#8243;.<\/span><\/p>\n<p style=\"text-align: justify\"><span style=\"font-weight: 400;font-family: Tahoma, Arial, Helvetica, sans-serif;font-size: 14pt\">\u201cEl lunes 30 tienen la oportunidad de ganarse la confianza del pa\u00eds, atendiendo esta demanda tan esperada por el pueblo peruano. Voten por el Per\u00fa a favor del pa\u00eds adelantando las elecciones al 2023 y dig\u00e1mosle al Per\u00fa entero con la m\u00e1s alta responsabilidad que nos vamos todos\u201d, indic\u00f3 la presidenta Boluarte al dirigirse al Parlamento.\u00a0<\/span><\/p>\n<p style=\"text-align: justify\"><span style=\"font-weight: 400;font-family: Tahoma, Arial, Helvetica, sans-serif;font-size: 14pt\">\u00a0 <a href=\"https:\/\/noti-america.com\/site\/peru\/wp-content\/uploads\/sites\/8\/2023\/01\/Dina-29-1-2023.jpg\"><img loading=\"lazy\" decoding=\"async\" class=\"aligncenter size-full wp-image-6266\" src=\"https:\/\/noti-america.com\/site\/peru\/wp-content\/uploads\/sites\/8\/2023\/01\/Dina-29-1-2023.jpg\" alt=\"\" width=\"1800\" height=\"1200\" srcset=\"https:\/\/noti-america.com\/site\/peru\/wp-content\/uploads\/sites\/8\/2023\/01\/Dina-29-1-2023.jpg 1800w, https:\/\/noti-america.com\/site\/peru\/wp-content\/uploads\/sites\/8\/2023\/01\/Dina-29-1-2023-300x200.jpg 300w, https:\/\/noti-america.com\/site\/peru\/wp-content\/uploads\/sites\/8\/2023\/01\/Dina-29-1-2023-1024x683.jpg 1024w, https:\/\/noti-america.com\/site\/peru\/wp-content\/uploads\/sites\/8\/2023\/01\/Dina-29-1-2023-768x512.jpg 768w, https:\/\/noti-america.com\/site\/peru\/wp-content\/uploads\/sites\/8\/2023\/01\/Dina-29-1-2023-1536x1024.jpg 1536w, https:\/\/noti-america.com\/site\/peru\/wp-content\/uploads\/sites\/8\/2023\/01\/Dina-29-1-2023-600x400.jpg 600w, https:\/\/noti-america.com\/site\/peru\/wp-content\/uploads\/sites\/8\/2023\/01\/Dina-29-1-2023-272x182.jpg 272w\" sizes=\"auto, (max-width: 1800px) 100vw, 1800px\" \/><\/a><\/span><\/p>\n<p style=\"text-align: justify\"><span style=\"font-weight: 400;font-family: Tahoma, Arial, Helvetica, sans-serif;font-size: 14pt\">La mandataria tambi\u00e9n lament\u00f3 \u00abque en los \u00faltimos d\u00edas el pa\u00eds se haya visto envuelto en una espiral de violencia que ha perjudicado a todo el Per\u00fa pero sobre todo a los m\u00e1s desfavorecidos en el territorio nacional\u00bb.\u00a0<\/span><\/p>\n<p style=\"text-align: justify\"><span style=\"font-weight: 400;font-family: Tahoma, Arial, Helvetica, sans-serif;font-size: 14pt\">\u201cPudimos apreciar con indignaci\u00f3n que nuestra Polic\u00eda Nacional ha sido agredida a mansalva por un grupo organizado de individuos que quieren sembrar el caos y el odio entre los peruanos\u201d, indic\u00f3 al referirse a las protestas que se vienen dando en diversas regiones del pa\u00eds.\u00a0<\/span><\/p>\n<p style=\"text-align: justify\"><span style=\"font-weight: 400;font-family: Tahoma, Arial, Helvetica, sans-serif;font-size: 14pt\">Es necesario precisar que para lograr un proceso electoral nacional en octubre pr\u00f3ximo, se debe formalizar el recorte del periodo presidencial, as\u00ed como el congresal y de los\u00a0 representantes del Parlamento Andino.\u00a0<\/span><\/p>\n<p style=\"text-align: justify\"><span style=\"font-weight: 400;font-family: Tahoma, Arial, Helvetica, sans-serif;font-size: 14pt\">\u201cLa primera vuelta deber\u00eda ser el segundo domingo de octubre, y la segunda vuelta, en diciembre\u201d, a\u00f1adi\u00f3.\u00a0<\/span><\/p>\n<p style=\"text-align: justify\"><span style=\"font-weight: 400;font-family: Tahoma, Arial, Helvetica, sans-serif;font-size: 14pt\">El anuncio se produce un d\u00eda despu\u00e9s del primer manifestante asesinado por acci\u00f3n de sus propios compa\u00f1eros y no por disparo de la polic\u00eda nacional que prestan servicio en Lima, nuestra capital, desde que comenz\u00f3 la crisis el pasado diciembre suman m\u00e1s de 50 los fallecidos .\u00a0<\/span><\/p>\n<p style=\"text-align: justify\"><span style=\"font-weight: 400;font-family: Tahoma, Arial, Helvetica, sans-serif;font-size: 14pt\">GPR<\/span><\/p>\n<p style=\"text-align: justify\">\n","protected":false},"excerpt":{"rendered":"<p>NOTI-AM\u00c9RICA PER\u00da \u00a0\u00a0 La presidenta de la Rep\u00fablica, Dina Boluarte, llam\u00f3 a la reflexi\u00f3n \u201ca los congresistas de la Rep\u00fablica, para que aprueben la reconsideraci\u00f3n del proyecto que permite el adelanto de las elecciones&#46;&#46;&#46;<\/p>\n","protected":false},"author":70,"featured_media":0,"comment_status":"open","ping_status":"open","sticky":false,"template":"","format":"standard","meta":{"_acf_changed":false,"rop_custom_images_group":[],"rop_custom_messages_group":[],"rop_publish_now":"initial","rop_publish_now_accounts":{"twitter_242054905_242054905":""},"rop_publish_now_history":[],"rop_publish_now_status":"pending","footnotes":""},"categories":[10,3],"tags":[],"class_list":["post-6265","post","type-post","status-publish","format-standard","hentry","category-actualidad","category-politica"],"acf":[],"yoast_head":"<!-- This site is optimized with the Yoast SEO Premium plugin v24.9 (Yoast SEO v27.2) - https:\/\/yoast.com\/product\/yoast-seo-premium-wordpress\/ -->\n<title>MENSAJE A LA NACI\u00d3N: LA PAZ SOCIAL DEL PER\u00da EN DECISI\u00d3N DE CONGRESISTAS - Per\u00fa | Noti-America.com<\/title>\n<meta name=\"robots\" content=\"index, follow, max-snippet:-1, max-image-preview:large, max-video-preview:-1\" \/>\n<link rel=\"canonical\" href=\"https:\/\/noti-america.com\/site\/peru\/2023\/01\/30\/mensaje-a-la-nacion-la-paz-social-del-peru-en-decision-de-congresistas\/\" \/>\n<meta property=\"og:locale\" content=\"es_ES\" \/>\n<meta property=\"og:type\" content=\"article\" \/>\n<meta property=\"og:title\" content=\"MENSAJE A LA NACI\u00d3N: LA PAZ SOCIAL DEL PER\u00da EN DECISI\u00d3N DE CONGRESISTAS\" \/>\n<meta property=\"og:description\" content=\"NOTI-AM\u00c9RICA PER\u00da \u00a0\u00a0 La presidenta de la Rep\u00fablica, Dina Boluarte, llam\u00f3 a la reflexi\u00f3n \u201ca los congresistas de la Rep\u00fablica, para que aprueben la reconsideraci\u00f3n del proyecto que permite el adelanto de las elecciones&#046;&#046;&#046;\" \/>\n<meta property=\"og:url\" content=\"https:\/\/noti-america.com\/site\/peru\/2023\/01\/30\/mensaje-a-la-nacion-la-paz-social-del-peru-en-decision-de-congresistas\/\" \/>\n<meta property=\"og:site_name\" content=\"Per\u00fa | Noti-America.com\" \/>\n<meta property=\"article:published_time\" content=\"2023-01-30T05:01:53+00:00\" \/>\n<meta property=\"og:image\" content=\"https:\/\/noti-america.com\/site\/peru\/wp-content\/uploads\/sites\/8\/2023\/01\/Dina-29-1-2023.jpg\" \/>\n<meta name=\"author\" content=\"Geomar Pacheco R.\" \/>\n<meta name=\"twitter:card\" content=\"summary_large_image\" \/>\n<meta name=\"twitter:creator\" content=\"@GeomarPacheco1\" \/>\n<meta name=\"twitter:label1\" content=\"Escrito por\" \/>\n\t<meta name=\"twitter:data1\" content=\"Geomar Pacheco R.\" \/>\n\t<meta name=\"twitter:label2\" content=\"Tiempo estimado de lectura\" \/>\n\t<meta name=\"twitter:data2\" content=\"3 minutos\" \/>\n<script type=\"application\/ld+json\" class=\"yoast-schema-graph\">{\"@context\":\"https:\/\/schema.org\",\"@graph\":[{\"@type\":\"Article\",\"@id\":\"https:\/\/noti-america.com\/site\/peru\/2023\/01\/30\/mensaje-a-la-nacion-la-paz-social-del-peru-en-decision-de-congresistas\/#article\",\"isPartOf\":{\"@id\":\"https:\/\/noti-america.com\/site\/peru\/2023\/01\/30\/mensaje-a-la-nacion-la-paz-social-del-peru-en-decision-de-congresistas\/\"},\"author\":{\"name\":\"Geomar Pacheco R.\",\"@id\":\"https:\/\/noti-america.com\/site\/peru\/#\/schema\/person\/28a35f20383bf2485bc838bfe76aebdc\"},\"headline\":\"MENSAJE A LA NACI\u00d3N: LA PAZ SOCIAL DEL PER\u00da EN DECISI\u00d3N DE CONGRESISTAS\",\"datePublished\":\"2023-01-30T05:01:53+00:00\",\"mainEntityOfPage\":{\"@id\":\"https:\/\/noti-america.com\/site\/peru\/2023\/01\/30\/mensaje-a-la-nacion-la-paz-social-del-peru-en-decision-de-congresistas\/\"},\"wordCount\":440,\"commentCount\":0,\"publisher\":{\"@id\":\"https:\/\/noti-america.com\/site\/peru\/#organization\"},\"image\":{\"@id\":\"https:\/\/noti-america.com\/site\/peru\/2023\/01\/30\/mensaje-a-la-nacion-la-paz-social-del-peru-en-decision-de-congresistas\/#primaryimage\"},\"thumbnailUrl\":\"https:\/\/noti-america.com\/site\/peru\/wp-content\/uploads\/sites\/8\/2023\/01\/Dina-29-1-2023.jpg\",\"articleSection\":[\"Actualidad\",\"Pol\u00edtica\"],\"inLanguage\":\"es\",\"potentialAction\":[{\"@type\":\"CommentAction\",\"name\":\"Comment\",\"target\":[\"https:\/\/noti-america.com\/site\/peru\/2023\/01\/30\/mensaje-a-la-nacion-la-paz-social-del-peru-en-decision-de-congresistas\/#respond\"]}]},{\"@type\":\"WebPage\",\"@id\":\"https:\/\/noti-america.com\/site\/peru\/2023\/01\/30\/mensaje-a-la-nacion-la-paz-social-del-peru-en-decision-de-congresistas\/\",\"url\":\"https:\/\/noti-america.com\/site\/peru\/2023\/01\/30\/mensaje-a-la-nacion-la-paz-social-del-peru-en-decision-de-congresistas\/\",\"name\":\"MENSAJE A LA NACI\u00d3N: LA PAZ SOCIAL DEL PER\u00da EN DECISI\u00d3N DE CONGRESISTAS - Per\u00fa | Noti-America.com\",\"isPartOf\":{\"@id\":\"https:\/\/noti-america.com\/site\/peru\/#website\"},\"primaryImageOfPage\":{\"@id\":\"https:\/\/noti-america.com\/site\/peru\/2023\/01\/30\/mensaje-a-la-nacion-la-paz-social-del-peru-en-decision-de-congresistas\/#primaryimage\"},\"image\":{\"@id\":\"https:\/\/noti-america.com\/site\/peru\/2023\/01\/30\/mensaje-a-la-nacion-la-paz-social-del-peru-en-decision-de-congresistas\/#primaryimage\"},\"thumbnailUrl\":\"https:\/\/noti-america.com\/site\/peru\/wp-content\/uploads\/sites\/8\/2023\/01\/Dina-29-1-2023.jpg\",\"datePublished\":\"2023-01-30T05:01:53+00:00\",\"breadcrumb\":{\"@id\":\"https:\/\/noti-america.com\/site\/peru\/2023\/01\/30\/mensaje-a-la-nacion-la-paz-social-del-peru-en-decision-de-congresistas\/#breadcrumb\"},\"inLanguage\":\"es\",\"potentialAction\":[{\"@type\":\"ReadAction\",\"target\":[\"https:\/\/noti-america.com\/site\/peru\/2023\/01\/30\/mensaje-a-la-nacion-la-paz-social-del-peru-en-decision-de-congresistas\/\"]}]},{\"@type\":\"ImageObject\",\"inLanguage\":\"es\",\"@id\":\"https:\/\/noti-america.com\/site\/peru\/2023\/01\/30\/mensaje-a-la-nacion-la-paz-social-del-peru-en-decision-de-congresistas\/#primaryimage\",\"url\":\"https:\/\/noti-america.com\/site\/peru\/wp-content\/uploads\/sites\/8\/2023\/01\/Dina-29-1-2023.jpg\",\"contentUrl\":\"https:\/\/noti-america.com\/site\/peru\/wp-content\/uploads\/sites\/8\/2023\/01\/Dina-29-1-2023.jpg\",\"width\":1800,\"height\":1200},{\"@type\":\"BreadcrumbList\",\"@id\":\"https:\/\/noti-america.com\/site\/peru\/2023\/01\/30\/mensaje-a-la-nacion-la-paz-social-del-peru-en-decision-de-congresistas\/#breadcrumb\",\"itemListElement\":[{\"@type\":\"ListItem\",\"position\":1,\"name\":\"Portada\",\"item\":\"https:\/\/noti-america.com\/site\/peru\/\"},{\"@type\":\"ListItem\",\"position\":2,\"name\":\"MENSAJE A LA NACI\u00d3N: LA PAZ SOCIAL DEL PER\u00da EN DECISI\u00d3N DE CONGRESISTAS\"}]},{\"@type\":\"WebSite\",\"@id\":\"https:\/\/noti-america.com\/site\/peru\/#website\",\"url\":\"https:\/\/noti-america.com\/site\/peru\/\",\"name\":\"Per\u00fa | Noti-America.com\",\"description\":\"\",\"publisher\":{\"@id\":\"https:\/\/noti-america.com\/site\/peru\/#organization\"},\"potentialAction\":[{\"@type\":\"SearchAction\",\"target\":{\"@type\":\"EntryPoint\",\"urlTemplate\":\"https:\/\/noti-america.com\/site\/peru\/?s={search_term_string}\"},\"query-input\":{\"@type\":\"PropertyValueSpecification\",\"valueRequired\":true,\"valueName\":\"search_term_string\"}}],\"inLanguage\":\"es\"},{\"@type\":\"Organization\",\"@id\":\"https:\/\/noti-america.com\/site\/peru\/#organization\",\"name\":\"Noti-America LLC | Per\u00fa\",\"url\":\"https:\/\/noti-america.com\/site\/peru\/\",\"logo\":{\"@type\":\"ImageObject\",\"inLanguage\":\"es\",\"@id\":\"https:\/\/noti-america.com\/site\/peru\/#\/schema\/logo\/image\/\",\"url\":\"https:\/\/noti-america.com\/site\/peru\/wp-content\/uploads\/sites\/8\/2020\/07\/LogoNA-4x3-1.jpg\",\"contentUrl\":\"https:\/\/noti-america.com\/site\/peru\/wp-content\/uploads\/sites\/8\/2020\/07\/LogoNA-4x3-1.jpg\",\"width\":1236,\"height\":1080,\"caption\":\"Noti-America LLC | Per\u00fa\"},\"image\":{\"@id\":\"https:\/\/noti-america.com\/site\/peru\/#\/schema\/logo\/image\/\"}},{\"@type\":\"Person\",\"@id\":\"https:\/\/noti-america.com\/site\/peru\/#\/schema\/person\/28a35f20383bf2485bc838bfe76aebdc\",\"name\":\"Geomar Pacheco R.\",\"image\":{\"@type\":\"ImageObject\",\"inLanguage\":\"es\",\"@id\":\"https:\/\/secure.gravatar.com\/avatar\/5f09cb527f9632e92234c6fc6e2cbcefebeed6bdeb0f9129ea4cbc7aa71587c6?s=96&d=mm&r=g\",\"url\":\"https:\/\/secure.gravatar.com\/avatar\/5f09cb527f9632e92234c6fc6e2cbcefebeed6bdeb0f9129ea4cbc7aa71587c6?s=96&d=mm&r=g\",\"contentUrl\":\"https:\/\/secure.gravatar.com\/avatar\/5f09cb527f9632e92234c6fc6e2cbcefebeed6bdeb0f9129ea4cbc7aa71587c6?s=96&d=mm&r=g\",\"caption\":\"Geomar Pacheco R.\"},\"sameAs\":[\"https:\/\/x.com\/GeomarPacheco1\"],\"url\":\"https:\/\/noti-america.com\/site\/peru\/author\/gpacheco\/\"}]}<\/script>\n<!-- \/ Yoast SEO Premium plugin. -->","yoast_head_json":{"title":"MENSAJE A LA NACI\u00d3N: LA PAZ SOCIAL DEL PER\u00da EN DECISI\u00d3N DE CONGRESISTAS - Per\u00fa | Noti-America.com","robots":{"index":"index","follow":"follow","max-snippet":"max-snippet:-1","max-image-preview":"max-image-preview:large","max-video-preview":"max-video-preview:-1"},"canonical":"https:\/\/noti-america.com\/site\/peru\/2023\/01\/30\/mensaje-a-la-nacion-la-paz-social-del-peru-en-decision-de-congresistas\/","og_locale":"es_ES","og_type":"article","og_title":"MENSAJE A LA NACI\u00d3N: LA PAZ SOCIAL DEL PER\u00da EN DECISI\u00d3N DE CONGRESISTAS","og_description":"NOTI-AM\u00c9RICA PER\u00da \u00a0\u00a0 La presidenta de la Rep\u00fablica, Dina Boluarte, llam\u00f3 a la reflexi\u00f3n \u201ca los congresistas de la Rep\u00fablica, para que aprueben la reconsideraci\u00f3n del proyecto que permite el adelanto de las elecciones&#46;&#46;&#46;","og_url":"https:\/\/noti-america.com\/site\/peru\/2023\/01\/30\/mensaje-a-la-nacion-la-paz-social-del-peru-en-decision-de-congresistas\/","og_site_name":"Per\u00fa | Noti-America.com","article_published_time":"2023-01-30T05:01:53+00:00","og_image":[{"url":"https:\/\/noti-america.com\/site\/peru\/wp-content\/uploads\/sites\/8\/2023\/01\/Dina-29-1-2023.jpg","type":"","width":"","height":""}],"author":"Geomar Pacheco R.","twitter_card":"summary_large_image","twitter_creator":"@GeomarPacheco1","twitter_misc":{"Escrito por":"Geomar Pacheco R.","Tiempo estimado de lectura":"3 minutos"},"schema":{"@context":"https:\/\/schema.org","@graph":[{"@type":"Article","@id":"https:\/\/noti-america.com\/site\/peru\/2023\/01\/30\/mensaje-a-la-nacion-la-paz-social-del-peru-en-decision-de-congresistas\/#article","isPartOf":{"@id":"https:\/\/noti-america.com\/site\/peru\/2023\/01\/30\/mensaje-a-la-nacion-la-paz-social-del-peru-en-decision-de-congresistas\/"},"author":{"name":"Geomar Pacheco R.","@id":"https:\/\/noti-america.com\/site\/peru\/#\/schema\/person\/28a35f20383bf2485bc838bfe76aebdc"},"headline":"MENSAJE A LA NACI\u00d3N: LA PAZ SOCIAL DEL PER\u00da EN DECISI\u00d3N DE CONGRESISTAS","datePublished":"2023-01-30T05:01:53+00:00","mainEntityOfPage":{"@id":"https:\/\/noti-america.com\/site\/peru\/2023\/01\/30\/mensaje-a-la-nacion-la-paz-social-del-peru-en-decision-de-congresistas\/"},"wordCount":440,"commentCount":0,"publisher":{"@id":"https:\/\/noti-america.com\/site\/peru\/#organization"},"image":{"@id":"https:\/\/noti-america.com\/site\/peru\/2023\/01\/30\/mensaje-a-la-nacion-la-paz-social-del-peru-en-decision-de-congresistas\/#primaryimage"},"thumbnailUrl":"https:\/\/noti-america.com\/site\/peru\/wp-content\/uploads\/sites\/8\/2023\/01\/Dina-29-1-2023.jpg","articleSection":["Actualidad","Pol\u00edtica"],"inLanguage":"es","potentialAction":[{"@type":"CommentAction","name":"Comment","target":["https:\/\/noti-america.com\/site\/peru\/2023\/01\/30\/mensaje-a-la-nacion-la-paz-social-del-peru-en-decision-de-congresistas\/#respond"]}]},{"@type":"WebPage","@id":"https:\/\/noti-america.com\/site\/peru\/2023\/01\/30\/mensaje-a-la-nacion-la-paz-social-del-peru-en-decision-de-congresistas\/","url":"https:\/\/noti-america.com\/site\/peru\/2023\/01\/30\/mensaje-a-la-nacion-la-paz-social-del-peru-en-decision-de-congresistas\/","name":"MENSAJE A LA NACI\u00d3N: LA PAZ SOCIAL DEL PER\u00da EN DECISI\u00d3N DE CONGRESISTAS - Per\u00fa | Noti-America.com","isPartOf":{"@id":"https:\/\/noti-america.com\/site\/peru\/#website"},"primaryImageOfPage":{"@id":"https:\/\/noti-america.com\/site\/peru\/2023\/01\/30\/mensaje-a-la-nacion-la-paz-social-del-peru-en-decision-de-congresistas\/#primaryimage"},"image":{"@id":"https:\/\/noti-america.com\/site\/peru\/2023\/01\/30\/mensaje-a-la-nacion-la-paz-social-del-peru-en-decision-de-congresistas\/#primaryimage"},"thumbnailUrl":"https:\/\/noti-america.com\/site\/peru\/wp-content\/uploads\/sites\/8\/2023\/01\/Dina-29-1-2023.jpg","datePublished":"2023-01-30T05:01:53+00:00","breadcrumb":{"@id":"https:\/\/noti-america.com\/site\/peru\/2023\/01\/30\/mensaje-a-la-nacion-la-paz-social-del-peru-en-decision-de-congresistas\/#breadcrumb"},"inLanguage":"es","potentialAction":[{"@type":"ReadAction","target":["https:\/\/noti-america.com\/site\/peru\/2023\/01\/30\/mensaje-a-la-nacion-la-paz-social-del-peru-en-decision-de-congresistas\/"]}]},{"@type":"ImageObject","inLanguage":"es","@id":"https:\/\/noti-america.com\/site\/peru\/2023\/01\/30\/mensaje-a-la-nacion-la-paz-social-del-peru-en-decision-de-congresistas\/#primaryimage","url":"https:\/\/noti-america.com\/site\/peru\/wp-content\/uploads\/sites\/8\/2023\/01\/Dina-29-1-2023.jpg","contentUrl":"https:\/\/noti-america.com\/site\/peru\/wp-content\/uploads\/sites\/8\/2023\/01\/Dina-29-1-2023.jpg","width":1800,"height":1200},{"@type":"BreadcrumbList","@id":"https:\/\/noti-america.com\/site\/peru\/2023\/01\/30\/mensaje-a-la-nacion-la-paz-social-del-peru-en-decision-de-congresistas\/#breadcrumb","itemListElement":[{"@type":"ListItem","position":1,"name":"Portada","item":"https:\/\/noti-america.com\/site\/peru\/"},{"@type":"ListItem","position":2,"name":"MENSAJE A LA NACI\u00d3N: LA PAZ SOCIAL DEL PER\u00da EN DECISI\u00d3N DE CONGRESISTAS"}]},{"@type":"WebSite","@id":"https:\/\/noti-america.com\/site\/peru\/#website","url":"https:\/\/noti-america.com\/site\/peru\/","name":"Per\u00fa | Noti-America.com","description":"","publisher":{"@id":"https:\/\/noti-america.com\/site\/peru\/#organization"},"potentialAction":[{"@type":"SearchAction","target":{"@type":"EntryPoint","urlTemplate":"https:\/\/noti-america.com\/site\/peru\/?s={search_term_string}"},"query-input":{"@type":"PropertyValueSpecification","valueRequired":true,"valueName":"search_term_string"}}],"inLanguage":"es"},{"@type":"Organization","@id":"https:\/\/noti-america.com\/site\/peru\/#organization","name":"Noti-America LLC | Per\u00fa","url":"https:\/\/noti-america.com\/site\/peru\/","logo":{"@type":"ImageObject","inLanguage":"es","@id":"https:\/\/noti-america.com\/site\/peru\/#\/schema\/logo\/image\/","url":"https:\/\/noti-america.com\/site\/peru\/wp-content\/uploads\/sites\/8\/2020\/07\/LogoNA-4x3-1.jpg","contentUrl":"https:\/\/noti-america.com\/site\/peru\/wp-content\/uploads\/sites\/8\/2020\/07\/LogoNA-4x3-1.jpg","width":1236,"height":1080,"caption":"Noti-America LLC | Per\u00fa"},"image":{"@id":"https:\/\/noti-america.com\/site\/peru\/#\/schema\/logo\/image\/"}},{"@type":"Person","@id":"https:\/\/noti-america.com\/site\/peru\/#\/schema\/person\/28a35f20383bf2485bc838bfe76aebdc","name":"Geomar Pacheco R.","image":{"@type":"ImageObject","inLanguage":"es","@id":"https:\/\/secure.gravatar.com\/avatar\/5f09cb527f9632e92234c6fc6e2cbcefebeed6bdeb0f9129ea4cbc7aa71587c6?s=96&d=mm&r=g","url":"https:\/\/secure.gravatar.com\/avatar\/5f09cb527f9632e92234c6fc6e2cbcefebeed6bdeb0f9129ea4cbc7aa71587c6?s=96&d=mm&r=g","contentUrl":"https:\/\/secure.gravatar.com\/avatar\/5f09cb527f9632e92234c6fc6e2cbcefebeed6bdeb0f9129ea4cbc7aa71587c6?s=96&d=mm&r=g","caption":"Geomar Pacheco R."},"sameAs":["https:\/\/x.com\/GeomarPacheco1"],"url":"https:\/\/noti-america.com\/site\/peru\/author\/gpacheco\/"}]}},"_links":{"self":[{"href":"https:\/\/noti-america.com\/site\/peru\/wp-json\/wp\/v2\/posts\/6265","targetHints":{"allow":["GET"]}}],"collection":[{"href":"https:\/\/noti-america.com\/site\/peru\/wp-json\/wp\/v2\/posts"}],"about":[{"href":"https:\/\/noti-america.com\/site\/peru\/wp-json\/wp\/v2\/types\/post"}],"author":[{"embeddable":true,"href":"https:\/\/noti-america.com\/site\/peru\/wp-json\/wp\/v2\/users\/70"}],"replies":[{"embeddable":true,"href":"https:\/\/noti-america.com\/site\/peru\/wp-json\/wp\/v2\/comments?post=6265"}],"version-history":[{"count":1,"href":"https:\/\/noti-america.com\/site\/peru\/wp-json\/wp\/v2\/posts\/6265\/revisions"}],"predecessor-version":[{"id":6267,"href":"https:\/\/noti-america.com\/site\/peru\/wp-json\/wp\/v2\/posts\/6265\/revisions\/6267"}],"wp:attachment":[{"href":"https:\/\/noti-america.com\/site\/peru\/wp-json\/wp\/v2\/media?parent=6265"}],"wp:term":[{"taxonomy":"category","embeddable":true,"href":"https:\/\/noti-america.com\/site\/peru\/wp-json\/wp\/v2\/categories?post=6265"},{"taxonomy":"post_tag","embeddable":true,"href":"https:\/\/noti-america.com\/site\/peru\/wp-json\/wp\/v2\/tags?post=6265"}],"curies":[{"name":"wp","href":"https:\/\/api.w.org\/{rel}","templated":true}]}}