{"id":6252,"date":"2023-01-22T05:54:51","date_gmt":"2023-01-22T05:54:51","guid":{"rendered":"https:\/\/noti-america.com\/site\/peru\/?p=6252"},"modified":"2023-01-22T05:54:51","modified_gmt":"2023-01-22T05:54:51","slug":"equipo-peruano-sin-brujula-cayo-ante-colombia-2-1","status":"publish","type":"post","link":"https:\/\/noti-america.com\/site\/peru\/2023\/01\/22\/equipo-peruano-sin-brujula-cayo-ante-colombia-2-1\/","title":{"rendered":"EQUIPO PERUANO SIN BR\u00daJULA CAY\u00d3 ANTE COLOMBIA 2-1"},"content":{"rendered":"<p><span style=\"font-weight: 400;font-family: Tahoma, Arial, Helvetica, sans-serif;font-size: 14pt\">NOTI-AM\u00c9RICA PER\u00da<\/span><\/p>\n<p>&nbsp;<\/p>\n<p style=\"text-align: right\"><span style=\"font-weight: 400;font-family: Tahoma, Arial, Helvetica, sans-serif;font-size: 14pt\">\u00a0Por Samuel Castillo Mendoza<\/span><\/p>\n<p style=\"text-align: justify\"><span style=\"font-weight: 400;font-family: Tahoma, Arial, Helvetica, sans-serif;font-size: 14pt\">Nada positivo aport\u00f3 el elenco peruano y perdi\u00f3 ante un elenco colombiano que con pocos argumentos t\u00e9cnicos se llev\u00f3 el triunfo 2-1 que nos pone al borde de la eliminaci\u00f3n, al cumplirse la segunda fecha del Grupo A del sudamericano Sub 20.<\/span><\/p>\n<p style=\"text-align: justify\"><span style=\"font-weight: 400;font-family: Tahoma, Arial, Helvetica, sans-serif;font-size: 14pt\">La \u201cblanquirroja\u201d se puso en ventaja a los (37) por intermedio de V\u00e1squez al recibir un buen servicio de Cabellos para anotar de media tijera. Pero la alegr\u00eda dur\u00f3 muy poco porque siete minutos despu\u00e9s lleg\u00f3 el empate colombiano por mediaci\u00f3n de Oscar Cort\u00e9z con un disparo bajo fuera del \u00e1rea. El doblete lo consigui\u00f3 a los 73&#8242; con golpe de cabeza de un tiro de esquina.<\/span><\/p>\n<p><a href=\"https:\/\/noti-america.com\/site\/peru\/wp-content\/uploads\/sites\/8\/2023\/01\/WhatsApp-Image-2023-01-22-at-12.03.51-AM.jpeg\"><img loading=\"lazy\" decoding=\"async\" class=\"aligncenter size-full wp-image-6253\" src=\"https:\/\/noti-america.com\/site\/peru\/wp-content\/uploads\/sites\/8\/2023\/01\/WhatsApp-Image-2023-01-22-at-12.03.51-AM.jpeg\" alt=\"\" width=\"670\" height=\"368\" srcset=\"https:\/\/noti-america.com\/site\/peru\/wp-content\/uploads\/sites\/8\/2023\/01\/WhatsApp-Image-2023-01-22-at-12.03.51-AM.jpeg 670w, https:\/\/noti-america.com\/site\/peru\/wp-content\/uploads\/sites\/8\/2023\/01\/WhatsApp-Image-2023-01-22-at-12.03.51-AM-300x165.jpeg 300w, https:\/\/noti-america.com\/site\/peru\/wp-content\/uploads\/sites\/8\/2023\/01\/WhatsApp-Image-2023-01-22-at-12.03.51-AM-600x330.jpeg 600w\" sizes=\"auto, (max-width: 670px) 100vw, 670px\" \/><\/a><\/p>\n<p style=\"text-align: justify\"><span style=\"font-weight: 400;font-family: Tahoma, Arial, Helvetica, sans-serif;font-size: 14pt\">La escuadra nacional dirigida por Jaime Serna realiz\u00f3 cinco modificaciones con relaci\u00f3n al partido anterior con Brasil. Los ingresos de Kluiver Aguilar, Kenyi Cabrera y Panieu, en el segundo tiempo, les permiti\u00f3 obtener mejor desempe\u00f1o t\u00e9cnico, pero demasiado tarde cuando los due\u00f1os de casa consolidaron su juego.<\/span><\/p>\n<p style=\"text-align: justify\"><span style=\"font-weight: 400;font-family: Tahoma, Arial, Helvetica, sans-serif;font-size: 14pt\">Complicada la situaci\u00f3n del conjunto incaico que en los pr\u00f3ximos compromisos enfrentar\u00e1n a los representativos de Paraguay, que encabeza el grupo, y Argentina. Esperamos la mejor actuaci\u00f3n de nuestro seleccionado.<\/span><\/p>\n<p>&nbsp;<\/p>\n<p><a href=\"https:\/\/noti-america.com\/site\/peru\/wp-content\/uploads\/sites\/8\/2021\/09\/WhatsApp-Image-2020-03-11-at-2.45.29-PM.jpeg\"><img loading=\"lazy\" decoding=\"async\" class=\"alignleft size-medium wp-image-4250\" src=\"https:\/\/noti-america.com\/site\/peru\/wp-content\/uploads\/sites\/8\/2021\/09\/WhatsApp-Image-2020-03-11-at-2.45.29-PM-300x203.jpeg\" alt=\"\" width=\"300\" height=\"203\" srcset=\"https:\/\/noti-america.com\/site\/peru\/wp-content\/uploads\/sites\/8\/2021\/09\/WhatsApp-Image-2020-03-11-at-2.45.29-PM-300x203.jpeg 300w, https:\/\/noti-america.com\/site\/peru\/wp-content\/uploads\/sites\/8\/2021\/09\/WhatsApp-Image-2020-03-11-at-2.45.29-PM-1024x694.jpeg 1024w, https:\/\/noti-america.com\/site\/peru\/wp-content\/uploads\/sites\/8\/2021\/09\/WhatsApp-Image-2020-03-11-at-2.45.29-PM-768x521.jpeg 768w, https:\/\/noti-america.com\/site\/peru\/wp-content\/uploads\/sites\/8\/2021\/09\/WhatsApp-Image-2020-03-11-at-2.45.29-PM.jpeg 1260w\" sizes=\"auto, (max-width: 300px) 100vw, 300px\" \/><\/a><\/p>\n<p style=\"text-align: justify\">\n","protected":false},"excerpt":{"rendered":"<p>NOTI-AM\u00c9RICA PER\u00da &nbsp; \u00a0Por Samuel Castillo Mendoza Nada positivo aport\u00f3 el elenco peruano y perdi\u00f3 ante un elenco colombiano que con pocos argumentos t\u00e9cnicos se llev\u00f3 el triunfo 2-1 que nos pone al borde&#46;&#46;&#46;<\/p>\n","protected":false},"author":70,"featured_media":6253,"comment_status":"open","ping_status":"open","sticky":false,"template":"","format":"standard","meta":{"_acf_changed":false,"rop_custom_images_group":[],"rop_custom_messages_group":[],"rop_publish_now":"initial","rop_publish_now_accounts":{"twitter_242054905_242054905":""},"rop_publish_now_history":[],"rop_publish_now_status":"pending","footnotes":""},"categories":[10,16],"tags":[],"class_list":["post-6252","post","type-post","status-publish","format-standard","has-post-thumbnail","hentry","category-actualidad","category-deportes"],"acf":[],"yoast_head":"<!-- This site is optimized with the Yoast SEO Premium plugin v24.9 (Yoast SEO v27.2) - https:\/\/yoast.com\/product\/yoast-seo-premium-wordpress\/ -->\n<title>EQUIPO PERUANO SIN BR\u00daJULA CAY\u00d3 ANTE COLOMBIA 2-1 - Per\u00fa | Noti-America.com<\/title>\n<meta name=\"robots\" content=\"index, follow, max-snippet:-1, max-image-preview:large, max-video-preview:-1\" \/>\n<link rel=\"canonical\" href=\"https:\/\/noti-america.com\/site\/peru\/2023\/01\/22\/equipo-peruano-sin-brujula-cayo-ante-colombia-2-1\/\" \/>\n<meta property=\"og:locale\" content=\"es_ES\" \/>\n<meta property=\"og:type\" content=\"article\" \/>\n<meta property=\"og:title\" content=\"EQUIPO PERUANO SIN BR\u00daJULA CAY\u00d3 ANTE COLOMBIA 2-1\" \/>\n<meta property=\"og:description\" content=\"NOTI-AM\u00c9RICA PER\u00da &nbsp; \u00a0Por Samuel Castillo Mendoza Nada positivo aport\u00f3 el elenco peruano y perdi\u00f3 ante un elenco colombiano que con pocos argumentos t\u00e9cnicos se llev\u00f3 el triunfo 2-1 que nos pone al borde&#046;&#046;&#046;\" \/>\n<meta property=\"og:url\" content=\"https:\/\/noti-america.com\/site\/peru\/2023\/01\/22\/equipo-peruano-sin-brujula-cayo-ante-colombia-2-1\/\" \/>\n<meta property=\"og:site_name\" content=\"Per\u00fa | Noti-America.com\" \/>\n<meta property=\"article:published_time\" content=\"2023-01-22T05:54:51+00:00\" \/>\n<meta property=\"og:image\" content=\"https:\/\/noti-america.com\/site\/peru\/wp-content\/uploads\/sites\/8\/2023\/01\/WhatsApp-Image-2023-01-22-at-12.03.51-AM.jpeg\" \/>\n\t<meta property=\"og:image:width\" content=\"670\" \/>\n\t<meta property=\"og:image:height\" content=\"368\" \/>\n\t<meta property=\"og:image:type\" content=\"image\/jpeg\" \/>\n<meta name=\"author\" content=\"Geomar Pacheco R.\" \/>\n<meta name=\"twitter:card\" content=\"summary_large_image\" \/>\n<meta name=\"twitter:creator\" content=\"@GeomarPacheco1\" \/>\n<meta name=\"twitter:label1\" content=\"Escrito por\" \/>\n\t<meta name=\"twitter:data1\" content=\"Geomar Pacheco R.\" \/>\n\t<meta name=\"twitter:label2\" content=\"Tiempo estimado de lectura\" \/>\n\t<meta name=\"twitter:data2\" content=\"2 minutos\" \/>\n<script type=\"application\/ld+json\" class=\"yoast-schema-graph\">{\"@context\":\"https:\/\/schema.org\",\"@graph\":[{\"@type\":\"Article\",\"@id\":\"https:\/\/noti-america.com\/site\/peru\/2023\/01\/22\/equipo-peruano-sin-brujula-cayo-ante-colombia-2-1\/#article\",\"isPartOf\":{\"@id\":\"https:\/\/noti-america.com\/site\/peru\/2023\/01\/22\/equipo-peruano-sin-brujula-cayo-ante-colombia-2-1\/\"},\"author\":{\"name\":\"Geomar Pacheco R.\",\"@id\":\"https:\/\/noti-america.com\/site\/peru\/#\/schema\/person\/28a35f20383bf2485bc838bfe76aebdc\"},\"headline\":\"EQUIPO PERUANO SIN BR\u00daJULA CAY\u00d3 ANTE COLOMBIA 2-1\",\"datePublished\":\"2023-01-22T05:54:51+00:00\",\"mainEntityOfPage\":{\"@id\":\"https:\/\/noti-america.com\/site\/peru\/2023\/01\/22\/equipo-peruano-sin-brujula-cayo-ante-colombia-2-1\/\"},\"wordCount\":216,\"commentCount\":0,\"publisher\":{\"@id\":\"https:\/\/noti-america.com\/site\/peru\/#organization\"},\"image\":{\"@id\":\"https:\/\/noti-america.com\/site\/peru\/2023\/01\/22\/equipo-peruano-sin-brujula-cayo-ante-colombia-2-1\/#primaryimage\"},\"thumbnailUrl\":\"https:\/\/noti-america.com\/site\/peru\/wp-content\/uploads\/sites\/8\/2023\/01\/WhatsApp-Image-2023-01-22-at-12.03.51-AM.jpeg\",\"articleSection\":[\"Actualidad\",\"Deportes\"],\"inLanguage\":\"es\",\"potentialAction\":[{\"@type\":\"CommentAction\",\"name\":\"Comment\",\"target\":[\"https:\/\/noti-america.com\/site\/peru\/2023\/01\/22\/equipo-peruano-sin-brujula-cayo-ante-colombia-2-1\/#respond\"]}]},{\"@type\":\"WebPage\",\"@id\":\"https:\/\/noti-america.com\/site\/peru\/2023\/01\/22\/equipo-peruano-sin-brujula-cayo-ante-colombia-2-1\/\",\"url\":\"https:\/\/noti-america.com\/site\/peru\/2023\/01\/22\/equipo-peruano-sin-brujula-cayo-ante-colombia-2-1\/\",\"name\":\"EQUIPO PERUANO SIN BR\u00daJULA CAY\u00d3 ANTE COLOMBIA 2-1 - Per\u00fa | Noti-America.com\",\"isPartOf\":{\"@id\":\"https:\/\/noti-america.com\/site\/peru\/#website\"},\"primaryImageOfPage\":{\"@id\":\"https:\/\/noti-america.com\/site\/peru\/2023\/01\/22\/equipo-peruano-sin-brujula-cayo-ante-colombia-2-1\/#primaryimage\"},\"image\":{\"@id\":\"https:\/\/noti-america.com\/site\/peru\/2023\/01\/22\/equipo-peruano-sin-brujula-cayo-ante-colombia-2-1\/#primaryimage\"},\"thumbnailUrl\":\"https:\/\/noti-america.com\/site\/peru\/wp-content\/uploads\/sites\/8\/2023\/01\/WhatsApp-Image-2023-01-22-at-12.03.51-AM.jpeg\",\"datePublished\":\"2023-01-22T05:54:51+00:00\",\"breadcrumb\":{\"@id\":\"https:\/\/noti-america.com\/site\/peru\/2023\/01\/22\/equipo-peruano-sin-brujula-cayo-ante-colombia-2-1\/#breadcrumb\"},\"inLanguage\":\"es\",\"potentialAction\":[{\"@type\":\"ReadAction\",\"target\":[\"https:\/\/noti-america.com\/site\/peru\/2023\/01\/22\/equipo-peruano-sin-brujula-cayo-ante-colombia-2-1\/\"]}]},{\"@type\":\"ImageObject\",\"inLanguage\":\"es\",\"@id\":\"https:\/\/noti-america.com\/site\/peru\/2023\/01\/22\/equipo-peruano-sin-brujula-cayo-ante-colombia-2-1\/#primaryimage\",\"url\":\"https:\/\/noti-america.com\/site\/peru\/wp-content\/uploads\/sites\/8\/2023\/01\/WhatsApp-Image-2023-01-22-at-12.03.51-AM.jpeg\",\"contentUrl\":\"https:\/\/noti-america.com\/site\/peru\/wp-content\/uploads\/sites\/8\/2023\/01\/WhatsApp-Image-2023-01-22-at-12.03.51-AM.jpeg\",\"width\":670,\"height\":368},{\"@type\":\"BreadcrumbList\",\"@id\":\"https:\/\/noti-america.com\/site\/peru\/2023\/01\/22\/equipo-peruano-sin-brujula-cayo-ante-colombia-2-1\/#breadcrumb\",\"itemListElement\":[{\"@type\":\"ListItem\",\"position\":1,\"name\":\"Portada\",\"item\":\"https:\/\/noti-america.com\/site\/peru\/\"},{\"@type\":\"ListItem\",\"position\":2,\"name\":\"EQUIPO PERUANO SIN BR\u00daJULA CAY\u00d3 ANTE COLOMBIA 2-1\"}]},{\"@type\":\"WebSite\",\"@id\":\"https:\/\/noti-america.com\/site\/peru\/#website\",\"url\":\"https:\/\/noti-america.com\/site\/peru\/\",\"name\":\"Per\u00fa | Noti-America.com\",\"description\":\"\",\"publisher\":{\"@id\":\"https:\/\/noti-america.com\/site\/peru\/#organization\"},\"potentialAction\":[{\"@type\":\"SearchAction\",\"target\":{\"@type\":\"EntryPoint\",\"urlTemplate\":\"https:\/\/noti-america.com\/site\/peru\/?s={search_term_string}\"},\"query-input\":{\"@type\":\"PropertyValueSpecification\",\"valueRequired\":true,\"valueName\":\"search_term_string\"}}],\"inLanguage\":\"es\"},{\"@type\":\"Organization\",\"@id\":\"https:\/\/noti-america.com\/site\/peru\/#organization\",\"name\":\"Noti-America LLC | Per\u00fa\",\"url\":\"https:\/\/noti-america.com\/site\/peru\/\",\"logo\":{\"@type\":\"ImageObject\",\"inLanguage\":\"es\",\"@id\":\"https:\/\/noti-america.com\/site\/peru\/#\/schema\/logo\/image\/\",\"url\":\"https:\/\/noti-america.com\/site\/peru\/wp-content\/uploads\/sites\/8\/2020\/07\/LogoNA-4x3-1.jpg\",\"contentUrl\":\"https:\/\/noti-america.com\/site\/peru\/wp-content\/uploads\/sites\/8\/2020\/07\/LogoNA-4x3-1.jpg\",\"width\":1236,\"height\":1080,\"caption\":\"Noti-America LLC | Per\u00fa\"},\"image\":{\"@id\":\"https:\/\/noti-america.com\/site\/peru\/#\/schema\/logo\/image\/\"}},{\"@type\":\"Person\",\"@id\":\"https:\/\/noti-america.com\/site\/peru\/#\/schema\/person\/28a35f20383bf2485bc838bfe76aebdc\",\"name\":\"Geomar Pacheco R.\",\"image\":{\"@type\":\"ImageObject\",\"inLanguage\":\"es\",\"@id\":\"https:\/\/secure.gravatar.com\/avatar\/5f09cb527f9632e92234c6fc6e2cbcefebeed6bdeb0f9129ea4cbc7aa71587c6?s=96&d=mm&r=g\",\"url\":\"https:\/\/secure.gravatar.com\/avatar\/5f09cb527f9632e92234c6fc6e2cbcefebeed6bdeb0f9129ea4cbc7aa71587c6?s=96&d=mm&r=g\",\"contentUrl\":\"https:\/\/secure.gravatar.com\/avatar\/5f09cb527f9632e92234c6fc6e2cbcefebeed6bdeb0f9129ea4cbc7aa71587c6?s=96&d=mm&r=g\",\"caption\":\"Geomar Pacheco R.\"},\"sameAs\":[\"https:\/\/x.com\/GeomarPacheco1\"],\"url\":\"https:\/\/noti-america.com\/site\/peru\/author\/gpacheco\/\"}]}<\/script>\n<!-- \/ Yoast SEO Premium plugin. -->","yoast_head_json":{"title":"EQUIPO PERUANO SIN BR\u00daJULA CAY\u00d3 ANTE COLOMBIA 2-1 - Per\u00fa | Noti-America.com","robots":{"index":"index","follow":"follow","max-snippet":"max-snippet:-1","max-image-preview":"max-image-preview:large","max-video-preview":"max-video-preview:-1"},"canonical":"https:\/\/noti-america.com\/site\/peru\/2023\/01\/22\/equipo-peruano-sin-brujula-cayo-ante-colombia-2-1\/","og_locale":"es_ES","og_type":"article","og_title":"EQUIPO PERUANO SIN BR\u00daJULA CAY\u00d3 ANTE COLOMBIA 2-1","og_description":"NOTI-AM\u00c9RICA PER\u00da &nbsp; \u00a0Por Samuel Castillo Mendoza Nada positivo aport\u00f3 el elenco peruano y perdi\u00f3 ante un elenco colombiano que con pocos argumentos t\u00e9cnicos se llev\u00f3 el triunfo 2-1 que nos pone al borde&#46;&#46;&#46;","og_url":"https:\/\/noti-america.com\/site\/peru\/2023\/01\/22\/equipo-peruano-sin-brujula-cayo-ante-colombia-2-1\/","og_site_name":"Per\u00fa | Noti-America.com","article_published_time":"2023-01-22T05:54:51+00:00","og_image":[{"width":670,"height":368,"url":"https:\/\/noti-america.com\/site\/peru\/wp-content\/uploads\/sites\/8\/2023\/01\/WhatsApp-Image-2023-01-22-at-12.03.51-AM.jpeg","type":"image\/jpeg"}],"author":"Geomar Pacheco R.","twitter_card":"summary_large_image","twitter_creator":"@GeomarPacheco1","twitter_misc":{"Escrito por":"Geomar Pacheco R.","Tiempo estimado de lectura":"2 minutos"},"schema":{"@context":"https:\/\/schema.org","@graph":[{"@type":"Article","@id":"https:\/\/noti-america.com\/site\/peru\/2023\/01\/22\/equipo-peruano-sin-brujula-cayo-ante-colombia-2-1\/#article","isPartOf":{"@id":"https:\/\/noti-america.com\/site\/peru\/2023\/01\/22\/equipo-peruano-sin-brujula-cayo-ante-colombia-2-1\/"},"author":{"name":"Geomar Pacheco R.","@id":"https:\/\/noti-america.com\/site\/peru\/#\/schema\/person\/28a35f20383bf2485bc838bfe76aebdc"},"headline":"EQUIPO PERUANO SIN BR\u00daJULA CAY\u00d3 ANTE COLOMBIA 2-1","datePublished":"2023-01-22T05:54:51+00:00","mainEntityOfPage":{"@id":"https:\/\/noti-america.com\/site\/peru\/2023\/01\/22\/equipo-peruano-sin-brujula-cayo-ante-colombia-2-1\/"},"wordCount":216,"commentCount":0,"publisher":{"@id":"https:\/\/noti-america.com\/site\/peru\/#organization"},"image":{"@id":"https:\/\/noti-america.com\/site\/peru\/2023\/01\/22\/equipo-peruano-sin-brujula-cayo-ante-colombia-2-1\/#primaryimage"},"thumbnailUrl":"https:\/\/noti-america.com\/site\/peru\/wp-content\/uploads\/sites\/8\/2023\/01\/WhatsApp-Image-2023-01-22-at-12.03.51-AM.jpeg","articleSection":["Actualidad","Deportes"],"inLanguage":"es","potentialAction":[{"@type":"CommentAction","name":"Comment","target":["https:\/\/noti-america.com\/site\/peru\/2023\/01\/22\/equipo-peruano-sin-brujula-cayo-ante-colombia-2-1\/#respond"]}]},{"@type":"WebPage","@id":"https:\/\/noti-america.com\/site\/peru\/2023\/01\/22\/equipo-peruano-sin-brujula-cayo-ante-colombia-2-1\/","url":"https:\/\/noti-america.com\/site\/peru\/2023\/01\/22\/equipo-peruano-sin-brujula-cayo-ante-colombia-2-1\/","name":"EQUIPO PERUANO SIN BR\u00daJULA CAY\u00d3 ANTE COLOMBIA 2-1 - Per\u00fa | Noti-America.com","isPartOf":{"@id":"https:\/\/noti-america.com\/site\/peru\/#website"},"primaryImageOfPage":{"@id":"https:\/\/noti-america.com\/site\/peru\/2023\/01\/22\/equipo-peruano-sin-brujula-cayo-ante-colombia-2-1\/#primaryimage"},"image":{"@id":"https:\/\/noti-america.com\/site\/peru\/2023\/01\/22\/equipo-peruano-sin-brujula-cayo-ante-colombia-2-1\/#primaryimage"},"thumbnailUrl":"https:\/\/noti-america.com\/site\/peru\/wp-content\/uploads\/sites\/8\/2023\/01\/WhatsApp-Image-2023-01-22-at-12.03.51-AM.jpeg","datePublished":"2023-01-22T05:54:51+00:00","breadcrumb":{"@id":"https:\/\/noti-america.com\/site\/peru\/2023\/01\/22\/equipo-peruano-sin-brujula-cayo-ante-colombia-2-1\/#breadcrumb"},"inLanguage":"es","potentialAction":[{"@type":"ReadAction","target":["https:\/\/noti-america.com\/site\/peru\/2023\/01\/22\/equipo-peruano-sin-brujula-cayo-ante-colombia-2-1\/"]}]},{"@type":"ImageObject","inLanguage":"es","@id":"https:\/\/noti-america.com\/site\/peru\/2023\/01\/22\/equipo-peruano-sin-brujula-cayo-ante-colombia-2-1\/#primaryimage","url":"https:\/\/noti-america.com\/site\/peru\/wp-content\/uploads\/sites\/8\/2023\/01\/WhatsApp-Image-2023-01-22-at-12.03.51-AM.jpeg","contentUrl":"https:\/\/noti-america.com\/site\/peru\/wp-content\/uploads\/sites\/8\/2023\/01\/WhatsApp-Image-2023-01-22-at-12.03.51-AM.jpeg","width":670,"height":368},{"@type":"BreadcrumbList","@id":"https:\/\/noti-america.com\/site\/peru\/2023\/01\/22\/equipo-peruano-sin-brujula-cayo-ante-colombia-2-1\/#breadcrumb","itemListElement":[{"@type":"ListItem","position":1,"name":"Portada","item":"https:\/\/noti-america.com\/site\/peru\/"},{"@type":"ListItem","position":2,"name":"EQUIPO PERUANO SIN BR\u00daJULA CAY\u00d3 ANTE COLOMBIA 2-1"}]},{"@type":"WebSite","@id":"https:\/\/noti-america.com\/site\/peru\/#website","url":"https:\/\/noti-america.com\/site\/peru\/","name":"Per\u00fa | Noti-America.com","description":"","publisher":{"@id":"https:\/\/noti-america.com\/site\/peru\/#organization"},"potentialAction":[{"@type":"SearchAction","target":{"@type":"EntryPoint","urlTemplate":"https:\/\/noti-america.com\/site\/peru\/?s={search_term_string}"},"query-input":{"@type":"PropertyValueSpecification","valueRequired":true,"valueName":"search_term_string"}}],"inLanguage":"es"},{"@type":"Organization","@id":"https:\/\/noti-america.com\/site\/peru\/#organization","name":"Noti-America LLC | Per\u00fa","url":"https:\/\/noti-america.com\/site\/peru\/","logo":{"@type":"ImageObject","inLanguage":"es","@id":"https:\/\/noti-america.com\/site\/peru\/#\/schema\/logo\/image\/","url":"https:\/\/noti-america.com\/site\/peru\/wp-content\/uploads\/sites\/8\/2020\/07\/LogoNA-4x3-1.jpg","contentUrl":"https:\/\/noti-america.com\/site\/peru\/wp-content\/uploads\/sites\/8\/2020\/07\/LogoNA-4x3-1.jpg","width":1236,"height":1080,"caption":"Noti-America LLC | Per\u00fa"},"image":{"@id":"https:\/\/noti-america.com\/site\/peru\/#\/schema\/logo\/image\/"}},{"@type":"Person","@id":"https:\/\/noti-america.com\/site\/peru\/#\/schema\/person\/28a35f20383bf2485bc838bfe76aebdc","name":"Geomar Pacheco R.","image":{"@type":"ImageObject","inLanguage":"es","@id":"https:\/\/secure.gravatar.com\/avatar\/5f09cb527f9632e92234c6fc6e2cbcefebeed6bdeb0f9129ea4cbc7aa71587c6?s=96&d=mm&r=g","url":"https:\/\/secure.gravatar.com\/avatar\/5f09cb527f9632e92234c6fc6e2cbcefebeed6bdeb0f9129ea4cbc7aa71587c6?s=96&d=mm&r=g","contentUrl":"https:\/\/secure.gravatar.com\/avatar\/5f09cb527f9632e92234c6fc6e2cbcefebeed6bdeb0f9129ea4cbc7aa71587c6?s=96&d=mm&r=g","caption":"Geomar Pacheco R."},"sameAs":["https:\/\/x.com\/GeomarPacheco1"],"url":"https:\/\/noti-america.com\/site\/peru\/author\/gpacheco\/"}]}},"_links":{"self":[{"href":"https:\/\/noti-america.com\/site\/peru\/wp-json\/wp\/v2\/posts\/6252","targetHints":{"allow":["GET"]}}],"collection":[{"href":"https:\/\/noti-america.com\/site\/peru\/wp-json\/wp\/v2\/posts"}],"about":[{"href":"https:\/\/noti-america.com\/site\/peru\/wp-json\/wp\/v2\/types\/post"}],"author":[{"embeddable":true,"href":"https:\/\/noti-america.com\/site\/peru\/wp-json\/wp\/v2\/users\/70"}],"replies":[{"embeddable":true,"href":"https:\/\/noti-america.com\/site\/peru\/wp-json\/wp\/v2\/comments?post=6252"}],"version-history":[{"count":1,"href":"https:\/\/noti-america.com\/site\/peru\/wp-json\/wp\/v2\/posts\/6252\/revisions"}],"predecessor-version":[{"id":6254,"href":"https:\/\/noti-america.com\/site\/peru\/wp-json\/wp\/v2\/posts\/6252\/revisions\/6254"}],"wp:featuredmedia":[{"embeddable":true,"href":"https:\/\/noti-america.com\/site\/peru\/wp-json\/wp\/v2\/media\/6253"}],"wp:attachment":[{"href":"https:\/\/noti-america.com\/site\/peru\/wp-json\/wp\/v2\/media?parent=6252"}],"wp:term":[{"taxonomy":"category","embeddable":true,"href":"https:\/\/noti-america.com\/site\/peru\/wp-json\/wp\/v2\/categories?post=6252"},{"taxonomy":"post_tag","embeddable":true,"href":"https:\/\/noti-america.com\/site\/peru\/wp-json\/wp\/v2\/tags?post=6252"}],"curies":[{"name":"wp","href":"https:\/\/api.w.org\/{rel}","templated":true}]}}