{"id":6245,"date":"2023-01-20T05:31:01","date_gmt":"2023-01-20T05:31:01","guid":{"rendered":"https:\/\/noti-america.com\/site\/peru\/?p=6245"},"modified":"2023-01-20T05:31:01","modified_gmt":"2023-01-20T05:31:01","slug":"los-peruanos-clamamos-por-la-paz-2","status":"publish","type":"post","link":"https:\/\/noti-america.com\/site\/peru\/2023\/01\/20\/los-peruanos-clamamos-por-la-paz-2\/","title":{"rendered":"LOS PERUANOS CLAMAMOS POR LA PAZ"},"content":{"rendered":"<p style=\"text-align: justify\"><strong><span style=\"font-family: Tahoma, Arial, Helvetica, sans-serif;font-size: 14pt\">NOTI-AM\u00c9RICA PER\u00da<\/span><\/strong><\/p>\n<p style=\"text-align: justify\">\n<p style=\"text-align: right\"><strong>Por Geomar Pacheco Rivera<\/strong><\/p>\n<p style=\"text-align: justify\"><span style=\"font-weight: 400;font-family: Tahoma, Arial, Helvetica, sans-serif;font-size: 14pt\">Los\u00a0 integrantes de la Comisi\u00f3n Interamericana de Derechos Humanos (CIDH) se reunieron con la presidenta de la Rep\u00fablica, Dina Boluarte Zegarra, quien reafirm\u00f3 su compromiso de \u00abseguir promoviendo el di\u00e1logo y la paz social\u00bb.<\/span><\/p>\n<p style=\"text-align: justify\">\n<p style=\"text-align: justify\"><span style=\"font-family: Tahoma, Arial, Helvetica, sans-serif;font-size: 14pt\"><span style=\"font-weight: 400\">Durante el encuentro, realizado en la sede del Ejecutivo, la jefa del Estado ratific\u00f3 el apoyo de su gobierno para el cumplimiento de su labor y reafirm\u00f3 su compromiso de<\/span> <span style=\"font-weight: 400\">seguir promoviendo el di\u00e1logo y la paz social en Per\u00fa.<\/span><\/span><\/p>\n<p style=\"text-align: justify\"><a href=\"https:\/\/noti-america.com\/site\/peru\/wp-content\/uploads\/sites\/8\/2023\/01\/Ciudadanos-movilizandose-y-actuando-contra-la-prensa-en-Lima-Foto-ANDINA.jpg\"><img loading=\"lazy\" decoding=\"async\" class=\"aligncenter size-full wp-image-6246\" src=\"https:\/\/noti-america.com\/site\/peru\/wp-content\/uploads\/sites\/8\/2023\/01\/Ciudadanos-movilizandose-y-actuando-contra-la-prensa-en-Lima-Foto-ANDINA.jpg\" alt=\"\" width=\"1800\" height=\"1200\" srcset=\"https:\/\/noti-america.com\/site\/peru\/wp-content\/uploads\/sites\/8\/2023\/01\/Ciudadanos-movilizandose-y-actuando-contra-la-prensa-en-Lima-Foto-ANDINA.jpg 1800w, https:\/\/noti-america.com\/site\/peru\/wp-content\/uploads\/sites\/8\/2023\/01\/Ciudadanos-movilizandose-y-actuando-contra-la-prensa-en-Lima-Foto-ANDINA-300x200.jpg 300w, https:\/\/noti-america.com\/site\/peru\/wp-content\/uploads\/sites\/8\/2023\/01\/Ciudadanos-movilizandose-y-actuando-contra-la-prensa-en-Lima-Foto-ANDINA-1024x683.jpg 1024w, https:\/\/noti-america.com\/site\/peru\/wp-content\/uploads\/sites\/8\/2023\/01\/Ciudadanos-movilizandose-y-actuando-contra-la-prensa-en-Lima-Foto-ANDINA-768x512.jpg 768w, https:\/\/noti-america.com\/site\/peru\/wp-content\/uploads\/sites\/8\/2023\/01\/Ciudadanos-movilizandose-y-actuando-contra-la-prensa-en-Lima-Foto-ANDINA-1536x1024.jpg 1536w, https:\/\/noti-america.com\/site\/peru\/wp-content\/uploads\/sites\/8\/2023\/01\/Ciudadanos-movilizandose-y-actuando-contra-la-prensa-en-Lima-Foto-ANDINA-600x400.jpg 600w, https:\/\/noti-america.com\/site\/peru\/wp-content\/uploads\/sites\/8\/2023\/01\/Ciudadanos-movilizandose-y-actuando-contra-la-prensa-en-Lima-Foto-ANDINA-272x182.jpg 272w\" sizes=\"auto, (max-width: 1800px) 100vw, 1800px\" \/><\/a><\/p>\n<p style=\"text-align: justify\"><span style=\"font-family: Tahoma, Arial, Helvetica, sans-serif;font-size: 14pt\"><b>Foto Andina\u00a0<\/b><\/span><\/p>\n<p style=\"text-align: justify\">\n<p style=\"text-align: justify\"><span style=\"font-family: Tahoma, Arial, Helvetica, sans-serif;font-size: 14pt\"><span style=\"font-weight: 400\">Acompa\u00f1aron a la presidenta\u00a0 Boluarte en la reuni\u00f3n la canciller, Ana Cecilia Gervasi,<\/span> <span style=\"font-weight: 400\">y el ministro de Justicia y Derechos Humanos, Jos\u00e9 Tello.<\/span><\/span><\/p>\n<p style=\"text-align: justify\"><span style=\"font-weight: 400;font-family: Tahoma, Arial, Helvetica, sans-serif;font-size: 14pt\">La visita de los integrantes de la CIDH se realizar\u00e1 del 11 al 13 de enero y tiene por objetivo observar la situaci\u00f3n de derechos humanos en el marco de las protestas sociales que desde el 8 de diciembre del 2022, se vienen realizando en el Per\u00fa.\u00a0<\/span><\/p>\n<p style=\"text-align: justify\"><span style=\"font-weight: 400;font-family: Tahoma, Arial, Helvetica, sans-serif;font-size: 14pt\">La delegaci\u00f3n tiene previsto visitar Lima y otras ciudades del pa\u00eds. Vienen coordinando facilidades de tr\u00e1nsito.\u00a0<\/span><\/p>\n<p style=\"text-align: justify\"><span style=\"font-weight: 400;font-family: Tahoma, Arial, Helvetica, sans-serif;font-size: 14pt\">El grupo est\u00e1 liderado por el primer vicepresidente de la Comisi\u00f3n Interamericana de Derechos Humanos y relator para Per\u00fa, Stuardo Ral\u00f3n; e integrado por el comisionado Joel Hern\u00e1ndez; la secretaria ejecutiva adjunta para Monitoreo, Cooperaci\u00f3n T\u00e9cnica y Capacitaci\u00f3n, Mar\u00eda Claudia Pulido; el relator especial para la Libertad de Expresi\u00f3n, Pedro Vaca; y el equipo t\u00e9cnico de la Secretar\u00eda Ejecutiva.\u00a0\u00a0<\/span><\/p>\n<p style=\"text-align: justify\"><span style=\"font-weight: 400;font-family: Tahoma, Arial, Helvetica, sans-serif;font-size: 14pt\">La comisi\u00f3n se reunir\u00e1 con autoridades p\u00fablicas, organizaciones de la sociedad civil y otros actores relevantes. Tiene planeado visitar el viernes pr\u00f3ximo el Congreso de la Rep\u00fablica y dar\u00e1n a conocer sus primeras apreciaciones sobre la misi\u00f3n que cumplir\u00e1n en el pa\u00eds.<\/span><\/p>\n<p style=\"text-align: justify\"><span style=\"font-weight: 400;font-family: Tahoma, Arial, Helvetica, sans-serif;font-size: 14pt\">Como resultado de la visita, en el ejercicio de sus funciones, la CIDH planea publicar sus observaciones, conclusiones y recomendaciones al Estado peruano.<\/span><\/p>\n<p style=\"text-align: justify\">\n<p style=\"text-align: justify\"><span style=\"font-weight: 400;font-family: Tahoma, Arial, Helvetica, sans-serif;font-size: 14pt\">Autora:<\/span><\/p>\n<p><a href=\"https:\/\/noti-america.com\/site\/peru\/wp-content\/uploads\/sites\/8\/2021\/10\/WhatsApp-Image-2021-10-03-at-8.14.31-PM.jpeg\"><img loading=\"lazy\" decoding=\"async\" class=\"alignleft size-medium wp-image-4327\" src=\"https:\/\/noti-america.com\/site\/peru\/wp-content\/uploads\/sites\/8\/2021\/10\/WhatsApp-Image-2021-10-03-at-8.14.31-PM-300x171.jpeg\" alt=\"\" width=\"300\" height=\"171\" srcset=\"https:\/\/noti-america.com\/site\/peru\/wp-content\/uploads\/sites\/8\/2021\/10\/WhatsApp-Image-2021-10-03-at-8.14.31-PM-300x171.jpeg 300w, https:\/\/noti-america.com\/site\/peru\/wp-content\/uploads\/sites\/8\/2021\/10\/WhatsApp-Image-2021-10-03-at-8.14.31-PM-1024x585.jpeg 1024w, https:\/\/noti-america.com\/site\/peru\/wp-content\/uploads\/sites\/8\/2021\/10\/WhatsApp-Image-2021-10-03-at-8.14.31-PM-768x439.jpeg 768w, https:\/\/noti-america.com\/site\/peru\/wp-content\/uploads\/sites\/8\/2021\/10\/WhatsApp-Image-2021-10-03-at-8.14.31-PM.jpeg 1050w\" sizes=\"auto, (max-width: 300px) 100vw, 300px\" \/><\/a><\/p>\n","protected":false},"excerpt":{"rendered":"<p>NOTI-AM\u00c9RICA PER\u00da Por Geomar Pacheco Rivera Los\u00a0 integrantes de la Comisi\u00f3n Interamericana de Derechos Humanos (CIDH) se reunieron con la presidenta de la Rep\u00fablica, Dina Boluarte Zegarra, quien reafirm\u00f3 su compromiso de \u00abseguir promoviendo&#46;&#46;&#46;<\/p>\n","protected":false},"author":70,"featured_media":6246,"comment_status":"open","ping_status":"open","sticky":false,"template":"","format":"standard","meta":{"_acf_changed":false,"rop_custom_images_group":[],"rop_custom_messages_group":[],"rop_publish_now":"initial","rop_publish_now_accounts":{"twitter_242054905_242054905":""},"rop_publish_now_history":[],"rop_publish_now_status":"pending","footnotes":""},"categories":[10,3],"tags":[],"class_list":["post-6245","post","type-post","status-publish","format-standard","has-post-thumbnail","hentry","category-actualidad","category-politica"],"acf":[],"yoast_head":"<!-- This site is optimized with the Yoast SEO Premium plugin v24.9 (Yoast SEO v27.2) - https:\/\/yoast.com\/product\/yoast-seo-premium-wordpress\/ -->\n<title>LOS PERUANOS CLAMAMOS POR LA PAZ - Per\u00fa | Noti-America.com<\/title>\n<meta name=\"robots\" content=\"index, follow, max-snippet:-1, max-image-preview:large, max-video-preview:-1\" \/>\n<link rel=\"canonical\" href=\"https:\/\/noti-america.com\/site\/peru\/2023\/01\/20\/los-peruanos-clamamos-por-la-paz-2\/\" \/>\n<meta property=\"og:locale\" content=\"es_ES\" \/>\n<meta property=\"og:type\" content=\"article\" \/>\n<meta property=\"og:title\" content=\"LOS PERUANOS CLAMAMOS POR LA PAZ\" \/>\n<meta property=\"og:description\" content=\"NOTI-AM\u00c9RICA PER\u00da Por Geomar Pacheco Rivera Los\u00a0 integrantes de la Comisi\u00f3n Interamericana de Derechos Humanos (CIDH) se reunieron con la presidenta de la Rep\u00fablica, Dina Boluarte Zegarra, quien reafirm\u00f3 su compromiso de \u00abseguir promoviendo&#046;&#046;&#046;\" \/>\n<meta property=\"og:url\" content=\"https:\/\/noti-america.com\/site\/peru\/2023\/01\/20\/los-peruanos-clamamos-por-la-paz-2\/\" \/>\n<meta property=\"og:site_name\" content=\"Per\u00fa | Noti-America.com\" \/>\n<meta property=\"article:published_time\" content=\"2023-01-20T05:31:01+00:00\" \/>\n<meta property=\"og:image\" content=\"https:\/\/noti-america.com\/site\/peru\/wp-content\/uploads\/sites\/8\/2023\/01\/Ciudadanos-movilizandose-y-actuando-contra-la-prensa-en-Lima-Foto-ANDINA.jpg\" \/>\n\t<meta property=\"og:image:width\" content=\"1800\" \/>\n\t<meta property=\"og:image:height\" content=\"1200\" \/>\n\t<meta property=\"og:image:type\" content=\"image\/jpeg\" \/>\n<meta name=\"author\" content=\"Geomar Pacheco R.\" \/>\n<meta name=\"twitter:card\" content=\"summary_large_image\" \/>\n<meta name=\"twitter:creator\" content=\"@GeomarPacheco1\" \/>\n<meta name=\"twitter:label1\" content=\"Escrito por\" \/>\n\t<meta name=\"twitter:data1\" content=\"Geomar Pacheco R.\" \/>\n\t<meta name=\"twitter:label2\" content=\"Tiempo estimado de lectura\" \/>\n\t<meta name=\"twitter:data2\" content=\"2 minutos\" \/>\n<script type=\"application\/ld+json\" class=\"yoast-schema-graph\">{\"@context\":\"https:\/\/schema.org\",\"@graph\":[{\"@type\":\"Article\",\"@id\":\"https:\/\/noti-america.com\/site\/peru\/2023\/01\/20\/los-peruanos-clamamos-por-la-paz-2\/#article\",\"isPartOf\":{\"@id\":\"https:\/\/noti-america.com\/site\/peru\/2023\/01\/20\/los-peruanos-clamamos-por-la-paz-2\/\"},\"author\":{\"name\":\"Geomar Pacheco R.\",\"@id\":\"https:\/\/noti-america.com\/site\/peru\/#\/schema\/person\/28a35f20383bf2485bc838bfe76aebdc\"},\"headline\":\"LOS PERUANOS CLAMAMOS POR LA PAZ\",\"datePublished\":\"2023-01-20T05:31:01+00:00\",\"mainEntityOfPage\":{\"@id\":\"https:\/\/noti-america.com\/site\/peru\/2023\/01\/20\/los-peruanos-clamamos-por-la-paz-2\/\"},\"wordCount\":324,\"commentCount\":0,\"publisher\":{\"@id\":\"https:\/\/noti-america.com\/site\/peru\/#organization\"},\"image\":{\"@id\":\"https:\/\/noti-america.com\/site\/peru\/2023\/01\/20\/los-peruanos-clamamos-por-la-paz-2\/#primaryimage\"},\"thumbnailUrl\":\"https:\/\/noti-america.com\/site\/peru\/wp-content\/uploads\/sites\/8\/2023\/01\/Ciudadanos-movilizandose-y-actuando-contra-la-prensa-en-Lima-Foto-ANDINA.jpg\",\"articleSection\":[\"Actualidad\",\"Pol\u00edtica\"],\"inLanguage\":\"es\",\"potentialAction\":[{\"@type\":\"CommentAction\",\"name\":\"Comment\",\"target\":[\"https:\/\/noti-america.com\/site\/peru\/2023\/01\/20\/los-peruanos-clamamos-por-la-paz-2\/#respond\"]}]},{\"@type\":\"WebPage\",\"@id\":\"https:\/\/noti-america.com\/site\/peru\/2023\/01\/20\/los-peruanos-clamamos-por-la-paz-2\/\",\"url\":\"https:\/\/noti-america.com\/site\/peru\/2023\/01\/20\/los-peruanos-clamamos-por-la-paz-2\/\",\"name\":\"LOS PERUANOS CLAMAMOS POR LA PAZ - Per\u00fa | Noti-America.com\",\"isPartOf\":{\"@id\":\"https:\/\/noti-america.com\/site\/peru\/#website\"},\"primaryImageOfPage\":{\"@id\":\"https:\/\/noti-america.com\/site\/peru\/2023\/01\/20\/los-peruanos-clamamos-por-la-paz-2\/#primaryimage\"},\"image\":{\"@id\":\"https:\/\/noti-america.com\/site\/peru\/2023\/01\/20\/los-peruanos-clamamos-por-la-paz-2\/#primaryimage\"},\"thumbnailUrl\":\"https:\/\/noti-america.com\/site\/peru\/wp-content\/uploads\/sites\/8\/2023\/01\/Ciudadanos-movilizandose-y-actuando-contra-la-prensa-en-Lima-Foto-ANDINA.jpg\",\"datePublished\":\"2023-01-20T05:31:01+00:00\",\"breadcrumb\":{\"@id\":\"https:\/\/noti-america.com\/site\/peru\/2023\/01\/20\/los-peruanos-clamamos-por-la-paz-2\/#breadcrumb\"},\"inLanguage\":\"es\",\"potentialAction\":[{\"@type\":\"ReadAction\",\"target\":[\"https:\/\/noti-america.com\/site\/peru\/2023\/01\/20\/los-peruanos-clamamos-por-la-paz-2\/\"]}]},{\"@type\":\"ImageObject\",\"inLanguage\":\"es\",\"@id\":\"https:\/\/noti-america.com\/site\/peru\/2023\/01\/20\/los-peruanos-clamamos-por-la-paz-2\/#primaryimage\",\"url\":\"https:\/\/noti-america.com\/site\/peru\/wp-content\/uploads\/sites\/8\/2023\/01\/Ciudadanos-movilizandose-y-actuando-contra-la-prensa-en-Lima-Foto-ANDINA.jpg\",\"contentUrl\":\"https:\/\/noti-america.com\/site\/peru\/wp-content\/uploads\/sites\/8\/2023\/01\/Ciudadanos-movilizandose-y-actuando-contra-la-prensa-en-Lima-Foto-ANDINA.jpg\",\"width\":1800,\"height\":1200},{\"@type\":\"BreadcrumbList\",\"@id\":\"https:\/\/noti-america.com\/site\/peru\/2023\/01\/20\/los-peruanos-clamamos-por-la-paz-2\/#breadcrumb\",\"itemListElement\":[{\"@type\":\"ListItem\",\"position\":1,\"name\":\"Portada\",\"item\":\"https:\/\/noti-america.com\/site\/peru\/\"},{\"@type\":\"ListItem\",\"position\":2,\"name\":\"LOS PERUANOS CLAMAMOS POR LA PAZ\"}]},{\"@type\":\"WebSite\",\"@id\":\"https:\/\/noti-america.com\/site\/peru\/#website\",\"url\":\"https:\/\/noti-america.com\/site\/peru\/\",\"name\":\"Per\u00fa | Noti-America.com\",\"description\":\"\",\"publisher\":{\"@id\":\"https:\/\/noti-america.com\/site\/peru\/#organization\"},\"potentialAction\":[{\"@type\":\"SearchAction\",\"target\":{\"@type\":\"EntryPoint\",\"urlTemplate\":\"https:\/\/noti-america.com\/site\/peru\/?s={search_term_string}\"},\"query-input\":{\"@type\":\"PropertyValueSpecification\",\"valueRequired\":true,\"valueName\":\"search_term_string\"}}],\"inLanguage\":\"es\"},{\"@type\":\"Organization\",\"@id\":\"https:\/\/noti-america.com\/site\/peru\/#organization\",\"name\":\"Noti-America LLC | Per\u00fa\",\"url\":\"https:\/\/noti-america.com\/site\/peru\/\",\"logo\":{\"@type\":\"ImageObject\",\"inLanguage\":\"es\",\"@id\":\"https:\/\/noti-america.com\/site\/peru\/#\/schema\/logo\/image\/\",\"url\":\"https:\/\/noti-america.com\/site\/peru\/wp-content\/uploads\/sites\/8\/2020\/07\/LogoNA-4x3-1.jpg\",\"contentUrl\":\"https:\/\/noti-america.com\/site\/peru\/wp-content\/uploads\/sites\/8\/2020\/07\/LogoNA-4x3-1.jpg\",\"width\":1236,\"height\":1080,\"caption\":\"Noti-America LLC | Per\u00fa\"},\"image\":{\"@id\":\"https:\/\/noti-america.com\/site\/peru\/#\/schema\/logo\/image\/\"}},{\"@type\":\"Person\",\"@id\":\"https:\/\/noti-america.com\/site\/peru\/#\/schema\/person\/28a35f20383bf2485bc838bfe76aebdc\",\"name\":\"Geomar Pacheco R.\",\"image\":{\"@type\":\"ImageObject\",\"inLanguage\":\"es\",\"@id\":\"https:\/\/secure.gravatar.com\/avatar\/5f09cb527f9632e92234c6fc6e2cbcefebeed6bdeb0f9129ea4cbc7aa71587c6?s=96&d=mm&r=g\",\"url\":\"https:\/\/secure.gravatar.com\/avatar\/5f09cb527f9632e92234c6fc6e2cbcefebeed6bdeb0f9129ea4cbc7aa71587c6?s=96&d=mm&r=g\",\"contentUrl\":\"https:\/\/secure.gravatar.com\/avatar\/5f09cb527f9632e92234c6fc6e2cbcefebeed6bdeb0f9129ea4cbc7aa71587c6?s=96&d=mm&r=g\",\"caption\":\"Geomar Pacheco R.\"},\"sameAs\":[\"https:\/\/x.com\/GeomarPacheco1\"],\"url\":\"https:\/\/noti-america.com\/site\/peru\/author\/gpacheco\/\"}]}<\/script>\n<!-- \/ Yoast SEO Premium plugin. -->","yoast_head_json":{"title":"LOS PERUANOS CLAMAMOS POR LA PAZ - Per\u00fa | Noti-America.com","robots":{"index":"index","follow":"follow","max-snippet":"max-snippet:-1","max-image-preview":"max-image-preview:large","max-video-preview":"max-video-preview:-1"},"canonical":"https:\/\/noti-america.com\/site\/peru\/2023\/01\/20\/los-peruanos-clamamos-por-la-paz-2\/","og_locale":"es_ES","og_type":"article","og_title":"LOS PERUANOS CLAMAMOS POR LA PAZ","og_description":"NOTI-AM\u00c9RICA PER\u00da Por Geomar Pacheco Rivera Los\u00a0 integrantes de la Comisi\u00f3n Interamericana de Derechos Humanos (CIDH) se reunieron con la presidenta de la Rep\u00fablica, Dina Boluarte Zegarra, quien reafirm\u00f3 su compromiso de \u00abseguir promoviendo&#46;&#46;&#46;","og_url":"https:\/\/noti-america.com\/site\/peru\/2023\/01\/20\/los-peruanos-clamamos-por-la-paz-2\/","og_site_name":"Per\u00fa | Noti-America.com","article_published_time":"2023-01-20T05:31:01+00:00","og_image":[{"width":1800,"height":1200,"url":"https:\/\/noti-america.com\/site\/peru\/wp-content\/uploads\/sites\/8\/2023\/01\/Ciudadanos-movilizandose-y-actuando-contra-la-prensa-en-Lima-Foto-ANDINA.jpg","type":"image\/jpeg"}],"author":"Geomar Pacheco R.","twitter_card":"summary_large_image","twitter_creator":"@GeomarPacheco1","twitter_misc":{"Escrito por":"Geomar Pacheco R.","Tiempo estimado de lectura":"2 minutos"},"schema":{"@context":"https:\/\/schema.org","@graph":[{"@type":"Article","@id":"https:\/\/noti-america.com\/site\/peru\/2023\/01\/20\/los-peruanos-clamamos-por-la-paz-2\/#article","isPartOf":{"@id":"https:\/\/noti-america.com\/site\/peru\/2023\/01\/20\/los-peruanos-clamamos-por-la-paz-2\/"},"author":{"name":"Geomar Pacheco R.","@id":"https:\/\/noti-america.com\/site\/peru\/#\/schema\/person\/28a35f20383bf2485bc838bfe76aebdc"},"headline":"LOS PERUANOS CLAMAMOS POR LA PAZ","datePublished":"2023-01-20T05:31:01+00:00","mainEntityOfPage":{"@id":"https:\/\/noti-america.com\/site\/peru\/2023\/01\/20\/los-peruanos-clamamos-por-la-paz-2\/"},"wordCount":324,"commentCount":0,"publisher":{"@id":"https:\/\/noti-america.com\/site\/peru\/#organization"},"image":{"@id":"https:\/\/noti-america.com\/site\/peru\/2023\/01\/20\/los-peruanos-clamamos-por-la-paz-2\/#primaryimage"},"thumbnailUrl":"https:\/\/noti-america.com\/site\/peru\/wp-content\/uploads\/sites\/8\/2023\/01\/Ciudadanos-movilizandose-y-actuando-contra-la-prensa-en-Lima-Foto-ANDINA.jpg","articleSection":["Actualidad","Pol\u00edtica"],"inLanguage":"es","potentialAction":[{"@type":"CommentAction","name":"Comment","target":["https:\/\/noti-america.com\/site\/peru\/2023\/01\/20\/los-peruanos-clamamos-por-la-paz-2\/#respond"]}]},{"@type":"WebPage","@id":"https:\/\/noti-america.com\/site\/peru\/2023\/01\/20\/los-peruanos-clamamos-por-la-paz-2\/","url":"https:\/\/noti-america.com\/site\/peru\/2023\/01\/20\/los-peruanos-clamamos-por-la-paz-2\/","name":"LOS PERUANOS CLAMAMOS POR LA PAZ - Per\u00fa | Noti-America.com","isPartOf":{"@id":"https:\/\/noti-america.com\/site\/peru\/#website"},"primaryImageOfPage":{"@id":"https:\/\/noti-america.com\/site\/peru\/2023\/01\/20\/los-peruanos-clamamos-por-la-paz-2\/#primaryimage"},"image":{"@id":"https:\/\/noti-america.com\/site\/peru\/2023\/01\/20\/los-peruanos-clamamos-por-la-paz-2\/#primaryimage"},"thumbnailUrl":"https:\/\/noti-america.com\/site\/peru\/wp-content\/uploads\/sites\/8\/2023\/01\/Ciudadanos-movilizandose-y-actuando-contra-la-prensa-en-Lima-Foto-ANDINA.jpg","datePublished":"2023-01-20T05:31:01+00:00","breadcrumb":{"@id":"https:\/\/noti-america.com\/site\/peru\/2023\/01\/20\/los-peruanos-clamamos-por-la-paz-2\/#breadcrumb"},"inLanguage":"es","potentialAction":[{"@type":"ReadAction","target":["https:\/\/noti-america.com\/site\/peru\/2023\/01\/20\/los-peruanos-clamamos-por-la-paz-2\/"]}]},{"@type":"ImageObject","inLanguage":"es","@id":"https:\/\/noti-america.com\/site\/peru\/2023\/01\/20\/los-peruanos-clamamos-por-la-paz-2\/#primaryimage","url":"https:\/\/noti-america.com\/site\/peru\/wp-content\/uploads\/sites\/8\/2023\/01\/Ciudadanos-movilizandose-y-actuando-contra-la-prensa-en-Lima-Foto-ANDINA.jpg","contentUrl":"https:\/\/noti-america.com\/site\/peru\/wp-content\/uploads\/sites\/8\/2023\/01\/Ciudadanos-movilizandose-y-actuando-contra-la-prensa-en-Lima-Foto-ANDINA.jpg","width":1800,"height":1200},{"@type":"BreadcrumbList","@id":"https:\/\/noti-america.com\/site\/peru\/2023\/01\/20\/los-peruanos-clamamos-por-la-paz-2\/#breadcrumb","itemListElement":[{"@type":"ListItem","position":1,"name":"Portada","item":"https:\/\/noti-america.com\/site\/peru\/"},{"@type":"ListItem","position":2,"name":"LOS PERUANOS CLAMAMOS POR LA PAZ"}]},{"@type":"WebSite","@id":"https:\/\/noti-america.com\/site\/peru\/#website","url":"https:\/\/noti-america.com\/site\/peru\/","name":"Per\u00fa | Noti-America.com","description":"","publisher":{"@id":"https:\/\/noti-america.com\/site\/peru\/#organization"},"potentialAction":[{"@type":"SearchAction","target":{"@type":"EntryPoint","urlTemplate":"https:\/\/noti-america.com\/site\/peru\/?s={search_term_string}"},"query-input":{"@type":"PropertyValueSpecification","valueRequired":true,"valueName":"search_term_string"}}],"inLanguage":"es"},{"@type":"Organization","@id":"https:\/\/noti-america.com\/site\/peru\/#organization","name":"Noti-America LLC | Per\u00fa","url":"https:\/\/noti-america.com\/site\/peru\/","logo":{"@type":"ImageObject","inLanguage":"es","@id":"https:\/\/noti-america.com\/site\/peru\/#\/schema\/logo\/image\/","url":"https:\/\/noti-america.com\/site\/peru\/wp-content\/uploads\/sites\/8\/2020\/07\/LogoNA-4x3-1.jpg","contentUrl":"https:\/\/noti-america.com\/site\/peru\/wp-content\/uploads\/sites\/8\/2020\/07\/LogoNA-4x3-1.jpg","width":1236,"height":1080,"caption":"Noti-America LLC | Per\u00fa"},"image":{"@id":"https:\/\/noti-america.com\/site\/peru\/#\/schema\/logo\/image\/"}},{"@type":"Person","@id":"https:\/\/noti-america.com\/site\/peru\/#\/schema\/person\/28a35f20383bf2485bc838bfe76aebdc","name":"Geomar Pacheco R.","image":{"@type":"ImageObject","inLanguage":"es","@id":"https:\/\/secure.gravatar.com\/avatar\/5f09cb527f9632e92234c6fc6e2cbcefebeed6bdeb0f9129ea4cbc7aa71587c6?s=96&d=mm&r=g","url":"https:\/\/secure.gravatar.com\/avatar\/5f09cb527f9632e92234c6fc6e2cbcefebeed6bdeb0f9129ea4cbc7aa71587c6?s=96&d=mm&r=g","contentUrl":"https:\/\/secure.gravatar.com\/avatar\/5f09cb527f9632e92234c6fc6e2cbcefebeed6bdeb0f9129ea4cbc7aa71587c6?s=96&d=mm&r=g","caption":"Geomar Pacheco R."},"sameAs":["https:\/\/x.com\/GeomarPacheco1"],"url":"https:\/\/noti-america.com\/site\/peru\/author\/gpacheco\/"}]}},"_links":{"self":[{"href":"https:\/\/noti-america.com\/site\/peru\/wp-json\/wp\/v2\/posts\/6245","targetHints":{"allow":["GET"]}}],"collection":[{"href":"https:\/\/noti-america.com\/site\/peru\/wp-json\/wp\/v2\/posts"}],"about":[{"href":"https:\/\/noti-america.com\/site\/peru\/wp-json\/wp\/v2\/types\/post"}],"author":[{"embeddable":true,"href":"https:\/\/noti-america.com\/site\/peru\/wp-json\/wp\/v2\/users\/70"}],"replies":[{"embeddable":true,"href":"https:\/\/noti-america.com\/site\/peru\/wp-json\/wp\/v2\/comments?post=6245"}],"version-history":[{"count":1,"href":"https:\/\/noti-america.com\/site\/peru\/wp-json\/wp\/v2\/posts\/6245\/revisions"}],"predecessor-version":[{"id":6247,"href":"https:\/\/noti-america.com\/site\/peru\/wp-json\/wp\/v2\/posts\/6245\/revisions\/6247"}],"wp:featuredmedia":[{"embeddable":true,"href":"https:\/\/noti-america.com\/site\/peru\/wp-json\/wp\/v2\/media\/6246"}],"wp:attachment":[{"href":"https:\/\/noti-america.com\/site\/peru\/wp-json\/wp\/v2\/media?parent=6245"}],"wp:term":[{"taxonomy":"category","embeddable":true,"href":"https:\/\/noti-america.com\/site\/peru\/wp-json\/wp\/v2\/categories?post=6245"},{"taxonomy":"post_tag","embeddable":true,"href":"https:\/\/noti-america.com\/site\/peru\/wp-json\/wp\/v2\/tags?post=6245"}],"curies":[{"name":"wp","href":"https:\/\/api.w.org\/{rel}","templated":true}]}}