{"id":5938,"date":"2022-11-07T23:23:03","date_gmt":"2022-11-07T23:23:03","guid":{"rendered":"https:\/\/noti-america.com\/site\/peru\/2022\/11\/07\/el-madrid-pierde-el-liderato-de-la-liga\/"},"modified":"2022-11-07T23:23:05","modified_gmt":"2022-11-07T23:23:05","slug":"el-madrid-pierde-el-liderato-de-la-liga","status":"publish","type":"post","link":"https:\/\/noti-america.com\/site\/peru\/2022\/11\/07\/el-madrid-pierde-el-liderato-de-la-liga\/","title":{"rendered":"El Madrid pierde el liderato de la Liga"},"content":{"rendered":"<p><img loading=\"lazy\" decoding=\"async\" class=\"size-full wp-image-5939 aligncenter\" src=\"https:\/\/noti-america.com\/site\/peru\/wp-content\/uploads\/sites\/8\/2022\/11\/IMG-20221107-WA0004.jpg\" alt=\"\" width=\"646\" height=\"966\" srcset=\"https:\/\/noti-america.com\/site\/peru\/wp-content\/uploads\/sites\/8\/2022\/11\/IMG-20221107-WA0004.jpg 646w, https:\/\/noti-america.com\/site\/peru\/wp-content\/uploads\/sites\/8\/2022\/11\/IMG-20221107-WA0004-201x300.jpg 201w, https:\/\/noti-america.com\/site\/peru\/wp-content\/uploads\/sites\/8\/2022\/11\/IMG-20221107-WA0004-600x897.jpg 600w\" sizes=\"auto, (max-width: 646px) 100vw, 646px\" \/><\/p>\n<p style=\"text-align: justify\">Real Madrid perdi\u00f3 el invicto en Liga tras caer con Rayo Vallecano 3-2.<\/p>\n<p style=\"text-align: justify\">Este resultado deja al equipo de Ancelotti en el segundo lugar en la tabla de posiciones con 32 puntos, superado por el Barcelona que es primero con 34 unidades luego de 13 partidos disputados.<\/p>\n<p style=\"text-align: justify\">En la pr\u00f3xima jornada los Bluagranas visitan a Osasuna y el cuadro Blanco recibe al C\u00e1diz.<\/p>\n","protected":false},"excerpt":{"rendered":"<p>Real Madrid perdi\u00f3 el invicto en Liga tras caer con Rayo Vallecano 3-2. Este resultado deja al equipo de Ancelotti en el segundo lugar en la tabla de posiciones con 32 puntos, superado por&#46;&#46;&#46;<\/p>\n","protected":false},"author":4,"featured_media":5939,"comment_status":"open","ping_status":"open","sticky":false,"template":"","format":"standard","meta":{"_acf_changed":false,"rop_custom_images_group":[],"rop_custom_messages_group":[],"rop_publish_now":"initial","rop_publish_now_accounts":{"twitter_242054905_242054905":""},"rop_publish_now_history":[],"rop_publish_now_status":"pending","footnotes":""},"categories":[1],"tags":[],"class_list":["post-5938","post","type-post","status-publish","format-standard","has-post-thumbnail","hentry","category-uncategorized"],"acf":[],"yoast_head":"<!-- This site is optimized with the Yoast SEO Premium plugin v24.9 (Yoast SEO v27.2) - https:\/\/yoast.com\/product\/yoast-seo-premium-wordpress\/ -->\n<title>El Madrid pierde el liderato de la Liga - Per\u00fa | Noti-America.com<\/title>\n<meta name=\"robots\" content=\"index, follow, max-snippet:-1, max-image-preview:large, max-video-preview:-1\" \/>\n<link rel=\"canonical\" href=\"https:\/\/noti-america.com\/site\/peru\/2022\/11\/07\/el-madrid-pierde-el-liderato-de-la-liga\/\" \/>\n<meta property=\"og:locale\" content=\"es_ES\" \/>\n<meta property=\"og:type\" content=\"article\" \/>\n<meta property=\"og:title\" content=\"El Madrid pierde el liderato de la Liga\" \/>\n<meta property=\"og:description\" content=\"Real Madrid perdi\u00f3 el invicto en Liga tras caer con Rayo Vallecano 3-2. Este resultado deja al equipo de Ancelotti en el segundo lugar en la tabla de posiciones con 32 puntos, superado por&#046;&#046;&#046;\" \/>\n<meta property=\"og:url\" content=\"https:\/\/noti-america.com\/site\/peru\/2022\/11\/07\/el-madrid-pierde-el-liderato-de-la-liga\/\" \/>\n<meta property=\"og:site_name\" content=\"Per\u00fa | Noti-America.com\" \/>\n<meta property=\"article:author\" content=\"https:\/\/www.facebook.com\/AndresSalazarTV\/\" \/>\n<meta property=\"article:published_time\" content=\"2022-11-07T23:23:03+00:00\" \/>\n<meta property=\"article:modified_time\" content=\"2022-11-07T23:23:05+00:00\" \/>\n<meta property=\"og:image\" content=\"https:\/\/noti-america.com\/site\/peru\/wp-content\/uploads\/sites\/8\/2022\/11\/IMG-20221107-WA0004.jpg\" \/>\n\t<meta property=\"og:image:width\" content=\"646\" \/>\n\t<meta property=\"og:image:height\" content=\"966\" \/>\n\t<meta property=\"og:image:type\" content=\"image\/jpeg\" \/>\n<meta name=\"author\" content=\"Andr\u00e9s Salazar TV\" \/>\n<meta name=\"twitter:card\" content=\"summary_large_image\" \/>\n<meta name=\"twitter:label1\" content=\"Escrito por\" \/>\n\t<meta name=\"twitter:data1\" content=\"Andr\u00e9s Salazar TV\" \/>\n\t<meta name=\"twitter:label2\" content=\"Tiempo estimado de lectura\" \/>\n\t<meta name=\"twitter:data2\" content=\"1 minuto\" \/>\n<script type=\"application\/ld+json\" class=\"yoast-schema-graph\">{\"@context\":\"https:\/\/schema.org\",\"@graph\":[{\"@type\":\"Article\",\"@id\":\"https:\/\/noti-america.com\/site\/peru\/2022\/11\/07\/el-madrid-pierde-el-liderato-de-la-liga\/#article\",\"isPartOf\":{\"@id\":\"https:\/\/noti-america.com\/site\/peru\/2022\/11\/07\/el-madrid-pierde-el-liderato-de-la-liga\/\"},\"author\":{\"name\":\"Andr\u00e9s Salazar TV\",\"@id\":\"https:\/\/noti-america.com\/site\/peru\/#\/schema\/person\/5536bbfd0e2b9220dabb68be6a79e6a2\"},\"headline\":\"El Madrid pierde el liderato de la Liga\",\"datePublished\":\"2022-11-07T23:23:03+00:00\",\"dateModified\":\"2022-11-07T23:23:05+00:00\",\"mainEntityOfPage\":{\"@id\":\"https:\/\/noti-america.com\/site\/peru\/2022\/11\/07\/el-madrid-pierde-el-liderato-de-la-liga\/\"},\"wordCount\":70,\"commentCount\":0,\"publisher\":{\"@id\":\"https:\/\/noti-america.com\/site\/peru\/#organization\"},\"image\":{\"@id\":\"https:\/\/noti-america.com\/site\/peru\/2022\/11\/07\/el-madrid-pierde-el-liderato-de-la-liga\/#primaryimage\"},\"thumbnailUrl\":\"https:\/\/noti-america.com\/site\/peru\/wp-content\/uploads\/sites\/8\/2022\/11\/IMG-20221107-WA0004.jpg\",\"articleSection\":[\"Uncategorized\"],\"inLanguage\":\"es\",\"potentialAction\":[{\"@type\":\"CommentAction\",\"name\":\"Comment\",\"target\":[\"https:\/\/noti-america.com\/site\/peru\/2022\/11\/07\/el-madrid-pierde-el-liderato-de-la-liga\/#respond\"]}]},{\"@type\":\"WebPage\",\"@id\":\"https:\/\/noti-america.com\/site\/peru\/2022\/11\/07\/el-madrid-pierde-el-liderato-de-la-liga\/\",\"url\":\"https:\/\/noti-america.com\/site\/peru\/2022\/11\/07\/el-madrid-pierde-el-liderato-de-la-liga\/\",\"name\":\"El Madrid pierde el liderato de la Liga - Per\u00fa | Noti-America.com\",\"isPartOf\":{\"@id\":\"https:\/\/noti-america.com\/site\/peru\/#website\"},\"primaryImageOfPage\":{\"@id\":\"https:\/\/noti-america.com\/site\/peru\/2022\/11\/07\/el-madrid-pierde-el-liderato-de-la-liga\/#primaryimage\"},\"image\":{\"@id\":\"https:\/\/noti-america.com\/site\/peru\/2022\/11\/07\/el-madrid-pierde-el-liderato-de-la-liga\/#primaryimage\"},\"thumbnailUrl\":\"https:\/\/noti-america.com\/site\/peru\/wp-content\/uploads\/sites\/8\/2022\/11\/IMG-20221107-WA0004.jpg\",\"datePublished\":\"2022-11-07T23:23:03+00:00\",\"dateModified\":\"2022-11-07T23:23:05+00:00\",\"breadcrumb\":{\"@id\":\"https:\/\/noti-america.com\/site\/peru\/2022\/11\/07\/el-madrid-pierde-el-liderato-de-la-liga\/#breadcrumb\"},\"inLanguage\":\"es\",\"potentialAction\":[{\"@type\":\"ReadAction\",\"target\":[\"https:\/\/noti-america.com\/site\/peru\/2022\/11\/07\/el-madrid-pierde-el-liderato-de-la-liga\/\"]}]},{\"@type\":\"ImageObject\",\"inLanguage\":\"es\",\"@id\":\"https:\/\/noti-america.com\/site\/peru\/2022\/11\/07\/el-madrid-pierde-el-liderato-de-la-liga\/#primaryimage\",\"url\":\"https:\/\/noti-america.com\/site\/peru\/wp-content\/uploads\/sites\/8\/2022\/11\/IMG-20221107-WA0004.jpg\",\"contentUrl\":\"https:\/\/noti-america.com\/site\/peru\/wp-content\/uploads\/sites\/8\/2022\/11\/IMG-20221107-WA0004.jpg\",\"width\":646,\"height\":966},{\"@type\":\"BreadcrumbList\",\"@id\":\"https:\/\/noti-america.com\/site\/peru\/2022\/11\/07\/el-madrid-pierde-el-liderato-de-la-liga\/#breadcrumb\",\"itemListElement\":[{\"@type\":\"ListItem\",\"position\":1,\"name\":\"Portada\",\"item\":\"https:\/\/noti-america.com\/site\/peru\/\"},{\"@type\":\"ListItem\",\"position\":2,\"name\":\"El Madrid pierde el liderato de la Liga\"}]},{\"@type\":\"WebSite\",\"@id\":\"https:\/\/noti-america.com\/site\/peru\/#website\",\"url\":\"https:\/\/noti-america.com\/site\/peru\/\",\"name\":\"Per\u00fa | Noti-America.com\",\"description\":\"\",\"publisher\":{\"@id\":\"https:\/\/noti-america.com\/site\/peru\/#organization\"},\"potentialAction\":[{\"@type\":\"SearchAction\",\"target\":{\"@type\":\"EntryPoint\",\"urlTemplate\":\"https:\/\/noti-america.com\/site\/peru\/?s={search_term_string}\"},\"query-input\":{\"@type\":\"PropertyValueSpecification\",\"valueRequired\":true,\"valueName\":\"search_term_string\"}}],\"inLanguage\":\"es\"},{\"@type\":\"Organization\",\"@id\":\"https:\/\/noti-america.com\/site\/peru\/#organization\",\"name\":\"Noti-America LLC | Per\u00fa\",\"url\":\"https:\/\/noti-america.com\/site\/peru\/\",\"logo\":{\"@type\":\"ImageObject\",\"inLanguage\":\"es\",\"@id\":\"https:\/\/noti-america.com\/site\/peru\/#\/schema\/logo\/image\/\",\"url\":\"https:\/\/noti-america.com\/site\/peru\/wp-content\/uploads\/sites\/8\/2020\/07\/LogoNA-4x3-1.jpg\",\"contentUrl\":\"https:\/\/noti-america.com\/site\/peru\/wp-content\/uploads\/sites\/8\/2020\/07\/LogoNA-4x3-1.jpg\",\"width\":1236,\"height\":1080,\"caption\":\"Noti-America LLC | Per\u00fa\"},\"image\":{\"@id\":\"https:\/\/noti-america.com\/site\/peru\/#\/schema\/logo\/image\/\"}},{\"@type\":\"Person\",\"@id\":\"https:\/\/noti-america.com\/site\/peru\/#\/schema\/person\/5536bbfd0e2b9220dabb68be6a79e6a2\",\"name\":\"Andr\u00e9s Salazar TV\",\"image\":{\"@type\":\"ImageObject\",\"inLanguage\":\"es\",\"@id\":\"https:\/\/secure.gravatar.com\/avatar\/afe6826ba750395b641021d9bf08e5496b9d29671cfabb16346350901fb94310?s=96&d=mm&r=g\",\"url\":\"https:\/\/secure.gravatar.com\/avatar\/afe6826ba750395b641021d9bf08e5496b9d29671cfabb16346350901fb94310?s=96&d=mm&r=g\",\"contentUrl\":\"https:\/\/secure.gravatar.com\/avatar\/afe6826ba750395b641021d9bf08e5496b9d29671cfabb16346350901fb94310?s=96&d=mm&r=g\",\"caption\":\"Andr\u00e9s Salazar TV\"},\"description\":\"Andr\u00e9s Salazar. Corresponsal de Noti-Am\u00e9rica en Venezuela. Periodista con m\u00e1s de 14 a\u00f1os de trayectoria en la cobertura de hechos informativos. Amplia experiencia en la narrativa de eventos deportivos, musicales y sucesos de \u00faltima hora.\",\"sameAs\":[\"https:\/\/www.facebook.com\/AndresSalazarTV\/\",\"https:\/\/youtube.com\/@andressalazartv?si=fYrt2l__ee2OK_Fh\"],\"url\":\"https:\/\/noti-america.com\/site\/peru\/author\/asalazar\/\"}]}<\/script>\n<!-- \/ Yoast SEO Premium plugin. -->","yoast_head_json":{"title":"El Madrid pierde el liderato de la Liga - Per\u00fa | Noti-America.com","robots":{"index":"index","follow":"follow","max-snippet":"max-snippet:-1","max-image-preview":"max-image-preview:large","max-video-preview":"max-video-preview:-1"},"canonical":"https:\/\/noti-america.com\/site\/peru\/2022\/11\/07\/el-madrid-pierde-el-liderato-de-la-liga\/","og_locale":"es_ES","og_type":"article","og_title":"El Madrid pierde el liderato de la Liga","og_description":"Real Madrid perdi\u00f3 el invicto en Liga tras caer con Rayo Vallecano 3-2. Este resultado deja al equipo de Ancelotti en el segundo lugar en la tabla de posiciones con 32 puntos, superado por&#46;&#46;&#46;","og_url":"https:\/\/noti-america.com\/site\/peru\/2022\/11\/07\/el-madrid-pierde-el-liderato-de-la-liga\/","og_site_name":"Per\u00fa | Noti-America.com","article_author":"https:\/\/www.facebook.com\/AndresSalazarTV\/","article_published_time":"2022-11-07T23:23:03+00:00","article_modified_time":"2022-11-07T23:23:05+00:00","og_image":[{"width":646,"height":966,"url":"https:\/\/noti-america.com\/site\/peru\/wp-content\/uploads\/sites\/8\/2022\/11\/IMG-20221107-WA0004.jpg","type":"image\/jpeg"}],"author":"Andr\u00e9s Salazar TV","twitter_card":"summary_large_image","twitter_misc":{"Escrito por":"Andr\u00e9s Salazar TV","Tiempo estimado de lectura":"1 minuto"},"schema":{"@context":"https:\/\/schema.org","@graph":[{"@type":"Article","@id":"https:\/\/noti-america.com\/site\/peru\/2022\/11\/07\/el-madrid-pierde-el-liderato-de-la-liga\/#article","isPartOf":{"@id":"https:\/\/noti-america.com\/site\/peru\/2022\/11\/07\/el-madrid-pierde-el-liderato-de-la-liga\/"},"author":{"name":"Andr\u00e9s Salazar TV","@id":"https:\/\/noti-america.com\/site\/peru\/#\/schema\/person\/5536bbfd0e2b9220dabb68be6a79e6a2"},"headline":"El Madrid pierde el liderato de la Liga","datePublished":"2022-11-07T23:23:03+00:00","dateModified":"2022-11-07T23:23:05+00:00","mainEntityOfPage":{"@id":"https:\/\/noti-america.com\/site\/peru\/2022\/11\/07\/el-madrid-pierde-el-liderato-de-la-liga\/"},"wordCount":70,"commentCount":0,"publisher":{"@id":"https:\/\/noti-america.com\/site\/peru\/#organization"},"image":{"@id":"https:\/\/noti-america.com\/site\/peru\/2022\/11\/07\/el-madrid-pierde-el-liderato-de-la-liga\/#primaryimage"},"thumbnailUrl":"https:\/\/noti-america.com\/site\/peru\/wp-content\/uploads\/sites\/8\/2022\/11\/IMG-20221107-WA0004.jpg","articleSection":["Uncategorized"],"inLanguage":"es","potentialAction":[{"@type":"CommentAction","name":"Comment","target":["https:\/\/noti-america.com\/site\/peru\/2022\/11\/07\/el-madrid-pierde-el-liderato-de-la-liga\/#respond"]}]},{"@type":"WebPage","@id":"https:\/\/noti-america.com\/site\/peru\/2022\/11\/07\/el-madrid-pierde-el-liderato-de-la-liga\/","url":"https:\/\/noti-america.com\/site\/peru\/2022\/11\/07\/el-madrid-pierde-el-liderato-de-la-liga\/","name":"El Madrid pierde el liderato de la Liga - Per\u00fa | Noti-America.com","isPartOf":{"@id":"https:\/\/noti-america.com\/site\/peru\/#website"},"primaryImageOfPage":{"@id":"https:\/\/noti-america.com\/site\/peru\/2022\/11\/07\/el-madrid-pierde-el-liderato-de-la-liga\/#primaryimage"},"image":{"@id":"https:\/\/noti-america.com\/site\/peru\/2022\/11\/07\/el-madrid-pierde-el-liderato-de-la-liga\/#primaryimage"},"thumbnailUrl":"https:\/\/noti-america.com\/site\/peru\/wp-content\/uploads\/sites\/8\/2022\/11\/IMG-20221107-WA0004.jpg","datePublished":"2022-11-07T23:23:03+00:00","dateModified":"2022-11-07T23:23:05+00:00","breadcrumb":{"@id":"https:\/\/noti-america.com\/site\/peru\/2022\/11\/07\/el-madrid-pierde-el-liderato-de-la-liga\/#breadcrumb"},"inLanguage":"es","potentialAction":[{"@type":"ReadAction","target":["https:\/\/noti-america.com\/site\/peru\/2022\/11\/07\/el-madrid-pierde-el-liderato-de-la-liga\/"]}]},{"@type":"ImageObject","inLanguage":"es","@id":"https:\/\/noti-america.com\/site\/peru\/2022\/11\/07\/el-madrid-pierde-el-liderato-de-la-liga\/#primaryimage","url":"https:\/\/noti-america.com\/site\/peru\/wp-content\/uploads\/sites\/8\/2022\/11\/IMG-20221107-WA0004.jpg","contentUrl":"https:\/\/noti-america.com\/site\/peru\/wp-content\/uploads\/sites\/8\/2022\/11\/IMG-20221107-WA0004.jpg","width":646,"height":966},{"@type":"BreadcrumbList","@id":"https:\/\/noti-america.com\/site\/peru\/2022\/11\/07\/el-madrid-pierde-el-liderato-de-la-liga\/#breadcrumb","itemListElement":[{"@type":"ListItem","position":1,"name":"Portada","item":"https:\/\/noti-america.com\/site\/peru\/"},{"@type":"ListItem","position":2,"name":"El Madrid pierde el liderato de la Liga"}]},{"@type":"WebSite","@id":"https:\/\/noti-america.com\/site\/peru\/#website","url":"https:\/\/noti-america.com\/site\/peru\/","name":"Per\u00fa | Noti-America.com","description":"","publisher":{"@id":"https:\/\/noti-america.com\/site\/peru\/#organization"},"potentialAction":[{"@type":"SearchAction","target":{"@type":"EntryPoint","urlTemplate":"https:\/\/noti-america.com\/site\/peru\/?s={search_term_string}"},"query-input":{"@type":"PropertyValueSpecification","valueRequired":true,"valueName":"search_term_string"}}],"inLanguage":"es"},{"@type":"Organization","@id":"https:\/\/noti-america.com\/site\/peru\/#organization","name":"Noti-America LLC | Per\u00fa","url":"https:\/\/noti-america.com\/site\/peru\/","logo":{"@type":"ImageObject","inLanguage":"es","@id":"https:\/\/noti-america.com\/site\/peru\/#\/schema\/logo\/image\/","url":"https:\/\/noti-america.com\/site\/peru\/wp-content\/uploads\/sites\/8\/2020\/07\/LogoNA-4x3-1.jpg","contentUrl":"https:\/\/noti-america.com\/site\/peru\/wp-content\/uploads\/sites\/8\/2020\/07\/LogoNA-4x3-1.jpg","width":1236,"height":1080,"caption":"Noti-America LLC | Per\u00fa"},"image":{"@id":"https:\/\/noti-america.com\/site\/peru\/#\/schema\/logo\/image\/"}},{"@type":"Person","@id":"https:\/\/noti-america.com\/site\/peru\/#\/schema\/person\/5536bbfd0e2b9220dabb68be6a79e6a2","name":"Andr\u00e9s Salazar TV","image":{"@type":"ImageObject","inLanguage":"es","@id":"https:\/\/secure.gravatar.com\/avatar\/afe6826ba750395b641021d9bf08e5496b9d29671cfabb16346350901fb94310?s=96&d=mm&r=g","url":"https:\/\/secure.gravatar.com\/avatar\/afe6826ba750395b641021d9bf08e5496b9d29671cfabb16346350901fb94310?s=96&d=mm&r=g","contentUrl":"https:\/\/secure.gravatar.com\/avatar\/afe6826ba750395b641021d9bf08e5496b9d29671cfabb16346350901fb94310?s=96&d=mm&r=g","caption":"Andr\u00e9s Salazar TV"},"description":"Andr\u00e9s Salazar. Corresponsal de Noti-Am\u00e9rica en Venezuela. Periodista con m\u00e1s de 14 a\u00f1os de trayectoria en la cobertura de hechos informativos. Amplia experiencia en la narrativa de eventos deportivos, musicales y sucesos de \u00faltima hora.","sameAs":["https:\/\/www.facebook.com\/AndresSalazarTV\/","https:\/\/youtube.com\/@andressalazartv?si=fYrt2l__ee2OK_Fh"],"url":"https:\/\/noti-america.com\/site\/peru\/author\/asalazar\/"}]}},"_links":{"self":[{"href":"https:\/\/noti-america.com\/site\/peru\/wp-json\/wp\/v2\/posts\/5938","targetHints":{"allow":["GET"]}}],"collection":[{"href":"https:\/\/noti-america.com\/site\/peru\/wp-json\/wp\/v2\/posts"}],"about":[{"href":"https:\/\/noti-america.com\/site\/peru\/wp-json\/wp\/v2\/types\/post"}],"author":[{"embeddable":true,"href":"https:\/\/noti-america.com\/site\/peru\/wp-json\/wp\/v2\/users\/4"}],"replies":[{"embeddable":true,"href":"https:\/\/noti-america.com\/site\/peru\/wp-json\/wp\/v2\/comments?post=5938"}],"version-history":[{"count":1,"href":"https:\/\/noti-america.com\/site\/peru\/wp-json\/wp\/v2\/posts\/5938\/revisions"}],"predecessor-version":[{"id":5940,"href":"https:\/\/noti-america.com\/site\/peru\/wp-json\/wp\/v2\/posts\/5938\/revisions\/5940"}],"wp:featuredmedia":[{"embeddable":true,"href":"https:\/\/noti-america.com\/site\/peru\/wp-json\/wp\/v2\/media\/5939"}],"wp:attachment":[{"href":"https:\/\/noti-america.com\/site\/peru\/wp-json\/wp\/v2\/media?parent=5938"}],"wp:term":[{"taxonomy":"category","embeddable":true,"href":"https:\/\/noti-america.com\/site\/peru\/wp-json\/wp\/v2\/categories?post=5938"},{"taxonomy":"post_tag","embeddable":true,"href":"https:\/\/noti-america.com\/site\/peru\/wp-json\/wp\/v2\/tags?post=5938"}],"curies":[{"name":"wp","href":"https:\/\/api.w.org\/{rel}","templated":true}]}}