{"id":5772,"date":"2022-09-25T05:49:43","date_gmt":"2022-09-25T05:49:43","guid":{"rendered":"https:\/\/noti-america.com\/site\/peru\/?p=5772"},"modified":"2022-09-25T05:49:43","modified_gmt":"2022-09-25T05:49:43","slug":"nuestras-ninas-en-la-era-digital","status":"publish","type":"post","link":"https:\/\/noti-america.com\/site\/peru\/2022\/09\/25\/nuestras-ninas-en-la-era-digital\/","title":{"rendered":"Nuestras ni\u00f1as en la era digital"},"content":{"rendered":"<p style=\"text-align: justify\"><span style=\"font-size: 14pt\"><strong><span style=\"font-family: Tahoma, Arial, Helvetica, sans-serif\">NOTI-AM\u00c9RICA PER\u00da<\/span><\/strong><\/span><\/p>\n<p style=\"text-align: justify\"><span style=\"font-family: Tahoma, Arial, Helvetica, sans-serif\">Por un Gobierno y Transformaci\u00f3n Digital con equidad, la Presidencia del Consejo de Ministros, a trav\u00e9s de la Secretar\u00eda de Gobierno y Transformaci\u00f3n Digital, lanz\u00f3 la tercera edici\u00f3n del programa \u201cNi\u00f1as Digitales Per\u00fa\u201d, con el fin de impulsar mayor participaci\u00f3n de mujeres en tecnolog\u00eda y materias STEAM.<\/span><\/p>\n<p style=\"text-align: justify\"><span style=\"font-family: Tahoma, Arial, Helvetica, sans-serif\">La tercera edici\u00f3n del programa se propone capacitar gratuitamente en programaci\u00f3n Scratch a 1000 ni\u00f1as de 8 y 14 a\u00f1os de edad que busquen desarrollar su esp\u00edritu innovador y contribuir al desarrollo digital del Per\u00fa.<\/span><\/p>\n<p style=\"text-align: justify\"><span style=\"font-family: Tahoma, Arial, Helvetica, sans-serif\">\u00abLa necesidad de impulsar una mayor participaci\u00f3n de mujeres en tecnolog\u00eda se motiva, en el marco de la Estrategia Nacional de Talento Digital, y programa la tercera convocatoria del evento \u00abNi\u00f1as Digitales Per\u00fa\u00bb para sensibilizar cada vez m\u00e1s ni\u00f1as a integrarse de manera segura al mundo digital\u201d, destac\u00f3 Marushka Chocobar, secretaria de la Secretar\u00eda de Gobierno y Transformaci\u00f3n Digital de la PCM.<\/span><\/p>\n<div id=\"attachment_5774\" style=\"width: 727px\" class=\"wp-caption aligncenter\"><a href=\"https:\/\/noti-america.com\/site\/peru\/wp-content\/uploads\/sites\/8\/2022\/09\/foto-bienvenida.png\"><img loading=\"lazy\" decoding=\"async\" aria-describedby=\"caption-attachment-5774\" class=\"size-full wp-image-5774\" src=\"https:\/\/noti-america.com\/site\/peru\/wp-content\/uploads\/sites\/8\/2022\/09\/foto-bienvenida.png\" alt=\"\" width=\"717\" height=\"403\" srcset=\"https:\/\/noti-america.com\/site\/peru\/wp-content\/uploads\/sites\/8\/2022\/09\/foto-bienvenida.png 717w, https:\/\/noti-america.com\/site\/peru\/wp-content\/uploads\/sites\/8\/2022\/09\/foto-bienvenida-300x169.png 300w, https:\/\/noti-america.com\/site\/peru\/wp-content\/uploads\/sites\/8\/2022\/09\/foto-bienvenida-600x337.png 600w\" sizes=\"auto, (max-width: 717px) 100vw, 717px\" \/><\/a><p id=\"caption-attachment-5774\" class=\"wp-caption-text\">Foto: Perueduca.com<\/p><\/div>\n<p style=\"text-align: justify\"><span style=\"font-family: Tahoma, Arial, Helvetica, sans-serif\">En el desarrollo del Programa, las participantes aprender\u00e1n a programar un cuento digital o una historia inspiradora que podr\u00e1 ser presentada en el Concurso Mujer Tecno-Inspiradora. Las ni\u00f1as aprender\u00e1n a programar en Scratch, plataforma de programaci\u00f3n desarrollada por el MIT Media Lab del Massachusetts Institute of Technology.<\/span><\/p>\n<p style=\"text-align: justify\"><span style=\"font-family: Tahoma, Arial, Helvetica, sans-serif\">Seg\u00fan datos del Banco Interamericano de Desarrollo (BID) para el 2025 se estima que Latinoam\u00e9rica requerir\u00e1 1,2 millones de desarrolladores de software para suplir la demanda de empleo en este campo, lo que hace que el aprendizaje obtenido en estos cursos otorgue herramientas indispensables para estas potenciales carreras profesionales.<\/span><\/p>\n<p style=\"text-align: justify\"><span style=\"font-family: Tahoma, Arial, Helvetica, sans-serif\">En regiones el programa \u201cNi\u00f1as Digitales Per\u00fa\u201d ha desarrollado sesiones de aprendizaje en Cajamarca y Lima y en esta tercera edici\u00f3n el Programa abre la convocatoria a nivel nacional. El apoyo de las familias ha sido fundamental en el \u00e9xito de las ediciones anteriores.<\/span><\/p>\n<p style=\"text-align: justify\"><span style=\"font-family: Tahoma, Arial, Helvetica, sans-serif\">La Secretar\u00eda de Gobierno y Transformaci\u00f3n Digital, en alianza con la asociaci\u00f3n civil Tecky Brains y con otros actores del Sistema Nacional de Transformaci\u00f3n Digital, promueven las acciones para el desarrollo del talento digital, a fin de asegurar el ejercicio pleno de la ciudadan\u00eda digital en el pa\u00eds. Recientemente, la PCM anunci\u00f3 que, a la fecha, m\u00e1s de 100 mil personas a nivel nacional han sido capacitadas en transformaci\u00f3n digital en el marco de la Estrategia Nacional de Talento Digital.<\/span><\/p>\n<p style=\"text-align: justify\"><span style=\"font-family: Tahoma, Arial, Helvetica, sans-serif\">Para participar en el Programa, las familias podr\u00e1n inscribir a sus ni\u00f1as de 8 y 14 a\u00f1os de edad, llenando el formulario en la Plataforma Nacional de Talento Digital www.gob.pe\/talentodigital hasta el 30 de septiembre.<\/span><\/p>\n<p style=\"text-align: justify\"><span style=\"font-family: Tahoma, Arial, Helvetica, sans-serif\">La Presidencia del Consejo de Ministros ejerce la rector\u00eda en materia de gobierno, confianza y transformaci\u00f3n digital en el pa\u00eds y viene liderando el despliegue de tecnolog\u00edas digitales a fin de garantizar el acceso inclusivo, seguro y de calidad al entorno digital en todas las regiones del pa\u00eds para consolidar la ciudadan\u00eda digital como lo establece la Pol\u00edtica General de Gobierno 2021-2026.<\/span><br \/>\n<span style=\"font-family: Tahoma, Arial, Helvetica, sans-serif\">El personal profesional de Oficina de Prensa e Imagen Institucional, brinda informaci\u00f3n complementaria del evento.<\/span><\/p>\n<p><a href=\"https:\/\/noti-america.com\/site\/peru\/wp-content\/uploads\/sites\/8\/2022\/09\/standard_WhatsApp-Image-2021-11-10-at-22.18.37.jpeg.jpeg\"><img loading=\"lazy\" decoding=\"async\" class=\"aligncenter size-full wp-image-5773\" src=\"https:\/\/noti-america.com\/site\/peru\/wp-content\/uploads\/sites\/8\/2022\/09\/standard_WhatsApp-Image-2021-11-10-at-22.18.37.jpeg.jpeg\" alt=\"\" width=\"645\" height=\"363\" srcset=\"https:\/\/noti-america.com\/site\/peru\/wp-content\/uploads\/sites\/8\/2022\/09\/standard_WhatsApp-Image-2021-11-10-at-22.18.37.jpeg.jpeg 645w, https:\/\/noti-america.com\/site\/peru\/wp-content\/uploads\/sites\/8\/2022\/09\/standard_WhatsApp-Image-2021-11-10-at-22.18.37.jpeg-300x169.jpeg 300w, https:\/\/noti-america.com\/site\/peru\/wp-content\/uploads\/sites\/8\/2022\/09\/standard_WhatsApp-Image-2021-11-10-at-22.18.37.jpeg-600x338.jpeg 600w\" sizes=\"auto, (max-width: 645px) 100vw, 645px\" \/><\/a><\/p>\n<p style=\"text-align: justify\">\n","protected":false},"excerpt":{"rendered":"<p>NOTI-AM\u00c9RICA PER\u00da Por un Gobierno y Transformaci\u00f3n Digital con equidad, la Presidencia del Consejo de Ministros, a trav\u00e9s de la Secretar\u00eda de Gobierno y Transformaci\u00f3n Digital, lanz\u00f3 la tercera edici\u00f3n del programa \u201cNi\u00f1as Digitales&#46;&#46;&#46;<\/p>\n","protected":false},"author":70,"featured_media":5774,"comment_status":"open","ping_status":"open","sticky":false,"template":"","format":"standard","meta":{"_acf_changed":false,"rop_custom_images_group":[],"rop_custom_messages_group":[],"rop_publish_now":"initial","rop_publish_now_accounts":{"twitter_242054905_242054905":""},"rop_publish_now_history":[],"rop_publish_now_status":"pending","footnotes":""},"categories":[10,188],"tags":[],"class_list":["post-5772","post","type-post","status-publish","format-standard","has-post-thumbnail","hentry","category-actualidad","category-educacion"],"acf":[],"yoast_head":"<!-- This site is optimized with the Yoast SEO Premium plugin v24.9 (Yoast SEO v27.2) - https:\/\/yoast.com\/product\/yoast-seo-premium-wordpress\/ -->\n<title>Nuestras ni\u00f1as en la era digital - Per\u00fa | Noti-America.com<\/title>\n<meta name=\"robots\" content=\"index, follow, max-snippet:-1, max-image-preview:large, max-video-preview:-1\" \/>\n<link rel=\"canonical\" href=\"https:\/\/noti-america.com\/site\/peru\/2022\/09\/25\/nuestras-ninas-en-la-era-digital\/\" \/>\n<meta property=\"og:locale\" content=\"es_ES\" \/>\n<meta property=\"og:type\" content=\"article\" \/>\n<meta property=\"og:title\" content=\"Nuestras ni\u00f1as en la era digital\" \/>\n<meta property=\"og:description\" content=\"NOTI-AM\u00c9RICA PER\u00da Por un Gobierno y Transformaci\u00f3n Digital con equidad, la Presidencia del Consejo de Ministros, a trav\u00e9s de la Secretar\u00eda de Gobierno y Transformaci\u00f3n Digital, lanz\u00f3 la tercera edici\u00f3n del programa \u201cNi\u00f1as Digitales&#046;&#046;&#046;\" \/>\n<meta property=\"og:url\" content=\"https:\/\/noti-america.com\/site\/peru\/2022\/09\/25\/nuestras-ninas-en-la-era-digital\/\" \/>\n<meta property=\"og:site_name\" content=\"Per\u00fa | Noti-America.com\" \/>\n<meta property=\"article:published_time\" content=\"2022-09-25T05:49:43+00:00\" \/>\n<meta property=\"og:image\" content=\"https:\/\/noti-america.com\/site\/peru\/wp-content\/uploads\/sites\/8\/2022\/09\/foto-bienvenida.png\" \/>\n\t<meta property=\"og:image:width\" content=\"717\" \/>\n\t<meta property=\"og:image:height\" content=\"403\" \/>\n\t<meta property=\"og:image:type\" content=\"image\/png\" \/>\n<meta name=\"author\" content=\"Geomar Pacheco R.\" \/>\n<meta name=\"twitter:card\" content=\"summary_large_image\" \/>\n<meta name=\"twitter:creator\" content=\"@GeomarPacheco1\" \/>\n<meta name=\"twitter:label1\" content=\"Escrito por\" \/>\n\t<meta name=\"twitter:data1\" content=\"Geomar Pacheco R.\" \/>\n\t<meta name=\"twitter:label2\" content=\"Tiempo estimado de lectura\" \/>\n\t<meta name=\"twitter:data2\" content=\"3 minutos\" \/>\n<script type=\"application\/ld+json\" class=\"yoast-schema-graph\">{\"@context\":\"https:\/\/schema.org\",\"@graph\":[{\"@type\":\"Article\",\"@id\":\"https:\/\/noti-america.com\/site\/peru\/2022\/09\/25\/nuestras-ninas-en-la-era-digital\/#article\",\"isPartOf\":{\"@id\":\"https:\/\/noti-america.com\/site\/peru\/2022\/09\/25\/nuestras-ninas-en-la-era-digital\/\"},\"author\":{\"name\":\"Geomar Pacheco R.\",\"@id\":\"https:\/\/noti-america.com\/site\/peru\/#\/schema\/person\/28a35f20383bf2485bc838bfe76aebdc\"},\"headline\":\"Nuestras ni\u00f1as en la era digital\",\"datePublished\":\"2022-09-25T05:49:43+00:00\",\"mainEntityOfPage\":{\"@id\":\"https:\/\/noti-america.com\/site\/peru\/2022\/09\/25\/nuestras-ninas-en-la-era-digital\/\"},\"wordCount\":537,\"commentCount\":0,\"publisher\":{\"@id\":\"https:\/\/noti-america.com\/site\/peru\/#organization\"},\"image\":{\"@id\":\"https:\/\/noti-america.com\/site\/peru\/2022\/09\/25\/nuestras-ninas-en-la-era-digital\/#primaryimage\"},\"thumbnailUrl\":\"https:\/\/noti-america.com\/site\/peru\/wp-content\/uploads\/sites\/8\/2022\/09\/foto-bienvenida.png\",\"articleSection\":[\"Actualidad\",\"Educaci\u00f3n\"],\"inLanguage\":\"es\",\"potentialAction\":[{\"@type\":\"CommentAction\",\"name\":\"Comment\",\"target\":[\"https:\/\/noti-america.com\/site\/peru\/2022\/09\/25\/nuestras-ninas-en-la-era-digital\/#respond\"]}]},{\"@type\":\"WebPage\",\"@id\":\"https:\/\/noti-america.com\/site\/peru\/2022\/09\/25\/nuestras-ninas-en-la-era-digital\/\",\"url\":\"https:\/\/noti-america.com\/site\/peru\/2022\/09\/25\/nuestras-ninas-en-la-era-digital\/\",\"name\":\"Nuestras ni\u00f1as en la era digital - Per\u00fa | Noti-America.com\",\"isPartOf\":{\"@id\":\"https:\/\/noti-america.com\/site\/peru\/#website\"},\"primaryImageOfPage\":{\"@id\":\"https:\/\/noti-america.com\/site\/peru\/2022\/09\/25\/nuestras-ninas-en-la-era-digital\/#primaryimage\"},\"image\":{\"@id\":\"https:\/\/noti-america.com\/site\/peru\/2022\/09\/25\/nuestras-ninas-en-la-era-digital\/#primaryimage\"},\"thumbnailUrl\":\"https:\/\/noti-america.com\/site\/peru\/wp-content\/uploads\/sites\/8\/2022\/09\/foto-bienvenida.png\",\"datePublished\":\"2022-09-25T05:49:43+00:00\",\"breadcrumb\":{\"@id\":\"https:\/\/noti-america.com\/site\/peru\/2022\/09\/25\/nuestras-ninas-en-la-era-digital\/#breadcrumb\"},\"inLanguage\":\"es\",\"potentialAction\":[{\"@type\":\"ReadAction\",\"target\":[\"https:\/\/noti-america.com\/site\/peru\/2022\/09\/25\/nuestras-ninas-en-la-era-digital\/\"]}]},{\"@type\":\"ImageObject\",\"inLanguage\":\"es\",\"@id\":\"https:\/\/noti-america.com\/site\/peru\/2022\/09\/25\/nuestras-ninas-en-la-era-digital\/#primaryimage\",\"url\":\"https:\/\/noti-america.com\/site\/peru\/wp-content\/uploads\/sites\/8\/2022\/09\/foto-bienvenida.png\",\"contentUrl\":\"https:\/\/noti-america.com\/site\/peru\/wp-content\/uploads\/sites\/8\/2022\/09\/foto-bienvenida.png\",\"width\":717,\"height\":403,\"caption\":\"Foto: Perueduca.com\"},{\"@type\":\"BreadcrumbList\",\"@id\":\"https:\/\/noti-america.com\/site\/peru\/2022\/09\/25\/nuestras-ninas-en-la-era-digital\/#breadcrumb\",\"itemListElement\":[{\"@type\":\"ListItem\",\"position\":1,\"name\":\"Portada\",\"item\":\"https:\/\/noti-america.com\/site\/peru\/\"},{\"@type\":\"ListItem\",\"position\":2,\"name\":\"Nuestras ni\u00f1as en la era digital\"}]},{\"@type\":\"WebSite\",\"@id\":\"https:\/\/noti-america.com\/site\/peru\/#website\",\"url\":\"https:\/\/noti-america.com\/site\/peru\/\",\"name\":\"Per\u00fa | Noti-America.com\",\"description\":\"\",\"publisher\":{\"@id\":\"https:\/\/noti-america.com\/site\/peru\/#organization\"},\"potentialAction\":[{\"@type\":\"SearchAction\",\"target\":{\"@type\":\"EntryPoint\",\"urlTemplate\":\"https:\/\/noti-america.com\/site\/peru\/?s={search_term_string}\"},\"query-input\":{\"@type\":\"PropertyValueSpecification\",\"valueRequired\":true,\"valueName\":\"search_term_string\"}}],\"inLanguage\":\"es\"},{\"@type\":\"Organization\",\"@id\":\"https:\/\/noti-america.com\/site\/peru\/#organization\",\"name\":\"Noti-America LLC | Per\u00fa\",\"url\":\"https:\/\/noti-america.com\/site\/peru\/\",\"logo\":{\"@type\":\"ImageObject\",\"inLanguage\":\"es\",\"@id\":\"https:\/\/noti-america.com\/site\/peru\/#\/schema\/logo\/image\/\",\"url\":\"https:\/\/noti-america.com\/site\/peru\/wp-content\/uploads\/sites\/8\/2020\/07\/LogoNA-4x3-1.jpg\",\"contentUrl\":\"https:\/\/noti-america.com\/site\/peru\/wp-content\/uploads\/sites\/8\/2020\/07\/LogoNA-4x3-1.jpg\",\"width\":1236,\"height\":1080,\"caption\":\"Noti-America LLC | Per\u00fa\"},\"image\":{\"@id\":\"https:\/\/noti-america.com\/site\/peru\/#\/schema\/logo\/image\/\"}},{\"@type\":\"Person\",\"@id\":\"https:\/\/noti-america.com\/site\/peru\/#\/schema\/person\/28a35f20383bf2485bc838bfe76aebdc\",\"name\":\"Geomar Pacheco R.\",\"image\":{\"@type\":\"ImageObject\",\"inLanguage\":\"es\",\"@id\":\"https:\/\/secure.gravatar.com\/avatar\/5f09cb527f9632e92234c6fc6e2cbcefebeed6bdeb0f9129ea4cbc7aa71587c6?s=96&d=mm&r=g\",\"url\":\"https:\/\/secure.gravatar.com\/avatar\/5f09cb527f9632e92234c6fc6e2cbcefebeed6bdeb0f9129ea4cbc7aa71587c6?s=96&d=mm&r=g\",\"contentUrl\":\"https:\/\/secure.gravatar.com\/avatar\/5f09cb527f9632e92234c6fc6e2cbcefebeed6bdeb0f9129ea4cbc7aa71587c6?s=96&d=mm&r=g\",\"caption\":\"Geomar Pacheco R.\"},\"sameAs\":[\"https:\/\/x.com\/GeomarPacheco1\"],\"url\":\"https:\/\/noti-america.com\/site\/peru\/author\/gpacheco\/\"}]}<\/script>\n<!-- \/ Yoast SEO Premium plugin. -->","yoast_head_json":{"title":"Nuestras ni\u00f1as en la era digital - Per\u00fa | Noti-America.com","robots":{"index":"index","follow":"follow","max-snippet":"max-snippet:-1","max-image-preview":"max-image-preview:large","max-video-preview":"max-video-preview:-1"},"canonical":"https:\/\/noti-america.com\/site\/peru\/2022\/09\/25\/nuestras-ninas-en-la-era-digital\/","og_locale":"es_ES","og_type":"article","og_title":"Nuestras ni\u00f1as en la era digital","og_description":"NOTI-AM\u00c9RICA PER\u00da Por un Gobierno y Transformaci\u00f3n Digital con equidad, la Presidencia del Consejo de Ministros, a trav\u00e9s de la Secretar\u00eda de Gobierno y Transformaci\u00f3n Digital, lanz\u00f3 la tercera edici\u00f3n del programa \u201cNi\u00f1as Digitales&#46;&#46;&#46;","og_url":"https:\/\/noti-america.com\/site\/peru\/2022\/09\/25\/nuestras-ninas-en-la-era-digital\/","og_site_name":"Per\u00fa | Noti-America.com","article_published_time":"2022-09-25T05:49:43+00:00","og_image":[{"width":717,"height":403,"url":"https:\/\/noti-america.com\/site\/peru\/wp-content\/uploads\/sites\/8\/2022\/09\/foto-bienvenida.png","type":"image\/png"}],"author":"Geomar Pacheco R.","twitter_card":"summary_large_image","twitter_creator":"@GeomarPacheco1","twitter_misc":{"Escrito por":"Geomar Pacheco R.","Tiempo estimado de lectura":"3 minutos"},"schema":{"@context":"https:\/\/schema.org","@graph":[{"@type":"Article","@id":"https:\/\/noti-america.com\/site\/peru\/2022\/09\/25\/nuestras-ninas-en-la-era-digital\/#article","isPartOf":{"@id":"https:\/\/noti-america.com\/site\/peru\/2022\/09\/25\/nuestras-ninas-en-la-era-digital\/"},"author":{"name":"Geomar Pacheco R.","@id":"https:\/\/noti-america.com\/site\/peru\/#\/schema\/person\/28a35f20383bf2485bc838bfe76aebdc"},"headline":"Nuestras ni\u00f1as en la era digital","datePublished":"2022-09-25T05:49:43+00:00","mainEntityOfPage":{"@id":"https:\/\/noti-america.com\/site\/peru\/2022\/09\/25\/nuestras-ninas-en-la-era-digital\/"},"wordCount":537,"commentCount":0,"publisher":{"@id":"https:\/\/noti-america.com\/site\/peru\/#organization"},"image":{"@id":"https:\/\/noti-america.com\/site\/peru\/2022\/09\/25\/nuestras-ninas-en-la-era-digital\/#primaryimage"},"thumbnailUrl":"https:\/\/noti-america.com\/site\/peru\/wp-content\/uploads\/sites\/8\/2022\/09\/foto-bienvenida.png","articleSection":["Actualidad","Educaci\u00f3n"],"inLanguage":"es","potentialAction":[{"@type":"CommentAction","name":"Comment","target":["https:\/\/noti-america.com\/site\/peru\/2022\/09\/25\/nuestras-ninas-en-la-era-digital\/#respond"]}]},{"@type":"WebPage","@id":"https:\/\/noti-america.com\/site\/peru\/2022\/09\/25\/nuestras-ninas-en-la-era-digital\/","url":"https:\/\/noti-america.com\/site\/peru\/2022\/09\/25\/nuestras-ninas-en-la-era-digital\/","name":"Nuestras ni\u00f1as en la era digital - Per\u00fa | Noti-America.com","isPartOf":{"@id":"https:\/\/noti-america.com\/site\/peru\/#website"},"primaryImageOfPage":{"@id":"https:\/\/noti-america.com\/site\/peru\/2022\/09\/25\/nuestras-ninas-en-la-era-digital\/#primaryimage"},"image":{"@id":"https:\/\/noti-america.com\/site\/peru\/2022\/09\/25\/nuestras-ninas-en-la-era-digital\/#primaryimage"},"thumbnailUrl":"https:\/\/noti-america.com\/site\/peru\/wp-content\/uploads\/sites\/8\/2022\/09\/foto-bienvenida.png","datePublished":"2022-09-25T05:49:43+00:00","breadcrumb":{"@id":"https:\/\/noti-america.com\/site\/peru\/2022\/09\/25\/nuestras-ninas-en-la-era-digital\/#breadcrumb"},"inLanguage":"es","potentialAction":[{"@type":"ReadAction","target":["https:\/\/noti-america.com\/site\/peru\/2022\/09\/25\/nuestras-ninas-en-la-era-digital\/"]}]},{"@type":"ImageObject","inLanguage":"es","@id":"https:\/\/noti-america.com\/site\/peru\/2022\/09\/25\/nuestras-ninas-en-la-era-digital\/#primaryimage","url":"https:\/\/noti-america.com\/site\/peru\/wp-content\/uploads\/sites\/8\/2022\/09\/foto-bienvenida.png","contentUrl":"https:\/\/noti-america.com\/site\/peru\/wp-content\/uploads\/sites\/8\/2022\/09\/foto-bienvenida.png","width":717,"height":403,"caption":"Foto: Perueduca.com"},{"@type":"BreadcrumbList","@id":"https:\/\/noti-america.com\/site\/peru\/2022\/09\/25\/nuestras-ninas-en-la-era-digital\/#breadcrumb","itemListElement":[{"@type":"ListItem","position":1,"name":"Portada","item":"https:\/\/noti-america.com\/site\/peru\/"},{"@type":"ListItem","position":2,"name":"Nuestras ni\u00f1as en la era digital"}]},{"@type":"WebSite","@id":"https:\/\/noti-america.com\/site\/peru\/#website","url":"https:\/\/noti-america.com\/site\/peru\/","name":"Per\u00fa | Noti-America.com","description":"","publisher":{"@id":"https:\/\/noti-america.com\/site\/peru\/#organization"},"potentialAction":[{"@type":"SearchAction","target":{"@type":"EntryPoint","urlTemplate":"https:\/\/noti-america.com\/site\/peru\/?s={search_term_string}"},"query-input":{"@type":"PropertyValueSpecification","valueRequired":true,"valueName":"search_term_string"}}],"inLanguage":"es"},{"@type":"Organization","@id":"https:\/\/noti-america.com\/site\/peru\/#organization","name":"Noti-America LLC | Per\u00fa","url":"https:\/\/noti-america.com\/site\/peru\/","logo":{"@type":"ImageObject","inLanguage":"es","@id":"https:\/\/noti-america.com\/site\/peru\/#\/schema\/logo\/image\/","url":"https:\/\/noti-america.com\/site\/peru\/wp-content\/uploads\/sites\/8\/2020\/07\/LogoNA-4x3-1.jpg","contentUrl":"https:\/\/noti-america.com\/site\/peru\/wp-content\/uploads\/sites\/8\/2020\/07\/LogoNA-4x3-1.jpg","width":1236,"height":1080,"caption":"Noti-America LLC | Per\u00fa"},"image":{"@id":"https:\/\/noti-america.com\/site\/peru\/#\/schema\/logo\/image\/"}},{"@type":"Person","@id":"https:\/\/noti-america.com\/site\/peru\/#\/schema\/person\/28a35f20383bf2485bc838bfe76aebdc","name":"Geomar Pacheco R.","image":{"@type":"ImageObject","inLanguage":"es","@id":"https:\/\/secure.gravatar.com\/avatar\/5f09cb527f9632e92234c6fc6e2cbcefebeed6bdeb0f9129ea4cbc7aa71587c6?s=96&d=mm&r=g","url":"https:\/\/secure.gravatar.com\/avatar\/5f09cb527f9632e92234c6fc6e2cbcefebeed6bdeb0f9129ea4cbc7aa71587c6?s=96&d=mm&r=g","contentUrl":"https:\/\/secure.gravatar.com\/avatar\/5f09cb527f9632e92234c6fc6e2cbcefebeed6bdeb0f9129ea4cbc7aa71587c6?s=96&d=mm&r=g","caption":"Geomar Pacheco R."},"sameAs":["https:\/\/x.com\/GeomarPacheco1"],"url":"https:\/\/noti-america.com\/site\/peru\/author\/gpacheco\/"}]}},"_links":{"self":[{"href":"https:\/\/noti-america.com\/site\/peru\/wp-json\/wp\/v2\/posts\/5772","targetHints":{"allow":["GET"]}}],"collection":[{"href":"https:\/\/noti-america.com\/site\/peru\/wp-json\/wp\/v2\/posts"}],"about":[{"href":"https:\/\/noti-america.com\/site\/peru\/wp-json\/wp\/v2\/types\/post"}],"author":[{"embeddable":true,"href":"https:\/\/noti-america.com\/site\/peru\/wp-json\/wp\/v2\/users\/70"}],"replies":[{"embeddable":true,"href":"https:\/\/noti-america.com\/site\/peru\/wp-json\/wp\/v2\/comments?post=5772"}],"version-history":[{"count":1,"href":"https:\/\/noti-america.com\/site\/peru\/wp-json\/wp\/v2\/posts\/5772\/revisions"}],"predecessor-version":[{"id":5775,"href":"https:\/\/noti-america.com\/site\/peru\/wp-json\/wp\/v2\/posts\/5772\/revisions\/5775"}],"wp:featuredmedia":[{"embeddable":true,"href":"https:\/\/noti-america.com\/site\/peru\/wp-json\/wp\/v2\/media\/5774"}],"wp:attachment":[{"href":"https:\/\/noti-america.com\/site\/peru\/wp-json\/wp\/v2\/media?parent=5772"}],"wp:term":[{"taxonomy":"category","embeddable":true,"href":"https:\/\/noti-america.com\/site\/peru\/wp-json\/wp\/v2\/categories?post=5772"},{"taxonomy":"post_tag","embeddable":true,"href":"https:\/\/noti-america.com\/site\/peru\/wp-json\/wp\/v2\/tags?post=5772"}],"curies":[{"name":"wp","href":"https:\/\/api.w.org\/{rel}","templated":true}]}}