{"id":5598,"date":"2022-09-05T05:26:35","date_gmt":"2022-09-05T05:26:35","guid":{"rendered":"https:\/\/noti-america.com\/site\/peru\/?p=5598"},"modified":"2022-09-05T05:26:35","modified_gmt":"2022-09-05T05:26:35","slug":"el-peru-necesita-consenso-para-el-desarrollo","status":"publish","type":"post","link":"https:\/\/noti-america.com\/site\/peru\/2022\/09\/05\/el-peru-necesita-consenso-para-el-desarrollo\/","title":{"rendered":"EL PER\u00da NECESITA CONSENSO PARA EL DESARROLLO"},"content":{"rendered":"<p><strong>NOTI-AM\u00c9RICA PER\u00da<\/strong><\/p>\n<p style=\"text-align: right\"><span style=\"font-weight: 400\">Por Geomar Pacheco Rivera<\/span><\/p>\n<p style=\"text-align: justify\">\n<p style=\"text-align: justify\"><span style=\"font-weight: 400\">El presidente del Consejo de Ministros, An\u00edbal Torres, inform\u00f3 a los peruanos\u00a0 en conferencia televisada\u00a0 que \u00abnuestro Per\u00fa creci\u00f3 en cifras, incluso preciso en la data\u00a0 proporcionada que la pobreza ha disminuido\u00bb. Nada m\u00e1s lejos de la realidad peruana. La verdadera raz\u00f3n para convocar a los periodistas lime\u00f1os el domingo por la noche, en horario estelar, fue para validar los \u00faltimos audios grabados el 30 de agosto y que se vienen difundiendo de\u00a0 la presidenta del Congreso, Lady Camones.<\/span><\/p>\n<p style=\"text-align: justify\"><span style=\"font-weight: 400\">En la accidentada conferencia de prensa, el jefe del Gabinete cuestion\u00f3 el contenido de dicho material, en donde se escucha a la congresista Camones conversar con C\u00e9sar Acu\u00f1a, candidato al Gobierno Regional de La Libertad y l\u00edder de Alianza Para el Progreso, grupo al que pertenece la titular del Parlamento.<\/span><\/p>\n<p style=\"text-align: justify\"><span style=\"font-weight: 400\">De acuerdo con el audio, difundido en la reuni\u00f3n de ministros y periodistas, se habr\u00eda buscado promover en el Parlamento una ley para convertir en distrito a Alto Trujillo, a fin de favorecer la imagen de Acu\u00f1a Peralta en el marco de su campa\u00f1a electoral Regional-Municipal.<\/span><\/p>\n<div id=\"attachment_5599\" style=\"width: 1290px\" class=\"wp-caption aligncenter\"><a href=\"https:\/\/noti-america.com\/site\/peru\/wp-content\/uploads\/sites\/8\/2022\/09\/WhatsApp-Image-2022-09-04-at-11.09.29-PM.jpeg\"><img loading=\"lazy\" decoding=\"async\" aria-describedby=\"caption-attachment-5599\" class=\"wp-image-5599 size-full\" src=\"https:\/\/noti-america.com\/site\/peru\/wp-content\/uploads\/sites\/8\/2022\/09\/WhatsApp-Image-2022-09-04-at-11.09.29-PM.jpeg\" alt=\"\" width=\"1280\" height=\"852\" srcset=\"https:\/\/noti-america.com\/site\/peru\/wp-content\/uploads\/sites\/8\/2022\/09\/WhatsApp-Image-2022-09-04-at-11.09.29-PM.jpeg 1280w, https:\/\/noti-america.com\/site\/peru\/wp-content\/uploads\/sites\/8\/2022\/09\/WhatsApp-Image-2022-09-04-at-11.09.29-PM-300x200.jpeg 300w, https:\/\/noti-america.com\/site\/peru\/wp-content\/uploads\/sites\/8\/2022\/09\/WhatsApp-Image-2022-09-04-at-11.09.29-PM-1024x682.jpeg 1024w, https:\/\/noti-america.com\/site\/peru\/wp-content\/uploads\/sites\/8\/2022\/09\/WhatsApp-Image-2022-09-04-at-11.09.29-PM-768x511.jpeg 768w, https:\/\/noti-america.com\/site\/peru\/wp-content\/uploads\/sites\/8\/2022\/09\/WhatsApp-Image-2022-09-04-at-11.09.29-PM-600x399.jpeg 600w, https:\/\/noti-america.com\/site\/peru\/wp-content\/uploads\/sites\/8\/2022\/09\/WhatsApp-Image-2022-09-04-at-11.09.29-PM-272x182.jpeg 272w\" sizes=\"auto, (max-width: 1280px) 100vw, 1280px\" \/><\/a><p id=\"caption-attachment-5599\" class=\"wp-caption-text\">Conferencia de Prensa en domingo &#8211; Foto ANDINA<\/p><\/div>\n<p>&nbsp;<\/p>\n<p style=\"text-align: justify\"><span style=\"font-weight: 400\">El jefe del Gabinete indic\u00f3 que lo ocurrido linda con un delito y existen pruebas,\u00a0 por lo que desde el Ejecutivo esperan la reacci\u00f3n de la Fiscal\u00eda, la Defensor\u00eda del Pueblo y la Procuradur\u00eda. Se\u00f1al\u00f3 tambi\u00e9n que los protagonistas del audio no han negado lo ocurrido. \u201cYo no s\u00e9 si las autoridades requieren algo m\u00e1s frente a estas pruebas para actuar\u201d, expres\u00f3 Torres V\u00e1squez.<\/span><\/p>\n<p style=\"text-align: justify\"><span style=\"font-weight: 400\">Durante la conferencia hicieron uso de la palabra varios ministros y todos coincidieron en que la presidenta del Congreso debe ser separada del cargo. La rueda de preguntas a cargo de los periodistas asistentes fue matizada por la presencia de \u00abperiodistas de medios alternativos \u00ab. Las respuestas del premier Torres, siempre confrontacionales, promovieron el abandono de algunos representantes de medios calificados por Torres de corruptos y dem\u00e1s. La defensa de la democracia fue en todo momento mencionada como aliada de los voceros del gabinete Castillo-Torres.\u00a0\u00a0<\/span><\/p>\n<p style=\"text-align: justify\"><span style=\"font-weight: 400\">Autora:<\/span><\/p>\n<p><a href=\"https:\/\/noti-america.com\/site\/peru\/wp-content\/uploads\/sites\/8\/2021\/10\/WhatsApp-Image-2021-10-03-at-8.14.31-PM.jpeg\"><img loading=\"lazy\" decoding=\"async\" class=\"alignleft wp-image-4327 size-medium\" src=\"https:\/\/noti-america.com\/site\/peru\/wp-content\/uploads\/sites\/8\/2021\/10\/WhatsApp-Image-2021-10-03-at-8.14.31-PM-300x171.jpeg\" alt=\"\" width=\"300\" height=\"171\" srcset=\"https:\/\/noti-america.com\/site\/peru\/wp-content\/uploads\/sites\/8\/2021\/10\/WhatsApp-Image-2021-10-03-at-8.14.31-PM-300x171.jpeg 300w, https:\/\/noti-america.com\/site\/peru\/wp-content\/uploads\/sites\/8\/2021\/10\/WhatsApp-Image-2021-10-03-at-8.14.31-PM-1024x585.jpeg 1024w, https:\/\/noti-america.com\/site\/peru\/wp-content\/uploads\/sites\/8\/2021\/10\/WhatsApp-Image-2021-10-03-at-8.14.31-PM-768x439.jpeg 768w, https:\/\/noti-america.com\/site\/peru\/wp-content\/uploads\/sites\/8\/2021\/10\/WhatsApp-Image-2021-10-03-at-8.14.31-PM.jpeg 1050w\" sizes=\"auto, (max-width: 300px) 100vw, 300px\" \/><\/a><\/p>\n<p>&nbsp;<\/p>\n<p style=\"text-align: justify\">\n","protected":false},"excerpt":{"rendered":"<p>NOTI-AM\u00c9RICA PER\u00da Por Geomar Pacheco Rivera El presidente del Consejo de Ministros, An\u00edbal Torres, inform\u00f3 a los peruanos\u00a0 en conferencia televisada\u00a0 que \u00abnuestro Per\u00fa creci\u00f3 en cifras, incluso preciso en la data\u00a0 proporcionada que&#46;&#46;&#46;<\/p>\n","protected":false},"author":70,"featured_media":5599,"comment_status":"open","ping_status":"open","sticky":false,"template":"","format":"standard","meta":{"_acf_changed":false,"rop_custom_images_group":[],"rop_custom_messages_group":[],"rop_publish_now":"initial","rop_publish_now_accounts":{"twitter_242054905_242054905":""},"rop_publish_now_history":[],"rop_publish_now_status":"pending","footnotes":""},"categories":[10,12,3],"tags":[],"class_list":["post-5598","post","type-post","status-publish","format-standard","has-post-thumbnail","hentry","category-actualidad","category-opinion","category-politica"],"acf":[],"yoast_head":"<!-- This site is optimized with the Yoast SEO Premium plugin v24.9 (Yoast SEO v27.2) - https:\/\/yoast.com\/product\/yoast-seo-premium-wordpress\/ -->\n<title>EL PER\u00da NECESITA CONSENSO PARA EL DESARROLLO - Per\u00fa | Noti-America.com<\/title>\n<meta name=\"robots\" content=\"index, follow, max-snippet:-1, max-image-preview:large, max-video-preview:-1\" \/>\n<link rel=\"canonical\" href=\"https:\/\/noti-america.com\/site\/peru\/2022\/09\/05\/el-peru-necesita-consenso-para-el-desarrollo\/\" \/>\n<meta property=\"og:locale\" content=\"es_ES\" \/>\n<meta property=\"og:type\" content=\"article\" \/>\n<meta property=\"og:title\" content=\"EL PER\u00da NECESITA CONSENSO PARA EL DESARROLLO\" \/>\n<meta property=\"og:description\" content=\"NOTI-AM\u00c9RICA PER\u00da Por Geomar Pacheco Rivera El presidente del Consejo de Ministros, An\u00edbal Torres, inform\u00f3 a los peruanos\u00a0 en conferencia televisada\u00a0 que \u00abnuestro Per\u00fa creci\u00f3 en cifras, incluso preciso en la data\u00a0 proporcionada que&#046;&#046;&#046;\" \/>\n<meta property=\"og:url\" content=\"https:\/\/noti-america.com\/site\/peru\/2022\/09\/05\/el-peru-necesita-consenso-para-el-desarrollo\/\" \/>\n<meta property=\"og:site_name\" content=\"Per\u00fa | Noti-America.com\" \/>\n<meta property=\"article:published_time\" content=\"2022-09-05T05:26:35+00:00\" \/>\n<meta property=\"og:image\" content=\"https:\/\/noti-america.com\/site\/peru\/wp-content\/uploads\/sites\/8\/2022\/09\/WhatsApp-Image-2022-09-04-at-11.09.29-PM.jpeg\" \/>\n\t<meta property=\"og:image:width\" content=\"1280\" \/>\n\t<meta property=\"og:image:height\" content=\"852\" \/>\n\t<meta property=\"og:image:type\" content=\"image\/jpeg\" \/>\n<meta name=\"author\" content=\"Geomar Pacheco R.\" \/>\n<meta name=\"twitter:card\" content=\"summary_large_image\" \/>\n<meta name=\"twitter:creator\" content=\"@GeomarPacheco1\" \/>\n<meta name=\"twitter:label1\" content=\"Escrito por\" \/>\n\t<meta name=\"twitter:data1\" content=\"Geomar Pacheco R.\" \/>\n\t<meta name=\"twitter:label2\" content=\"Tiempo estimado de lectura\" \/>\n\t<meta name=\"twitter:data2\" content=\"2 minutos\" \/>\n<script type=\"application\/ld+json\" class=\"yoast-schema-graph\">{\"@context\":\"https:\/\/schema.org\",\"@graph\":[{\"@type\":\"Article\",\"@id\":\"https:\/\/noti-america.com\/site\/peru\/2022\/09\/05\/el-peru-necesita-consenso-para-el-desarrollo\/#article\",\"isPartOf\":{\"@id\":\"https:\/\/noti-america.com\/site\/peru\/2022\/09\/05\/el-peru-necesita-consenso-para-el-desarrollo\/\"},\"author\":{\"name\":\"Geomar Pacheco R.\",\"@id\":\"https:\/\/noti-america.com\/site\/peru\/#\/schema\/person\/28a35f20383bf2485bc838bfe76aebdc\"},\"headline\":\"EL PER\u00da NECESITA CONSENSO PARA EL DESARROLLO\",\"datePublished\":\"2022-09-05T05:26:35+00:00\",\"mainEntityOfPage\":{\"@id\":\"https:\/\/noti-america.com\/site\/peru\/2022\/09\/05\/el-peru-necesita-consenso-para-el-desarrollo\/\"},\"wordCount\":374,\"commentCount\":0,\"publisher\":{\"@id\":\"https:\/\/noti-america.com\/site\/peru\/#organization\"},\"image\":{\"@id\":\"https:\/\/noti-america.com\/site\/peru\/2022\/09\/05\/el-peru-necesita-consenso-para-el-desarrollo\/#primaryimage\"},\"thumbnailUrl\":\"https:\/\/noti-america.com\/site\/peru\/wp-content\/uploads\/sites\/8\/2022\/09\/WhatsApp-Image-2022-09-04-at-11.09.29-PM.jpeg\",\"articleSection\":[\"Actualidad\",\"Opini\u00f3n\",\"Pol\u00edtica\"],\"inLanguage\":\"es\",\"potentialAction\":[{\"@type\":\"CommentAction\",\"name\":\"Comment\",\"target\":[\"https:\/\/noti-america.com\/site\/peru\/2022\/09\/05\/el-peru-necesita-consenso-para-el-desarrollo\/#respond\"]}]},{\"@type\":\"WebPage\",\"@id\":\"https:\/\/noti-america.com\/site\/peru\/2022\/09\/05\/el-peru-necesita-consenso-para-el-desarrollo\/\",\"url\":\"https:\/\/noti-america.com\/site\/peru\/2022\/09\/05\/el-peru-necesita-consenso-para-el-desarrollo\/\",\"name\":\"EL PER\u00da NECESITA CONSENSO PARA EL DESARROLLO - Per\u00fa | Noti-America.com\",\"isPartOf\":{\"@id\":\"https:\/\/noti-america.com\/site\/peru\/#website\"},\"primaryImageOfPage\":{\"@id\":\"https:\/\/noti-america.com\/site\/peru\/2022\/09\/05\/el-peru-necesita-consenso-para-el-desarrollo\/#primaryimage\"},\"image\":{\"@id\":\"https:\/\/noti-america.com\/site\/peru\/2022\/09\/05\/el-peru-necesita-consenso-para-el-desarrollo\/#primaryimage\"},\"thumbnailUrl\":\"https:\/\/noti-america.com\/site\/peru\/wp-content\/uploads\/sites\/8\/2022\/09\/WhatsApp-Image-2022-09-04-at-11.09.29-PM.jpeg\",\"datePublished\":\"2022-09-05T05:26:35+00:00\",\"breadcrumb\":{\"@id\":\"https:\/\/noti-america.com\/site\/peru\/2022\/09\/05\/el-peru-necesita-consenso-para-el-desarrollo\/#breadcrumb\"},\"inLanguage\":\"es\",\"potentialAction\":[{\"@type\":\"ReadAction\",\"target\":[\"https:\/\/noti-america.com\/site\/peru\/2022\/09\/05\/el-peru-necesita-consenso-para-el-desarrollo\/\"]}]},{\"@type\":\"ImageObject\",\"inLanguage\":\"es\",\"@id\":\"https:\/\/noti-america.com\/site\/peru\/2022\/09\/05\/el-peru-necesita-consenso-para-el-desarrollo\/#primaryimage\",\"url\":\"https:\/\/noti-america.com\/site\/peru\/wp-content\/uploads\/sites\/8\/2022\/09\/WhatsApp-Image-2022-09-04-at-11.09.29-PM.jpeg\",\"contentUrl\":\"https:\/\/noti-america.com\/site\/peru\/wp-content\/uploads\/sites\/8\/2022\/09\/WhatsApp-Image-2022-09-04-at-11.09.29-PM.jpeg\",\"width\":1280,\"height\":852},{\"@type\":\"BreadcrumbList\",\"@id\":\"https:\/\/noti-america.com\/site\/peru\/2022\/09\/05\/el-peru-necesita-consenso-para-el-desarrollo\/#breadcrumb\",\"itemListElement\":[{\"@type\":\"ListItem\",\"position\":1,\"name\":\"Portada\",\"item\":\"https:\/\/noti-america.com\/site\/peru\/\"},{\"@type\":\"ListItem\",\"position\":2,\"name\":\"EL PER\u00da NECESITA CONSENSO PARA EL DESARROLLO\"}]},{\"@type\":\"WebSite\",\"@id\":\"https:\/\/noti-america.com\/site\/peru\/#website\",\"url\":\"https:\/\/noti-america.com\/site\/peru\/\",\"name\":\"Per\u00fa | Noti-America.com\",\"description\":\"\",\"publisher\":{\"@id\":\"https:\/\/noti-america.com\/site\/peru\/#organization\"},\"potentialAction\":[{\"@type\":\"SearchAction\",\"target\":{\"@type\":\"EntryPoint\",\"urlTemplate\":\"https:\/\/noti-america.com\/site\/peru\/?s={search_term_string}\"},\"query-input\":{\"@type\":\"PropertyValueSpecification\",\"valueRequired\":true,\"valueName\":\"search_term_string\"}}],\"inLanguage\":\"es\"},{\"@type\":\"Organization\",\"@id\":\"https:\/\/noti-america.com\/site\/peru\/#organization\",\"name\":\"Noti-America LLC | Per\u00fa\",\"url\":\"https:\/\/noti-america.com\/site\/peru\/\",\"logo\":{\"@type\":\"ImageObject\",\"inLanguage\":\"es\",\"@id\":\"https:\/\/noti-america.com\/site\/peru\/#\/schema\/logo\/image\/\",\"url\":\"https:\/\/noti-america.com\/site\/peru\/wp-content\/uploads\/sites\/8\/2020\/07\/LogoNA-4x3-1.jpg\",\"contentUrl\":\"https:\/\/noti-america.com\/site\/peru\/wp-content\/uploads\/sites\/8\/2020\/07\/LogoNA-4x3-1.jpg\",\"width\":1236,\"height\":1080,\"caption\":\"Noti-America LLC | Per\u00fa\"},\"image\":{\"@id\":\"https:\/\/noti-america.com\/site\/peru\/#\/schema\/logo\/image\/\"}},{\"@type\":\"Person\",\"@id\":\"https:\/\/noti-america.com\/site\/peru\/#\/schema\/person\/28a35f20383bf2485bc838bfe76aebdc\",\"name\":\"Geomar Pacheco R.\",\"image\":{\"@type\":\"ImageObject\",\"inLanguage\":\"es\",\"@id\":\"https:\/\/secure.gravatar.com\/avatar\/5f09cb527f9632e92234c6fc6e2cbcefebeed6bdeb0f9129ea4cbc7aa71587c6?s=96&d=mm&r=g\",\"url\":\"https:\/\/secure.gravatar.com\/avatar\/5f09cb527f9632e92234c6fc6e2cbcefebeed6bdeb0f9129ea4cbc7aa71587c6?s=96&d=mm&r=g\",\"contentUrl\":\"https:\/\/secure.gravatar.com\/avatar\/5f09cb527f9632e92234c6fc6e2cbcefebeed6bdeb0f9129ea4cbc7aa71587c6?s=96&d=mm&r=g\",\"caption\":\"Geomar Pacheco R.\"},\"sameAs\":[\"https:\/\/x.com\/GeomarPacheco1\"],\"url\":\"https:\/\/noti-america.com\/site\/peru\/author\/gpacheco\/\"}]}<\/script>\n<!-- \/ Yoast SEO Premium plugin. -->","yoast_head_json":{"title":"EL PER\u00da NECESITA CONSENSO PARA EL DESARROLLO - Per\u00fa | Noti-America.com","robots":{"index":"index","follow":"follow","max-snippet":"max-snippet:-1","max-image-preview":"max-image-preview:large","max-video-preview":"max-video-preview:-1"},"canonical":"https:\/\/noti-america.com\/site\/peru\/2022\/09\/05\/el-peru-necesita-consenso-para-el-desarrollo\/","og_locale":"es_ES","og_type":"article","og_title":"EL PER\u00da NECESITA CONSENSO PARA EL DESARROLLO","og_description":"NOTI-AM\u00c9RICA PER\u00da Por Geomar Pacheco Rivera El presidente del Consejo de Ministros, An\u00edbal Torres, inform\u00f3 a los peruanos\u00a0 en conferencia televisada\u00a0 que \u00abnuestro Per\u00fa creci\u00f3 en cifras, incluso preciso en la data\u00a0 proporcionada que&#46;&#46;&#46;","og_url":"https:\/\/noti-america.com\/site\/peru\/2022\/09\/05\/el-peru-necesita-consenso-para-el-desarrollo\/","og_site_name":"Per\u00fa | Noti-America.com","article_published_time":"2022-09-05T05:26:35+00:00","og_image":[{"width":1280,"height":852,"url":"https:\/\/noti-america.com\/site\/peru\/wp-content\/uploads\/sites\/8\/2022\/09\/WhatsApp-Image-2022-09-04-at-11.09.29-PM.jpeg","type":"image\/jpeg"}],"author":"Geomar Pacheco R.","twitter_card":"summary_large_image","twitter_creator":"@GeomarPacheco1","twitter_misc":{"Escrito por":"Geomar Pacheco R.","Tiempo estimado de lectura":"2 minutos"},"schema":{"@context":"https:\/\/schema.org","@graph":[{"@type":"Article","@id":"https:\/\/noti-america.com\/site\/peru\/2022\/09\/05\/el-peru-necesita-consenso-para-el-desarrollo\/#article","isPartOf":{"@id":"https:\/\/noti-america.com\/site\/peru\/2022\/09\/05\/el-peru-necesita-consenso-para-el-desarrollo\/"},"author":{"name":"Geomar Pacheco R.","@id":"https:\/\/noti-america.com\/site\/peru\/#\/schema\/person\/28a35f20383bf2485bc838bfe76aebdc"},"headline":"EL PER\u00da NECESITA CONSENSO PARA EL DESARROLLO","datePublished":"2022-09-05T05:26:35+00:00","mainEntityOfPage":{"@id":"https:\/\/noti-america.com\/site\/peru\/2022\/09\/05\/el-peru-necesita-consenso-para-el-desarrollo\/"},"wordCount":374,"commentCount":0,"publisher":{"@id":"https:\/\/noti-america.com\/site\/peru\/#organization"},"image":{"@id":"https:\/\/noti-america.com\/site\/peru\/2022\/09\/05\/el-peru-necesita-consenso-para-el-desarrollo\/#primaryimage"},"thumbnailUrl":"https:\/\/noti-america.com\/site\/peru\/wp-content\/uploads\/sites\/8\/2022\/09\/WhatsApp-Image-2022-09-04-at-11.09.29-PM.jpeg","articleSection":["Actualidad","Opini\u00f3n","Pol\u00edtica"],"inLanguage":"es","potentialAction":[{"@type":"CommentAction","name":"Comment","target":["https:\/\/noti-america.com\/site\/peru\/2022\/09\/05\/el-peru-necesita-consenso-para-el-desarrollo\/#respond"]}]},{"@type":"WebPage","@id":"https:\/\/noti-america.com\/site\/peru\/2022\/09\/05\/el-peru-necesita-consenso-para-el-desarrollo\/","url":"https:\/\/noti-america.com\/site\/peru\/2022\/09\/05\/el-peru-necesita-consenso-para-el-desarrollo\/","name":"EL PER\u00da NECESITA CONSENSO PARA EL DESARROLLO - Per\u00fa | Noti-America.com","isPartOf":{"@id":"https:\/\/noti-america.com\/site\/peru\/#website"},"primaryImageOfPage":{"@id":"https:\/\/noti-america.com\/site\/peru\/2022\/09\/05\/el-peru-necesita-consenso-para-el-desarrollo\/#primaryimage"},"image":{"@id":"https:\/\/noti-america.com\/site\/peru\/2022\/09\/05\/el-peru-necesita-consenso-para-el-desarrollo\/#primaryimage"},"thumbnailUrl":"https:\/\/noti-america.com\/site\/peru\/wp-content\/uploads\/sites\/8\/2022\/09\/WhatsApp-Image-2022-09-04-at-11.09.29-PM.jpeg","datePublished":"2022-09-05T05:26:35+00:00","breadcrumb":{"@id":"https:\/\/noti-america.com\/site\/peru\/2022\/09\/05\/el-peru-necesita-consenso-para-el-desarrollo\/#breadcrumb"},"inLanguage":"es","potentialAction":[{"@type":"ReadAction","target":["https:\/\/noti-america.com\/site\/peru\/2022\/09\/05\/el-peru-necesita-consenso-para-el-desarrollo\/"]}]},{"@type":"ImageObject","inLanguage":"es","@id":"https:\/\/noti-america.com\/site\/peru\/2022\/09\/05\/el-peru-necesita-consenso-para-el-desarrollo\/#primaryimage","url":"https:\/\/noti-america.com\/site\/peru\/wp-content\/uploads\/sites\/8\/2022\/09\/WhatsApp-Image-2022-09-04-at-11.09.29-PM.jpeg","contentUrl":"https:\/\/noti-america.com\/site\/peru\/wp-content\/uploads\/sites\/8\/2022\/09\/WhatsApp-Image-2022-09-04-at-11.09.29-PM.jpeg","width":1280,"height":852},{"@type":"BreadcrumbList","@id":"https:\/\/noti-america.com\/site\/peru\/2022\/09\/05\/el-peru-necesita-consenso-para-el-desarrollo\/#breadcrumb","itemListElement":[{"@type":"ListItem","position":1,"name":"Portada","item":"https:\/\/noti-america.com\/site\/peru\/"},{"@type":"ListItem","position":2,"name":"EL PER\u00da NECESITA CONSENSO PARA EL DESARROLLO"}]},{"@type":"WebSite","@id":"https:\/\/noti-america.com\/site\/peru\/#website","url":"https:\/\/noti-america.com\/site\/peru\/","name":"Per\u00fa | Noti-America.com","description":"","publisher":{"@id":"https:\/\/noti-america.com\/site\/peru\/#organization"},"potentialAction":[{"@type":"SearchAction","target":{"@type":"EntryPoint","urlTemplate":"https:\/\/noti-america.com\/site\/peru\/?s={search_term_string}"},"query-input":{"@type":"PropertyValueSpecification","valueRequired":true,"valueName":"search_term_string"}}],"inLanguage":"es"},{"@type":"Organization","@id":"https:\/\/noti-america.com\/site\/peru\/#organization","name":"Noti-America LLC | Per\u00fa","url":"https:\/\/noti-america.com\/site\/peru\/","logo":{"@type":"ImageObject","inLanguage":"es","@id":"https:\/\/noti-america.com\/site\/peru\/#\/schema\/logo\/image\/","url":"https:\/\/noti-america.com\/site\/peru\/wp-content\/uploads\/sites\/8\/2020\/07\/LogoNA-4x3-1.jpg","contentUrl":"https:\/\/noti-america.com\/site\/peru\/wp-content\/uploads\/sites\/8\/2020\/07\/LogoNA-4x3-1.jpg","width":1236,"height":1080,"caption":"Noti-America LLC | Per\u00fa"},"image":{"@id":"https:\/\/noti-america.com\/site\/peru\/#\/schema\/logo\/image\/"}},{"@type":"Person","@id":"https:\/\/noti-america.com\/site\/peru\/#\/schema\/person\/28a35f20383bf2485bc838bfe76aebdc","name":"Geomar Pacheco R.","image":{"@type":"ImageObject","inLanguage":"es","@id":"https:\/\/secure.gravatar.com\/avatar\/5f09cb527f9632e92234c6fc6e2cbcefebeed6bdeb0f9129ea4cbc7aa71587c6?s=96&d=mm&r=g","url":"https:\/\/secure.gravatar.com\/avatar\/5f09cb527f9632e92234c6fc6e2cbcefebeed6bdeb0f9129ea4cbc7aa71587c6?s=96&d=mm&r=g","contentUrl":"https:\/\/secure.gravatar.com\/avatar\/5f09cb527f9632e92234c6fc6e2cbcefebeed6bdeb0f9129ea4cbc7aa71587c6?s=96&d=mm&r=g","caption":"Geomar Pacheco R."},"sameAs":["https:\/\/x.com\/GeomarPacheco1"],"url":"https:\/\/noti-america.com\/site\/peru\/author\/gpacheco\/"}]}},"_links":{"self":[{"href":"https:\/\/noti-america.com\/site\/peru\/wp-json\/wp\/v2\/posts\/5598","targetHints":{"allow":["GET"]}}],"collection":[{"href":"https:\/\/noti-america.com\/site\/peru\/wp-json\/wp\/v2\/posts"}],"about":[{"href":"https:\/\/noti-america.com\/site\/peru\/wp-json\/wp\/v2\/types\/post"}],"author":[{"embeddable":true,"href":"https:\/\/noti-america.com\/site\/peru\/wp-json\/wp\/v2\/users\/70"}],"replies":[{"embeddable":true,"href":"https:\/\/noti-america.com\/site\/peru\/wp-json\/wp\/v2\/comments?post=5598"}],"version-history":[{"count":1,"href":"https:\/\/noti-america.com\/site\/peru\/wp-json\/wp\/v2\/posts\/5598\/revisions"}],"predecessor-version":[{"id":5600,"href":"https:\/\/noti-america.com\/site\/peru\/wp-json\/wp\/v2\/posts\/5598\/revisions\/5600"}],"wp:featuredmedia":[{"embeddable":true,"href":"https:\/\/noti-america.com\/site\/peru\/wp-json\/wp\/v2\/media\/5599"}],"wp:attachment":[{"href":"https:\/\/noti-america.com\/site\/peru\/wp-json\/wp\/v2\/media?parent=5598"}],"wp:term":[{"taxonomy":"category","embeddable":true,"href":"https:\/\/noti-america.com\/site\/peru\/wp-json\/wp\/v2\/categories?post=5598"},{"taxonomy":"post_tag","embeddable":true,"href":"https:\/\/noti-america.com\/site\/peru\/wp-json\/wp\/v2\/tags?post=5598"}],"curies":[{"name":"wp","href":"https:\/\/api.w.org\/{rel}","templated":true}]}}