{"id":5543,"date":"2022-08-30T04:50:16","date_gmt":"2022-08-30T04:50:16","guid":{"rendered":"https:\/\/noti-america.com\/site\/peru\/?p=5543"},"modified":"2022-08-30T04:50:16","modified_gmt":"2022-08-30T04:50:16","slug":"primer-concurso-de-pintura-rapida-premio-ignacio-merino-en-piura","status":"publish","type":"post","link":"https:\/\/noti-america.com\/site\/peru\/2022\/08\/30\/primer-concurso-de-pintura-rapida-premio-ignacio-merino-en-piura\/","title":{"rendered":"Primer Concurso de Pintura R\u00e1pida Premio Ignacio Merino en Piura"},"content":{"rendered":"<p style=\"text-align: justify\"><span style=\"font-family: Tahoma, Arial, Helvetica, sans-serif;font-size: 14pt\"><b>NOTI-AM\u00c9RICA PER\u00da\u00a0<\/b><\/span><\/p>\n<p style=\"text-align: justify\"><span style=\"font-family: Tahoma, Arial, Helvetica, sans-serif;font-size: 14pt\"><b>\u00a0Por Eduardo Quevedo Mor\u00e1n<\/b><\/span><\/p>\n<p style=\"text-align: justify\">\n<p style=\"text-align: justify\"><span style=\"font-weight: 400;font-family: Tahoma, Arial, Helvetica, sans-serif;font-size: 14pt\">El viernes 26 de agosto se celebr\u00f3 en Piura el I Concurso de Pintura R\u00e1pida Premio Ignacio Merino. Este evento fue organizado por la Municipalidad Provincial de Piura, en el marco de su semana jubilar por su 490 aniversario. M\u00e1s de 60 artistas locales y nacionales participaron pintando obras basadas en el paisaje urbano del centro hist\u00f3rico de la ciudad entre las 8 a.m. y las 5 p.m., bajo el abrasador calor del sol piurano.<\/span><\/p>\n<p><a href=\"https:\/\/noti-america.com\/site\/peru\/wp-content\/uploads\/sites\/8\/2022\/08\/EN-PLENA-FAENA.jpg\"><img loading=\"lazy\" decoding=\"async\" class=\"aligncenter size-full wp-image-5544\" src=\"https:\/\/noti-america.com\/site\/peru\/wp-content\/uploads\/sites\/8\/2022\/08\/EN-PLENA-FAENA.jpg\" alt=\"\" width=\"879\" height=\"396\" srcset=\"https:\/\/noti-america.com\/site\/peru\/wp-content\/uploads\/sites\/8\/2022\/08\/EN-PLENA-FAENA.jpg 879w, https:\/\/noti-america.com\/site\/peru\/wp-content\/uploads\/sites\/8\/2022\/08\/EN-PLENA-FAENA-300x135.jpg 300w, https:\/\/noti-america.com\/site\/peru\/wp-content\/uploads\/sites\/8\/2022\/08\/EN-PLENA-FAENA-768x346.jpg 768w, https:\/\/noti-america.com\/site\/peru\/wp-content\/uploads\/sites\/8\/2022\/08\/EN-PLENA-FAENA-600x270.jpg 600w\" sizes=\"auto, (max-width: 879px) 100vw, 879px\" \/><\/a><\/p>\n<p style=\"text-align: justify\"><span style=\"font-family: Tahoma, Arial, Helvetica, sans-serif;font-size: 14pt\"><i><span style=\"font-weight: 400\">En plena faena, los artistas <\/span><\/i><a href=\"https:\/\/web.facebook.com\/kayo.olaya\"><i><span style=\"font-weight: 400\">Kayo Olaya<\/span><\/i><\/a><i><span style=\"font-weight: 400\">, <\/span><\/i><a href=\"https:\/\/web.facebook.com\/abner.saavedratorres\"><i><span style=\"font-weight: 400\">Abner Saavedra Torres<\/span><\/i><\/a><i><span style=\"font-weight: 400\"> y <\/span><\/i><a href=\"https:\/\/web.facebook.com\/jesusmarcelino.leytonarevalo\"><i><span style=\"font-weight: 400\">Jes\u00fas Leyton Ar\u00e9valo<\/span><\/i><\/a><i><span style=\"font-weight: 400\">.<\/span><\/i><\/span><\/p>\n<p>&nbsp;<\/p>\n<p style=\"text-align: justify\"><span style=\"font-weight: 400;font-family: Tahoma, Arial, Helvetica, sans-serif;font-size: 14pt\">La artista pl\u00e1stica y especialista en gesti\u00f3n cultural Rosa Benites, a nombre del jurado, agradeci\u00f3 al alcalde por fomentar el arte y la cultura. Tambi\u00e9n, enfatiz\u00f3 que su valor es alto y que debe estar a disposici\u00f3n de los artistas y del pueblo. Asimismo, felicit\u00f3 a los concursantes por la buena calidad de las obras.\u00a0<\/span><\/p>\n<p style=\"text-align: justify\"><span style=\"font-weight: 400;font-family: Tahoma, Arial, Helvetica, sans-serif;font-size: 14pt\">En nombre del jurado, felicit\u00f3 a los ganadores por el retrato de las costumbres de la ciudad. As\u00ed como por haber resaltado la identidad piurana en sus propuestas, con elementos como parajes del centro de Piura, personajes habituales de la ciudad y elementos costumbristas.<\/span><\/p>\n<p style=\"text-align: justify\"><span style=\"font-weight: 400;font-family: Tahoma, Arial, Helvetica, sans-serif;font-size: 14pt\"> <a href=\"https:\/\/noti-america.com\/site\/peru\/wp-content\/uploads\/sites\/8\/2022\/08\/MARY-SUSAN-CAMPOVERDE.jpeg\"><img loading=\"lazy\" decoding=\"async\" class=\"alignleft wp-image-5545 size-medium\" src=\"https:\/\/noti-america.com\/site\/peru\/wp-content\/uploads\/sites\/8\/2022\/08\/MARY-SUSAN-CAMPOVERDE-207x300.jpeg\" alt=\"\" width=\"207\" height=\"300\" srcset=\"https:\/\/noti-america.com\/site\/peru\/wp-content\/uploads\/sites\/8\/2022\/08\/MARY-SUSAN-CAMPOVERDE-207x300.jpeg 207w, https:\/\/noti-america.com\/site\/peru\/wp-content\/uploads\/sites\/8\/2022\/08\/MARY-SUSAN-CAMPOVERDE-707x1024.jpeg 707w, https:\/\/noti-america.com\/site\/peru\/wp-content\/uploads\/sites\/8\/2022\/08\/MARY-SUSAN-CAMPOVERDE-768x1112.jpeg 768w, https:\/\/noti-america.com\/site\/peru\/wp-content\/uploads\/sites\/8\/2022\/08\/MARY-SUSAN-CAMPOVERDE-600x869.jpeg 600w, https:\/\/noti-america.com\/site\/peru\/wp-content\/uploads\/sites\/8\/2022\/08\/MARY-SUSAN-CAMPOVERDE.jpeg 973w\" sizes=\"auto, (max-width: 207px) 100vw, 207px\" \/><\/a><\/span><\/p>\n<p>&nbsp;<\/p>\n<p style=\"text-align: justify\"><span style=\"font-family: Tahoma, Arial, Helvetica, sans-serif;font-size: 14pt\"><i><span style=\"font-weight: 400\"><a href=\"https:\/\/noti-america.com\/site\/peru\/wp-content\/uploads\/sites\/8\/2022\/08\/JHONNY-DAMIAN-scaled.jpg\"><img loading=\"lazy\" decoding=\"async\" class=\"size-medium wp-image-5546 aligncenter\" src=\"https:\/\/noti-america.com\/site\/peru\/wp-content\/uploads\/sites\/8\/2022\/08\/JHONNY-DAMIAN-200x300.jpg\" alt=\"\" width=\"200\" height=\"300\" srcset=\"https:\/\/noti-america.com\/site\/peru\/wp-content\/uploads\/sites\/8\/2022\/08\/JHONNY-DAMIAN-200x300.jpg 200w, https:\/\/noti-america.com\/site\/peru\/wp-content\/uploads\/sites\/8\/2022\/08\/JHONNY-DAMIAN-684x1024.jpg 684w, https:\/\/noti-america.com\/site\/peru\/wp-content\/uploads\/sites\/8\/2022\/08\/JHONNY-DAMIAN-768x1150.jpg 768w, https:\/\/noti-america.com\/site\/peru\/wp-content\/uploads\/sites\/8\/2022\/08\/JHONNY-DAMIAN-1026x1536.jpg 1026w, https:\/\/noti-america.com\/site\/peru\/wp-content\/uploads\/sites\/8\/2022\/08\/JHONNY-DAMIAN-1368x2048.jpg 1368w, https:\/\/noti-america.com\/site\/peru\/wp-content\/uploads\/sites\/8\/2022\/08\/JHONNY-DAMIAN-600x898.jpg 600w, https:\/\/noti-america.com\/site\/peru\/wp-content\/uploads\/sites\/8\/2022\/08\/JHONNY-DAMIAN-scaled.jpg 1710w\" sizes=\"auto, (max-width: 200px) 100vw, 200px\" \/><\/a><\/span><\/i><\/span><\/p>\n<p style=\"text-align: justify\"><span style=\"font-family: Tahoma, Arial, Helvetica, sans-serif;font-size: 14pt\"><i><span style=\"font-weight: 400\">Satisfechos, <\/span><\/i><a href=\"https:\/\/web.facebook.com\/marysusan.campoverdeseminario\"><i><span style=\"font-weight: 400\">Mary Susan Campoverde<\/span><\/i><\/a><i><span style=\"font-weight: 400\"> y <\/span><\/i><a href=\"https:\/\/web.facebook.com\/jhonyadrian.damiansantisteban1\"><i><span style=\"font-weight: 400\">Jhonny Dami\u00e1n Santisteban<\/span><\/i><\/a><i><span style=\"font-weight: 400\"> muestran sus propuestas.<\/span><\/i><\/span><\/p>\n<p>&nbsp;<\/p>\n<p style=\"text-align: justify\"><span style=\"font-family: Tahoma, Arial, Helvetica, sans-serif;font-size: 14pt\"><a href=\"https:\/\/web.facebook.com\/miguel.llompart.16\"><span style=\"font-weight: 400\">Miguel \u00c1ngel Llompart<\/span><\/a><span style=\"font-weight: 400\"> obtuvo el primer puesto. Con su obra ganadora, en la que representa el espacio del monumento La Paloma de la Paz (del escultor V\u00edctor Delf\u00edn), el artista propone buscar la recuperaci\u00f3n de los espacios p\u00fablicos y de los monumentos hist\u00f3ricos de la ciudad y la cultura de Piura.<\/span><\/span><\/p>\n<p><a href=\"https:\/\/noti-america.com\/site\/peru\/wp-content\/uploads\/sites\/8\/2022\/08\/1ER-PUESTO.jpg\"><img loading=\"lazy\" decoding=\"async\" class=\"aligncenter size-medium wp-image-5547\" src=\"https:\/\/noti-america.com\/site\/peru\/wp-content\/uploads\/sites\/8\/2022\/08\/1ER-PUESTO-scaled.jpg\" alt=\"\" width=\"202\" height=\"300\" srcset=\"https:\/\/noti-america.com\/site\/peru\/wp-content\/uploads\/sites\/8\/2022\/08\/1ER-PUESTO-scaled.jpg 1723w, https:\/\/noti-america.com\/site\/peru\/wp-content\/uploads\/sites\/8\/2022\/08\/1ER-PUESTO-202x300.jpg 202w, https:\/\/noti-america.com\/site\/peru\/wp-content\/uploads\/sites\/8\/2022\/08\/1ER-PUESTO-689x1024.jpg 689w, https:\/\/noti-america.com\/site\/peru\/wp-content\/uploads\/sites\/8\/2022\/08\/1ER-PUESTO-768x1141.jpg 768w, https:\/\/noti-america.com\/site\/peru\/wp-content\/uploads\/sites\/8\/2022\/08\/1ER-PUESTO-1034x1536.jpg 1034w, https:\/\/noti-america.com\/site\/peru\/wp-content\/uploads\/sites\/8\/2022\/08\/1ER-PUESTO-1378x2048.jpg 1378w, https:\/\/noti-america.com\/site\/peru\/wp-content\/uploads\/sites\/8\/2022\/08\/1ER-PUESTO-600x891.jpg 600w\" sizes=\"auto, (max-width: 202px) 100vw, 202px\" \/><\/a><a href=\"https:\/\/noti-america.com\/site\/peru\/wp-content\/uploads\/sites\/8\/2022\/08\/1ER-PUESTO.jpg\"><img loading=\"lazy\" decoding=\"async\" class=\"aligncenter size-medium wp-image-5547\" src=\"https:\/\/noti-america.com\/site\/peru\/wp-content\/uploads\/sites\/8\/2022\/08\/1ER-PUESTO.jpg\" alt=\"\" width=\"1\" height=\"1\" \/><\/a><\/p>\n<p style=\"text-align: justify\"><span style=\"font-family: Tahoma, Arial, Helvetica, sans-serif;font-size: 14pt\"><a href=\"https:\/\/web.facebook.com\/profile.php?id=100008346724373\"><span style=\"font-weight: 400\">Milagritos Chapilliqu\u00e9n<\/span><\/a><span style=\"font-weight: 400\"> se hizo acreedora del segundo puesto. Con su pintura, la artista exalt\u00f3 el paisaje arquitect\u00f3nico del centro de Piura resaltado por su cielo limpio y su catedral.<\/span><\/span><\/p>\n<p><a href=\"https:\/\/noti-america.com\/site\/peru\/wp-content\/uploads\/sites\/8\/2022\/08\/2DO-PUESTO.jpg\"><img loading=\"lazy\" decoding=\"async\" class=\"aligncenter size-medium wp-image-5548\" src=\"https:\/\/noti-america.com\/site\/peru\/wp-content\/uploads\/sites\/8\/2022\/08\/2DO-PUESTO-300x197.jpg\" alt=\"\" width=\"300\" height=\"197\" srcset=\"https:\/\/noti-america.com\/site\/peru\/wp-content\/uploads\/sites\/8\/2022\/08\/2DO-PUESTO-300x197.jpg 300w, https:\/\/noti-america.com\/site\/peru\/wp-content\/uploads\/sites\/8\/2022\/08\/2DO-PUESTO-1024x674.jpg 1024w, https:\/\/noti-america.com\/site\/peru\/wp-content\/uploads\/sites\/8\/2022\/08\/2DO-PUESTO-768x505.jpg 768w, https:\/\/noti-america.com\/site\/peru\/wp-content\/uploads\/sites\/8\/2022\/08\/2DO-PUESTO-1536x1010.jpg 1536w, https:\/\/noti-america.com\/site\/peru\/wp-content\/uploads\/sites\/8\/2022\/08\/2DO-PUESTO-600x395.jpg 600w, https:\/\/noti-america.com\/site\/peru\/wp-content\/uploads\/sites\/8\/2022\/08\/2DO-PUESTO.jpg 2048w\" sizes=\"auto, (max-width: 300px) 100vw, 300px\" \/><\/a><\/p>\n<p>&nbsp;<\/p>\n<p style=\"text-align: justify\"><span style=\"font-family: Tahoma, Arial, Helvetica, sans-serif;font-size: 14pt\"><a href=\"https:\/\/web.facebook.com\/abel.sanchezalzamora\"><span style=\"font-weight: 400\">Abel S\u00e1nchez Alzamora<\/span><\/a><span style=\"font-weight: 400\"> obtuvo el tercer lugar del concurso. Al agradecer el premio, el artista explic\u00f3 que en su pintura represent\u00f3 la Plaza de Armas de Piura como la recuerda de tiempos de su ni\u00f1ez. Es decir, con el piajeno (gran apoyo en distintas labores con que se forj\u00f3 la ciudad) y el perro viringo. Adem\u00e1s, de personajes que vemos cotidianamente en la Plaza.\u00a0 Todos ba\u00f1ados por la luz que caracteriza a Piura. Mucha luz.<\/span><\/span><\/p>\n<p><a href=\"https:\/\/noti-america.com\/site\/peru\/wp-content\/uploads\/sites\/8\/2022\/08\/3ER-PUESTO.jpg\"><img loading=\"lazy\" decoding=\"async\" class=\"aligncenter size-medium wp-image-5549\" src=\"https:\/\/noti-america.com\/site\/peru\/wp-content\/uploads\/sites\/8\/2022\/08\/3ER-PUESTO-300x198.jpg\" alt=\"\" width=\"300\" height=\"198\" srcset=\"https:\/\/noti-america.com\/site\/peru\/wp-content\/uploads\/sites\/8\/2022\/08\/3ER-PUESTO-300x198.jpg 300w, https:\/\/noti-america.com\/site\/peru\/wp-content\/uploads\/sites\/8\/2022\/08\/3ER-PUESTO-1024x676.jpg 1024w, https:\/\/noti-america.com\/site\/peru\/wp-content\/uploads\/sites\/8\/2022\/08\/3ER-PUESTO-768x507.jpg 768w, https:\/\/noti-america.com\/site\/peru\/wp-content\/uploads\/sites\/8\/2022\/08\/3ER-PUESTO-1536x1013.jpg 1536w, https:\/\/noti-america.com\/site\/peru\/wp-content\/uploads\/sites\/8\/2022\/08\/3ER-PUESTO-2048x1351.jpg 2048w, https:\/\/noti-america.com\/site\/peru\/wp-content\/uploads\/sites\/8\/2022\/08\/3ER-PUESTO-600x396.jpg 600w\" sizes=\"auto, (max-width: 300px) 100vw, 300px\" \/><\/a><a href=\"https:\/\/noti-america.com\/site\/peru\/wp-content\/uploads\/sites\/8\/2022\/08\/3ER-PUESTO.jpg\"><img loading=\"lazy\" decoding=\"async\" class=\"aligncenter size-medium wp-image-5549\" src=\"https:\/\/noti-america.com\/site\/peru\/wp-content\/uploads\/sites\/8\/2022\/08\/3ER-PUESTO.jpg\" alt=\"\" width=\"1\" height=\"1\" \/><\/a><\/p>\n<p style=\"text-align: justify\"><span style=\"font-family: Tahoma, Arial, Helvetica, sans-serif;font-size: 14pt\"><a href=\"https:\/\/web.facebook.com\/aldo.juarez.9862273\"><span style=\"font-weight: 400\">\u00c1lex Joel Pedemonte Ju\u00e1rez<\/span><\/a><span style=\"font-weight: 400\"> y <\/span><a href=\"https:\/\/web.facebook.com\/jhoelfranco.camposbalcazar\"><span style=\"font-weight: 400\">Jhoel Franco Campos Balc\u00e1zar<\/span><\/a><span style=\"font-weight: 400\"> recibieron la primera y segunda menciones honrosas del concurso, respectivamente.<\/span><\/span><\/p>\n<p>&nbsp;<\/p>\n<p>&nbsp;<\/p>\n<p style=\"text-align: justify\"><span style=\"font-family: Tahoma, Arial, Helvetica, sans-serif;font-size: 14pt\"><i><span style=\"font-weight: 400\">Pintura de \u00c1lex Pedemonte, primera menci\u00f3n honrosa.<\/span><\/i><\/span><\/p>\n<p style=\"text-align: justify\"><a href=\"https:\/\/noti-america.com\/site\/peru\/wp-content\/uploads\/sites\/8\/2022\/08\/1RA-MENCION-HONROSA-scaled.jpg\"><img loading=\"lazy\" decoding=\"async\" class=\"aligncenter size-medium wp-image-5550\" src=\"https:\/\/noti-america.com\/site\/peru\/wp-content\/uploads\/sites\/8\/2022\/08\/1RA-MENCION-HONROSA-206x300.jpg\" alt=\"\" width=\"206\" height=\"300\" srcset=\"https:\/\/noti-america.com\/site\/peru\/wp-content\/uploads\/sites\/8\/2022\/08\/1RA-MENCION-HONROSA-206x300.jpg 206w, https:\/\/noti-america.com\/site\/peru\/wp-content\/uploads\/sites\/8\/2022\/08\/1RA-MENCION-HONROSA-702x1024.jpg 702w, https:\/\/noti-america.com\/site\/peru\/wp-content\/uploads\/sites\/8\/2022\/08\/1RA-MENCION-HONROSA-768x1121.jpg 768w, https:\/\/noti-america.com\/site\/peru\/wp-content\/uploads\/sites\/8\/2022\/08\/1RA-MENCION-HONROSA-1053x1536.jpg 1053w, https:\/\/noti-america.com\/site\/peru\/wp-content\/uploads\/sites\/8\/2022\/08\/1RA-MENCION-HONROSA-1403x2048.jpg 1403w, https:\/\/noti-america.com\/site\/peru\/wp-content\/uploads\/sites\/8\/2022\/08\/1RA-MENCION-HONROSA-600x876.jpg 600w, https:\/\/noti-america.com\/site\/peru\/wp-content\/uploads\/sites\/8\/2022\/08\/1RA-MENCION-HONROSA-scaled.jpg 1754w\" sizes=\"auto, (max-width: 206px) 100vw, 206px\" \/><\/a><\/p>\n<p style=\"text-align: justify\"><span style=\"font-family: Tahoma, Arial, Helvetica, sans-serif;font-size: 14pt\"><i><span style=\"font-weight: 400\">Pintura de Jhoel Campos Balc\u00e1zar, segunda menci\u00f3n honrosa<\/span><\/i><\/span><\/p>\n<p><a href=\"https:\/\/noti-america.com\/site\/peru\/wp-content\/uploads\/sites\/8\/2022\/08\/2DA-MENCION-HONROSA-scaled.jpg\"><img loading=\"lazy\" decoding=\"async\" class=\"aligncenter size-medium wp-image-5552\" src=\"https:\/\/noti-america.com\/site\/peru\/wp-content\/uploads\/sites\/8\/2022\/08\/2DA-MENCION-HONROSA-300x203.jpg\" alt=\"\" width=\"300\" height=\"203\" srcset=\"https:\/\/noti-america.com\/site\/peru\/wp-content\/uploads\/sites\/8\/2022\/08\/2DA-MENCION-HONROSA-300x203.jpg 300w, https:\/\/noti-america.com\/site\/peru\/wp-content\/uploads\/sites\/8\/2022\/08\/2DA-MENCION-HONROSA-1024x693.jpg 1024w, https:\/\/noti-america.com\/site\/peru\/wp-content\/uploads\/sites\/8\/2022\/08\/2DA-MENCION-HONROSA-768x520.jpg 768w, https:\/\/noti-america.com\/site\/peru\/wp-content\/uploads\/sites\/8\/2022\/08\/2DA-MENCION-HONROSA-1536x1040.jpg 1536w, https:\/\/noti-america.com\/site\/peru\/wp-content\/uploads\/sites\/8\/2022\/08\/2DA-MENCION-HONROSA-2048x1387.jpg 2048w, https:\/\/noti-america.com\/site\/peru\/wp-content\/uploads\/sites\/8\/2022\/08\/2DA-MENCION-HONROSA-600x406.jpg 600w\" sizes=\"auto, (max-width: 300px) 100vw, 300px\" \/><\/a><\/p>\n<p>&nbsp;<\/p>\n<p style=\"text-align: justify\"><span style=\"font-weight: 400;font-family: Tahoma, Arial, Helvetica, sans-serif;font-size: 14pt\">Los cuadros de los ganadores ser\u00e1n expuestos en el Museo Vic\u00fas de Piura y, desde ya, son propiedad de la Municipalidad Provincial de Piura.<\/span><\/p>\n<p style=\"text-align: justify\"><span style=\"font-weight: 400;font-family: Tahoma, Arial, Helvetica, sans-serif;font-size: 14pt\">El alcalde Juan Jos\u00e9 D\u00edaz Dios resalt\u00f3 la importancia de la cultura y el arte como una de las riquezas de Piura relevante para su reactivaci\u00f3n econ\u00f3mica. Anunci\u00f3 que la Municipalidad Provincial de Piura ha instaurado el Premio Ignacio Merino para que se realice el Concurso de Pintura R\u00e1pida con ocasi\u00f3n de cada aniversario de la Provincia. Y, as\u00ed, promover la actividad art\u00edstica y cultural en la regi\u00f3n Piura.<\/span><\/p>\n<p style=\"text-align: justify\"><span style=\"font-weight: 400;font-family: Tahoma, Arial, Helvetica, sans-serif;font-size: 14pt\">Reunidos por este concurso y ejecutando en p\u00fablico su arte, los artistas pl\u00e1sticos tambi\u00e9n celebraron los 490 a\u00f1os de fundaci\u00f3n de la ciudad de Piura.<\/span><\/p>\n<p style=\"text-align: justify\">\n<p style=\"text-align: justify\"><span style=\"font-weight: 400;font-family: Tahoma, Arial, Helvetica, sans-serif;font-size: 14pt\">Autor:<\/span><\/p>\n<p style=\"text-align: justify\"><span style=\"font-family: Tahoma, Arial, Helvetica, sans-serif;font-size: 14pt\"><a href=\"https:\/\/noti-america.com\/site\/peru\/wp-content\/uploads\/sites\/8\/2020\/04\/WhatsApp-Image-2020-04-07-at-2.57.31-AM.jpeg\"><img loading=\"lazy\" decoding=\"async\" class=\"size-medium wp-image-2828\" src=\"https:\/\/noti-america.com\/site\/peru\/wp-content\/uploads\/sites\/8\/2020\/04\/WhatsApp-Image-2020-04-07-at-2.57.31-AM-300x203.jpeg\" alt=\"\" width=\"300\" height=\"203\" srcset=\"https:\/\/noti-america.com\/site\/peru\/wp-content\/uploads\/sites\/8\/2020\/04\/WhatsApp-Image-2020-04-07-at-2.57.31-AM-300x203.jpeg 300w, https:\/\/noti-america.com\/site\/peru\/wp-content\/uploads\/sites\/8\/2020\/04\/WhatsApp-Image-2020-04-07-at-2.57.31-AM-1024x694.jpeg 1024w, https:\/\/noti-america.com\/site\/peru\/wp-content\/uploads\/sites\/8\/2020\/04\/WhatsApp-Image-2020-04-07-at-2.57.31-AM-768x521.jpeg 768w, https:\/\/noti-america.com\/site\/peru\/wp-content\/uploads\/sites\/8\/2020\/04\/WhatsApp-Image-2020-04-07-at-2.57.31-AM.jpeg 1280w\" sizes=\"auto, (max-width: 300px) 100vw, 300px\" \/><\/a><\/span><\/p>\n","protected":false},"excerpt":{"rendered":"<p>NOTI-AM\u00c9RICA PER\u00da\u00a0 \u00a0Por Eduardo Quevedo Mor\u00e1n El viernes 26 de agosto se celebr\u00f3 en Piura el I Concurso de Pintura R\u00e1pida Premio Ignacio Merino. Este evento fue organizado por la Municipalidad Provincial de Piura,&#46;&#46;&#46;<\/p>\n","protected":false},"author":70,"featured_media":5548,"comment_status":"open","ping_status":"open","sticky":false,"template":"","format":"standard","meta":{"_acf_changed":false,"rop_custom_images_group":[],"rop_custom_messages_group":[],"rop_publish_now":"initial","rop_publish_now_accounts":{"twitter_242054905_242054905":""},"rop_publish_now_history":[],"rop_publish_now_status":"pending","footnotes":""},"categories":[10,8],"tags":[],"class_list":["post-5543","post","type-post","status-publish","format-standard","has-post-thumbnail","hentry","category-actualidad","category-arte-y-espectaculos"],"acf":[],"yoast_head":"<!-- This site is optimized with the Yoast SEO Premium plugin v24.9 (Yoast SEO v27.2) - https:\/\/yoast.com\/product\/yoast-seo-premium-wordpress\/ -->\n<title>Primer Concurso de Pintura R\u00e1pida Premio Ignacio Merino en Piura - Per\u00fa | Noti-America.com<\/title>\n<meta name=\"robots\" content=\"index, follow, max-snippet:-1, max-image-preview:large, max-video-preview:-1\" \/>\n<link rel=\"canonical\" href=\"https:\/\/noti-america.com\/site\/peru\/2022\/08\/30\/primer-concurso-de-pintura-rapida-premio-ignacio-merino-en-piura\/\" \/>\n<meta property=\"og:locale\" content=\"es_ES\" \/>\n<meta property=\"og:type\" content=\"article\" \/>\n<meta property=\"og:title\" content=\"Primer Concurso de Pintura R\u00e1pida Premio Ignacio Merino en Piura\" \/>\n<meta property=\"og:description\" content=\"NOTI-AM\u00c9RICA PER\u00da\u00a0 \u00a0Por Eduardo Quevedo Mor\u00e1n El viernes 26 de agosto se celebr\u00f3 en Piura el I Concurso de Pintura R\u00e1pida Premio Ignacio Merino. Este evento fue organizado por la Municipalidad Provincial de Piura,&#046;&#046;&#046;\" \/>\n<meta property=\"og:url\" content=\"https:\/\/noti-america.com\/site\/peru\/2022\/08\/30\/primer-concurso-de-pintura-rapida-premio-ignacio-merino-en-piura\/\" \/>\n<meta property=\"og:site_name\" content=\"Per\u00fa | Noti-America.com\" \/>\n<meta property=\"article:published_time\" content=\"2022-08-30T04:50:16+00:00\" \/>\n<meta property=\"og:image\" content=\"https:\/\/noti-america.com\/site\/peru\/wp-content\/uploads\/sites\/8\/2022\/08\/2DO-PUESTO.jpg\" \/>\n\t<meta property=\"og:image:width\" content=\"2048\" \/>\n\t<meta property=\"og:image:height\" content=\"1347\" \/>\n\t<meta property=\"og:image:type\" content=\"image\/jpeg\" \/>\n<meta name=\"author\" content=\"Geomar Pacheco R.\" \/>\n<meta name=\"twitter:card\" content=\"summary_large_image\" \/>\n<meta name=\"twitter:creator\" content=\"@GeomarPacheco1\" \/>\n<meta name=\"twitter:label1\" content=\"Escrito por\" \/>\n\t<meta name=\"twitter:data1\" content=\"Geomar Pacheco R.\" \/>\n\t<meta name=\"twitter:label2\" content=\"Tiempo estimado de lectura\" \/>\n\t<meta name=\"twitter:data2\" content=\"5 minutos\" \/>\n<script type=\"application\/ld+json\" class=\"yoast-schema-graph\">{\"@context\":\"https:\/\/schema.org\",\"@graph\":[{\"@type\":\"Article\",\"@id\":\"https:\/\/noti-america.com\/site\/peru\/2022\/08\/30\/primer-concurso-de-pintura-rapida-premio-ignacio-merino-en-piura\/#article\",\"isPartOf\":{\"@id\":\"https:\/\/noti-america.com\/site\/peru\/2022\/08\/30\/primer-concurso-de-pintura-rapida-premio-ignacio-merino-en-piura\/\"},\"author\":{\"name\":\"Geomar Pacheco R.\",\"@id\":\"https:\/\/noti-america.com\/site\/peru\/#\/schema\/person\/28a35f20383bf2485bc838bfe76aebdc\"},\"headline\":\"Primer Concurso de Pintura R\u00e1pida Premio Ignacio Merino en Piura\",\"datePublished\":\"2022-08-30T04:50:16+00:00\",\"mainEntityOfPage\":{\"@id\":\"https:\/\/noti-america.com\/site\/peru\/2022\/08\/30\/primer-concurso-de-pintura-rapida-premio-ignacio-merino-en-piura\/\"},\"wordCount\":569,\"commentCount\":2,\"publisher\":{\"@id\":\"https:\/\/noti-america.com\/site\/peru\/#organization\"},\"image\":{\"@id\":\"https:\/\/noti-america.com\/site\/peru\/2022\/08\/30\/primer-concurso-de-pintura-rapida-premio-ignacio-merino-en-piura\/#primaryimage\"},\"thumbnailUrl\":\"https:\/\/noti-america.com\/site\/peru\/wp-content\/uploads\/sites\/8\/2022\/08\/2DO-PUESTO.jpg\",\"articleSection\":[\"Actualidad\",\"Arte y Espect\u00e1culos\"],\"inLanguage\":\"es\",\"potentialAction\":[{\"@type\":\"CommentAction\",\"name\":\"Comment\",\"target\":[\"https:\/\/noti-america.com\/site\/peru\/2022\/08\/30\/primer-concurso-de-pintura-rapida-premio-ignacio-merino-en-piura\/#respond\"]}]},{\"@type\":\"WebPage\",\"@id\":\"https:\/\/noti-america.com\/site\/peru\/2022\/08\/30\/primer-concurso-de-pintura-rapida-premio-ignacio-merino-en-piura\/\",\"url\":\"https:\/\/noti-america.com\/site\/peru\/2022\/08\/30\/primer-concurso-de-pintura-rapida-premio-ignacio-merino-en-piura\/\",\"name\":\"Primer Concurso de Pintura R\u00e1pida Premio Ignacio Merino en Piura - Per\u00fa | Noti-America.com\",\"isPartOf\":{\"@id\":\"https:\/\/noti-america.com\/site\/peru\/#website\"},\"primaryImageOfPage\":{\"@id\":\"https:\/\/noti-america.com\/site\/peru\/2022\/08\/30\/primer-concurso-de-pintura-rapida-premio-ignacio-merino-en-piura\/#primaryimage\"},\"image\":{\"@id\":\"https:\/\/noti-america.com\/site\/peru\/2022\/08\/30\/primer-concurso-de-pintura-rapida-premio-ignacio-merino-en-piura\/#primaryimage\"},\"thumbnailUrl\":\"https:\/\/noti-america.com\/site\/peru\/wp-content\/uploads\/sites\/8\/2022\/08\/2DO-PUESTO.jpg\",\"datePublished\":\"2022-08-30T04:50:16+00:00\",\"breadcrumb\":{\"@id\":\"https:\/\/noti-america.com\/site\/peru\/2022\/08\/30\/primer-concurso-de-pintura-rapida-premio-ignacio-merino-en-piura\/#breadcrumb\"},\"inLanguage\":\"es\",\"potentialAction\":[{\"@type\":\"ReadAction\",\"target\":[\"https:\/\/noti-america.com\/site\/peru\/2022\/08\/30\/primer-concurso-de-pintura-rapida-premio-ignacio-merino-en-piura\/\"]}]},{\"@type\":\"ImageObject\",\"inLanguage\":\"es\",\"@id\":\"https:\/\/noti-america.com\/site\/peru\/2022\/08\/30\/primer-concurso-de-pintura-rapida-premio-ignacio-merino-en-piura\/#primaryimage\",\"url\":\"https:\/\/noti-america.com\/site\/peru\/wp-content\/uploads\/sites\/8\/2022\/08\/2DO-PUESTO.jpg\",\"contentUrl\":\"https:\/\/noti-america.com\/site\/peru\/wp-content\/uploads\/sites\/8\/2022\/08\/2DO-PUESTO.jpg\",\"width\":2048,\"height\":1347},{\"@type\":\"BreadcrumbList\",\"@id\":\"https:\/\/noti-america.com\/site\/peru\/2022\/08\/30\/primer-concurso-de-pintura-rapida-premio-ignacio-merino-en-piura\/#breadcrumb\",\"itemListElement\":[{\"@type\":\"ListItem\",\"position\":1,\"name\":\"Portada\",\"item\":\"https:\/\/noti-america.com\/site\/peru\/\"},{\"@type\":\"ListItem\",\"position\":2,\"name\":\"Primer Concurso de Pintura R\u00e1pida Premio Ignacio Merino en Piura\"}]},{\"@type\":\"WebSite\",\"@id\":\"https:\/\/noti-america.com\/site\/peru\/#website\",\"url\":\"https:\/\/noti-america.com\/site\/peru\/\",\"name\":\"Per\u00fa | Noti-America.com\",\"description\":\"\",\"publisher\":{\"@id\":\"https:\/\/noti-america.com\/site\/peru\/#organization\"},\"potentialAction\":[{\"@type\":\"SearchAction\",\"target\":{\"@type\":\"EntryPoint\",\"urlTemplate\":\"https:\/\/noti-america.com\/site\/peru\/?s={search_term_string}\"},\"query-input\":{\"@type\":\"PropertyValueSpecification\",\"valueRequired\":true,\"valueName\":\"search_term_string\"}}],\"inLanguage\":\"es\"},{\"@type\":\"Organization\",\"@id\":\"https:\/\/noti-america.com\/site\/peru\/#organization\",\"name\":\"Noti-America LLC | Per\u00fa\",\"url\":\"https:\/\/noti-america.com\/site\/peru\/\",\"logo\":{\"@type\":\"ImageObject\",\"inLanguage\":\"es\",\"@id\":\"https:\/\/noti-america.com\/site\/peru\/#\/schema\/logo\/image\/\",\"url\":\"https:\/\/noti-america.com\/site\/peru\/wp-content\/uploads\/sites\/8\/2020\/07\/LogoNA-4x3-1.jpg\",\"contentUrl\":\"https:\/\/noti-america.com\/site\/peru\/wp-content\/uploads\/sites\/8\/2020\/07\/LogoNA-4x3-1.jpg\",\"width\":1236,\"height\":1080,\"caption\":\"Noti-America LLC | Per\u00fa\"},\"image\":{\"@id\":\"https:\/\/noti-america.com\/site\/peru\/#\/schema\/logo\/image\/\"}},{\"@type\":\"Person\",\"@id\":\"https:\/\/noti-america.com\/site\/peru\/#\/schema\/person\/28a35f20383bf2485bc838bfe76aebdc\",\"name\":\"Geomar Pacheco R.\",\"image\":{\"@type\":\"ImageObject\",\"inLanguage\":\"es\",\"@id\":\"https:\/\/secure.gravatar.com\/avatar\/5f09cb527f9632e92234c6fc6e2cbcefebeed6bdeb0f9129ea4cbc7aa71587c6?s=96&d=mm&r=g\",\"url\":\"https:\/\/secure.gravatar.com\/avatar\/5f09cb527f9632e92234c6fc6e2cbcefebeed6bdeb0f9129ea4cbc7aa71587c6?s=96&d=mm&r=g\",\"contentUrl\":\"https:\/\/secure.gravatar.com\/avatar\/5f09cb527f9632e92234c6fc6e2cbcefebeed6bdeb0f9129ea4cbc7aa71587c6?s=96&d=mm&r=g\",\"caption\":\"Geomar Pacheco R.\"},\"sameAs\":[\"https:\/\/x.com\/GeomarPacheco1\"],\"url\":\"https:\/\/noti-america.com\/site\/peru\/author\/gpacheco\/\"}]}<\/script>\n<!-- \/ Yoast SEO Premium plugin. -->","yoast_head_json":{"title":"Primer Concurso de Pintura R\u00e1pida Premio Ignacio Merino en Piura - Per\u00fa | Noti-America.com","robots":{"index":"index","follow":"follow","max-snippet":"max-snippet:-1","max-image-preview":"max-image-preview:large","max-video-preview":"max-video-preview:-1"},"canonical":"https:\/\/noti-america.com\/site\/peru\/2022\/08\/30\/primer-concurso-de-pintura-rapida-premio-ignacio-merino-en-piura\/","og_locale":"es_ES","og_type":"article","og_title":"Primer Concurso de Pintura R\u00e1pida Premio Ignacio Merino en Piura","og_description":"NOTI-AM\u00c9RICA PER\u00da\u00a0 \u00a0Por Eduardo Quevedo Mor\u00e1n El viernes 26 de agosto se celebr\u00f3 en Piura el I Concurso de Pintura R\u00e1pida Premio Ignacio Merino. Este evento fue organizado por la Municipalidad Provincial de Piura,&#46;&#46;&#46;","og_url":"https:\/\/noti-america.com\/site\/peru\/2022\/08\/30\/primer-concurso-de-pintura-rapida-premio-ignacio-merino-en-piura\/","og_site_name":"Per\u00fa | Noti-America.com","article_published_time":"2022-08-30T04:50:16+00:00","og_image":[{"width":2048,"height":1347,"url":"https:\/\/noti-america.com\/site\/peru\/wp-content\/uploads\/sites\/8\/2022\/08\/2DO-PUESTO.jpg","type":"image\/jpeg"}],"author":"Geomar Pacheco R.","twitter_card":"summary_large_image","twitter_creator":"@GeomarPacheco1","twitter_misc":{"Escrito por":"Geomar Pacheco R.","Tiempo estimado de lectura":"5 minutos"},"schema":{"@context":"https:\/\/schema.org","@graph":[{"@type":"Article","@id":"https:\/\/noti-america.com\/site\/peru\/2022\/08\/30\/primer-concurso-de-pintura-rapida-premio-ignacio-merino-en-piura\/#article","isPartOf":{"@id":"https:\/\/noti-america.com\/site\/peru\/2022\/08\/30\/primer-concurso-de-pintura-rapida-premio-ignacio-merino-en-piura\/"},"author":{"name":"Geomar Pacheco R.","@id":"https:\/\/noti-america.com\/site\/peru\/#\/schema\/person\/28a35f20383bf2485bc838bfe76aebdc"},"headline":"Primer Concurso de Pintura R\u00e1pida Premio Ignacio Merino en Piura","datePublished":"2022-08-30T04:50:16+00:00","mainEntityOfPage":{"@id":"https:\/\/noti-america.com\/site\/peru\/2022\/08\/30\/primer-concurso-de-pintura-rapida-premio-ignacio-merino-en-piura\/"},"wordCount":569,"commentCount":2,"publisher":{"@id":"https:\/\/noti-america.com\/site\/peru\/#organization"},"image":{"@id":"https:\/\/noti-america.com\/site\/peru\/2022\/08\/30\/primer-concurso-de-pintura-rapida-premio-ignacio-merino-en-piura\/#primaryimage"},"thumbnailUrl":"https:\/\/noti-america.com\/site\/peru\/wp-content\/uploads\/sites\/8\/2022\/08\/2DO-PUESTO.jpg","articleSection":["Actualidad","Arte y Espect\u00e1culos"],"inLanguage":"es","potentialAction":[{"@type":"CommentAction","name":"Comment","target":["https:\/\/noti-america.com\/site\/peru\/2022\/08\/30\/primer-concurso-de-pintura-rapida-premio-ignacio-merino-en-piura\/#respond"]}]},{"@type":"WebPage","@id":"https:\/\/noti-america.com\/site\/peru\/2022\/08\/30\/primer-concurso-de-pintura-rapida-premio-ignacio-merino-en-piura\/","url":"https:\/\/noti-america.com\/site\/peru\/2022\/08\/30\/primer-concurso-de-pintura-rapida-premio-ignacio-merino-en-piura\/","name":"Primer Concurso de Pintura R\u00e1pida Premio Ignacio Merino en Piura - Per\u00fa | Noti-America.com","isPartOf":{"@id":"https:\/\/noti-america.com\/site\/peru\/#website"},"primaryImageOfPage":{"@id":"https:\/\/noti-america.com\/site\/peru\/2022\/08\/30\/primer-concurso-de-pintura-rapida-premio-ignacio-merino-en-piura\/#primaryimage"},"image":{"@id":"https:\/\/noti-america.com\/site\/peru\/2022\/08\/30\/primer-concurso-de-pintura-rapida-premio-ignacio-merino-en-piura\/#primaryimage"},"thumbnailUrl":"https:\/\/noti-america.com\/site\/peru\/wp-content\/uploads\/sites\/8\/2022\/08\/2DO-PUESTO.jpg","datePublished":"2022-08-30T04:50:16+00:00","breadcrumb":{"@id":"https:\/\/noti-america.com\/site\/peru\/2022\/08\/30\/primer-concurso-de-pintura-rapida-premio-ignacio-merino-en-piura\/#breadcrumb"},"inLanguage":"es","potentialAction":[{"@type":"ReadAction","target":["https:\/\/noti-america.com\/site\/peru\/2022\/08\/30\/primer-concurso-de-pintura-rapida-premio-ignacio-merino-en-piura\/"]}]},{"@type":"ImageObject","inLanguage":"es","@id":"https:\/\/noti-america.com\/site\/peru\/2022\/08\/30\/primer-concurso-de-pintura-rapida-premio-ignacio-merino-en-piura\/#primaryimage","url":"https:\/\/noti-america.com\/site\/peru\/wp-content\/uploads\/sites\/8\/2022\/08\/2DO-PUESTO.jpg","contentUrl":"https:\/\/noti-america.com\/site\/peru\/wp-content\/uploads\/sites\/8\/2022\/08\/2DO-PUESTO.jpg","width":2048,"height":1347},{"@type":"BreadcrumbList","@id":"https:\/\/noti-america.com\/site\/peru\/2022\/08\/30\/primer-concurso-de-pintura-rapida-premio-ignacio-merino-en-piura\/#breadcrumb","itemListElement":[{"@type":"ListItem","position":1,"name":"Portada","item":"https:\/\/noti-america.com\/site\/peru\/"},{"@type":"ListItem","position":2,"name":"Primer Concurso de Pintura R\u00e1pida Premio Ignacio Merino en Piura"}]},{"@type":"WebSite","@id":"https:\/\/noti-america.com\/site\/peru\/#website","url":"https:\/\/noti-america.com\/site\/peru\/","name":"Per\u00fa | Noti-America.com","description":"","publisher":{"@id":"https:\/\/noti-america.com\/site\/peru\/#organization"},"potentialAction":[{"@type":"SearchAction","target":{"@type":"EntryPoint","urlTemplate":"https:\/\/noti-america.com\/site\/peru\/?s={search_term_string}"},"query-input":{"@type":"PropertyValueSpecification","valueRequired":true,"valueName":"search_term_string"}}],"inLanguage":"es"},{"@type":"Organization","@id":"https:\/\/noti-america.com\/site\/peru\/#organization","name":"Noti-America LLC | Per\u00fa","url":"https:\/\/noti-america.com\/site\/peru\/","logo":{"@type":"ImageObject","inLanguage":"es","@id":"https:\/\/noti-america.com\/site\/peru\/#\/schema\/logo\/image\/","url":"https:\/\/noti-america.com\/site\/peru\/wp-content\/uploads\/sites\/8\/2020\/07\/LogoNA-4x3-1.jpg","contentUrl":"https:\/\/noti-america.com\/site\/peru\/wp-content\/uploads\/sites\/8\/2020\/07\/LogoNA-4x3-1.jpg","width":1236,"height":1080,"caption":"Noti-America LLC | Per\u00fa"},"image":{"@id":"https:\/\/noti-america.com\/site\/peru\/#\/schema\/logo\/image\/"}},{"@type":"Person","@id":"https:\/\/noti-america.com\/site\/peru\/#\/schema\/person\/28a35f20383bf2485bc838bfe76aebdc","name":"Geomar Pacheco R.","image":{"@type":"ImageObject","inLanguage":"es","@id":"https:\/\/secure.gravatar.com\/avatar\/5f09cb527f9632e92234c6fc6e2cbcefebeed6bdeb0f9129ea4cbc7aa71587c6?s=96&d=mm&r=g","url":"https:\/\/secure.gravatar.com\/avatar\/5f09cb527f9632e92234c6fc6e2cbcefebeed6bdeb0f9129ea4cbc7aa71587c6?s=96&d=mm&r=g","contentUrl":"https:\/\/secure.gravatar.com\/avatar\/5f09cb527f9632e92234c6fc6e2cbcefebeed6bdeb0f9129ea4cbc7aa71587c6?s=96&d=mm&r=g","caption":"Geomar Pacheco R."},"sameAs":["https:\/\/x.com\/GeomarPacheco1"],"url":"https:\/\/noti-america.com\/site\/peru\/author\/gpacheco\/"}]}},"_links":{"self":[{"href":"https:\/\/noti-america.com\/site\/peru\/wp-json\/wp\/v2\/posts\/5543","targetHints":{"allow":["GET"]}}],"collection":[{"href":"https:\/\/noti-america.com\/site\/peru\/wp-json\/wp\/v2\/posts"}],"about":[{"href":"https:\/\/noti-america.com\/site\/peru\/wp-json\/wp\/v2\/types\/post"}],"author":[{"embeddable":true,"href":"https:\/\/noti-america.com\/site\/peru\/wp-json\/wp\/v2\/users\/70"}],"replies":[{"embeddable":true,"href":"https:\/\/noti-america.com\/site\/peru\/wp-json\/wp\/v2\/comments?post=5543"}],"version-history":[{"count":1,"href":"https:\/\/noti-america.com\/site\/peru\/wp-json\/wp\/v2\/posts\/5543\/revisions"}],"predecessor-version":[{"id":5553,"href":"https:\/\/noti-america.com\/site\/peru\/wp-json\/wp\/v2\/posts\/5543\/revisions\/5553"}],"wp:featuredmedia":[{"embeddable":true,"href":"https:\/\/noti-america.com\/site\/peru\/wp-json\/wp\/v2\/media\/5548"}],"wp:attachment":[{"href":"https:\/\/noti-america.com\/site\/peru\/wp-json\/wp\/v2\/media?parent=5543"}],"wp:term":[{"taxonomy":"category","embeddable":true,"href":"https:\/\/noti-america.com\/site\/peru\/wp-json\/wp\/v2\/categories?post=5543"},{"taxonomy":"post_tag","embeddable":true,"href":"https:\/\/noti-america.com\/site\/peru\/wp-json\/wp\/v2\/tags?post=5543"}],"curies":[{"name":"wp","href":"https:\/\/api.w.org\/{rel}","templated":true}]}}