{"id":5375,"date":"2022-07-24T01:47:23","date_gmt":"2022-07-24T01:47:23","guid":{"rendered":"https:\/\/noti-america.com\/site\/peru\/?p=5375"},"modified":"2022-07-24T01:47:23","modified_gmt":"2022-07-24T01:47:23","slug":"bendita-seas-kimberly-doble-campeona-mundial","status":"publish","type":"post","link":"https:\/\/noti-america.com\/site\/peru\/2022\/07\/24\/bendita-seas-kimberly-doble-campeona-mundial\/","title":{"rendered":"BENDITA SEAS, KIMBERLY, DOBLE CAMPEONA MUNDIAL"},"content":{"rendered":"<p style=\"text-align: left\"><span style=\"font-weight: 400;font-family: Tahoma, Arial, Helvetica, sans-serif;font-size: 14pt\">NOTI-AM\u00c9RICA PER\u00da<br \/>\n<\/span><\/p>\n<p style=\"text-align: right\"><span style=\"font-weight: 400;font-family: Tahoma, Arial, Helvetica, sans-serif;font-size: 14pt\"><br \/>\nPor Samuel Castillo Mendoza<\/span><\/p>\n<p style=\"text-align: justify\"><span style=\"font-weight: 400;font-family: Tahoma, Arial, Helvetica, sans-serif;font-size: 14pt\">Una proeza m\u00e1s de Kimberly Garc\u00eda. En una semana, logra su segunda medalla de oro, en esta ocasi\u00f3n en la prueba de Marcha 35 kil\u00f3metros, en la cual estamp\u00f3 el tiempo de O2:39:15 durante la competencia mundial de atletismo que se celebra en la ciudad de Eugene, Oreg\u00f3n, Estados Unidos.<\/span><\/p>\n<p style=\"text-align: justify\"><span style=\"font-weight: 400;font-family: Tahoma, Arial, Helvetica, sans-serif;font-size: 14pt\">La atleta peruana, originaria de Huancayo, el jueves pasado en la misma cita mundial que se escenifica en el pa\u00eds norteamericano, consigui\u00f3 su primer t\u00edtulo mundial en la prueba marchista de 20 kil\u00f3metros.<\/span><\/p>\n<p><span style=\"font-family: Tahoma, Arial, Helvetica, sans-serif;font-size: 14pt\"><a href=\"https:\/\/noti-america.com\/site\/peru\/wp-content\/uploads\/sites\/8\/2022\/07\/KIMBERLY-Garcia-22-7-2022.jpg\"><img loading=\"lazy\" decoding=\"async\" class=\"aligncenter size-full wp-image-5376\" src=\"https:\/\/noti-america.com\/site\/peru\/wp-content\/uploads\/sites\/8\/2022\/07\/KIMBERLY-Garcia-22-7-2022.jpg\" alt=\"\" width=\"414\" height=\"246\" srcset=\"https:\/\/noti-america.com\/site\/peru\/wp-content\/uploads\/sites\/8\/2022\/07\/KIMBERLY-Garcia-22-7-2022.jpg 414w, https:\/\/noti-america.com\/site\/peru\/wp-content\/uploads\/sites\/8\/2022\/07\/KIMBERLY-Garcia-22-7-2022-300x178.jpg 300w\" sizes=\"auto, (max-width: 414px) 100vw, 414px\" \/><\/a><\/span><\/p>\n<p style=\"text-align: justify\"><span style=\"font-weight: 400;font-family: Tahoma, Arial, Helvetica, sans-serif;font-size: 14pt\">Las atletas que escoltaron a nuestra gran campeona fueron nuevamente la checa Ktarzyna Zdzieblo y la china Qieyang Shijie, medallas de plata y bronce, respectivamente.<\/span><\/p>\n<p style=\"text-align: justify\"><span style=\"font-weight: 400;font-family: Tahoma, Arial, Helvetica, sans-serif;font-size: 14pt\">Dos magn\u00edficos logros de Kimberly Garc\u00eda, que se perfila como una de las favoritas para los pr\u00f3ximos Juegos Ol\u00edmpicos de Par\u00eds 2024 con los buenos registros alcanzados en Oreg\u00f3n, que ya casi llega a su culminaci\u00f3n.<\/span><\/p>\n<p><span style=\"font-family: Tahoma, Arial, Helvetica, sans-serif;font-size: 14pt\">Autor:<\/span><\/p>\n<p><a href=\"https:\/\/noti-america.com\/site\/peru\/wp-content\/uploads\/sites\/8\/2020\/03\/WhatsApp-Image-2020-03-11-at-2.45.29-PM.jpeg\"><img loading=\"lazy\" decoding=\"async\" class=\"alignleft size-medium wp-image-2685\" src=\"https:\/\/noti-america.com\/site\/peru\/wp-content\/uploads\/sites\/8\/2020\/03\/WhatsApp-Image-2020-03-11-at-2.45.29-PM-300x203.jpeg\" alt=\"\" width=\"300\" height=\"203\" srcset=\"https:\/\/noti-america.com\/site\/peru\/wp-content\/uploads\/sites\/8\/2020\/03\/WhatsApp-Image-2020-03-11-at-2.45.29-PM-300x203.jpeg 300w, https:\/\/noti-america.com\/site\/peru\/wp-content\/uploads\/sites\/8\/2020\/03\/WhatsApp-Image-2020-03-11-at-2.45.29-PM-1024x694.jpeg 1024w, https:\/\/noti-america.com\/site\/peru\/wp-content\/uploads\/sites\/8\/2020\/03\/WhatsApp-Image-2020-03-11-at-2.45.29-PM-768x521.jpeg 768w, https:\/\/noti-america.com\/site\/peru\/wp-content\/uploads\/sites\/8\/2020\/03\/WhatsApp-Image-2020-03-11-at-2.45.29-PM.jpeg 1260w\" sizes=\"auto, (max-width: 300px) 100vw, 300px\" \/><\/a><\/p>\n<p>&nbsp;<\/p>\n","protected":false},"excerpt":{"rendered":"<p>NOTI-AM\u00c9RICA PER\u00da Por Samuel Castillo Mendoza Una proeza m\u00e1s de Kimberly Garc\u00eda. En una semana, logra su segunda medalla de oro, en esta ocasi\u00f3n en la prueba de Marcha 35 kil\u00f3metros, en la cual&#46;&#46;&#46;<\/p>\n","protected":false},"author":70,"featured_media":5376,"comment_status":"open","ping_status":"open","sticky":false,"template":"","format":"standard","meta":{"_acf_changed":false,"rop_custom_images_group":[],"rop_custom_messages_group":[],"rop_publish_now":"initial","rop_publish_now_accounts":{"twitter_242054905_242054905":""},"rop_publish_now_history":[],"rop_publish_now_status":"pending","footnotes":""},"categories":[10,16],"tags":[],"class_list":["post-5375","post","type-post","status-publish","format-standard","has-post-thumbnail","hentry","category-actualidad","category-deportes"],"acf":[],"yoast_head":"<!-- This site is optimized with the Yoast SEO Premium plugin v24.9 (Yoast SEO v27.2) - https:\/\/yoast.com\/product\/yoast-seo-premium-wordpress\/ -->\n<title>BENDITA SEAS, KIMBERLY, DOBLE CAMPEONA MUNDIAL - Per\u00fa | Noti-America.com<\/title>\n<meta name=\"robots\" content=\"index, follow, max-snippet:-1, max-image-preview:large, max-video-preview:-1\" \/>\n<link rel=\"canonical\" href=\"https:\/\/noti-america.com\/site\/peru\/2022\/07\/24\/bendita-seas-kimberly-doble-campeona-mundial\/\" \/>\n<meta property=\"og:locale\" content=\"es_ES\" \/>\n<meta property=\"og:type\" content=\"article\" \/>\n<meta property=\"og:title\" content=\"BENDITA SEAS, KIMBERLY, DOBLE CAMPEONA MUNDIAL\" \/>\n<meta property=\"og:description\" content=\"NOTI-AM\u00c9RICA PER\u00da Por Samuel Castillo Mendoza Una proeza m\u00e1s de Kimberly Garc\u00eda. En una semana, logra su segunda medalla de oro, en esta ocasi\u00f3n en la prueba de Marcha 35 kil\u00f3metros, en la cual&#046;&#046;&#046;\" \/>\n<meta property=\"og:url\" content=\"https:\/\/noti-america.com\/site\/peru\/2022\/07\/24\/bendita-seas-kimberly-doble-campeona-mundial\/\" \/>\n<meta property=\"og:site_name\" content=\"Per\u00fa | Noti-America.com\" \/>\n<meta property=\"article:published_time\" content=\"2022-07-24T01:47:23+00:00\" \/>\n<meta property=\"og:image\" content=\"https:\/\/noti-america.com\/site\/peru\/wp-content\/uploads\/sites\/8\/2022\/07\/KIMBERLY-Garcia-22-7-2022.jpg\" \/>\n\t<meta property=\"og:image:width\" content=\"414\" \/>\n\t<meta property=\"og:image:height\" content=\"246\" \/>\n\t<meta property=\"og:image:type\" content=\"image\/jpeg\" \/>\n<meta name=\"author\" content=\"Geomar Pacheco R.\" \/>\n<meta name=\"twitter:card\" content=\"summary_large_image\" \/>\n<meta name=\"twitter:creator\" content=\"@GeomarPacheco1\" \/>\n<meta name=\"twitter:label1\" content=\"Escrito por\" \/>\n\t<meta name=\"twitter:data1\" content=\"Geomar Pacheco R.\" \/>\n\t<meta name=\"twitter:label2\" content=\"Tiempo estimado de lectura\" \/>\n\t<meta name=\"twitter:data2\" content=\"2 minutos\" \/>\n<script type=\"application\/ld+json\" class=\"yoast-schema-graph\">{\"@context\":\"https:\/\/schema.org\",\"@graph\":[{\"@type\":\"Article\",\"@id\":\"https:\/\/noti-america.com\/site\/peru\/2022\/07\/24\/bendita-seas-kimberly-doble-campeona-mundial\/#article\",\"isPartOf\":{\"@id\":\"https:\/\/noti-america.com\/site\/peru\/2022\/07\/24\/bendita-seas-kimberly-doble-campeona-mundial\/\"},\"author\":{\"name\":\"Geomar Pacheco R.\",\"@id\":\"https:\/\/noti-america.com\/site\/peru\/#\/schema\/person\/28a35f20383bf2485bc838bfe76aebdc\"},\"headline\":\"BENDITA SEAS, KIMBERLY, DOBLE CAMPEONA MUNDIAL\",\"datePublished\":\"2022-07-24T01:47:23+00:00\",\"mainEntityOfPage\":{\"@id\":\"https:\/\/noti-america.com\/site\/peru\/2022\/07\/24\/bendita-seas-kimberly-doble-campeona-mundial\/\"},\"wordCount\":171,\"commentCount\":0,\"publisher\":{\"@id\":\"https:\/\/noti-america.com\/site\/peru\/#organization\"},\"image\":{\"@id\":\"https:\/\/noti-america.com\/site\/peru\/2022\/07\/24\/bendita-seas-kimberly-doble-campeona-mundial\/#primaryimage\"},\"thumbnailUrl\":\"https:\/\/noti-america.com\/site\/peru\/wp-content\/uploads\/sites\/8\/2022\/07\/KIMBERLY-Garcia-22-7-2022.jpg\",\"articleSection\":[\"Actualidad\",\"Deportes\"],\"inLanguage\":\"es\",\"potentialAction\":[{\"@type\":\"CommentAction\",\"name\":\"Comment\",\"target\":[\"https:\/\/noti-america.com\/site\/peru\/2022\/07\/24\/bendita-seas-kimberly-doble-campeona-mundial\/#respond\"]}]},{\"@type\":\"WebPage\",\"@id\":\"https:\/\/noti-america.com\/site\/peru\/2022\/07\/24\/bendita-seas-kimberly-doble-campeona-mundial\/\",\"url\":\"https:\/\/noti-america.com\/site\/peru\/2022\/07\/24\/bendita-seas-kimberly-doble-campeona-mundial\/\",\"name\":\"BENDITA SEAS, KIMBERLY, DOBLE CAMPEONA MUNDIAL - Per\u00fa | Noti-America.com\",\"isPartOf\":{\"@id\":\"https:\/\/noti-america.com\/site\/peru\/#website\"},\"primaryImageOfPage\":{\"@id\":\"https:\/\/noti-america.com\/site\/peru\/2022\/07\/24\/bendita-seas-kimberly-doble-campeona-mundial\/#primaryimage\"},\"image\":{\"@id\":\"https:\/\/noti-america.com\/site\/peru\/2022\/07\/24\/bendita-seas-kimberly-doble-campeona-mundial\/#primaryimage\"},\"thumbnailUrl\":\"https:\/\/noti-america.com\/site\/peru\/wp-content\/uploads\/sites\/8\/2022\/07\/KIMBERLY-Garcia-22-7-2022.jpg\",\"datePublished\":\"2022-07-24T01:47:23+00:00\",\"breadcrumb\":{\"@id\":\"https:\/\/noti-america.com\/site\/peru\/2022\/07\/24\/bendita-seas-kimberly-doble-campeona-mundial\/#breadcrumb\"},\"inLanguage\":\"es\",\"potentialAction\":[{\"@type\":\"ReadAction\",\"target\":[\"https:\/\/noti-america.com\/site\/peru\/2022\/07\/24\/bendita-seas-kimberly-doble-campeona-mundial\/\"]}]},{\"@type\":\"ImageObject\",\"inLanguage\":\"es\",\"@id\":\"https:\/\/noti-america.com\/site\/peru\/2022\/07\/24\/bendita-seas-kimberly-doble-campeona-mundial\/#primaryimage\",\"url\":\"https:\/\/noti-america.com\/site\/peru\/wp-content\/uploads\/sites\/8\/2022\/07\/KIMBERLY-Garcia-22-7-2022.jpg\",\"contentUrl\":\"https:\/\/noti-america.com\/site\/peru\/wp-content\/uploads\/sites\/8\/2022\/07\/KIMBERLY-Garcia-22-7-2022.jpg\",\"width\":414,\"height\":246},{\"@type\":\"BreadcrumbList\",\"@id\":\"https:\/\/noti-america.com\/site\/peru\/2022\/07\/24\/bendita-seas-kimberly-doble-campeona-mundial\/#breadcrumb\",\"itemListElement\":[{\"@type\":\"ListItem\",\"position\":1,\"name\":\"Portada\",\"item\":\"https:\/\/noti-america.com\/site\/peru\/\"},{\"@type\":\"ListItem\",\"position\":2,\"name\":\"BENDITA SEAS, KIMBERLY, DOBLE CAMPEONA MUNDIAL\"}]},{\"@type\":\"WebSite\",\"@id\":\"https:\/\/noti-america.com\/site\/peru\/#website\",\"url\":\"https:\/\/noti-america.com\/site\/peru\/\",\"name\":\"Per\u00fa | Noti-America.com\",\"description\":\"\",\"publisher\":{\"@id\":\"https:\/\/noti-america.com\/site\/peru\/#organization\"},\"potentialAction\":[{\"@type\":\"SearchAction\",\"target\":{\"@type\":\"EntryPoint\",\"urlTemplate\":\"https:\/\/noti-america.com\/site\/peru\/?s={search_term_string}\"},\"query-input\":{\"@type\":\"PropertyValueSpecification\",\"valueRequired\":true,\"valueName\":\"search_term_string\"}}],\"inLanguage\":\"es\"},{\"@type\":\"Organization\",\"@id\":\"https:\/\/noti-america.com\/site\/peru\/#organization\",\"name\":\"Noti-America LLC | Per\u00fa\",\"url\":\"https:\/\/noti-america.com\/site\/peru\/\",\"logo\":{\"@type\":\"ImageObject\",\"inLanguage\":\"es\",\"@id\":\"https:\/\/noti-america.com\/site\/peru\/#\/schema\/logo\/image\/\",\"url\":\"https:\/\/noti-america.com\/site\/peru\/wp-content\/uploads\/sites\/8\/2020\/07\/LogoNA-4x3-1.jpg\",\"contentUrl\":\"https:\/\/noti-america.com\/site\/peru\/wp-content\/uploads\/sites\/8\/2020\/07\/LogoNA-4x3-1.jpg\",\"width\":1236,\"height\":1080,\"caption\":\"Noti-America LLC | Per\u00fa\"},\"image\":{\"@id\":\"https:\/\/noti-america.com\/site\/peru\/#\/schema\/logo\/image\/\"}},{\"@type\":\"Person\",\"@id\":\"https:\/\/noti-america.com\/site\/peru\/#\/schema\/person\/28a35f20383bf2485bc838bfe76aebdc\",\"name\":\"Geomar Pacheco R.\",\"image\":{\"@type\":\"ImageObject\",\"inLanguage\":\"es\",\"@id\":\"https:\/\/secure.gravatar.com\/avatar\/5f09cb527f9632e92234c6fc6e2cbcefebeed6bdeb0f9129ea4cbc7aa71587c6?s=96&d=mm&r=g\",\"url\":\"https:\/\/secure.gravatar.com\/avatar\/5f09cb527f9632e92234c6fc6e2cbcefebeed6bdeb0f9129ea4cbc7aa71587c6?s=96&d=mm&r=g\",\"contentUrl\":\"https:\/\/secure.gravatar.com\/avatar\/5f09cb527f9632e92234c6fc6e2cbcefebeed6bdeb0f9129ea4cbc7aa71587c6?s=96&d=mm&r=g\",\"caption\":\"Geomar Pacheco R.\"},\"sameAs\":[\"https:\/\/x.com\/GeomarPacheco1\"],\"url\":\"https:\/\/noti-america.com\/site\/peru\/author\/gpacheco\/\"}]}<\/script>\n<!-- \/ Yoast SEO Premium plugin. -->","yoast_head_json":{"title":"BENDITA SEAS, KIMBERLY, DOBLE CAMPEONA MUNDIAL - Per\u00fa | Noti-America.com","robots":{"index":"index","follow":"follow","max-snippet":"max-snippet:-1","max-image-preview":"max-image-preview:large","max-video-preview":"max-video-preview:-1"},"canonical":"https:\/\/noti-america.com\/site\/peru\/2022\/07\/24\/bendita-seas-kimberly-doble-campeona-mundial\/","og_locale":"es_ES","og_type":"article","og_title":"BENDITA SEAS, KIMBERLY, DOBLE CAMPEONA MUNDIAL","og_description":"NOTI-AM\u00c9RICA PER\u00da Por Samuel Castillo Mendoza Una proeza m\u00e1s de Kimberly Garc\u00eda. En una semana, logra su segunda medalla de oro, en esta ocasi\u00f3n en la prueba de Marcha 35 kil\u00f3metros, en la cual&#46;&#46;&#46;","og_url":"https:\/\/noti-america.com\/site\/peru\/2022\/07\/24\/bendita-seas-kimberly-doble-campeona-mundial\/","og_site_name":"Per\u00fa | Noti-America.com","article_published_time":"2022-07-24T01:47:23+00:00","og_image":[{"width":414,"height":246,"url":"https:\/\/noti-america.com\/site\/peru\/wp-content\/uploads\/sites\/8\/2022\/07\/KIMBERLY-Garcia-22-7-2022.jpg","type":"image\/jpeg"}],"author":"Geomar Pacheco R.","twitter_card":"summary_large_image","twitter_creator":"@GeomarPacheco1","twitter_misc":{"Escrito por":"Geomar Pacheco R.","Tiempo estimado de lectura":"2 minutos"},"schema":{"@context":"https:\/\/schema.org","@graph":[{"@type":"Article","@id":"https:\/\/noti-america.com\/site\/peru\/2022\/07\/24\/bendita-seas-kimberly-doble-campeona-mundial\/#article","isPartOf":{"@id":"https:\/\/noti-america.com\/site\/peru\/2022\/07\/24\/bendita-seas-kimberly-doble-campeona-mundial\/"},"author":{"name":"Geomar Pacheco R.","@id":"https:\/\/noti-america.com\/site\/peru\/#\/schema\/person\/28a35f20383bf2485bc838bfe76aebdc"},"headline":"BENDITA SEAS, KIMBERLY, DOBLE CAMPEONA MUNDIAL","datePublished":"2022-07-24T01:47:23+00:00","mainEntityOfPage":{"@id":"https:\/\/noti-america.com\/site\/peru\/2022\/07\/24\/bendita-seas-kimberly-doble-campeona-mundial\/"},"wordCount":171,"commentCount":0,"publisher":{"@id":"https:\/\/noti-america.com\/site\/peru\/#organization"},"image":{"@id":"https:\/\/noti-america.com\/site\/peru\/2022\/07\/24\/bendita-seas-kimberly-doble-campeona-mundial\/#primaryimage"},"thumbnailUrl":"https:\/\/noti-america.com\/site\/peru\/wp-content\/uploads\/sites\/8\/2022\/07\/KIMBERLY-Garcia-22-7-2022.jpg","articleSection":["Actualidad","Deportes"],"inLanguage":"es","potentialAction":[{"@type":"CommentAction","name":"Comment","target":["https:\/\/noti-america.com\/site\/peru\/2022\/07\/24\/bendita-seas-kimberly-doble-campeona-mundial\/#respond"]}]},{"@type":"WebPage","@id":"https:\/\/noti-america.com\/site\/peru\/2022\/07\/24\/bendita-seas-kimberly-doble-campeona-mundial\/","url":"https:\/\/noti-america.com\/site\/peru\/2022\/07\/24\/bendita-seas-kimberly-doble-campeona-mundial\/","name":"BENDITA SEAS, KIMBERLY, DOBLE CAMPEONA MUNDIAL - Per\u00fa | Noti-America.com","isPartOf":{"@id":"https:\/\/noti-america.com\/site\/peru\/#website"},"primaryImageOfPage":{"@id":"https:\/\/noti-america.com\/site\/peru\/2022\/07\/24\/bendita-seas-kimberly-doble-campeona-mundial\/#primaryimage"},"image":{"@id":"https:\/\/noti-america.com\/site\/peru\/2022\/07\/24\/bendita-seas-kimberly-doble-campeona-mundial\/#primaryimage"},"thumbnailUrl":"https:\/\/noti-america.com\/site\/peru\/wp-content\/uploads\/sites\/8\/2022\/07\/KIMBERLY-Garcia-22-7-2022.jpg","datePublished":"2022-07-24T01:47:23+00:00","breadcrumb":{"@id":"https:\/\/noti-america.com\/site\/peru\/2022\/07\/24\/bendita-seas-kimberly-doble-campeona-mundial\/#breadcrumb"},"inLanguage":"es","potentialAction":[{"@type":"ReadAction","target":["https:\/\/noti-america.com\/site\/peru\/2022\/07\/24\/bendita-seas-kimberly-doble-campeona-mundial\/"]}]},{"@type":"ImageObject","inLanguage":"es","@id":"https:\/\/noti-america.com\/site\/peru\/2022\/07\/24\/bendita-seas-kimberly-doble-campeona-mundial\/#primaryimage","url":"https:\/\/noti-america.com\/site\/peru\/wp-content\/uploads\/sites\/8\/2022\/07\/KIMBERLY-Garcia-22-7-2022.jpg","contentUrl":"https:\/\/noti-america.com\/site\/peru\/wp-content\/uploads\/sites\/8\/2022\/07\/KIMBERLY-Garcia-22-7-2022.jpg","width":414,"height":246},{"@type":"BreadcrumbList","@id":"https:\/\/noti-america.com\/site\/peru\/2022\/07\/24\/bendita-seas-kimberly-doble-campeona-mundial\/#breadcrumb","itemListElement":[{"@type":"ListItem","position":1,"name":"Portada","item":"https:\/\/noti-america.com\/site\/peru\/"},{"@type":"ListItem","position":2,"name":"BENDITA SEAS, KIMBERLY, DOBLE CAMPEONA MUNDIAL"}]},{"@type":"WebSite","@id":"https:\/\/noti-america.com\/site\/peru\/#website","url":"https:\/\/noti-america.com\/site\/peru\/","name":"Per\u00fa | Noti-America.com","description":"","publisher":{"@id":"https:\/\/noti-america.com\/site\/peru\/#organization"},"potentialAction":[{"@type":"SearchAction","target":{"@type":"EntryPoint","urlTemplate":"https:\/\/noti-america.com\/site\/peru\/?s={search_term_string}"},"query-input":{"@type":"PropertyValueSpecification","valueRequired":true,"valueName":"search_term_string"}}],"inLanguage":"es"},{"@type":"Organization","@id":"https:\/\/noti-america.com\/site\/peru\/#organization","name":"Noti-America LLC | Per\u00fa","url":"https:\/\/noti-america.com\/site\/peru\/","logo":{"@type":"ImageObject","inLanguage":"es","@id":"https:\/\/noti-america.com\/site\/peru\/#\/schema\/logo\/image\/","url":"https:\/\/noti-america.com\/site\/peru\/wp-content\/uploads\/sites\/8\/2020\/07\/LogoNA-4x3-1.jpg","contentUrl":"https:\/\/noti-america.com\/site\/peru\/wp-content\/uploads\/sites\/8\/2020\/07\/LogoNA-4x3-1.jpg","width":1236,"height":1080,"caption":"Noti-America LLC | Per\u00fa"},"image":{"@id":"https:\/\/noti-america.com\/site\/peru\/#\/schema\/logo\/image\/"}},{"@type":"Person","@id":"https:\/\/noti-america.com\/site\/peru\/#\/schema\/person\/28a35f20383bf2485bc838bfe76aebdc","name":"Geomar Pacheco R.","image":{"@type":"ImageObject","inLanguage":"es","@id":"https:\/\/secure.gravatar.com\/avatar\/5f09cb527f9632e92234c6fc6e2cbcefebeed6bdeb0f9129ea4cbc7aa71587c6?s=96&d=mm&r=g","url":"https:\/\/secure.gravatar.com\/avatar\/5f09cb527f9632e92234c6fc6e2cbcefebeed6bdeb0f9129ea4cbc7aa71587c6?s=96&d=mm&r=g","contentUrl":"https:\/\/secure.gravatar.com\/avatar\/5f09cb527f9632e92234c6fc6e2cbcefebeed6bdeb0f9129ea4cbc7aa71587c6?s=96&d=mm&r=g","caption":"Geomar Pacheco R."},"sameAs":["https:\/\/x.com\/GeomarPacheco1"],"url":"https:\/\/noti-america.com\/site\/peru\/author\/gpacheco\/"}]}},"_links":{"self":[{"href":"https:\/\/noti-america.com\/site\/peru\/wp-json\/wp\/v2\/posts\/5375","targetHints":{"allow":["GET"]}}],"collection":[{"href":"https:\/\/noti-america.com\/site\/peru\/wp-json\/wp\/v2\/posts"}],"about":[{"href":"https:\/\/noti-america.com\/site\/peru\/wp-json\/wp\/v2\/types\/post"}],"author":[{"embeddable":true,"href":"https:\/\/noti-america.com\/site\/peru\/wp-json\/wp\/v2\/users\/70"}],"replies":[{"embeddable":true,"href":"https:\/\/noti-america.com\/site\/peru\/wp-json\/wp\/v2\/comments?post=5375"}],"version-history":[{"count":1,"href":"https:\/\/noti-america.com\/site\/peru\/wp-json\/wp\/v2\/posts\/5375\/revisions"}],"predecessor-version":[{"id":5377,"href":"https:\/\/noti-america.com\/site\/peru\/wp-json\/wp\/v2\/posts\/5375\/revisions\/5377"}],"wp:featuredmedia":[{"embeddable":true,"href":"https:\/\/noti-america.com\/site\/peru\/wp-json\/wp\/v2\/media\/5376"}],"wp:attachment":[{"href":"https:\/\/noti-america.com\/site\/peru\/wp-json\/wp\/v2\/media?parent=5375"}],"wp:term":[{"taxonomy":"category","embeddable":true,"href":"https:\/\/noti-america.com\/site\/peru\/wp-json\/wp\/v2\/categories?post=5375"},{"taxonomy":"post_tag","embeddable":true,"href":"https:\/\/noti-america.com\/site\/peru\/wp-json\/wp\/v2\/tags?post=5375"}],"curies":[{"name":"wp","href":"https:\/\/api.w.org\/{rel}","templated":true}]}}