{"id":524,"date":"2018-01-16T17:44:52","date_gmt":"2018-01-16T17:44:52","guid":{"rendered":"http:\/\/noti-america.com\/site\/peru\/?p=524"},"modified":"2018-01-16T17:44:52","modified_gmt":"2018-01-16T17:44:52","slug":"libertario-por-siempre-libertad-o-nada","status":"publish","type":"post","link":"https:\/\/noti-america.com\/site\/peru\/2018\/01\/16\/libertario-por-siempre-libertad-o-nada\/","title":{"rendered":"LIBERTARIO POR SIEMPRE&#8230; LIBERTAD O NADA"},"content":{"rendered":"<p>&nbsp;<\/p>\n<p>REDACCI\u00d3N NOTI-AMERICA (PERU).-<\/p>\n<p>La Narco Dictadura dirigida por Nicol\u00e1s Maduro Moros, se cobra esta vez\u00a0 la vida de un Libertario Miembro de la resistencia \u00d3SCAR P\u00c9REZ, convirti\u00e9ndolo en una leyenda, en un h\u00e9roe, en un venezolano digno de envidiar su amor al pa\u00eds y a los venezolanos.<\/p>\n<p><img loading=\"lazy\" decoding=\"async\" class=\"alignnone size-medium wp-image-525\" src=\"http:\/\/noti-america.com\/site\/peru\/wp-content\/uploads\/sites\/8\/2018\/01\/26239941_1795997840475314_3807959930876866509_n-300x295.jpg\" alt=\"\" width=\"300\" height=\"295\" srcset=\"https:\/\/noti-america.com\/site\/peru\/wp-content\/uploads\/sites\/8\/2018\/01\/26239941_1795997840475314_3807959930876866509_n-300x295.jpg 300w, https:\/\/noti-america.com\/site\/peru\/wp-content\/uploads\/sites\/8\/2018\/01\/26239941_1795997840475314_3807959930876866509_n.jpg 480w\" sizes=\"auto, (max-width: 300px) 100vw, 300px\" \/><\/p>\n<p>Dirigentes pol\u00edticos internacionales como el Senador de Colombia Alvaro Uribe dijo textualmente \u00bb Si \u00d3scar P\u00e9rez ha sido asesinado por el r\u00e9gimen de Maduro, la intervenci\u00f3n militar en Venezuela debe ser inmediata. La pena de muerte no existe en el vecino pa\u00eds.\u00bb<\/p>\n<p>Y\u00a0 yo digo: \u00bb \u00bfque esperan para actuar a que el pa\u00eds se quede sin gente, bien porque se mueran de hambre, por falta de medicinas, o por que el genocida de Maduro y su combo\u00a0 los acabe uno a uno o por masacre colectiva, Billo\u00b4s\u00a0 muri\u00f3 hace tiempo y no me digas t\u00fa de Gardel?.<\/p>\n<p>&nbsp;<\/p>\n<p><img loading=\"lazy\" decoding=\"async\" class=\"alignnone size-medium wp-image-528\" src=\"http:\/\/noti-america.com\/site\/peru\/wp-content\/uploads\/sites\/8\/2018\/01\/26903724_1601740776583057_228988485783609026_n.png-300x262.jpg\" alt=\"\" width=\"300\" height=\"262\" srcset=\"https:\/\/noti-america.com\/site\/peru\/wp-content\/uploads\/sites\/8\/2018\/01\/26903724_1601740776583057_228988485783609026_n.png-300x262.jpg 300w, https:\/\/noti-america.com\/site\/peru\/wp-content\/uploads\/sites\/8\/2018\/01\/26903724_1601740776583057_228988485783609026_n.png.jpg 480w\" sizes=\"auto, (max-width: 300px) 100vw, 300px\" \/><\/p>\n<p>Esas fueron sus \u00faltimas palabras a trav\u00e9s de las redes sociales,\u00a0 v\u00eddeo del h\u00e9roe del pueblo venezolano.<\/p>\n<blockquote class=\"twitter-tweet\" data-width=\"500\" data-dnt=\"true\">\n<p lang=\"es\" dir=\"ltr\"><a href=\"https:\/\/twitter.com\/hashtag\/OscarPerezHeroeDelPueblo?src=hash&amp;ref_src=twsrc%5Etfw\">#OscarPerezHeroeDelPueblo<\/a> Corte del suministro el\u00e9ctrico en el Junquito ten\u00eda el objetivo de impedir que Oscar Perez y su grupo de guerreros siguiera documentando en v\u00eddeos la masacre de la que era objeto <a href=\"https:\/\/twitter.com\/hashtag\/ResistenciaVenezuela?src=hash&amp;ref_src=twsrc%5Etfw\">#ResistenciaVenezuela<\/a> <a href=\"https:\/\/t.co\/ocBTR2DELP\">https:\/\/t.co\/ocBTR2DELP<\/a><\/p>\n<p>&mdash; Pedro Paolucci (@paolucci40) <a href=\"https:\/\/twitter.com\/paolucci40\/status\/953074205683220480?ref_src=twsrc%5Etfw\">January 16, 2018<\/a><\/p><\/blockquote>\n<p><script async src=\"https:\/\/platform.twitter.com\/widgets.js\" charset=\"utf-8\"><\/script><\/p>\n<p>https:\/\/twitter.com\/twitter\/statuses\/953093083096338432<\/p>\n<p><img loading=\"lazy\" decoding=\"async\" class=\"\" src=\"https:\/\/pbs.twimg.com\/media\/DToeSzdXUAAbi1-.jpg\" width=\"408\" height=\"233\" \/><\/p>\n<p>Una imagen vale m\u00e1s que mil palabras, en las redes sociales ya corre la imagen del asesino de \u00d3SCAR P\u00c9REZ.<img loading=\"lazy\" decoding=\"async\" class=\"alignnone size-medium wp-image-530\" src=\"http:\/\/noti-america.com\/site\/peru\/wp-content\/uploads\/sites\/8\/2018\/01\/Screenshot_20180116-114951_2-260x300.png\" alt=\"\" width=\"260\" height=\"300\" srcset=\"https:\/\/noti-america.com\/site\/peru\/wp-content\/uploads\/sites\/8\/2018\/01\/Screenshot_20180116-114951_2-260x300.png 260w, https:\/\/noti-america.com\/site\/peru\/wp-content\/uploads\/sites\/8\/2018\/01\/Screenshot_20180116-114951_2.png 480w\" sizes=\"auto, (max-width: 260px) 100vw, 260px\" \/><\/p>\n<p>YO DIFUNDO POR EL MUNDO LA CARA DE ESTE ANTI-PATRIOTA.<\/p>\n<p>Para el conocimiento de ustedes aqu\u00ed les dejo esto<\/p>\n<p><img loading=\"lazy\" decoding=\"async\" class=\"alignnone size-medium wp-image-531\" src=\"http:\/\/noti-america.com\/site\/peru\/wp-content\/uploads\/sites\/8\/2018\/01\/Screenshot_20180116-105734_2-270x300.png\" alt=\"\" width=\"270\" height=\"300\" srcset=\"https:\/\/noti-america.com\/site\/peru\/wp-content\/uploads\/sites\/8\/2018\/01\/Screenshot_20180116-105734_2-270x300.png 270w, https:\/\/noti-america.com\/site\/peru\/wp-content\/uploads\/sites\/8\/2018\/01\/Screenshot_20180116-105734_2.png 480w\" sizes=\"auto, (max-width: 270px) 100vw, 270px\" \/><\/p>\n<p>Esperemos que nuestros libertarios que se encuentran a buen resguardo Roderick Navarro y Eduardo Bittar , con la ayuda de todos nosotros podamos conseguir lo que con tanto af\u00e1n nos proponemos \u00abLibertar a Venezuela.\u00bb<\/p>\n<p>LIBERTAD O NADA<\/p>\n<p><img loading=\"lazy\" decoding=\"async\" class=\"alignnone size-medium wp-image-532\" src=\"http:\/\/noti-america.com\/site\/peru\/wp-content\/uploads\/sites\/8\/2018\/01\/Roderick-20170730_070048-300x300.jpg\" alt=\"\" width=\"300\" height=\"300\" srcset=\"https:\/\/noti-america.com\/site\/peru\/wp-content\/uploads\/sites\/8\/2018\/01\/Roderick-20170730_070048-300x300.jpg 300w, https:\/\/noti-america.com\/site\/peru\/wp-content\/uploads\/sites\/8\/2018\/01\/Roderick-20170730_070048-150x150.jpg 150w, https:\/\/noti-america.com\/site\/peru\/wp-content\/uploads\/sites\/8\/2018\/01\/Roderick-20170730_070048-160x160.jpg 160w, https:\/\/noti-america.com\/site\/peru\/wp-content\/uploads\/sites\/8\/2018\/01\/Roderick-20170730_070048-320x320.jpg 320w, https:\/\/noti-america.com\/site\/peru\/wp-content\/uploads\/sites\/8\/2018\/01\/Roderick-20170730_070048.jpg 640w\" sizes=\"auto, (max-width: 300px) 100vw, 300px\" \/><\/p>\n<p>Despido esta nota con este hermoso Homenaje que le han hecho a nuestro h\u00e9roe en twitter&#8230;<\/p>\n<blockquote class=\"twitter-tweet\" data-width=\"500\" data-dnt=\"true\">\n<p lang=\"es\" dir=\"ltr\"><a href=\"https:\/\/twitter.com\/hashtag\/OscarPerezHeroeDelPueblo?src=hash&amp;ref_src=twsrc%5Etfw\">#OscarPerezHeroeDelPueblo<\/a>, el hashtag que fue tendencia mundial en Twitter tras la muerte del polic\u00eda que desafi\u00f3 al r\u00e9gimen de Maduro <a href=\"https:\/\/t.co\/5XLlzdnZRp\">https:\/\/t.co\/5XLlzdnZRp<\/a> <a href=\"https:\/\/t.co\/6qss0qSTGG\">pic.twitter.com\/6qss0qSTGG<\/a><\/p>\n<p>&mdash; Infobae Am\u00e9rica (@infobaeamerica) <a href=\"https:\/\/twitter.com\/infobaeamerica\/status\/953255270431580161?ref_src=twsrc%5Etfw\">January 16, 2018<\/a><\/p><\/blockquote>\n<p><script async src=\"https:\/\/platform.twitter.com\/widgets.js\" charset=\"utf-8\"><\/script><\/p>\n<p>Aly Navarro<\/p>\n<p>Corresponsal Per\u00fa.-<\/p>\n","protected":false},"excerpt":{"rendered":"<p>&nbsp; REDACCI\u00d3N NOTI-AMERICA (PERU).- La Narco Dictadura dirigida por Nicol\u00e1s Maduro Moros, se cobra esta vez\u00a0 la vida de un Libertario Miembro de la resistencia \u00d3SCAR P\u00c9REZ, convirti\u00e9ndolo en una leyenda, en un h\u00e9roe,&#46;&#46;&#46;<\/p>\n","protected":false},"author":25,"featured_media":525,"comment_status":"open","ping_status":"open","sticky":false,"template":"","format":"standard","meta":{"_acf_changed":false,"rop_custom_images_group":[],"rop_custom_messages_group":[],"rop_publish_now":"initial","rop_publish_now_accounts":{"twitter_242054905_242054905":""},"rop_publish_now_history":[],"rop_publish_now_status":"pending","footnotes":""},"categories":[4],"tags":[],"class_list":["post-524","post","type-post","status-publish","format-standard","has-post-thumbnail","hentry","category-internacionales"],"acf":[],"yoast_head":"<!-- This site is optimized with the Yoast SEO Premium plugin v24.9 (Yoast SEO v27.2) - https:\/\/yoast.com\/product\/yoast-seo-premium-wordpress\/ -->\n<title>LIBERTARIO POR SIEMPRE... LIBERTAD O NADA - Per\u00fa | Noti-America.com<\/title>\n<meta name=\"robots\" content=\"index, follow, max-snippet:-1, max-image-preview:large, max-video-preview:-1\" \/>\n<link rel=\"canonical\" href=\"https:\/\/noti-america.com\/site\/peru\/2018\/01\/16\/libertario-por-siempre-libertad-o-nada\/\" \/>\n<meta property=\"og:locale\" content=\"es_ES\" \/>\n<meta property=\"og:type\" content=\"article\" \/>\n<meta property=\"og:title\" content=\"LIBERTARIO POR SIEMPRE... LIBERTAD O NADA\" \/>\n<meta property=\"og:description\" content=\"&nbsp; REDACCI\u00d3N NOTI-AMERICA (PERU).- La Narco Dictadura dirigida por Nicol\u00e1s Maduro Moros, se cobra esta vez\u00a0 la vida de un Libertario Miembro de la resistencia \u00d3SCAR P\u00c9REZ, convirti\u00e9ndolo en una leyenda, en un h\u00e9roe,&#046;&#046;&#046;\" \/>\n<meta property=\"og:url\" content=\"https:\/\/noti-america.com\/site\/peru\/2018\/01\/16\/libertario-por-siempre-libertad-o-nada\/\" \/>\n<meta property=\"og:site_name\" content=\"Per\u00fa | Noti-America.com\" \/>\n<meta property=\"article:published_time\" content=\"2018-01-16T17:44:52+00:00\" \/>\n<meta property=\"og:image\" content=\"https:\/\/noti-america.com\/site\/peru\/wp-content\/uploads\/sites\/8\/2018\/01\/26239941_1795997840475314_3807959930876866509_n.jpg\" \/>\n\t<meta property=\"og:image:width\" content=\"480\" \/>\n\t<meta property=\"og:image:height\" content=\"472\" \/>\n\t<meta property=\"og:image:type\" content=\"image\/jpeg\" \/>\n<meta name=\"author\" content=\"Aly Navarro\" \/>\n<meta name=\"twitter:card\" content=\"summary_large_image\" \/>\n<meta name=\"twitter:label1\" content=\"Escrito por\" \/>\n\t<meta name=\"twitter:data1\" content=\"Aly Navarro\" \/>\n\t<meta name=\"twitter:label2\" content=\"Tiempo estimado de lectura\" \/>\n\t<meta name=\"twitter:data2\" content=\"1 minuto\" \/>\n<script type=\"application\/ld+json\" class=\"yoast-schema-graph\">{\"@context\":\"https:\/\/schema.org\",\"@graph\":[{\"@type\":\"Article\",\"@id\":\"https:\/\/noti-america.com\/site\/peru\/2018\/01\/16\/libertario-por-siempre-libertad-o-nada\/#article\",\"isPartOf\":{\"@id\":\"https:\/\/noti-america.com\/site\/peru\/2018\/01\/16\/libertario-por-siempre-libertad-o-nada\/\"},\"author\":{\"name\":\"Aly Navarro\",\"@id\":\"https:\/\/noti-america.com\/site\/peru\/#\/schema\/person\/4acaaf6898868273077978e042294c8c\"},\"headline\":\"LIBERTARIO POR SIEMPRE&#8230; LIBERTAD O NADA\",\"datePublished\":\"2018-01-16T17:44:52+00:00\",\"mainEntityOfPage\":{\"@id\":\"https:\/\/noti-america.com\/site\/peru\/2018\/01\/16\/libertario-por-siempre-libertad-o-nada\/\"},\"wordCount\":299,\"commentCount\":0,\"publisher\":{\"@id\":\"https:\/\/noti-america.com\/site\/peru\/#organization\"},\"image\":{\"@id\":\"https:\/\/noti-america.com\/site\/peru\/2018\/01\/16\/libertario-por-siempre-libertad-o-nada\/#primaryimage\"},\"thumbnailUrl\":\"https:\/\/noti-america.com\/site\/peru\/wp-content\/uploads\/sites\/8\/2018\/01\/26239941_1795997840475314_3807959930876866509_n.jpg\",\"articleSection\":[\"Internacionales\"],\"inLanguage\":\"es\",\"potentialAction\":[{\"@type\":\"CommentAction\",\"name\":\"Comment\",\"target\":[\"https:\/\/noti-america.com\/site\/peru\/2018\/01\/16\/libertario-por-siempre-libertad-o-nada\/#respond\"]}]},{\"@type\":\"WebPage\",\"@id\":\"https:\/\/noti-america.com\/site\/peru\/2018\/01\/16\/libertario-por-siempre-libertad-o-nada\/\",\"url\":\"https:\/\/noti-america.com\/site\/peru\/2018\/01\/16\/libertario-por-siempre-libertad-o-nada\/\",\"name\":\"LIBERTARIO POR SIEMPRE... LIBERTAD O NADA - Per\u00fa | Noti-America.com\",\"isPartOf\":{\"@id\":\"https:\/\/noti-america.com\/site\/peru\/#website\"},\"primaryImageOfPage\":{\"@id\":\"https:\/\/noti-america.com\/site\/peru\/2018\/01\/16\/libertario-por-siempre-libertad-o-nada\/#primaryimage\"},\"image\":{\"@id\":\"https:\/\/noti-america.com\/site\/peru\/2018\/01\/16\/libertario-por-siempre-libertad-o-nada\/#primaryimage\"},\"thumbnailUrl\":\"https:\/\/noti-america.com\/site\/peru\/wp-content\/uploads\/sites\/8\/2018\/01\/26239941_1795997840475314_3807959930876866509_n.jpg\",\"datePublished\":\"2018-01-16T17:44:52+00:00\",\"breadcrumb\":{\"@id\":\"https:\/\/noti-america.com\/site\/peru\/2018\/01\/16\/libertario-por-siempre-libertad-o-nada\/#breadcrumb\"},\"inLanguage\":\"es\",\"potentialAction\":[{\"@type\":\"ReadAction\",\"target\":[\"https:\/\/noti-america.com\/site\/peru\/2018\/01\/16\/libertario-por-siempre-libertad-o-nada\/\"]}]},{\"@type\":\"ImageObject\",\"inLanguage\":\"es\",\"@id\":\"https:\/\/noti-america.com\/site\/peru\/2018\/01\/16\/libertario-por-siempre-libertad-o-nada\/#primaryimage\",\"url\":\"https:\/\/noti-america.com\/site\/peru\/wp-content\/uploads\/sites\/8\/2018\/01\/26239941_1795997840475314_3807959930876866509_n.jpg\",\"contentUrl\":\"https:\/\/noti-america.com\/site\/peru\/wp-content\/uploads\/sites\/8\/2018\/01\/26239941_1795997840475314_3807959930876866509_n.jpg\",\"width\":480,\"height\":472},{\"@type\":\"BreadcrumbList\",\"@id\":\"https:\/\/noti-america.com\/site\/peru\/2018\/01\/16\/libertario-por-siempre-libertad-o-nada\/#breadcrumb\",\"itemListElement\":[{\"@type\":\"ListItem\",\"position\":1,\"name\":\"Portada\",\"item\":\"https:\/\/noti-america.com\/site\/peru\/\"},{\"@type\":\"ListItem\",\"position\":2,\"name\":\"LIBERTARIO POR SIEMPRE&#8230; LIBERTAD O NADA\"}]},{\"@type\":\"WebSite\",\"@id\":\"https:\/\/noti-america.com\/site\/peru\/#website\",\"url\":\"https:\/\/noti-america.com\/site\/peru\/\",\"name\":\"Per\u00fa | Noti-America.com\",\"description\":\"\",\"publisher\":{\"@id\":\"https:\/\/noti-america.com\/site\/peru\/#organization\"},\"potentialAction\":[{\"@type\":\"SearchAction\",\"target\":{\"@type\":\"EntryPoint\",\"urlTemplate\":\"https:\/\/noti-america.com\/site\/peru\/?s={search_term_string}\"},\"query-input\":{\"@type\":\"PropertyValueSpecification\",\"valueRequired\":true,\"valueName\":\"search_term_string\"}}],\"inLanguage\":\"es\"},{\"@type\":\"Organization\",\"@id\":\"https:\/\/noti-america.com\/site\/peru\/#organization\",\"name\":\"Noti-America LLC | Per\u00fa\",\"url\":\"https:\/\/noti-america.com\/site\/peru\/\",\"logo\":{\"@type\":\"ImageObject\",\"inLanguage\":\"es\",\"@id\":\"https:\/\/noti-america.com\/site\/peru\/#\/schema\/logo\/image\/\",\"url\":\"https:\/\/noti-america.com\/site\/peru\/wp-content\/uploads\/sites\/8\/2020\/07\/LogoNA-4x3-1.jpg\",\"contentUrl\":\"https:\/\/noti-america.com\/site\/peru\/wp-content\/uploads\/sites\/8\/2020\/07\/LogoNA-4x3-1.jpg\",\"width\":1236,\"height\":1080,\"caption\":\"Noti-America LLC | Per\u00fa\"},\"image\":{\"@id\":\"https:\/\/noti-america.com\/site\/peru\/#\/schema\/logo\/image\/\"}},{\"@type\":\"Person\",\"@id\":\"https:\/\/noti-america.com\/site\/peru\/#\/schema\/person\/4acaaf6898868273077978e042294c8c\",\"name\":\"Aly Navarro\",\"image\":{\"@type\":\"ImageObject\",\"inLanguage\":\"es\",\"@id\":\"https:\/\/secure.gravatar.com\/avatar\/02b849851afa0047aba29ecf7c54e740e344447af4b714be937c6a044c08b9d1?s=96&d=mm&r=g\",\"url\":\"https:\/\/secure.gravatar.com\/avatar\/02b849851afa0047aba29ecf7c54e740e344447af4b714be937c6a044c08b9d1?s=96&d=mm&r=g\",\"contentUrl\":\"https:\/\/secure.gravatar.com\/avatar\/02b849851afa0047aba29ecf7c54e740e344447af4b714be937c6a044c08b9d1?s=96&d=mm&r=g\",\"caption\":\"Aly Navarro\"},\"url\":\"https:\/\/noti-america.com\/site\/peru\/author\/anavarro\/\"}]}<\/script>\n<!-- \/ Yoast SEO Premium plugin. -->","yoast_head_json":{"title":"LIBERTARIO POR SIEMPRE... LIBERTAD O NADA - Per\u00fa | Noti-America.com","robots":{"index":"index","follow":"follow","max-snippet":"max-snippet:-1","max-image-preview":"max-image-preview:large","max-video-preview":"max-video-preview:-1"},"canonical":"https:\/\/noti-america.com\/site\/peru\/2018\/01\/16\/libertario-por-siempre-libertad-o-nada\/","og_locale":"es_ES","og_type":"article","og_title":"LIBERTARIO POR SIEMPRE... LIBERTAD O NADA","og_description":"&nbsp; REDACCI\u00d3N NOTI-AMERICA (PERU).- La Narco Dictadura dirigida por Nicol\u00e1s Maduro Moros, se cobra esta vez\u00a0 la vida de un Libertario Miembro de la resistencia \u00d3SCAR P\u00c9REZ, convirti\u00e9ndolo en una leyenda, en un h\u00e9roe,&#46;&#46;&#46;","og_url":"https:\/\/noti-america.com\/site\/peru\/2018\/01\/16\/libertario-por-siempre-libertad-o-nada\/","og_site_name":"Per\u00fa | Noti-America.com","article_published_time":"2018-01-16T17:44:52+00:00","og_image":[{"width":480,"height":472,"url":"https:\/\/noti-america.com\/site\/peru\/wp-content\/uploads\/sites\/8\/2018\/01\/26239941_1795997840475314_3807959930876866509_n.jpg","type":"image\/jpeg"}],"author":"Aly Navarro","twitter_card":"summary_large_image","twitter_misc":{"Escrito por":"Aly Navarro","Tiempo estimado de lectura":"1 minuto"},"schema":{"@context":"https:\/\/schema.org","@graph":[{"@type":"Article","@id":"https:\/\/noti-america.com\/site\/peru\/2018\/01\/16\/libertario-por-siempre-libertad-o-nada\/#article","isPartOf":{"@id":"https:\/\/noti-america.com\/site\/peru\/2018\/01\/16\/libertario-por-siempre-libertad-o-nada\/"},"author":{"name":"Aly Navarro","@id":"https:\/\/noti-america.com\/site\/peru\/#\/schema\/person\/4acaaf6898868273077978e042294c8c"},"headline":"LIBERTARIO POR SIEMPRE&#8230; LIBERTAD O NADA","datePublished":"2018-01-16T17:44:52+00:00","mainEntityOfPage":{"@id":"https:\/\/noti-america.com\/site\/peru\/2018\/01\/16\/libertario-por-siempre-libertad-o-nada\/"},"wordCount":299,"commentCount":0,"publisher":{"@id":"https:\/\/noti-america.com\/site\/peru\/#organization"},"image":{"@id":"https:\/\/noti-america.com\/site\/peru\/2018\/01\/16\/libertario-por-siempre-libertad-o-nada\/#primaryimage"},"thumbnailUrl":"https:\/\/noti-america.com\/site\/peru\/wp-content\/uploads\/sites\/8\/2018\/01\/26239941_1795997840475314_3807959930876866509_n.jpg","articleSection":["Internacionales"],"inLanguage":"es","potentialAction":[{"@type":"CommentAction","name":"Comment","target":["https:\/\/noti-america.com\/site\/peru\/2018\/01\/16\/libertario-por-siempre-libertad-o-nada\/#respond"]}]},{"@type":"WebPage","@id":"https:\/\/noti-america.com\/site\/peru\/2018\/01\/16\/libertario-por-siempre-libertad-o-nada\/","url":"https:\/\/noti-america.com\/site\/peru\/2018\/01\/16\/libertario-por-siempre-libertad-o-nada\/","name":"LIBERTARIO POR SIEMPRE... LIBERTAD O NADA - Per\u00fa | Noti-America.com","isPartOf":{"@id":"https:\/\/noti-america.com\/site\/peru\/#website"},"primaryImageOfPage":{"@id":"https:\/\/noti-america.com\/site\/peru\/2018\/01\/16\/libertario-por-siempre-libertad-o-nada\/#primaryimage"},"image":{"@id":"https:\/\/noti-america.com\/site\/peru\/2018\/01\/16\/libertario-por-siempre-libertad-o-nada\/#primaryimage"},"thumbnailUrl":"https:\/\/noti-america.com\/site\/peru\/wp-content\/uploads\/sites\/8\/2018\/01\/26239941_1795997840475314_3807959930876866509_n.jpg","datePublished":"2018-01-16T17:44:52+00:00","breadcrumb":{"@id":"https:\/\/noti-america.com\/site\/peru\/2018\/01\/16\/libertario-por-siempre-libertad-o-nada\/#breadcrumb"},"inLanguage":"es","potentialAction":[{"@type":"ReadAction","target":["https:\/\/noti-america.com\/site\/peru\/2018\/01\/16\/libertario-por-siempre-libertad-o-nada\/"]}]},{"@type":"ImageObject","inLanguage":"es","@id":"https:\/\/noti-america.com\/site\/peru\/2018\/01\/16\/libertario-por-siempre-libertad-o-nada\/#primaryimage","url":"https:\/\/noti-america.com\/site\/peru\/wp-content\/uploads\/sites\/8\/2018\/01\/26239941_1795997840475314_3807959930876866509_n.jpg","contentUrl":"https:\/\/noti-america.com\/site\/peru\/wp-content\/uploads\/sites\/8\/2018\/01\/26239941_1795997840475314_3807959930876866509_n.jpg","width":480,"height":472},{"@type":"BreadcrumbList","@id":"https:\/\/noti-america.com\/site\/peru\/2018\/01\/16\/libertario-por-siempre-libertad-o-nada\/#breadcrumb","itemListElement":[{"@type":"ListItem","position":1,"name":"Portada","item":"https:\/\/noti-america.com\/site\/peru\/"},{"@type":"ListItem","position":2,"name":"LIBERTARIO POR SIEMPRE&#8230; LIBERTAD O NADA"}]},{"@type":"WebSite","@id":"https:\/\/noti-america.com\/site\/peru\/#website","url":"https:\/\/noti-america.com\/site\/peru\/","name":"Per\u00fa | Noti-America.com","description":"","publisher":{"@id":"https:\/\/noti-america.com\/site\/peru\/#organization"},"potentialAction":[{"@type":"SearchAction","target":{"@type":"EntryPoint","urlTemplate":"https:\/\/noti-america.com\/site\/peru\/?s={search_term_string}"},"query-input":{"@type":"PropertyValueSpecification","valueRequired":true,"valueName":"search_term_string"}}],"inLanguage":"es"},{"@type":"Organization","@id":"https:\/\/noti-america.com\/site\/peru\/#organization","name":"Noti-America LLC | Per\u00fa","url":"https:\/\/noti-america.com\/site\/peru\/","logo":{"@type":"ImageObject","inLanguage":"es","@id":"https:\/\/noti-america.com\/site\/peru\/#\/schema\/logo\/image\/","url":"https:\/\/noti-america.com\/site\/peru\/wp-content\/uploads\/sites\/8\/2020\/07\/LogoNA-4x3-1.jpg","contentUrl":"https:\/\/noti-america.com\/site\/peru\/wp-content\/uploads\/sites\/8\/2020\/07\/LogoNA-4x3-1.jpg","width":1236,"height":1080,"caption":"Noti-America LLC | Per\u00fa"},"image":{"@id":"https:\/\/noti-america.com\/site\/peru\/#\/schema\/logo\/image\/"}},{"@type":"Person","@id":"https:\/\/noti-america.com\/site\/peru\/#\/schema\/person\/4acaaf6898868273077978e042294c8c","name":"Aly Navarro","image":{"@type":"ImageObject","inLanguage":"es","@id":"https:\/\/secure.gravatar.com\/avatar\/02b849851afa0047aba29ecf7c54e740e344447af4b714be937c6a044c08b9d1?s=96&d=mm&r=g","url":"https:\/\/secure.gravatar.com\/avatar\/02b849851afa0047aba29ecf7c54e740e344447af4b714be937c6a044c08b9d1?s=96&d=mm&r=g","contentUrl":"https:\/\/secure.gravatar.com\/avatar\/02b849851afa0047aba29ecf7c54e740e344447af4b714be937c6a044c08b9d1?s=96&d=mm&r=g","caption":"Aly Navarro"},"url":"https:\/\/noti-america.com\/site\/peru\/author\/anavarro\/"}]}},"_links":{"self":[{"href":"https:\/\/noti-america.com\/site\/peru\/wp-json\/wp\/v2\/posts\/524","targetHints":{"allow":["GET"]}}],"collection":[{"href":"https:\/\/noti-america.com\/site\/peru\/wp-json\/wp\/v2\/posts"}],"about":[{"href":"https:\/\/noti-america.com\/site\/peru\/wp-json\/wp\/v2\/types\/post"}],"author":[{"embeddable":true,"href":"https:\/\/noti-america.com\/site\/peru\/wp-json\/wp\/v2\/users\/25"}],"replies":[{"embeddable":true,"href":"https:\/\/noti-america.com\/site\/peru\/wp-json\/wp\/v2\/comments?post=524"}],"version-history":[{"count":4,"href":"https:\/\/noti-america.com\/site\/peru\/wp-json\/wp\/v2\/posts\/524\/revisions"}],"predecessor-version":[{"id":535,"href":"https:\/\/noti-america.com\/site\/peru\/wp-json\/wp\/v2\/posts\/524\/revisions\/535"}],"wp:featuredmedia":[{"embeddable":true,"href":"https:\/\/noti-america.com\/site\/peru\/wp-json\/wp\/v2\/media\/525"}],"wp:attachment":[{"href":"https:\/\/noti-america.com\/site\/peru\/wp-json\/wp\/v2\/media?parent=524"}],"wp:term":[{"taxonomy":"category","embeddable":true,"href":"https:\/\/noti-america.com\/site\/peru\/wp-json\/wp\/v2\/categories?post=524"},{"taxonomy":"post_tag","embeddable":true,"href":"https:\/\/noti-america.com\/site\/peru\/wp-json\/wp\/v2\/tags?post=524"}],"curies":[{"name":"wp","href":"https:\/\/api.w.org\/{rel}","templated":true}]}}