{"id":4339,"date":"2021-10-05T15:24:03","date_gmt":"2021-10-05T15:24:03","guid":{"rendered":"https:\/\/noti-america.com\/site\/peru\/?p=4339"},"modified":"2021-10-05T15:24:03","modified_gmt":"2021-10-05T15:24:03","slug":"manuel-merino-de-lama-presidente-del-peru-por-siete-dias","status":"publish","type":"post","link":"https:\/\/noti-america.com\/site\/peru\/2021\/10\/05\/manuel-merino-de-lama-presidente-del-peru-por-siete-dias\/","title":{"rendered":"Manuel Merino de Lama \u2013 presidente del Per\u00fa por siete d\u00edas"},"content":{"rendered":"<p style=\"text-align: right\"><strong><span style=\"font-family: Tahoma, Arial, Helvetica, sans-serif;font-size: 14pt\">Por Geomar Pacheco Rivera<\/span><\/strong><\/p>\n<p style=\"text-align: justify\">\n<p style=\"text-align: justify\"><strong><span style=\"font-family: Tahoma, Arial, Helvetica, sans-serif;font-size: 14pt\">La omisi\u00f3n tambi\u00e9n sancionada<\/span><\/strong><\/p>\n<p style=\"text-align: justify\">\n<p style=\"text-align: justify\"><span style=\"font-weight: 400;font-family: Tahoma, Arial, Helvetica, sans-serif;font-size: 14pt\">La fiscal de la Naci\u00f3n, Zoraida \u00c1valos Rivera, present\u00f3 una denuncia constitucional contra Manuel Merino de Lama, \u00c1ntero Flores-Ar\u00e1oz y Gast\u00f3n Rodr\u00edguez, exministro del Interior, con motivo de las muertes de los ciudadanos Inti Sotelo y Bryan Pintado, e incluye a las 78 personas que sufrieron lesiones en las movilizaciones de noviembre del 2020.<\/span><\/p>\n<p><a href=\"https:\/\/noti-america.com\/site\/peru\/wp-content\/uploads\/sites\/8\/2021\/10\/MANUEL-MERINO-DE-LAMA-EX-PRESIDENTE-DEL-PERU-2020.jpg\"><img loading=\"lazy\" decoding=\"async\" class=\"aligncenter size-full wp-image-4340\" src=\"https:\/\/noti-america.com\/site\/peru\/wp-content\/uploads\/sites\/8\/2021\/10\/MANUEL-MERINO-DE-LAMA-EX-PRESIDENTE-DEL-PERU-2020.jpg\" alt=\"\" width=\"1920\" height=\"1080\" srcset=\"https:\/\/noti-america.com\/site\/peru\/wp-content\/uploads\/sites\/8\/2021\/10\/MANUEL-MERINO-DE-LAMA-EX-PRESIDENTE-DEL-PERU-2020.jpg 1920w, https:\/\/noti-america.com\/site\/peru\/wp-content\/uploads\/sites\/8\/2021\/10\/MANUEL-MERINO-DE-LAMA-EX-PRESIDENTE-DEL-PERU-2020-300x169.jpg 300w, https:\/\/noti-america.com\/site\/peru\/wp-content\/uploads\/sites\/8\/2021\/10\/MANUEL-MERINO-DE-LAMA-EX-PRESIDENTE-DEL-PERU-2020-1024x576.jpg 1024w, https:\/\/noti-america.com\/site\/peru\/wp-content\/uploads\/sites\/8\/2021\/10\/MANUEL-MERINO-DE-LAMA-EX-PRESIDENTE-DEL-PERU-2020-768x432.jpg 768w, https:\/\/noti-america.com\/site\/peru\/wp-content\/uploads\/sites\/8\/2021\/10\/MANUEL-MERINO-DE-LAMA-EX-PRESIDENTE-DEL-PERU-2020-1536x864.jpg 1536w\" sizes=\"auto, (max-width: 1920px) 100vw, 1920px\" \/><\/a><\/p>\n<p style=\"text-align: justify\"><span style=\"font-weight: 400;font-family: Tahoma, Arial, Helvetica, sans-serif;font-size: 14pt\">El despacho de \u00c1valos Rivera imputa a Merino y a sus exministros la presunta comisi\u00f3n, en la modalidad de omisi\u00f3n impropia, de los delitos de homicidio, lesiones graves y leves a t\u00edtulo de dolo eventual.<\/span><\/p>\n<p style=\"text-align: justify\"><span style=\"font-family: Tahoma, Arial, Helvetica, sans-serif;font-size: 14pt\"><span style=\"font-weight: 400\">En la denuncia presentada ante el Congreso de la Rep\u00fablica, la Fiscal\u00eda de la Naci\u00f3n se\u00f1ala que Merino, Flores-Ar\u00e1oz y Rodr\u00edguez incumplieron con su deber constitucional de <\/span><b>proteger la vida y la integridad f\u00edsica de los participantes <\/b><span style=\"font-weight: 400\">en las movilizaciones efectuadas en Lima.<\/span><\/span><\/p>\n<p style=\"text-align: justify\"><span style=\"font-weight: 400;font-family: Tahoma, Arial, Helvetica, sans-serif;font-size: 14pt\">Asimismo, se considera que no adoptaron medidas para controlar el uso de la fuerza policial, que termin\u00f3 siendo desproporcionada.\u00a0<\/span><\/p>\n<p style=\"text-align: justify\"><span style=\"font-weight: 400;font-family: Tahoma, Arial, Helvetica, sans-serif;font-size: 14pt\">Dicha omisi\u00f3n se dio \u2014se\u00f1ala la Fiscal\u00eda\u2014 pese a contarse con informaci\u00f3n oficial referida a la intensificaci\u00f3n de esas acciones.<\/span><\/p>\n<p style=\"text-align: justify\"><span style=\"font-weight: 400;font-family: Tahoma, Arial, Helvetica, sans-serif;font-size: 14pt\">En ese sentido, se indica que los denunciados habr\u00edan actuado con dolo eventual, pues desde que asumieron los cargos p\u00fablicos conoc\u00edan de las manifestaciones sociales, ya que estas eran reportadas por los medios de comunicaci\u00f3n social permanentemente durante los d\u00edas en que se realizaron.<\/span><\/p>\n<p style=\"text-align: justify\"><span style=\"font-weight: 400;font-family: Tahoma, Arial, Helvetica, sans-serif;font-size: 14pt\">El documento presentado sostiene que dicha modalidad se aplica bajo la premisa de que los referidos funcionarios, en vez de prever los resultados de las movilizaciones, \u201cpersistieron en sus conductas omisivas\u201d.<\/span><\/p>\n<p style=\"text-align: justify\"><span style=\"font-weight: 400;font-family: Tahoma, Arial, Helvetica, sans-serif;font-size: 14pt\">\u201cPara decirlo en\u00a0 t\u00e9rminos m\u00e1s directos, ten\u00edan la capacidad y estaban en la posibilidad de evitar los resultados, pero no lo hicieron\u201d, se indica en la denuncia.<\/span><\/p>\n<p style=\"text-align: justify\">\n<p style=\"text-align: justify\"><span style=\"font-family: Tahoma, Arial, Helvetica, sans-serif;font-size: 14pt\"><b>Falt\u00f3 autoridad desde el Ejecutivo<\/b><\/span><\/p>\n<p style=\"text-align: justify\"><span style=\"font-weight: 400;font-family: Tahoma, Arial, Helvetica, sans-serif;font-size: 14pt\">La fiscal\u00eda cuestiona, en ese contexto, que \u201cno se dispuso medidas para controlar ni mitigar dichas acciones y, por el contrario, se permiti\u00f3 que prosigan las mismas, lo que conllev\u00f3 como resultado dos personas fallecidas y 78 ciudadanos identificados a la fecha con lesiones leves y graves, quienes participaron activamente en dichas movilizaciones sociales\u201d.<\/span><\/p>\n<p style=\"text-align: justify\">\n<p style=\"text-align: justify\"><a href=\"https:\/\/noti-america.com\/site\/peru\/wp-content\/uploads\/sites\/8\/2021\/10\/ZORAIDA-AVALOS-RIVERA-FISCAL-DE-LA-NACION-2020-21.jpg\"><img loading=\"lazy\" decoding=\"async\" class=\"aligncenter wp-image-4341 size-full\" src=\"https:\/\/noti-america.com\/site\/peru\/wp-content\/uploads\/sites\/8\/2021\/10\/ZORAIDA-AVALOS-RIVERA-FISCAL-DE-LA-NACION-2020-21.jpg\" alt=\"\" width=\"284\" height=\"177\" \/><\/a><\/p>\n<p style=\"text-align: justify\">\n<p style=\"text-align: justify\"><span style=\"font-weight: 400;font-family: Tahoma, Arial, Helvetica, sans-serif;font-size: 14pt\">La denuncia constitucional contra Merino, Flores-Ar\u00e1oz y Rodr\u00edguez deber\u00e1 ser calificada en la Subcomisi\u00f3n de Acusaciones Constitucionales del Congreso de la Rep\u00fablica, en los pr\u00f3ximos d\u00edas.<\/span><\/p>\n<p style=\"text-align: justify\"><span style=\"font-weight: 400;font-family: Tahoma, Arial, Helvetica, sans-serif;font-size: 14pt\">La Fiscal\u00eda de la Naci\u00f3n informar\u00e1 los avances del tr\u00e1mite iniciado y brindar\u00e1 todo el apoyo que requieran los parlamentarios para que se esclarezcan los hechos y se individualicen las responsabilidades de los funcionarios denunciados.<\/span><\/p>\n<p style=\"text-align: justify\"><span style=\"font-family: Tahoma, Arial, Helvetica, sans-serif;font-size: 14pt\">Autora:<\/span><\/p>\n<p><a href=\"https:\/\/noti-america.com\/site\/peru\/wp-content\/uploads\/sites\/8\/2021\/10\/WhatsApp-Image-2021-10-03-at-8.14.31-PM.jpeg\"><img loading=\"lazy\" decoding=\"async\" class=\"alignleft size-medium wp-image-4327\" src=\"https:\/\/noti-america.com\/site\/peru\/wp-content\/uploads\/sites\/8\/2021\/10\/WhatsApp-Image-2021-10-03-at-8.14.31-PM-300x171.jpeg\" alt=\"\" width=\"300\" height=\"171\" srcset=\"https:\/\/noti-america.com\/site\/peru\/wp-content\/uploads\/sites\/8\/2021\/10\/WhatsApp-Image-2021-10-03-at-8.14.31-PM-300x171.jpeg 300w, https:\/\/noti-america.com\/site\/peru\/wp-content\/uploads\/sites\/8\/2021\/10\/WhatsApp-Image-2021-10-03-at-8.14.31-PM-1024x585.jpeg 1024w, https:\/\/noti-america.com\/site\/peru\/wp-content\/uploads\/sites\/8\/2021\/10\/WhatsApp-Image-2021-10-03-at-8.14.31-PM-768x439.jpeg 768w, https:\/\/noti-america.com\/site\/peru\/wp-content\/uploads\/sites\/8\/2021\/10\/WhatsApp-Image-2021-10-03-at-8.14.31-PM.jpeg 1050w\" sizes=\"auto, (max-width: 300px) 100vw, 300px\" \/><\/a><\/p>\n","protected":false},"excerpt":{"rendered":"<p>Por Geomar Pacheco Rivera La omisi\u00f3n tambi\u00e9n sancionada La fiscal de la Naci\u00f3n, Zoraida \u00c1valos Rivera, present\u00f3 una denuncia constitucional contra Manuel Merino de Lama, \u00c1ntero Flores-Ar\u00e1oz y Gast\u00f3n Rodr\u00edguez, exministro del Interior, con&#46;&#46;&#46;<\/p>\n","protected":false},"author":70,"featured_media":4340,"comment_status":"open","ping_status":"open","sticky":false,"template":"","format":"standard","meta":{"_acf_changed":false,"rop_custom_images_group":[],"rop_custom_messages_group":[],"rop_publish_now":"initial","rop_publish_now_accounts":{"twitter_242054905_242054905":""},"rop_publish_now_history":[],"rop_publish_now_status":"pending","footnotes":""},"categories":[10,3],"tags":[],"class_list":["post-4339","post","type-post","status-publish","format-standard","has-post-thumbnail","hentry","category-actualidad","category-politica"],"acf":[],"yoast_head":"<!-- This site is optimized with the Yoast SEO Premium plugin v24.9 (Yoast SEO v27.2) - https:\/\/yoast.com\/product\/yoast-seo-premium-wordpress\/ -->\n<title>Manuel Merino de Lama \u2013 presidente del Per\u00fa por siete d\u00edas - Per\u00fa | Noti-America.com<\/title>\n<meta name=\"robots\" content=\"index, follow, max-snippet:-1, max-image-preview:large, max-video-preview:-1\" \/>\n<link rel=\"canonical\" href=\"https:\/\/noti-america.com\/site\/peru\/2021\/10\/05\/manuel-merino-de-lama-presidente-del-peru-por-siete-dias\/\" \/>\n<meta property=\"og:locale\" content=\"es_ES\" \/>\n<meta property=\"og:type\" content=\"article\" \/>\n<meta property=\"og:title\" content=\"Manuel Merino de Lama \u2013 presidente del Per\u00fa por siete d\u00edas\" \/>\n<meta property=\"og:description\" content=\"Por Geomar Pacheco Rivera La omisi\u00f3n tambi\u00e9n sancionada La fiscal de la Naci\u00f3n, Zoraida \u00c1valos Rivera, present\u00f3 una denuncia constitucional contra Manuel Merino de Lama, \u00c1ntero Flores-Ar\u00e1oz y Gast\u00f3n Rodr\u00edguez, exministro del Interior, con&#046;&#046;&#046;\" \/>\n<meta property=\"og:url\" content=\"https:\/\/noti-america.com\/site\/peru\/2021\/10\/05\/manuel-merino-de-lama-presidente-del-peru-por-siete-dias\/\" \/>\n<meta property=\"og:site_name\" content=\"Per\u00fa | Noti-America.com\" \/>\n<meta property=\"article:published_time\" content=\"2021-10-05T15:24:03+00:00\" \/>\n<meta property=\"og:image\" content=\"https:\/\/noti-america.com\/site\/peru\/wp-content\/uploads\/sites\/8\/2021\/10\/MANUEL-MERINO-DE-LAMA-EX-PRESIDENTE-DEL-PERU-2020.jpg\" \/>\n\t<meta property=\"og:image:width\" content=\"1920\" \/>\n\t<meta property=\"og:image:height\" content=\"1080\" \/>\n\t<meta property=\"og:image:type\" content=\"image\/jpeg\" \/>\n<meta name=\"author\" content=\"Geomar Pacheco R.\" \/>\n<meta name=\"twitter:card\" content=\"summary_large_image\" \/>\n<meta name=\"twitter:creator\" content=\"@GeomarPacheco1\" \/>\n<meta name=\"twitter:label1\" content=\"Escrito por\" \/>\n\t<meta name=\"twitter:data1\" content=\"Geomar Pacheco R.\" \/>\n\t<meta name=\"twitter:label2\" content=\"Tiempo estimado de lectura\" \/>\n\t<meta name=\"twitter:data2\" content=\"3 minutos\" \/>\n<script type=\"application\/ld+json\" class=\"yoast-schema-graph\">{\"@context\":\"https:\/\/schema.org\",\"@graph\":[{\"@type\":\"Article\",\"@id\":\"https:\/\/noti-america.com\/site\/peru\/2021\/10\/05\/manuel-merino-de-lama-presidente-del-peru-por-siete-dias\/#article\",\"isPartOf\":{\"@id\":\"https:\/\/noti-america.com\/site\/peru\/2021\/10\/05\/manuel-merino-de-lama-presidente-del-peru-por-siete-dias\/\"},\"author\":{\"name\":\"Geomar Pacheco R.\",\"@id\":\"https:\/\/noti-america.com\/site\/peru\/#\/schema\/person\/28a35f20383bf2485bc838bfe76aebdc\"},\"headline\":\"Manuel Merino de Lama \u2013 presidente del Per\u00fa por siete d\u00edas\",\"datePublished\":\"2021-10-05T15:24:03+00:00\",\"mainEntityOfPage\":{\"@id\":\"https:\/\/noti-america.com\/site\/peru\/2021\/10\/05\/manuel-merino-de-lama-presidente-del-peru-por-siete-dias\/\"},\"wordCount\":449,\"commentCount\":0,\"publisher\":{\"@id\":\"https:\/\/noti-america.com\/site\/peru\/#organization\"},\"image\":{\"@id\":\"https:\/\/noti-america.com\/site\/peru\/2021\/10\/05\/manuel-merino-de-lama-presidente-del-peru-por-siete-dias\/#primaryimage\"},\"thumbnailUrl\":\"https:\/\/noti-america.com\/site\/peru\/wp-content\/uploads\/sites\/8\/2021\/10\/MANUEL-MERINO-DE-LAMA-EX-PRESIDENTE-DEL-PERU-2020.jpg\",\"articleSection\":[\"Actualidad\",\"Pol\u00edtica\"],\"inLanguage\":\"es\",\"potentialAction\":[{\"@type\":\"CommentAction\",\"name\":\"Comment\",\"target\":[\"https:\/\/noti-america.com\/site\/peru\/2021\/10\/05\/manuel-merino-de-lama-presidente-del-peru-por-siete-dias\/#respond\"]}]},{\"@type\":\"WebPage\",\"@id\":\"https:\/\/noti-america.com\/site\/peru\/2021\/10\/05\/manuel-merino-de-lama-presidente-del-peru-por-siete-dias\/\",\"url\":\"https:\/\/noti-america.com\/site\/peru\/2021\/10\/05\/manuel-merino-de-lama-presidente-del-peru-por-siete-dias\/\",\"name\":\"Manuel Merino de Lama \u2013 presidente del Per\u00fa por siete d\u00edas - Per\u00fa | Noti-America.com\",\"isPartOf\":{\"@id\":\"https:\/\/noti-america.com\/site\/peru\/#website\"},\"primaryImageOfPage\":{\"@id\":\"https:\/\/noti-america.com\/site\/peru\/2021\/10\/05\/manuel-merino-de-lama-presidente-del-peru-por-siete-dias\/#primaryimage\"},\"image\":{\"@id\":\"https:\/\/noti-america.com\/site\/peru\/2021\/10\/05\/manuel-merino-de-lama-presidente-del-peru-por-siete-dias\/#primaryimage\"},\"thumbnailUrl\":\"https:\/\/noti-america.com\/site\/peru\/wp-content\/uploads\/sites\/8\/2021\/10\/MANUEL-MERINO-DE-LAMA-EX-PRESIDENTE-DEL-PERU-2020.jpg\",\"datePublished\":\"2021-10-05T15:24:03+00:00\",\"breadcrumb\":{\"@id\":\"https:\/\/noti-america.com\/site\/peru\/2021\/10\/05\/manuel-merino-de-lama-presidente-del-peru-por-siete-dias\/#breadcrumb\"},\"inLanguage\":\"es\",\"potentialAction\":[{\"@type\":\"ReadAction\",\"target\":[\"https:\/\/noti-america.com\/site\/peru\/2021\/10\/05\/manuel-merino-de-lama-presidente-del-peru-por-siete-dias\/\"]}]},{\"@type\":\"ImageObject\",\"inLanguage\":\"es\",\"@id\":\"https:\/\/noti-america.com\/site\/peru\/2021\/10\/05\/manuel-merino-de-lama-presidente-del-peru-por-siete-dias\/#primaryimage\",\"url\":\"https:\/\/noti-america.com\/site\/peru\/wp-content\/uploads\/sites\/8\/2021\/10\/MANUEL-MERINO-DE-LAMA-EX-PRESIDENTE-DEL-PERU-2020.jpg\",\"contentUrl\":\"https:\/\/noti-america.com\/site\/peru\/wp-content\/uploads\/sites\/8\/2021\/10\/MANUEL-MERINO-DE-LAMA-EX-PRESIDENTE-DEL-PERU-2020.jpg\",\"width\":1920,\"height\":1080},{\"@type\":\"BreadcrumbList\",\"@id\":\"https:\/\/noti-america.com\/site\/peru\/2021\/10\/05\/manuel-merino-de-lama-presidente-del-peru-por-siete-dias\/#breadcrumb\",\"itemListElement\":[{\"@type\":\"ListItem\",\"position\":1,\"name\":\"Portada\",\"item\":\"https:\/\/noti-america.com\/site\/peru\/\"},{\"@type\":\"ListItem\",\"position\":2,\"name\":\"Manuel Merino de Lama \u2013 presidente del Per\u00fa por siete d\u00edas\"}]},{\"@type\":\"WebSite\",\"@id\":\"https:\/\/noti-america.com\/site\/peru\/#website\",\"url\":\"https:\/\/noti-america.com\/site\/peru\/\",\"name\":\"Per\u00fa | Noti-America.com\",\"description\":\"\",\"publisher\":{\"@id\":\"https:\/\/noti-america.com\/site\/peru\/#organization\"},\"potentialAction\":[{\"@type\":\"SearchAction\",\"target\":{\"@type\":\"EntryPoint\",\"urlTemplate\":\"https:\/\/noti-america.com\/site\/peru\/?s={search_term_string}\"},\"query-input\":{\"@type\":\"PropertyValueSpecification\",\"valueRequired\":true,\"valueName\":\"search_term_string\"}}],\"inLanguage\":\"es\"},{\"@type\":\"Organization\",\"@id\":\"https:\/\/noti-america.com\/site\/peru\/#organization\",\"name\":\"Noti-America LLC | Per\u00fa\",\"url\":\"https:\/\/noti-america.com\/site\/peru\/\",\"logo\":{\"@type\":\"ImageObject\",\"inLanguage\":\"es\",\"@id\":\"https:\/\/noti-america.com\/site\/peru\/#\/schema\/logo\/image\/\",\"url\":\"https:\/\/noti-america.com\/site\/peru\/wp-content\/uploads\/sites\/8\/2020\/07\/LogoNA-4x3-1.jpg\",\"contentUrl\":\"https:\/\/noti-america.com\/site\/peru\/wp-content\/uploads\/sites\/8\/2020\/07\/LogoNA-4x3-1.jpg\",\"width\":1236,\"height\":1080,\"caption\":\"Noti-America LLC | Per\u00fa\"},\"image\":{\"@id\":\"https:\/\/noti-america.com\/site\/peru\/#\/schema\/logo\/image\/\"}},{\"@type\":\"Person\",\"@id\":\"https:\/\/noti-america.com\/site\/peru\/#\/schema\/person\/28a35f20383bf2485bc838bfe76aebdc\",\"name\":\"Geomar Pacheco R.\",\"image\":{\"@type\":\"ImageObject\",\"inLanguage\":\"es\",\"@id\":\"https:\/\/secure.gravatar.com\/avatar\/5f09cb527f9632e92234c6fc6e2cbcefebeed6bdeb0f9129ea4cbc7aa71587c6?s=96&d=mm&r=g\",\"url\":\"https:\/\/secure.gravatar.com\/avatar\/5f09cb527f9632e92234c6fc6e2cbcefebeed6bdeb0f9129ea4cbc7aa71587c6?s=96&d=mm&r=g\",\"contentUrl\":\"https:\/\/secure.gravatar.com\/avatar\/5f09cb527f9632e92234c6fc6e2cbcefebeed6bdeb0f9129ea4cbc7aa71587c6?s=96&d=mm&r=g\",\"caption\":\"Geomar Pacheco R.\"},\"sameAs\":[\"https:\/\/x.com\/GeomarPacheco1\"],\"url\":\"https:\/\/noti-america.com\/site\/peru\/author\/gpacheco\/\"}]}<\/script>\n<!-- \/ Yoast SEO Premium plugin. -->","yoast_head_json":{"title":"Manuel Merino de Lama \u2013 presidente del Per\u00fa por siete d\u00edas - Per\u00fa | Noti-America.com","robots":{"index":"index","follow":"follow","max-snippet":"max-snippet:-1","max-image-preview":"max-image-preview:large","max-video-preview":"max-video-preview:-1"},"canonical":"https:\/\/noti-america.com\/site\/peru\/2021\/10\/05\/manuel-merino-de-lama-presidente-del-peru-por-siete-dias\/","og_locale":"es_ES","og_type":"article","og_title":"Manuel Merino de Lama \u2013 presidente del Per\u00fa por siete d\u00edas","og_description":"Por Geomar Pacheco Rivera La omisi\u00f3n tambi\u00e9n sancionada La fiscal de la Naci\u00f3n, Zoraida \u00c1valos Rivera, present\u00f3 una denuncia constitucional contra Manuel Merino de Lama, \u00c1ntero Flores-Ar\u00e1oz y Gast\u00f3n Rodr\u00edguez, exministro del Interior, con&#46;&#46;&#46;","og_url":"https:\/\/noti-america.com\/site\/peru\/2021\/10\/05\/manuel-merino-de-lama-presidente-del-peru-por-siete-dias\/","og_site_name":"Per\u00fa | Noti-America.com","article_published_time":"2021-10-05T15:24:03+00:00","og_image":[{"width":1920,"height":1080,"url":"https:\/\/noti-america.com\/site\/peru\/wp-content\/uploads\/sites\/8\/2021\/10\/MANUEL-MERINO-DE-LAMA-EX-PRESIDENTE-DEL-PERU-2020.jpg","type":"image\/jpeg"}],"author":"Geomar Pacheco R.","twitter_card":"summary_large_image","twitter_creator":"@GeomarPacheco1","twitter_misc":{"Escrito por":"Geomar Pacheco R.","Tiempo estimado de lectura":"3 minutos"},"schema":{"@context":"https:\/\/schema.org","@graph":[{"@type":"Article","@id":"https:\/\/noti-america.com\/site\/peru\/2021\/10\/05\/manuel-merino-de-lama-presidente-del-peru-por-siete-dias\/#article","isPartOf":{"@id":"https:\/\/noti-america.com\/site\/peru\/2021\/10\/05\/manuel-merino-de-lama-presidente-del-peru-por-siete-dias\/"},"author":{"name":"Geomar Pacheco R.","@id":"https:\/\/noti-america.com\/site\/peru\/#\/schema\/person\/28a35f20383bf2485bc838bfe76aebdc"},"headline":"Manuel Merino de Lama \u2013 presidente del Per\u00fa por siete d\u00edas","datePublished":"2021-10-05T15:24:03+00:00","mainEntityOfPage":{"@id":"https:\/\/noti-america.com\/site\/peru\/2021\/10\/05\/manuel-merino-de-lama-presidente-del-peru-por-siete-dias\/"},"wordCount":449,"commentCount":0,"publisher":{"@id":"https:\/\/noti-america.com\/site\/peru\/#organization"},"image":{"@id":"https:\/\/noti-america.com\/site\/peru\/2021\/10\/05\/manuel-merino-de-lama-presidente-del-peru-por-siete-dias\/#primaryimage"},"thumbnailUrl":"https:\/\/noti-america.com\/site\/peru\/wp-content\/uploads\/sites\/8\/2021\/10\/MANUEL-MERINO-DE-LAMA-EX-PRESIDENTE-DEL-PERU-2020.jpg","articleSection":["Actualidad","Pol\u00edtica"],"inLanguage":"es","potentialAction":[{"@type":"CommentAction","name":"Comment","target":["https:\/\/noti-america.com\/site\/peru\/2021\/10\/05\/manuel-merino-de-lama-presidente-del-peru-por-siete-dias\/#respond"]}]},{"@type":"WebPage","@id":"https:\/\/noti-america.com\/site\/peru\/2021\/10\/05\/manuel-merino-de-lama-presidente-del-peru-por-siete-dias\/","url":"https:\/\/noti-america.com\/site\/peru\/2021\/10\/05\/manuel-merino-de-lama-presidente-del-peru-por-siete-dias\/","name":"Manuel Merino de Lama \u2013 presidente del Per\u00fa por siete d\u00edas - Per\u00fa | Noti-America.com","isPartOf":{"@id":"https:\/\/noti-america.com\/site\/peru\/#website"},"primaryImageOfPage":{"@id":"https:\/\/noti-america.com\/site\/peru\/2021\/10\/05\/manuel-merino-de-lama-presidente-del-peru-por-siete-dias\/#primaryimage"},"image":{"@id":"https:\/\/noti-america.com\/site\/peru\/2021\/10\/05\/manuel-merino-de-lama-presidente-del-peru-por-siete-dias\/#primaryimage"},"thumbnailUrl":"https:\/\/noti-america.com\/site\/peru\/wp-content\/uploads\/sites\/8\/2021\/10\/MANUEL-MERINO-DE-LAMA-EX-PRESIDENTE-DEL-PERU-2020.jpg","datePublished":"2021-10-05T15:24:03+00:00","breadcrumb":{"@id":"https:\/\/noti-america.com\/site\/peru\/2021\/10\/05\/manuel-merino-de-lama-presidente-del-peru-por-siete-dias\/#breadcrumb"},"inLanguage":"es","potentialAction":[{"@type":"ReadAction","target":["https:\/\/noti-america.com\/site\/peru\/2021\/10\/05\/manuel-merino-de-lama-presidente-del-peru-por-siete-dias\/"]}]},{"@type":"ImageObject","inLanguage":"es","@id":"https:\/\/noti-america.com\/site\/peru\/2021\/10\/05\/manuel-merino-de-lama-presidente-del-peru-por-siete-dias\/#primaryimage","url":"https:\/\/noti-america.com\/site\/peru\/wp-content\/uploads\/sites\/8\/2021\/10\/MANUEL-MERINO-DE-LAMA-EX-PRESIDENTE-DEL-PERU-2020.jpg","contentUrl":"https:\/\/noti-america.com\/site\/peru\/wp-content\/uploads\/sites\/8\/2021\/10\/MANUEL-MERINO-DE-LAMA-EX-PRESIDENTE-DEL-PERU-2020.jpg","width":1920,"height":1080},{"@type":"BreadcrumbList","@id":"https:\/\/noti-america.com\/site\/peru\/2021\/10\/05\/manuel-merino-de-lama-presidente-del-peru-por-siete-dias\/#breadcrumb","itemListElement":[{"@type":"ListItem","position":1,"name":"Portada","item":"https:\/\/noti-america.com\/site\/peru\/"},{"@type":"ListItem","position":2,"name":"Manuel Merino de Lama \u2013 presidente del Per\u00fa por siete d\u00edas"}]},{"@type":"WebSite","@id":"https:\/\/noti-america.com\/site\/peru\/#website","url":"https:\/\/noti-america.com\/site\/peru\/","name":"Per\u00fa | Noti-America.com","description":"","publisher":{"@id":"https:\/\/noti-america.com\/site\/peru\/#organization"},"potentialAction":[{"@type":"SearchAction","target":{"@type":"EntryPoint","urlTemplate":"https:\/\/noti-america.com\/site\/peru\/?s={search_term_string}"},"query-input":{"@type":"PropertyValueSpecification","valueRequired":true,"valueName":"search_term_string"}}],"inLanguage":"es"},{"@type":"Organization","@id":"https:\/\/noti-america.com\/site\/peru\/#organization","name":"Noti-America LLC | Per\u00fa","url":"https:\/\/noti-america.com\/site\/peru\/","logo":{"@type":"ImageObject","inLanguage":"es","@id":"https:\/\/noti-america.com\/site\/peru\/#\/schema\/logo\/image\/","url":"https:\/\/noti-america.com\/site\/peru\/wp-content\/uploads\/sites\/8\/2020\/07\/LogoNA-4x3-1.jpg","contentUrl":"https:\/\/noti-america.com\/site\/peru\/wp-content\/uploads\/sites\/8\/2020\/07\/LogoNA-4x3-1.jpg","width":1236,"height":1080,"caption":"Noti-America LLC | Per\u00fa"},"image":{"@id":"https:\/\/noti-america.com\/site\/peru\/#\/schema\/logo\/image\/"}},{"@type":"Person","@id":"https:\/\/noti-america.com\/site\/peru\/#\/schema\/person\/28a35f20383bf2485bc838bfe76aebdc","name":"Geomar Pacheco R.","image":{"@type":"ImageObject","inLanguage":"es","@id":"https:\/\/secure.gravatar.com\/avatar\/5f09cb527f9632e92234c6fc6e2cbcefebeed6bdeb0f9129ea4cbc7aa71587c6?s=96&d=mm&r=g","url":"https:\/\/secure.gravatar.com\/avatar\/5f09cb527f9632e92234c6fc6e2cbcefebeed6bdeb0f9129ea4cbc7aa71587c6?s=96&d=mm&r=g","contentUrl":"https:\/\/secure.gravatar.com\/avatar\/5f09cb527f9632e92234c6fc6e2cbcefebeed6bdeb0f9129ea4cbc7aa71587c6?s=96&d=mm&r=g","caption":"Geomar Pacheco R."},"sameAs":["https:\/\/x.com\/GeomarPacheco1"],"url":"https:\/\/noti-america.com\/site\/peru\/author\/gpacheco\/"}]}},"_links":{"self":[{"href":"https:\/\/noti-america.com\/site\/peru\/wp-json\/wp\/v2\/posts\/4339","targetHints":{"allow":["GET"]}}],"collection":[{"href":"https:\/\/noti-america.com\/site\/peru\/wp-json\/wp\/v2\/posts"}],"about":[{"href":"https:\/\/noti-america.com\/site\/peru\/wp-json\/wp\/v2\/types\/post"}],"author":[{"embeddable":true,"href":"https:\/\/noti-america.com\/site\/peru\/wp-json\/wp\/v2\/users\/70"}],"replies":[{"embeddable":true,"href":"https:\/\/noti-america.com\/site\/peru\/wp-json\/wp\/v2\/comments?post=4339"}],"version-history":[{"count":1,"href":"https:\/\/noti-america.com\/site\/peru\/wp-json\/wp\/v2\/posts\/4339\/revisions"}],"predecessor-version":[{"id":4342,"href":"https:\/\/noti-america.com\/site\/peru\/wp-json\/wp\/v2\/posts\/4339\/revisions\/4342"}],"wp:featuredmedia":[{"embeddable":true,"href":"https:\/\/noti-america.com\/site\/peru\/wp-json\/wp\/v2\/media\/4340"}],"wp:attachment":[{"href":"https:\/\/noti-america.com\/site\/peru\/wp-json\/wp\/v2\/media?parent=4339"}],"wp:term":[{"taxonomy":"category","embeddable":true,"href":"https:\/\/noti-america.com\/site\/peru\/wp-json\/wp\/v2\/categories?post=4339"},{"taxonomy":"post_tag","embeddable":true,"href":"https:\/\/noti-america.com\/site\/peru\/wp-json\/wp\/v2\/tags?post=4339"}],"curies":[{"name":"wp","href":"https:\/\/api.w.org\/{rel}","templated":true}]}}