{"id":3949,"date":"2021-05-09T04:43:15","date_gmt":"2021-05-09T04:43:15","guid":{"rendered":"https:\/\/noti-america.com\/site\/peru\/?p=3949"},"modified":"2021-05-09T04:43:15","modified_gmt":"2021-05-09T04:43:15","slug":"dia-de-la-madre","status":"publish","type":"post","link":"https:\/\/noti-america.com\/site\/peru\/2021\/05\/09\/dia-de-la-madre\/","title":{"rendered":"D\u00eda de la madre"},"content":{"rendered":"<p style=\"text-align: justify\"><span style=\"font-family: Tahoma, Arial, Helvetica, sans-serif;font-size: 14pt\"><span style=\"font-weight: 400\">En <\/span><b>Noti-Am\u00e9rica Per\u00fa<\/b><span style=\"font-weight: 400\"> celebramos a todas las madres, en especial a las de Brasil, Canad\u00e1, Chile, Colombia, Cuba, Ecuador, Estados Unidos, Honduras, Puerto Rico, Venezuela y <\/span><b>Per\u00fa<\/b><span style=\"font-weight: 400\"> que festejan hoy segundo domingo de mayo.<\/span><\/span><\/p>\n<p style=\"text-align: center\"><span style=\"font-size: 14pt;font-family: Tahoma, Arial, Helvetica, sans-serif\"><strong style=\"text-align: center\">A ellas nuestro reconocimiento, gratitud y solidaridad.<\/strong><\/span><\/p>\n<p>&nbsp;<\/p>\n<p><a href=\"https:\/\/noti-america.com\/site\/peru\/wp-content\/uploads\/sites\/8\/2021\/05\/WhatsApp-Image-2021-05-08-at-9.39.24-PM.jpeg\"><img loading=\"lazy\" decoding=\"async\" class=\"aligncenter size-full wp-image-3950\" src=\"https:\/\/noti-america.com\/site\/peru\/wp-content\/uploads\/sites\/8\/2021\/05\/WhatsApp-Image-2021-05-08-at-9.39.24-PM.jpeg\" alt=\"\" width=\"1280\" height=\"907\" srcset=\"https:\/\/noti-america.com\/site\/peru\/wp-content\/uploads\/sites\/8\/2021\/05\/WhatsApp-Image-2021-05-08-at-9.39.24-PM.jpeg 1280w, https:\/\/noti-america.com\/site\/peru\/wp-content\/uploads\/sites\/8\/2021\/05\/WhatsApp-Image-2021-05-08-at-9.39.24-PM-300x213.jpeg 300w, https:\/\/noti-america.com\/site\/peru\/wp-content\/uploads\/sites\/8\/2021\/05\/WhatsApp-Image-2021-05-08-at-9.39.24-PM-1024x726.jpeg 1024w, https:\/\/noti-america.com\/site\/peru\/wp-content\/uploads\/sites\/8\/2021\/05\/WhatsApp-Image-2021-05-08-at-9.39.24-PM-768x544.jpeg 768w\" sizes=\"auto, (max-width: 1280px) 100vw, 1280px\" \/><\/a><\/p>\n<p>&nbsp;<\/p>\n<p>&nbsp;<\/p>\n<p style=\"text-align: justify\"><span style=\"font-weight: 400;font-family: Tahoma, Arial, Helvetica, sans-serif;font-size: 14pt\">Hoy nos condolemos de aquellos que en este a\u00f1o han perdido a sus madres v\u00edctimas del COVID-19. Sirva la fecha para pensar en aquellas madres que perdieron al compa\u00f1ero, al hijo, que era sustento de hogar. Pensemos tambi\u00e9n en aquellas madres que hoy enfrentan la pandemia sin empleo ni horizonte laboral viable que les permita sacar adelante a sus descendientes. En el Per\u00fa, en un domingo de mayo que la historia recordar\u00e1, la pandemia hace eco en aquellos corazones, que no disfrutar\u00e1n de la presencia de un hijo, un nieto en la mesa familiar. El distanciamiento social y las medidas dictadas a fin de evitar la propagaci\u00f3n del COVID-19 nos envuelven en la desolaci\u00f3n y llanto o quejido de silencio, ante lo evidente, la soledad. Sin embargo, la historia recuerda la pandemia de 1919 y la humanidad pervive.<\/span><\/p>\n<blockquote>\n<p style=\"text-align: justify\"><span style=\"font-weight: 400;font-family: Tahoma, Arial, Helvetica, sans-serif;font-size: 14pt\">\u00a0Nuestra solidaridad con quienes est\u00e1n cumpliendo el rol materno en estos tiempos de pandemia.<\/span><\/p>\n<\/blockquote>\n<p>&nbsp;<\/p>\n<p style=\"text-align: center\"><span style=\"font-family: Tahoma, Arial, Helvetica, sans-serif;font-size: 18pt\"><b>\u00a1Fortaleza a todas!<\/b><\/span><\/p>\n<p><a href=\"http:\/\/noti-america.com\/site\/peru\/wp-content\/uploads\/sites\/8\/2020\/05\/WhatsApp-Image-2020-05-09-at-11.01.40-PM.jpeg\"><img loading=\"lazy\" decoding=\"async\" class=\"aligncenter size-full wp-image-2964\" src=\"http:\/\/noti-america.com\/site\/peru\/wp-content\/uploads\/sites\/8\/2020\/05\/WhatsApp-Image-2020-05-09-at-11.01.40-PM.jpeg\" alt=\"\" width=\"960\" height=\"960\" srcset=\"https:\/\/noti-america.com\/site\/peru\/wp-content\/uploads\/sites\/8\/2020\/05\/WhatsApp-Image-2020-05-09-at-11.01.40-PM.jpeg 960w, https:\/\/noti-america.com\/site\/peru\/wp-content\/uploads\/sites\/8\/2020\/05\/WhatsApp-Image-2020-05-09-at-11.01.40-PM-300x300.jpeg 300w, https:\/\/noti-america.com\/site\/peru\/wp-content\/uploads\/sites\/8\/2020\/05\/WhatsApp-Image-2020-05-09-at-11.01.40-PM-150x150.jpeg 150w, https:\/\/noti-america.com\/site\/peru\/wp-content\/uploads\/sites\/8\/2020\/05\/WhatsApp-Image-2020-05-09-at-11.01.40-PM-768x768.jpeg 768w, https:\/\/noti-america.com\/site\/peru\/wp-content\/uploads\/sites\/8\/2020\/05\/WhatsApp-Image-2020-05-09-at-11.01.40-PM-80x80.jpeg 80w, https:\/\/noti-america.com\/site\/peru\/wp-content\/uploads\/sites\/8\/2020\/05\/WhatsApp-Image-2020-05-09-at-11.01.40-PM-320x320.jpeg 320w\" sizes=\"auto, (max-width: 960px) 100vw, 960px\" \/><\/a><\/p>\n<p style=\"text-align: center\"><span style=\"font-size: 18pt\"><strong>\u00a1Felicidades a todas!<\/strong><\/span><\/p>\n","protected":false},"excerpt":{"rendered":"<p>En Noti-Am\u00e9rica Per\u00fa celebramos a todas las madres, en especial a las de Brasil, Canad\u00e1, Chile, Colombia, Cuba, Ecuador, Estados Unidos, Honduras, Puerto Rico, Venezuela y Per\u00fa que festejan hoy segundo domingo de mayo.&#46;&#46;&#46;<\/p>\n","protected":false},"author":70,"featured_media":3950,"comment_status":"open","ping_status":"open","sticky":false,"template":"","format":"standard","meta":{"_acf_changed":false,"rop_custom_images_group":[],"rop_custom_messages_group":[],"rop_publish_now":"initial","rop_publish_now_accounts":{"twitter_242054905_242054905":""},"rop_publish_now_history":[],"rop_publish_now_status":"pending","footnotes":""},"categories":[10,8],"tags":[],"class_list":["post-3949","post","type-post","status-publish","format-standard","has-post-thumbnail","hentry","category-actualidad","category-arte-y-espectaculos"],"acf":[],"yoast_head":"<!-- This site is optimized with the Yoast SEO Premium plugin v24.9 (Yoast SEO v27.2) - https:\/\/yoast.com\/product\/yoast-seo-premium-wordpress\/ -->\n<title>D\u00eda de la madre - Per\u00fa | Noti-America.com<\/title>\n<meta name=\"robots\" content=\"index, follow, max-snippet:-1, max-image-preview:large, max-video-preview:-1\" \/>\n<link rel=\"canonical\" href=\"https:\/\/noti-america.com\/site\/peru\/2021\/05\/09\/dia-de-la-madre\/\" \/>\n<meta property=\"og:locale\" content=\"es_ES\" \/>\n<meta property=\"og:type\" content=\"article\" \/>\n<meta property=\"og:title\" content=\"D\u00eda de la madre\" \/>\n<meta property=\"og:description\" content=\"En Noti-Am\u00e9rica Per\u00fa celebramos a todas las madres, en especial a las de Brasil, Canad\u00e1, Chile, Colombia, Cuba, Ecuador, Estados Unidos, Honduras, Puerto Rico, Venezuela y Per\u00fa que festejan hoy segundo domingo de mayo.&#046;&#046;&#046;\" \/>\n<meta property=\"og:url\" content=\"https:\/\/noti-america.com\/site\/peru\/2021\/05\/09\/dia-de-la-madre\/\" \/>\n<meta property=\"og:site_name\" content=\"Per\u00fa | Noti-America.com\" \/>\n<meta property=\"article:published_time\" content=\"2021-05-09T04:43:15+00:00\" \/>\n<meta property=\"og:image\" content=\"https:\/\/noti-america.com\/site\/peru\/wp-content\/uploads\/sites\/8\/2021\/05\/WhatsApp-Image-2021-05-08-at-9.39.24-PM.jpeg\" \/>\n\t<meta property=\"og:image:width\" content=\"1280\" \/>\n\t<meta property=\"og:image:height\" content=\"907\" \/>\n\t<meta property=\"og:image:type\" content=\"image\/jpeg\" \/>\n<meta name=\"author\" content=\"Geomar Pacheco R.\" \/>\n<meta name=\"twitter:card\" content=\"summary_large_image\" \/>\n<meta name=\"twitter:creator\" content=\"@GeomarPacheco1\" \/>\n<meta name=\"twitter:label1\" content=\"Escrito por\" \/>\n\t<meta name=\"twitter:data1\" content=\"Geomar Pacheco R.\" \/>\n\t<meta name=\"twitter:label2\" content=\"Tiempo estimado de lectura\" \/>\n\t<meta name=\"twitter:data2\" content=\"1 minuto\" \/>\n<script type=\"application\/ld+json\" class=\"yoast-schema-graph\">{\"@context\":\"https:\/\/schema.org\",\"@graph\":[{\"@type\":\"Article\",\"@id\":\"https:\/\/noti-america.com\/site\/peru\/2021\/05\/09\/dia-de-la-madre\/#article\",\"isPartOf\":{\"@id\":\"https:\/\/noti-america.com\/site\/peru\/2021\/05\/09\/dia-de-la-madre\/\"},\"author\":{\"name\":\"Geomar Pacheco R.\",\"@id\":\"https:\/\/noti-america.com\/site\/peru\/#\/schema\/person\/28a35f20383bf2485bc838bfe76aebdc\"},\"headline\":\"D\u00eda de la madre\",\"datePublished\":\"2021-05-09T04:43:15+00:00\",\"mainEntityOfPage\":{\"@id\":\"https:\/\/noti-america.com\/site\/peru\/2021\/05\/09\/dia-de-la-madre\/\"},\"wordCount\":216,\"commentCount\":1,\"publisher\":{\"@id\":\"https:\/\/noti-america.com\/site\/peru\/#organization\"},\"image\":{\"@id\":\"https:\/\/noti-america.com\/site\/peru\/2021\/05\/09\/dia-de-la-madre\/#primaryimage\"},\"thumbnailUrl\":\"https:\/\/noti-america.com\/site\/peru\/wp-content\/uploads\/sites\/8\/2021\/05\/WhatsApp-Image-2021-05-08-at-9.39.24-PM.jpeg\",\"articleSection\":[\"Actualidad\",\"Arte y Espect\u00e1culos\"],\"inLanguage\":\"es\",\"potentialAction\":[{\"@type\":\"CommentAction\",\"name\":\"Comment\",\"target\":[\"https:\/\/noti-america.com\/site\/peru\/2021\/05\/09\/dia-de-la-madre\/#respond\"]}]},{\"@type\":\"WebPage\",\"@id\":\"https:\/\/noti-america.com\/site\/peru\/2021\/05\/09\/dia-de-la-madre\/\",\"url\":\"https:\/\/noti-america.com\/site\/peru\/2021\/05\/09\/dia-de-la-madre\/\",\"name\":\"D\u00eda de la madre - Per\u00fa | Noti-America.com\",\"isPartOf\":{\"@id\":\"https:\/\/noti-america.com\/site\/peru\/#website\"},\"primaryImageOfPage\":{\"@id\":\"https:\/\/noti-america.com\/site\/peru\/2021\/05\/09\/dia-de-la-madre\/#primaryimage\"},\"image\":{\"@id\":\"https:\/\/noti-america.com\/site\/peru\/2021\/05\/09\/dia-de-la-madre\/#primaryimage\"},\"thumbnailUrl\":\"https:\/\/noti-america.com\/site\/peru\/wp-content\/uploads\/sites\/8\/2021\/05\/WhatsApp-Image-2021-05-08-at-9.39.24-PM.jpeg\",\"datePublished\":\"2021-05-09T04:43:15+00:00\",\"breadcrumb\":{\"@id\":\"https:\/\/noti-america.com\/site\/peru\/2021\/05\/09\/dia-de-la-madre\/#breadcrumb\"},\"inLanguage\":\"es\",\"potentialAction\":[{\"@type\":\"ReadAction\",\"target\":[\"https:\/\/noti-america.com\/site\/peru\/2021\/05\/09\/dia-de-la-madre\/\"]}]},{\"@type\":\"ImageObject\",\"inLanguage\":\"es\",\"@id\":\"https:\/\/noti-america.com\/site\/peru\/2021\/05\/09\/dia-de-la-madre\/#primaryimage\",\"url\":\"https:\/\/noti-america.com\/site\/peru\/wp-content\/uploads\/sites\/8\/2021\/05\/WhatsApp-Image-2021-05-08-at-9.39.24-PM.jpeg\",\"contentUrl\":\"https:\/\/noti-america.com\/site\/peru\/wp-content\/uploads\/sites\/8\/2021\/05\/WhatsApp-Image-2021-05-08-at-9.39.24-PM.jpeg\",\"width\":1280,\"height\":907},{\"@type\":\"BreadcrumbList\",\"@id\":\"https:\/\/noti-america.com\/site\/peru\/2021\/05\/09\/dia-de-la-madre\/#breadcrumb\",\"itemListElement\":[{\"@type\":\"ListItem\",\"position\":1,\"name\":\"Portada\",\"item\":\"https:\/\/noti-america.com\/site\/peru\/\"},{\"@type\":\"ListItem\",\"position\":2,\"name\":\"D\u00eda de la madre\"}]},{\"@type\":\"WebSite\",\"@id\":\"https:\/\/noti-america.com\/site\/peru\/#website\",\"url\":\"https:\/\/noti-america.com\/site\/peru\/\",\"name\":\"Per\u00fa | Noti-America.com\",\"description\":\"\",\"publisher\":{\"@id\":\"https:\/\/noti-america.com\/site\/peru\/#organization\"},\"potentialAction\":[{\"@type\":\"SearchAction\",\"target\":{\"@type\":\"EntryPoint\",\"urlTemplate\":\"https:\/\/noti-america.com\/site\/peru\/?s={search_term_string}\"},\"query-input\":{\"@type\":\"PropertyValueSpecification\",\"valueRequired\":true,\"valueName\":\"search_term_string\"}}],\"inLanguage\":\"es\"},{\"@type\":\"Organization\",\"@id\":\"https:\/\/noti-america.com\/site\/peru\/#organization\",\"name\":\"Noti-America LLC | Per\u00fa\",\"url\":\"https:\/\/noti-america.com\/site\/peru\/\",\"logo\":{\"@type\":\"ImageObject\",\"inLanguage\":\"es\",\"@id\":\"https:\/\/noti-america.com\/site\/peru\/#\/schema\/logo\/image\/\",\"url\":\"https:\/\/noti-america.com\/site\/peru\/wp-content\/uploads\/sites\/8\/2020\/07\/LogoNA-4x3-1.jpg\",\"contentUrl\":\"https:\/\/noti-america.com\/site\/peru\/wp-content\/uploads\/sites\/8\/2020\/07\/LogoNA-4x3-1.jpg\",\"width\":1236,\"height\":1080,\"caption\":\"Noti-America LLC | Per\u00fa\"},\"image\":{\"@id\":\"https:\/\/noti-america.com\/site\/peru\/#\/schema\/logo\/image\/\"}},{\"@type\":\"Person\",\"@id\":\"https:\/\/noti-america.com\/site\/peru\/#\/schema\/person\/28a35f20383bf2485bc838bfe76aebdc\",\"name\":\"Geomar Pacheco R.\",\"image\":{\"@type\":\"ImageObject\",\"inLanguage\":\"es\",\"@id\":\"https:\/\/secure.gravatar.com\/avatar\/5f09cb527f9632e92234c6fc6e2cbcefebeed6bdeb0f9129ea4cbc7aa71587c6?s=96&d=mm&r=g\",\"url\":\"https:\/\/secure.gravatar.com\/avatar\/5f09cb527f9632e92234c6fc6e2cbcefebeed6bdeb0f9129ea4cbc7aa71587c6?s=96&d=mm&r=g\",\"contentUrl\":\"https:\/\/secure.gravatar.com\/avatar\/5f09cb527f9632e92234c6fc6e2cbcefebeed6bdeb0f9129ea4cbc7aa71587c6?s=96&d=mm&r=g\",\"caption\":\"Geomar Pacheco R.\"},\"sameAs\":[\"https:\/\/x.com\/GeomarPacheco1\"],\"url\":\"https:\/\/noti-america.com\/site\/peru\/author\/gpacheco\/\"}]}<\/script>\n<!-- \/ Yoast SEO Premium plugin. -->","yoast_head_json":{"title":"D\u00eda de la madre - Per\u00fa | Noti-America.com","robots":{"index":"index","follow":"follow","max-snippet":"max-snippet:-1","max-image-preview":"max-image-preview:large","max-video-preview":"max-video-preview:-1"},"canonical":"https:\/\/noti-america.com\/site\/peru\/2021\/05\/09\/dia-de-la-madre\/","og_locale":"es_ES","og_type":"article","og_title":"D\u00eda de la madre","og_description":"En Noti-Am\u00e9rica Per\u00fa celebramos a todas las madres, en especial a las de Brasil, Canad\u00e1, Chile, Colombia, Cuba, Ecuador, Estados Unidos, Honduras, Puerto Rico, Venezuela y Per\u00fa que festejan hoy segundo domingo de mayo.&#46;&#46;&#46;","og_url":"https:\/\/noti-america.com\/site\/peru\/2021\/05\/09\/dia-de-la-madre\/","og_site_name":"Per\u00fa | Noti-America.com","article_published_time":"2021-05-09T04:43:15+00:00","og_image":[{"width":1280,"height":907,"url":"https:\/\/noti-america.com\/site\/peru\/wp-content\/uploads\/sites\/8\/2021\/05\/WhatsApp-Image-2021-05-08-at-9.39.24-PM.jpeg","type":"image\/jpeg"}],"author":"Geomar Pacheco R.","twitter_card":"summary_large_image","twitter_creator":"@GeomarPacheco1","twitter_misc":{"Escrito por":"Geomar Pacheco R.","Tiempo estimado de lectura":"1 minuto"},"schema":{"@context":"https:\/\/schema.org","@graph":[{"@type":"Article","@id":"https:\/\/noti-america.com\/site\/peru\/2021\/05\/09\/dia-de-la-madre\/#article","isPartOf":{"@id":"https:\/\/noti-america.com\/site\/peru\/2021\/05\/09\/dia-de-la-madre\/"},"author":{"name":"Geomar Pacheco R.","@id":"https:\/\/noti-america.com\/site\/peru\/#\/schema\/person\/28a35f20383bf2485bc838bfe76aebdc"},"headline":"D\u00eda de la madre","datePublished":"2021-05-09T04:43:15+00:00","mainEntityOfPage":{"@id":"https:\/\/noti-america.com\/site\/peru\/2021\/05\/09\/dia-de-la-madre\/"},"wordCount":216,"commentCount":1,"publisher":{"@id":"https:\/\/noti-america.com\/site\/peru\/#organization"},"image":{"@id":"https:\/\/noti-america.com\/site\/peru\/2021\/05\/09\/dia-de-la-madre\/#primaryimage"},"thumbnailUrl":"https:\/\/noti-america.com\/site\/peru\/wp-content\/uploads\/sites\/8\/2021\/05\/WhatsApp-Image-2021-05-08-at-9.39.24-PM.jpeg","articleSection":["Actualidad","Arte y Espect\u00e1culos"],"inLanguage":"es","potentialAction":[{"@type":"CommentAction","name":"Comment","target":["https:\/\/noti-america.com\/site\/peru\/2021\/05\/09\/dia-de-la-madre\/#respond"]}]},{"@type":"WebPage","@id":"https:\/\/noti-america.com\/site\/peru\/2021\/05\/09\/dia-de-la-madre\/","url":"https:\/\/noti-america.com\/site\/peru\/2021\/05\/09\/dia-de-la-madre\/","name":"D\u00eda de la madre - Per\u00fa | Noti-America.com","isPartOf":{"@id":"https:\/\/noti-america.com\/site\/peru\/#website"},"primaryImageOfPage":{"@id":"https:\/\/noti-america.com\/site\/peru\/2021\/05\/09\/dia-de-la-madre\/#primaryimage"},"image":{"@id":"https:\/\/noti-america.com\/site\/peru\/2021\/05\/09\/dia-de-la-madre\/#primaryimage"},"thumbnailUrl":"https:\/\/noti-america.com\/site\/peru\/wp-content\/uploads\/sites\/8\/2021\/05\/WhatsApp-Image-2021-05-08-at-9.39.24-PM.jpeg","datePublished":"2021-05-09T04:43:15+00:00","breadcrumb":{"@id":"https:\/\/noti-america.com\/site\/peru\/2021\/05\/09\/dia-de-la-madre\/#breadcrumb"},"inLanguage":"es","potentialAction":[{"@type":"ReadAction","target":["https:\/\/noti-america.com\/site\/peru\/2021\/05\/09\/dia-de-la-madre\/"]}]},{"@type":"ImageObject","inLanguage":"es","@id":"https:\/\/noti-america.com\/site\/peru\/2021\/05\/09\/dia-de-la-madre\/#primaryimage","url":"https:\/\/noti-america.com\/site\/peru\/wp-content\/uploads\/sites\/8\/2021\/05\/WhatsApp-Image-2021-05-08-at-9.39.24-PM.jpeg","contentUrl":"https:\/\/noti-america.com\/site\/peru\/wp-content\/uploads\/sites\/8\/2021\/05\/WhatsApp-Image-2021-05-08-at-9.39.24-PM.jpeg","width":1280,"height":907},{"@type":"BreadcrumbList","@id":"https:\/\/noti-america.com\/site\/peru\/2021\/05\/09\/dia-de-la-madre\/#breadcrumb","itemListElement":[{"@type":"ListItem","position":1,"name":"Portada","item":"https:\/\/noti-america.com\/site\/peru\/"},{"@type":"ListItem","position":2,"name":"D\u00eda de la madre"}]},{"@type":"WebSite","@id":"https:\/\/noti-america.com\/site\/peru\/#website","url":"https:\/\/noti-america.com\/site\/peru\/","name":"Per\u00fa | Noti-America.com","description":"","publisher":{"@id":"https:\/\/noti-america.com\/site\/peru\/#organization"},"potentialAction":[{"@type":"SearchAction","target":{"@type":"EntryPoint","urlTemplate":"https:\/\/noti-america.com\/site\/peru\/?s={search_term_string}"},"query-input":{"@type":"PropertyValueSpecification","valueRequired":true,"valueName":"search_term_string"}}],"inLanguage":"es"},{"@type":"Organization","@id":"https:\/\/noti-america.com\/site\/peru\/#organization","name":"Noti-America LLC | Per\u00fa","url":"https:\/\/noti-america.com\/site\/peru\/","logo":{"@type":"ImageObject","inLanguage":"es","@id":"https:\/\/noti-america.com\/site\/peru\/#\/schema\/logo\/image\/","url":"https:\/\/noti-america.com\/site\/peru\/wp-content\/uploads\/sites\/8\/2020\/07\/LogoNA-4x3-1.jpg","contentUrl":"https:\/\/noti-america.com\/site\/peru\/wp-content\/uploads\/sites\/8\/2020\/07\/LogoNA-4x3-1.jpg","width":1236,"height":1080,"caption":"Noti-America LLC | Per\u00fa"},"image":{"@id":"https:\/\/noti-america.com\/site\/peru\/#\/schema\/logo\/image\/"}},{"@type":"Person","@id":"https:\/\/noti-america.com\/site\/peru\/#\/schema\/person\/28a35f20383bf2485bc838bfe76aebdc","name":"Geomar Pacheco R.","image":{"@type":"ImageObject","inLanguage":"es","@id":"https:\/\/secure.gravatar.com\/avatar\/5f09cb527f9632e92234c6fc6e2cbcefebeed6bdeb0f9129ea4cbc7aa71587c6?s=96&d=mm&r=g","url":"https:\/\/secure.gravatar.com\/avatar\/5f09cb527f9632e92234c6fc6e2cbcefebeed6bdeb0f9129ea4cbc7aa71587c6?s=96&d=mm&r=g","contentUrl":"https:\/\/secure.gravatar.com\/avatar\/5f09cb527f9632e92234c6fc6e2cbcefebeed6bdeb0f9129ea4cbc7aa71587c6?s=96&d=mm&r=g","caption":"Geomar Pacheco R."},"sameAs":["https:\/\/x.com\/GeomarPacheco1"],"url":"https:\/\/noti-america.com\/site\/peru\/author\/gpacheco\/"}]}},"_links":{"self":[{"href":"https:\/\/noti-america.com\/site\/peru\/wp-json\/wp\/v2\/posts\/3949","targetHints":{"allow":["GET"]}}],"collection":[{"href":"https:\/\/noti-america.com\/site\/peru\/wp-json\/wp\/v2\/posts"}],"about":[{"href":"https:\/\/noti-america.com\/site\/peru\/wp-json\/wp\/v2\/types\/post"}],"author":[{"embeddable":true,"href":"https:\/\/noti-america.com\/site\/peru\/wp-json\/wp\/v2\/users\/70"}],"replies":[{"embeddable":true,"href":"https:\/\/noti-america.com\/site\/peru\/wp-json\/wp\/v2\/comments?post=3949"}],"version-history":[{"count":2,"href":"https:\/\/noti-america.com\/site\/peru\/wp-json\/wp\/v2\/posts\/3949\/revisions"}],"predecessor-version":[{"id":3952,"href":"https:\/\/noti-america.com\/site\/peru\/wp-json\/wp\/v2\/posts\/3949\/revisions\/3952"}],"wp:featuredmedia":[{"embeddable":true,"href":"https:\/\/noti-america.com\/site\/peru\/wp-json\/wp\/v2\/media\/3950"}],"wp:attachment":[{"href":"https:\/\/noti-america.com\/site\/peru\/wp-json\/wp\/v2\/media?parent=3949"}],"wp:term":[{"taxonomy":"category","embeddable":true,"href":"https:\/\/noti-america.com\/site\/peru\/wp-json\/wp\/v2\/categories?post=3949"},{"taxonomy":"post_tag","embeddable":true,"href":"https:\/\/noti-america.com\/site\/peru\/wp-json\/wp\/v2\/tags?post=3949"}],"curies":[{"name":"wp","href":"https:\/\/api.w.org\/{rel}","templated":true}]}}