{"id":3924,"date":"2021-05-04T06:33:37","date_gmt":"2021-05-04T06:33:37","guid":{"rendered":"https:\/\/noti-america.com\/site\/peru\/?p=3924"},"modified":"2021-05-04T06:47:25","modified_gmt":"2021-05-04T06:47:25","slug":"la-vida-en-peru-no-tiene-valor-decesos-por-covid-19-en-abril-es-la-mas-alta","status":"publish","type":"post","link":"https:\/\/noti-america.com\/site\/peru\/2021\/05\/04\/la-vida-en-peru-no-tiene-valor-decesos-por-covid-19-en-abril-es-la-mas-alta\/","title":{"rendered":"La vida en Per\u00fa no tiene valor: decesos por COVID-19 en abril, la cifra m\u00e1s alta"},"content":{"rendered":"<p style=\"text-align: justify\"><strong><span style=\"font-family: Tahoma, Arial, Helvetica, sans-serif;font-size: 14pt\">NOTI-AM\u00c9RICA PER\u00da\u00a0<\/span><\/strong><\/p>\n<p style=\"text-align: right\"><strong><span style=\"font-family: Tahoma, Arial, Helvetica, sans-serif;font-size: 14pt\">Por Geomar Pacheco Rivera<\/span><\/strong><\/p>\n<p style=\"text-align: justify\"><span style=\"font-weight: 400;font-family: Tahoma, Arial, Helvetica, sans-serif;font-size: 14pt\">\u00a0\u00a0<\/span><\/p>\n<p style=\"text-align: justify\"><span style=\"font-family: Tahoma, Arial, Helvetica, sans-serif;font-size: 14pt\"><span style=\"font-weight: 400\">Funcionarios del ministerio de Salud, nos brindan diariamente\u00a0un informe denominado Sala Situacional del letal <\/span><b>SARS<\/b><span style=\"font-weight: 400\">&#8211;<\/span><b>CoV<\/b><span style=\"font-weight: 400\">&#8211;<\/span><b>2<\/b><span style=\"font-weight: 400\">, en donde se detalla estad\u00edsticamente casos de pacientes infectados, fallecidos, recuperados, internados, internados en camas UCI (unidad de cuidados intensivos)\u00a0 en todas las regiones del pa\u00eds.<\/span><\/span><\/p>\n<div id=\"attachment_3928\" style=\"width: 492px\" class=\"wp-caption aligncenter\"><a href=\"https:\/\/noti-america.com\/site\/peru\/wp-content\/uploads\/sites\/8\/2021\/05\/c169.jpg\"><img loading=\"lazy\" decoding=\"async\" aria-describedby=\"caption-attachment-3928\" class=\"size-full wp-image-3928\" src=\"https:\/\/noti-america.com\/site\/peru\/wp-content\/uploads\/sites\/8\/2021\/05\/c169.jpg\" alt=\"\" width=\"482\" height=\"290\" srcset=\"https:\/\/noti-america.com\/site\/peru\/wp-content\/uploads\/sites\/8\/2021\/05\/c169.jpg 482w, https:\/\/noti-america.com\/site\/peru\/wp-content\/uploads\/sites\/8\/2021\/05\/c169-300x180.jpg 300w\" sizes=\"auto, (max-width: 482px) 100vw, 482px\" \/><\/a><p id=\"caption-attachment-3928\" class=\"wp-caption-text\">Foto: Lampadia<\/p><\/div>\n<p style=\"text-align: justify\"><span style=\"font-weight: 400;font-family: Tahoma, Arial, Helvetica, sans-serif;font-size: 14pt\">El informe proporcionado contribuye con los miembros del Ejecutivo, a tomar medidas de bioseguridad,\u00a0como por ejemplo:\u00a0evaluar una determinada\u00a0 Regi\u00f3n y su situaci\u00f3n,\u00a0que seg\u00fan indicadores permiten decretar la cuarentena (nivel extremo), o de lo contrario la apertura de comercios y o el incremento del aforo en las diferentes actividades empresariales, que permanecen cerradas o m\u00ednimamente en actividad, con la llamada nueva normalidad.<\/span><\/p>\n<p style=\"text-align: justify\"><span style=\"font-weight: 400;font-family: Tahoma, Arial, Helvetica, sans-serif;font-size: 14pt\">Esto se aprecia en el aforo de un centro comercial, bancos entre otros locales p\u00fablicos. En ellos est\u00e1 establecido que se debe usar doble mascarilla y adicionalmente el protector facial, de modo obligatorio, con la finalidad de evitar los contagios masivos y la gran cantidad de p\u00e9rdidas\u00a0humanas. Per\u00fa se encuentra con la m\u00e1s alta tasa desde que inici\u00f3 la pandemia.<\/span><\/p>\n<ul style=\"text-align: justify\">\n<li style=\"font-weight: 400\"><span style=\"font-weight: 400;font-family: Tahoma, Arial, Helvetica, sans-serif;font-size: 14pt\">El \u00faltimo reporte fue publicado el \u00faltimo\u00a030 de abril.\u00a0<\/span><\/li>\n<li style=\"font-weight: 400\"><span style=\"font-weight: 400;font-family: Tahoma, Arial, Helvetica, sans-serif;font-size: 14pt\">En detalle la informaci\u00f3n en n\u00fameros de la crisis sanitaria hasta el cierre de la edici\u00f3n se\u00a0 elevaron a 1 mill\u00f3n 799 mil\u00a0 445 los casos positivos y las muertes por coronavirus llegaron a\u00a0 61.477 personas desde el inicio de la pandemia.<\/span><\/li>\n<li style=\"font-weight: 400\"><span style=\"font-weight: 400;font-family: Tahoma, Arial, Helvetica, sans-serif;font-size: 14pt\">Se revel\u00f3 que se han analizado un total de 11 millones\u00a0 169 mil\u00a0 530 muestras, entre pruebas serol\u00f3gicas, moleculares y ant\u00edgenos.<\/span><\/li>\n<li style=\"font-weight: 400\"><span style=\"font-weight: 400;font-family: Tahoma, Arial, Helvetica, sans-serif;font-size: 14pt\">Un total de 9 millones 370 mil 085 personas dieron negativo a los test de descarte de nuevo.<\/span><\/li>\n<li style=\"font-weight: 400\"><span style=\"font-family: Tahoma, Arial, Helvetica, sans-serif;font-size: 14pt\"><span style=\"font-weight: 400\">Hay\u00a0<\/span><span style=\"font-weight: 400\">1 mill\u00f3n 799 mil 445<\/span><span style=\"font-weight: 400\">\u00a0personas que dieron positivo.<\/span><\/span><\/li>\n<li style=\"font-weight: 400\"><span style=\"font-family: Tahoma, Arial, Helvetica, sans-serif;font-size: 14pt\"><span style=\"font-weight: 400\">Al finalizar Abril, se reportaron 3.661 nuevos contagios por\u00a0<\/span><span style=\"font-weight: 400\">covid- 19<\/span><\/span><\/li>\n<li style=\"font-weight: 400\"><span style=\"font-family: Tahoma, Arial, Helvetica, sans-serif;font-size: 14pt\"><span style=\"font-weight: 400\">Dentro de los casos confirmados de\u00a0<\/span><span style=\"font-weight: 400\">\u00a0covid- 19,<\/span><span style=\"font-weight: 400\"> a la fecha est\u00e1n hospitalizados 14.701 pacientes est\u00e1n hospitalizados.<\/span><\/span><\/li>\n<li style=\"font-weight: 400\"><span style=\"font-weight: 400;font-family: Tahoma, Arial, Helvetica, sans-serif;font-size: 14pt\">2.652 personas se encuentran en UCI con ventilaci\u00f3n mec\u00e1nica. Ese servicio colaps\u00f3 en Lima y todas las regiones del Per\u00fa.<\/span><\/li>\n<li style=\"font-weight: 400\"><span style=\"font-weight: 400;font-family: Tahoma, Arial, Helvetica, sans-serif;font-size: 14pt\">61.477 de casos de fallecimientos\u00a0suman oficialmente a causa de este virus. De ese total, la mayor\u00eda son adultos mayores y de sexo masculino.<\/span><\/li>\n<li style=\"font-weight: 400\"><span style=\"font-weight: 400;font-family: Tahoma, Arial, Helvetica, sans-serif;font-size: 14pt\">Extraoficialmente\u00a0 se conoce que en el pa\u00eds han fallecido m\u00e1s de 120% de las cifras reportadas.\u00a0<\/span><\/li>\n<\/ul>\n<div id=\"attachment_3927\" style=\"width: 285px\" class=\"wp-caption aligncenter\"><a href=\"https:\/\/noti-america.com\/site\/peru\/wp-content\/uploads\/sites\/8\/2021\/05\/images.jpg\"><img loading=\"lazy\" decoding=\"async\" aria-describedby=\"caption-attachment-3927\" class=\"wp-image-3927 size-full\" src=\"https:\/\/noti-america.com\/site\/peru\/wp-content\/uploads\/sites\/8\/2021\/05\/images.jpg\" alt=\"\" width=\"275\" height=\"183\" srcset=\"https:\/\/noti-america.com\/site\/peru\/wp-content\/uploads\/sites\/8\/2021\/05\/images.jpg 275w, https:\/\/noti-america.com\/site\/peru\/wp-content\/uploads\/sites\/8\/2021\/05\/images-272x182.jpg 272w\" sizes=\"auto, (max-width: 275px) 100vw, 275px\" \/><\/a><p id=\"caption-attachment-3927\" class=\"wp-caption-text\">Foto: Yahoo noticias<\/p><\/div>\n<p>&nbsp;<\/p>\n<p style=\"text-align: justify\"><span style=\"font-weight: 400;font-family: Tahoma, Arial, Helvetica, sans-serif;font-size: 14pt\">Un total de 1 mill\u00f3n 741 mil\u00a0 861 personas han superado la enfermedad.\u00a0<\/span><\/p>\n<p style=\"text-align: justify\"><span style=\"font-family: Tahoma, Arial, Helvetica, sans-serif;font-size: 14pt\"><span style=\"font-weight: 400\">Esta cifra representa casi el 97% del total de infectados<\/span><span style=\"font-weight: 400\">.<\/span><\/span><\/p>\n<p style=\"text-align: justify\"><span style=\"font-weight: 400;font-family: Tahoma, Arial, Helvetica, sans-serif;font-size: 14pt\">Es importante destacar que en las pr\u00f3ximas\u00a0Elecciones presidenciales a realizarse el 6 de Junio pr\u00f3jimo,\u00a0 as\u00ed como los consecutivos\u00a0 actos proselitistas\u00a0 los candidatos por la segunda vuelta electoral pueden originar m\u00e1s contagios.<\/span><\/p>\n<p style=\"text-align: justify\"><span style=\"font-weight: 400;font-family: Tahoma, Arial, Helvetica, sans-serif;font-size: 14pt\">\u00a0Las vacunas son un aliciente pero no liberan de un contagio. Debemos cuidar los protocolos exigidos por la Organizaci\u00f3n Mundial de la Salud.<\/span><\/p>\n<p style=\"text-align: justify\"><span style=\"font-weight: 400;font-family: Tahoma, Arial, Helvetica, sans-serif;font-size: 14pt\">Autora:\u00a0<\/span><\/p>\n<p><a href=\"https:\/\/noti-america.com\/site\/peru\/wp-content\/uploads\/sites\/8\/2020\/03\/WhatsApp-Image-2020-02-05-at-10.36.26-AM.jpeg\"><img loading=\"lazy\" decoding=\"async\" class=\"alignleft size-medium wp-image-2731\" src=\"https:\/\/noti-america.com\/site\/peru\/wp-content\/uploads\/sites\/8\/2020\/03\/WhatsApp-Image-2020-02-05-at-10.36.26-AM-300x203.jpeg\" alt=\"\" width=\"300\" height=\"203\" srcset=\"https:\/\/noti-america.com\/site\/peru\/wp-content\/uploads\/sites\/8\/2020\/03\/WhatsApp-Image-2020-02-05-at-10.36.26-AM-300x203.jpeg 300w, https:\/\/noti-america.com\/site\/peru\/wp-content\/uploads\/sites\/8\/2020\/03\/WhatsApp-Image-2020-02-05-at-10.36.26-AM-768x518.jpeg 768w, https:\/\/noti-america.com\/site\/peru\/wp-content\/uploads\/sites\/8\/2020\/03\/WhatsApp-Image-2020-02-05-at-10.36.26-AM.jpeg 797w\" sizes=\"auto, (max-width: 300px) 100vw, 300px\" \/><\/a><\/p>\n","protected":false},"excerpt":{"rendered":"<p>NOTI-AM\u00c9RICA PER\u00da\u00a0 Por Geomar Pacheco Rivera \u00a0\u00a0 Funcionarios del ministerio de Salud, nos brindan diariamente\u00a0un informe denominado Sala Situacional del letal SARS&#8211;CoV&#8211;2, en donde se detalla estad\u00edsticamente casos de pacientes infectados, fallecidos, recuperados, internados,&#46;&#46;&#46;<\/p>\n","protected":false},"author":70,"featured_media":3926,"comment_status":"open","ping_status":"open","sticky":false,"template":"","format":"standard","meta":{"_acf_changed":false,"rop_custom_images_group":[],"rop_custom_messages_group":[],"rop_publish_now":"initial","rop_publish_now_accounts":{"twitter_242054905_242054905":""},"rop_publish_now_history":[],"rop_publish_now_status":"pending","footnotes":""},"categories":[10,116,107],"tags":[],"class_list":["post-3924","post","type-post","status-publish","format-standard","has-post-thumbnail","hentry","category-actualidad","category-suramerica","category-noticias"],"acf":[],"yoast_head":"<!-- This site is optimized with the Yoast SEO Premium plugin v24.9 (Yoast SEO v27.2) - https:\/\/yoast.com\/product\/yoast-seo-premium-wordpress\/ -->\n<title>La vida en Per\u00fa no tiene valor: decesos por COVID-19 en abril, la cifra m\u00e1s alta - Per\u00fa | Noti-America.com<\/title>\n<meta name=\"robots\" content=\"index, follow, max-snippet:-1, max-image-preview:large, max-video-preview:-1\" \/>\n<link rel=\"canonical\" href=\"https:\/\/noti-america.com\/site\/peru\/2021\/05\/04\/la-vida-en-peru-no-tiene-valor-decesos-por-covid-19-en-abril-es-la-mas-alta\/\" \/>\n<meta property=\"og:locale\" content=\"es_ES\" \/>\n<meta property=\"og:type\" content=\"article\" \/>\n<meta property=\"og:title\" content=\"La vida en Per\u00fa no tiene valor: decesos por COVID-19 en abril, la cifra m\u00e1s alta\" \/>\n<meta property=\"og:description\" content=\"NOTI-AM\u00c9RICA PER\u00da\u00a0 Por Geomar Pacheco Rivera \u00a0\u00a0 Funcionarios del ministerio de Salud, nos brindan diariamente\u00a0un informe denominado Sala Situacional del letal SARS&#8211;CoV&#8211;2, en donde se detalla estad\u00edsticamente casos de pacientes infectados, fallecidos, recuperados, internados,&#046;&#046;&#046;\" \/>\n<meta property=\"og:url\" content=\"https:\/\/noti-america.com\/site\/peru\/2021\/05\/04\/la-vida-en-peru-no-tiene-valor-decesos-por-covid-19-en-abril-es-la-mas-alta\/\" \/>\n<meta property=\"og:site_name\" content=\"Per\u00fa | Noti-America.com\" \/>\n<meta property=\"article:published_time\" content=\"2021-05-04T06:33:37+00:00\" \/>\n<meta property=\"article:modified_time\" content=\"2021-05-04T06:47:25+00:00\" \/>\n<meta property=\"og:image\" content=\"https:\/\/noti-america.com\/site\/peru\/wp-content\/uploads\/sites\/8\/2021\/05\/200501233345-conclu-peru-covid-1-1.jpg\" \/>\n\t<meta property=\"og:image:width\" content=\"1\" \/>\n\t<meta property=\"og:image:height\" content=\"1\" \/>\n\t<meta property=\"og:image:type\" content=\"image\/jpeg\" \/>\n<meta name=\"author\" content=\"Geomar Pacheco R.\" \/>\n<meta name=\"twitter:card\" content=\"summary_large_image\" \/>\n<meta name=\"twitter:creator\" content=\"@GeomarPacheco1\" \/>\n<meta name=\"twitter:label1\" content=\"Escrito por\" \/>\n\t<meta name=\"twitter:data1\" content=\"Geomar Pacheco R.\" \/>\n\t<meta name=\"twitter:label2\" content=\"Tiempo estimado de lectura\" \/>\n\t<meta name=\"twitter:data2\" content=\"2 minutos\" \/>\n<script type=\"application\/ld+json\" class=\"yoast-schema-graph\">{\"@context\":\"https:\/\/schema.org\",\"@graph\":[{\"@type\":\"Article\",\"@id\":\"https:\/\/noti-america.com\/site\/peru\/2021\/05\/04\/la-vida-en-peru-no-tiene-valor-decesos-por-covid-19-en-abril-es-la-mas-alta\/#article\",\"isPartOf\":{\"@id\":\"https:\/\/noti-america.com\/site\/peru\/2021\/05\/04\/la-vida-en-peru-no-tiene-valor-decesos-por-covid-19-en-abril-es-la-mas-alta\/\"},\"author\":{\"name\":\"Geomar Pacheco R.\",\"@id\":\"https:\/\/noti-america.com\/site\/peru\/#\/schema\/person\/28a35f20383bf2485bc838bfe76aebdc\"},\"headline\":\"La vida en Per\u00fa no tiene valor: decesos por COVID-19 en abril, la cifra m\u00e1s alta\",\"datePublished\":\"2021-05-04T06:33:37+00:00\",\"dateModified\":\"2021-05-04T06:47:25+00:00\",\"mainEntityOfPage\":{\"@id\":\"https:\/\/noti-america.com\/site\/peru\/2021\/05\/04\/la-vida-en-peru-no-tiene-valor-decesos-por-covid-19-en-abril-es-la-mas-alta\/\"},\"wordCount\":485,\"commentCount\":0,\"publisher\":{\"@id\":\"https:\/\/noti-america.com\/site\/peru\/#organization\"},\"image\":{\"@id\":\"https:\/\/noti-america.com\/site\/peru\/2021\/05\/04\/la-vida-en-peru-no-tiene-valor-decesos-por-covid-19-en-abril-es-la-mas-alta\/#primaryimage\"},\"thumbnailUrl\":\"https:\/\/noti-america.com\/site\/peru\/wp-content\/uploads\/sites\/8\/2021\/05\/200501233345-conclu-peru-covid-1-1.jpg\",\"articleSection\":[\"Actualidad\",\"Am\u00e9rica del Sur\",\"Noticias\"],\"inLanguage\":\"es\",\"potentialAction\":[{\"@type\":\"CommentAction\",\"name\":\"Comment\",\"target\":[\"https:\/\/noti-america.com\/site\/peru\/2021\/05\/04\/la-vida-en-peru-no-tiene-valor-decesos-por-covid-19-en-abril-es-la-mas-alta\/#respond\"]}]},{\"@type\":\"WebPage\",\"@id\":\"https:\/\/noti-america.com\/site\/peru\/2021\/05\/04\/la-vida-en-peru-no-tiene-valor-decesos-por-covid-19-en-abril-es-la-mas-alta\/\",\"url\":\"https:\/\/noti-america.com\/site\/peru\/2021\/05\/04\/la-vida-en-peru-no-tiene-valor-decesos-por-covid-19-en-abril-es-la-mas-alta\/\",\"name\":\"La vida en Per\u00fa no tiene valor: decesos por COVID-19 en abril, la cifra m\u00e1s alta - Per\u00fa | Noti-America.com\",\"isPartOf\":{\"@id\":\"https:\/\/noti-america.com\/site\/peru\/#website\"},\"primaryImageOfPage\":{\"@id\":\"https:\/\/noti-america.com\/site\/peru\/2021\/05\/04\/la-vida-en-peru-no-tiene-valor-decesos-por-covid-19-en-abril-es-la-mas-alta\/#primaryimage\"},\"image\":{\"@id\":\"https:\/\/noti-america.com\/site\/peru\/2021\/05\/04\/la-vida-en-peru-no-tiene-valor-decesos-por-covid-19-en-abril-es-la-mas-alta\/#primaryimage\"},\"thumbnailUrl\":\"https:\/\/noti-america.com\/site\/peru\/wp-content\/uploads\/sites\/8\/2021\/05\/200501233345-conclu-peru-covid-1-1.jpg\",\"datePublished\":\"2021-05-04T06:33:37+00:00\",\"dateModified\":\"2021-05-04T06:47:25+00:00\",\"breadcrumb\":{\"@id\":\"https:\/\/noti-america.com\/site\/peru\/2021\/05\/04\/la-vida-en-peru-no-tiene-valor-decesos-por-covid-19-en-abril-es-la-mas-alta\/#breadcrumb\"},\"inLanguage\":\"es\",\"potentialAction\":[{\"@type\":\"ReadAction\",\"target\":[\"https:\/\/noti-america.com\/site\/peru\/2021\/05\/04\/la-vida-en-peru-no-tiene-valor-decesos-por-covid-19-en-abril-es-la-mas-alta\/\"]}]},{\"@type\":\"ImageObject\",\"inLanguage\":\"es\",\"@id\":\"https:\/\/noti-america.com\/site\/peru\/2021\/05\/04\/la-vida-en-peru-no-tiene-valor-decesos-por-covid-19-en-abril-es-la-mas-alta\/#primaryimage\",\"url\":\"https:\/\/noti-america.com\/site\/peru\/wp-content\/uploads\/sites\/8\/2021\/05\/200501233345-conclu-peru-covid-1-1.jpg\",\"contentUrl\":\"https:\/\/noti-america.com\/site\/peru\/wp-content\/uploads\/sites\/8\/2021\/05\/200501233345-conclu-peru-covid-1-1.jpg\",\"caption\":\"People wearing face masks wait at a bus terminal in Lima, as a total of 483 people were sent to Puno in the southern Andes, on April 27, 2020, as part of the humanitarian transfers arranged by the central government and regional governments after more than six weeks of national lockdown to prevent the spread of the COVID-19 coronavirus. - As of April 27, there are 28,699 confirmed cases of coronavirus in Peru, with 782 casualties. (Photo by Juan COROMINAS \/ AFP) (Photo by JUAN COROMINAS\/AFP via Getty Images)\"},{\"@type\":\"BreadcrumbList\",\"@id\":\"https:\/\/noti-america.com\/site\/peru\/2021\/05\/04\/la-vida-en-peru-no-tiene-valor-decesos-por-covid-19-en-abril-es-la-mas-alta\/#breadcrumb\",\"itemListElement\":[{\"@type\":\"ListItem\",\"position\":1,\"name\":\"Portada\",\"item\":\"https:\/\/noti-america.com\/site\/peru\/\"},{\"@type\":\"ListItem\",\"position\":2,\"name\":\"La vida en Per\u00fa no tiene valor: decesos por COVID-19 en abril, la cifra m\u00e1s alta\"}]},{\"@type\":\"WebSite\",\"@id\":\"https:\/\/noti-america.com\/site\/peru\/#website\",\"url\":\"https:\/\/noti-america.com\/site\/peru\/\",\"name\":\"Per\u00fa | Noti-America.com\",\"description\":\"\",\"publisher\":{\"@id\":\"https:\/\/noti-america.com\/site\/peru\/#organization\"},\"potentialAction\":[{\"@type\":\"SearchAction\",\"target\":{\"@type\":\"EntryPoint\",\"urlTemplate\":\"https:\/\/noti-america.com\/site\/peru\/?s={search_term_string}\"},\"query-input\":{\"@type\":\"PropertyValueSpecification\",\"valueRequired\":true,\"valueName\":\"search_term_string\"}}],\"inLanguage\":\"es\"},{\"@type\":\"Organization\",\"@id\":\"https:\/\/noti-america.com\/site\/peru\/#organization\",\"name\":\"Noti-America LLC | Per\u00fa\",\"url\":\"https:\/\/noti-america.com\/site\/peru\/\",\"logo\":{\"@type\":\"ImageObject\",\"inLanguage\":\"es\",\"@id\":\"https:\/\/noti-america.com\/site\/peru\/#\/schema\/logo\/image\/\",\"url\":\"https:\/\/noti-america.com\/site\/peru\/wp-content\/uploads\/sites\/8\/2020\/07\/LogoNA-4x3-1.jpg\",\"contentUrl\":\"https:\/\/noti-america.com\/site\/peru\/wp-content\/uploads\/sites\/8\/2020\/07\/LogoNA-4x3-1.jpg\",\"width\":1236,\"height\":1080,\"caption\":\"Noti-America LLC | Per\u00fa\"},\"image\":{\"@id\":\"https:\/\/noti-america.com\/site\/peru\/#\/schema\/logo\/image\/\"}},{\"@type\":\"Person\",\"@id\":\"https:\/\/noti-america.com\/site\/peru\/#\/schema\/person\/28a35f20383bf2485bc838bfe76aebdc\",\"name\":\"Geomar Pacheco R.\",\"image\":{\"@type\":\"ImageObject\",\"inLanguage\":\"es\",\"@id\":\"https:\/\/secure.gravatar.com\/avatar\/5f09cb527f9632e92234c6fc6e2cbcefebeed6bdeb0f9129ea4cbc7aa71587c6?s=96&d=mm&r=g\",\"url\":\"https:\/\/secure.gravatar.com\/avatar\/5f09cb527f9632e92234c6fc6e2cbcefebeed6bdeb0f9129ea4cbc7aa71587c6?s=96&d=mm&r=g\",\"contentUrl\":\"https:\/\/secure.gravatar.com\/avatar\/5f09cb527f9632e92234c6fc6e2cbcefebeed6bdeb0f9129ea4cbc7aa71587c6?s=96&d=mm&r=g\",\"caption\":\"Geomar Pacheco R.\"},\"sameAs\":[\"https:\/\/x.com\/GeomarPacheco1\"],\"url\":\"https:\/\/noti-america.com\/site\/peru\/author\/gpacheco\/\"}]}<\/script>\n<!-- \/ Yoast SEO Premium plugin. -->","yoast_head_json":{"title":"La vida en Per\u00fa no tiene valor: decesos por COVID-19 en abril, la cifra m\u00e1s alta - Per\u00fa | Noti-America.com","robots":{"index":"index","follow":"follow","max-snippet":"max-snippet:-1","max-image-preview":"max-image-preview:large","max-video-preview":"max-video-preview:-1"},"canonical":"https:\/\/noti-america.com\/site\/peru\/2021\/05\/04\/la-vida-en-peru-no-tiene-valor-decesos-por-covid-19-en-abril-es-la-mas-alta\/","og_locale":"es_ES","og_type":"article","og_title":"La vida en Per\u00fa no tiene valor: decesos por COVID-19 en abril, la cifra m\u00e1s alta","og_description":"NOTI-AM\u00c9RICA PER\u00da\u00a0 Por Geomar Pacheco Rivera \u00a0\u00a0 Funcionarios del ministerio de Salud, nos brindan diariamente\u00a0un informe denominado Sala Situacional del letal SARS&#8211;CoV&#8211;2, en donde se detalla estad\u00edsticamente casos de pacientes infectados, fallecidos, recuperados, internados,&#46;&#46;&#46;","og_url":"https:\/\/noti-america.com\/site\/peru\/2021\/05\/04\/la-vida-en-peru-no-tiene-valor-decesos-por-covid-19-en-abril-es-la-mas-alta\/","og_site_name":"Per\u00fa | Noti-America.com","article_published_time":"2021-05-04T06:33:37+00:00","article_modified_time":"2021-05-04T06:47:25+00:00","og_image":[{"url":"https:\/\/noti-america.com\/site\/peru\/wp-content\/uploads\/sites\/8\/2021\/05\/200501233345-conclu-peru-covid-1-1.jpg","width":1,"height":1,"type":"image\/jpeg"}],"author":"Geomar Pacheco R.","twitter_card":"summary_large_image","twitter_creator":"@GeomarPacheco1","twitter_misc":{"Escrito por":"Geomar Pacheco R.","Tiempo estimado de lectura":"2 minutos"},"schema":{"@context":"https:\/\/schema.org","@graph":[{"@type":"Article","@id":"https:\/\/noti-america.com\/site\/peru\/2021\/05\/04\/la-vida-en-peru-no-tiene-valor-decesos-por-covid-19-en-abril-es-la-mas-alta\/#article","isPartOf":{"@id":"https:\/\/noti-america.com\/site\/peru\/2021\/05\/04\/la-vida-en-peru-no-tiene-valor-decesos-por-covid-19-en-abril-es-la-mas-alta\/"},"author":{"name":"Geomar Pacheco R.","@id":"https:\/\/noti-america.com\/site\/peru\/#\/schema\/person\/28a35f20383bf2485bc838bfe76aebdc"},"headline":"La vida en Per\u00fa no tiene valor: decesos por COVID-19 en abril, la cifra m\u00e1s alta","datePublished":"2021-05-04T06:33:37+00:00","dateModified":"2021-05-04T06:47:25+00:00","mainEntityOfPage":{"@id":"https:\/\/noti-america.com\/site\/peru\/2021\/05\/04\/la-vida-en-peru-no-tiene-valor-decesos-por-covid-19-en-abril-es-la-mas-alta\/"},"wordCount":485,"commentCount":0,"publisher":{"@id":"https:\/\/noti-america.com\/site\/peru\/#organization"},"image":{"@id":"https:\/\/noti-america.com\/site\/peru\/2021\/05\/04\/la-vida-en-peru-no-tiene-valor-decesos-por-covid-19-en-abril-es-la-mas-alta\/#primaryimage"},"thumbnailUrl":"https:\/\/noti-america.com\/site\/peru\/wp-content\/uploads\/sites\/8\/2021\/05\/200501233345-conclu-peru-covid-1-1.jpg","articleSection":["Actualidad","Am\u00e9rica del Sur","Noticias"],"inLanguage":"es","potentialAction":[{"@type":"CommentAction","name":"Comment","target":["https:\/\/noti-america.com\/site\/peru\/2021\/05\/04\/la-vida-en-peru-no-tiene-valor-decesos-por-covid-19-en-abril-es-la-mas-alta\/#respond"]}]},{"@type":"WebPage","@id":"https:\/\/noti-america.com\/site\/peru\/2021\/05\/04\/la-vida-en-peru-no-tiene-valor-decesos-por-covid-19-en-abril-es-la-mas-alta\/","url":"https:\/\/noti-america.com\/site\/peru\/2021\/05\/04\/la-vida-en-peru-no-tiene-valor-decesos-por-covid-19-en-abril-es-la-mas-alta\/","name":"La vida en Per\u00fa no tiene valor: decesos por COVID-19 en abril, la cifra m\u00e1s alta - Per\u00fa | Noti-America.com","isPartOf":{"@id":"https:\/\/noti-america.com\/site\/peru\/#website"},"primaryImageOfPage":{"@id":"https:\/\/noti-america.com\/site\/peru\/2021\/05\/04\/la-vida-en-peru-no-tiene-valor-decesos-por-covid-19-en-abril-es-la-mas-alta\/#primaryimage"},"image":{"@id":"https:\/\/noti-america.com\/site\/peru\/2021\/05\/04\/la-vida-en-peru-no-tiene-valor-decesos-por-covid-19-en-abril-es-la-mas-alta\/#primaryimage"},"thumbnailUrl":"https:\/\/noti-america.com\/site\/peru\/wp-content\/uploads\/sites\/8\/2021\/05\/200501233345-conclu-peru-covid-1-1.jpg","datePublished":"2021-05-04T06:33:37+00:00","dateModified":"2021-05-04T06:47:25+00:00","breadcrumb":{"@id":"https:\/\/noti-america.com\/site\/peru\/2021\/05\/04\/la-vida-en-peru-no-tiene-valor-decesos-por-covid-19-en-abril-es-la-mas-alta\/#breadcrumb"},"inLanguage":"es","potentialAction":[{"@type":"ReadAction","target":["https:\/\/noti-america.com\/site\/peru\/2021\/05\/04\/la-vida-en-peru-no-tiene-valor-decesos-por-covid-19-en-abril-es-la-mas-alta\/"]}]},{"@type":"ImageObject","inLanguage":"es","@id":"https:\/\/noti-america.com\/site\/peru\/2021\/05\/04\/la-vida-en-peru-no-tiene-valor-decesos-por-covid-19-en-abril-es-la-mas-alta\/#primaryimage","url":"https:\/\/noti-america.com\/site\/peru\/wp-content\/uploads\/sites\/8\/2021\/05\/200501233345-conclu-peru-covid-1-1.jpg","contentUrl":"https:\/\/noti-america.com\/site\/peru\/wp-content\/uploads\/sites\/8\/2021\/05\/200501233345-conclu-peru-covid-1-1.jpg","caption":"People wearing face masks wait at a bus terminal in Lima, as a total of 483 people were sent to Puno in the southern Andes, on April 27, 2020, as part of the humanitarian transfers arranged by the central government and regional governments after more than six weeks of national lockdown to prevent the spread of the COVID-19 coronavirus. - As of April 27, there are 28,699 confirmed cases of coronavirus in Peru, with 782 casualties. (Photo by Juan COROMINAS \/ AFP) (Photo by JUAN COROMINAS\/AFP via Getty Images)"},{"@type":"BreadcrumbList","@id":"https:\/\/noti-america.com\/site\/peru\/2021\/05\/04\/la-vida-en-peru-no-tiene-valor-decesos-por-covid-19-en-abril-es-la-mas-alta\/#breadcrumb","itemListElement":[{"@type":"ListItem","position":1,"name":"Portada","item":"https:\/\/noti-america.com\/site\/peru\/"},{"@type":"ListItem","position":2,"name":"La vida en Per\u00fa no tiene valor: decesos por COVID-19 en abril, la cifra m\u00e1s alta"}]},{"@type":"WebSite","@id":"https:\/\/noti-america.com\/site\/peru\/#website","url":"https:\/\/noti-america.com\/site\/peru\/","name":"Per\u00fa | Noti-America.com","description":"","publisher":{"@id":"https:\/\/noti-america.com\/site\/peru\/#organization"},"potentialAction":[{"@type":"SearchAction","target":{"@type":"EntryPoint","urlTemplate":"https:\/\/noti-america.com\/site\/peru\/?s={search_term_string}"},"query-input":{"@type":"PropertyValueSpecification","valueRequired":true,"valueName":"search_term_string"}}],"inLanguage":"es"},{"@type":"Organization","@id":"https:\/\/noti-america.com\/site\/peru\/#organization","name":"Noti-America LLC | Per\u00fa","url":"https:\/\/noti-america.com\/site\/peru\/","logo":{"@type":"ImageObject","inLanguage":"es","@id":"https:\/\/noti-america.com\/site\/peru\/#\/schema\/logo\/image\/","url":"https:\/\/noti-america.com\/site\/peru\/wp-content\/uploads\/sites\/8\/2020\/07\/LogoNA-4x3-1.jpg","contentUrl":"https:\/\/noti-america.com\/site\/peru\/wp-content\/uploads\/sites\/8\/2020\/07\/LogoNA-4x3-1.jpg","width":1236,"height":1080,"caption":"Noti-America LLC | Per\u00fa"},"image":{"@id":"https:\/\/noti-america.com\/site\/peru\/#\/schema\/logo\/image\/"}},{"@type":"Person","@id":"https:\/\/noti-america.com\/site\/peru\/#\/schema\/person\/28a35f20383bf2485bc838bfe76aebdc","name":"Geomar Pacheco R.","image":{"@type":"ImageObject","inLanguage":"es","@id":"https:\/\/secure.gravatar.com\/avatar\/5f09cb527f9632e92234c6fc6e2cbcefebeed6bdeb0f9129ea4cbc7aa71587c6?s=96&d=mm&r=g","url":"https:\/\/secure.gravatar.com\/avatar\/5f09cb527f9632e92234c6fc6e2cbcefebeed6bdeb0f9129ea4cbc7aa71587c6?s=96&d=mm&r=g","contentUrl":"https:\/\/secure.gravatar.com\/avatar\/5f09cb527f9632e92234c6fc6e2cbcefebeed6bdeb0f9129ea4cbc7aa71587c6?s=96&d=mm&r=g","caption":"Geomar Pacheco R."},"sameAs":["https:\/\/x.com\/GeomarPacheco1"],"url":"https:\/\/noti-america.com\/site\/peru\/author\/gpacheco\/"}]}},"_links":{"self":[{"href":"https:\/\/noti-america.com\/site\/peru\/wp-json\/wp\/v2\/posts\/3924","targetHints":{"allow":["GET"]}}],"collection":[{"href":"https:\/\/noti-america.com\/site\/peru\/wp-json\/wp\/v2\/posts"}],"about":[{"href":"https:\/\/noti-america.com\/site\/peru\/wp-json\/wp\/v2\/types\/post"}],"author":[{"embeddable":true,"href":"https:\/\/noti-america.com\/site\/peru\/wp-json\/wp\/v2\/users\/70"}],"replies":[{"embeddable":true,"href":"https:\/\/noti-america.com\/site\/peru\/wp-json\/wp\/v2\/comments?post=3924"}],"version-history":[{"count":4,"href":"https:\/\/noti-america.com\/site\/peru\/wp-json\/wp\/v2\/posts\/3924\/revisions"}],"predecessor-version":[{"id":3935,"href":"https:\/\/noti-america.com\/site\/peru\/wp-json\/wp\/v2\/posts\/3924\/revisions\/3935"}],"wp:featuredmedia":[{"embeddable":true,"href":"https:\/\/noti-america.com\/site\/peru\/wp-json\/wp\/v2\/media\/3926"}],"wp:attachment":[{"href":"https:\/\/noti-america.com\/site\/peru\/wp-json\/wp\/v2\/media?parent=3924"}],"wp:term":[{"taxonomy":"category","embeddable":true,"href":"https:\/\/noti-america.com\/site\/peru\/wp-json\/wp\/v2\/categories?post=3924"},{"taxonomy":"post_tag","embeddable":true,"href":"https:\/\/noti-america.com\/site\/peru\/wp-json\/wp\/v2\/tags?post=3924"}],"curies":[{"name":"wp","href":"https:\/\/api.w.org\/{rel}","templated":true}]}}