{"id":3845,"date":"2021-03-21T06:12:43","date_gmt":"2021-03-21T06:12:43","guid":{"rendered":"https:\/\/noti-america.com\/site\/peru\/?p=3845"},"modified":"2021-03-21T06:14:10","modified_gmt":"2021-03-21T06:14:10","slug":"adolescente-de-15-anos-secuestrada-en-lima","status":"publish","type":"post","link":"https:\/\/noti-america.com\/site\/peru\/2021\/03\/21\/adolescente-de-15-anos-secuestrada-en-lima\/","title":{"rendered":"Adolescente de 15 a\u00f1os secuestrada en Lima"},"content":{"rendered":"<p style=\"text-align: justify\"><strong><span style=\"font-family: Tahoma, Arial, Helvetica, sans-serif;font-size: 14pt\">NOTI-AM\u00c9RICA PER\u00da<\/span><\/strong><\/p>\n<p style=\"text-align: right\"><span style=\"font-family: Tahoma, Arial, Helvetica, sans-serif;font-size: 12pt\"><strong>Por Geomar Pacheco Rivera<\/strong><\/span><\/p>\n<p style=\"text-align: justify\"><strong><span style=\"font-family: Tahoma, Arial, Helvetica, sans-serif;font-size: 14pt\">Lima\u00a0<\/span><\/strong><\/p>\n<p style=\"text-align: justify\"><span style=\"font-weight: 400;font-family: Tahoma, Arial, Helvetica, sans-serif;font-size: 14pt\">Alerta en Ate\u00a0<\/span><\/p>\n<blockquote>\n<p style=\"text-align: justify\"><span style=\"font-weight: 400;font-family: Tahoma, Arial, Helvetica, sans-serif;font-size: 14pt\">Nueva v\u00edctima de acoso y posterior desaparici\u00f3n\u00a0<\/span><\/p>\n<\/blockquote>\n<p style=\"text-align: justify\"><span style=\"font-family: Tahoma, Arial, Helvetica, sans-serif;font-size: 14pt\"><strong>\u00a0<\/strong><\/span><\/p>\n<p style=\"text-align: justify\"><span style=\"font-weight: 400;font-family: Tahoma, Arial, Helvetica, sans-serif;font-size: 14pt\">Efectivos de la Polic\u00eda Nacional del Per\u00fa \u2013Divisi\u00f3n de personas Desaparecidas- buscan por todo el pa\u00eds a la menor GIMENA MICHELL VARGAS LAPA, de 15 a\u00f1os de edad, quien seg\u00fan las indagaciones iniciales fue vista por \u00faltima vez, el mi\u00e9rcoles 17 de marzo en las inmediaciones de Real Plaza Santa Clara en Ate-Vitarte.<\/span><\/p>\n<p style=\"text-align: justify\"><span style=\"font-family: Tahoma, Arial, Helvetica, sans-serif;font-size: 14pt\"><strong><br \/>\n<a href=\"https:\/\/noti-america.com\/site\/peru\/wp-content\/uploads\/sites\/8\/2021\/03\/736f596c-2c7e-4eb0-9dab-9be0621a3d3e.jpg\"><img loading=\"lazy\" decoding=\"async\" class=\"aligncenter wp-image-3846 size-full\" src=\"https:\/\/noti-america.com\/site\/peru\/wp-content\/uploads\/sites\/8\/2021\/03\/736f596c-2c7e-4eb0-9dab-9be0621a3d3e.jpg\" alt=\"\" width=\"750\" height=\"905\" srcset=\"https:\/\/noti-america.com\/site\/peru\/wp-content\/uploads\/sites\/8\/2021\/03\/736f596c-2c7e-4eb0-9dab-9be0621a3d3e.jpg 750w, https:\/\/noti-america.com\/site\/peru\/wp-content\/uploads\/sites\/8\/2021\/03\/736f596c-2c7e-4eb0-9dab-9be0621a3d3e-249x300.jpg 249w\" sizes=\"auto, (max-width: 750px) 100vw, 750px\" \/><\/a><\/strong><\/span><\/p>\n<p>&nbsp;<\/p>\n<p style=\"text-align: justify\"><span style=\"font-weight: 400;font-family: Tahoma, Arial, Helvetica, sans-serif;font-size: 14pt\">En una primera y eficaz acci\u00f3n efectivos PNP a cargo de las investigaciones, solicitaron el registro f\u00edlmico de las c\u00e1maras de seguridad del municipio, centro comercial y sem\u00e1foros, corroborando por las im\u00e1genes junto a la menor la presencia del ciudadano venezolano ALBERT VITAL PEREZ, quien cuenta con un tatuaje en el antebrazo izquierdo y cabello te\u00f1ido en la parte superior de cabeza.<\/span><\/p>\n<p style=\"text-align: justify\"><span style=\"font-family: Tahoma, Arial, Helvetica, sans-serif;font-size: 14pt\"><strong><a href=\"https:\/\/noti-america.com\/site\/peru\/wp-content\/uploads\/sites\/8\/2021\/03\/3a0d59cf-645e-4fec-983f-89a9aca470ed.jpg\"><img loading=\"lazy\" decoding=\"async\" class=\"aligncenter wp-image-3847 size-large\" src=\"https:\/\/noti-america.com\/site\/peru\/wp-content\/uploads\/sites\/8\/2021\/03\/3a0d59cf-645e-4fec-983f-89a9aca470ed-1024x1024.jpg\" alt=\"\" width=\"1024\" height=\"1024\" srcset=\"https:\/\/noti-america.com\/site\/peru\/wp-content\/uploads\/sites\/8\/2021\/03\/3a0d59cf-645e-4fec-983f-89a9aca470ed-1024x1024.jpg 1024w, https:\/\/noti-america.com\/site\/peru\/wp-content\/uploads\/sites\/8\/2021\/03\/3a0d59cf-645e-4fec-983f-89a9aca470ed-300x300.jpg 300w, https:\/\/noti-america.com\/site\/peru\/wp-content\/uploads\/sites\/8\/2021\/03\/3a0d59cf-645e-4fec-983f-89a9aca470ed-150x150.jpg 150w, https:\/\/noti-america.com\/site\/peru\/wp-content\/uploads\/sites\/8\/2021\/03\/3a0d59cf-645e-4fec-983f-89a9aca470ed-768x768.jpg 768w, https:\/\/noti-america.com\/site\/peru\/wp-content\/uploads\/sites\/8\/2021\/03\/3a0d59cf-645e-4fec-983f-89a9aca470ed-80x80.jpg 80w, https:\/\/noti-america.com\/site\/peru\/wp-content\/uploads\/sites\/8\/2021\/03\/3a0d59cf-645e-4fec-983f-89a9aca470ed-320x320.jpg 320w, https:\/\/noti-america.com\/site\/peru\/wp-content\/uploads\/sites\/8\/2021\/03\/3a0d59cf-645e-4fec-983f-89a9aca470ed.jpg 1280w\" sizes=\"auto, (max-width: 1024px) 100vw, 1024px\" \/><\/a><\/strong><\/span><\/p>\n<p>&nbsp;<\/p>\n<p style=\"text-align: justify\"><span style=\"font-weight: 400;font-family: Tahoma, Arial, Helvetica, sans-serif;font-size: 14pt\">Se solicita la ubicaci\u00f3n de la menor y captura del sospechoso acompa\u00f1ante seg\u00fan <\/span><span style=\"font-weight: 400;font-family: Tahoma, Arial, Helvetica, sans-serif;font-size: 14pt\">im\u00e1genes.<\/span><\/p>\n<p><span style=\"font-family: Tahoma, Arial, Helvetica, sans-serif;font-size: 14pt\">La familia agradece cualquier informaci\u00f3n del paradero de la menor al <strong>937207787<\/strong>.<\/span><\/p>\n<p>&nbsp;<\/p>\n<p style=\"text-align: justify\">\n<p>&nbsp;<\/p>\n","protected":false},"excerpt":{"rendered":"<p>NOTI-AM\u00c9RICA PER\u00da Por Geomar Pacheco Rivera Lima\u00a0 Alerta en Ate\u00a0 Nueva v\u00edctima de acoso y posterior desaparici\u00f3n\u00a0 \u00a0 Efectivos de la Polic\u00eda Nacional del Per\u00fa \u2013Divisi\u00f3n de personas Desaparecidas- buscan por todo el pa\u00eds&#46;&#46;&#46;<\/p>\n","protected":false},"author":70,"featured_media":3846,"comment_status":"open","ping_status":"open","sticky":false,"template":"","format":"standard","meta":{"_acf_changed":false,"rop_custom_images_group":[],"rop_custom_messages_group":[],"rop_publish_now":"initial","rop_publish_now_accounts":{"twitter_242054905_242054905":""},"rop_publish_now_history":[],"rop_publish_now_status":"pending","footnotes":""},"categories":[10,117,11],"tags":[],"class_list":["post-3845","post","type-post","status-publish","format-standard","has-post-thumbnail","hentry","category-actualidad","category-es-noticia-en","category-sucesos"],"acf":[],"yoast_head":"<!-- This site is optimized with the Yoast SEO Premium plugin v24.9 (Yoast SEO v27.2) - https:\/\/yoast.com\/product\/yoast-seo-premium-wordpress\/ -->\n<title>Adolescente de 15 a\u00f1os secuestrada en Lima - Per\u00fa | Noti-America.com<\/title>\n<meta name=\"robots\" content=\"index, follow, max-snippet:-1, max-image-preview:large, max-video-preview:-1\" \/>\n<link rel=\"canonical\" href=\"https:\/\/noti-america.com\/site\/peru\/2021\/03\/21\/adolescente-de-15-anos-secuestrada-en-lima\/\" \/>\n<meta property=\"og:locale\" content=\"es_ES\" \/>\n<meta property=\"og:type\" content=\"article\" \/>\n<meta property=\"og:title\" content=\"Adolescente de 15 a\u00f1os secuestrada en Lima\" \/>\n<meta property=\"og:description\" content=\"NOTI-AM\u00c9RICA PER\u00da Por Geomar Pacheco Rivera Lima\u00a0 Alerta en Ate\u00a0 Nueva v\u00edctima de acoso y posterior desaparici\u00f3n\u00a0 \u00a0 Efectivos de la Polic\u00eda Nacional del Per\u00fa \u2013Divisi\u00f3n de personas Desaparecidas- buscan por todo el pa\u00eds&#046;&#046;&#046;\" \/>\n<meta property=\"og:url\" content=\"https:\/\/noti-america.com\/site\/peru\/2021\/03\/21\/adolescente-de-15-anos-secuestrada-en-lima\/\" \/>\n<meta property=\"og:site_name\" content=\"Per\u00fa | Noti-America.com\" \/>\n<meta property=\"article:published_time\" content=\"2021-03-21T06:12:43+00:00\" \/>\n<meta property=\"article:modified_time\" content=\"2021-03-21T06:14:10+00:00\" \/>\n<meta property=\"og:image\" content=\"https:\/\/noti-america.com\/site\/peru\/wp-content\/uploads\/sites\/8\/2021\/03\/736f596c-2c7e-4eb0-9dab-9be0621a3d3e.jpg\" \/>\n\t<meta property=\"og:image:width\" content=\"750\" \/>\n\t<meta property=\"og:image:height\" content=\"905\" \/>\n\t<meta property=\"og:image:type\" content=\"image\/jpeg\" \/>\n<meta name=\"author\" content=\"Geomar Pacheco R.\" \/>\n<meta name=\"twitter:card\" content=\"summary_large_image\" \/>\n<meta name=\"twitter:creator\" content=\"@GeomarPacheco1\" \/>\n<meta name=\"twitter:label1\" content=\"Escrito por\" \/>\n\t<meta name=\"twitter:data1\" content=\"Geomar Pacheco R.\" \/>\n\t<meta name=\"twitter:label2\" content=\"Tiempo estimado de lectura\" \/>\n\t<meta name=\"twitter:data2\" content=\"1 minuto\" \/>\n<script type=\"application\/ld+json\" class=\"yoast-schema-graph\">{\"@context\":\"https:\/\/schema.org\",\"@graph\":[{\"@type\":\"Article\",\"@id\":\"https:\/\/noti-america.com\/site\/peru\/2021\/03\/21\/adolescente-de-15-anos-secuestrada-en-lima\/#article\",\"isPartOf\":{\"@id\":\"https:\/\/noti-america.com\/site\/peru\/2021\/03\/21\/adolescente-de-15-anos-secuestrada-en-lima\/\"},\"author\":{\"name\":\"Geomar Pacheco R.\",\"@id\":\"https:\/\/noti-america.com\/site\/peru\/#\/schema\/person\/28a35f20383bf2485bc838bfe76aebdc\"},\"headline\":\"Adolescente de 15 a\u00f1os secuestrada en Lima\",\"datePublished\":\"2021-03-21T06:12:43+00:00\",\"dateModified\":\"2021-03-21T06:14:10+00:00\",\"mainEntityOfPage\":{\"@id\":\"https:\/\/noti-america.com\/site\/peru\/2021\/03\/21\/adolescente-de-15-anos-secuestrada-en-lima\/\"},\"wordCount\":186,\"commentCount\":0,\"publisher\":{\"@id\":\"https:\/\/noti-america.com\/site\/peru\/#organization\"},\"image\":{\"@id\":\"https:\/\/noti-america.com\/site\/peru\/2021\/03\/21\/adolescente-de-15-anos-secuestrada-en-lima\/#primaryimage\"},\"thumbnailUrl\":\"https:\/\/noti-america.com\/site\/peru\/wp-content\/uploads\/sites\/8\/2021\/03\/736f596c-2c7e-4eb0-9dab-9be0621a3d3e.jpg\",\"articleSection\":[\"Actualidad\",\"Es Noticia en\",\"Sucesos\"],\"inLanguage\":\"es\",\"potentialAction\":[{\"@type\":\"CommentAction\",\"name\":\"Comment\",\"target\":[\"https:\/\/noti-america.com\/site\/peru\/2021\/03\/21\/adolescente-de-15-anos-secuestrada-en-lima\/#respond\"]}]},{\"@type\":\"WebPage\",\"@id\":\"https:\/\/noti-america.com\/site\/peru\/2021\/03\/21\/adolescente-de-15-anos-secuestrada-en-lima\/\",\"url\":\"https:\/\/noti-america.com\/site\/peru\/2021\/03\/21\/adolescente-de-15-anos-secuestrada-en-lima\/\",\"name\":\"Adolescente de 15 a\u00f1os secuestrada en Lima - Per\u00fa | Noti-America.com\",\"isPartOf\":{\"@id\":\"https:\/\/noti-america.com\/site\/peru\/#website\"},\"primaryImageOfPage\":{\"@id\":\"https:\/\/noti-america.com\/site\/peru\/2021\/03\/21\/adolescente-de-15-anos-secuestrada-en-lima\/#primaryimage\"},\"image\":{\"@id\":\"https:\/\/noti-america.com\/site\/peru\/2021\/03\/21\/adolescente-de-15-anos-secuestrada-en-lima\/#primaryimage\"},\"thumbnailUrl\":\"https:\/\/noti-america.com\/site\/peru\/wp-content\/uploads\/sites\/8\/2021\/03\/736f596c-2c7e-4eb0-9dab-9be0621a3d3e.jpg\",\"datePublished\":\"2021-03-21T06:12:43+00:00\",\"dateModified\":\"2021-03-21T06:14:10+00:00\",\"breadcrumb\":{\"@id\":\"https:\/\/noti-america.com\/site\/peru\/2021\/03\/21\/adolescente-de-15-anos-secuestrada-en-lima\/#breadcrumb\"},\"inLanguage\":\"es\",\"potentialAction\":[{\"@type\":\"ReadAction\",\"target\":[\"https:\/\/noti-america.com\/site\/peru\/2021\/03\/21\/adolescente-de-15-anos-secuestrada-en-lima\/\"]}]},{\"@type\":\"ImageObject\",\"inLanguage\":\"es\",\"@id\":\"https:\/\/noti-america.com\/site\/peru\/2021\/03\/21\/adolescente-de-15-anos-secuestrada-en-lima\/#primaryimage\",\"url\":\"https:\/\/noti-america.com\/site\/peru\/wp-content\/uploads\/sites\/8\/2021\/03\/736f596c-2c7e-4eb0-9dab-9be0621a3d3e.jpg\",\"contentUrl\":\"https:\/\/noti-america.com\/site\/peru\/wp-content\/uploads\/sites\/8\/2021\/03\/736f596c-2c7e-4eb0-9dab-9be0621a3d3e.jpg\",\"width\":750,\"height\":905},{\"@type\":\"BreadcrumbList\",\"@id\":\"https:\/\/noti-america.com\/site\/peru\/2021\/03\/21\/adolescente-de-15-anos-secuestrada-en-lima\/#breadcrumb\",\"itemListElement\":[{\"@type\":\"ListItem\",\"position\":1,\"name\":\"Portada\",\"item\":\"https:\/\/noti-america.com\/site\/peru\/\"},{\"@type\":\"ListItem\",\"position\":2,\"name\":\"Adolescente de 15 a\u00f1os secuestrada en Lima\"}]},{\"@type\":\"WebSite\",\"@id\":\"https:\/\/noti-america.com\/site\/peru\/#website\",\"url\":\"https:\/\/noti-america.com\/site\/peru\/\",\"name\":\"Per\u00fa | Noti-America.com\",\"description\":\"\",\"publisher\":{\"@id\":\"https:\/\/noti-america.com\/site\/peru\/#organization\"},\"potentialAction\":[{\"@type\":\"SearchAction\",\"target\":{\"@type\":\"EntryPoint\",\"urlTemplate\":\"https:\/\/noti-america.com\/site\/peru\/?s={search_term_string}\"},\"query-input\":{\"@type\":\"PropertyValueSpecification\",\"valueRequired\":true,\"valueName\":\"search_term_string\"}}],\"inLanguage\":\"es\"},{\"@type\":\"Organization\",\"@id\":\"https:\/\/noti-america.com\/site\/peru\/#organization\",\"name\":\"Noti-America LLC | Per\u00fa\",\"url\":\"https:\/\/noti-america.com\/site\/peru\/\",\"logo\":{\"@type\":\"ImageObject\",\"inLanguage\":\"es\",\"@id\":\"https:\/\/noti-america.com\/site\/peru\/#\/schema\/logo\/image\/\",\"url\":\"https:\/\/noti-america.com\/site\/peru\/wp-content\/uploads\/sites\/8\/2020\/07\/LogoNA-4x3-1.jpg\",\"contentUrl\":\"https:\/\/noti-america.com\/site\/peru\/wp-content\/uploads\/sites\/8\/2020\/07\/LogoNA-4x3-1.jpg\",\"width\":1236,\"height\":1080,\"caption\":\"Noti-America LLC | Per\u00fa\"},\"image\":{\"@id\":\"https:\/\/noti-america.com\/site\/peru\/#\/schema\/logo\/image\/\"}},{\"@type\":\"Person\",\"@id\":\"https:\/\/noti-america.com\/site\/peru\/#\/schema\/person\/28a35f20383bf2485bc838bfe76aebdc\",\"name\":\"Geomar Pacheco R.\",\"image\":{\"@type\":\"ImageObject\",\"inLanguage\":\"es\",\"@id\":\"https:\/\/secure.gravatar.com\/avatar\/5f09cb527f9632e92234c6fc6e2cbcefebeed6bdeb0f9129ea4cbc7aa71587c6?s=96&d=mm&r=g\",\"url\":\"https:\/\/secure.gravatar.com\/avatar\/5f09cb527f9632e92234c6fc6e2cbcefebeed6bdeb0f9129ea4cbc7aa71587c6?s=96&d=mm&r=g\",\"contentUrl\":\"https:\/\/secure.gravatar.com\/avatar\/5f09cb527f9632e92234c6fc6e2cbcefebeed6bdeb0f9129ea4cbc7aa71587c6?s=96&d=mm&r=g\",\"caption\":\"Geomar Pacheco R.\"},\"sameAs\":[\"https:\/\/x.com\/GeomarPacheco1\"],\"url\":\"https:\/\/noti-america.com\/site\/peru\/author\/gpacheco\/\"}]}<\/script>\n<!-- \/ Yoast SEO Premium plugin. -->","yoast_head_json":{"title":"Adolescente de 15 a\u00f1os secuestrada en Lima - Per\u00fa | Noti-America.com","robots":{"index":"index","follow":"follow","max-snippet":"max-snippet:-1","max-image-preview":"max-image-preview:large","max-video-preview":"max-video-preview:-1"},"canonical":"https:\/\/noti-america.com\/site\/peru\/2021\/03\/21\/adolescente-de-15-anos-secuestrada-en-lima\/","og_locale":"es_ES","og_type":"article","og_title":"Adolescente de 15 a\u00f1os secuestrada en Lima","og_description":"NOTI-AM\u00c9RICA PER\u00da Por Geomar Pacheco Rivera Lima\u00a0 Alerta en Ate\u00a0 Nueva v\u00edctima de acoso y posterior desaparici\u00f3n\u00a0 \u00a0 Efectivos de la Polic\u00eda Nacional del Per\u00fa \u2013Divisi\u00f3n de personas Desaparecidas- buscan por todo el pa\u00eds&#46;&#46;&#46;","og_url":"https:\/\/noti-america.com\/site\/peru\/2021\/03\/21\/adolescente-de-15-anos-secuestrada-en-lima\/","og_site_name":"Per\u00fa | Noti-America.com","article_published_time":"2021-03-21T06:12:43+00:00","article_modified_time":"2021-03-21T06:14:10+00:00","og_image":[{"width":750,"height":905,"url":"https:\/\/noti-america.com\/site\/peru\/wp-content\/uploads\/sites\/8\/2021\/03\/736f596c-2c7e-4eb0-9dab-9be0621a3d3e.jpg","type":"image\/jpeg"}],"author":"Geomar Pacheco R.","twitter_card":"summary_large_image","twitter_creator":"@GeomarPacheco1","twitter_misc":{"Escrito por":"Geomar Pacheco R.","Tiempo estimado de lectura":"1 minuto"},"schema":{"@context":"https:\/\/schema.org","@graph":[{"@type":"Article","@id":"https:\/\/noti-america.com\/site\/peru\/2021\/03\/21\/adolescente-de-15-anos-secuestrada-en-lima\/#article","isPartOf":{"@id":"https:\/\/noti-america.com\/site\/peru\/2021\/03\/21\/adolescente-de-15-anos-secuestrada-en-lima\/"},"author":{"name":"Geomar Pacheco R.","@id":"https:\/\/noti-america.com\/site\/peru\/#\/schema\/person\/28a35f20383bf2485bc838bfe76aebdc"},"headline":"Adolescente de 15 a\u00f1os secuestrada en Lima","datePublished":"2021-03-21T06:12:43+00:00","dateModified":"2021-03-21T06:14:10+00:00","mainEntityOfPage":{"@id":"https:\/\/noti-america.com\/site\/peru\/2021\/03\/21\/adolescente-de-15-anos-secuestrada-en-lima\/"},"wordCount":186,"commentCount":0,"publisher":{"@id":"https:\/\/noti-america.com\/site\/peru\/#organization"},"image":{"@id":"https:\/\/noti-america.com\/site\/peru\/2021\/03\/21\/adolescente-de-15-anos-secuestrada-en-lima\/#primaryimage"},"thumbnailUrl":"https:\/\/noti-america.com\/site\/peru\/wp-content\/uploads\/sites\/8\/2021\/03\/736f596c-2c7e-4eb0-9dab-9be0621a3d3e.jpg","articleSection":["Actualidad","Es Noticia en","Sucesos"],"inLanguage":"es","potentialAction":[{"@type":"CommentAction","name":"Comment","target":["https:\/\/noti-america.com\/site\/peru\/2021\/03\/21\/adolescente-de-15-anos-secuestrada-en-lima\/#respond"]}]},{"@type":"WebPage","@id":"https:\/\/noti-america.com\/site\/peru\/2021\/03\/21\/adolescente-de-15-anos-secuestrada-en-lima\/","url":"https:\/\/noti-america.com\/site\/peru\/2021\/03\/21\/adolescente-de-15-anos-secuestrada-en-lima\/","name":"Adolescente de 15 a\u00f1os secuestrada en Lima - Per\u00fa | Noti-America.com","isPartOf":{"@id":"https:\/\/noti-america.com\/site\/peru\/#website"},"primaryImageOfPage":{"@id":"https:\/\/noti-america.com\/site\/peru\/2021\/03\/21\/adolescente-de-15-anos-secuestrada-en-lima\/#primaryimage"},"image":{"@id":"https:\/\/noti-america.com\/site\/peru\/2021\/03\/21\/adolescente-de-15-anos-secuestrada-en-lima\/#primaryimage"},"thumbnailUrl":"https:\/\/noti-america.com\/site\/peru\/wp-content\/uploads\/sites\/8\/2021\/03\/736f596c-2c7e-4eb0-9dab-9be0621a3d3e.jpg","datePublished":"2021-03-21T06:12:43+00:00","dateModified":"2021-03-21T06:14:10+00:00","breadcrumb":{"@id":"https:\/\/noti-america.com\/site\/peru\/2021\/03\/21\/adolescente-de-15-anos-secuestrada-en-lima\/#breadcrumb"},"inLanguage":"es","potentialAction":[{"@type":"ReadAction","target":["https:\/\/noti-america.com\/site\/peru\/2021\/03\/21\/adolescente-de-15-anos-secuestrada-en-lima\/"]}]},{"@type":"ImageObject","inLanguage":"es","@id":"https:\/\/noti-america.com\/site\/peru\/2021\/03\/21\/adolescente-de-15-anos-secuestrada-en-lima\/#primaryimage","url":"https:\/\/noti-america.com\/site\/peru\/wp-content\/uploads\/sites\/8\/2021\/03\/736f596c-2c7e-4eb0-9dab-9be0621a3d3e.jpg","contentUrl":"https:\/\/noti-america.com\/site\/peru\/wp-content\/uploads\/sites\/8\/2021\/03\/736f596c-2c7e-4eb0-9dab-9be0621a3d3e.jpg","width":750,"height":905},{"@type":"BreadcrumbList","@id":"https:\/\/noti-america.com\/site\/peru\/2021\/03\/21\/adolescente-de-15-anos-secuestrada-en-lima\/#breadcrumb","itemListElement":[{"@type":"ListItem","position":1,"name":"Portada","item":"https:\/\/noti-america.com\/site\/peru\/"},{"@type":"ListItem","position":2,"name":"Adolescente de 15 a\u00f1os secuestrada en Lima"}]},{"@type":"WebSite","@id":"https:\/\/noti-america.com\/site\/peru\/#website","url":"https:\/\/noti-america.com\/site\/peru\/","name":"Per\u00fa | Noti-America.com","description":"","publisher":{"@id":"https:\/\/noti-america.com\/site\/peru\/#organization"},"potentialAction":[{"@type":"SearchAction","target":{"@type":"EntryPoint","urlTemplate":"https:\/\/noti-america.com\/site\/peru\/?s={search_term_string}"},"query-input":{"@type":"PropertyValueSpecification","valueRequired":true,"valueName":"search_term_string"}}],"inLanguage":"es"},{"@type":"Organization","@id":"https:\/\/noti-america.com\/site\/peru\/#organization","name":"Noti-America LLC | Per\u00fa","url":"https:\/\/noti-america.com\/site\/peru\/","logo":{"@type":"ImageObject","inLanguage":"es","@id":"https:\/\/noti-america.com\/site\/peru\/#\/schema\/logo\/image\/","url":"https:\/\/noti-america.com\/site\/peru\/wp-content\/uploads\/sites\/8\/2020\/07\/LogoNA-4x3-1.jpg","contentUrl":"https:\/\/noti-america.com\/site\/peru\/wp-content\/uploads\/sites\/8\/2020\/07\/LogoNA-4x3-1.jpg","width":1236,"height":1080,"caption":"Noti-America LLC | Per\u00fa"},"image":{"@id":"https:\/\/noti-america.com\/site\/peru\/#\/schema\/logo\/image\/"}},{"@type":"Person","@id":"https:\/\/noti-america.com\/site\/peru\/#\/schema\/person\/28a35f20383bf2485bc838bfe76aebdc","name":"Geomar Pacheco R.","image":{"@type":"ImageObject","inLanguage":"es","@id":"https:\/\/secure.gravatar.com\/avatar\/5f09cb527f9632e92234c6fc6e2cbcefebeed6bdeb0f9129ea4cbc7aa71587c6?s=96&d=mm&r=g","url":"https:\/\/secure.gravatar.com\/avatar\/5f09cb527f9632e92234c6fc6e2cbcefebeed6bdeb0f9129ea4cbc7aa71587c6?s=96&d=mm&r=g","contentUrl":"https:\/\/secure.gravatar.com\/avatar\/5f09cb527f9632e92234c6fc6e2cbcefebeed6bdeb0f9129ea4cbc7aa71587c6?s=96&d=mm&r=g","caption":"Geomar Pacheco R."},"sameAs":["https:\/\/x.com\/GeomarPacheco1"],"url":"https:\/\/noti-america.com\/site\/peru\/author\/gpacheco\/"}]}},"_links":{"self":[{"href":"https:\/\/noti-america.com\/site\/peru\/wp-json\/wp\/v2\/posts\/3845","targetHints":{"allow":["GET"]}}],"collection":[{"href":"https:\/\/noti-america.com\/site\/peru\/wp-json\/wp\/v2\/posts"}],"about":[{"href":"https:\/\/noti-america.com\/site\/peru\/wp-json\/wp\/v2\/types\/post"}],"author":[{"embeddable":true,"href":"https:\/\/noti-america.com\/site\/peru\/wp-json\/wp\/v2\/users\/70"}],"replies":[{"embeddable":true,"href":"https:\/\/noti-america.com\/site\/peru\/wp-json\/wp\/v2\/comments?post=3845"}],"version-history":[{"count":3,"href":"https:\/\/noti-america.com\/site\/peru\/wp-json\/wp\/v2\/posts\/3845\/revisions"}],"predecessor-version":[{"id":3850,"href":"https:\/\/noti-america.com\/site\/peru\/wp-json\/wp\/v2\/posts\/3845\/revisions\/3850"}],"wp:featuredmedia":[{"embeddable":true,"href":"https:\/\/noti-america.com\/site\/peru\/wp-json\/wp\/v2\/media\/3846"}],"wp:attachment":[{"href":"https:\/\/noti-america.com\/site\/peru\/wp-json\/wp\/v2\/media?parent=3845"}],"wp:term":[{"taxonomy":"category","embeddable":true,"href":"https:\/\/noti-america.com\/site\/peru\/wp-json\/wp\/v2\/categories?post=3845"},{"taxonomy":"post_tag","embeddable":true,"href":"https:\/\/noti-america.com\/site\/peru\/wp-json\/wp\/v2\/tags?post=3845"}],"curies":[{"name":"wp","href":"https:\/\/api.w.org\/{rel}","templated":true}]}}