{"id":3522,"date":"2020-11-16T10:05:53","date_gmt":"2020-11-16T10:05:53","guid":{"rendered":"https:\/\/noti-america.com\/site\/peru\/?p=3522"},"modified":"2020-11-16T10:05:53","modified_gmt":"2020-11-16T10:05:53","slug":"crisis-politica-afecta-la-economia-e-imagen-del-pais","status":"publish","type":"post","link":"https:\/\/noti-america.com\/site\/peru\/2020\/11\/16\/crisis-politica-afecta-la-economia-e-imagen-del-pais\/","title":{"rendered":"Crisis pol\u00edtica afecta la econom\u00eda e imagen del pa\u00eds\u00a0"},"content":{"rendered":"<p style=\"text-align: justify\"><strong><span style=\"font-family: Tahoma, Arial, Helvetica, sans-serif;font-size: 14pt\">NOTI-AM\u00c9RICA PER\u00da<\/span><\/strong><\/p>\n<p style=\"text-align: right\"><strong><span style=\"font-family: Tahoma, Arial, Helvetica, sans-serif;font-size: 14pt\">Por Geomar Pacheco Rivera<\/span><\/strong><\/p>\n<p>&nbsp;<\/p>\n<p style=\"text-align: center\"><strong><span style=\"font-family: Tahoma, Arial, Helvetica, sans-serif;font-size: 14pt\">PERUANOS DE DUELO<\/span><\/strong><\/p>\n<p style=\"text-align: center\"><strong><span style=\"font-family: Tahoma, Arial, Helvetica, sans-serif;font-size: 14pt\">CRISIS POL\u00cdTICA AFECTA LA ECONOM\u00cdA E IMAGEN DEL PA\u00cdS\u00a0<\/span><\/strong><\/p>\n<p>&nbsp;<\/p>\n<p style=\"text-align: justify\"><span style=\"font-weight: 400;font-family: Tahoma, Arial, Helvetica, sans-serif;font-size: 14pt\">El lunes 9 se iniciaron las protestas en las calles de la capital del pa\u00eds y diversas regiones en el interior, despu\u00e9s de\u00a0 que 105 congresistas de los 130 h\u00e1biles votaran a favor de la vacancia presidencial\u00a0 del ingeniero Martin Vizcarra Cornejo.<\/span><\/p>\n<p style=\"text-align: justify\"><span style=\"font-weight: 400;font-family: Tahoma, Arial, Helvetica, sans-serif;font-size: 14pt\">Fueron seis\u00a0 d\u00edas de constantes protestas pac\u00edficas que protagonizaron los j\u00f3venes de diversos colectivos y centros de estudios. La plaza San Mart\u00edn en el Centro de Lima fue el escenario de las concentraciones. La Polic\u00eda Nacional del Per\u00fa en todo momento vigil\u00f3 la calma y orden p\u00fablico.\u00a0<\/span><\/p>\n<p>&nbsp;<\/p>\n<p style=\"text-align: justify\"><span style=\"font-weight: 400;font-family: Tahoma, Arial, Helvetica, sans-serif;font-size: 14pt\">El\u00a0 martes 10, los congresistas\u00a0 decidieron renovar la directiva y procedieron a nombrar al congresista Manuel Merino de Lama como presidente del Per\u00fa. Acto seguido, se cumpli\u00f3 con designar premier al abogado Antero Flores Araoz Esparza, un d\u00eda despu\u00e9s\u00a0 se constituy\u00f3 el primer Gabinete ministerial integrado por 18 peruanos.<\/span><\/p>\n<p style=\"text-align: justify\"><span style=\"font-weight: 400;font-family: Tahoma, Arial, Helvetica, sans-serif;font-size: 14pt\">Todas esas actividades se cumplieron en el marco de lo oficial. Paralelamente los j\u00f3venes y adultos de todas las edades segu\u00edan tomando las calles en Lima y regiones sin importar la pandemia ni las medidas de emergencias sanitarias\u00a0 existentes.<\/span><\/p>\n<div id=\"attachment_3524\" style=\"width: 590px\" class=\"wp-caption aligncenter\"><a href=\"https:\/\/noti-america.com\/site\/peru\/wp-content\/uploads\/sites\/8\/2020\/11\/QIG4JO5MBFFBLKNWQJULHM7QMU.jpg\"><img loading=\"lazy\" decoding=\"async\" aria-describedby=\"caption-attachment-3524\" class=\"wp-image-3524 size-full\" src=\"https:\/\/noti-america.com\/site\/peru\/wp-content\/uploads\/sites\/8\/2020\/11\/QIG4JO5MBFFBLKNWQJULHM7QMU.jpg\" alt=\"\" width=\"580\" height=\"330\" srcset=\"https:\/\/noti-america.com\/site\/peru\/wp-content\/uploads\/sites\/8\/2020\/11\/QIG4JO5MBFFBLKNWQJULHM7QMU.jpg 580w, https:\/\/noti-america.com\/site\/peru\/wp-content\/uploads\/sites\/8\/2020\/11\/QIG4JO5MBFFBLKNWQJULHM7QMU-300x171.jpg 300w\" sizes=\"auto, (max-width: 580px) 100vw, 580px\" \/><\/a><p id=\"caption-attachment-3524\" class=\"wp-caption-text\">Foto: Diario El Correo<\/p><\/div>\n<p style=\"text-align: justify\"><span style=\"font-weight: 400;font-family: Tahoma, Arial, Helvetica, sans-serif;font-size: 14pt\">El viernes 14, convocaron a una gran marcha nacional porque todo lo que dispon\u00eda el Ejecutivo no complac\u00eda a los j\u00f3venes y a la ciudadan\u00eda en general. Durante esa movilizaci\u00f3n masiva los efectivos policiales actuaron de forma temeraria por la violencia que por etapas se presentaba por ciudadanos infiltrados a la misma.<\/span><\/p>\n<p style=\"text-align: justify\"><span style=\"font-weight: 400;font-family: Tahoma, Arial, Helvetica, sans-serif;font-size: 14pt\">Como consecuencia, en el desarrollo de esa marcha\u00a0 dos j\u00f3venes fallecieron por el accionar de los efectivos policiales quienes dispararon sus armas en contra de los asistentes.\u00a0\u00a0<\/span><\/p>\n<p style=\"text-align: justify\"><span style=\"font-family: Tahoma, Arial, Helvetica, sans-serif;font-size: 14pt\"><b>H\u00e9roes hoy, estudiantes ayer<\/b><\/span><\/p>\n<p style=\"text-align: justify\"><span style=\"font-weight: 400;font-family: Tahoma, Arial, Helvetica, sans-serif;font-size: 14pt\">Inti Sotelo Camargo de 24 a\u00f1os de edad y Bryan Pintado S\u00e1nchez\u00a0 de 22 a\u00f1os perdieron la vida este s\u00e1bado 14.<\/span><\/p>\n<p style=\"text-align: justify\"><span style=\"font-weight: 400;font-family: Tahoma, Arial, Helvetica, sans-serif;font-size: 14pt\">Las autoridades de la Fiscal\u00eda de la Naci\u00f3n\u00a0 confirmaron que ambos estudiantes fueron asesinados por arma de fuego.<\/span><\/p>\n<p style=\"text-align: justify\"><span style=\"font-weight: 400;font-family: Tahoma, Arial, Helvetica, sans-serif;font-size: 14pt\">La protesta pac\u00edfica se\u00a0 convirti\u00f3 en un enfrentamiento abierto entre los manifestantes y los efectivos policiales.<\/span><\/p>\n<p style=\"text-align: justify\"><span style=\"font-family: Tahoma, Arial, Helvetica, sans-serif;font-size: 14pt\"><b>Renuncian ministros<\/b><\/span><\/p>\n<p style=\"text-align: justify\"><span style=\"font-weight: 400;font-family: Tahoma, Arial, Helvetica, sans-serif;font-size: 14pt\">Despu\u00e9s de conocida la noticia del fallecimiento de los j\u00f3venes estudiantes en horas de la noche diez ministros renunciaron casi en simult\u00e1neo.\u00a0<\/span><\/p>\n<p style=\"text-align: justify\"><span style=\"font-weight: 400;font-family: Tahoma, Arial, Helvetica, sans-serif;font-size: 14pt\">DOMINGO 15\u00a0<\/span><\/p>\n<p style=\"text-align: justify\"><span style=\"font-weight: 400;font-family: Tahoma, Arial, Helvetica, sans-serif;font-size: 14pt\">Renunci\u00f3 el presidente Manuel Merino de Lama, previo mensaje a la naci\u00f3n\u00a0 indicando que los 18 ministros se quedaban en funciones.<\/span><\/p>\n<p style=\"text-align: justify\"><span style=\"font-weight: 400;font-family: Tahoma, Arial, Helvetica, sans-serif;font-size: 14pt\">Las movilizaciones continuaban. La Morgue de Lima entreg\u00f3 los cad\u00e1veres de los j\u00f3venes y se iniciaron los actos f\u00fanebres, como velatorios en medio del dolor e indignaci\u00f3n de familiares y compatriotas.<\/span><\/p>\n<p><a href=\"https:\/\/noti-america.com\/site\/peru\/wp-content\/uploads\/sites\/8\/2020\/11\/000726560W.jpg\"><img loading=\"lazy\" decoding=\"async\" class=\"aligncenter size-full wp-image-3525\" src=\"https:\/\/noti-america.com\/site\/peru\/wp-content\/uploads\/sites\/8\/2020\/11\/000726560W.jpg\" alt=\"\" width=\"1800\" height=\"1200\" srcset=\"https:\/\/noti-america.com\/site\/peru\/wp-content\/uploads\/sites\/8\/2020\/11\/000726560W.jpg 1800w, https:\/\/noti-america.com\/site\/peru\/wp-content\/uploads\/sites\/8\/2020\/11\/000726560W-300x200.jpg 300w, https:\/\/noti-america.com\/site\/peru\/wp-content\/uploads\/sites\/8\/2020\/11\/000726560W-1024x683.jpg 1024w, https:\/\/noti-america.com\/site\/peru\/wp-content\/uploads\/sites\/8\/2020\/11\/000726560W-768x512.jpg 768w, https:\/\/noti-america.com\/site\/peru\/wp-content\/uploads\/sites\/8\/2020\/11\/000726560W-1536x1024.jpg 1536w, https:\/\/noti-america.com\/site\/peru\/wp-content\/uploads\/sites\/8\/2020\/11\/000726560W-272x182.jpg 272w\" sizes=\"auto, (max-width: 1800px) 100vw, 1800px\" \/><\/a><\/p>\n<p>&nbsp;<\/p>\n<p style=\"text-align: justify\"><span style=\"font-weight: 400;font-family: Tahoma, Arial, Helvetica, sans-serif;font-size: 14pt\">CRISIS GENERALIZADA CONTINUA<\/span><\/p>\n<p style=\"text-align: justify\"><span style=\"font-weight: 400;font-family: Tahoma, Arial, Helvetica, sans-serif;font-size: 14pt\">\u00a0<\/span><span style=\"font-weight: 400;font-family: Tahoma, Arial, Helvetica, sans-serif;font-size: 14pt\">EL dolor y caos es una constante en el Per\u00fa.\u00a0\u00a0\u00a0<\/span><\/p>\n<p style=\"text-align: justify\"><span style=\"font-weight: 400;font-family: Tahoma, Arial, Helvetica, sans-serif;font-size: 14pt\">Vivimos una crisis sanitaria,\u00a0 pol\u00edtica y\u00a0 econ\u00f3mica que afecta a las grandes mayor\u00edas.<\/span><\/p>\n<p style=\"text-align: justify\"><span style=\"font-weight: 400;font-family: Tahoma, Arial, Helvetica, sans-serif;font-size: 14pt\">Solamente los congresistas y miembros del Tribunal Constitucional, podr\u00e1n resolver la realidad que enfrentamos los peruanos.<\/span><\/p>\n<p style=\"text-align: justify\"><span style=\"font-weight: 400;font-family: Tahoma, Arial, Helvetica, sans-serif;font-size: 14pt\">Este lunes 16,\u00a0 desde las 9.00 horas de la ma\u00f1ana, congresistas asumir\u00e1n decisiones y toda la ciudadan\u00eda estar\u00e1 alerta a su accionar.<\/span><\/p>\n<p>&nbsp;<\/p>\n<p style=\"text-align: justify\"><span style=\"font-weight: 400;font-family: Tahoma, Arial, Helvetica, sans-serif;font-size: 14pt\">Autora:<\/span><\/p>\n<p><a href=\"https:\/\/noti-america.com\/site\/peru\/wp-content\/uploads\/sites\/8\/2020\/03\/WhatsApp-Image-2020-02-05-at-10.36.26-AM.jpeg\"><img loading=\"lazy\" decoding=\"async\" class=\"alignleft wp-image-2731 size-medium\" src=\"https:\/\/noti-america.com\/site\/peru\/wp-content\/uploads\/sites\/8\/2020\/03\/WhatsApp-Image-2020-02-05-at-10.36.26-AM-300x203.jpeg\" alt=\"\" width=\"300\" height=\"203\" srcset=\"https:\/\/noti-america.com\/site\/peru\/wp-content\/uploads\/sites\/8\/2020\/03\/WhatsApp-Image-2020-02-05-at-10.36.26-AM-300x203.jpeg 300w, https:\/\/noti-america.com\/site\/peru\/wp-content\/uploads\/sites\/8\/2020\/03\/WhatsApp-Image-2020-02-05-at-10.36.26-AM-768x518.jpeg 768w, https:\/\/noti-america.com\/site\/peru\/wp-content\/uploads\/sites\/8\/2020\/03\/WhatsApp-Image-2020-02-05-at-10.36.26-AM.jpeg 797w\" sizes=\"auto, (max-width: 300px) 100vw, 300px\" \/><\/a><\/p>\n<p style=\"text-align: justify\">\n","protected":false},"excerpt":{"rendered":"<p>NOTI-AM\u00c9RICA PER\u00da Por Geomar Pacheco Rivera &nbsp; PERUANOS DE DUELO CRISIS POL\u00cdTICA AFECTA LA ECONOM\u00cdA E IMAGEN DEL PA\u00cdS\u00a0 &nbsp; El lunes 9 se iniciaron las protestas en las calles de la capital del&#46;&#46;&#46;<\/p>\n","protected":false},"author":70,"featured_media":3524,"comment_status":"open","ping_status":"open","sticky":false,"template":"","format":"standard","meta":{"_acf_changed":false,"rop_custom_images_group":[],"rop_custom_messages_group":[],"rop_publish_now":"initial","rop_publish_now_accounts":{"twitter_242054905_242054905":""},"rop_publish_now_history":[],"rop_publish_now_status":"pending","footnotes":""},"categories":[5,117,1],"tags":[],"class_list":["post-3522","post","type-post","status-publish","format-standard","has-post-thumbnail","hentry","category-economia","category-es-noticia-en","category-uncategorized"],"acf":[],"yoast_head":"<!-- This site is optimized with the Yoast SEO Premium plugin v24.9 (Yoast SEO v27.2) - https:\/\/yoast.com\/product\/yoast-seo-premium-wordpress\/ -->\n<title>Crisis pol\u00edtica afecta la econom\u00eda e imagen del pa\u00eds\u00a0 - Per\u00fa | Noti-America.com<\/title>\n<meta name=\"robots\" content=\"index, follow, max-snippet:-1, max-image-preview:large, max-video-preview:-1\" \/>\n<link rel=\"canonical\" href=\"https:\/\/noti-america.com\/site\/peru\/2020\/11\/16\/crisis-politica-afecta-la-economia-e-imagen-del-pais\/\" \/>\n<meta property=\"og:locale\" content=\"es_ES\" \/>\n<meta property=\"og:type\" content=\"article\" \/>\n<meta property=\"og:title\" content=\"Crisis pol\u00edtica afecta la econom\u00eda e imagen del pa\u00eds\u00a0\" \/>\n<meta property=\"og:description\" content=\"NOTI-AM\u00c9RICA PER\u00da Por Geomar Pacheco Rivera &nbsp; PERUANOS DE DUELO CRISIS POL\u00cdTICA AFECTA LA ECONOM\u00cdA E IMAGEN DEL PA\u00cdS\u00a0 &nbsp; El lunes 9 se iniciaron las protestas en las calles de la capital del&#046;&#046;&#046;\" \/>\n<meta property=\"og:url\" content=\"https:\/\/noti-america.com\/site\/peru\/2020\/11\/16\/crisis-politica-afecta-la-economia-e-imagen-del-pais\/\" \/>\n<meta property=\"og:site_name\" content=\"Per\u00fa | Noti-America.com\" \/>\n<meta property=\"article:published_time\" content=\"2020-11-16T10:05:53+00:00\" \/>\n<meta property=\"og:image\" content=\"https:\/\/noti-america.com\/site\/peru\/wp-content\/uploads\/sites\/8\/2020\/11\/QIG4JO5MBFFBLKNWQJULHM7QMU.jpg\" \/>\n\t<meta property=\"og:image:width\" content=\"580\" \/>\n\t<meta property=\"og:image:height\" content=\"330\" \/>\n\t<meta property=\"og:image:type\" content=\"image\/jpeg\" \/>\n<meta name=\"author\" content=\"Geomar Pacheco R.\" \/>\n<meta name=\"twitter:card\" content=\"summary_large_image\" \/>\n<meta name=\"twitter:creator\" content=\"@GeomarPacheco1\" \/>\n<meta name=\"twitter:label1\" content=\"Escrito por\" \/>\n\t<meta name=\"twitter:data1\" content=\"Geomar Pacheco R.\" \/>\n\t<meta name=\"twitter:label2\" content=\"Tiempo estimado de lectura\" \/>\n\t<meta name=\"twitter:data2\" content=\"3 minutos\" \/>\n<script type=\"application\/ld+json\" class=\"yoast-schema-graph\">{\"@context\":\"https:\/\/schema.org\",\"@graph\":[{\"@type\":\"Article\",\"@id\":\"https:\/\/noti-america.com\/site\/peru\/2020\/11\/16\/crisis-politica-afecta-la-economia-e-imagen-del-pais\/#article\",\"isPartOf\":{\"@id\":\"https:\/\/noti-america.com\/site\/peru\/2020\/11\/16\/crisis-politica-afecta-la-economia-e-imagen-del-pais\/\"},\"author\":{\"name\":\"Geomar Pacheco R.\",\"@id\":\"https:\/\/noti-america.com\/site\/peru\/#\/schema\/person\/28a35f20383bf2485bc838bfe76aebdc\"},\"headline\":\"Crisis pol\u00edtica afecta la econom\u00eda e imagen del pa\u00eds\u00a0\",\"datePublished\":\"2020-11-16T10:05:53+00:00\",\"mainEntityOfPage\":{\"@id\":\"https:\/\/noti-america.com\/site\/peru\/2020\/11\/16\/crisis-politica-afecta-la-economia-e-imagen-del-pais\/\"},\"wordCount\":537,\"commentCount\":0,\"publisher\":{\"@id\":\"https:\/\/noti-america.com\/site\/peru\/#organization\"},\"image\":{\"@id\":\"https:\/\/noti-america.com\/site\/peru\/2020\/11\/16\/crisis-politica-afecta-la-economia-e-imagen-del-pais\/#primaryimage\"},\"thumbnailUrl\":\"https:\/\/noti-america.com\/site\/peru\/wp-content\/uploads\/sites\/8\/2020\/11\/QIG4JO5MBFFBLKNWQJULHM7QMU.jpg\",\"articleSection\":[\"Econom\u00eda\",\"Es Noticia en\",\"Uncategorized\"],\"inLanguage\":\"es\",\"potentialAction\":[{\"@type\":\"CommentAction\",\"name\":\"Comment\",\"target\":[\"https:\/\/noti-america.com\/site\/peru\/2020\/11\/16\/crisis-politica-afecta-la-economia-e-imagen-del-pais\/#respond\"]}]},{\"@type\":\"WebPage\",\"@id\":\"https:\/\/noti-america.com\/site\/peru\/2020\/11\/16\/crisis-politica-afecta-la-economia-e-imagen-del-pais\/\",\"url\":\"https:\/\/noti-america.com\/site\/peru\/2020\/11\/16\/crisis-politica-afecta-la-economia-e-imagen-del-pais\/\",\"name\":\"Crisis pol\u00edtica afecta la econom\u00eda e imagen del pa\u00eds\u00a0 - Per\u00fa | Noti-America.com\",\"isPartOf\":{\"@id\":\"https:\/\/noti-america.com\/site\/peru\/#website\"},\"primaryImageOfPage\":{\"@id\":\"https:\/\/noti-america.com\/site\/peru\/2020\/11\/16\/crisis-politica-afecta-la-economia-e-imagen-del-pais\/#primaryimage\"},\"image\":{\"@id\":\"https:\/\/noti-america.com\/site\/peru\/2020\/11\/16\/crisis-politica-afecta-la-economia-e-imagen-del-pais\/#primaryimage\"},\"thumbnailUrl\":\"https:\/\/noti-america.com\/site\/peru\/wp-content\/uploads\/sites\/8\/2020\/11\/QIG4JO5MBFFBLKNWQJULHM7QMU.jpg\",\"datePublished\":\"2020-11-16T10:05:53+00:00\",\"breadcrumb\":{\"@id\":\"https:\/\/noti-america.com\/site\/peru\/2020\/11\/16\/crisis-politica-afecta-la-economia-e-imagen-del-pais\/#breadcrumb\"},\"inLanguage\":\"es\",\"potentialAction\":[{\"@type\":\"ReadAction\",\"target\":[\"https:\/\/noti-america.com\/site\/peru\/2020\/11\/16\/crisis-politica-afecta-la-economia-e-imagen-del-pais\/\"]}]},{\"@type\":\"ImageObject\",\"inLanguage\":\"es\",\"@id\":\"https:\/\/noti-america.com\/site\/peru\/2020\/11\/16\/crisis-politica-afecta-la-economia-e-imagen-del-pais\/#primaryimage\",\"url\":\"https:\/\/noti-america.com\/site\/peru\/wp-content\/uploads\/sites\/8\/2020\/11\/QIG4JO5MBFFBLKNWQJULHM7QMU.jpg\",\"contentUrl\":\"https:\/\/noti-america.com\/site\/peru\/wp-content\/uploads\/sites\/8\/2020\/11\/QIG4JO5MBFFBLKNWQJULHM7QMU.jpg\",\"width\":580,\"height\":330},{\"@type\":\"BreadcrumbList\",\"@id\":\"https:\/\/noti-america.com\/site\/peru\/2020\/11\/16\/crisis-politica-afecta-la-economia-e-imagen-del-pais\/#breadcrumb\",\"itemListElement\":[{\"@type\":\"ListItem\",\"position\":1,\"name\":\"Portada\",\"item\":\"https:\/\/noti-america.com\/site\/peru\/\"},{\"@type\":\"ListItem\",\"position\":2,\"name\":\"Crisis pol\u00edtica afecta la econom\u00eda e imagen del pa\u00eds\u00a0\"}]},{\"@type\":\"WebSite\",\"@id\":\"https:\/\/noti-america.com\/site\/peru\/#website\",\"url\":\"https:\/\/noti-america.com\/site\/peru\/\",\"name\":\"Per\u00fa | Noti-America.com\",\"description\":\"\",\"publisher\":{\"@id\":\"https:\/\/noti-america.com\/site\/peru\/#organization\"},\"potentialAction\":[{\"@type\":\"SearchAction\",\"target\":{\"@type\":\"EntryPoint\",\"urlTemplate\":\"https:\/\/noti-america.com\/site\/peru\/?s={search_term_string}\"},\"query-input\":{\"@type\":\"PropertyValueSpecification\",\"valueRequired\":true,\"valueName\":\"search_term_string\"}}],\"inLanguage\":\"es\"},{\"@type\":\"Organization\",\"@id\":\"https:\/\/noti-america.com\/site\/peru\/#organization\",\"name\":\"Noti-America LLC | Per\u00fa\",\"url\":\"https:\/\/noti-america.com\/site\/peru\/\",\"logo\":{\"@type\":\"ImageObject\",\"inLanguage\":\"es\",\"@id\":\"https:\/\/noti-america.com\/site\/peru\/#\/schema\/logo\/image\/\",\"url\":\"https:\/\/noti-america.com\/site\/peru\/wp-content\/uploads\/sites\/8\/2020\/07\/LogoNA-4x3-1.jpg\",\"contentUrl\":\"https:\/\/noti-america.com\/site\/peru\/wp-content\/uploads\/sites\/8\/2020\/07\/LogoNA-4x3-1.jpg\",\"width\":1236,\"height\":1080,\"caption\":\"Noti-America LLC | Per\u00fa\"},\"image\":{\"@id\":\"https:\/\/noti-america.com\/site\/peru\/#\/schema\/logo\/image\/\"}},{\"@type\":\"Person\",\"@id\":\"https:\/\/noti-america.com\/site\/peru\/#\/schema\/person\/28a35f20383bf2485bc838bfe76aebdc\",\"name\":\"Geomar Pacheco R.\",\"image\":{\"@type\":\"ImageObject\",\"inLanguage\":\"es\",\"@id\":\"https:\/\/secure.gravatar.com\/avatar\/5f09cb527f9632e92234c6fc6e2cbcefebeed6bdeb0f9129ea4cbc7aa71587c6?s=96&d=mm&r=g\",\"url\":\"https:\/\/secure.gravatar.com\/avatar\/5f09cb527f9632e92234c6fc6e2cbcefebeed6bdeb0f9129ea4cbc7aa71587c6?s=96&d=mm&r=g\",\"contentUrl\":\"https:\/\/secure.gravatar.com\/avatar\/5f09cb527f9632e92234c6fc6e2cbcefebeed6bdeb0f9129ea4cbc7aa71587c6?s=96&d=mm&r=g\",\"caption\":\"Geomar Pacheco R.\"},\"sameAs\":[\"https:\/\/x.com\/GeomarPacheco1\"],\"url\":\"https:\/\/noti-america.com\/site\/peru\/author\/gpacheco\/\"}]}<\/script>\n<!-- \/ Yoast SEO Premium plugin. -->","yoast_head_json":{"title":"Crisis pol\u00edtica afecta la econom\u00eda e imagen del pa\u00eds\u00a0 - Per\u00fa | Noti-America.com","robots":{"index":"index","follow":"follow","max-snippet":"max-snippet:-1","max-image-preview":"max-image-preview:large","max-video-preview":"max-video-preview:-1"},"canonical":"https:\/\/noti-america.com\/site\/peru\/2020\/11\/16\/crisis-politica-afecta-la-economia-e-imagen-del-pais\/","og_locale":"es_ES","og_type":"article","og_title":"Crisis pol\u00edtica afecta la econom\u00eda e imagen del pa\u00eds\u00a0","og_description":"NOTI-AM\u00c9RICA PER\u00da Por Geomar Pacheco Rivera &nbsp; PERUANOS DE DUELO CRISIS POL\u00cdTICA AFECTA LA ECONOM\u00cdA E IMAGEN DEL PA\u00cdS\u00a0 &nbsp; El lunes 9 se iniciaron las protestas en las calles de la capital del&#46;&#46;&#46;","og_url":"https:\/\/noti-america.com\/site\/peru\/2020\/11\/16\/crisis-politica-afecta-la-economia-e-imagen-del-pais\/","og_site_name":"Per\u00fa | Noti-America.com","article_published_time":"2020-11-16T10:05:53+00:00","og_image":[{"width":580,"height":330,"url":"https:\/\/noti-america.com\/site\/peru\/wp-content\/uploads\/sites\/8\/2020\/11\/QIG4JO5MBFFBLKNWQJULHM7QMU.jpg","type":"image\/jpeg"}],"author":"Geomar Pacheco R.","twitter_card":"summary_large_image","twitter_creator":"@GeomarPacheco1","twitter_misc":{"Escrito por":"Geomar Pacheco R.","Tiempo estimado de lectura":"3 minutos"},"schema":{"@context":"https:\/\/schema.org","@graph":[{"@type":"Article","@id":"https:\/\/noti-america.com\/site\/peru\/2020\/11\/16\/crisis-politica-afecta-la-economia-e-imagen-del-pais\/#article","isPartOf":{"@id":"https:\/\/noti-america.com\/site\/peru\/2020\/11\/16\/crisis-politica-afecta-la-economia-e-imagen-del-pais\/"},"author":{"name":"Geomar Pacheco R.","@id":"https:\/\/noti-america.com\/site\/peru\/#\/schema\/person\/28a35f20383bf2485bc838bfe76aebdc"},"headline":"Crisis pol\u00edtica afecta la econom\u00eda e imagen del pa\u00eds\u00a0","datePublished":"2020-11-16T10:05:53+00:00","mainEntityOfPage":{"@id":"https:\/\/noti-america.com\/site\/peru\/2020\/11\/16\/crisis-politica-afecta-la-economia-e-imagen-del-pais\/"},"wordCount":537,"commentCount":0,"publisher":{"@id":"https:\/\/noti-america.com\/site\/peru\/#organization"},"image":{"@id":"https:\/\/noti-america.com\/site\/peru\/2020\/11\/16\/crisis-politica-afecta-la-economia-e-imagen-del-pais\/#primaryimage"},"thumbnailUrl":"https:\/\/noti-america.com\/site\/peru\/wp-content\/uploads\/sites\/8\/2020\/11\/QIG4JO5MBFFBLKNWQJULHM7QMU.jpg","articleSection":["Econom\u00eda","Es Noticia en","Uncategorized"],"inLanguage":"es","potentialAction":[{"@type":"CommentAction","name":"Comment","target":["https:\/\/noti-america.com\/site\/peru\/2020\/11\/16\/crisis-politica-afecta-la-economia-e-imagen-del-pais\/#respond"]}]},{"@type":"WebPage","@id":"https:\/\/noti-america.com\/site\/peru\/2020\/11\/16\/crisis-politica-afecta-la-economia-e-imagen-del-pais\/","url":"https:\/\/noti-america.com\/site\/peru\/2020\/11\/16\/crisis-politica-afecta-la-economia-e-imagen-del-pais\/","name":"Crisis pol\u00edtica afecta la econom\u00eda e imagen del pa\u00eds\u00a0 - Per\u00fa | Noti-America.com","isPartOf":{"@id":"https:\/\/noti-america.com\/site\/peru\/#website"},"primaryImageOfPage":{"@id":"https:\/\/noti-america.com\/site\/peru\/2020\/11\/16\/crisis-politica-afecta-la-economia-e-imagen-del-pais\/#primaryimage"},"image":{"@id":"https:\/\/noti-america.com\/site\/peru\/2020\/11\/16\/crisis-politica-afecta-la-economia-e-imagen-del-pais\/#primaryimage"},"thumbnailUrl":"https:\/\/noti-america.com\/site\/peru\/wp-content\/uploads\/sites\/8\/2020\/11\/QIG4JO5MBFFBLKNWQJULHM7QMU.jpg","datePublished":"2020-11-16T10:05:53+00:00","breadcrumb":{"@id":"https:\/\/noti-america.com\/site\/peru\/2020\/11\/16\/crisis-politica-afecta-la-economia-e-imagen-del-pais\/#breadcrumb"},"inLanguage":"es","potentialAction":[{"@type":"ReadAction","target":["https:\/\/noti-america.com\/site\/peru\/2020\/11\/16\/crisis-politica-afecta-la-economia-e-imagen-del-pais\/"]}]},{"@type":"ImageObject","inLanguage":"es","@id":"https:\/\/noti-america.com\/site\/peru\/2020\/11\/16\/crisis-politica-afecta-la-economia-e-imagen-del-pais\/#primaryimage","url":"https:\/\/noti-america.com\/site\/peru\/wp-content\/uploads\/sites\/8\/2020\/11\/QIG4JO5MBFFBLKNWQJULHM7QMU.jpg","contentUrl":"https:\/\/noti-america.com\/site\/peru\/wp-content\/uploads\/sites\/8\/2020\/11\/QIG4JO5MBFFBLKNWQJULHM7QMU.jpg","width":580,"height":330},{"@type":"BreadcrumbList","@id":"https:\/\/noti-america.com\/site\/peru\/2020\/11\/16\/crisis-politica-afecta-la-economia-e-imagen-del-pais\/#breadcrumb","itemListElement":[{"@type":"ListItem","position":1,"name":"Portada","item":"https:\/\/noti-america.com\/site\/peru\/"},{"@type":"ListItem","position":2,"name":"Crisis pol\u00edtica afecta la econom\u00eda e imagen del pa\u00eds\u00a0"}]},{"@type":"WebSite","@id":"https:\/\/noti-america.com\/site\/peru\/#website","url":"https:\/\/noti-america.com\/site\/peru\/","name":"Per\u00fa | Noti-America.com","description":"","publisher":{"@id":"https:\/\/noti-america.com\/site\/peru\/#organization"},"potentialAction":[{"@type":"SearchAction","target":{"@type":"EntryPoint","urlTemplate":"https:\/\/noti-america.com\/site\/peru\/?s={search_term_string}"},"query-input":{"@type":"PropertyValueSpecification","valueRequired":true,"valueName":"search_term_string"}}],"inLanguage":"es"},{"@type":"Organization","@id":"https:\/\/noti-america.com\/site\/peru\/#organization","name":"Noti-America LLC | Per\u00fa","url":"https:\/\/noti-america.com\/site\/peru\/","logo":{"@type":"ImageObject","inLanguage":"es","@id":"https:\/\/noti-america.com\/site\/peru\/#\/schema\/logo\/image\/","url":"https:\/\/noti-america.com\/site\/peru\/wp-content\/uploads\/sites\/8\/2020\/07\/LogoNA-4x3-1.jpg","contentUrl":"https:\/\/noti-america.com\/site\/peru\/wp-content\/uploads\/sites\/8\/2020\/07\/LogoNA-4x3-1.jpg","width":1236,"height":1080,"caption":"Noti-America LLC | Per\u00fa"},"image":{"@id":"https:\/\/noti-america.com\/site\/peru\/#\/schema\/logo\/image\/"}},{"@type":"Person","@id":"https:\/\/noti-america.com\/site\/peru\/#\/schema\/person\/28a35f20383bf2485bc838bfe76aebdc","name":"Geomar Pacheco R.","image":{"@type":"ImageObject","inLanguage":"es","@id":"https:\/\/secure.gravatar.com\/avatar\/5f09cb527f9632e92234c6fc6e2cbcefebeed6bdeb0f9129ea4cbc7aa71587c6?s=96&d=mm&r=g","url":"https:\/\/secure.gravatar.com\/avatar\/5f09cb527f9632e92234c6fc6e2cbcefebeed6bdeb0f9129ea4cbc7aa71587c6?s=96&d=mm&r=g","contentUrl":"https:\/\/secure.gravatar.com\/avatar\/5f09cb527f9632e92234c6fc6e2cbcefebeed6bdeb0f9129ea4cbc7aa71587c6?s=96&d=mm&r=g","caption":"Geomar Pacheco R."},"sameAs":["https:\/\/x.com\/GeomarPacheco1"],"url":"https:\/\/noti-america.com\/site\/peru\/author\/gpacheco\/"}]}},"_links":{"self":[{"href":"https:\/\/noti-america.com\/site\/peru\/wp-json\/wp\/v2\/posts\/3522","targetHints":{"allow":["GET"]}}],"collection":[{"href":"https:\/\/noti-america.com\/site\/peru\/wp-json\/wp\/v2\/posts"}],"about":[{"href":"https:\/\/noti-america.com\/site\/peru\/wp-json\/wp\/v2\/types\/post"}],"author":[{"embeddable":true,"href":"https:\/\/noti-america.com\/site\/peru\/wp-json\/wp\/v2\/users\/70"}],"replies":[{"embeddable":true,"href":"https:\/\/noti-america.com\/site\/peru\/wp-json\/wp\/v2\/comments?post=3522"}],"version-history":[{"count":1,"href":"https:\/\/noti-america.com\/site\/peru\/wp-json\/wp\/v2\/posts\/3522\/revisions"}],"predecessor-version":[{"id":3526,"href":"https:\/\/noti-america.com\/site\/peru\/wp-json\/wp\/v2\/posts\/3522\/revisions\/3526"}],"wp:featuredmedia":[{"embeddable":true,"href":"https:\/\/noti-america.com\/site\/peru\/wp-json\/wp\/v2\/media\/3524"}],"wp:attachment":[{"href":"https:\/\/noti-america.com\/site\/peru\/wp-json\/wp\/v2\/media?parent=3522"}],"wp:term":[{"taxonomy":"category","embeddable":true,"href":"https:\/\/noti-america.com\/site\/peru\/wp-json\/wp\/v2\/categories?post=3522"},{"taxonomy":"post_tag","embeddable":true,"href":"https:\/\/noti-america.com\/site\/peru\/wp-json\/wp\/v2\/tags?post=3522"}],"curies":[{"name":"wp","href":"https:\/\/api.w.org\/{rel}","templated":true}]}}