{"id":3453,"date":"2020-10-24T05:47:46","date_gmt":"2020-10-24T05:47:46","guid":{"rendered":"https:\/\/noti-america.com\/site\/peru\/?p=3453"},"modified":"2020-10-24T05:47:46","modified_gmt":"2020-10-24T05:47:46","slug":"peru-jne-pide-al-ejecutivo-aprobar-compensacion-para-miembros-de-mesa","status":"publish","type":"post","link":"https:\/\/noti-america.com\/site\/peru\/2020\/10\/24\/peru-jne-pide-al-ejecutivo-aprobar-compensacion-para-miembros-de-mesa\/","title":{"rendered":"Per\u00fa: JNE pide al Ejecutivo aprobar compensaci\u00f3n para miembros de mesa"},"content":{"rendered":"<p><strong><span style=\"font-family: Tahoma, Arial, Helvetica, sans-serif;font-size: 14pt\">NOTI-AM\u00c9RICA PER\u00da<\/span><\/strong><\/p>\n<p style=\"text-align: right\"><span style=\"font-family: Tahoma, Arial, Helvetica, sans-serif;font-size: 14pt\"><strong>Fernando Fern\u00e1ndez<\/strong><\/span><\/p>\n<p>&nbsp;<\/p>\n<p style=\"text-align: justify\"><span style=\"font-weight: 400;font-family: Tahoma, Arial, Helvetica, sans-serif;font-size: 14pt\">Mediante un decreto de urgencia se autorizar\u00eda el otorgamiento extraordinario de 120 soles a quienes ejerzan dicho cargo\u00a0<\/span><\/p>\n<p style=\"text-align: justify\">\n<p style=\"text-align: justify\"><span style=\"font-weight: 400;font-family: Tahoma, Arial, Helvetica, sans-serif;font-size: 14pt\">El Pleno del Jurado Nacional de Elecciones (JNE) propuso al Gobierno la aprobaci\u00f3n de un decreto de urgencia mediante el cual se autoriza el otorgamiento extraordinario de una compensaci\u00f3n de 120 soles\u00a0 a los miembros de mesa para incentivar su participaci\u00f3n en las Elecciones Generales (EG) 2021.\u00a0<\/span><\/p>\n<p style=\"text-align: justify\">\n<p style=\"text-align: justify\"><span style=\"font-weight: 400;font-family: Tahoma, Arial, Helvetica, sans-serif;font-size: 14pt\">Se\u00f1ala que dicha asignaci\u00f3n econ\u00f3mica tendr\u00e1 un impacto favorable en el proceso electoral, generando la disminuci\u00f3n del ausentismo de los ciudadanos designados para dicho cargo y la temprana instalaci\u00f3n de las mesas de votaci\u00f3n.\u00a0<\/span><\/p>\n<p style=\"text-align: justify\">\n<p style=\"text-align: justify\"><span style=\"font-weight: 400;font-family: Tahoma, Arial, Helvetica, sans-serif;font-size: 14pt\">Asimismo, estima que\u00a0 los ciudadanos seleccionados estar\u00e1n m\u00e1s predispuestos para asistir a las jornadas de capacitaci\u00f3n y, en consecuencia, cumplir\u00e1n mejor su labor durante las etapas de\u00a0 instalaci\u00f3n, sufragio y escrutinio.\u00a0<\/span><\/p>\n<p style=\"text-align: justify\">\n<p style=\"text-align: justify\"><span style=\"font-weight: 400;font-family: Tahoma, Arial, Helvetica, sans-serif;font-size: 14pt\">Otro aspecto tomado en cuenta por el JNE es que los miembros de mesa con una debida capacitaci\u00f3n estar\u00e1n preparados para resolver, en primera instancia, las impugnaciones que se presentan.\u00a0<\/span><\/p>\n<p style=\"text-align: justify\">\n<p style=\"text-align: justify\"><span style=\"font-weight: 400;font-family: Tahoma, Arial, Helvetica, sans-serif;font-size: 14pt\">Se justifica la propuesta por la ampliaci\u00f3n del horario de votaci\u00f3n, de 07:00 a 19:00 horas, dispuesta por la Ley N\u00ba 31038 ante la pandemia de la COVID-19, lo que implicar\u00e1 que los designados al cargo tengan que cumplir una jornada de 16 horas aproximadamente, dado que deben llegar antes de la apertura de las mesas de votaci\u00f3n y quedarse horas despu\u00e9s del cierre para las labores de escrutinio.\u00a0<\/span><\/p>\n<p style=\"text-align: justify\">\n<p><a href=\"https:\/\/noti-america.com\/site\/peru\/wp-content\/uploads\/sites\/8\/2020\/10\/Mesas-de-votacion_3.jpg\"><img loading=\"lazy\" decoding=\"async\" class=\"aligncenter size-full wp-image-3454\" src=\"https:\/\/noti-america.com\/site\/peru\/wp-content\/uploads\/sites\/8\/2020\/10\/Mesas-de-votacion_3.jpg\" alt=\"\" width=\"1772\" height=\"1181\" srcset=\"https:\/\/noti-america.com\/site\/peru\/wp-content\/uploads\/sites\/8\/2020\/10\/Mesas-de-votacion_3.jpg 1772w, https:\/\/noti-america.com\/site\/peru\/wp-content\/uploads\/sites\/8\/2020\/10\/Mesas-de-votacion_3-300x200.jpg 300w, https:\/\/noti-america.com\/site\/peru\/wp-content\/uploads\/sites\/8\/2020\/10\/Mesas-de-votacion_3-1024x682.jpg 1024w, https:\/\/noti-america.com\/site\/peru\/wp-content\/uploads\/sites\/8\/2020\/10\/Mesas-de-votacion_3-768x512.jpg 768w, https:\/\/noti-america.com\/site\/peru\/wp-content\/uploads\/sites\/8\/2020\/10\/Mesas-de-votacion_3-1536x1024.jpg 1536w, https:\/\/noti-america.com\/site\/peru\/wp-content\/uploads\/sites\/8\/2020\/10\/Mesas-de-votacion_3-272x182.jpg 272w\" sizes=\"auto, (max-width: 1772px) 100vw, 1772px\" \/><\/a><\/p>\n<p style=\"text-align: justify\"><span style=\"font-weight: 400;font-family: Tahoma, Arial, Helvetica, sans-serif;font-size: 14pt\">Para concretar tal incentivo, el Pleno del organismo electoral aprob\u00f3 el proyecto de Decreto de Urgencia planteado por la Oficina Nacional de Procesos Electorales (ONPE), y dispuso que sea remitido al Ejecutivo.\u00a0<\/span><\/p>\n<p style=\"text-align: justify\">\n<p style=\"text-align: justify\"><span style=\"font-weight: 400;font-family: Tahoma, Arial, Helvetica, sans-serif;font-size: 14pt\">Mediante el citado decreto se autorizar\u00eda a la ONPE brindar la compensaci\u00f3n a los miembros de mesa que hayan ejercido sus funciones, sean titulares o suplentes, y a los electores que hayan desempe\u00f1ado el cargo ante la ausencia de los titulares o suplentes.\u00a0<\/span><\/p>\n<p style=\"text-align: justify\">\n<p style=\"text-align: justify\"><span style=\"font-weight: 400;font-family: Tahoma, Arial, Helvetica, sans-serif;font-size: 14pt\">Cabe precisar que la propuesta de entrega de una compensaci\u00f3n econ\u00f3mica a los miembros de mesa es una iniciativa que el JNE viene promoviendo desde el 2017, a trav\u00e9s de los proyectos de C\u00f3digo Electoral que present\u00f3 al Congreso de la Rep\u00fablica.\u00a0<\/span><\/p>\n<p style=\"text-align: justify\">\n<p style=\"text-align: justify\"><span style=\"font-weight: 400;font-family: Tahoma, Arial, Helvetica, sans-serif;font-size: 14pt\">El acuerdo del Pleno del JNE, que aprueba el referido proyecto de decreto de urgencia, es rubricado por su presidente V\u00edctor Ticona Postigo y sus miembros Luis Arce C\u00f3rdova, Jovi\u00e1n Sanjinez Salazar y Jorge Rodr\u00edguez V\u00e9lez.<\/span><\/p>\n<p>&nbsp;<\/p>\n<p><a href=\"https:\/\/noti-america.com\/site\/peru\/wp-content\/uploads\/sites\/8\/2020\/05\/Fernando-Fernandez.png\"><img loading=\"lazy\" decoding=\"async\" class=\"alignleft wp-image-3002 size-medium\" src=\"https:\/\/noti-america.com\/site\/peru\/wp-content\/uploads\/sites\/8\/2020\/05\/Fernando-Fernandez-300x201.png\" alt=\"\" width=\"300\" height=\"201\" srcset=\"https:\/\/noti-america.com\/site\/peru\/wp-content\/uploads\/sites\/8\/2020\/05\/Fernando-Fernandez-300x201.png 300w, https:\/\/noti-america.com\/site\/peru\/wp-content\/uploads\/sites\/8\/2020\/05\/Fernando-Fernandez-272x182.png 272w, https:\/\/noti-america.com\/site\/peru\/wp-content\/uploads\/sites\/8\/2020\/05\/Fernando-Fernandez.png 626w\" sizes=\"auto, (max-width: 300px) 100vw, 300px\" \/><\/a><\/p>\n","protected":false},"excerpt":{"rendered":"<p>NOTI-AM\u00c9RICA PER\u00da Fernando Fern\u00e1ndez &nbsp; Mediante un decreto de urgencia se autorizar\u00eda el otorgamiento extraordinario de 120 soles a quienes ejerzan dicho cargo\u00a0 El Pleno del Jurado Nacional de Elecciones (JNE) propuso al Gobierno&#46;&#46;&#46;<\/p>\n","protected":false},"author":70,"featured_media":3454,"comment_status":"open","ping_status":"open","sticky":false,"template":"","format":"standard","meta":{"_acf_changed":false,"rop_custom_images_group":[],"rop_custom_messages_group":[],"rop_publish_now":"initial","rop_publish_now_accounts":{"twitter_242054905_242054905":""},"rop_publish_now_history":[],"rop_publish_now_status":"pending","footnotes":""},"categories":[10,3],"tags":[],"class_list":["post-3453","post","type-post","status-publish","format-standard","has-post-thumbnail","hentry","category-actualidad","category-politica"],"acf":[],"yoast_head":"<!-- This site is optimized with the Yoast SEO Premium plugin v24.9 (Yoast SEO v27.2) - https:\/\/yoast.com\/product\/yoast-seo-premium-wordpress\/ -->\n<title>Per\u00fa: JNE pide al Ejecutivo aprobar compensaci\u00f3n para miembros de mesa - Per\u00fa | Noti-America.com<\/title>\n<meta name=\"robots\" content=\"index, follow, max-snippet:-1, max-image-preview:large, max-video-preview:-1\" \/>\n<link rel=\"canonical\" href=\"https:\/\/noti-america.com\/site\/peru\/2020\/10\/24\/peru-jne-pide-al-ejecutivo-aprobar-compensacion-para-miembros-de-mesa\/\" \/>\n<meta property=\"og:locale\" content=\"es_ES\" \/>\n<meta property=\"og:type\" content=\"article\" \/>\n<meta property=\"og:title\" content=\"Per\u00fa: JNE pide al Ejecutivo aprobar compensaci\u00f3n para miembros de mesa\" \/>\n<meta property=\"og:description\" content=\"NOTI-AM\u00c9RICA PER\u00da Fernando Fern\u00e1ndez &nbsp; Mediante un decreto de urgencia se autorizar\u00eda el otorgamiento extraordinario de 120 soles a quienes ejerzan dicho cargo\u00a0 El Pleno del Jurado Nacional de Elecciones (JNE) propuso al Gobierno&#046;&#046;&#046;\" \/>\n<meta property=\"og:url\" content=\"https:\/\/noti-america.com\/site\/peru\/2020\/10\/24\/peru-jne-pide-al-ejecutivo-aprobar-compensacion-para-miembros-de-mesa\/\" \/>\n<meta property=\"og:site_name\" content=\"Per\u00fa | Noti-America.com\" \/>\n<meta property=\"article:published_time\" content=\"2020-10-24T05:47:46+00:00\" \/>\n<meta property=\"og:image\" content=\"https:\/\/noti-america.com\/site\/peru\/wp-content\/uploads\/sites\/8\/2020\/10\/Mesas-de-votacion_3.jpg\" \/>\n\t<meta property=\"og:image:width\" content=\"1772\" \/>\n\t<meta property=\"og:image:height\" content=\"1181\" \/>\n\t<meta property=\"og:image:type\" content=\"image\/jpeg\" \/>\n<meta name=\"author\" content=\"Geomar Pacheco R.\" \/>\n<meta name=\"twitter:card\" content=\"summary_large_image\" \/>\n<meta name=\"twitter:creator\" content=\"@GeomarPacheco1\" \/>\n<meta name=\"twitter:label1\" content=\"Escrito por\" \/>\n\t<meta name=\"twitter:data1\" content=\"Geomar Pacheco R.\" \/>\n\t<meta name=\"twitter:label2\" content=\"Tiempo estimado de lectura\" \/>\n\t<meta name=\"twitter:data2\" content=\"2 minutos\" \/>\n<script type=\"application\/ld+json\" class=\"yoast-schema-graph\">{\"@context\":\"https:\/\/schema.org\",\"@graph\":[{\"@type\":\"Article\",\"@id\":\"https:\/\/noti-america.com\/site\/peru\/2020\/10\/24\/peru-jne-pide-al-ejecutivo-aprobar-compensacion-para-miembros-de-mesa\/#article\",\"isPartOf\":{\"@id\":\"https:\/\/noti-america.com\/site\/peru\/2020\/10\/24\/peru-jne-pide-al-ejecutivo-aprobar-compensacion-para-miembros-de-mesa\/\"},\"author\":{\"name\":\"Geomar Pacheco R.\",\"@id\":\"https:\/\/noti-america.com\/site\/peru\/#\/schema\/person\/28a35f20383bf2485bc838bfe76aebdc\"},\"headline\":\"Per\u00fa: JNE pide al Ejecutivo aprobar compensaci\u00f3n para miembros de mesa\",\"datePublished\":\"2020-10-24T05:47:46+00:00\",\"mainEntityOfPage\":{\"@id\":\"https:\/\/noti-america.com\/site\/peru\/2020\/10\/24\/peru-jne-pide-al-ejecutivo-aprobar-compensacion-para-miembros-de-mesa\/\"},\"wordCount\":428,\"commentCount\":0,\"publisher\":{\"@id\":\"https:\/\/noti-america.com\/site\/peru\/#organization\"},\"image\":{\"@id\":\"https:\/\/noti-america.com\/site\/peru\/2020\/10\/24\/peru-jne-pide-al-ejecutivo-aprobar-compensacion-para-miembros-de-mesa\/#primaryimage\"},\"thumbnailUrl\":\"https:\/\/noti-america.com\/site\/peru\/wp-content\/uploads\/sites\/8\/2020\/10\/Mesas-de-votacion_3.jpg\",\"articleSection\":[\"Actualidad\",\"Pol\u00edtica\"],\"inLanguage\":\"es\",\"potentialAction\":[{\"@type\":\"CommentAction\",\"name\":\"Comment\",\"target\":[\"https:\/\/noti-america.com\/site\/peru\/2020\/10\/24\/peru-jne-pide-al-ejecutivo-aprobar-compensacion-para-miembros-de-mesa\/#respond\"]}]},{\"@type\":\"WebPage\",\"@id\":\"https:\/\/noti-america.com\/site\/peru\/2020\/10\/24\/peru-jne-pide-al-ejecutivo-aprobar-compensacion-para-miembros-de-mesa\/\",\"url\":\"https:\/\/noti-america.com\/site\/peru\/2020\/10\/24\/peru-jne-pide-al-ejecutivo-aprobar-compensacion-para-miembros-de-mesa\/\",\"name\":\"Per\u00fa: JNE pide al Ejecutivo aprobar compensaci\u00f3n para miembros de mesa - Per\u00fa | Noti-America.com\",\"isPartOf\":{\"@id\":\"https:\/\/noti-america.com\/site\/peru\/#website\"},\"primaryImageOfPage\":{\"@id\":\"https:\/\/noti-america.com\/site\/peru\/2020\/10\/24\/peru-jne-pide-al-ejecutivo-aprobar-compensacion-para-miembros-de-mesa\/#primaryimage\"},\"image\":{\"@id\":\"https:\/\/noti-america.com\/site\/peru\/2020\/10\/24\/peru-jne-pide-al-ejecutivo-aprobar-compensacion-para-miembros-de-mesa\/#primaryimage\"},\"thumbnailUrl\":\"https:\/\/noti-america.com\/site\/peru\/wp-content\/uploads\/sites\/8\/2020\/10\/Mesas-de-votacion_3.jpg\",\"datePublished\":\"2020-10-24T05:47:46+00:00\",\"breadcrumb\":{\"@id\":\"https:\/\/noti-america.com\/site\/peru\/2020\/10\/24\/peru-jne-pide-al-ejecutivo-aprobar-compensacion-para-miembros-de-mesa\/#breadcrumb\"},\"inLanguage\":\"es\",\"potentialAction\":[{\"@type\":\"ReadAction\",\"target\":[\"https:\/\/noti-america.com\/site\/peru\/2020\/10\/24\/peru-jne-pide-al-ejecutivo-aprobar-compensacion-para-miembros-de-mesa\/\"]}]},{\"@type\":\"ImageObject\",\"inLanguage\":\"es\",\"@id\":\"https:\/\/noti-america.com\/site\/peru\/2020\/10\/24\/peru-jne-pide-al-ejecutivo-aprobar-compensacion-para-miembros-de-mesa\/#primaryimage\",\"url\":\"https:\/\/noti-america.com\/site\/peru\/wp-content\/uploads\/sites\/8\/2020\/10\/Mesas-de-votacion_3.jpg\",\"contentUrl\":\"https:\/\/noti-america.com\/site\/peru\/wp-content\/uploads\/sites\/8\/2020\/10\/Mesas-de-votacion_3.jpg\",\"width\":1772,\"height\":1181},{\"@type\":\"BreadcrumbList\",\"@id\":\"https:\/\/noti-america.com\/site\/peru\/2020\/10\/24\/peru-jne-pide-al-ejecutivo-aprobar-compensacion-para-miembros-de-mesa\/#breadcrumb\",\"itemListElement\":[{\"@type\":\"ListItem\",\"position\":1,\"name\":\"Portada\",\"item\":\"https:\/\/noti-america.com\/site\/peru\/\"},{\"@type\":\"ListItem\",\"position\":2,\"name\":\"Per\u00fa: JNE pide al Ejecutivo aprobar compensaci\u00f3n para miembros de mesa\"}]},{\"@type\":\"WebSite\",\"@id\":\"https:\/\/noti-america.com\/site\/peru\/#website\",\"url\":\"https:\/\/noti-america.com\/site\/peru\/\",\"name\":\"Per\u00fa | Noti-America.com\",\"description\":\"\",\"publisher\":{\"@id\":\"https:\/\/noti-america.com\/site\/peru\/#organization\"},\"potentialAction\":[{\"@type\":\"SearchAction\",\"target\":{\"@type\":\"EntryPoint\",\"urlTemplate\":\"https:\/\/noti-america.com\/site\/peru\/?s={search_term_string}\"},\"query-input\":{\"@type\":\"PropertyValueSpecification\",\"valueRequired\":true,\"valueName\":\"search_term_string\"}}],\"inLanguage\":\"es\"},{\"@type\":\"Organization\",\"@id\":\"https:\/\/noti-america.com\/site\/peru\/#organization\",\"name\":\"Noti-America LLC | Per\u00fa\",\"url\":\"https:\/\/noti-america.com\/site\/peru\/\",\"logo\":{\"@type\":\"ImageObject\",\"inLanguage\":\"es\",\"@id\":\"https:\/\/noti-america.com\/site\/peru\/#\/schema\/logo\/image\/\",\"url\":\"https:\/\/noti-america.com\/site\/peru\/wp-content\/uploads\/sites\/8\/2020\/07\/LogoNA-4x3-1.jpg\",\"contentUrl\":\"https:\/\/noti-america.com\/site\/peru\/wp-content\/uploads\/sites\/8\/2020\/07\/LogoNA-4x3-1.jpg\",\"width\":1236,\"height\":1080,\"caption\":\"Noti-America LLC | Per\u00fa\"},\"image\":{\"@id\":\"https:\/\/noti-america.com\/site\/peru\/#\/schema\/logo\/image\/\"}},{\"@type\":\"Person\",\"@id\":\"https:\/\/noti-america.com\/site\/peru\/#\/schema\/person\/28a35f20383bf2485bc838bfe76aebdc\",\"name\":\"Geomar Pacheco R.\",\"image\":{\"@type\":\"ImageObject\",\"inLanguage\":\"es\",\"@id\":\"https:\/\/secure.gravatar.com\/avatar\/5f09cb527f9632e92234c6fc6e2cbcefebeed6bdeb0f9129ea4cbc7aa71587c6?s=96&d=mm&r=g\",\"url\":\"https:\/\/secure.gravatar.com\/avatar\/5f09cb527f9632e92234c6fc6e2cbcefebeed6bdeb0f9129ea4cbc7aa71587c6?s=96&d=mm&r=g\",\"contentUrl\":\"https:\/\/secure.gravatar.com\/avatar\/5f09cb527f9632e92234c6fc6e2cbcefebeed6bdeb0f9129ea4cbc7aa71587c6?s=96&d=mm&r=g\",\"caption\":\"Geomar Pacheco R.\"},\"sameAs\":[\"https:\/\/x.com\/GeomarPacheco1\"],\"url\":\"https:\/\/noti-america.com\/site\/peru\/author\/gpacheco\/\"}]}<\/script>\n<!-- \/ Yoast SEO Premium plugin. -->","yoast_head_json":{"title":"Per\u00fa: JNE pide al Ejecutivo aprobar compensaci\u00f3n para miembros de mesa - Per\u00fa | Noti-America.com","robots":{"index":"index","follow":"follow","max-snippet":"max-snippet:-1","max-image-preview":"max-image-preview:large","max-video-preview":"max-video-preview:-1"},"canonical":"https:\/\/noti-america.com\/site\/peru\/2020\/10\/24\/peru-jne-pide-al-ejecutivo-aprobar-compensacion-para-miembros-de-mesa\/","og_locale":"es_ES","og_type":"article","og_title":"Per\u00fa: JNE pide al Ejecutivo aprobar compensaci\u00f3n para miembros de mesa","og_description":"NOTI-AM\u00c9RICA PER\u00da Fernando Fern\u00e1ndez &nbsp; Mediante un decreto de urgencia se autorizar\u00eda el otorgamiento extraordinario de 120 soles a quienes ejerzan dicho cargo\u00a0 El Pleno del Jurado Nacional de Elecciones (JNE) propuso al Gobierno&#46;&#46;&#46;","og_url":"https:\/\/noti-america.com\/site\/peru\/2020\/10\/24\/peru-jne-pide-al-ejecutivo-aprobar-compensacion-para-miembros-de-mesa\/","og_site_name":"Per\u00fa | Noti-America.com","article_published_time":"2020-10-24T05:47:46+00:00","og_image":[{"width":1772,"height":1181,"url":"https:\/\/noti-america.com\/site\/peru\/wp-content\/uploads\/sites\/8\/2020\/10\/Mesas-de-votacion_3.jpg","type":"image\/jpeg"}],"author":"Geomar Pacheco R.","twitter_card":"summary_large_image","twitter_creator":"@GeomarPacheco1","twitter_misc":{"Escrito por":"Geomar Pacheco R.","Tiempo estimado de lectura":"2 minutos"},"schema":{"@context":"https:\/\/schema.org","@graph":[{"@type":"Article","@id":"https:\/\/noti-america.com\/site\/peru\/2020\/10\/24\/peru-jne-pide-al-ejecutivo-aprobar-compensacion-para-miembros-de-mesa\/#article","isPartOf":{"@id":"https:\/\/noti-america.com\/site\/peru\/2020\/10\/24\/peru-jne-pide-al-ejecutivo-aprobar-compensacion-para-miembros-de-mesa\/"},"author":{"name":"Geomar Pacheco R.","@id":"https:\/\/noti-america.com\/site\/peru\/#\/schema\/person\/28a35f20383bf2485bc838bfe76aebdc"},"headline":"Per\u00fa: JNE pide al Ejecutivo aprobar compensaci\u00f3n para miembros de mesa","datePublished":"2020-10-24T05:47:46+00:00","mainEntityOfPage":{"@id":"https:\/\/noti-america.com\/site\/peru\/2020\/10\/24\/peru-jne-pide-al-ejecutivo-aprobar-compensacion-para-miembros-de-mesa\/"},"wordCount":428,"commentCount":0,"publisher":{"@id":"https:\/\/noti-america.com\/site\/peru\/#organization"},"image":{"@id":"https:\/\/noti-america.com\/site\/peru\/2020\/10\/24\/peru-jne-pide-al-ejecutivo-aprobar-compensacion-para-miembros-de-mesa\/#primaryimage"},"thumbnailUrl":"https:\/\/noti-america.com\/site\/peru\/wp-content\/uploads\/sites\/8\/2020\/10\/Mesas-de-votacion_3.jpg","articleSection":["Actualidad","Pol\u00edtica"],"inLanguage":"es","potentialAction":[{"@type":"CommentAction","name":"Comment","target":["https:\/\/noti-america.com\/site\/peru\/2020\/10\/24\/peru-jne-pide-al-ejecutivo-aprobar-compensacion-para-miembros-de-mesa\/#respond"]}]},{"@type":"WebPage","@id":"https:\/\/noti-america.com\/site\/peru\/2020\/10\/24\/peru-jne-pide-al-ejecutivo-aprobar-compensacion-para-miembros-de-mesa\/","url":"https:\/\/noti-america.com\/site\/peru\/2020\/10\/24\/peru-jne-pide-al-ejecutivo-aprobar-compensacion-para-miembros-de-mesa\/","name":"Per\u00fa: JNE pide al Ejecutivo aprobar compensaci\u00f3n para miembros de mesa - Per\u00fa | Noti-America.com","isPartOf":{"@id":"https:\/\/noti-america.com\/site\/peru\/#website"},"primaryImageOfPage":{"@id":"https:\/\/noti-america.com\/site\/peru\/2020\/10\/24\/peru-jne-pide-al-ejecutivo-aprobar-compensacion-para-miembros-de-mesa\/#primaryimage"},"image":{"@id":"https:\/\/noti-america.com\/site\/peru\/2020\/10\/24\/peru-jne-pide-al-ejecutivo-aprobar-compensacion-para-miembros-de-mesa\/#primaryimage"},"thumbnailUrl":"https:\/\/noti-america.com\/site\/peru\/wp-content\/uploads\/sites\/8\/2020\/10\/Mesas-de-votacion_3.jpg","datePublished":"2020-10-24T05:47:46+00:00","breadcrumb":{"@id":"https:\/\/noti-america.com\/site\/peru\/2020\/10\/24\/peru-jne-pide-al-ejecutivo-aprobar-compensacion-para-miembros-de-mesa\/#breadcrumb"},"inLanguage":"es","potentialAction":[{"@type":"ReadAction","target":["https:\/\/noti-america.com\/site\/peru\/2020\/10\/24\/peru-jne-pide-al-ejecutivo-aprobar-compensacion-para-miembros-de-mesa\/"]}]},{"@type":"ImageObject","inLanguage":"es","@id":"https:\/\/noti-america.com\/site\/peru\/2020\/10\/24\/peru-jne-pide-al-ejecutivo-aprobar-compensacion-para-miembros-de-mesa\/#primaryimage","url":"https:\/\/noti-america.com\/site\/peru\/wp-content\/uploads\/sites\/8\/2020\/10\/Mesas-de-votacion_3.jpg","contentUrl":"https:\/\/noti-america.com\/site\/peru\/wp-content\/uploads\/sites\/8\/2020\/10\/Mesas-de-votacion_3.jpg","width":1772,"height":1181},{"@type":"BreadcrumbList","@id":"https:\/\/noti-america.com\/site\/peru\/2020\/10\/24\/peru-jne-pide-al-ejecutivo-aprobar-compensacion-para-miembros-de-mesa\/#breadcrumb","itemListElement":[{"@type":"ListItem","position":1,"name":"Portada","item":"https:\/\/noti-america.com\/site\/peru\/"},{"@type":"ListItem","position":2,"name":"Per\u00fa: JNE pide al Ejecutivo aprobar compensaci\u00f3n para miembros de mesa"}]},{"@type":"WebSite","@id":"https:\/\/noti-america.com\/site\/peru\/#website","url":"https:\/\/noti-america.com\/site\/peru\/","name":"Per\u00fa | Noti-America.com","description":"","publisher":{"@id":"https:\/\/noti-america.com\/site\/peru\/#organization"},"potentialAction":[{"@type":"SearchAction","target":{"@type":"EntryPoint","urlTemplate":"https:\/\/noti-america.com\/site\/peru\/?s={search_term_string}"},"query-input":{"@type":"PropertyValueSpecification","valueRequired":true,"valueName":"search_term_string"}}],"inLanguage":"es"},{"@type":"Organization","@id":"https:\/\/noti-america.com\/site\/peru\/#organization","name":"Noti-America LLC | Per\u00fa","url":"https:\/\/noti-america.com\/site\/peru\/","logo":{"@type":"ImageObject","inLanguage":"es","@id":"https:\/\/noti-america.com\/site\/peru\/#\/schema\/logo\/image\/","url":"https:\/\/noti-america.com\/site\/peru\/wp-content\/uploads\/sites\/8\/2020\/07\/LogoNA-4x3-1.jpg","contentUrl":"https:\/\/noti-america.com\/site\/peru\/wp-content\/uploads\/sites\/8\/2020\/07\/LogoNA-4x3-1.jpg","width":1236,"height":1080,"caption":"Noti-America LLC | Per\u00fa"},"image":{"@id":"https:\/\/noti-america.com\/site\/peru\/#\/schema\/logo\/image\/"}},{"@type":"Person","@id":"https:\/\/noti-america.com\/site\/peru\/#\/schema\/person\/28a35f20383bf2485bc838bfe76aebdc","name":"Geomar Pacheco R.","image":{"@type":"ImageObject","inLanguage":"es","@id":"https:\/\/secure.gravatar.com\/avatar\/5f09cb527f9632e92234c6fc6e2cbcefebeed6bdeb0f9129ea4cbc7aa71587c6?s=96&d=mm&r=g","url":"https:\/\/secure.gravatar.com\/avatar\/5f09cb527f9632e92234c6fc6e2cbcefebeed6bdeb0f9129ea4cbc7aa71587c6?s=96&d=mm&r=g","contentUrl":"https:\/\/secure.gravatar.com\/avatar\/5f09cb527f9632e92234c6fc6e2cbcefebeed6bdeb0f9129ea4cbc7aa71587c6?s=96&d=mm&r=g","caption":"Geomar Pacheco R."},"sameAs":["https:\/\/x.com\/GeomarPacheco1"],"url":"https:\/\/noti-america.com\/site\/peru\/author\/gpacheco\/"}]}},"_links":{"self":[{"href":"https:\/\/noti-america.com\/site\/peru\/wp-json\/wp\/v2\/posts\/3453","targetHints":{"allow":["GET"]}}],"collection":[{"href":"https:\/\/noti-america.com\/site\/peru\/wp-json\/wp\/v2\/posts"}],"about":[{"href":"https:\/\/noti-america.com\/site\/peru\/wp-json\/wp\/v2\/types\/post"}],"author":[{"embeddable":true,"href":"https:\/\/noti-america.com\/site\/peru\/wp-json\/wp\/v2\/users\/70"}],"replies":[{"embeddable":true,"href":"https:\/\/noti-america.com\/site\/peru\/wp-json\/wp\/v2\/comments?post=3453"}],"version-history":[{"count":1,"href":"https:\/\/noti-america.com\/site\/peru\/wp-json\/wp\/v2\/posts\/3453\/revisions"}],"predecessor-version":[{"id":3455,"href":"https:\/\/noti-america.com\/site\/peru\/wp-json\/wp\/v2\/posts\/3453\/revisions\/3455"}],"wp:featuredmedia":[{"embeddable":true,"href":"https:\/\/noti-america.com\/site\/peru\/wp-json\/wp\/v2\/media\/3454"}],"wp:attachment":[{"href":"https:\/\/noti-america.com\/site\/peru\/wp-json\/wp\/v2\/media?parent=3453"}],"wp:term":[{"taxonomy":"category","embeddable":true,"href":"https:\/\/noti-america.com\/site\/peru\/wp-json\/wp\/v2\/categories?post=3453"},{"taxonomy":"post_tag","embeddable":true,"href":"https:\/\/noti-america.com\/site\/peru\/wp-json\/wp\/v2\/tags?post=3453"}],"curies":[{"name":"wp","href":"https:\/\/api.w.org\/{rel}","templated":true}]}}