{"id":3405,"date":"2020-10-11T07:19:23","date_gmt":"2020-10-11T07:19:23","guid":{"rendered":"https:\/\/noti-america.com\/site\/peru\/?p=3405"},"modified":"2020-10-11T07:19:23","modified_gmt":"2020-10-11T07:19:23","slug":"sullana-registra-dos-dias-consecutivos-sin-fallecidos-por-covid","status":"publish","type":"post","link":"https:\/\/noti-america.com\/site\/peru\/2020\/10\/11\/sullana-registra-dos-dias-consecutivos-sin-fallecidos-por-covid\/","title":{"rendered":"Sullana registra dos d\u00edas consecutivos sin fallecidos por c\u00f3vid"},"content":{"rendered":"<p style=\"text-align: justify\"><strong><span style=\"font-family: Tahoma, Arial, Helvetica, sans-serif;font-size: 14pt\">NOTI-AM\u00c9RICA PER\u00da<\/span><\/strong><\/p>\n<p style=\"text-align: justify\"><strong><span style=\"font-family: Tahoma, Arial, Helvetica, sans-serif;font-size: 14pt\">Regi\u00f3n Piura<\/span><\/strong><\/p>\n<p>&nbsp;<\/p>\n<p style=\"text-align: right\"><strong><span style=\"font-family: Tahoma, Arial, Helvetica, sans-serif;font-size: 14pt\">\u00c1ngela \u00c1lamo Franco<\/span><\/strong><\/p>\n<p>&nbsp;<\/p>\n<p style=\"text-align: justify\"><span style=\"font-weight: 400;font-family: Tahoma, Arial, Helvetica, sans-serif;font-size: 14pt\">El esfuerzo del personal de Salud del Hospital de Apoyo II-2 de Sullana sigue dando resultados positivos en la lucha contra la pandemia del c\u00f3vid. Es as\u00ed que, de acuerdo a la Sala Situacional de la Oficina de Vigilancia Epidemiol\u00f3gica, en esta provincia no se registraron muertes por c\u00f3vid durante los d\u00edas 05 y 06 de octubre del presente a\u00f1o.<\/span><\/p>\n<p style=\"text-align: justify\"><span style=\"font-weight: 400;font-family: Tahoma, Arial, Helvetica, sans-serif;font-size: 14pt\">\u201cEl d\u00eda 05 y 06 de octubre han sido d\u00edas muy importantes para la instituci\u00f3n chirense ya que seg\u00fan la Sala Situacional de la Oficina de Vigilancia Epidemiol\u00f3gica no hubo fallecidos por c\u00f3vid; esto, gracias al esfuerzo de cada uno de los integrantes de este hospital que hacen posible que los resultados mejoren y podamos decir que empezamos a ganar esta batalla\u201d, manifest\u00f3 el director del Hospital de Sullana, El\u00edas G\u00f3mez.<\/span><\/p>\n<p><a href=\"https:\/\/noti-america.com\/site\/peru\/wp-content\/uploads\/sites\/8\/2020\/10\/unnamed-1.jpg\"><img loading=\"lazy\" decoding=\"async\" class=\"aligncenter size-full wp-image-3407\" src=\"https:\/\/noti-america.com\/site\/peru\/wp-content\/uploads\/sites\/8\/2020\/10\/unnamed-1.jpg\" alt=\"\" width=\"512\" height=\"415\" srcset=\"https:\/\/noti-america.com\/site\/peru\/wp-content\/uploads\/sites\/8\/2020\/10\/unnamed-1.jpg 512w, https:\/\/noti-america.com\/site\/peru\/wp-content\/uploads\/sites\/8\/2020\/10\/unnamed-1-300x243.jpg 300w\" sizes=\"auto, (max-width: 512px) 100vw, 512px\" \/><\/a><\/p>\n<p style=\"text-align: justify\"><span style=\"font-weight: 400;font-family: Tahoma, Arial, Helvetica, sans-serif;font-size: 14pt\">Asimismo, las cifras actuales muestran que hasta la fecha, en Sullana hay 3 390 pacientes que superaron la c\u00f3vid, 22 en hospitalizaci\u00f3n y 8 en la Unidad de Cuidados Intensivos.<\/span><\/p>\n<p style=\"text-align: justify\"><span style=\"font-weight: 400;font-family: Tahoma, Arial, Helvetica, sans-serif;font-size: 14pt\">Dato:<\/span><\/p>\n<p style=\"text-align: justify\"><span style=\"font-weight: 400;font-family: Tahoma, Arial, Helvetica, sans-serif;font-size: 14pt\">Al inicio de la pandemia se implement\u00f3 un hospital de contingencia c\u00f3vid, ubicado en el Estadio Municipal Campeones del 36, donde\u00a0 tambi\u00e9n se implement\u00f3 la Unidad de Cuidados Intensivos para la atenci\u00f3n de pacientes c\u00f3vid.<\/span><\/p>\n<p style=\"text-align: justify\">\n<p style=\"text-align: justify\"><strong><span style=\"font-family: Tahoma, Arial, Helvetica, sans-serif;font-size: 14pt\">Ambulancia tipo III para el hospital de apoyo II-2 Sullana<\/span><\/strong><\/p>\n<p style=\"text-align: justify\"><span style=\"font-weight: 400;font-family: Tahoma, Arial, Helvetica, sans-serif;font-size: 14pt\">En una emotiva ceremonia se realiz\u00f3 la bendici\u00f3n y entrega de una ambulancia tipo III para el hospital de apoyo II-2 Sullana y ambulancias para 5 centros de salud de la Provincia de Sullana que fueron adquiridas con presupuesto del Gobierno Regional de Piura.<\/span><\/p>\n<p style=\"text-align: justify\"><span style=\"font-weight: 400;font-family: Tahoma, Arial, Helvetica, sans-serif;font-size: 14pt\">Dicha ambulancia ser\u00e1 una soluci\u00f3n para el problema de transporte a nivel nacional de pacientes en estado cr\u00edtico que necesitan ser referidos a centros de mayor capacidad resolutiva para su atenci\u00f3n.<\/span><\/p>\n<p><a href=\"https:\/\/noti-america.com\/site\/peru\/wp-content\/uploads\/sites\/8\/2020\/10\/unnamed.jpg\"><img loading=\"lazy\" decoding=\"async\" class=\"aligncenter size-full wp-image-3406\" src=\"https:\/\/noti-america.com\/site\/peru\/wp-content\/uploads\/sites\/8\/2020\/10\/unnamed.jpg\" alt=\"\" width=\"512\" height=\"452\" srcset=\"https:\/\/noti-america.com\/site\/peru\/wp-content\/uploads\/sites\/8\/2020\/10\/unnamed.jpg 512w, https:\/\/noti-america.com\/site\/peru\/wp-content\/uploads\/sites\/8\/2020\/10\/unnamed-300x265.jpg 300w\" sizes=\"auto, (max-width: 512px) 100vw, 512px\" \/><\/a><\/p>\n<p style=\"text-align: justify\"><span style=\"font-weight: 400;font-family: Tahoma, Arial, Helvetica, sans-serif;font-size: 14pt\">\u00abRecibimos con mucha alegr\u00eda esta ambulancia que ser\u00e1 de gran apoyo para la referencia de nuestros pacientes y as\u00ed poder darles una mejor calidad de atenci\u00f3n\u00bb Acot\u00f3 el director del hospital de Sullana Dr. El\u00edas G\u00f3mez.<\/span><\/p>\n<p>Autor:<\/p>\n<p><a href=\"https:\/\/noti-america.com\/site\/peru\/wp-content\/uploads\/sites\/8\/2020\/05\/\u00c4NGELA-\u00c1LAMO.jpeg\"><img loading=\"lazy\" decoding=\"async\" class=\"alignleft wp-image-3020 size-medium\" src=\"https:\/\/noti-america.com\/site\/peru\/wp-content\/uploads\/sites\/8\/2020\/05\/\u00c4NGELA-\u00c1LAMO-300x203.jpeg\" alt=\"\" width=\"300\" height=\"203\" srcset=\"https:\/\/noti-america.com\/site\/peru\/wp-content\/uploads\/sites\/8\/2020\/05\/\u00c4NGELA-\u00c1LAMO-300x203.jpeg 300w, https:\/\/noti-america.com\/site\/peru\/wp-content\/uploads\/sites\/8\/2020\/05\/\u00c4NGELA-\u00c1LAMO-1024x694.jpeg 1024w, https:\/\/noti-america.com\/site\/peru\/wp-content\/uploads\/sites\/8\/2020\/05\/\u00c4NGELA-\u00c1LAMO-768x521.jpeg 768w, https:\/\/noti-america.com\/site\/peru\/wp-content\/uploads\/sites\/8\/2020\/05\/\u00c4NGELA-\u00c1LAMO.jpeg 1280w\" sizes=\"auto, (max-width: 300px) 100vw, 300px\" \/><\/a><\/p>\n","protected":false},"excerpt":{"rendered":"<p>NOTI-AM\u00c9RICA PER\u00da Regi\u00f3n Piura &nbsp; \u00c1ngela \u00c1lamo Franco &nbsp; El esfuerzo del personal de Salud del Hospital de Apoyo II-2 de Sullana sigue dando resultados positivos en la lucha contra la pandemia del c\u00f3vid.&#46;&#46;&#46;<\/p>\n","protected":false},"author":70,"featured_media":3407,"comment_status":"open","ping_status":"open","sticky":false,"template":"","format":"standard","meta":{"_acf_changed":false,"rop_custom_images_group":[],"rop_custom_messages_group":[],"rop_publish_now":"initial","rop_publish_now_accounts":{"twitter_242054905_242054905":""},"rop_publish_now_history":[],"rop_publish_now_status":"pending","footnotes":""},"categories":[10,117],"tags":[],"class_list":["post-3405","post","type-post","status-publish","format-standard","has-post-thumbnail","hentry","category-actualidad","category-es-noticia-en"],"acf":[],"yoast_head":"<!-- This site is optimized with the Yoast SEO Premium plugin v24.9 (Yoast SEO v27.2) - https:\/\/yoast.com\/product\/yoast-seo-premium-wordpress\/ -->\n<title>Sullana registra dos d\u00edas consecutivos sin fallecidos por c\u00f3vid - Per\u00fa | Noti-America.com<\/title>\n<meta name=\"robots\" content=\"index, follow, max-snippet:-1, max-image-preview:large, max-video-preview:-1\" \/>\n<link rel=\"canonical\" href=\"https:\/\/noti-america.com\/site\/peru\/2020\/10\/11\/sullana-registra-dos-dias-consecutivos-sin-fallecidos-por-covid\/\" \/>\n<meta property=\"og:locale\" content=\"es_ES\" \/>\n<meta property=\"og:type\" content=\"article\" \/>\n<meta property=\"og:title\" content=\"Sullana registra dos d\u00edas consecutivos sin fallecidos por c\u00f3vid\" \/>\n<meta property=\"og:description\" content=\"NOTI-AM\u00c9RICA PER\u00da Regi\u00f3n Piura &nbsp; \u00c1ngela \u00c1lamo Franco &nbsp; El esfuerzo del personal de Salud del Hospital de Apoyo II-2 de Sullana sigue dando resultados positivos en la lucha contra la pandemia del c\u00f3vid.&#046;&#046;&#046;\" \/>\n<meta property=\"og:url\" content=\"https:\/\/noti-america.com\/site\/peru\/2020\/10\/11\/sullana-registra-dos-dias-consecutivos-sin-fallecidos-por-covid\/\" \/>\n<meta property=\"og:site_name\" content=\"Per\u00fa | Noti-America.com\" \/>\n<meta property=\"article:published_time\" content=\"2020-10-11T07:19:23+00:00\" \/>\n<meta property=\"og:image\" content=\"https:\/\/noti-america.com\/site\/peru\/wp-content\/uploads\/sites\/8\/2020\/10\/unnamed-1.jpg\" \/>\n\t<meta property=\"og:image:width\" content=\"512\" \/>\n\t<meta property=\"og:image:height\" content=\"415\" \/>\n\t<meta property=\"og:image:type\" content=\"image\/jpeg\" \/>\n<meta name=\"author\" content=\"Geomar Pacheco R.\" \/>\n<meta name=\"twitter:card\" content=\"summary_large_image\" \/>\n<meta name=\"twitter:creator\" content=\"@GeomarPacheco1\" \/>\n<meta name=\"twitter:label1\" content=\"Escrito por\" \/>\n\t<meta name=\"twitter:data1\" content=\"Geomar Pacheco R.\" \/>\n\t<meta name=\"twitter:label2\" content=\"Tiempo estimado de lectura\" \/>\n\t<meta name=\"twitter:data2\" content=\"2 minutos\" \/>\n<script type=\"application\/ld+json\" class=\"yoast-schema-graph\">{\"@context\":\"https:\/\/schema.org\",\"@graph\":[{\"@type\":\"Article\",\"@id\":\"https:\/\/noti-america.com\/site\/peru\/2020\/10\/11\/sullana-registra-dos-dias-consecutivos-sin-fallecidos-por-covid\/#article\",\"isPartOf\":{\"@id\":\"https:\/\/noti-america.com\/site\/peru\/2020\/10\/11\/sullana-registra-dos-dias-consecutivos-sin-fallecidos-por-covid\/\"},\"author\":{\"name\":\"Geomar Pacheco R.\",\"@id\":\"https:\/\/noti-america.com\/site\/peru\/#\/schema\/person\/28a35f20383bf2485bc838bfe76aebdc\"},\"headline\":\"Sullana registra dos d\u00edas consecutivos sin fallecidos por c\u00f3vid\",\"datePublished\":\"2020-10-11T07:19:23+00:00\",\"mainEntityOfPage\":{\"@id\":\"https:\/\/noti-america.com\/site\/peru\/2020\/10\/11\/sullana-registra-dos-dias-consecutivos-sin-fallecidos-por-covid\/\"},\"wordCount\":358,\"commentCount\":0,\"publisher\":{\"@id\":\"https:\/\/noti-america.com\/site\/peru\/#organization\"},\"image\":{\"@id\":\"https:\/\/noti-america.com\/site\/peru\/2020\/10\/11\/sullana-registra-dos-dias-consecutivos-sin-fallecidos-por-covid\/#primaryimage\"},\"thumbnailUrl\":\"https:\/\/noti-america.com\/site\/peru\/wp-content\/uploads\/sites\/8\/2020\/10\/unnamed-1.jpg\",\"articleSection\":[\"Actualidad\",\"Es Noticia en\"],\"inLanguage\":\"es\",\"potentialAction\":[{\"@type\":\"CommentAction\",\"name\":\"Comment\",\"target\":[\"https:\/\/noti-america.com\/site\/peru\/2020\/10\/11\/sullana-registra-dos-dias-consecutivos-sin-fallecidos-por-covid\/#respond\"]}]},{\"@type\":\"WebPage\",\"@id\":\"https:\/\/noti-america.com\/site\/peru\/2020\/10\/11\/sullana-registra-dos-dias-consecutivos-sin-fallecidos-por-covid\/\",\"url\":\"https:\/\/noti-america.com\/site\/peru\/2020\/10\/11\/sullana-registra-dos-dias-consecutivos-sin-fallecidos-por-covid\/\",\"name\":\"Sullana registra dos d\u00edas consecutivos sin fallecidos por c\u00f3vid - Per\u00fa | Noti-America.com\",\"isPartOf\":{\"@id\":\"https:\/\/noti-america.com\/site\/peru\/#website\"},\"primaryImageOfPage\":{\"@id\":\"https:\/\/noti-america.com\/site\/peru\/2020\/10\/11\/sullana-registra-dos-dias-consecutivos-sin-fallecidos-por-covid\/#primaryimage\"},\"image\":{\"@id\":\"https:\/\/noti-america.com\/site\/peru\/2020\/10\/11\/sullana-registra-dos-dias-consecutivos-sin-fallecidos-por-covid\/#primaryimage\"},\"thumbnailUrl\":\"https:\/\/noti-america.com\/site\/peru\/wp-content\/uploads\/sites\/8\/2020\/10\/unnamed-1.jpg\",\"datePublished\":\"2020-10-11T07:19:23+00:00\",\"breadcrumb\":{\"@id\":\"https:\/\/noti-america.com\/site\/peru\/2020\/10\/11\/sullana-registra-dos-dias-consecutivos-sin-fallecidos-por-covid\/#breadcrumb\"},\"inLanguage\":\"es\",\"potentialAction\":[{\"@type\":\"ReadAction\",\"target\":[\"https:\/\/noti-america.com\/site\/peru\/2020\/10\/11\/sullana-registra-dos-dias-consecutivos-sin-fallecidos-por-covid\/\"]}]},{\"@type\":\"ImageObject\",\"inLanguage\":\"es\",\"@id\":\"https:\/\/noti-america.com\/site\/peru\/2020\/10\/11\/sullana-registra-dos-dias-consecutivos-sin-fallecidos-por-covid\/#primaryimage\",\"url\":\"https:\/\/noti-america.com\/site\/peru\/wp-content\/uploads\/sites\/8\/2020\/10\/unnamed-1.jpg\",\"contentUrl\":\"https:\/\/noti-america.com\/site\/peru\/wp-content\/uploads\/sites\/8\/2020\/10\/unnamed-1.jpg\",\"width\":512,\"height\":415},{\"@type\":\"BreadcrumbList\",\"@id\":\"https:\/\/noti-america.com\/site\/peru\/2020\/10\/11\/sullana-registra-dos-dias-consecutivos-sin-fallecidos-por-covid\/#breadcrumb\",\"itemListElement\":[{\"@type\":\"ListItem\",\"position\":1,\"name\":\"Portada\",\"item\":\"https:\/\/noti-america.com\/site\/peru\/\"},{\"@type\":\"ListItem\",\"position\":2,\"name\":\"Sullana registra dos d\u00edas consecutivos sin fallecidos por c\u00f3vid\"}]},{\"@type\":\"WebSite\",\"@id\":\"https:\/\/noti-america.com\/site\/peru\/#website\",\"url\":\"https:\/\/noti-america.com\/site\/peru\/\",\"name\":\"Per\u00fa | Noti-America.com\",\"description\":\"\",\"publisher\":{\"@id\":\"https:\/\/noti-america.com\/site\/peru\/#organization\"},\"potentialAction\":[{\"@type\":\"SearchAction\",\"target\":{\"@type\":\"EntryPoint\",\"urlTemplate\":\"https:\/\/noti-america.com\/site\/peru\/?s={search_term_string}\"},\"query-input\":{\"@type\":\"PropertyValueSpecification\",\"valueRequired\":true,\"valueName\":\"search_term_string\"}}],\"inLanguage\":\"es\"},{\"@type\":\"Organization\",\"@id\":\"https:\/\/noti-america.com\/site\/peru\/#organization\",\"name\":\"Noti-America LLC | Per\u00fa\",\"url\":\"https:\/\/noti-america.com\/site\/peru\/\",\"logo\":{\"@type\":\"ImageObject\",\"inLanguage\":\"es\",\"@id\":\"https:\/\/noti-america.com\/site\/peru\/#\/schema\/logo\/image\/\",\"url\":\"https:\/\/noti-america.com\/site\/peru\/wp-content\/uploads\/sites\/8\/2020\/07\/LogoNA-4x3-1.jpg\",\"contentUrl\":\"https:\/\/noti-america.com\/site\/peru\/wp-content\/uploads\/sites\/8\/2020\/07\/LogoNA-4x3-1.jpg\",\"width\":1236,\"height\":1080,\"caption\":\"Noti-America LLC | Per\u00fa\"},\"image\":{\"@id\":\"https:\/\/noti-america.com\/site\/peru\/#\/schema\/logo\/image\/\"}},{\"@type\":\"Person\",\"@id\":\"https:\/\/noti-america.com\/site\/peru\/#\/schema\/person\/28a35f20383bf2485bc838bfe76aebdc\",\"name\":\"Geomar Pacheco R.\",\"image\":{\"@type\":\"ImageObject\",\"inLanguage\":\"es\",\"@id\":\"https:\/\/secure.gravatar.com\/avatar\/5f09cb527f9632e92234c6fc6e2cbcefebeed6bdeb0f9129ea4cbc7aa71587c6?s=96&d=mm&r=g\",\"url\":\"https:\/\/secure.gravatar.com\/avatar\/5f09cb527f9632e92234c6fc6e2cbcefebeed6bdeb0f9129ea4cbc7aa71587c6?s=96&d=mm&r=g\",\"contentUrl\":\"https:\/\/secure.gravatar.com\/avatar\/5f09cb527f9632e92234c6fc6e2cbcefebeed6bdeb0f9129ea4cbc7aa71587c6?s=96&d=mm&r=g\",\"caption\":\"Geomar Pacheco R.\"},\"sameAs\":[\"https:\/\/x.com\/GeomarPacheco1\"],\"url\":\"https:\/\/noti-america.com\/site\/peru\/author\/gpacheco\/\"}]}<\/script>\n<!-- \/ Yoast SEO Premium plugin. -->","yoast_head_json":{"title":"Sullana registra dos d\u00edas consecutivos sin fallecidos por c\u00f3vid - Per\u00fa | Noti-America.com","robots":{"index":"index","follow":"follow","max-snippet":"max-snippet:-1","max-image-preview":"max-image-preview:large","max-video-preview":"max-video-preview:-1"},"canonical":"https:\/\/noti-america.com\/site\/peru\/2020\/10\/11\/sullana-registra-dos-dias-consecutivos-sin-fallecidos-por-covid\/","og_locale":"es_ES","og_type":"article","og_title":"Sullana registra dos d\u00edas consecutivos sin fallecidos por c\u00f3vid","og_description":"NOTI-AM\u00c9RICA PER\u00da Regi\u00f3n Piura &nbsp; \u00c1ngela \u00c1lamo Franco &nbsp; El esfuerzo del personal de Salud del Hospital de Apoyo II-2 de Sullana sigue dando resultados positivos en la lucha contra la pandemia del c\u00f3vid.&#46;&#46;&#46;","og_url":"https:\/\/noti-america.com\/site\/peru\/2020\/10\/11\/sullana-registra-dos-dias-consecutivos-sin-fallecidos-por-covid\/","og_site_name":"Per\u00fa | Noti-America.com","article_published_time":"2020-10-11T07:19:23+00:00","og_image":[{"width":512,"height":415,"url":"https:\/\/noti-america.com\/site\/peru\/wp-content\/uploads\/sites\/8\/2020\/10\/unnamed-1.jpg","type":"image\/jpeg"}],"author":"Geomar Pacheco R.","twitter_card":"summary_large_image","twitter_creator":"@GeomarPacheco1","twitter_misc":{"Escrito por":"Geomar Pacheco R.","Tiempo estimado de lectura":"2 minutos"},"schema":{"@context":"https:\/\/schema.org","@graph":[{"@type":"Article","@id":"https:\/\/noti-america.com\/site\/peru\/2020\/10\/11\/sullana-registra-dos-dias-consecutivos-sin-fallecidos-por-covid\/#article","isPartOf":{"@id":"https:\/\/noti-america.com\/site\/peru\/2020\/10\/11\/sullana-registra-dos-dias-consecutivos-sin-fallecidos-por-covid\/"},"author":{"name":"Geomar Pacheco R.","@id":"https:\/\/noti-america.com\/site\/peru\/#\/schema\/person\/28a35f20383bf2485bc838bfe76aebdc"},"headline":"Sullana registra dos d\u00edas consecutivos sin fallecidos por c\u00f3vid","datePublished":"2020-10-11T07:19:23+00:00","mainEntityOfPage":{"@id":"https:\/\/noti-america.com\/site\/peru\/2020\/10\/11\/sullana-registra-dos-dias-consecutivos-sin-fallecidos-por-covid\/"},"wordCount":358,"commentCount":0,"publisher":{"@id":"https:\/\/noti-america.com\/site\/peru\/#organization"},"image":{"@id":"https:\/\/noti-america.com\/site\/peru\/2020\/10\/11\/sullana-registra-dos-dias-consecutivos-sin-fallecidos-por-covid\/#primaryimage"},"thumbnailUrl":"https:\/\/noti-america.com\/site\/peru\/wp-content\/uploads\/sites\/8\/2020\/10\/unnamed-1.jpg","articleSection":["Actualidad","Es Noticia en"],"inLanguage":"es","potentialAction":[{"@type":"CommentAction","name":"Comment","target":["https:\/\/noti-america.com\/site\/peru\/2020\/10\/11\/sullana-registra-dos-dias-consecutivos-sin-fallecidos-por-covid\/#respond"]}]},{"@type":"WebPage","@id":"https:\/\/noti-america.com\/site\/peru\/2020\/10\/11\/sullana-registra-dos-dias-consecutivos-sin-fallecidos-por-covid\/","url":"https:\/\/noti-america.com\/site\/peru\/2020\/10\/11\/sullana-registra-dos-dias-consecutivos-sin-fallecidos-por-covid\/","name":"Sullana registra dos d\u00edas consecutivos sin fallecidos por c\u00f3vid - Per\u00fa | Noti-America.com","isPartOf":{"@id":"https:\/\/noti-america.com\/site\/peru\/#website"},"primaryImageOfPage":{"@id":"https:\/\/noti-america.com\/site\/peru\/2020\/10\/11\/sullana-registra-dos-dias-consecutivos-sin-fallecidos-por-covid\/#primaryimage"},"image":{"@id":"https:\/\/noti-america.com\/site\/peru\/2020\/10\/11\/sullana-registra-dos-dias-consecutivos-sin-fallecidos-por-covid\/#primaryimage"},"thumbnailUrl":"https:\/\/noti-america.com\/site\/peru\/wp-content\/uploads\/sites\/8\/2020\/10\/unnamed-1.jpg","datePublished":"2020-10-11T07:19:23+00:00","breadcrumb":{"@id":"https:\/\/noti-america.com\/site\/peru\/2020\/10\/11\/sullana-registra-dos-dias-consecutivos-sin-fallecidos-por-covid\/#breadcrumb"},"inLanguage":"es","potentialAction":[{"@type":"ReadAction","target":["https:\/\/noti-america.com\/site\/peru\/2020\/10\/11\/sullana-registra-dos-dias-consecutivos-sin-fallecidos-por-covid\/"]}]},{"@type":"ImageObject","inLanguage":"es","@id":"https:\/\/noti-america.com\/site\/peru\/2020\/10\/11\/sullana-registra-dos-dias-consecutivos-sin-fallecidos-por-covid\/#primaryimage","url":"https:\/\/noti-america.com\/site\/peru\/wp-content\/uploads\/sites\/8\/2020\/10\/unnamed-1.jpg","contentUrl":"https:\/\/noti-america.com\/site\/peru\/wp-content\/uploads\/sites\/8\/2020\/10\/unnamed-1.jpg","width":512,"height":415},{"@type":"BreadcrumbList","@id":"https:\/\/noti-america.com\/site\/peru\/2020\/10\/11\/sullana-registra-dos-dias-consecutivos-sin-fallecidos-por-covid\/#breadcrumb","itemListElement":[{"@type":"ListItem","position":1,"name":"Portada","item":"https:\/\/noti-america.com\/site\/peru\/"},{"@type":"ListItem","position":2,"name":"Sullana registra dos d\u00edas consecutivos sin fallecidos por c\u00f3vid"}]},{"@type":"WebSite","@id":"https:\/\/noti-america.com\/site\/peru\/#website","url":"https:\/\/noti-america.com\/site\/peru\/","name":"Per\u00fa | Noti-America.com","description":"","publisher":{"@id":"https:\/\/noti-america.com\/site\/peru\/#organization"},"potentialAction":[{"@type":"SearchAction","target":{"@type":"EntryPoint","urlTemplate":"https:\/\/noti-america.com\/site\/peru\/?s={search_term_string}"},"query-input":{"@type":"PropertyValueSpecification","valueRequired":true,"valueName":"search_term_string"}}],"inLanguage":"es"},{"@type":"Organization","@id":"https:\/\/noti-america.com\/site\/peru\/#organization","name":"Noti-America LLC | Per\u00fa","url":"https:\/\/noti-america.com\/site\/peru\/","logo":{"@type":"ImageObject","inLanguage":"es","@id":"https:\/\/noti-america.com\/site\/peru\/#\/schema\/logo\/image\/","url":"https:\/\/noti-america.com\/site\/peru\/wp-content\/uploads\/sites\/8\/2020\/07\/LogoNA-4x3-1.jpg","contentUrl":"https:\/\/noti-america.com\/site\/peru\/wp-content\/uploads\/sites\/8\/2020\/07\/LogoNA-4x3-1.jpg","width":1236,"height":1080,"caption":"Noti-America LLC | Per\u00fa"},"image":{"@id":"https:\/\/noti-america.com\/site\/peru\/#\/schema\/logo\/image\/"}},{"@type":"Person","@id":"https:\/\/noti-america.com\/site\/peru\/#\/schema\/person\/28a35f20383bf2485bc838bfe76aebdc","name":"Geomar Pacheco R.","image":{"@type":"ImageObject","inLanguage":"es","@id":"https:\/\/secure.gravatar.com\/avatar\/5f09cb527f9632e92234c6fc6e2cbcefebeed6bdeb0f9129ea4cbc7aa71587c6?s=96&d=mm&r=g","url":"https:\/\/secure.gravatar.com\/avatar\/5f09cb527f9632e92234c6fc6e2cbcefebeed6bdeb0f9129ea4cbc7aa71587c6?s=96&d=mm&r=g","contentUrl":"https:\/\/secure.gravatar.com\/avatar\/5f09cb527f9632e92234c6fc6e2cbcefebeed6bdeb0f9129ea4cbc7aa71587c6?s=96&d=mm&r=g","caption":"Geomar Pacheco R."},"sameAs":["https:\/\/x.com\/GeomarPacheco1"],"url":"https:\/\/noti-america.com\/site\/peru\/author\/gpacheco\/"}]}},"_links":{"self":[{"href":"https:\/\/noti-america.com\/site\/peru\/wp-json\/wp\/v2\/posts\/3405","targetHints":{"allow":["GET"]}}],"collection":[{"href":"https:\/\/noti-america.com\/site\/peru\/wp-json\/wp\/v2\/posts"}],"about":[{"href":"https:\/\/noti-america.com\/site\/peru\/wp-json\/wp\/v2\/types\/post"}],"author":[{"embeddable":true,"href":"https:\/\/noti-america.com\/site\/peru\/wp-json\/wp\/v2\/users\/70"}],"replies":[{"embeddable":true,"href":"https:\/\/noti-america.com\/site\/peru\/wp-json\/wp\/v2\/comments?post=3405"}],"version-history":[{"count":1,"href":"https:\/\/noti-america.com\/site\/peru\/wp-json\/wp\/v2\/posts\/3405\/revisions"}],"predecessor-version":[{"id":3408,"href":"https:\/\/noti-america.com\/site\/peru\/wp-json\/wp\/v2\/posts\/3405\/revisions\/3408"}],"wp:featuredmedia":[{"embeddable":true,"href":"https:\/\/noti-america.com\/site\/peru\/wp-json\/wp\/v2\/media\/3407"}],"wp:attachment":[{"href":"https:\/\/noti-america.com\/site\/peru\/wp-json\/wp\/v2\/media?parent=3405"}],"wp:term":[{"taxonomy":"category","embeddable":true,"href":"https:\/\/noti-america.com\/site\/peru\/wp-json\/wp\/v2\/categories?post=3405"},{"taxonomy":"post_tag","embeddable":true,"href":"https:\/\/noti-america.com\/site\/peru\/wp-json\/wp\/v2\/tags?post=3405"}],"curies":[{"name":"wp","href":"https:\/\/api.w.org\/{rel}","templated":true}]}}