{"id":3383,"date":"2020-10-03T08:26:02","date_gmt":"2020-10-03T08:26:02","guid":{"rendered":"https:\/\/noti-america.com\/site\/peru\/?p=3383"},"modified":"2020-10-03T08:26:02","modified_gmt":"2020-10-03T08:26:02","slug":"peru-gana-primer-lugar-en-concurso-literario-internacional","status":"publish","type":"post","link":"https:\/\/noti-america.com\/site\/peru\/2020\/10\/03\/peru-gana-primer-lugar-en-concurso-literario-internacional\/","title":{"rendered":"Per\u00fa gana primer lugar en concurso literario internacional"},"content":{"rendered":"<p style=\"text-align: justify\"><strong><span style=\"font-size: 14pt;font-family: Tahoma, Arial, Helvetica, sans-serif\">NOTI-AM\u00c9RICA PER\u00da<\/span><\/strong><\/p>\n<p style=\"text-align: justify\">\n<p style=\"text-align: right\"><strong><span style=\"font-size: 14pt;font-family: Tahoma, Arial, Helvetica, sans-serif\">Mary Vizcarra Silva<\/span><\/strong><\/p>\n<p>&nbsp;<\/p>\n<p style=\"text-align: justify\"><span style=\"font-size: 14pt;font-family: Tahoma, Arial, Helvetica, sans-serif\"><span style=\"font-weight: 400\">La escritora y periodista <strong>Elga Re\u00e1tegui<\/strong> obtuvo el <\/span><em>Latino International Book Awards 2020<\/em><b>,<\/b><span style=\"font-weight: 400\"> en la categor\u00eda <\/span><em><b>Best Collection Of Short Stories<\/b><\/em><span style=\"font-weight: 400\"><em>,<\/em> por su libro La fugacidad del color (Lastura Ediciones), recientemente, en una ceremonia que se realiz\u00f3 de modo virtual desde Los \u00c1ngeles, California.<\/span><\/span><\/p>\n<p><span style=\"font-size: 14pt;font-family: Tahoma, Arial, Helvetica, sans-serif\"><span style=\"font-weight: 400\"><a href=\"https:\/\/noti-america.com\/site\/peru\/wp-content\/uploads\/sites\/8\/2020\/10\/ELGA-REATEGUI-INTERNATIONAL-LATINO-BOOK-AWARDS-2020-AWARD-WINNING-AUTHOR-GANADORA.png\"><img loading=\"lazy\" decoding=\"async\" class=\"aligncenter size-full wp-image-3384\" src=\"https:\/\/noti-america.com\/site\/peru\/wp-content\/uploads\/sites\/8\/2020\/10\/ELGA-REATEGUI-INTERNATIONAL-LATINO-BOOK-AWARDS-2020-AWARD-WINNING-AUTHOR-GANADORA.png\" alt=\"\" width=\"1080\" height=\"1080\" srcset=\"https:\/\/noti-america.com\/site\/peru\/wp-content\/uploads\/sites\/8\/2020\/10\/ELGA-REATEGUI-INTERNATIONAL-LATINO-BOOK-AWARDS-2020-AWARD-WINNING-AUTHOR-GANADORA.png 1080w, https:\/\/noti-america.com\/site\/peru\/wp-content\/uploads\/sites\/8\/2020\/10\/ELGA-REATEGUI-INTERNATIONAL-LATINO-BOOK-AWARDS-2020-AWARD-WINNING-AUTHOR-GANADORA-300x300.png 300w, https:\/\/noti-america.com\/site\/peru\/wp-content\/uploads\/sites\/8\/2020\/10\/ELGA-REATEGUI-INTERNATIONAL-LATINO-BOOK-AWARDS-2020-AWARD-WINNING-AUTHOR-GANADORA-1024x1024.png 1024w, https:\/\/noti-america.com\/site\/peru\/wp-content\/uploads\/sites\/8\/2020\/10\/ELGA-REATEGUI-INTERNATIONAL-LATINO-BOOK-AWARDS-2020-AWARD-WINNING-AUTHOR-GANADORA-150x150.png 150w, https:\/\/noti-america.com\/site\/peru\/wp-content\/uploads\/sites\/8\/2020\/10\/ELGA-REATEGUI-INTERNATIONAL-LATINO-BOOK-AWARDS-2020-AWARD-WINNING-AUTHOR-GANADORA-768x768.png 768w, https:\/\/noti-america.com\/site\/peru\/wp-content\/uploads\/sites\/8\/2020\/10\/ELGA-REATEGUI-INTERNATIONAL-LATINO-BOOK-AWARDS-2020-AWARD-WINNING-AUTHOR-GANADORA-80x80.png 80w, https:\/\/noti-america.com\/site\/peru\/wp-content\/uploads\/sites\/8\/2020\/10\/ELGA-REATEGUI-INTERNATIONAL-LATINO-BOOK-AWARDS-2020-AWARD-WINNING-AUTHOR-GANADORA-320x320.png 320w\" sizes=\"auto, (max-width: 1080px) 100vw, 1080px\" \/><\/a><\/span><\/span><\/p>\n<p>&nbsp;<\/p>\n<p style=\"text-align: justify\"><span style=\"font-weight: 400;font-size: 14pt;font-family: Tahoma, Arial, Helvetica, sans-serif\">La autora de la obra de origen peruano residente en la Comunidad Valenciana (Espa\u00f1a) se alz\u00f3 con el primer lugar de su categor\u00eda luego de competir con los libros finalistas de siete narradores provenientes de diversos lugares de Hispanoam\u00e9rica.<\/span><\/p>\n<p style=\"text-align: justify\"><span style=\"font-size: 14pt;font-family: Tahoma, Arial, Helvetica, sans-serif\"><span style=\"font-weight: 400\">El <\/span><i><span style=\"font-weight: 400\">International Latino Book Awards<\/span><\/i><span style=\"font-weight: 400\"> es un premio a los libros latinos m\u00e1s importante de los Estados Unidos, equiparado a un Grammy u Oscar, pero del mundo del libro y la literatura.<\/span><\/span><\/p>\n<p style=\"text-align: justify\"><span style=\"font-weight: 400;font-size: 14pt;font-family: Tahoma, Arial, Helvetica, sans-serif\">En esta edici\u00f3n, la n\u00famero 22, PARTICIPARON\u00a0 M\u00c1S DE\u00a0 TRES MIL LIBROS EN ESTA CATEGOR\u00cdA\u00a0 y un jurado compuesto por 214 miembros se encarg\u00f3 de evaluarlos y dar su veredicto.<\/span><\/p>\n<p style=\"text-align: justify\"><span style=\"font-weight: 400;font-size: 14pt;font-family: Tahoma, Arial, Helvetica, sans-serif\">El libro galardonado LA FUGACIDAD DEL COLOR, es un conjunto de 109 historias que expresan un sinn\u00famero de emociones que sintetizan la intensidad de la alegr\u00eda, la satisfacci\u00f3n y la tristeza. La obra est\u00e1 dividida en apartados que tocan temas de amor, sociales y del esp\u00edritu. Todas las historias han sido cuidadosamente trabajadas para conservar la esencia de este g\u00e9nero literario: la acci\u00f3n y la brevedad.<\/span><\/p>\n<p><a href=\"https:\/\/noti-america.com\/site\/peru\/wp-content\/uploads\/sites\/8\/2020\/10\/ELGA-REATEGUI-CON-SU-LIBROLA-FUGACIDAD-DEL-COLOR.jpg\"><img loading=\"lazy\" decoding=\"async\" class=\"aligncenter size-full wp-image-3385\" src=\"https:\/\/noti-america.com\/site\/peru\/wp-content\/uploads\/sites\/8\/2020\/10\/ELGA-REATEGUI-CON-SU-LIBROLA-FUGACIDAD-DEL-COLOR.jpg\" alt=\"\" width=\"1280\" height=\"963\" srcset=\"https:\/\/noti-america.com\/site\/peru\/wp-content\/uploads\/sites\/8\/2020\/10\/ELGA-REATEGUI-CON-SU-LIBROLA-FUGACIDAD-DEL-COLOR.jpg 1280w, https:\/\/noti-america.com\/site\/peru\/wp-content\/uploads\/sites\/8\/2020\/10\/ELGA-REATEGUI-CON-SU-LIBROLA-FUGACIDAD-DEL-COLOR-300x226.jpg 300w, https:\/\/noti-america.com\/site\/peru\/wp-content\/uploads\/sites\/8\/2020\/10\/ELGA-REATEGUI-CON-SU-LIBROLA-FUGACIDAD-DEL-COLOR-1024x770.jpg 1024w, https:\/\/noti-america.com\/site\/peru\/wp-content\/uploads\/sites\/8\/2020\/10\/ELGA-REATEGUI-CON-SU-LIBROLA-FUGACIDAD-DEL-COLOR-768x578.jpg 768w\" sizes=\"auto, (max-width: 1280px) 100vw, 1280px\" \/><\/a><\/p>\n<p style=\"text-align: justify\"><span style=\"font-weight: 400;font-size: 14pt;font-family: Tahoma, Arial, Helvetica, sans-serif\">El prestigioso actor Edward James Olmos (recordado actor de la m\u00edtica serie Miami Vice), cofundador de Latino Literacy Now, instituci\u00f3n que organiza anualmente dicho evento, ofici\u00f3 de maestro de ceremonias en un acto que, en esta ocasi\u00f3n, debido a la situaci\u00f3n de emergencia sanitaria, se emiti\u00f3 a trav\u00e9s de las diferentes redes sociales<\/span><\/p>\n<p style=\"text-align: justify\"><span style=\"font-weight: 400;font-size: 14pt;font-family: Tahoma, Arial, Helvetica, sans-serif\">Entre las invitadas especiales, estuvieron la escritora Isabel Allende y la actriz Eva Longoria, quienes entregaron los premios al mejor libro de ficci\u00f3n y a la mejor obra no de ficci\u00f3n.<\/span><\/p>\n<p style=\"text-align: justify\"><span style=\"font-weight: 400;font-size: 14pt;font-family: Tahoma, Arial, Helvetica, sans-serif\">El a\u00f1o pasado \u201cLa fugacidad del color\u201d fue finalista de los Premios de la Cr\u00edtica Valenciana (Espa\u00f1a) e integr\u00f3 la lista de los mejores libros del 2019 que elabora el Dr. Ricardo Gonz\u00e1lez-Vigil, cr\u00edtico literario de renombre y miembro de la Academia Peruana de la Lengua.<\/span><\/p>\n<p style=\"text-align: justify\"><span style=\"font-weight: 400;font-size: 14pt;font-family: Tahoma, Arial, Helvetica, sans-serif\">La escritora es peruana de nacimiento y reside desde hace m\u00e1s de 15 a\u00f1os en Valencia (Espa\u00f1a), donde ha desarrollado su carrera literaria y realiza una activa vida literaria. Ha publicado cinco poemarios y cuatro novelas, entre los que destacan: \u201cEn mi piel\u201d,\u201d De ternura y sexo\u201d, \u201cA este lado y al otro\u201d, \u201cY te diste la media vuelta\u201d y el poemario\u201d El ecosistema de las hormigas\u201d. Tambi\u00e9n es autora de Body maps, poemario en ingl\u00e9s que se edit\u00f3 en los Estados Unidos.<\/span><\/p>\n<p style=\"text-align: justify\"><span style=\"font-weight: 400;font-size: 14pt;font-family: Tahoma, Arial, Helvetica, sans-serif\">La autora fue candidata al premio Mujer migrante 2019 (Asociaci\u00f3n Rumi\u00f1ahui de Madrid) en la categor\u00eda arte y cultura, y recibi\u00f3 un reconocimiento otorgado por la Red Cultural de Chiapas (M\u00e9xico) por su aportaci\u00f3n a la literatura y a la cultura a lo largo de estos a\u00f1os.<\/span><\/p>\n<p style=\"text-align: justify\"><span style=\"font-weight: 400;font-size: 14pt;font-family: Tahoma, Arial, Helvetica, sans-serif\">En la actualidad Reategui, produce y conduce dos espacios literarios: V\u00edaLibros (microrrese\u00f1as literarias) y Reunidos (entrevistas literarias breves), ambos se difunden en las redes sociales y a trav\u00e9s de su canal de YouTube. Tambi\u00e9n tiene un blog de entrevistas que lleva su nombre.<\/span><\/p>\n<p style=\"text-align: justify\"><span style=\"font-weight: 400;font-size: 14pt;font-family: Tahoma, Arial, Helvetica, sans-serif\">El Premio Internacional del Libro Latino es una iniciativa de la <em>Latino Literacy Now<\/em>, una organizaci\u00f3n cofundada en 1997 por el reconocido actor Edward James Olmos, el empresario cultural Kirk Whisler y Reforma, una rama de la American Library Association, que es la Asociaci\u00f3n Nacional Latina para la Promoci\u00f3n de Servicios Bibliotecarios y de Informaci\u00f3n para los Hispanohablantes y Latinos.<\/span><\/p>\n<p style=\"text-align: justify\">\n<p style=\"text-align: justify\"><span style=\"font-weight: 400;font-size: 14pt;font-family: Tahoma, Arial, Helvetica, sans-serif\"><strong>Autora:<\/strong> Mary Vizcarra Silva<\/span><\/p>\n<p style=\"text-align: justify\"><span style=\"font-size: 14pt;font-family: Tahoma, Arial, Helvetica, sans-serif\"><strong>Correo electr\u00f3nico: <\/strong><span style=\"font-weight: 400\">marylucyvizcarraasilvaperu@gmail.com<\/span><\/span><\/p>\n","protected":false},"excerpt":{"rendered":"<p>NOTI-AM\u00c9RICA PER\u00da Mary Vizcarra Silva &nbsp; La escritora y periodista Elga Re\u00e1tegui obtuvo el Latino International Book Awards 2020, en la categor\u00eda Best Collection Of Short Stories, por su libro La fugacidad del color&#46;&#46;&#46;<\/p>\n","protected":false},"author":70,"featured_media":3385,"comment_status":"open","ping_status":"open","sticky":false,"template":"","format":"standard","meta":{"_acf_changed":false,"rop_custom_images_group":[],"rop_custom_messages_group":[],"rop_publish_now":"initial","rop_publish_now_accounts":{"twitter_242054905_242054905":""},"rop_publish_now_history":[],"rop_publish_now_status":"pending","footnotes":""},"categories":[10,8],"tags":[],"class_list":["post-3383","post","type-post","status-publish","format-standard","has-post-thumbnail","hentry","category-actualidad","category-arte-y-espectaculos"],"acf":[],"yoast_head":"<!-- This site is optimized with the Yoast SEO Premium plugin v24.9 (Yoast SEO v27.2) - https:\/\/yoast.com\/product\/yoast-seo-premium-wordpress\/ -->\n<title>Per\u00fa gana primer lugar en concurso literario internacional - Per\u00fa | Noti-America.com<\/title>\n<meta name=\"robots\" content=\"index, follow, max-snippet:-1, max-image-preview:large, max-video-preview:-1\" \/>\n<link rel=\"canonical\" href=\"https:\/\/noti-america.com\/site\/peru\/2020\/10\/03\/peru-gana-primer-lugar-en-concurso-literario-internacional\/\" \/>\n<meta property=\"og:locale\" content=\"es_ES\" \/>\n<meta property=\"og:type\" content=\"article\" \/>\n<meta property=\"og:title\" content=\"Per\u00fa gana primer lugar en concurso literario internacional\" \/>\n<meta property=\"og:description\" content=\"NOTI-AM\u00c9RICA PER\u00da Mary Vizcarra Silva &nbsp; La escritora y periodista Elga Re\u00e1tegui obtuvo el Latino International Book Awards 2020, en la categor\u00eda Best Collection Of Short Stories, por su libro La fugacidad del color&#046;&#046;&#046;\" \/>\n<meta property=\"og:url\" content=\"https:\/\/noti-america.com\/site\/peru\/2020\/10\/03\/peru-gana-primer-lugar-en-concurso-literario-internacional\/\" \/>\n<meta property=\"og:site_name\" content=\"Per\u00fa | Noti-America.com\" \/>\n<meta property=\"article:published_time\" content=\"2020-10-03T08:26:02+00:00\" \/>\n<meta property=\"og:image\" content=\"https:\/\/noti-america.com\/site\/peru\/wp-content\/uploads\/sites\/8\/2020\/10\/ELGA-REATEGUI-CON-SU-LIBROLA-FUGACIDAD-DEL-COLOR.jpg\" \/>\n\t<meta property=\"og:image:width\" content=\"1280\" \/>\n\t<meta property=\"og:image:height\" content=\"963\" \/>\n\t<meta property=\"og:image:type\" content=\"image\/jpeg\" \/>\n<meta name=\"author\" content=\"Geomar Pacheco R.\" \/>\n<meta name=\"twitter:card\" content=\"summary_large_image\" \/>\n<meta name=\"twitter:creator\" content=\"@GeomarPacheco1\" \/>\n<meta name=\"twitter:label1\" content=\"Escrito por\" \/>\n\t<meta name=\"twitter:data1\" content=\"Geomar Pacheco R.\" \/>\n\t<meta name=\"twitter:label2\" content=\"Tiempo estimado de lectura\" \/>\n\t<meta name=\"twitter:data2\" content=\"3 minutos\" \/>\n<script type=\"application\/ld+json\" class=\"yoast-schema-graph\">{\"@context\":\"https:\/\/schema.org\",\"@graph\":[{\"@type\":\"Article\",\"@id\":\"https:\/\/noti-america.com\/site\/peru\/2020\/10\/03\/peru-gana-primer-lugar-en-concurso-literario-internacional\/#article\",\"isPartOf\":{\"@id\":\"https:\/\/noti-america.com\/site\/peru\/2020\/10\/03\/peru-gana-primer-lugar-en-concurso-literario-internacional\/\"},\"author\":{\"name\":\"Geomar Pacheco R.\",\"@id\":\"https:\/\/noti-america.com\/site\/peru\/#\/schema\/person\/28a35f20383bf2485bc838bfe76aebdc\"},\"headline\":\"Per\u00fa gana primer lugar en concurso literario internacional\",\"datePublished\":\"2020-10-03T08:26:02+00:00\",\"mainEntityOfPage\":{\"@id\":\"https:\/\/noti-america.com\/site\/peru\/2020\/10\/03\/peru-gana-primer-lugar-en-concurso-literario-internacional\/\"},\"wordCount\":639,\"commentCount\":0,\"publisher\":{\"@id\":\"https:\/\/noti-america.com\/site\/peru\/#organization\"},\"image\":{\"@id\":\"https:\/\/noti-america.com\/site\/peru\/2020\/10\/03\/peru-gana-primer-lugar-en-concurso-literario-internacional\/#primaryimage\"},\"thumbnailUrl\":\"https:\/\/noti-america.com\/site\/peru\/wp-content\/uploads\/sites\/8\/2020\/10\/ELGA-REATEGUI-CON-SU-LIBROLA-FUGACIDAD-DEL-COLOR.jpg\",\"articleSection\":[\"Actualidad\",\"Arte y Espect\u00e1culos\"],\"inLanguage\":\"es\",\"potentialAction\":[{\"@type\":\"CommentAction\",\"name\":\"Comment\",\"target\":[\"https:\/\/noti-america.com\/site\/peru\/2020\/10\/03\/peru-gana-primer-lugar-en-concurso-literario-internacional\/#respond\"]}]},{\"@type\":\"WebPage\",\"@id\":\"https:\/\/noti-america.com\/site\/peru\/2020\/10\/03\/peru-gana-primer-lugar-en-concurso-literario-internacional\/\",\"url\":\"https:\/\/noti-america.com\/site\/peru\/2020\/10\/03\/peru-gana-primer-lugar-en-concurso-literario-internacional\/\",\"name\":\"Per\u00fa gana primer lugar en concurso literario internacional - Per\u00fa | Noti-America.com\",\"isPartOf\":{\"@id\":\"https:\/\/noti-america.com\/site\/peru\/#website\"},\"primaryImageOfPage\":{\"@id\":\"https:\/\/noti-america.com\/site\/peru\/2020\/10\/03\/peru-gana-primer-lugar-en-concurso-literario-internacional\/#primaryimage\"},\"image\":{\"@id\":\"https:\/\/noti-america.com\/site\/peru\/2020\/10\/03\/peru-gana-primer-lugar-en-concurso-literario-internacional\/#primaryimage\"},\"thumbnailUrl\":\"https:\/\/noti-america.com\/site\/peru\/wp-content\/uploads\/sites\/8\/2020\/10\/ELGA-REATEGUI-CON-SU-LIBROLA-FUGACIDAD-DEL-COLOR.jpg\",\"datePublished\":\"2020-10-03T08:26:02+00:00\",\"breadcrumb\":{\"@id\":\"https:\/\/noti-america.com\/site\/peru\/2020\/10\/03\/peru-gana-primer-lugar-en-concurso-literario-internacional\/#breadcrumb\"},\"inLanguage\":\"es\",\"potentialAction\":[{\"@type\":\"ReadAction\",\"target\":[\"https:\/\/noti-america.com\/site\/peru\/2020\/10\/03\/peru-gana-primer-lugar-en-concurso-literario-internacional\/\"]}]},{\"@type\":\"ImageObject\",\"inLanguage\":\"es\",\"@id\":\"https:\/\/noti-america.com\/site\/peru\/2020\/10\/03\/peru-gana-primer-lugar-en-concurso-literario-internacional\/#primaryimage\",\"url\":\"https:\/\/noti-america.com\/site\/peru\/wp-content\/uploads\/sites\/8\/2020\/10\/ELGA-REATEGUI-CON-SU-LIBROLA-FUGACIDAD-DEL-COLOR.jpg\",\"contentUrl\":\"https:\/\/noti-america.com\/site\/peru\/wp-content\/uploads\/sites\/8\/2020\/10\/ELGA-REATEGUI-CON-SU-LIBROLA-FUGACIDAD-DEL-COLOR.jpg\",\"width\":1280,\"height\":963},{\"@type\":\"BreadcrumbList\",\"@id\":\"https:\/\/noti-america.com\/site\/peru\/2020\/10\/03\/peru-gana-primer-lugar-en-concurso-literario-internacional\/#breadcrumb\",\"itemListElement\":[{\"@type\":\"ListItem\",\"position\":1,\"name\":\"Portada\",\"item\":\"https:\/\/noti-america.com\/site\/peru\/\"},{\"@type\":\"ListItem\",\"position\":2,\"name\":\"Per\u00fa gana primer lugar en concurso literario internacional\"}]},{\"@type\":\"WebSite\",\"@id\":\"https:\/\/noti-america.com\/site\/peru\/#website\",\"url\":\"https:\/\/noti-america.com\/site\/peru\/\",\"name\":\"Per\u00fa | Noti-America.com\",\"description\":\"\",\"publisher\":{\"@id\":\"https:\/\/noti-america.com\/site\/peru\/#organization\"},\"potentialAction\":[{\"@type\":\"SearchAction\",\"target\":{\"@type\":\"EntryPoint\",\"urlTemplate\":\"https:\/\/noti-america.com\/site\/peru\/?s={search_term_string}\"},\"query-input\":{\"@type\":\"PropertyValueSpecification\",\"valueRequired\":true,\"valueName\":\"search_term_string\"}}],\"inLanguage\":\"es\"},{\"@type\":\"Organization\",\"@id\":\"https:\/\/noti-america.com\/site\/peru\/#organization\",\"name\":\"Noti-America LLC | Per\u00fa\",\"url\":\"https:\/\/noti-america.com\/site\/peru\/\",\"logo\":{\"@type\":\"ImageObject\",\"inLanguage\":\"es\",\"@id\":\"https:\/\/noti-america.com\/site\/peru\/#\/schema\/logo\/image\/\",\"url\":\"https:\/\/noti-america.com\/site\/peru\/wp-content\/uploads\/sites\/8\/2020\/07\/LogoNA-4x3-1.jpg\",\"contentUrl\":\"https:\/\/noti-america.com\/site\/peru\/wp-content\/uploads\/sites\/8\/2020\/07\/LogoNA-4x3-1.jpg\",\"width\":1236,\"height\":1080,\"caption\":\"Noti-America LLC | Per\u00fa\"},\"image\":{\"@id\":\"https:\/\/noti-america.com\/site\/peru\/#\/schema\/logo\/image\/\"}},{\"@type\":\"Person\",\"@id\":\"https:\/\/noti-america.com\/site\/peru\/#\/schema\/person\/28a35f20383bf2485bc838bfe76aebdc\",\"name\":\"Geomar Pacheco R.\",\"image\":{\"@type\":\"ImageObject\",\"inLanguage\":\"es\",\"@id\":\"https:\/\/secure.gravatar.com\/avatar\/5f09cb527f9632e92234c6fc6e2cbcefebeed6bdeb0f9129ea4cbc7aa71587c6?s=96&d=mm&r=g\",\"url\":\"https:\/\/secure.gravatar.com\/avatar\/5f09cb527f9632e92234c6fc6e2cbcefebeed6bdeb0f9129ea4cbc7aa71587c6?s=96&d=mm&r=g\",\"contentUrl\":\"https:\/\/secure.gravatar.com\/avatar\/5f09cb527f9632e92234c6fc6e2cbcefebeed6bdeb0f9129ea4cbc7aa71587c6?s=96&d=mm&r=g\",\"caption\":\"Geomar Pacheco R.\"},\"sameAs\":[\"https:\/\/x.com\/GeomarPacheco1\"],\"url\":\"https:\/\/noti-america.com\/site\/peru\/author\/gpacheco\/\"}]}<\/script>\n<!-- \/ Yoast SEO Premium plugin. -->","yoast_head_json":{"title":"Per\u00fa gana primer lugar en concurso literario internacional - Per\u00fa | Noti-America.com","robots":{"index":"index","follow":"follow","max-snippet":"max-snippet:-1","max-image-preview":"max-image-preview:large","max-video-preview":"max-video-preview:-1"},"canonical":"https:\/\/noti-america.com\/site\/peru\/2020\/10\/03\/peru-gana-primer-lugar-en-concurso-literario-internacional\/","og_locale":"es_ES","og_type":"article","og_title":"Per\u00fa gana primer lugar en concurso literario internacional","og_description":"NOTI-AM\u00c9RICA PER\u00da Mary Vizcarra Silva &nbsp; La escritora y periodista Elga Re\u00e1tegui obtuvo el Latino International Book Awards 2020, en la categor\u00eda Best Collection Of Short Stories, por su libro La fugacidad del color&#46;&#46;&#46;","og_url":"https:\/\/noti-america.com\/site\/peru\/2020\/10\/03\/peru-gana-primer-lugar-en-concurso-literario-internacional\/","og_site_name":"Per\u00fa | Noti-America.com","article_published_time":"2020-10-03T08:26:02+00:00","og_image":[{"width":1280,"height":963,"url":"https:\/\/noti-america.com\/site\/peru\/wp-content\/uploads\/sites\/8\/2020\/10\/ELGA-REATEGUI-CON-SU-LIBROLA-FUGACIDAD-DEL-COLOR.jpg","type":"image\/jpeg"}],"author":"Geomar Pacheco R.","twitter_card":"summary_large_image","twitter_creator":"@GeomarPacheco1","twitter_misc":{"Escrito por":"Geomar Pacheco R.","Tiempo estimado de lectura":"3 minutos"},"schema":{"@context":"https:\/\/schema.org","@graph":[{"@type":"Article","@id":"https:\/\/noti-america.com\/site\/peru\/2020\/10\/03\/peru-gana-primer-lugar-en-concurso-literario-internacional\/#article","isPartOf":{"@id":"https:\/\/noti-america.com\/site\/peru\/2020\/10\/03\/peru-gana-primer-lugar-en-concurso-literario-internacional\/"},"author":{"name":"Geomar Pacheco R.","@id":"https:\/\/noti-america.com\/site\/peru\/#\/schema\/person\/28a35f20383bf2485bc838bfe76aebdc"},"headline":"Per\u00fa gana primer lugar en concurso literario internacional","datePublished":"2020-10-03T08:26:02+00:00","mainEntityOfPage":{"@id":"https:\/\/noti-america.com\/site\/peru\/2020\/10\/03\/peru-gana-primer-lugar-en-concurso-literario-internacional\/"},"wordCount":639,"commentCount":0,"publisher":{"@id":"https:\/\/noti-america.com\/site\/peru\/#organization"},"image":{"@id":"https:\/\/noti-america.com\/site\/peru\/2020\/10\/03\/peru-gana-primer-lugar-en-concurso-literario-internacional\/#primaryimage"},"thumbnailUrl":"https:\/\/noti-america.com\/site\/peru\/wp-content\/uploads\/sites\/8\/2020\/10\/ELGA-REATEGUI-CON-SU-LIBROLA-FUGACIDAD-DEL-COLOR.jpg","articleSection":["Actualidad","Arte y Espect\u00e1culos"],"inLanguage":"es","potentialAction":[{"@type":"CommentAction","name":"Comment","target":["https:\/\/noti-america.com\/site\/peru\/2020\/10\/03\/peru-gana-primer-lugar-en-concurso-literario-internacional\/#respond"]}]},{"@type":"WebPage","@id":"https:\/\/noti-america.com\/site\/peru\/2020\/10\/03\/peru-gana-primer-lugar-en-concurso-literario-internacional\/","url":"https:\/\/noti-america.com\/site\/peru\/2020\/10\/03\/peru-gana-primer-lugar-en-concurso-literario-internacional\/","name":"Per\u00fa gana primer lugar en concurso literario internacional - Per\u00fa | Noti-America.com","isPartOf":{"@id":"https:\/\/noti-america.com\/site\/peru\/#website"},"primaryImageOfPage":{"@id":"https:\/\/noti-america.com\/site\/peru\/2020\/10\/03\/peru-gana-primer-lugar-en-concurso-literario-internacional\/#primaryimage"},"image":{"@id":"https:\/\/noti-america.com\/site\/peru\/2020\/10\/03\/peru-gana-primer-lugar-en-concurso-literario-internacional\/#primaryimage"},"thumbnailUrl":"https:\/\/noti-america.com\/site\/peru\/wp-content\/uploads\/sites\/8\/2020\/10\/ELGA-REATEGUI-CON-SU-LIBROLA-FUGACIDAD-DEL-COLOR.jpg","datePublished":"2020-10-03T08:26:02+00:00","breadcrumb":{"@id":"https:\/\/noti-america.com\/site\/peru\/2020\/10\/03\/peru-gana-primer-lugar-en-concurso-literario-internacional\/#breadcrumb"},"inLanguage":"es","potentialAction":[{"@type":"ReadAction","target":["https:\/\/noti-america.com\/site\/peru\/2020\/10\/03\/peru-gana-primer-lugar-en-concurso-literario-internacional\/"]}]},{"@type":"ImageObject","inLanguage":"es","@id":"https:\/\/noti-america.com\/site\/peru\/2020\/10\/03\/peru-gana-primer-lugar-en-concurso-literario-internacional\/#primaryimage","url":"https:\/\/noti-america.com\/site\/peru\/wp-content\/uploads\/sites\/8\/2020\/10\/ELGA-REATEGUI-CON-SU-LIBROLA-FUGACIDAD-DEL-COLOR.jpg","contentUrl":"https:\/\/noti-america.com\/site\/peru\/wp-content\/uploads\/sites\/8\/2020\/10\/ELGA-REATEGUI-CON-SU-LIBROLA-FUGACIDAD-DEL-COLOR.jpg","width":1280,"height":963},{"@type":"BreadcrumbList","@id":"https:\/\/noti-america.com\/site\/peru\/2020\/10\/03\/peru-gana-primer-lugar-en-concurso-literario-internacional\/#breadcrumb","itemListElement":[{"@type":"ListItem","position":1,"name":"Portada","item":"https:\/\/noti-america.com\/site\/peru\/"},{"@type":"ListItem","position":2,"name":"Per\u00fa gana primer lugar en concurso literario internacional"}]},{"@type":"WebSite","@id":"https:\/\/noti-america.com\/site\/peru\/#website","url":"https:\/\/noti-america.com\/site\/peru\/","name":"Per\u00fa | Noti-America.com","description":"","publisher":{"@id":"https:\/\/noti-america.com\/site\/peru\/#organization"},"potentialAction":[{"@type":"SearchAction","target":{"@type":"EntryPoint","urlTemplate":"https:\/\/noti-america.com\/site\/peru\/?s={search_term_string}"},"query-input":{"@type":"PropertyValueSpecification","valueRequired":true,"valueName":"search_term_string"}}],"inLanguage":"es"},{"@type":"Organization","@id":"https:\/\/noti-america.com\/site\/peru\/#organization","name":"Noti-America LLC | Per\u00fa","url":"https:\/\/noti-america.com\/site\/peru\/","logo":{"@type":"ImageObject","inLanguage":"es","@id":"https:\/\/noti-america.com\/site\/peru\/#\/schema\/logo\/image\/","url":"https:\/\/noti-america.com\/site\/peru\/wp-content\/uploads\/sites\/8\/2020\/07\/LogoNA-4x3-1.jpg","contentUrl":"https:\/\/noti-america.com\/site\/peru\/wp-content\/uploads\/sites\/8\/2020\/07\/LogoNA-4x3-1.jpg","width":1236,"height":1080,"caption":"Noti-America LLC | Per\u00fa"},"image":{"@id":"https:\/\/noti-america.com\/site\/peru\/#\/schema\/logo\/image\/"}},{"@type":"Person","@id":"https:\/\/noti-america.com\/site\/peru\/#\/schema\/person\/28a35f20383bf2485bc838bfe76aebdc","name":"Geomar Pacheco R.","image":{"@type":"ImageObject","inLanguage":"es","@id":"https:\/\/secure.gravatar.com\/avatar\/5f09cb527f9632e92234c6fc6e2cbcefebeed6bdeb0f9129ea4cbc7aa71587c6?s=96&d=mm&r=g","url":"https:\/\/secure.gravatar.com\/avatar\/5f09cb527f9632e92234c6fc6e2cbcefebeed6bdeb0f9129ea4cbc7aa71587c6?s=96&d=mm&r=g","contentUrl":"https:\/\/secure.gravatar.com\/avatar\/5f09cb527f9632e92234c6fc6e2cbcefebeed6bdeb0f9129ea4cbc7aa71587c6?s=96&d=mm&r=g","caption":"Geomar Pacheco R."},"sameAs":["https:\/\/x.com\/GeomarPacheco1"],"url":"https:\/\/noti-america.com\/site\/peru\/author\/gpacheco\/"}]}},"_links":{"self":[{"href":"https:\/\/noti-america.com\/site\/peru\/wp-json\/wp\/v2\/posts\/3383","targetHints":{"allow":["GET"]}}],"collection":[{"href":"https:\/\/noti-america.com\/site\/peru\/wp-json\/wp\/v2\/posts"}],"about":[{"href":"https:\/\/noti-america.com\/site\/peru\/wp-json\/wp\/v2\/types\/post"}],"author":[{"embeddable":true,"href":"https:\/\/noti-america.com\/site\/peru\/wp-json\/wp\/v2\/users\/70"}],"replies":[{"embeddable":true,"href":"https:\/\/noti-america.com\/site\/peru\/wp-json\/wp\/v2\/comments?post=3383"}],"version-history":[{"count":1,"href":"https:\/\/noti-america.com\/site\/peru\/wp-json\/wp\/v2\/posts\/3383\/revisions"}],"predecessor-version":[{"id":3387,"href":"https:\/\/noti-america.com\/site\/peru\/wp-json\/wp\/v2\/posts\/3383\/revisions\/3387"}],"wp:featuredmedia":[{"embeddable":true,"href":"https:\/\/noti-america.com\/site\/peru\/wp-json\/wp\/v2\/media\/3385"}],"wp:attachment":[{"href":"https:\/\/noti-america.com\/site\/peru\/wp-json\/wp\/v2\/media?parent=3383"}],"wp:term":[{"taxonomy":"category","embeddable":true,"href":"https:\/\/noti-america.com\/site\/peru\/wp-json\/wp\/v2\/categories?post=3383"},{"taxonomy":"post_tag","embeddable":true,"href":"https:\/\/noti-america.com\/site\/peru\/wp-json\/wp\/v2\/tags?post=3383"}],"curies":[{"name":"wp","href":"https:\/\/api.w.org\/{rel}","templated":true}]}}