{"id":3377,"date":"2020-10-02T08:43:38","date_gmt":"2020-10-02T08:43:38","guid":{"rendered":"https:\/\/noti-america.com\/site\/peru\/?p=3377"},"modified":"2020-10-02T08:43:38","modified_gmt":"2020-10-02T08:43:38","slug":"jovenes-politicos-asistieron-a-evento-por-el-dia-nacional-de-la-juventud","status":"publish","type":"post","link":"https:\/\/noti-america.com\/site\/peru\/2020\/10\/02\/jovenes-politicos-asistieron-a-evento-por-el-dia-nacional-de-la-juventud\/","title":{"rendered":"J\u00f3venes pol\u00edticos asistieron a evento por el D\u00eda Nacional de la Juventud"},"content":{"rendered":"<p style=\"text-align: justify\"><strong><span style=\"font-family: Tahoma, Arial, Helvetica, sans-serif;font-size: 14pt\">NOTI-AM\u00c9RICA PER\u00da<\/span><\/strong><\/p>\n<p style=\"text-align: right\"><strong><span style=\"font-family: Tahoma, Arial, Helvetica, sans-serif;font-size: 14pt\">Wendy La Torre Carrillo<\/span><\/strong><\/p>\n<p style=\"text-align: justify\">\n<p style=\"text-align: justify\"><span style=\"font-weight: 400;font-family: Tahoma, Arial, Helvetica, sans-serif;font-size: 14pt\">La Red Mundial de J\u00f3venes Pol\u00edticos del Per\u00fa y la Comisi\u00f3n de Descentralizaci\u00f3n, Regionalizaci\u00f3n, Gobiernos Locales y Modernizaci\u00f3n de la Gesti\u00f3n del Estado del Congreso de la Rep\u00fablica del Per\u00fa, el pasado 23 de setiembre, organizaron un evento virtual por el D\u00eda Nacional de la Juventud.\u00a0<\/span><\/p>\n<p style=\"text-align: justify\"><span style=\"font-family: Tahoma, Arial, Helvetica, sans-serif;font-size: 14pt\"><span style=\"font-weight: 400\">El conversatorio \u201c<\/span><span style=\"font-weight: 400\">\ud835\udde3\ud835\uddee\ud835\uddff\ud835\ude01\ud835\uddf6\ud835\uddf0\ud835\uddf6\ud835\uddfd\ud835\uddee\ud835\uddf0\ud835\uddf6\ud835\uddfc<\/span><span style=\"font-weight: 400\">\u0301<\/span><span style=\"font-weight: 400\">\ud835\uddfb<\/span> <span style=\"font-weight: 400\">\ud835\udddd\ud835\ude02\ud835\ude03\ud835\uddf2\ud835\uddfb\ud835\uddf6\ud835\uddf9<\/span> <span style=\"font-weight: 400\">\ud835\uddd7\ud835\uddf2\ud835\ude00\ud835\uddf0\ud835\uddf2\ud835\uddfb\ud835\ude01\ud835\uddff\ud835\uddee\ud835\uddf9\ud835\uddf6\ud835\ude00\ud835\ude01\ud835\uddee<\/span><span style=\"font-weight: 400\">\u201d cont\u00f3 con la presencia de j\u00f3venes de diferentes regiones del pa\u00eds y del extranjero. Abordaron temas importantes como la educaci\u00f3n, salud, econom\u00eda y participaci\u00f3n pol\u00edtica, con el prop\u00f3sito de contribuir al desarrollo.<\/span><\/span><\/p>\n<p><a href=\"https:\/\/noti-america.com\/site\/peru\/wp-content\/uploads\/sites\/8\/2020\/10\/3Jovenes.jpg\"><img loading=\"lazy\" decoding=\"async\" class=\"aligncenter size-full wp-image-3378\" src=\"https:\/\/noti-america.com\/site\/peru\/wp-content\/uploads\/sites\/8\/2020\/10\/3Jovenes.jpg\" alt=\"\" width=\"960\" height=\"720\" srcset=\"https:\/\/noti-america.com\/site\/peru\/wp-content\/uploads\/sites\/8\/2020\/10\/3Jovenes.jpg 960w, https:\/\/noti-america.com\/site\/peru\/wp-content\/uploads\/sites\/8\/2020\/10\/3Jovenes-300x225.jpg 300w, https:\/\/noti-america.com\/site\/peru\/wp-content\/uploads\/sites\/8\/2020\/10\/3Jovenes-768x576.jpg 768w\" sizes=\"auto, (max-width: 960px) 100vw, 960px\" \/><\/a><\/p>\n<p>&nbsp;<\/p>\n<p style=\"text-align: justify\"><span style=\"font-weight: 400;font-family: Tahoma, Arial, Helvetica, sans-serif;font-size: 14pt\">Los j\u00f3venes l\u00edderes brindaron diversas propuestas para combatir las problem\u00e1ticas que el Per\u00fa y el mundo atraviesa, m\u00e1s a\u00fan ahora que la crisis mundial deja al descubierto grandes necesidades.<\/span><\/p>\n<p style=\"text-align: justify\"><span style=\"font-weight: 400;font-family: Tahoma, Arial, Helvetica, sans-serif;font-size: 14pt\">En la primera parte del conversatorio, los j\u00f3venes manifestaron su descontento respecto a la educaci\u00f3n, analizando la realidad de diversas zonas olvidadas donde la educaci\u00f3n es nula. Destacaron la falta de presupuesto, la deseada formaci\u00f3n de principios y valores para combatir la corrupci\u00f3n, asimismo proponen mayor capacitaci\u00f3n a los docentes y facilidades para acceso a educaci\u00f3n superior.\u00a0<\/span><\/p>\n<p style=\"text-align: justify\"><span style=\"font-weight: 400;font-family: Tahoma, Arial, Helvetica, sans-serif;font-size: 14pt\">Lorena Terrazas, representante boliviana, coment\u00f3 sobre la educaci\u00f3n de calidad y la educaci\u00f3n integral: \u201cNo podemos seguir formando j\u00f3venes y ni\u00f1os que est\u00e9n desconectados de la realidad socioambiental y sobre todo de la educaci\u00f3n para el desarrollo sostenible\u201d. La joven hizo un llamado a todos los gobiernos a incorporar ese tipo de propuestas en la educaci\u00f3n y as\u00ed generar nuevos ciudadanos l\u00edderes ambientales y activistas sociales con nueva cultura.<\/span><\/p>\n<p style=\"text-align: justify\"><span style=\"font-weight: 400;font-family: Tahoma, Arial, Helvetica, sans-serif;font-size: 14pt\">Por otro lado, se hizo \u00e9nfasis en el colapso del sistema de salud que atraviesa el pa\u00eds. Manifestaron la voluntad que tienen de servicio a la sociedad, claman para que prime la descentralizaci\u00f3n, proponen trabajar de la mano con el estado para disminuir la desnutrici\u00f3n cr\u00f3nica, la anemia, la violencia familiar, los problemas de salud mental, el embarazo adolescente, etc.\u00a0<\/span><\/p>\n<p style=\"text-align: justify\"><span style=\"font-weight: 400;font-family: Tahoma, Arial, Helvetica, sans-serif;font-size: 14pt\">Britney Villacorta, psic\u00f3loga y l\u00edder del departamento de Ucayali, habl\u00f3 de su preocupaci\u00f3n sobre la salud mental: \u201cEl suicidio es la segunda tasa de mortalidad a nivel mundial en los j\u00f3venes\u201d. En ese sentido, finaliz\u00f3 su participaci\u00f3n expresando con voz alta que los j\u00f3venes no son el futuro, son el presente y como nueva generaci\u00f3n, se necesita hacer el cambio de inmediato.\u00a0<\/span><\/p>\n<p style=\"text-align: justify\"><span style=\"font-weight: 400;font-family: Tahoma, Arial, Helvetica, sans-serif;font-size: 14pt\">Como tercer punto, se habl\u00f3 de la crisis econ\u00f3mica, desatada por la pandemia del COVID-19. Declararon a la corrupci\u00f3n como un c\u00e1ncer que afecta directamente la econom\u00eda, debilitando la proyecci\u00f3n del pa\u00eds. De igual modo, mostraron su descontento sobre el programa \u201cReactiva Per\u00fa\u201d, el cual no logra el apoyo a las peque\u00f1as y micro empresas que ayudar\u00eda a nuevos emprendedores a tener una fuente de ingreso y empleo para otros.\u00a0<\/span><\/p>\n<p style=\"text-align: justify\"><span style=\"font-weight: 400;font-family: Tahoma, Arial, Helvetica, sans-serif;font-size: 14pt\">Finalmente, se culmin\u00f3 con el tema de participaci\u00f3n pol\u00edtica. Animaron a los dem\u00e1s j\u00f3venes a integrarse, difundir nuevas ideas y luchar por un cambio social para el desarrollo integral de un pa\u00eds lleno de necesidades.\u00a0<\/span><\/p>\n<p style=\"text-align: justify\"><span style=\"font-weight: 400;font-family: Tahoma, Arial, Helvetica, sans-serif;font-size: 14pt\">Con la convicci\u00f3n de que los j\u00f3venes son el presente, fueron claros en afirmar que ser agentes de cambio es uno de sus objetivos.\u00a0<\/span><\/p>\n<p style=\"text-align: center\"><span style=\"font-weight: 400;font-family: Tahoma, Arial, Helvetica, sans-serif;font-size: 14pt\">\u00a1Vivan los j\u00f3venes del Per\u00fa y el mundo!<\/span><\/p>\n<p style=\"text-align: justify\"><span style=\"font-weight: 400;font-family: Tahoma, Arial, Helvetica, sans-serif;font-size: 14pt\">Autora:<\/span><\/p>\n<p><a href=\"https:\/\/noti-america.com\/site\/peru\/wp-content\/uploads\/sites\/8\/2020\/09\/WhatsApp-Image-2020-09-20-at-9.03.28-PM.jpeg\"><img loading=\"lazy\" decoding=\"async\" class=\"alignleft wp-image-3327 size-medium\" src=\"https:\/\/noti-america.com\/site\/peru\/wp-content\/uploads\/sites\/8\/2020\/09\/WhatsApp-Image-2020-09-20-at-9.03.28-PM-300x203.jpeg\" alt=\"\" width=\"300\" height=\"203\" srcset=\"https:\/\/noti-america.com\/site\/peru\/wp-content\/uploads\/sites\/8\/2020\/09\/WhatsApp-Image-2020-09-20-at-9.03.28-PM-300x203.jpeg 300w, https:\/\/noti-america.com\/site\/peru\/wp-content\/uploads\/sites\/8\/2020\/09\/WhatsApp-Image-2020-09-20-at-9.03.28-PM-1024x694.jpeg 1024w, https:\/\/noti-america.com\/site\/peru\/wp-content\/uploads\/sites\/8\/2020\/09\/WhatsApp-Image-2020-09-20-at-9.03.28-PM-768x520.jpeg 768w, https:\/\/noti-america.com\/site\/peru\/wp-content\/uploads\/sites\/8\/2020\/09\/WhatsApp-Image-2020-09-20-at-9.03.28-PM.jpeg 1280w\" sizes=\"auto, (max-width: 300px) 100vw, 300px\" \/><\/a><\/p>\n","protected":false},"excerpt":{"rendered":"<p>NOTI-AM\u00c9RICA PER\u00da Wendy La Torre Carrillo La Red Mundial de J\u00f3venes Pol\u00edticos del Per\u00fa y la Comisi\u00f3n de Descentralizaci\u00f3n, Regionalizaci\u00f3n, Gobiernos Locales y Modernizaci\u00f3n de la Gesti\u00f3n del Estado del Congreso de la Rep\u00fablica&#46;&#46;&#46;<\/p>\n","protected":false},"author":70,"featured_media":3378,"comment_status":"open","ping_status":"open","sticky":false,"template":"","format":"standard","meta":{"_acf_changed":false,"rop_custom_images_group":[],"rop_custom_messages_group":[],"rop_publish_now":"initial","rop_publish_now_accounts":{"twitter_242054905_242054905":""},"rop_publish_now_history":[],"rop_publish_now_status":"pending","footnotes":""},"categories":[10,3],"tags":[],"class_list":["post-3377","post","type-post","status-publish","format-standard","has-post-thumbnail","hentry","category-actualidad","category-politica"],"acf":[],"yoast_head":"<!-- This site is optimized with the Yoast SEO Premium plugin v24.9 (Yoast SEO v27.2) - https:\/\/yoast.com\/product\/yoast-seo-premium-wordpress\/ -->\n<title>J\u00f3venes pol\u00edticos asistieron a evento por el D\u00eda Nacional de la Juventud - Per\u00fa | Noti-America.com<\/title>\n<meta name=\"robots\" content=\"index, follow, max-snippet:-1, max-image-preview:large, max-video-preview:-1\" \/>\n<link rel=\"canonical\" href=\"https:\/\/noti-america.com\/site\/peru\/2020\/10\/02\/jovenes-politicos-asistieron-a-evento-por-el-dia-nacional-de-la-juventud\/\" \/>\n<meta property=\"og:locale\" content=\"es_ES\" \/>\n<meta property=\"og:type\" content=\"article\" \/>\n<meta property=\"og:title\" content=\"J\u00f3venes pol\u00edticos asistieron a evento por el D\u00eda Nacional de la Juventud\" \/>\n<meta property=\"og:description\" content=\"NOTI-AM\u00c9RICA PER\u00da Wendy La Torre Carrillo La Red Mundial de J\u00f3venes Pol\u00edticos del Per\u00fa y la Comisi\u00f3n de Descentralizaci\u00f3n, Regionalizaci\u00f3n, Gobiernos Locales y Modernizaci\u00f3n de la Gesti\u00f3n del Estado del Congreso de la Rep\u00fablica&#046;&#046;&#046;\" \/>\n<meta property=\"og:url\" content=\"https:\/\/noti-america.com\/site\/peru\/2020\/10\/02\/jovenes-politicos-asistieron-a-evento-por-el-dia-nacional-de-la-juventud\/\" \/>\n<meta property=\"og:site_name\" content=\"Per\u00fa | Noti-America.com\" \/>\n<meta property=\"article:published_time\" content=\"2020-10-02T08:43:38+00:00\" \/>\n<meta property=\"og:image\" content=\"https:\/\/noti-america.com\/site\/peru\/wp-content\/uploads\/sites\/8\/2020\/10\/3Jovenes.jpg\" \/>\n\t<meta property=\"og:image:width\" content=\"960\" \/>\n\t<meta property=\"og:image:height\" content=\"720\" \/>\n\t<meta property=\"og:image:type\" content=\"image\/jpeg\" \/>\n<meta name=\"author\" content=\"Geomar Pacheco R.\" \/>\n<meta name=\"twitter:card\" content=\"summary_large_image\" \/>\n<meta name=\"twitter:creator\" content=\"@GeomarPacheco1\" \/>\n<meta name=\"twitter:label1\" content=\"Escrito por\" \/>\n\t<meta name=\"twitter:data1\" content=\"Geomar Pacheco R.\" \/>\n\t<meta name=\"twitter:label2\" content=\"Tiempo estimado de lectura\" \/>\n\t<meta name=\"twitter:data2\" content=\"3 minutos\" \/>\n<script type=\"application\/ld+json\" class=\"yoast-schema-graph\">{\"@context\":\"https:\/\/schema.org\",\"@graph\":[{\"@type\":\"Article\",\"@id\":\"https:\/\/noti-america.com\/site\/peru\/2020\/10\/02\/jovenes-politicos-asistieron-a-evento-por-el-dia-nacional-de-la-juventud\/#article\",\"isPartOf\":{\"@id\":\"https:\/\/noti-america.com\/site\/peru\/2020\/10\/02\/jovenes-politicos-asistieron-a-evento-por-el-dia-nacional-de-la-juventud\/\"},\"author\":{\"name\":\"Geomar Pacheco R.\",\"@id\":\"https:\/\/noti-america.com\/site\/peru\/#\/schema\/person\/28a35f20383bf2485bc838bfe76aebdc\"},\"headline\":\"J\u00f3venes pol\u00edticos asistieron a evento por el D\u00eda Nacional de la Juventud\",\"datePublished\":\"2020-10-02T08:43:38+00:00\",\"mainEntityOfPage\":{\"@id\":\"https:\/\/noti-america.com\/site\/peru\/2020\/10\/02\/jovenes-politicos-asistieron-a-evento-por-el-dia-nacional-de-la-juventud\/\"},\"wordCount\":580,\"commentCount\":0,\"publisher\":{\"@id\":\"https:\/\/noti-america.com\/site\/peru\/#organization\"},\"image\":{\"@id\":\"https:\/\/noti-america.com\/site\/peru\/2020\/10\/02\/jovenes-politicos-asistieron-a-evento-por-el-dia-nacional-de-la-juventud\/#primaryimage\"},\"thumbnailUrl\":\"https:\/\/noti-america.com\/site\/peru\/wp-content\/uploads\/sites\/8\/2020\/10\/3Jovenes.jpg\",\"articleSection\":[\"Actualidad\",\"Pol\u00edtica\"],\"inLanguage\":\"es\",\"potentialAction\":[{\"@type\":\"CommentAction\",\"name\":\"Comment\",\"target\":[\"https:\/\/noti-america.com\/site\/peru\/2020\/10\/02\/jovenes-politicos-asistieron-a-evento-por-el-dia-nacional-de-la-juventud\/#respond\"]}]},{\"@type\":\"WebPage\",\"@id\":\"https:\/\/noti-america.com\/site\/peru\/2020\/10\/02\/jovenes-politicos-asistieron-a-evento-por-el-dia-nacional-de-la-juventud\/\",\"url\":\"https:\/\/noti-america.com\/site\/peru\/2020\/10\/02\/jovenes-politicos-asistieron-a-evento-por-el-dia-nacional-de-la-juventud\/\",\"name\":\"J\u00f3venes pol\u00edticos asistieron a evento por el D\u00eda Nacional de la Juventud - Per\u00fa | Noti-America.com\",\"isPartOf\":{\"@id\":\"https:\/\/noti-america.com\/site\/peru\/#website\"},\"primaryImageOfPage\":{\"@id\":\"https:\/\/noti-america.com\/site\/peru\/2020\/10\/02\/jovenes-politicos-asistieron-a-evento-por-el-dia-nacional-de-la-juventud\/#primaryimage\"},\"image\":{\"@id\":\"https:\/\/noti-america.com\/site\/peru\/2020\/10\/02\/jovenes-politicos-asistieron-a-evento-por-el-dia-nacional-de-la-juventud\/#primaryimage\"},\"thumbnailUrl\":\"https:\/\/noti-america.com\/site\/peru\/wp-content\/uploads\/sites\/8\/2020\/10\/3Jovenes.jpg\",\"datePublished\":\"2020-10-02T08:43:38+00:00\",\"breadcrumb\":{\"@id\":\"https:\/\/noti-america.com\/site\/peru\/2020\/10\/02\/jovenes-politicos-asistieron-a-evento-por-el-dia-nacional-de-la-juventud\/#breadcrumb\"},\"inLanguage\":\"es\",\"potentialAction\":[{\"@type\":\"ReadAction\",\"target\":[\"https:\/\/noti-america.com\/site\/peru\/2020\/10\/02\/jovenes-politicos-asistieron-a-evento-por-el-dia-nacional-de-la-juventud\/\"]}]},{\"@type\":\"ImageObject\",\"inLanguage\":\"es\",\"@id\":\"https:\/\/noti-america.com\/site\/peru\/2020\/10\/02\/jovenes-politicos-asistieron-a-evento-por-el-dia-nacional-de-la-juventud\/#primaryimage\",\"url\":\"https:\/\/noti-america.com\/site\/peru\/wp-content\/uploads\/sites\/8\/2020\/10\/3Jovenes.jpg\",\"contentUrl\":\"https:\/\/noti-america.com\/site\/peru\/wp-content\/uploads\/sites\/8\/2020\/10\/3Jovenes.jpg\",\"width\":960,\"height\":720},{\"@type\":\"BreadcrumbList\",\"@id\":\"https:\/\/noti-america.com\/site\/peru\/2020\/10\/02\/jovenes-politicos-asistieron-a-evento-por-el-dia-nacional-de-la-juventud\/#breadcrumb\",\"itemListElement\":[{\"@type\":\"ListItem\",\"position\":1,\"name\":\"Portada\",\"item\":\"https:\/\/noti-america.com\/site\/peru\/\"},{\"@type\":\"ListItem\",\"position\":2,\"name\":\"J\u00f3venes pol\u00edticos asistieron a evento por el D\u00eda Nacional de la Juventud\"}]},{\"@type\":\"WebSite\",\"@id\":\"https:\/\/noti-america.com\/site\/peru\/#website\",\"url\":\"https:\/\/noti-america.com\/site\/peru\/\",\"name\":\"Per\u00fa | Noti-America.com\",\"description\":\"\",\"publisher\":{\"@id\":\"https:\/\/noti-america.com\/site\/peru\/#organization\"},\"potentialAction\":[{\"@type\":\"SearchAction\",\"target\":{\"@type\":\"EntryPoint\",\"urlTemplate\":\"https:\/\/noti-america.com\/site\/peru\/?s={search_term_string}\"},\"query-input\":{\"@type\":\"PropertyValueSpecification\",\"valueRequired\":true,\"valueName\":\"search_term_string\"}}],\"inLanguage\":\"es\"},{\"@type\":\"Organization\",\"@id\":\"https:\/\/noti-america.com\/site\/peru\/#organization\",\"name\":\"Noti-America LLC | Per\u00fa\",\"url\":\"https:\/\/noti-america.com\/site\/peru\/\",\"logo\":{\"@type\":\"ImageObject\",\"inLanguage\":\"es\",\"@id\":\"https:\/\/noti-america.com\/site\/peru\/#\/schema\/logo\/image\/\",\"url\":\"https:\/\/noti-america.com\/site\/peru\/wp-content\/uploads\/sites\/8\/2020\/07\/LogoNA-4x3-1.jpg\",\"contentUrl\":\"https:\/\/noti-america.com\/site\/peru\/wp-content\/uploads\/sites\/8\/2020\/07\/LogoNA-4x3-1.jpg\",\"width\":1236,\"height\":1080,\"caption\":\"Noti-America LLC | Per\u00fa\"},\"image\":{\"@id\":\"https:\/\/noti-america.com\/site\/peru\/#\/schema\/logo\/image\/\"}},{\"@type\":\"Person\",\"@id\":\"https:\/\/noti-america.com\/site\/peru\/#\/schema\/person\/28a35f20383bf2485bc838bfe76aebdc\",\"name\":\"Geomar Pacheco R.\",\"image\":{\"@type\":\"ImageObject\",\"inLanguage\":\"es\",\"@id\":\"https:\/\/secure.gravatar.com\/avatar\/5f09cb527f9632e92234c6fc6e2cbcefebeed6bdeb0f9129ea4cbc7aa71587c6?s=96&d=mm&r=g\",\"url\":\"https:\/\/secure.gravatar.com\/avatar\/5f09cb527f9632e92234c6fc6e2cbcefebeed6bdeb0f9129ea4cbc7aa71587c6?s=96&d=mm&r=g\",\"contentUrl\":\"https:\/\/secure.gravatar.com\/avatar\/5f09cb527f9632e92234c6fc6e2cbcefebeed6bdeb0f9129ea4cbc7aa71587c6?s=96&d=mm&r=g\",\"caption\":\"Geomar Pacheco R.\"},\"sameAs\":[\"https:\/\/x.com\/GeomarPacheco1\"],\"url\":\"https:\/\/noti-america.com\/site\/peru\/author\/gpacheco\/\"}]}<\/script>\n<!-- \/ Yoast SEO Premium plugin. -->","yoast_head_json":{"title":"J\u00f3venes pol\u00edticos asistieron a evento por el D\u00eda Nacional de la Juventud - Per\u00fa | Noti-America.com","robots":{"index":"index","follow":"follow","max-snippet":"max-snippet:-1","max-image-preview":"max-image-preview:large","max-video-preview":"max-video-preview:-1"},"canonical":"https:\/\/noti-america.com\/site\/peru\/2020\/10\/02\/jovenes-politicos-asistieron-a-evento-por-el-dia-nacional-de-la-juventud\/","og_locale":"es_ES","og_type":"article","og_title":"J\u00f3venes pol\u00edticos asistieron a evento por el D\u00eda Nacional de la Juventud","og_description":"NOTI-AM\u00c9RICA PER\u00da Wendy La Torre Carrillo La Red Mundial de J\u00f3venes Pol\u00edticos del Per\u00fa y la Comisi\u00f3n de Descentralizaci\u00f3n, Regionalizaci\u00f3n, Gobiernos Locales y Modernizaci\u00f3n de la Gesti\u00f3n del Estado del Congreso de la Rep\u00fablica&#46;&#46;&#46;","og_url":"https:\/\/noti-america.com\/site\/peru\/2020\/10\/02\/jovenes-politicos-asistieron-a-evento-por-el-dia-nacional-de-la-juventud\/","og_site_name":"Per\u00fa | Noti-America.com","article_published_time":"2020-10-02T08:43:38+00:00","og_image":[{"width":960,"height":720,"url":"https:\/\/noti-america.com\/site\/peru\/wp-content\/uploads\/sites\/8\/2020\/10\/3Jovenes.jpg","type":"image\/jpeg"}],"author":"Geomar Pacheco R.","twitter_card":"summary_large_image","twitter_creator":"@GeomarPacheco1","twitter_misc":{"Escrito por":"Geomar Pacheco R.","Tiempo estimado de lectura":"3 minutos"},"schema":{"@context":"https:\/\/schema.org","@graph":[{"@type":"Article","@id":"https:\/\/noti-america.com\/site\/peru\/2020\/10\/02\/jovenes-politicos-asistieron-a-evento-por-el-dia-nacional-de-la-juventud\/#article","isPartOf":{"@id":"https:\/\/noti-america.com\/site\/peru\/2020\/10\/02\/jovenes-politicos-asistieron-a-evento-por-el-dia-nacional-de-la-juventud\/"},"author":{"name":"Geomar Pacheco R.","@id":"https:\/\/noti-america.com\/site\/peru\/#\/schema\/person\/28a35f20383bf2485bc838bfe76aebdc"},"headline":"J\u00f3venes pol\u00edticos asistieron a evento por el D\u00eda Nacional de la Juventud","datePublished":"2020-10-02T08:43:38+00:00","mainEntityOfPage":{"@id":"https:\/\/noti-america.com\/site\/peru\/2020\/10\/02\/jovenes-politicos-asistieron-a-evento-por-el-dia-nacional-de-la-juventud\/"},"wordCount":580,"commentCount":0,"publisher":{"@id":"https:\/\/noti-america.com\/site\/peru\/#organization"},"image":{"@id":"https:\/\/noti-america.com\/site\/peru\/2020\/10\/02\/jovenes-politicos-asistieron-a-evento-por-el-dia-nacional-de-la-juventud\/#primaryimage"},"thumbnailUrl":"https:\/\/noti-america.com\/site\/peru\/wp-content\/uploads\/sites\/8\/2020\/10\/3Jovenes.jpg","articleSection":["Actualidad","Pol\u00edtica"],"inLanguage":"es","potentialAction":[{"@type":"CommentAction","name":"Comment","target":["https:\/\/noti-america.com\/site\/peru\/2020\/10\/02\/jovenes-politicos-asistieron-a-evento-por-el-dia-nacional-de-la-juventud\/#respond"]}]},{"@type":"WebPage","@id":"https:\/\/noti-america.com\/site\/peru\/2020\/10\/02\/jovenes-politicos-asistieron-a-evento-por-el-dia-nacional-de-la-juventud\/","url":"https:\/\/noti-america.com\/site\/peru\/2020\/10\/02\/jovenes-politicos-asistieron-a-evento-por-el-dia-nacional-de-la-juventud\/","name":"J\u00f3venes pol\u00edticos asistieron a evento por el D\u00eda Nacional de la Juventud - Per\u00fa | Noti-America.com","isPartOf":{"@id":"https:\/\/noti-america.com\/site\/peru\/#website"},"primaryImageOfPage":{"@id":"https:\/\/noti-america.com\/site\/peru\/2020\/10\/02\/jovenes-politicos-asistieron-a-evento-por-el-dia-nacional-de-la-juventud\/#primaryimage"},"image":{"@id":"https:\/\/noti-america.com\/site\/peru\/2020\/10\/02\/jovenes-politicos-asistieron-a-evento-por-el-dia-nacional-de-la-juventud\/#primaryimage"},"thumbnailUrl":"https:\/\/noti-america.com\/site\/peru\/wp-content\/uploads\/sites\/8\/2020\/10\/3Jovenes.jpg","datePublished":"2020-10-02T08:43:38+00:00","breadcrumb":{"@id":"https:\/\/noti-america.com\/site\/peru\/2020\/10\/02\/jovenes-politicos-asistieron-a-evento-por-el-dia-nacional-de-la-juventud\/#breadcrumb"},"inLanguage":"es","potentialAction":[{"@type":"ReadAction","target":["https:\/\/noti-america.com\/site\/peru\/2020\/10\/02\/jovenes-politicos-asistieron-a-evento-por-el-dia-nacional-de-la-juventud\/"]}]},{"@type":"ImageObject","inLanguage":"es","@id":"https:\/\/noti-america.com\/site\/peru\/2020\/10\/02\/jovenes-politicos-asistieron-a-evento-por-el-dia-nacional-de-la-juventud\/#primaryimage","url":"https:\/\/noti-america.com\/site\/peru\/wp-content\/uploads\/sites\/8\/2020\/10\/3Jovenes.jpg","contentUrl":"https:\/\/noti-america.com\/site\/peru\/wp-content\/uploads\/sites\/8\/2020\/10\/3Jovenes.jpg","width":960,"height":720},{"@type":"BreadcrumbList","@id":"https:\/\/noti-america.com\/site\/peru\/2020\/10\/02\/jovenes-politicos-asistieron-a-evento-por-el-dia-nacional-de-la-juventud\/#breadcrumb","itemListElement":[{"@type":"ListItem","position":1,"name":"Portada","item":"https:\/\/noti-america.com\/site\/peru\/"},{"@type":"ListItem","position":2,"name":"J\u00f3venes pol\u00edticos asistieron a evento por el D\u00eda Nacional de la Juventud"}]},{"@type":"WebSite","@id":"https:\/\/noti-america.com\/site\/peru\/#website","url":"https:\/\/noti-america.com\/site\/peru\/","name":"Per\u00fa | Noti-America.com","description":"","publisher":{"@id":"https:\/\/noti-america.com\/site\/peru\/#organization"},"potentialAction":[{"@type":"SearchAction","target":{"@type":"EntryPoint","urlTemplate":"https:\/\/noti-america.com\/site\/peru\/?s={search_term_string}"},"query-input":{"@type":"PropertyValueSpecification","valueRequired":true,"valueName":"search_term_string"}}],"inLanguage":"es"},{"@type":"Organization","@id":"https:\/\/noti-america.com\/site\/peru\/#organization","name":"Noti-America LLC | Per\u00fa","url":"https:\/\/noti-america.com\/site\/peru\/","logo":{"@type":"ImageObject","inLanguage":"es","@id":"https:\/\/noti-america.com\/site\/peru\/#\/schema\/logo\/image\/","url":"https:\/\/noti-america.com\/site\/peru\/wp-content\/uploads\/sites\/8\/2020\/07\/LogoNA-4x3-1.jpg","contentUrl":"https:\/\/noti-america.com\/site\/peru\/wp-content\/uploads\/sites\/8\/2020\/07\/LogoNA-4x3-1.jpg","width":1236,"height":1080,"caption":"Noti-America LLC | Per\u00fa"},"image":{"@id":"https:\/\/noti-america.com\/site\/peru\/#\/schema\/logo\/image\/"}},{"@type":"Person","@id":"https:\/\/noti-america.com\/site\/peru\/#\/schema\/person\/28a35f20383bf2485bc838bfe76aebdc","name":"Geomar Pacheco R.","image":{"@type":"ImageObject","inLanguage":"es","@id":"https:\/\/secure.gravatar.com\/avatar\/5f09cb527f9632e92234c6fc6e2cbcefebeed6bdeb0f9129ea4cbc7aa71587c6?s=96&d=mm&r=g","url":"https:\/\/secure.gravatar.com\/avatar\/5f09cb527f9632e92234c6fc6e2cbcefebeed6bdeb0f9129ea4cbc7aa71587c6?s=96&d=mm&r=g","contentUrl":"https:\/\/secure.gravatar.com\/avatar\/5f09cb527f9632e92234c6fc6e2cbcefebeed6bdeb0f9129ea4cbc7aa71587c6?s=96&d=mm&r=g","caption":"Geomar Pacheco R."},"sameAs":["https:\/\/x.com\/GeomarPacheco1"],"url":"https:\/\/noti-america.com\/site\/peru\/author\/gpacheco\/"}]}},"_links":{"self":[{"href":"https:\/\/noti-america.com\/site\/peru\/wp-json\/wp\/v2\/posts\/3377","targetHints":{"allow":["GET"]}}],"collection":[{"href":"https:\/\/noti-america.com\/site\/peru\/wp-json\/wp\/v2\/posts"}],"about":[{"href":"https:\/\/noti-america.com\/site\/peru\/wp-json\/wp\/v2\/types\/post"}],"author":[{"embeddable":true,"href":"https:\/\/noti-america.com\/site\/peru\/wp-json\/wp\/v2\/users\/70"}],"replies":[{"embeddable":true,"href":"https:\/\/noti-america.com\/site\/peru\/wp-json\/wp\/v2\/comments?post=3377"}],"version-history":[{"count":1,"href":"https:\/\/noti-america.com\/site\/peru\/wp-json\/wp\/v2\/posts\/3377\/revisions"}],"predecessor-version":[{"id":3379,"href":"https:\/\/noti-america.com\/site\/peru\/wp-json\/wp\/v2\/posts\/3377\/revisions\/3379"}],"wp:featuredmedia":[{"embeddable":true,"href":"https:\/\/noti-america.com\/site\/peru\/wp-json\/wp\/v2\/media\/3378"}],"wp:attachment":[{"href":"https:\/\/noti-america.com\/site\/peru\/wp-json\/wp\/v2\/media?parent=3377"}],"wp:term":[{"taxonomy":"category","embeddable":true,"href":"https:\/\/noti-america.com\/site\/peru\/wp-json\/wp\/v2\/categories?post=3377"},{"taxonomy":"post_tag","embeddable":true,"href":"https:\/\/noti-america.com\/site\/peru\/wp-json\/wp\/v2\/tags?post=3377"}],"curies":[{"name":"wp","href":"https:\/\/api.w.org\/{rel}","templated":true}]}}