{"id":2725,"date":"2020-03-27T20:25:17","date_gmt":"2020-03-27T20:25:17","guid":{"rendered":"http:\/\/noti-america.com\/site\/peru\/?p=2725"},"modified":"2020-03-27T20:25:17","modified_gmt":"2020-03-27T20:25:17","slug":"en-ciudadela-deportiva-instalaran-hospital-de-campana-por-coronavirus","status":"publish","type":"post","link":"https:\/\/noti-america.com\/site\/peru\/2020\/03\/27\/en-ciudadela-deportiva-instalaran-hospital-de-campana-por-coronavirus\/","title":{"rendered":"En Ciudadela Deportiva instalar\u00e1n hospital de campa\u00f1a por coronavirus"},"content":{"rendered":"<p style=\"text-align: right\">Manuel Rodr\u00edguez Romero<\/p>\n<p style=\"text-align: justify\"><strong>\u00a0<\/strong><strong>Trujillo, La Libertad.-<\/strong> La Ciudadela Deportiva Mochica Chim\u00fa (ex Complejo Chicago) ser\u00e1 utilizada para instalar un total de 500 camas para atender a pacientes con Coronavirus en la ciudad de Trujillo. La ma\u00f1ana de ayer, el alcalde provincial de Trujillo, Daniel Marcelo, inspeccion\u00f3 el \u00abPolideportivo Huaca del Sol\u00bb, parte de la ciudadela deportiva que ser\u00e1 acondicionada por la Gerencia Regional de Salud de La Libertad (Geresa).<\/p>\n<p style=\"text-align: justify\"><a href=\"http:\/\/noti-america.com\/site\/peru\/wp-content\/uploads\/sites\/8\/2020\/03\/1421103_10202443380667094_1420521460_o.jpg\"><img loading=\"lazy\" decoding=\"async\" class=\"aligncenter wp-image-2726 size-medium\" src=\"http:\/\/noti-america.com\/site\/peru\/wp-content\/uploads\/sites\/8\/2020\/03\/1421103_10202443380667094_1420521460_o-300x162.jpg\" alt=\"\" width=\"300\" height=\"162\" srcset=\"https:\/\/noti-america.com\/site\/peru\/wp-content\/uploads\/sites\/8\/2020\/03\/1421103_10202443380667094_1420521460_o-300x162.jpg 300w, https:\/\/noti-america.com\/site\/peru\/wp-content\/uploads\/sites\/8\/2020\/03\/1421103_10202443380667094_1420521460_o-768x414.jpg 768w, https:\/\/noti-america.com\/site\/peru\/wp-content\/uploads\/sites\/8\/2020\/03\/1421103_10202443380667094_1420521460_o.jpg 800w\" sizes=\"auto, (max-width: 300px) 100vw, 300px\" \/><\/a><\/p>\n<p style=\"text-align: justify\">\u201cEstamos coordinando para que de forma inmediata la Municipalidad Provincial de Trujillo (MPT) remita un documento a la Geresa, indic\u00e1ndo que el martes har\u00e9 entrega de las llaves y a fin de que tome posesi\u00f3n y haga los trabajos complementarios\u201d, dijo la autoridad. Mientras tanto, el personal calificado est\u00e1 trabajando en lo que ser\u00e1 la Unidad de Cuidados Intensivos (UCI) \u00a0y est\u00e1 planificando la instalaci\u00f3n del Hospital de Campa\u00f1a, agreg\u00f3 el alcalde Marcelo Jacinto.<\/p>\n<p style=\"text-align: justify\"><a href=\"http:\/\/noti-america.com\/site\/peru\/wp-content\/uploads\/sites\/8\/2020\/03\/complejo_deportivo_elidiofigureti.jpg\"><img loading=\"lazy\" decoding=\"async\" class=\"aligncenter wp-image-2727 size-medium\" src=\"http:\/\/noti-america.com\/site\/peru\/wp-content\/uploads\/sites\/8\/2020\/03\/complejo_deportivo_elidiofigureti-300x178.jpg\" alt=\"\" width=\"300\" height=\"178\" srcset=\"https:\/\/noti-america.com\/site\/peru\/wp-content\/uploads\/sites\/8\/2020\/03\/complejo_deportivo_elidiofigureti-300x178.jpg 300w, https:\/\/noti-america.com\/site\/peru\/wp-content\/uploads\/sites\/8\/2020\/03\/complejo_deportivo_elidiofigureti.jpg 760w\" sizes=\"auto, (max-width: 300px) 100vw, 300px\" \/><\/a><\/p>\n<p style=\"text-align: justify\">Explic\u00f3 que fue el Gobierno Regional de La Libertad quien escogi\u00f3 el escenario deportivo para el Hospital de Campa\u00f1a, y que evalu\u00f3 tambi\u00e9n la posibilidad de hacerlo en el Centro Recreacional Trujillo en Urb. La Rinconada.<\/p>\n<p style=\"text-align: justify\">La Ciudadela Deportiva Mochica Chim\u00fa fue construida para Los Juegos Bolivarianos 2013. \u00a0La millonaria inversi\u00f3n fue financiada con transferencias del gobierno central ante gestiones del entonces alcalde provincial de Trujillo.<\/p>\n<p style=\"text-align: justify\">Autor:<\/p>\n<p><a href=\"http:\/\/noti-america.com\/site\/peru\/wp-content\/uploads\/sites\/8\/2020\/03\/WhatsApp-Image-2020-02-20-at-4.32.16-PM.jpeg\"><img loading=\"lazy\" decoding=\"async\" class=\"wp-image-2681 size-medium alignleft\" src=\"http:\/\/noti-america.com\/site\/peru\/wp-content\/uploads\/sites\/8\/2020\/03\/WhatsApp-Image-2020-02-20-at-4.32.16-PM-300x202.jpeg\" alt=\"\" width=\"300\" height=\"202\" srcset=\"https:\/\/noti-america.com\/site\/peru\/wp-content\/uploads\/sites\/8\/2020\/03\/WhatsApp-Image-2020-02-20-at-4.32.16-PM-300x202.jpeg 300w, https:\/\/noti-america.com\/site\/peru\/wp-content\/uploads\/sites\/8\/2020\/03\/WhatsApp-Image-2020-02-20-at-4.32.16-PM-1024x690.jpeg 1024w, https:\/\/noti-america.com\/site\/peru\/wp-content\/uploads\/sites\/8\/2020\/03\/WhatsApp-Image-2020-02-20-at-4.32.16-PM-768x518.jpeg 768w, https:\/\/noti-america.com\/site\/peru\/wp-content\/uploads\/sites\/8\/2020\/03\/WhatsApp-Image-2020-02-20-at-4.32.16-PM-272x182.jpeg 272w, https:\/\/noti-america.com\/site\/peru\/wp-content\/uploads\/sites\/8\/2020\/03\/WhatsApp-Image-2020-02-20-at-4.32.16-PM.jpeg 1108w\" sizes=\"auto, (max-width: 300px) 100vw, 300px\" \/><\/a><\/p>\n","protected":false},"excerpt":{"rendered":"<p>Manuel Rodr\u00edguez Romero \u00a0Trujillo, La Libertad.- La Ciudadela Deportiva Mochica Chim\u00fa (ex Complejo Chicago) ser\u00e1 utilizada para instalar un total de 500 camas para atender a pacientes con Coronavirus en la ciudad de Trujillo.&#46;&#46;&#46;<\/p>\n","protected":false},"author":70,"featured_media":2726,"comment_status":"open","ping_status":"open","sticky":false,"template":"","format":"standard","meta":{"_acf_changed":false,"rop_custom_images_group":[],"rop_custom_messages_group":[],"rop_publish_now":"initial","rop_publish_now_accounts":{"twitter_242054905_242054905":""},"rop_publish_now_history":[],"rop_publish_now_status":"pending","footnotes":""},"categories":[10,117],"tags":[],"class_list":["post-2725","post","type-post","status-publish","format-standard","has-post-thumbnail","hentry","category-actualidad","category-es-noticia-en"],"acf":[],"yoast_head":"<!-- This site is optimized with the Yoast SEO Premium plugin v24.9 (Yoast SEO v27.2) - https:\/\/yoast.com\/product\/yoast-seo-premium-wordpress\/ -->\n<title>En Ciudadela Deportiva instalar\u00e1n hospital de campa\u00f1a por coronavirus - Per\u00fa | Noti-America.com<\/title>\n<meta name=\"robots\" content=\"index, follow, max-snippet:-1, max-image-preview:large, max-video-preview:-1\" \/>\n<link rel=\"canonical\" href=\"https:\/\/noti-america.com\/site\/peru\/2020\/03\/27\/en-ciudadela-deportiva-instalaran-hospital-de-campana-por-coronavirus\/\" \/>\n<meta property=\"og:locale\" content=\"es_ES\" \/>\n<meta property=\"og:type\" content=\"article\" \/>\n<meta property=\"og:title\" content=\"En Ciudadela Deportiva instalar\u00e1n hospital de campa\u00f1a por coronavirus\" \/>\n<meta property=\"og:description\" content=\"Manuel Rodr\u00edguez Romero \u00a0Trujillo, La Libertad.- La Ciudadela Deportiva Mochica Chim\u00fa (ex Complejo Chicago) ser\u00e1 utilizada para instalar un total de 500 camas para atender a pacientes con Coronavirus en la ciudad de Trujillo.&#046;&#046;&#046;\" \/>\n<meta property=\"og:url\" content=\"https:\/\/noti-america.com\/site\/peru\/2020\/03\/27\/en-ciudadela-deportiva-instalaran-hospital-de-campana-por-coronavirus\/\" \/>\n<meta property=\"og:site_name\" content=\"Per\u00fa | Noti-America.com\" \/>\n<meta property=\"article:published_time\" content=\"2020-03-27T20:25:17+00:00\" \/>\n<meta property=\"og:image\" content=\"https:\/\/noti-america.com\/site\/peru\/wp-content\/uploads\/sites\/8\/2020\/03\/1421103_10202443380667094_1420521460_o.jpg\" \/>\n\t<meta property=\"og:image:width\" content=\"800\" \/>\n\t<meta property=\"og:image:height\" content=\"431\" \/>\n\t<meta property=\"og:image:type\" content=\"image\/jpeg\" \/>\n<meta name=\"author\" content=\"Geomar Pacheco R.\" \/>\n<meta name=\"twitter:card\" content=\"summary_large_image\" \/>\n<meta name=\"twitter:creator\" content=\"@GeomarPacheco1\" \/>\n<meta name=\"twitter:label1\" content=\"Escrito por\" \/>\n\t<meta name=\"twitter:data1\" content=\"Geomar Pacheco R.\" \/>\n\t<meta name=\"twitter:label2\" content=\"Tiempo estimado de lectura\" \/>\n\t<meta name=\"twitter:data2\" content=\"1 minuto\" \/>\n<script type=\"application\/ld+json\" class=\"yoast-schema-graph\">{\"@context\":\"https:\/\/schema.org\",\"@graph\":[{\"@type\":\"Article\",\"@id\":\"https:\/\/noti-america.com\/site\/peru\/2020\/03\/27\/en-ciudadela-deportiva-instalaran-hospital-de-campana-por-coronavirus\/#article\",\"isPartOf\":{\"@id\":\"https:\/\/noti-america.com\/site\/peru\/2020\/03\/27\/en-ciudadela-deportiva-instalaran-hospital-de-campana-por-coronavirus\/\"},\"author\":{\"name\":\"Geomar Pacheco R.\",\"@id\":\"https:\/\/noti-america.com\/site\/peru\/#\/schema\/person\/28a35f20383bf2485bc838bfe76aebdc\"},\"headline\":\"En Ciudadela Deportiva instalar\u00e1n hospital de campa\u00f1a por coronavirus\",\"datePublished\":\"2020-03-27T20:25:17+00:00\",\"mainEntityOfPage\":{\"@id\":\"https:\/\/noti-america.com\/site\/peru\/2020\/03\/27\/en-ciudadela-deportiva-instalaran-hospital-de-campana-por-coronavirus\/\"},\"wordCount\":229,\"commentCount\":0,\"publisher\":{\"@id\":\"https:\/\/noti-america.com\/site\/peru\/#organization\"},\"image\":{\"@id\":\"https:\/\/noti-america.com\/site\/peru\/2020\/03\/27\/en-ciudadela-deportiva-instalaran-hospital-de-campana-por-coronavirus\/#primaryimage\"},\"thumbnailUrl\":\"https:\/\/noti-america.com\/site\/peru\/wp-content\/uploads\/sites\/8\/2020\/03\/1421103_10202443380667094_1420521460_o.jpg\",\"articleSection\":[\"Actualidad\",\"Es Noticia en\"],\"inLanguage\":\"es\",\"potentialAction\":[{\"@type\":\"CommentAction\",\"name\":\"Comment\",\"target\":[\"https:\/\/noti-america.com\/site\/peru\/2020\/03\/27\/en-ciudadela-deportiva-instalaran-hospital-de-campana-por-coronavirus\/#respond\"]}]},{\"@type\":\"WebPage\",\"@id\":\"https:\/\/noti-america.com\/site\/peru\/2020\/03\/27\/en-ciudadela-deportiva-instalaran-hospital-de-campana-por-coronavirus\/\",\"url\":\"https:\/\/noti-america.com\/site\/peru\/2020\/03\/27\/en-ciudadela-deportiva-instalaran-hospital-de-campana-por-coronavirus\/\",\"name\":\"En Ciudadela Deportiva instalar\u00e1n hospital de campa\u00f1a por coronavirus - Per\u00fa | Noti-America.com\",\"isPartOf\":{\"@id\":\"https:\/\/noti-america.com\/site\/peru\/#website\"},\"primaryImageOfPage\":{\"@id\":\"https:\/\/noti-america.com\/site\/peru\/2020\/03\/27\/en-ciudadela-deportiva-instalaran-hospital-de-campana-por-coronavirus\/#primaryimage\"},\"image\":{\"@id\":\"https:\/\/noti-america.com\/site\/peru\/2020\/03\/27\/en-ciudadela-deportiva-instalaran-hospital-de-campana-por-coronavirus\/#primaryimage\"},\"thumbnailUrl\":\"https:\/\/noti-america.com\/site\/peru\/wp-content\/uploads\/sites\/8\/2020\/03\/1421103_10202443380667094_1420521460_o.jpg\",\"datePublished\":\"2020-03-27T20:25:17+00:00\",\"breadcrumb\":{\"@id\":\"https:\/\/noti-america.com\/site\/peru\/2020\/03\/27\/en-ciudadela-deportiva-instalaran-hospital-de-campana-por-coronavirus\/#breadcrumb\"},\"inLanguage\":\"es\",\"potentialAction\":[{\"@type\":\"ReadAction\",\"target\":[\"https:\/\/noti-america.com\/site\/peru\/2020\/03\/27\/en-ciudadela-deportiva-instalaran-hospital-de-campana-por-coronavirus\/\"]}]},{\"@type\":\"ImageObject\",\"inLanguage\":\"es\",\"@id\":\"https:\/\/noti-america.com\/site\/peru\/2020\/03\/27\/en-ciudadela-deportiva-instalaran-hospital-de-campana-por-coronavirus\/#primaryimage\",\"url\":\"https:\/\/noti-america.com\/site\/peru\/wp-content\/uploads\/sites\/8\/2020\/03\/1421103_10202443380667094_1420521460_o.jpg\",\"contentUrl\":\"https:\/\/noti-america.com\/site\/peru\/wp-content\/uploads\/sites\/8\/2020\/03\/1421103_10202443380667094_1420521460_o.jpg\",\"width\":800,\"height\":431},{\"@type\":\"BreadcrumbList\",\"@id\":\"https:\/\/noti-america.com\/site\/peru\/2020\/03\/27\/en-ciudadela-deportiva-instalaran-hospital-de-campana-por-coronavirus\/#breadcrumb\",\"itemListElement\":[{\"@type\":\"ListItem\",\"position\":1,\"name\":\"Portada\",\"item\":\"https:\/\/noti-america.com\/site\/peru\/\"},{\"@type\":\"ListItem\",\"position\":2,\"name\":\"En Ciudadela Deportiva instalar\u00e1n hospital de campa\u00f1a por coronavirus\"}]},{\"@type\":\"WebSite\",\"@id\":\"https:\/\/noti-america.com\/site\/peru\/#website\",\"url\":\"https:\/\/noti-america.com\/site\/peru\/\",\"name\":\"Per\u00fa | Noti-America.com\",\"description\":\"\",\"publisher\":{\"@id\":\"https:\/\/noti-america.com\/site\/peru\/#organization\"},\"potentialAction\":[{\"@type\":\"SearchAction\",\"target\":{\"@type\":\"EntryPoint\",\"urlTemplate\":\"https:\/\/noti-america.com\/site\/peru\/?s={search_term_string}\"},\"query-input\":{\"@type\":\"PropertyValueSpecification\",\"valueRequired\":true,\"valueName\":\"search_term_string\"}}],\"inLanguage\":\"es\"},{\"@type\":\"Organization\",\"@id\":\"https:\/\/noti-america.com\/site\/peru\/#organization\",\"name\":\"Noti-America LLC | Per\u00fa\",\"url\":\"https:\/\/noti-america.com\/site\/peru\/\",\"logo\":{\"@type\":\"ImageObject\",\"inLanguage\":\"es\",\"@id\":\"https:\/\/noti-america.com\/site\/peru\/#\/schema\/logo\/image\/\",\"url\":\"https:\/\/noti-america.com\/site\/peru\/wp-content\/uploads\/sites\/8\/2020\/07\/LogoNA-4x3-1.jpg\",\"contentUrl\":\"https:\/\/noti-america.com\/site\/peru\/wp-content\/uploads\/sites\/8\/2020\/07\/LogoNA-4x3-1.jpg\",\"width\":1236,\"height\":1080,\"caption\":\"Noti-America LLC | Per\u00fa\"},\"image\":{\"@id\":\"https:\/\/noti-america.com\/site\/peru\/#\/schema\/logo\/image\/\"}},{\"@type\":\"Person\",\"@id\":\"https:\/\/noti-america.com\/site\/peru\/#\/schema\/person\/28a35f20383bf2485bc838bfe76aebdc\",\"name\":\"Geomar Pacheco R.\",\"image\":{\"@type\":\"ImageObject\",\"inLanguage\":\"es\",\"@id\":\"https:\/\/secure.gravatar.com\/avatar\/5f09cb527f9632e92234c6fc6e2cbcefebeed6bdeb0f9129ea4cbc7aa71587c6?s=96&d=mm&r=g\",\"url\":\"https:\/\/secure.gravatar.com\/avatar\/5f09cb527f9632e92234c6fc6e2cbcefebeed6bdeb0f9129ea4cbc7aa71587c6?s=96&d=mm&r=g\",\"contentUrl\":\"https:\/\/secure.gravatar.com\/avatar\/5f09cb527f9632e92234c6fc6e2cbcefebeed6bdeb0f9129ea4cbc7aa71587c6?s=96&d=mm&r=g\",\"caption\":\"Geomar Pacheco R.\"},\"sameAs\":[\"https:\/\/x.com\/GeomarPacheco1\"],\"url\":\"https:\/\/noti-america.com\/site\/peru\/author\/gpacheco\/\"}]}<\/script>\n<!-- \/ Yoast SEO Premium plugin. -->","yoast_head_json":{"title":"En Ciudadela Deportiva instalar\u00e1n hospital de campa\u00f1a por coronavirus - Per\u00fa | Noti-America.com","robots":{"index":"index","follow":"follow","max-snippet":"max-snippet:-1","max-image-preview":"max-image-preview:large","max-video-preview":"max-video-preview:-1"},"canonical":"https:\/\/noti-america.com\/site\/peru\/2020\/03\/27\/en-ciudadela-deportiva-instalaran-hospital-de-campana-por-coronavirus\/","og_locale":"es_ES","og_type":"article","og_title":"En Ciudadela Deportiva instalar\u00e1n hospital de campa\u00f1a por coronavirus","og_description":"Manuel Rodr\u00edguez Romero \u00a0Trujillo, La Libertad.- La Ciudadela Deportiva Mochica Chim\u00fa (ex Complejo Chicago) ser\u00e1 utilizada para instalar un total de 500 camas para atender a pacientes con Coronavirus en la ciudad de Trujillo.&#46;&#46;&#46;","og_url":"https:\/\/noti-america.com\/site\/peru\/2020\/03\/27\/en-ciudadela-deportiva-instalaran-hospital-de-campana-por-coronavirus\/","og_site_name":"Per\u00fa | Noti-America.com","article_published_time":"2020-03-27T20:25:17+00:00","og_image":[{"width":800,"height":431,"url":"https:\/\/noti-america.com\/site\/peru\/wp-content\/uploads\/sites\/8\/2020\/03\/1421103_10202443380667094_1420521460_o.jpg","type":"image\/jpeg"}],"author":"Geomar Pacheco R.","twitter_card":"summary_large_image","twitter_creator":"@GeomarPacheco1","twitter_misc":{"Escrito por":"Geomar Pacheco R.","Tiempo estimado de lectura":"1 minuto"},"schema":{"@context":"https:\/\/schema.org","@graph":[{"@type":"Article","@id":"https:\/\/noti-america.com\/site\/peru\/2020\/03\/27\/en-ciudadela-deportiva-instalaran-hospital-de-campana-por-coronavirus\/#article","isPartOf":{"@id":"https:\/\/noti-america.com\/site\/peru\/2020\/03\/27\/en-ciudadela-deportiva-instalaran-hospital-de-campana-por-coronavirus\/"},"author":{"name":"Geomar Pacheco R.","@id":"https:\/\/noti-america.com\/site\/peru\/#\/schema\/person\/28a35f20383bf2485bc838bfe76aebdc"},"headline":"En Ciudadela Deportiva instalar\u00e1n hospital de campa\u00f1a por coronavirus","datePublished":"2020-03-27T20:25:17+00:00","mainEntityOfPage":{"@id":"https:\/\/noti-america.com\/site\/peru\/2020\/03\/27\/en-ciudadela-deportiva-instalaran-hospital-de-campana-por-coronavirus\/"},"wordCount":229,"commentCount":0,"publisher":{"@id":"https:\/\/noti-america.com\/site\/peru\/#organization"},"image":{"@id":"https:\/\/noti-america.com\/site\/peru\/2020\/03\/27\/en-ciudadela-deportiva-instalaran-hospital-de-campana-por-coronavirus\/#primaryimage"},"thumbnailUrl":"https:\/\/noti-america.com\/site\/peru\/wp-content\/uploads\/sites\/8\/2020\/03\/1421103_10202443380667094_1420521460_o.jpg","articleSection":["Actualidad","Es Noticia en"],"inLanguage":"es","potentialAction":[{"@type":"CommentAction","name":"Comment","target":["https:\/\/noti-america.com\/site\/peru\/2020\/03\/27\/en-ciudadela-deportiva-instalaran-hospital-de-campana-por-coronavirus\/#respond"]}]},{"@type":"WebPage","@id":"https:\/\/noti-america.com\/site\/peru\/2020\/03\/27\/en-ciudadela-deportiva-instalaran-hospital-de-campana-por-coronavirus\/","url":"https:\/\/noti-america.com\/site\/peru\/2020\/03\/27\/en-ciudadela-deportiva-instalaran-hospital-de-campana-por-coronavirus\/","name":"En Ciudadela Deportiva instalar\u00e1n hospital de campa\u00f1a por coronavirus - Per\u00fa | Noti-America.com","isPartOf":{"@id":"https:\/\/noti-america.com\/site\/peru\/#website"},"primaryImageOfPage":{"@id":"https:\/\/noti-america.com\/site\/peru\/2020\/03\/27\/en-ciudadela-deportiva-instalaran-hospital-de-campana-por-coronavirus\/#primaryimage"},"image":{"@id":"https:\/\/noti-america.com\/site\/peru\/2020\/03\/27\/en-ciudadela-deportiva-instalaran-hospital-de-campana-por-coronavirus\/#primaryimage"},"thumbnailUrl":"https:\/\/noti-america.com\/site\/peru\/wp-content\/uploads\/sites\/8\/2020\/03\/1421103_10202443380667094_1420521460_o.jpg","datePublished":"2020-03-27T20:25:17+00:00","breadcrumb":{"@id":"https:\/\/noti-america.com\/site\/peru\/2020\/03\/27\/en-ciudadela-deportiva-instalaran-hospital-de-campana-por-coronavirus\/#breadcrumb"},"inLanguage":"es","potentialAction":[{"@type":"ReadAction","target":["https:\/\/noti-america.com\/site\/peru\/2020\/03\/27\/en-ciudadela-deportiva-instalaran-hospital-de-campana-por-coronavirus\/"]}]},{"@type":"ImageObject","inLanguage":"es","@id":"https:\/\/noti-america.com\/site\/peru\/2020\/03\/27\/en-ciudadela-deportiva-instalaran-hospital-de-campana-por-coronavirus\/#primaryimage","url":"https:\/\/noti-america.com\/site\/peru\/wp-content\/uploads\/sites\/8\/2020\/03\/1421103_10202443380667094_1420521460_o.jpg","contentUrl":"https:\/\/noti-america.com\/site\/peru\/wp-content\/uploads\/sites\/8\/2020\/03\/1421103_10202443380667094_1420521460_o.jpg","width":800,"height":431},{"@type":"BreadcrumbList","@id":"https:\/\/noti-america.com\/site\/peru\/2020\/03\/27\/en-ciudadela-deportiva-instalaran-hospital-de-campana-por-coronavirus\/#breadcrumb","itemListElement":[{"@type":"ListItem","position":1,"name":"Portada","item":"https:\/\/noti-america.com\/site\/peru\/"},{"@type":"ListItem","position":2,"name":"En Ciudadela Deportiva instalar\u00e1n hospital de campa\u00f1a por coronavirus"}]},{"@type":"WebSite","@id":"https:\/\/noti-america.com\/site\/peru\/#website","url":"https:\/\/noti-america.com\/site\/peru\/","name":"Per\u00fa | Noti-America.com","description":"","publisher":{"@id":"https:\/\/noti-america.com\/site\/peru\/#organization"},"potentialAction":[{"@type":"SearchAction","target":{"@type":"EntryPoint","urlTemplate":"https:\/\/noti-america.com\/site\/peru\/?s={search_term_string}"},"query-input":{"@type":"PropertyValueSpecification","valueRequired":true,"valueName":"search_term_string"}}],"inLanguage":"es"},{"@type":"Organization","@id":"https:\/\/noti-america.com\/site\/peru\/#organization","name":"Noti-America LLC | Per\u00fa","url":"https:\/\/noti-america.com\/site\/peru\/","logo":{"@type":"ImageObject","inLanguage":"es","@id":"https:\/\/noti-america.com\/site\/peru\/#\/schema\/logo\/image\/","url":"https:\/\/noti-america.com\/site\/peru\/wp-content\/uploads\/sites\/8\/2020\/07\/LogoNA-4x3-1.jpg","contentUrl":"https:\/\/noti-america.com\/site\/peru\/wp-content\/uploads\/sites\/8\/2020\/07\/LogoNA-4x3-1.jpg","width":1236,"height":1080,"caption":"Noti-America LLC | Per\u00fa"},"image":{"@id":"https:\/\/noti-america.com\/site\/peru\/#\/schema\/logo\/image\/"}},{"@type":"Person","@id":"https:\/\/noti-america.com\/site\/peru\/#\/schema\/person\/28a35f20383bf2485bc838bfe76aebdc","name":"Geomar Pacheco R.","image":{"@type":"ImageObject","inLanguage":"es","@id":"https:\/\/secure.gravatar.com\/avatar\/5f09cb527f9632e92234c6fc6e2cbcefebeed6bdeb0f9129ea4cbc7aa71587c6?s=96&d=mm&r=g","url":"https:\/\/secure.gravatar.com\/avatar\/5f09cb527f9632e92234c6fc6e2cbcefebeed6bdeb0f9129ea4cbc7aa71587c6?s=96&d=mm&r=g","contentUrl":"https:\/\/secure.gravatar.com\/avatar\/5f09cb527f9632e92234c6fc6e2cbcefebeed6bdeb0f9129ea4cbc7aa71587c6?s=96&d=mm&r=g","caption":"Geomar Pacheco R."},"sameAs":["https:\/\/x.com\/GeomarPacheco1"],"url":"https:\/\/noti-america.com\/site\/peru\/author\/gpacheco\/"}]}},"_links":{"self":[{"href":"https:\/\/noti-america.com\/site\/peru\/wp-json\/wp\/v2\/posts\/2725","targetHints":{"allow":["GET"]}}],"collection":[{"href":"https:\/\/noti-america.com\/site\/peru\/wp-json\/wp\/v2\/posts"}],"about":[{"href":"https:\/\/noti-america.com\/site\/peru\/wp-json\/wp\/v2\/types\/post"}],"author":[{"embeddable":true,"href":"https:\/\/noti-america.com\/site\/peru\/wp-json\/wp\/v2\/users\/70"}],"replies":[{"embeddable":true,"href":"https:\/\/noti-america.com\/site\/peru\/wp-json\/wp\/v2\/comments?post=2725"}],"version-history":[{"count":1,"href":"https:\/\/noti-america.com\/site\/peru\/wp-json\/wp\/v2\/posts\/2725\/revisions"}],"predecessor-version":[{"id":2728,"href":"https:\/\/noti-america.com\/site\/peru\/wp-json\/wp\/v2\/posts\/2725\/revisions\/2728"}],"wp:featuredmedia":[{"embeddable":true,"href":"https:\/\/noti-america.com\/site\/peru\/wp-json\/wp\/v2\/media\/2726"}],"wp:attachment":[{"href":"https:\/\/noti-america.com\/site\/peru\/wp-json\/wp\/v2\/media?parent=2725"}],"wp:term":[{"taxonomy":"category","embeddable":true,"href":"https:\/\/noti-america.com\/site\/peru\/wp-json\/wp\/v2\/categories?post=2725"},{"taxonomy":"post_tag","embeddable":true,"href":"https:\/\/noti-america.com\/site\/peru\/wp-json\/wp\/v2\/tags?post=2725"}],"curies":[{"name":"wp","href":"https:\/\/api.w.org\/{rel}","templated":true}]}}