{"id":2527,"date":"2020-02-24T14:41:02","date_gmt":"2020-02-24T14:41:02","guid":{"rendered":"http:\/\/noti-america.com\/site\/peru\/?p=2527"},"modified":"2020-02-24T14:41:02","modified_gmt":"2020-02-24T14:41:02","slug":"siguen-cayendo-los-politicos-peruanos-involucrados-en-corrupcion-hoy-fue-el-turno-de-yehude-simon-ayer-fueron-sotomayor-y-albrecht","status":"publish","type":"post","link":"https:\/\/noti-america.com\/site\/peru\/2020\/02\/24\/siguen-cayendo-los-politicos-peruanos-involucrados-en-corrupcion-hoy-fue-el-turno-de-yehude-simon-ayer-fueron-sotomayor-y-albrecht\/","title":{"rendered":"Siguen cayendo los pol\u00edticos peruanos involucrados en Corrupci\u00f3n: Hoy fue el turno de Yehude Simon, ayer fueron Sotomayor y Albrecht."},"content":{"rendered":"<p><strong> <a href=\"http:\/\/noti-america.com\/site\/peru\/wp-content\/uploads\/sites\/8\/2020\/02\/Foto-Andina.jpg\"><img loading=\"lazy\" decoding=\"async\" class=\"aligncenter size-large wp-image-2528\" src=\"http:\/\/noti-america.com\/site\/peru\/wp-content\/uploads\/sites\/8\/2020\/02\/Foto-Andina-1024x682.jpg\" alt=\"\" width=\"1024\" height=\"682\" srcset=\"https:\/\/noti-america.com\/site\/peru\/wp-content\/uploads\/sites\/8\/2020\/02\/Foto-Andina-1024x682.jpg 1024w, https:\/\/noti-america.com\/site\/peru\/wp-content\/uploads\/sites\/8\/2020\/02\/Foto-Andina-300x200.jpg 300w, https:\/\/noti-america.com\/site\/peru\/wp-content\/uploads\/sites\/8\/2020\/02\/Foto-Andina-768x511.jpg 768w, https:\/\/noti-america.com\/site\/peru\/wp-content\/uploads\/sites\/8\/2020\/02\/Foto-Andina-1536x1022.jpg 1536w, https:\/\/noti-america.com\/site\/peru\/wp-content\/uploads\/sites\/8\/2020\/02\/Foto-Andina-272x182.jpg 272w, https:\/\/noti-america.com\/site\/peru\/wp-content\/uploads\/sites\/8\/2020\/02\/Foto-Andina.jpg 1800w\" sizes=\"auto, (max-width: 1024px) 100vw, 1024px\" \/><\/a><\/strong><\/p>\n<h6><strong>Detenci\u00f3n de Yehude Simon.\u00a0 Foto: Andina<\/strong><\/h6>\n<p><strong>Autor de la presente publicaci\u00f3n: Jos\u00e9 Alfonso Maza Bera<\/strong><\/p>\n<p style=\"text-align: justify\"><strong>Si alguna vez, alguien pens\u00f3 err\u00f3neamente que hab\u00eda alg\u00fan tipo de persecuci\u00f3n dirigida contra determinada persona,\u00a0 hoy, esa teor\u00eda resulta absurda, pues uno a uno siguen cayendo los pol\u00edticos comprometidos con actos de corrupci\u00f3n.<\/strong><\/p>\n<p style=\"text-align: justify\"><strong>Esta vez le toc\u00f3 el turno a Yehude Simon, Ex presidente del Consejo de Ministros, quien acaba de ser detenido en virtud a una orden de prisi\u00f3n preliminar dictada por la jueza Mar\u00eda \u00c1lvarez, en atenci\u00f3n \u00a0a un pedido de Jos\u00e9 Domingo P\u00e9rez, fiscal del equipo especial Lava Lato.<\/strong><\/p>\n<p style=\"text-align: justify\"><strong>Estos hechos ocurren en el marco de las investigaciones por presuntos actos de corrupci\u00f3n en el Proyecto Olmos.<\/strong><\/p>\n<p style=\"text-align: justify\"><strong>Cuando Yehude Simon lideraba el Gobierno Regional de Lambayeque (Julio 2004) se firm\u00f3 un contrato por $185 millones de D\u00f3lares. Para la construcci\u00f3n y mantenimiento de una represa.<\/strong><\/p>\n<p style=\"text-align: justify\"><strong>Este contrato fue con la Concesionaria Trasvase Olmos, conformada por Norberto Odebrecht S:A. y por Odebrecht Participacoes e Investiments.<\/strong><\/p>\n<p style=\"text-align: justify\"><strong>Como todas las obras donde intervino Odebrecht, tambi\u00e9n se firm\u00f3 UNA ADENDA al contrato, mediante el cual se especificaba que el Ejecutivo garantizaba pagos por esa obra.<\/strong><\/p>\n<p style=\"text-align: justify\"><strong>Es bueno recordar que hace un mes, Barata declar\u00f3 que entreg\u00f3 a Yehude Simon la cantidad de 300 mil D\u00f3lares para su campa\u00f1a de reelecci\u00f3n el a\u00f1o 2006<\/strong><\/p>\n<p><a href=\"http:\/\/noti-america.com\/site\/peru\/wp-content\/uploads\/sites\/8\/2020\/02\/Foto-el-Regional-de-Piura.jpg\"><img loading=\"lazy\" decoding=\"async\" class=\"aligncenter size-medium wp-image-2529\" src=\"http:\/\/noti-america.com\/site\/peru\/wp-content\/uploads\/sites\/8\/2020\/02\/Foto-el-Regional-de-Piura-300x182.jpg\" alt=\"\" width=\"300\" height=\"182\" srcset=\"https:\/\/noti-america.com\/site\/peru\/wp-content\/uploads\/sites\/8\/2020\/02\/Foto-el-Regional-de-Piura-300x182.jpg 300w, https:\/\/noti-america.com\/site\/peru\/wp-content\/uploads\/sites\/8\/2020\/02\/Foto-el-Regional-de-Piura-768x465.jpg 768w, https:\/\/noti-america.com\/site\/peru\/wp-content\/uploads\/sites\/8\/2020\/02\/Foto-el-Regional-de-Piura.jpg 1024w\" sizes=\"auto, (max-width: 300px) 100vw, 300px\" \/><\/a><\/p>\n<h6><strong>Sotomayor y Albrecht detenidos. Foto El Regional de Piura<\/strong><\/h6>\n<h3><strong>Sotomayor y Albrecht en prisi\u00f3n preventiva<\/strong><\/h3>\n<p style=\"text-align: justify\"><strong>Ayer domingo 23 de febrero El Juez Richard Concepci\u00f3n Carhuancho, dict\u00f3 36 meses de prisi\u00f3n preventiva contra Juan Sotomayor, ex alcalde del Callao y contra V\u00edctor Albrecht, en el marco de las investigaciones por el caso de la organizaci\u00f3n criminal \u201cRich Port II\u201d.<\/strong><\/p>\n<p style=\"text-align: justify\"><strong>El requerimiento de prisi\u00f3n preventiva fue solicitado por la Fiscal Sandra Castro.<\/strong><\/p>\n<p style=\"text-align: justify\"><strong>El Ministerio P\u00fablico, investiga a Sotomayor y Albrecht por los presuntos delitos de\u00a0 <\/strong><strong>Organizaci\u00f3n criminal, extorsi\u00f3n y sicariato.<\/strong><\/p>\n<p style=\"text-align: justify\"><strong>Este requerimiento se hizo extensivo a otras diez personas comprometidas en este caso de presunta extorsi\u00f3n a directivos de la empresa Servicio de limpieza P\u00fablica del Callao, igualmente por la conbranza ilegal mediante la modalidad de trabajadores fantasmas en esta empresa.<\/strong><\/p>\n<p><a href=\"http:\/\/noti-america.com\/site\/peru\/wp-content\/uploads\/sites\/8\/2020\/02\/logo-jose-1-2.jpg\"><img loading=\"lazy\" decoding=\"async\" class=\"alignleft  wp-image-2525\" src=\"http:\/\/noti-america.com\/site\/peru\/wp-content\/uploads\/sites\/8\/2020\/02\/logo-jose-1-2-150x150.jpg\" alt=\"\" width=\"200\" height=\"200\" srcset=\"https:\/\/noti-america.com\/site\/peru\/wp-content\/uploads\/sites\/8\/2020\/02\/logo-jose-1-2-150x150.jpg 150w, https:\/\/noti-america.com\/site\/peru\/wp-content\/uploads\/sites\/8\/2020\/02\/logo-jose-1-2-160x160.jpg 160w, https:\/\/noti-america.com\/site\/peru\/wp-content\/uploads\/sites\/8\/2020\/02\/logo-jose-1-2-320x320.jpg 320w\" sizes=\"auto, (max-width: 200px) 100vw, 200px\" \/><\/a><\/p>\n<p><strong>\u00a0<\/strong><\/p>\n<p><strong>\u00a0<\/strong><\/p>\n","protected":false},"excerpt":{"rendered":"<p>Detenci\u00f3n de Yehude Simon.\u00a0 Foto: Andina Autor de la presente publicaci\u00f3n: Jos\u00e9 Alfonso Maza Bera Si alguna vez, alguien pens\u00f3 err\u00f3neamente que hab\u00eda alg\u00fan tipo de persecuci\u00f3n dirigida contra determinada persona,\u00a0 hoy, esa teor\u00eda&#46;&#46;&#46;<\/p>\n","protected":false},"author":70,"featured_media":2528,"comment_status":"open","ping_status":"open","sticky":false,"template":"","format":"standard","meta":{"_acf_changed":false,"rop_custom_images_group":[],"rop_custom_messages_group":[],"rop_publish_now":"initial","rop_publish_now_accounts":{"twitter_242054905_242054905":""},"rop_publish_now_history":[],"rop_publish_now_status":"pending","footnotes":""},"categories":[10,12,3],"tags":[],"class_list":["post-2527","post","type-post","status-publish","format-standard","has-post-thumbnail","hentry","category-actualidad","category-opinion","category-politica"],"acf":[],"yoast_head":"<!-- This site is optimized with the Yoast SEO Premium plugin v24.9 (Yoast SEO v27.2) - https:\/\/yoast.com\/product\/yoast-seo-premium-wordpress\/ -->\n<title>Siguen cayendo los pol\u00edticos peruanos involucrados en Corrupci\u00f3n: Hoy fue el turno de Yehude Simon, ayer fueron Sotomayor y Albrecht. - Per\u00fa | Noti-America.com<\/title>\n<meta name=\"robots\" content=\"index, follow, max-snippet:-1, max-image-preview:large, max-video-preview:-1\" \/>\n<link rel=\"canonical\" href=\"https:\/\/noti-america.com\/site\/peru\/2020\/02\/24\/siguen-cayendo-los-politicos-peruanos-involucrados-en-corrupcion-hoy-fue-el-turno-de-yehude-simon-ayer-fueron-sotomayor-y-albrecht\/\" \/>\n<meta property=\"og:locale\" content=\"es_ES\" \/>\n<meta property=\"og:type\" content=\"article\" \/>\n<meta property=\"og:title\" content=\"Siguen cayendo los pol\u00edticos peruanos involucrados en Corrupci\u00f3n: Hoy fue el turno de Yehude Simon, ayer fueron Sotomayor y Albrecht.\" \/>\n<meta property=\"og:description\" content=\"Detenci\u00f3n de Yehude Simon.\u00a0 Foto: Andina Autor de la presente publicaci\u00f3n: Jos\u00e9 Alfonso Maza Bera Si alguna vez, alguien pens\u00f3 err\u00f3neamente que hab\u00eda alg\u00fan tipo de persecuci\u00f3n dirigida contra determinada persona,\u00a0 hoy, esa teor\u00eda&#046;&#046;&#046;\" \/>\n<meta property=\"og:url\" content=\"https:\/\/noti-america.com\/site\/peru\/2020\/02\/24\/siguen-cayendo-los-politicos-peruanos-involucrados-en-corrupcion-hoy-fue-el-turno-de-yehude-simon-ayer-fueron-sotomayor-y-albrecht\/\" \/>\n<meta property=\"og:site_name\" content=\"Per\u00fa | Noti-America.com\" \/>\n<meta property=\"article:published_time\" content=\"2020-02-24T14:41:02+00:00\" \/>\n<meta property=\"og:image\" content=\"https:\/\/noti-america.com\/site\/peru\/wp-content\/uploads\/sites\/8\/2020\/02\/Foto-Andina.jpg\" \/>\n\t<meta property=\"og:image:width\" content=\"1800\" \/>\n\t<meta property=\"og:image:height\" content=\"1198\" \/>\n\t<meta property=\"og:image:type\" content=\"image\/jpeg\" \/>\n<meta name=\"author\" content=\"Geomar Pacheco R.\" \/>\n<meta name=\"twitter:card\" content=\"summary_large_image\" \/>\n<meta name=\"twitter:creator\" content=\"@GeomarPacheco1\" \/>\n<meta name=\"twitter:label1\" content=\"Escrito por\" \/>\n\t<meta name=\"twitter:data1\" content=\"Geomar Pacheco R.\" \/>\n\t<meta name=\"twitter:label2\" content=\"Tiempo estimado de lectura\" \/>\n\t<meta name=\"twitter:data2\" content=\"2 minutos\" \/>\n<script type=\"application\/ld+json\" class=\"yoast-schema-graph\">{\"@context\":\"https:\/\/schema.org\",\"@graph\":[{\"@type\":\"Article\",\"@id\":\"https:\/\/noti-america.com\/site\/peru\/2020\/02\/24\/siguen-cayendo-los-politicos-peruanos-involucrados-en-corrupcion-hoy-fue-el-turno-de-yehude-simon-ayer-fueron-sotomayor-y-albrecht\/#article\",\"isPartOf\":{\"@id\":\"https:\/\/noti-america.com\/site\/peru\/2020\/02\/24\/siguen-cayendo-los-politicos-peruanos-involucrados-en-corrupcion-hoy-fue-el-turno-de-yehude-simon-ayer-fueron-sotomayor-y-albrecht\/\"},\"author\":{\"name\":\"Geomar Pacheco R.\",\"@id\":\"https:\/\/noti-america.com\/site\/peru\/#\/schema\/person\/28a35f20383bf2485bc838bfe76aebdc\"},\"headline\":\"Siguen cayendo los pol\u00edticos peruanos involucrados en Corrupci\u00f3n: Hoy fue el turno de Yehude Simon, ayer fueron Sotomayor y Albrecht.\",\"datePublished\":\"2020-02-24T14:41:02+00:00\",\"mainEntityOfPage\":{\"@id\":\"https:\/\/noti-america.com\/site\/peru\/2020\/02\/24\/siguen-cayendo-los-politicos-peruanos-involucrados-en-corrupcion-hoy-fue-el-turno-de-yehude-simon-ayer-fueron-sotomayor-y-albrecht\/\"},\"wordCount\":396,\"commentCount\":0,\"publisher\":{\"@id\":\"https:\/\/noti-america.com\/site\/peru\/#organization\"},\"image\":{\"@id\":\"https:\/\/noti-america.com\/site\/peru\/2020\/02\/24\/siguen-cayendo-los-politicos-peruanos-involucrados-en-corrupcion-hoy-fue-el-turno-de-yehude-simon-ayer-fueron-sotomayor-y-albrecht\/#primaryimage\"},\"thumbnailUrl\":\"https:\/\/noti-america.com\/site\/peru\/wp-content\/uploads\/sites\/8\/2020\/02\/Foto-Andina.jpg\",\"articleSection\":[\"Actualidad\",\"Opini\u00f3n\",\"Pol\u00edtica\"],\"inLanguage\":\"es\",\"potentialAction\":[{\"@type\":\"CommentAction\",\"name\":\"Comment\",\"target\":[\"https:\/\/noti-america.com\/site\/peru\/2020\/02\/24\/siguen-cayendo-los-politicos-peruanos-involucrados-en-corrupcion-hoy-fue-el-turno-de-yehude-simon-ayer-fueron-sotomayor-y-albrecht\/#respond\"]}]},{\"@type\":\"WebPage\",\"@id\":\"https:\/\/noti-america.com\/site\/peru\/2020\/02\/24\/siguen-cayendo-los-politicos-peruanos-involucrados-en-corrupcion-hoy-fue-el-turno-de-yehude-simon-ayer-fueron-sotomayor-y-albrecht\/\",\"url\":\"https:\/\/noti-america.com\/site\/peru\/2020\/02\/24\/siguen-cayendo-los-politicos-peruanos-involucrados-en-corrupcion-hoy-fue-el-turno-de-yehude-simon-ayer-fueron-sotomayor-y-albrecht\/\",\"name\":\"Siguen cayendo los pol\u00edticos peruanos involucrados en Corrupci\u00f3n: Hoy fue el turno de Yehude Simon, ayer fueron Sotomayor y Albrecht. - Per\u00fa | Noti-America.com\",\"isPartOf\":{\"@id\":\"https:\/\/noti-america.com\/site\/peru\/#website\"},\"primaryImageOfPage\":{\"@id\":\"https:\/\/noti-america.com\/site\/peru\/2020\/02\/24\/siguen-cayendo-los-politicos-peruanos-involucrados-en-corrupcion-hoy-fue-el-turno-de-yehude-simon-ayer-fueron-sotomayor-y-albrecht\/#primaryimage\"},\"image\":{\"@id\":\"https:\/\/noti-america.com\/site\/peru\/2020\/02\/24\/siguen-cayendo-los-politicos-peruanos-involucrados-en-corrupcion-hoy-fue-el-turno-de-yehude-simon-ayer-fueron-sotomayor-y-albrecht\/#primaryimage\"},\"thumbnailUrl\":\"https:\/\/noti-america.com\/site\/peru\/wp-content\/uploads\/sites\/8\/2020\/02\/Foto-Andina.jpg\",\"datePublished\":\"2020-02-24T14:41:02+00:00\",\"breadcrumb\":{\"@id\":\"https:\/\/noti-america.com\/site\/peru\/2020\/02\/24\/siguen-cayendo-los-politicos-peruanos-involucrados-en-corrupcion-hoy-fue-el-turno-de-yehude-simon-ayer-fueron-sotomayor-y-albrecht\/#breadcrumb\"},\"inLanguage\":\"es\",\"potentialAction\":[{\"@type\":\"ReadAction\",\"target\":[\"https:\/\/noti-america.com\/site\/peru\/2020\/02\/24\/siguen-cayendo-los-politicos-peruanos-involucrados-en-corrupcion-hoy-fue-el-turno-de-yehude-simon-ayer-fueron-sotomayor-y-albrecht\/\"]}]},{\"@type\":\"ImageObject\",\"inLanguage\":\"es\",\"@id\":\"https:\/\/noti-america.com\/site\/peru\/2020\/02\/24\/siguen-cayendo-los-politicos-peruanos-involucrados-en-corrupcion-hoy-fue-el-turno-de-yehude-simon-ayer-fueron-sotomayor-y-albrecht\/#primaryimage\",\"url\":\"https:\/\/noti-america.com\/site\/peru\/wp-content\/uploads\/sites\/8\/2020\/02\/Foto-Andina.jpg\",\"contentUrl\":\"https:\/\/noti-america.com\/site\/peru\/wp-content\/uploads\/sites\/8\/2020\/02\/Foto-Andina.jpg\",\"width\":1800,\"height\":1198},{\"@type\":\"BreadcrumbList\",\"@id\":\"https:\/\/noti-america.com\/site\/peru\/2020\/02\/24\/siguen-cayendo-los-politicos-peruanos-involucrados-en-corrupcion-hoy-fue-el-turno-de-yehude-simon-ayer-fueron-sotomayor-y-albrecht\/#breadcrumb\",\"itemListElement\":[{\"@type\":\"ListItem\",\"position\":1,\"name\":\"Portada\",\"item\":\"https:\/\/noti-america.com\/site\/peru\/\"},{\"@type\":\"ListItem\",\"position\":2,\"name\":\"Siguen cayendo los pol\u00edticos peruanos involucrados en Corrupci\u00f3n: Hoy fue el turno de Yehude Simon, ayer fueron Sotomayor y Albrecht.\"}]},{\"@type\":\"WebSite\",\"@id\":\"https:\/\/noti-america.com\/site\/peru\/#website\",\"url\":\"https:\/\/noti-america.com\/site\/peru\/\",\"name\":\"Per\u00fa | Noti-America.com\",\"description\":\"\",\"publisher\":{\"@id\":\"https:\/\/noti-america.com\/site\/peru\/#organization\"},\"potentialAction\":[{\"@type\":\"SearchAction\",\"target\":{\"@type\":\"EntryPoint\",\"urlTemplate\":\"https:\/\/noti-america.com\/site\/peru\/?s={search_term_string}\"},\"query-input\":{\"@type\":\"PropertyValueSpecification\",\"valueRequired\":true,\"valueName\":\"search_term_string\"}}],\"inLanguage\":\"es\"},{\"@type\":\"Organization\",\"@id\":\"https:\/\/noti-america.com\/site\/peru\/#organization\",\"name\":\"Noti-America LLC | Per\u00fa\",\"url\":\"https:\/\/noti-america.com\/site\/peru\/\",\"logo\":{\"@type\":\"ImageObject\",\"inLanguage\":\"es\",\"@id\":\"https:\/\/noti-america.com\/site\/peru\/#\/schema\/logo\/image\/\",\"url\":\"https:\/\/noti-america.com\/site\/peru\/wp-content\/uploads\/sites\/8\/2020\/07\/LogoNA-4x3-1.jpg\",\"contentUrl\":\"https:\/\/noti-america.com\/site\/peru\/wp-content\/uploads\/sites\/8\/2020\/07\/LogoNA-4x3-1.jpg\",\"width\":1236,\"height\":1080,\"caption\":\"Noti-America LLC | Per\u00fa\"},\"image\":{\"@id\":\"https:\/\/noti-america.com\/site\/peru\/#\/schema\/logo\/image\/\"}},{\"@type\":\"Person\",\"@id\":\"https:\/\/noti-america.com\/site\/peru\/#\/schema\/person\/28a35f20383bf2485bc838bfe76aebdc\",\"name\":\"Geomar Pacheco R.\",\"image\":{\"@type\":\"ImageObject\",\"inLanguage\":\"es\",\"@id\":\"https:\/\/secure.gravatar.com\/avatar\/5f09cb527f9632e92234c6fc6e2cbcefebeed6bdeb0f9129ea4cbc7aa71587c6?s=96&d=mm&r=g\",\"url\":\"https:\/\/secure.gravatar.com\/avatar\/5f09cb527f9632e92234c6fc6e2cbcefebeed6bdeb0f9129ea4cbc7aa71587c6?s=96&d=mm&r=g\",\"contentUrl\":\"https:\/\/secure.gravatar.com\/avatar\/5f09cb527f9632e92234c6fc6e2cbcefebeed6bdeb0f9129ea4cbc7aa71587c6?s=96&d=mm&r=g\",\"caption\":\"Geomar Pacheco R.\"},\"sameAs\":[\"https:\/\/x.com\/GeomarPacheco1\"],\"url\":\"https:\/\/noti-america.com\/site\/peru\/author\/gpacheco\/\"}]}<\/script>\n<!-- \/ Yoast SEO Premium plugin. -->","yoast_head_json":{"title":"Siguen cayendo los pol\u00edticos peruanos involucrados en Corrupci\u00f3n: Hoy fue el turno de Yehude Simon, ayer fueron Sotomayor y Albrecht. - Per\u00fa | Noti-America.com","robots":{"index":"index","follow":"follow","max-snippet":"max-snippet:-1","max-image-preview":"max-image-preview:large","max-video-preview":"max-video-preview:-1"},"canonical":"https:\/\/noti-america.com\/site\/peru\/2020\/02\/24\/siguen-cayendo-los-politicos-peruanos-involucrados-en-corrupcion-hoy-fue-el-turno-de-yehude-simon-ayer-fueron-sotomayor-y-albrecht\/","og_locale":"es_ES","og_type":"article","og_title":"Siguen cayendo los pol\u00edticos peruanos involucrados en Corrupci\u00f3n: Hoy fue el turno de Yehude Simon, ayer fueron Sotomayor y Albrecht.","og_description":"Detenci\u00f3n de Yehude Simon.\u00a0 Foto: Andina Autor de la presente publicaci\u00f3n: Jos\u00e9 Alfonso Maza Bera Si alguna vez, alguien pens\u00f3 err\u00f3neamente que hab\u00eda alg\u00fan tipo de persecuci\u00f3n dirigida contra determinada persona,\u00a0 hoy, esa teor\u00eda&#46;&#46;&#46;","og_url":"https:\/\/noti-america.com\/site\/peru\/2020\/02\/24\/siguen-cayendo-los-politicos-peruanos-involucrados-en-corrupcion-hoy-fue-el-turno-de-yehude-simon-ayer-fueron-sotomayor-y-albrecht\/","og_site_name":"Per\u00fa | Noti-America.com","article_published_time":"2020-02-24T14:41:02+00:00","og_image":[{"width":1800,"height":1198,"url":"https:\/\/noti-america.com\/site\/peru\/wp-content\/uploads\/sites\/8\/2020\/02\/Foto-Andina.jpg","type":"image\/jpeg"}],"author":"Geomar Pacheco R.","twitter_card":"summary_large_image","twitter_creator":"@GeomarPacheco1","twitter_misc":{"Escrito por":"Geomar Pacheco R.","Tiempo estimado de lectura":"2 minutos"},"schema":{"@context":"https:\/\/schema.org","@graph":[{"@type":"Article","@id":"https:\/\/noti-america.com\/site\/peru\/2020\/02\/24\/siguen-cayendo-los-politicos-peruanos-involucrados-en-corrupcion-hoy-fue-el-turno-de-yehude-simon-ayer-fueron-sotomayor-y-albrecht\/#article","isPartOf":{"@id":"https:\/\/noti-america.com\/site\/peru\/2020\/02\/24\/siguen-cayendo-los-politicos-peruanos-involucrados-en-corrupcion-hoy-fue-el-turno-de-yehude-simon-ayer-fueron-sotomayor-y-albrecht\/"},"author":{"name":"Geomar Pacheco R.","@id":"https:\/\/noti-america.com\/site\/peru\/#\/schema\/person\/28a35f20383bf2485bc838bfe76aebdc"},"headline":"Siguen cayendo los pol\u00edticos peruanos involucrados en Corrupci\u00f3n: Hoy fue el turno de Yehude Simon, ayer fueron Sotomayor y Albrecht.","datePublished":"2020-02-24T14:41:02+00:00","mainEntityOfPage":{"@id":"https:\/\/noti-america.com\/site\/peru\/2020\/02\/24\/siguen-cayendo-los-politicos-peruanos-involucrados-en-corrupcion-hoy-fue-el-turno-de-yehude-simon-ayer-fueron-sotomayor-y-albrecht\/"},"wordCount":396,"commentCount":0,"publisher":{"@id":"https:\/\/noti-america.com\/site\/peru\/#organization"},"image":{"@id":"https:\/\/noti-america.com\/site\/peru\/2020\/02\/24\/siguen-cayendo-los-politicos-peruanos-involucrados-en-corrupcion-hoy-fue-el-turno-de-yehude-simon-ayer-fueron-sotomayor-y-albrecht\/#primaryimage"},"thumbnailUrl":"https:\/\/noti-america.com\/site\/peru\/wp-content\/uploads\/sites\/8\/2020\/02\/Foto-Andina.jpg","articleSection":["Actualidad","Opini\u00f3n","Pol\u00edtica"],"inLanguage":"es","potentialAction":[{"@type":"CommentAction","name":"Comment","target":["https:\/\/noti-america.com\/site\/peru\/2020\/02\/24\/siguen-cayendo-los-politicos-peruanos-involucrados-en-corrupcion-hoy-fue-el-turno-de-yehude-simon-ayer-fueron-sotomayor-y-albrecht\/#respond"]}]},{"@type":"WebPage","@id":"https:\/\/noti-america.com\/site\/peru\/2020\/02\/24\/siguen-cayendo-los-politicos-peruanos-involucrados-en-corrupcion-hoy-fue-el-turno-de-yehude-simon-ayer-fueron-sotomayor-y-albrecht\/","url":"https:\/\/noti-america.com\/site\/peru\/2020\/02\/24\/siguen-cayendo-los-politicos-peruanos-involucrados-en-corrupcion-hoy-fue-el-turno-de-yehude-simon-ayer-fueron-sotomayor-y-albrecht\/","name":"Siguen cayendo los pol\u00edticos peruanos involucrados en Corrupci\u00f3n: Hoy fue el turno de Yehude Simon, ayer fueron Sotomayor y Albrecht. - Per\u00fa | Noti-America.com","isPartOf":{"@id":"https:\/\/noti-america.com\/site\/peru\/#website"},"primaryImageOfPage":{"@id":"https:\/\/noti-america.com\/site\/peru\/2020\/02\/24\/siguen-cayendo-los-politicos-peruanos-involucrados-en-corrupcion-hoy-fue-el-turno-de-yehude-simon-ayer-fueron-sotomayor-y-albrecht\/#primaryimage"},"image":{"@id":"https:\/\/noti-america.com\/site\/peru\/2020\/02\/24\/siguen-cayendo-los-politicos-peruanos-involucrados-en-corrupcion-hoy-fue-el-turno-de-yehude-simon-ayer-fueron-sotomayor-y-albrecht\/#primaryimage"},"thumbnailUrl":"https:\/\/noti-america.com\/site\/peru\/wp-content\/uploads\/sites\/8\/2020\/02\/Foto-Andina.jpg","datePublished":"2020-02-24T14:41:02+00:00","breadcrumb":{"@id":"https:\/\/noti-america.com\/site\/peru\/2020\/02\/24\/siguen-cayendo-los-politicos-peruanos-involucrados-en-corrupcion-hoy-fue-el-turno-de-yehude-simon-ayer-fueron-sotomayor-y-albrecht\/#breadcrumb"},"inLanguage":"es","potentialAction":[{"@type":"ReadAction","target":["https:\/\/noti-america.com\/site\/peru\/2020\/02\/24\/siguen-cayendo-los-politicos-peruanos-involucrados-en-corrupcion-hoy-fue-el-turno-de-yehude-simon-ayer-fueron-sotomayor-y-albrecht\/"]}]},{"@type":"ImageObject","inLanguage":"es","@id":"https:\/\/noti-america.com\/site\/peru\/2020\/02\/24\/siguen-cayendo-los-politicos-peruanos-involucrados-en-corrupcion-hoy-fue-el-turno-de-yehude-simon-ayer-fueron-sotomayor-y-albrecht\/#primaryimage","url":"https:\/\/noti-america.com\/site\/peru\/wp-content\/uploads\/sites\/8\/2020\/02\/Foto-Andina.jpg","contentUrl":"https:\/\/noti-america.com\/site\/peru\/wp-content\/uploads\/sites\/8\/2020\/02\/Foto-Andina.jpg","width":1800,"height":1198},{"@type":"BreadcrumbList","@id":"https:\/\/noti-america.com\/site\/peru\/2020\/02\/24\/siguen-cayendo-los-politicos-peruanos-involucrados-en-corrupcion-hoy-fue-el-turno-de-yehude-simon-ayer-fueron-sotomayor-y-albrecht\/#breadcrumb","itemListElement":[{"@type":"ListItem","position":1,"name":"Portada","item":"https:\/\/noti-america.com\/site\/peru\/"},{"@type":"ListItem","position":2,"name":"Siguen cayendo los pol\u00edticos peruanos involucrados en Corrupci\u00f3n: Hoy fue el turno de Yehude Simon, ayer fueron Sotomayor y Albrecht."}]},{"@type":"WebSite","@id":"https:\/\/noti-america.com\/site\/peru\/#website","url":"https:\/\/noti-america.com\/site\/peru\/","name":"Per\u00fa | Noti-America.com","description":"","publisher":{"@id":"https:\/\/noti-america.com\/site\/peru\/#organization"},"potentialAction":[{"@type":"SearchAction","target":{"@type":"EntryPoint","urlTemplate":"https:\/\/noti-america.com\/site\/peru\/?s={search_term_string}"},"query-input":{"@type":"PropertyValueSpecification","valueRequired":true,"valueName":"search_term_string"}}],"inLanguage":"es"},{"@type":"Organization","@id":"https:\/\/noti-america.com\/site\/peru\/#organization","name":"Noti-America LLC | Per\u00fa","url":"https:\/\/noti-america.com\/site\/peru\/","logo":{"@type":"ImageObject","inLanguage":"es","@id":"https:\/\/noti-america.com\/site\/peru\/#\/schema\/logo\/image\/","url":"https:\/\/noti-america.com\/site\/peru\/wp-content\/uploads\/sites\/8\/2020\/07\/LogoNA-4x3-1.jpg","contentUrl":"https:\/\/noti-america.com\/site\/peru\/wp-content\/uploads\/sites\/8\/2020\/07\/LogoNA-4x3-1.jpg","width":1236,"height":1080,"caption":"Noti-America LLC | Per\u00fa"},"image":{"@id":"https:\/\/noti-america.com\/site\/peru\/#\/schema\/logo\/image\/"}},{"@type":"Person","@id":"https:\/\/noti-america.com\/site\/peru\/#\/schema\/person\/28a35f20383bf2485bc838bfe76aebdc","name":"Geomar Pacheco R.","image":{"@type":"ImageObject","inLanguage":"es","@id":"https:\/\/secure.gravatar.com\/avatar\/5f09cb527f9632e92234c6fc6e2cbcefebeed6bdeb0f9129ea4cbc7aa71587c6?s=96&d=mm&r=g","url":"https:\/\/secure.gravatar.com\/avatar\/5f09cb527f9632e92234c6fc6e2cbcefebeed6bdeb0f9129ea4cbc7aa71587c6?s=96&d=mm&r=g","contentUrl":"https:\/\/secure.gravatar.com\/avatar\/5f09cb527f9632e92234c6fc6e2cbcefebeed6bdeb0f9129ea4cbc7aa71587c6?s=96&d=mm&r=g","caption":"Geomar Pacheco R."},"sameAs":["https:\/\/x.com\/GeomarPacheco1"],"url":"https:\/\/noti-america.com\/site\/peru\/author\/gpacheco\/"}]}},"_links":{"self":[{"href":"https:\/\/noti-america.com\/site\/peru\/wp-json\/wp\/v2\/posts\/2527","targetHints":{"allow":["GET"]}}],"collection":[{"href":"https:\/\/noti-america.com\/site\/peru\/wp-json\/wp\/v2\/posts"}],"about":[{"href":"https:\/\/noti-america.com\/site\/peru\/wp-json\/wp\/v2\/types\/post"}],"author":[{"embeddable":true,"href":"https:\/\/noti-america.com\/site\/peru\/wp-json\/wp\/v2\/users\/70"}],"replies":[{"embeddable":true,"href":"https:\/\/noti-america.com\/site\/peru\/wp-json\/wp\/v2\/comments?post=2527"}],"version-history":[{"count":1,"href":"https:\/\/noti-america.com\/site\/peru\/wp-json\/wp\/v2\/posts\/2527\/revisions"}],"predecessor-version":[{"id":2530,"href":"https:\/\/noti-america.com\/site\/peru\/wp-json\/wp\/v2\/posts\/2527\/revisions\/2530"}],"wp:featuredmedia":[{"embeddable":true,"href":"https:\/\/noti-america.com\/site\/peru\/wp-json\/wp\/v2\/media\/2528"}],"wp:attachment":[{"href":"https:\/\/noti-america.com\/site\/peru\/wp-json\/wp\/v2\/media?parent=2527"}],"wp:term":[{"taxonomy":"category","embeddable":true,"href":"https:\/\/noti-america.com\/site\/peru\/wp-json\/wp\/v2\/categories?post=2527"},{"taxonomy":"post_tag","embeddable":true,"href":"https:\/\/noti-america.com\/site\/peru\/wp-json\/wp\/v2\/tags?post=2527"}],"curies":[{"name":"wp","href":"https:\/\/api.w.org\/{rel}","templated":true}]}}