{"id":2274,"date":"2020-02-07T14:54:10","date_gmt":"2020-02-07T14:54:10","guid":{"rendered":"http:\/\/noti-america.com\/site\/peru\/?p=2274"},"modified":"2020-02-07T14:54:10","modified_gmt":"2020-02-07T14:54:10","slug":"odebrecht-demanda-a-peru-ante-la-ciadi","status":"publish","type":"post","link":"https:\/\/noti-america.com\/site\/peru\/2020\/02\/07\/odebrecht-demanda-a-peru-ante-la-ciadi\/","title":{"rendered":"\u00abODEBRECHT DEMANDA A PER\u00da ANTE LA CIADI"},"content":{"rendered":"<p>&nbsp;<\/p>\n<p><strong><a href=\"http:\/\/noti-america.com\/site\/peru\/wp-content\/uploads\/sites\/8\/2020\/02\/Odebrecht.-Foto-archivo-Correo.jpg\"><img loading=\"lazy\" decoding=\"async\" class=\"aligncenter  wp-image-2275\" src=\"http:\/\/noti-america.com\/site\/peru\/wp-content\/uploads\/sites\/8\/2020\/02\/Odebrecht.-Foto-archivo-Correo-300x162.jpg\" alt=\"\" width=\"494\" height=\"267\" srcset=\"https:\/\/noti-america.com\/site\/peru\/wp-content\/uploads\/sites\/8\/2020\/02\/Odebrecht.-Foto-archivo-Correo-300x162.jpg 300w, https:\/\/noti-america.com\/site\/peru\/wp-content\/uploads\/sites\/8\/2020\/02\/Odebrecht.-Foto-archivo-Correo-768x414.jpg 768w, https:\/\/noti-america.com\/site\/peru\/wp-content\/uploads\/sites\/8\/2020\/02\/Odebrecht.-Foto-archivo-Correo.jpg 980w\" sizes=\"auto, (max-width: 494px) 100vw, 494px\" \/><\/a><\/strong><\/p>\n<p><strong>\u00a0Foto: Andina<\/strong><\/p>\n<p><strong>\u201cODEBRECHT EXIGE INDEMNIZACI\u00d3N DE US$1,200 MILLONES\u201d<\/strong><\/p>\n<p><strong>CIUDADAN\u00cdA EXPRESA SU APOYO A LOS FISCALES DEL CASO LAVA JATO<\/strong><\/p>\n<p style=\"text-align: justify\"><strong>ODEBRECHT demand\u00f3 \u00a0al Estado peruano ante el Centro Internacional de Arreglo de Diferencias Relativas a Inversiones (CIADI), del Banco Mundial, por el proyecto Gasoducto del Sur. <\/strong><strong>Proyecto que se encuentra paralizado hace cuatro a\u00f1os. Y pide el pago de US$1,200 millones como indemnizaci\u00f3n.<\/strong><\/p>\n<p style=\"text-align: justify\"><strong>Odebrecht argumenta\u00a0 que con fecha 24-1-2016 <\/strong><strong>se cancel\u00f3 \u201cde manera arbitraria\u201d el contrato de concesi\u00f3n del Gaseoducto Sur Peruano y que se violaron sus derechos al ejecutarse la carta fi<\/strong>\u00a0<strong> \u00a0Obra del Gaseoducto Sur Pertuano. Foto rpp.pe<\/strong><\/p>\n<p><a href=\"http:\/\/noti-america.com\/site\/peru\/wp-content\/uploads\/sites\/8\/2020\/02\/rpp.pe_.jpg\"><img loading=\"lazy\" decoding=\"async\" class=\"aligncenter  wp-image-2288\" src=\"http:\/\/noti-america.com\/site\/peru\/wp-content\/uploads\/sites\/8\/2020\/02\/rpp.pe_.jpg\" alt=\"\" width=\"473\" height=\"266\" \/><\/a><\/p>\n<p><strong>Obra del Gaseoducto Sur Peruano. Foto rpp.pe<\/strong><\/p>\n<p style=\"text-align: justify\"><strong>Consecuentemente \u201cla concesionaria qued\u00f3 con significativas obligaciones de reparo de financiamientos tomados para la ejecuci\u00f3n de las obras, de pagos de deudas con proveedores y trabajadores\u201d.<\/strong><\/p>\n<p style=\"text-align: justify\"><strong>Este hecho ocasion\u00f3 que los enemigos del acuerdo de Odebrecht, \u00a0salieran en coro y en forma orquestada a atacar a los fiscales del equipo Lava Jato.<\/strong><\/p>\n<p><a href=\"http:\/\/noti-america.com\/site\/peru\/wp-content\/uploads\/sites\/8\/2020\/02\/G\u00e1lvez.-canal-N.jpg\"><img loading=\"lazy\" decoding=\"async\" class=\"aligncenter  wp-image-2287\" src=\"http:\/\/noti-america.com\/site\/peru\/wp-content\/uploads\/sites\/8\/2020\/02\/G\u00e1lvez.-canal-N-300x169.jpg\" alt=\"\" width=\"353\" height=\"199\" srcset=\"https:\/\/noti-america.com\/site\/peru\/wp-content\/uploads\/sites\/8\/2020\/02\/G\u00e1lvez.-canal-N-300x169.jpg 300w, https:\/\/noti-america.com\/site\/peru\/wp-content\/uploads\/sites\/8\/2020\/02\/G\u00e1lvez.-canal-N.jpg 603w\" sizes=\"auto, (max-width: 353px) 100vw, 353px\" \/><\/a><\/p>\n<p><strong> \u00a0 \u00a0 \u00a0 \u00a0 \u00a0Fiscal Supremo Tom\u00e1s G\u00e1lvez. Foto Canal N<\/strong><\/p>\n<p style=\"text-align: justify\"><strong>Tom\u00e1s G\u00e1lvez, Fiscal supremo investigado por el caso cuellos blancos y sobre quien pesa impedimento de salida, <\/strong><strong>\u00a0denunci\u00f3 a los integrantes del Equipo Especial Lava Jato,\u00a0Jos\u00e9 Domingo P\u00e9rez y Rafael Vela Barba por presuntamente haber incurrido en los delitos de falsedad ideol\u00f3gica, peculado y encubrimiento a favor de la corrupta constructora Odebrecht.<\/strong><\/p>\n<p style=\"text-align: justify\"><strong><a href=\"http:\/\/noti-america.com\/site\/peru\/wp-content\/uploads\/sites\/8\/2020\/02\/Olaechea.rpp_.pe_.jpg\"><img loading=\"lazy\" decoding=\"async\" class=\"aligncenter  wp-image-2289\" src=\"http:\/\/noti-america.com\/site\/peru\/wp-content\/uploads\/sites\/8\/2020\/02\/Olaechea.rpp_.pe_-300x168.jpg\" alt=\"\" width=\"389\" height=\"218\" \/><\/a><\/strong><\/p>\n<p>\u00a0 \u00a0 \u00a0 \u00a0 \u00a0 \u00a0 \u00a0 \u00a0 \u00a0 \u00a0 \u00a0 \u00a0 \u00a0 \u00a0 \u00a0 \u00a0 \u00a0 \u00a0 \u00a0 \u00a0 \u00a0 \u00a0 \u00a0 \u00a0 \u00a0 \u00a0 \u00a0 \u00a0 \u00a0 \u00a0 \u00a0 \u00a0 \u00a0 \u00a0 \u00a0 \u00a0\u00a0<strong> \u00a0Pedro Olaechea. Foto\u00a0 rpp.pe<\/strong><\/p>\n<p style=\"text-align: justify\">\u00a0 \u00a0 \u00a0 \u00a0 \u00a0 \u00a0 \u00a0\u00a0<strong>A su vez el presidente de la Comisi\u00f3n Permanente del Congreso Pedro Olaechea, otro enemigo del acuerdo dijo: <\/strong><strong>\u00bfJos\u00e9 Domingo P\u00e9rez y Rafael Vela deber\u00edan seguir en sus puestos? \u00bfQu\u00e9 tan competentes son? \u00bfQu\u00e9 opinas? Pr\u00e1cticamente le est\u00e1n costando al pa\u00eds US$1.200 millones [&#8230;] \u00bfDe d\u00f3nde saldr\u00e1 el dinero que est\u00e1 demandando Odebrecht?\u00a0<\/strong><\/p>\n<p><a href=\"http:\/\/noti-america.com\/site\/peru\/wp-content\/uploads\/sites\/8\/2020\/02\/Vitocho.-rpp.pe_.jpg\"><img loading=\"lazy\" decoding=\"async\" class=\"aligncenter  wp-image-2290\" src=\"http:\/\/noti-america.com\/site\/peru\/wp-content\/uploads\/sites\/8\/2020\/02\/Vitocho.-rpp.pe_.jpg\" alt=\"\" width=\"455\" height=\"256\" \/><\/a><\/p>\n<p><strong>\u00a0 \u00a0 \u00a0 \u00a0 \u00a0 \u00a0 \u00a0 \u00a0 \u00a0 \u00a0 \u00a0 \u00a0 \u00a0 \u00a0 \u00a0 \u00a0 \u00a0 \u00a0 \u00a0 \u00a0 \u00a0 \u00a0 \u00a0 \u00a0 \u00a0 \u00a0 \u00a0 \u00a0 \u00a0 \u00a0 Vl\u00edctor Andr\u00e9s Garc\u00eda Bela\u00fande. Foto rpp.pe<\/strong><\/p>\n<p style=\"text-align: justify\"><strong>Por su parte V\u00edctor Andr\u00e9s Garc\u00eda Bela\u00fande, ex integrante del congreso disuelto y que desde la bancada de Acci\u00f3n Popular permanentemente estuvo en contra de las investigaciones del equipo de Fiscales Lava Jato,\u00a0 dijo que Odebrecht hab\u00eda asestado \u201cuna pu\u00f1alada por la espalda al Per\u00fa\u201d y cuestion\u00f3 el trabajo de los procuradores. \u201cEso pasa por poner procuradores novatos\u201d<\/strong><\/p>\n<p><a href=\"http:\/\/noti-america.com\/site\/peru\/wp-content\/uploads\/sites\/8\/2020\/02\/Vicente-Zevallos.-andina.pe_.jpg\"><img loading=\"lazy\" decoding=\"async\" class=\"aligncenter  wp-image-2291\" src=\"http:\/\/noti-america.com\/site\/peru\/wp-content\/uploads\/sites\/8\/2020\/02\/Vicente-Zevallos.-andina.pe_.jpg\" alt=\"\" width=\"405\" height=\"269\" srcset=\"https:\/\/noti-america.com\/site\/peru\/wp-content\/uploads\/sites\/8\/2020\/02\/Vicente-Zevallos.-andina.pe_.jpg 275w, https:\/\/noti-america.com\/site\/peru\/wp-content\/uploads\/sites\/8\/2020\/02\/Vicente-Zevallos.-andina.pe_-272x182.jpg 272w\" sizes=\"auto, (max-width: 405px) 100vw, 405px\" \/><\/a><\/p>\n<p><strong>Vicente Zevallos. Foto Andina.pe<\/strong><\/p>\n<p style=\"text-align: justify\"><strong>El Jefe del Gabinete Vicente Zevallos<\/strong><strong> estim\u00f3 que esa demanda no lograr\u00e1 prosperar ya que carece de sustento.<\/strong><\/p>\n<p style=\"text-align: justify\"><b>\u201cNo tiene l\u00f3gica y nos parece un contrasentido que estando sujeto a un acuerdo de colaboraci\u00f3n eficaz, siendo evidente y manifiesta la carga probatoria de actos irregulares, inescrupulosos y corruptos en el caso Gasoducto, plantee por otro lado una contra demanda en un espacio arbitral al Estado Peruano\u201d<\/b><\/p>\n<p><a href=\"http:\/\/noti-america.com\/site\/peru\/wp-content\/uploads\/sites\/8\/2020\/02\/Vela.-gesti\u00a6n.pe_.jpg\"><img loading=\"lazy\" decoding=\"async\" class=\"aligncenter  wp-image-2292\" src=\"http:\/\/noti-america.com\/site\/peru\/wp-content\/uploads\/sites\/8\/2020\/02\/Vela.-gesti\u00a6n.pe_-300x162.jpg\" alt=\"\" width=\"494\" height=\"267\" srcset=\"https:\/\/noti-america.com\/site\/peru\/wp-content\/uploads\/sites\/8\/2020\/02\/Vela.-gesti\u00a6n.pe_-300x162.jpg 300w, https:\/\/noti-america.com\/site\/peru\/wp-content\/uploads\/sites\/8\/2020\/02\/Vela.-gesti\u00a6n.pe_.jpg 306w\" sizes=\"auto, (max-width: 494px) 100vw, 494px\" \/><\/a><\/p>\n<p><strong>\u00a0 Fiscal Rafael Vela. Foto Gesti\u00f3n.pe<\/strong><\/p>\n<p style=\"text-align: justify\"><strong>El fiscal Rafael Vela, consider\u00f3 que \u201cesta demanda no tiene <\/strong><strong>ning\u00fan sentido para nosotros, y as\u00ed se lo hemos hecho saber a los ejecutivos de Odebrecht. No solo existe la declaratoria de culpabilidad de la empresa Odebrecht, existe la declaratoria de culpabilidad de Gra\u00f1a y Montero y la de los se\u00f1ores Jos\u00e9 y Hernando Gra\u00f1a\u201d<\/strong><\/p>\n<p style=\"text-align: justify\"><strong>Al respecto, Vela consider\u00f3 que la demanda genera una<\/strong>\u00a0\u201c<strong>turbulencia innecesaria\u201d\u00a0y les da argumentos de cr\u00edtica a quienes deben enfrentar los fiscales en la litigaci\u00f3n.<\/strong><\/p>\n<p style=\"text-align: justify\"><b>Record\u00f3 que el Acuerdo de Colaboraci\u00f3n Eficaz con Odebrecht \u201cestuvo permanentemente socavado por quienes no estaban a favor del acuerdo de colaboraci\u00f3n eficaz.<\/b><\/p>\n<p style=\"text-align: justify\"><strong>\u201cHab\u00eda gente interesada en que no exista un acuerdo de colaboraci\u00f3n eficaz, y ten\u00edamos en ese momento permanentemente la intromisi\u00f3n del se\u00f1or Pedro Ch\u00e1varry, que trataba de buscar que no se firme el acuerdo\u201d<\/strong><strong>, explic\u00f3.<\/strong><\/p>\n<p style=\"text-align: justify\"><strong>El Fiscal Vela ha solicitado el documento de la demanda arbitral para evaluarla\u00a0 y precis\u00f3 que \u00a0\u00a0\u00a0\u00a0\u00a0\u00a0\u00a0\u00a0\u00a0\u00a0\u00a0 \u201cDe existir negaci\u00f3n de culpabilidad o contradicci\u00f3n\u00a0 con lo firmado en el acuerdo, la persona Jur\u00eddica ODEBRECHT volver\u00eda a ser incorporada COMO SUJETO DE INVESTIGACI\u00d3N PENAL, AS\u00cd COMO \u00a0TODOS LOS EX FUNCIONARIOS DE DICHA PERSONA JUR\u00cdDICA A LOS QUE EN SU OPORTUNIDAD SE DECRET\u00d3 EL ARCHIVO CORRESPONDIENTE.<\/strong><\/p>\n<p><strong>En redes sociales\u00a0 hubo un apoyo masivo a los Fiscales del Equipo Lava Jato, Domingo P\u00e9rez y Rafael Vela.<\/strong><\/p>\n<p><a href=\"http:\/\/noti-america.com\/site\/peru\/wp-content\/uploads\/sites\/8\/2020\/02\/Fiscal-P\u00e9rez.-foto-rpp.pe_.jpg\"><img loading=\"lazy\" decoding=\"async\" class=\"aligncenter  wp-image-2293\" src=\"http:\/\/noti-america.com\/site\/peru\/wp-content\/uploads\/sites\/8\/2020\/02\/Fiscal-P\u00e9rez.-foto-rpp.pe_-300x169.jpg\" alt=\"\" width=\"410\" height=\"231\" srcset=\"https:\/\/noti-america.com\/site\/peru\/wp-content\/uploads\/sites\/8\/2020\/02\/Fiscal-P\u00e9rez.-foto-rpp.pe_-300x169.jpg 300w, https:\/\/noti-america.com\/site\/peru\/wp-content\/uploads\/sites\/8\/2020\/02\/Fiscal-P\u00e9rez.-foto-rpp.pe_.jpg 604w\" sizes=\"auto, (max-width: 410px) 100vw, 410px\" \/><\/a><\/p>\n<p><strong> Fiscal Jos\u00e9 Domingo P\u00e9rez. Foto rpp.pe<\/strong><\/p>\n<p><strong>El Fiscal Jos\u00e9 Domingo P\u00e9rez ha respondido\u00a0 fuerte y claro manifestando lo siguiente:<\/strong><\/p>\n<p style=\"text-align: justify\"><strong>\u00abLa permanencia de\u00a0Tom\u00e1s G\u00e1lvez\u00a0y\u00a0Pedro Ch\u00e1varry\u00a0 \u00a0genera\u00a0 inestabilidad al trabajo del Equipo Especial. Estas dos personas que est\u00e1n vinculadas a los intereses que estamos investigando, est\u00e1n buscando que el sistema de corrupci\u00f3n e impunidad contin\u00fae\u00bb.<\/strong><\/p>\n<p style=\"text-align: justify\"><strong>Agreg\u00f3 que \u00bb no se debe permitir que los citados fiscales supremos permanezcan en sus puestos para \u00absocavar\u00bb el trabajo del Ministerio P\u00fablico\u00bb.<\/strong><\/p>\n<p style=\"text-align: justify\"><strong>Sobre la demanda manifest\u00f3\u00a0 que\u00a0 \u201chay pruebas para rechazar la demanda internacional de la empresa\u00bb.<\/strong><\/p>\n<p style=\"text-align: justify\"><strong>\u00abEl proceso del colaboraci\u00f3n eficaz contin\u00faa, pese a que quienes est\u00e1n investigados\u00a0 quieren que el caso vuelva a\u00a0 foja cero\u201d.<\/strong><\/p>\n<div id=\"SMIntext-clearfix-1581086605026\" class=\"SMIntext-clearfix SMIntext-clearfix-0da456ec-abd4-49e9-be21-7d0a1780f731 desktop\" style=\"text-align: justify\"><strong>\u201cQuienes est\u00e1n siendo investigados, quienes defienden esa situaci\u00f3n, quienes pretenden que el sistema de corrupci\u00f3n e impunidades que ha imperado contin\u00fae, esas son las personas que ahora levantan una bandera de indignaci\u00f3n\u201d, expres\u00f3 el Fiscal Jos\u00e9 Domingo P\u00e9rez.<\/strong><\/div>\n<h2><strong>AUTOR RESPONSABLE DE ESTA NOTA:<\/strong><\/h2>\n<p><a href=\"http:\/\/noti-america.com\/site\/peru\/wp-content\/uploads\/sites\/8\/2020\/02\/logo-jose.jpg\"><img loading=\"lazy\" decoding=\"async\" class=\"alignleft size-medium wp-image-2272\" src=\"http:\/\/noti-america.com\/site\/peru\/wp-content\/uploads\/sites\/8\/2020\/02\/logo-jose-300x287.jpg\" alt=\"\" width=\"300\" height=\"287\" srcset=\"https:\/\/noti-america.com\/site\/peru\/wp-content\/uploads\/sites\/8\/2020\/02\/logo-jose-300x287.jpg 300w, https:\/\/noti-america.com\/site\/peru\/wp-content\/uploads\/sites\/8\/2020\/02\/logo-jose.jpg 593w\" sizes=\"auto, (max-width: 300px) 100vw, 300px\" \/><\/a><\/p>\n<p><strong>\u00a0<\/strong><\/p>\n","protected":false},"excerpt":{"rendered":"<p>&nbsp; \u00a0Foto: Andina \u201cODEBRECHT EXIGE INDEMNIZACI\u00d3N DE US$1,200 MILLONES\u201d CIUDADAN\u00cdA EXPRESA SU APOYO A LOS FISCALES DEL CASO LAVA JATO ODEBRECHT demand\u00f3 \u00a0al Estado peruano ante el Centro Internacional de Arreglo de Diferencias Relativas&#46;&#46;&#46;<\/p>\n","protected":false},"author":70,"featured_media":2275,"comment_status":"open","ping_status":"open","sticky":false,"template":"","format":"standard","meta":{"_acf_changed":false,"rop_custom_images_group":[],"rop_custom_messages_group":[],"rop_publish_now":"initial","rop_publish_now_accounts":{"twitter_242054905_242054905":""},"rop_publish_now_history":[],"rop_publish_now_status":"pending","footnotes":""},"categories":[10,12,3],"tags":[],"class_list":["post-2274","post","type-post","status-publish","format-standard","has-post-thumbnail","hentry","category-actualidad","category-opinion","category-politica"],"acf":[],"yoast_head":"<!-- This site is optimized with the Yoast SEO Premium plugin v24.9 (Yoast SEO v27.2) - https:\/\/yoast.com\/product\/yoast-seo-premium-wordpress\/ -->\n<title>&quot;ODEBRECHT DEMANDA A PER\u00da ANTE LA CIADI - Per\u00fa | Noti-America.com<\/title>\n<meta name=\"robots\" content=\"index, follow, max-snippet:-1, max-image-preview:large, max-video-preview:-1\" \/>\n<link rel=\"canonical\" href=\"https:\/\/noti-america.com\/site\/peru\/2020\/02\/07\/odebrecht-demanda-a-peru-ante-la-ciadi\/\" \/>\n<meta property=\"og:locale\" content=\"es_ES\" \/>\n<meta property=\"og:type\" content=\"article\" \/>\n<meta property=\"og:title\" content=\"&quot;ODEBRECHT DEMANDA A PER\u00da ANTE LA CIADI\" \/>\n<meta property=\"og:description\" content=\"&nbsp; \u00a0Foto: Andina \u201cODEBRECHT EXIGE INDEMNIZACI\u00d3N DE US$1,200 MILLONES\u201d CIUDADAN\u00cdA EXPRESA SU APOYO A LOS FISCALES DEL CASO LAVA JATO ODEBRECHT demand\u00f3 \u00a0al Estado peruano ante el Centro Internacional de Arreglo de Diferencias Relativas&#046;&#046;&#046;\" \/>\n<meta property=\"og:url\" content=\"https:\/\/noti-america.com\/site\/peru\/2020\/02\/07\/odebrecht-demanda-a-peru-ante-la-ciadi\/\" \/>\n<meta property=\"og:site_name\" content=\"Per\u00fa | Noti-America.com\" \/>\n<meta property=\"article:published_time\" content=\"2020-02-07T14:54:10+00:00\" \/>\n<meta property=\"og:image\" content=\"https:\/\/noti-america.com\/site\/peru\/wp-content\/uploads\/sites\/8\/2020\/02\/Odebrecht.-Foto-archivo-Correo.jpg\" \/>\n\t<meta property=\"og:image:width\" content=\"980\" \/>\n\t<meta property=\"og:image:height\" content=\"528\" \/>\n\t<meta property=\"og:image:type\" content=\"image\/jpeg\" \/>\n<meta name=\"author\" content=\"Geomar Pacheco R.\" \/>\n<meta name=\"twitter:card\" content=\"summary_large_image\" \/>\n<meta name=\"twitter:creator\" content=\"@GeomarPacheco1\" \/>\n<meta name=\"twitter:label1\" content=\"Escrito por\" \/>\n\t<meta name=\"twitter:data1\" content=\"Geomar Pacheco R.\" \/>\n\t<meta name=\"twitter:label2\" content=\"Tiempo estimado de lectura\" \/>\n\t<meta name=\"twitter:data2\" content=\"4 minutos\" \/>\n<script type=\"application\/ld+json\" class=\"yoast-schema-graph\">{\"@context\":\"https:\/\/schema.org\",\"@graph\":[{\"@type\":\"Article\",\"@id\":\"https:\/\/noti-america.com\/site\/peru\/2020\/02\/07\/odebrecht-demanda-a-peru-ante-la-ciadi\/#article\",\"isPartOf\":{\"@id\":\"https:\/\/noti-america.com\/site\/peru\/2020\/02\/07\/odebrecht-demanda-a-peru-ante-la-ciadi\/\"},\"author\":{\"name\":\"Geomar Pacheco R.\",\"@id\":\"https:\/\/noti-america.com\/site\/peru\/#\/schema\/person\/28a35f20383bf2485bc838bfe76aebdc\"},\"headline\":\"\u00abODEBRECHT DEMANDA A PER\u00da ANTE LA CIADI\",\"datePublished\":\"2020-02-07T14:54:10+00:00\",\"mainEntityOfPage\":{\"@id\":\"https:\/\/noti-america.com\/site\/peru\/2020\/02\/07\/odebrecht-demanda-a-peru-ante-la-ciadi\/\"},\"wordCount\":879,\"commentCount\":0,\"publisher\":{\"@id\":\"https:\/\/noti-america.com\/site\/peru\/#organization\"},\"image\":{\"@id\":\"https:\/\/noti-america.com\/site\/peru\/2020\/02\/07\/odebrecht-demanda-a-peru-ante-la-ciadi\/#primaryimage\"},\"thumbnailUrl\":\"https:\/\/noti-america.com\/site\/peru\/wp-content\/uploads\/sites\/8\/2020\/02\/Odebrecht.-Foto-archivo-Correo.jpg\",\"articleSection\":[\"Actualidad\",\"Opini\u00f3n\",\"Pol\u00edtica\"],\"inLanguage\":\"es\",\"potentialAction\":[{\"@type\":\"CommentAction\",\"name\":\"Comment\",\"target\":[\"https:\/\/noti-america.com\/site\/peru\/2020\/02\/07\/odebrecht-demanda-a-peru-ante-la-ciadi\/#respond\"]}]},{\"@type\":\"WebPage\",\"@id\":\"https:\/\/noti-america.com\/site\/peru\/2020\/02\/07\/odebrecht-demanda-a-peru-ante-la-ciadi\/\",\"url\":\"https:\/\/noti-america.com\/site\/peru\/2020\/02\/07\/odebrecht-demanda-a-peru-ante-la-ciadi\/\",\"name\":\"\\\"ODEBRECHT DEMANDA A PER\u00da ANTE LA CIADI - Per\u00fa | Noti-America.com\",\"isPartOf\":{\"@id\":\"https:\/\/noti-america.com\/site\/peru\/#website\"},\"primaryImageOfPage\":{\"@id\":\"https:\/\/noti-america.com\/site\/peru\/2020\/02\/07\/odebrecht-demanda-a-peru-ante-la-ciadi\/#primaryimage\"},\"image\":{\"@id\":\"https:\/\/noti-america.com\/site\/peru\/2020\/02\/07\/odebrecht-demanda-a-peru-ante-la-ciadi\/#primaryimage\"},\"thumbnailUrl\":\"https:\/\/noti-america.com\/site\/peru\/wp-content\/uploads\/sites\/8\/2020\/02\/Odebrecht.-Foto-archivo-Correo.jpg\",\"datePublished\":\"2020-02-07T14:54:10+00:00\",\"breadcrumb\":{\"@id\":\"https:\/\/noti-america.com\/site\/peru\/2020\/02\/07\/odebrecht-demanda-a-peru-ante-la-ciadi\/#breadcrumb\"},\"inLanguage\":\"es\",\"potentialAction\":[{\"@type\":\"ReadAction\",\"target\":[\"https:\/\/noti-america.com\/site\/peru\/2020\/02\/07\/odebrecht-demanda-a-peru-ante-la-ciadi\/\"]}]},{\"@type\":\"ImageObject\",\"inLanguage\":\"es\",\"@id\":\"https:\/\/noti-america.com\/site\/peru\/2020\/02\/07\/odebrecht-demanda-a-peru-ante-la-ciadi\/#primaryimage\",\"url\":\"https:\/\/noti-america.com\/site\/peru\/wp-content\/uploads\/sites\/8\/2020\/02\/Odebrecht.-Foto-archivo-Correo.jpg\",\"contentUrl\":\"https:\/\/noti-america.com\/site\/peru\/wp-content\/uploads\/sites\/8\/2020\/02\/Odebrecht.-Foto-archivo-Correo.jpg\",\"width\":980,\"height\":528},{\"@type\":\"BreadcrumbList\",\"@id\":\"https:\/\/noti-america.com\/site\/peru\/2020\/02\/07\/odebrecht-demanda-a-peru-ante-la-ciadi\/#breadcrumb\",\"itemListElement\":[{\"@type\":\"ListItem\",\"position\":1,\"name\":\"Portada\",\"item\":\"https:\/\/noti-america.com\/site\/peru\/\"},{\"@type\":\"ListItem\",\"position\":2,\"name\":\"\u00abODEBRECHT DEMANDA A PER\u00da ANTE LA CIADI\"}]},{\"@type\":\"WebSite\",\"@id\":\"https:\/\/noti-america.com\/site\/peru\/#website\",\"url\":\"https:\/\/noti-america.com\/site\/peru\/\",\"name\":\"Per\u00fa | Noti-America.com\",\"description\":\"\",\"publisher\":{\"@id\":\"https:\/\/noti-america.com\/site\/peru\/#organization\"},\"potentialAction\":[{\"@type\":\"SearchAction\",\"target\":{\"@type\":\"EntryPoint\",\"urlTemplate\":\"https:\/\/noti-america.com\/site\/peru\/?s={search_term_string}\"},\"query-input\":{\"@type\":\"PropertyValueSpecification\",\"valueRequired\":true,\"valueName\":\"search_term_string\"}}],\"inLanguage\":\"es\"},{\"@type\":\"Organization\",\"@id\":\"https:\/\/noti-america.com\/site\/peru\/#organization\",\"name\":\"Noti-America LLC | Per\u00fa\",\"url\":\"https:\/\/noti-america.com\/site\/peru\/\",\"logo\":{\"@type\":\"ImageObject\",\"inLanguage\":\"es\",\"@id\":\"https:\/\/noti-america.com\/site\/peru\/#\/schema\/logo\/image\/\",\"url\":\"https:\/\/noti-america.com\/site\/peru\/wp-content\/uploads\/sites\/8\/2020\/07\/LogoNA-4x3-1.jpg\",\"contentUrl\":\"https:\/\/noti-america.com\/site\/peru\/wp-content\/uploads\/sites\/8\/2020\/07\/LogoNA-4x3-1.jpg\",\"width\":1236,\"height\":1080,\"caption\":\"Noti-America LLC | Per\u00fa\"},\"image\":{\"@id\":\"https:\/\/noti-america.com\/site\/peru\/#\/schema\/logo\/image\/\"}},{\"@type\":\"Person\",\"@id\":\"https:\/\/noti-america.com\/site\/peru\/#\/schema\/person\/28a35f20383bf2485bc838bfe76aebdc\",\"name\":\"Geomar Pacheco R.\",\"image\":{\"@type\":\"ImageObject\",\"inLanguage\":\"es\",\"@id\":\"https:\/\/secure.gravatar.com\/avatar\/5f09cb527f9632e92234c6fc6e2cbcefebeed6bdeb0f9129ea4cbc7aa71587c6?s=96&d=mm&r=g\",\"url\":\"https:\/\/secure.gravatar.com\/avatar\/5f09cb527f9632e92234c6fc6e2cbcefebeed6bdeb0f9129ea4cbc7aa71587c6?s=96&d=mm&r=g\",\"contentUrl\":\"https:\/\/secure.gravatar.com\/avatar\/5f09cb527f9632e92234c6fc6e2cbcefebeed6bdeb0f9129ea4cbc7aa71587c6?s=96&d=mm&r=g\",\"caption\":\"Geomar Pacheco R.\"},\"sameAs\":[\"https:\/\/x.com\/GeomarPacheco1\"],\"url\":\"https:\/\/noti-america.com\/site\/peru\/author\/gpacheco\/\"}]}<\/script>\n<!-- \/ Yoast SEO Premium plugin. -->","yoast_head_json":{"title":"\"ODEBRECHT DEMANDA A PER\u00da ANTE LA CIADI - Per\u00fa | Noti-America.com","robots":{"index":"index","follow":"follow","max-snippet":"max-snippet:-1","max-image-preview":"max-image-preview:large","max-video-preview":"max-video-preview:-1"},"canonical":"https:\/\/noti-america.com\/site\/peru\/2020\/02\/07\/odebrecht-demanda-a-peru-ante-la-ciadi\/","og_locale":"es_ES","og_type":"article","og_title":"\"ODEBRECHT DEMANDA A PER\u00da ANTE LA CIADI","og_description":"&nbsp; \u00a0Foto: Andina \u201cODEBRECHT EXIGE INDEMNIZACI\u00d3N DE US$1,200 MILLONES\u201d CIUDADAN\u00cdA EXPRESA SU APOYO A LOS FISCALES DEL CASO LAVA JATO ODEBRECHT demand\u00f3 \u00a0al Estado peruano ante el Centro Internacional de Arreglo de Diferencias Relativas&#46;&#46;&#46;","og_url":"https:\/\/noti-america.com\/site\/peru\/2020\/02\/07\/odebrecht-demanda-a-peru-ante-la-ciadi\/","og_site_name":"Per\u00fa | Noti-America.com","article_published_time":"2020-02-07T14:54:10+00:00","og_image":[{"width":980,"height":528,"url":"https:\/\/noti-america.com\/site\/peru\/wp-content\/uploads\/sites\/8\/2020\/02\/Odebrecht.-Foto-archivo-Correo.jpg","type":"image\/jpeg"}],"author":"Geomar Pacheco R.","twitter_card":"summary_large_image","twitter_creator":"@GeomarPacheco1","twitter_misc":{"Escrito por":"Geomar Pacheco R.","Tiempo estimado de lectura":"4 minutos"},"schema":{"@context":"https:\/\/schema.org","@graph":[{"@type":"Article","@id":"https:\/\/noti-america.com\/site\/peru\/2020\/02\/07\/odebrecht-demanda-a-peru-ante-la-ciadi\/#article","isPartOf":{"@id":"https:\/\/noti-america.com\/site\/peru\/2020\/02\/07\/odebrecht-demanda-a-peru-ante-la-ciadi\/"},"author":{"name":"Geomar Pacheco R.","@id":"https:\/\/noti-america.com\/site\/peru\/#\/schema\/person\/28a35f20383bf2485bc838bfe76aebdc"},"headline":"\u00abODEBRECHT DEMANDA A PER\u00da ANTE LA CIADI","datePublished":"2020-02-07T14:54:10+00:00","mainEntityOfPage":{"@id":"https:\/\/noti-america.com\/site\/peru\/2020\/02\/07\/odebrecht-demanda-a-peru-ante-la-ciadi\/"},"wordCount":879,"commentCount":0,"publisher":{"@id":"https:\/\/noti-america.com\/site\/peru\/#organization"},"image":{"@id":"https:\/\/noti-america.com\/site\/peru\/2020\/02\/07\/odebrecht-demanda-a-peru-ante-la-ciadi\/#primaryimage"},"thumbnailUrl":"https:\/\/noti-america.com\/site\/peru\/wp-content\/uploads\/sites\/8\/2020\/02\/Odebrecht.-Foto-archivo-Correo.jpg","articleSection":["Actualidad","Opini\u00f3n","Pol\u00edtica"],"inLanguage":"es","potentialAction":[{"@type":"CommentAction","name":"Comment","target":["https:\/\/noti-america.com\/site\/peru\/2020\/02\/07\/odebrecht-demanda-a-peru-ante-la-ciadi\/#respond"]}]},{"@type":"WebPage","@id":"https:\/\/noti-america.com\/site\/peru\/2020\/02\/07\/odebrecht-demanda-a-peru-ante-la-ciadi\/","url":"https:\/\/noti-america.com\/site\/peru\/2020\/02\/07\/odebrecht-demanda-a-peru-ante-la-ciadi\/","name":"\"ODEBRECHT DEMANDA A PER\u00da ANTE LA CIADI - Per\u00fa | Noti-America.com","isPartOf":{"@id":"https:\/\/noti-america.com\/site\/peru\/#website"},"primaryImageOfPage":{"@id":"https:\/\/noti-america.com\/site\/peru\/2020\/02\/07\/odebrecht-demanda-a-peru-ante-la-ciadi\/#primaryimage"},"image":{"@id":"https:\/\/noti-america.com\/site\/peru\/2020\/02\/07\/odebrecht-demanda-a-peru-ante-la-ciadi\/#primaryimage"},"thumbnailUrl":"https:\/\/noti-america.com\/site\/peru\/wp-content\/uploads\/sites\/8\/2020\/02\/Odebrecht.-Foto-archivo-Correo.jpg","datePublished":"2020-02-07T14:54:10+00:00","breadcrumb":{"@id":"https:\/\/noti-america.com\/site\/peru\/2020\/02\/07\/odebrecht-demanda-a-peru-ante-la-ciadi\/#breadcrumb"},"inLanguage":"es","potentialAction":[{"@type":"ReadAction","target":["https:\/\/noti-america.com\/site\/peru\/2020\/02\/07\/odebrecht-demanda-a-peru-ante-la-ciadi\/"]}]},{"@type":"ImageObject","inLanguage":"es","@id":"https:\/\/noti-america.com\/site\/peru\/2020\/02\/07\/odebrecht-demanda-a-peru-ante-la-ciadi\/#primaryimage","url":"https:\/\/noti-america.com\/site\/peru\/wp-content\/uploads\/sites\/8\/2020\/02\/Odebrecht.-Foto-archivo-Correo.jpg","contentUrl":"https:\/\/noti-america.com\/site\/peru\/wp-content\/uploads\/sites\/8\/2020\/02\/Odebrecht.-Foto-archivo-Correo.jpg","width":980,"height":528},{"@type":"BreadcrumbList","@id":"https:\/\/noti-america.com\/site\/peru\/2020\/02\/07\/odebrecht-demanda-a-peru-ante-la-ciadi\/#breadcrumb","itemListElement":[{"@type":"ListItem","position":1,"name":"Portada","item":"https:\/\/noti-america.com\/site\/peru\/"},{"@type":"ListItem","position":2,"name":"\u00abODEBRECHT DEMANDA A PER\u00da ANTE LA CIADI"}]},{"@type":"WebSite","@id":"https:\/\/noti-america.com\/site\/peru\/#website","url":"https:\/\/noti-america.com\/site\/peru\/","name":"Per\u00fa | Noti-America.com","description":"","publisher":{"@id":"https:\/\/noti-america.com\/site\/peru\/#organization"},"potentialAction":[{"@type":"SearchAction","target":{"@type":"EntryPoint","urlTemplate":"https:\/\/noti-america.com\/site\/peru\/?s={search_term_string}"},"query-input":{"@type":"PropertyValueSpecification","valueRequired":true,"valueName":"search_term_string"}}],"inLanguage":"es"},{"@type":"Organization","@id":"https:\/\/noti-america.com\/site\/peru\/#organization","name":"Noti-America LLC | Per\u00fa","url":"https:\/\/noti-america.com\/site\/peru\/","logo":{"@type":"ImageObject","inLanguage":"es","@id":"https:\/\/noti-america.com\/site\/peru\/#\/schema\/logo\/image\/","url":"https:\/\/noti-america.com\/site\/peru\/wp-content\/uploads\/sites\/8\/2020\/07\/LogoNA-4x3-1.jpg","contentUrl":"https:\/\/noti-america.com\/site\/peru\/wp-content\/uploads\/sites\/8\/2020\/07\/LogoNA-4x3-1.jpg","width":1236,"height":1080,"caption":"Noti-America LLC | Per\u00fa"},"image":{"@id":"https:\/\/noti-america.com\/site\/peru\/#\/schema\/logo\/image\/"}},{"@type":"Person","@id":"https:\/\/noti-america.com\/site\/peru\/#\/schema\/person\/28a35f20383bf2485bc838bfe76aebdc","name":"Geomar Pacheco R.","image":{"@type":"ImageObject","inLanguage":"es","@id":"https:\/\/secure.gravatar.com\/avatar\/5f09cb527f9632e92234c6fc6e2cbcefebeed6bdeb0f9129ea4cbc7aa71587c6?s=96&d=mm&r=g","url":"https:\/\/secure.gravatar.com\/avatar\/5f09cb527f9632e92234c6fc6e2cbcefebeed6bdeb0f9129ea4cbc7aa71587c6?s=96&d=mm&r=g","contentUrl":"https:\/\/secure.gravatar.com\/avatar\/5f09cb527f9632e92234c6fc6e2cbcefebeed6bdeb0f9129ea4cbc7aa71587c6?s=96&d=mm&r=g","caption":"Geomar Pacheco R."},"sameAs":["https:\/\/x.com\/GeomarPacheco1"],"url":"https:\/\/noti-america.com\/site\/peru\/author\/gpacheco\/"}]}},"_links":{"self":[{"href":"https:\/\/noti-america.com\/site\/peru\/wp-json\/wp\/v2\/posts\/2274","targetHints":{"allow":["GET"]}}],"collection":[{"href":"https:\/\/noti-america.com\/site\/peru\/wp-json\/wp\/v2\/posts"}],"about":[{"href":"https:\/\/noti-america.com\/site\/peru\/wp-json\/wp\/v2\/types\/post"}],"author":[{"embeddable":true,"href":"https:\/\/noti-america.com\/site\/peru\/wp-json\/wp\/v2\/users\/70"}],"replies":[{"embeddable":true,"href":"https:\/\/noti-america.com\/site\/peru\/wp-json\/wp\/v2\/comments?post=2274"}],"version-history":[{"count":1,"href":"https:\/\/noti-america.com\/site\/peru\/wp-json\/wp\/v2\/posts\/2274\/revisions"}],"predecessor-version":[{"id":2294,"href":"https:\/\/noti-america.com\/site\/peru\/wp-json\/wp\/v2\/posts\/2274\/revisions\/2294"}],"wp:featuredmedia":[{"embeddable":true,"href":"https:\/\/noti-america.com\/site\/peru\/wp-json\/wp\/v2\/media\/2275"}],"wp:attachment":[{"href":"https:\/\/noti-america.com\/site\/peru\/wp-json\/wp\/v2\/media?parent=2274"}],"wp:term":[{"taxonomy":"category","embeddable":true,"href":"https:\/\/noti-america.com\/site\/peru\/wp-json\/wp\/v2\/categories?post=2274"},{"taxonomy":"post_tag","embeddable":true,"href":"https:\/\/noti-america.com\/site\/peru\/wp-json\/wp\/v2\/tags?post=2274"}],"curies":[{"name":"wp","href":"https:\/\/api.w.org\/{rel}","templated":true}]}}