{"id":2056,"date":"2019-08-29T15:03:14","date_gmt":"2019-08-29T15:03:14","guid":{"rendered":"http:\/\/noti-america.com\/site\/peru\/?p=2056"},"modified":"2019-08-29T15:05:54","modified_gmt":"2019-08-29T15:05:54","slug":"backstreet-boys-realizara-gira-por-latinoamerica-como-parte-de-su-dna-world-tour","status":"publish","type":"post","link":"https:\/\/noti-america.com\/site\/peru\/2019\/08\/29\/backstreet-boys-realizara-gira-por-latinoamerica-como-parte-de-su-dna-world-tour\/","title":{"rendered":"Backstreet Boys realizar\u00e1 gira por Latinoam\u00e9rica como parte de su \u201cDNA World tour\u201d"},"content":{"rendered":"<h3 style=\"text-align: justify\">El regreso de los Backstreet Boys, alegra a su fanaticada con su gira mundial <b>DNA World Tour. <\/b>A trav\u00e9s de un comunicado, la banda estadounidense confirm\u00f3 que vendr\u00e1 a\u00a0Latinoam\u00e9rica\u00a0para presentar su m\u00fasica en en Argentina, Brasil, Chile, Colombia, Costa Rica, M\u00e9xico y Uruguay entre febrero y marzo del 2020.<\/h3>\n<h3 style=\"text-align: justify\">Todav\u00eda sus fans de Per\u00fa est\u00e1n esperando que se anuncie su concierto, ya que nuestro pa\u00eds no fue incluido en su lista de gira mundial. Sin embargo sus fans en facebook, con m\u00e1s de 20.000 likes convoc\u00f3 a reunirse en el mes de septiembre, para recordar el concierto de Nick Carter en Per\u00fa y celebrar los 10 a\u00f1os del \u00e1lbum \u00abThis is us\u00bb.<\/h3>\n<h3 style=\"text-align: justify\">Con esta pr\u00f3xima gira, la banda estadounidense buscar\u00e1 promocionar su d\u00e9cima producci\u00f3n discogr\u00e1fica titulada DNA, la cual tiene como uno de sus sencillos a \u201cDon\u2019t go breaking my heart\u201d, superando las 48 millones de vistas en Youtube.<\/h3>\n<div class=\"video-container\"><iframe loading=\"lazy\" title=\"Backstreet Boys - Don&#039;t Go Breaking My Heart (Official Video)\" width=\"500\" height=\"281\" src=\"https:\/\/www.youtube.com\/embed\/6SuMbFuKDf8?feature=oembed&#038;wmode=opaque\" frameborder=\"0\" allow=\"accelerometer; autoplay; clipboard-write; encrypted-media; gyroscope; picture-in-picture; web-share\" referrerpolicy=\"strict-origin-when-cross-origin\" allowfullscreen><\/iframe><\/div>\n<p style=\"text-align: justify\">\u00a0Fuente: La Rep\u00fablica<\/p>\n","protected":false},"excerpt":{"rendered":"<p>El regreso de los Backstreet Boys, alegra a su fanaticada con su gira mundial DNA World Tour. A trav\u00e9s de un comunicado, la banda estadounidense confirm\u00f3 que vendr\u00e1 a\u00a0Latinoam\u00e9rica\u00a0para presentar su m\u00fasica en en&#46;&#46;&#46;<\/p>\n","protected":false},"author":56,"featured_media":2058,"comment_status":"open","ping_status":"open","sticky":false,"template":"","format":"standard","meta":{"_acf_changed":false,"rop_custom_images_group":[],"rop_custom_messages_group":[],"rop_publish_now":"initial","rop_publish_now_accounts":{"twitter_242054905_242054905":""},"rop_publish_now_history":[],"rop_publish_now_status":"pending","footnotes":""},"categories":[101],"tags":[],"class_list":["post-2056","post","type-post","status-publish","format-standard","has-post-thumbnail","hentry","category-farandula"],"acf":[],"yoast_head":"<!-- This site is optimized with the Yoast SEO Premium plugin v24.9 (Yoast SEO v27.2) - https:\/\/yoast.com\/product\/yoast-seo-premium-wordpress\/ -->\n<title>Backstreet Boys realizar\u00e1 gira por Latinoam\u00e9rica como parte de su \u201cDNA World tour\u201d - Per\u00fa | Noti-America.com<\/title>\n<meta name=\"description\" content=\"Todav\u00eda sus fans de Per\u00fa est\u00e1n esperando que se anuncie su concierto, ya que nuestro pa\u00eds no fue incluido en su lista de gira mundial. Sin embargo sus fans en facebook, con m\u00e1s de 20.000 likes convoc\u00f3 a reunirse en el mes de septiembre, para recordar el concierto de Nick Carter en Per\u00fa y celebrar los 10 a\u00f1os del \u00e1lbum &quot;This is us&quot;.\" \/>\n<meta name=\"robots\" content=\"index, follow, max-snippet:-1, max-image-preview:large, max-video-preview:-1\" \/>\n<link rel=\"canonical\" href=\"https:\/\/noti-america.com\/site\/peru\/2019\/08\/29\/backstreet-boys-realizara-gira-por-latinoamerica-como-parte-de-su-dna-world-tour\/\" \/>\n<meta property=\"og:locale\" content=\"es_ES\" \/>\n<meta property=\"og:type\" content=\"article\" \/>\n<meta property=\"og:title\" content=\"Backstreet Boys realizar\u00e1 gira por Latinoam\u00e9rica como parte de su \u201cDNA World tour\u201d\" \/>\n<meta property=\"og:description\" content=\"Todav\u00eda sus fans de Per\u00fa est\u00e1n esperando que se anuncie su concierto, ya que nuestro pa\u00eds no fue incluido en su lista de gira mundial. Sin embargo sus fans en facebook, con m\u00e1s de 20.000 likes convoc\u00f3 a reunirse en el mes de septiembre, para recordar el concierto de Nick Carter en Per\u00fa y celebrar los 10 a\u00f1os del \u00e1lbum &quot;This is us&quot;.\" \/>\n<meta property=\"og:url\" content=\"https:\/\/noti-america.com\/site\/peru\/2019\/08\/29\/backstreet-boys-realizara-gira-por-latinoamerica-como-parte-de-su-dna-world-tour\/\" \/>\n<meta property=\"og:site_name\" content=\"Per\u00fa | Noti-America.com\" \/>\n<meta property=\"article:author\" content=\"https:\/\/www.facebook.com\/notiamericaLLC\" \/>\n<meta property=\"article:published_time\" content=\"2019-08-29T15:03:14+00:00\" \/>\n<meta property=\"article:modified_time\" content=\"2019-08-29T15:05:54+00:00\" \/>\n<meta property=\"og:image\" content=\"https:\/\/noti-america.com\/site\/peru\/wp-content\/uploads\/sites\/8\/2019\/08\/backstreet.jpg\" \/>\n\t<meta property=\"og:image:width\" content=\"646\" \/>\n\t<meta property=\"og:image:height\" content=\"380\" \/>\n\t<meta property=\"og:image:type\" content=\"image\/jpeg\" \/>\n<meta name=\"author\" content=\"REDACCI\u00d3N PERU\" \/>\n<meta name=\"twitter:card\" content=\"summary_large_image\" \/>\n<meta name=\"twitter:creator\" content=\"@notiamerica\" \/>\n<meta name=\"twitter:label1\" content=\"Escrito por\" \/>\n\t<meta name=\"twitter:data1\" content=\"REDACCI\u00d3N PERU\" \/>\n\t<meta name=\"twitter:label2\" content=\"Tiempo estimado de lectura\" \/>\n\t<meta name=\"twitter:data2\" content=\"1 minuto\" \/>\n<script type=\"application\/ld+json\" class=\"yoast-schema-graph\">{\"@context\":\"https:\/\/schema.org\",\"@graph\":[{\"@type\":\"Article\",\"@id\":\"https:\/\/noti-america.com\/site\/peru\/2019\/08\/29\/backstreet-boys-realizara-gira-por-latinoamerica-como-parte-de-su-dna-world-tour\/#article\",\"isPartOf\":{\"@id\":\"https:\/\/noti-america.com\/site\/peru\/2019\/08\/29\/backstreet-boys-realizara-gira-por-latinoamerica-como-parte-de-su-dna-world-tour\/\"},\"author\":{\"name\":\"REDACCI\u00d3N PERU\",\"@id\":\"https:\/\/noti-america.com\/site\/peru\/#\/schema\/person\/198c739ea8251f053186f9a9b060411b\"},\"headline\":\"Backstreet Boys realizar\u00e1 gira por Latinoam\u00e9rica como parte de su \u201cDNA World tour\u201d\",\"datePublished\":\"2019-08-29T15:03:14+00:00\",\"dateModified\":\"2019-08-29T15:05:54+00:00\",\"mainEntityOfPage\":{\"@id\":\"https:\/\/noti-america.com\/site\/peru\/2019\/08\/29\/backstreet-boys-realizara-gira-por-latinoamerica-como-parte-de-su-dna-world-tour\/\"},\"wordCount\":185,\"commentCount\":0,\"publisher\":{\"@id\":\"https:\/\/noti-america.com\/site\/peru\/#organization\"},\"image\":{\"@id\":\"https:\/\/noti-america.com\/site\/peru\/2019\/08\/29\/backstreet-boys-realizara-gira-por-latinoamerica-como-parte-de-su-dna-world-tour\/#primaryimage\"},\"thumbnailUrl\":\"https:\/\/noti-america.com\/site\/peru\/wp-content\/uploads\/sites\/8\/2019\/08\/backstreet.jpg\",\"articleSection\":[\"Far\u00e1ndula\"],\"inLanguage\":\"es\",\"potentialAction\":[{\"@type\":\"CommentAction\",\"name\":\"Comment\",\"target\":[\"https:\/\/noti-america.com\/site\/peru\/2019\/08\/29\/backstreet-boys-realizara-gira-por-latinoamerica-como-parte-de-su-dna-world-tour\/#respond\"]}]},{\"@type\":\"WebPage\",\"@id\":\"https:\/\/noti-america.com\/site\/peru\/2019\/08\/29\/backstreet-boys-realizara-gira-por-latinoamerica-como-parte-de-su-dna-world-tour\/\",\"url\":\"https:\/\/noti-america.com\/site\/peru\/2019\/08\/29\/backstreet-boys-realizara-gira-por-latinoamerica-como-parte-de-su-dna-world-tour\/\",\"name\":\"Backstreet Boys realizar\u00e1 gira por Latinoam\u00e9rica como parte de su \u201cDNA World tour\u201d - Per\u00fa | Noti-America.com\",\"isPartOf\":{\"@id\":\"https:\/\/noti-america.com\/site\/peru\/#website\"},\"primaryImageOfPage\":{\"@id\":\"https:\/\/noti-america.com\/site\/peru\/2019\/08\/29\/backstreet-boys-realizara-gira-por-latinoamerica-como-parte-de-su-dna-world-tour\/#primaryimage\"},\"image\":{\"@id\":\"https:\/\/noti-america.com\/site\/peru\/2019\/08\/29\/backstreet-boys-realizara-gira-por-latinoamerica-como-parte-de-su-dna-world-tour\/#primaryimage\"},\"thumbnailUrl\":\"https:\/\/noti-america.com\/site\/peru\/wp-content\/uploads\/sites\/8\/2019\/08\/backstreet.jpg\",\"datePublished\":\"2019-08-29T15:03:14+00:00\",\"dateModified\":\"2019-08-29T15:05:54+00:00\",\"description\":\"Todav\u00eda sus fans de Per\u00fa est\u00e1n esperando que se anuncie su concierto, ya que nuestro pa\u00eds no fue incluido en su lista de gira mundial. Sin embargo sus fans en facebook, con m\u00e1s de 20.000 likes convoc\u00f3 a reunirse en el mes de septiembre, para recordar el concierto de Nick Carter en Per\u00fa y celebrar los 10 a\u00f1os del \u00e1lbum \\\"This is us\\\".\",\"breadcrumb\":{\"@id\":\"https:\/\/noti-america.com\/site\/peru\/2019\/08\/29\/backstreet-boys-realizara-gira-por-latinoamerica-como-parte-de-su-dna-world-tour\/#breadcrumb\"},\"inLanguage\":\"es\",\"potentialAction\":[{\"@type\":\"ReadAction\",\"target\":[\"https:\/\/noti-america.com\/site\/peru\/2019\/08\/29\/backstreet-boys-realizara-gira-por-latinoamerica-como-parte-de-su-dna-world-tour\/\"]}]},{\"@type\":\"ImageObject\",\"inLanguage\":\"es\",\"@id\":\"https:\/\/noti-america.com\/site\/peru\/2019\/08\/29\/backstreet-boys-realizara-gira-por-latinoamerica-como-parte-de-su-dna-world-tour\/#primaryimage\",\"url\":\"https:\/\/noti-america.com\/site\/peru\/wp-content\/uploads\/sites\/8\/2019\/08\/backstreet.jpg\",\"contentUrl\":\"https:\/\/noti-america.com\/site\/peru\/wp-content\/uploads\/sites\/8\/2019\/08\/backstreet.jpg\",\"width\":646,\"height\":380},{\"@type\":\"BreadcrumbList\",\"@id\":\"https:\/\/noti-america.com\/site\/peru\/2019\/08\/29\/backstreet-boys-realizara-gira-por-latinoamerica-como-parte-de-su-dna-world-tour\/#breadcrumb\",\"itemListElement\":[{\"@type\":\"ListItem\",\"position\":1,\"name\":\"Portada\",\"item\":\"https:\/\/noti-america.com\/site\/peru\/\"},{\"@type\":\"ListItem\",\"position\":2,\"name\":\"Backstreet Boys realizar\u00e1 gira por Latinoam\u00e9rica como parte de su \u201cDNA World tour\u201d\"}]},{\"@type\":\"WebSite\",\"@id\":\"https:\/\/noti-america.com\/site\/peru\/#website\",\"url\":\"https:\/\/noti-america.com\/site\/peru\/\",\"name\":\"Per\u00fa | Noti-America.com\",\"description\":\"\",\"publisher\":{\"@id\":\"https:\/\/noti-america.com\/site\/peru\/#organization\"},\"potentialAction\":[{\"@type\":\"SearchAction\",\"target\":{\"@type\":\"EntryPoint\",\"urlTemplate\":\"https:\/\/noti-america.com\/site\/peru\/?s={search_term_string}\"},\"query-input\":{\"@type\":\"PropertyValueSpecification\",\"valueRequired\":true,\"valueName\":\"search_term_string\"}}],\"inLanguage\":\"es\"},{\"@type\":\"Organization\",\"@id\":\"https:\/\/noti-america.com\/site\/peru\/#organization\",\"name\":\"Noti-America LLC | Per\u00fa\",\"url\":\"https:\/\/noti-america.com\/site\/peru\/\",\"logo\":{\"@type\":\"ImageObject\",\"inLanguage\":\"es\",\"@id\":\"https:\/\/noti-america.com\/site\/peru\/#\/schema\/logo\/image\/\",\"url\":\"https:\/\/noti-america.com\/site\/peru\/wp-content\/uploads\/sites\/8\/2020\/07\/LogoNA-4x3-1.jpg\",\"contentUrl\":\"https:\/\/noti-america.com\/site\/peru\/wp-content\/uploads\/sites\/8\/2020\/07\/LogoNA-4x3-1.jpg\",\"width\":1236,\"height\":1080,\"caption\":\"Noti-America LLC | Per\u00fa\"},\"image\":{\"@id\":\"https:\/\/noti-america.com\/site\/peru\/#\/schema\/logo\/image\/\"}},{\"@type\":\"Person\",\"@id\":\"https:\/\/noti-america.com\/site\/peru\/#\/schema\/person\/198c739ea8251f053186f9a9b060411b\",\"name\":\"REDACCI\u00d3N PERU\",\"image\":{\"@type\":\"ImageObject\",\"inLanguage\":\"es\",\"@id\":\"https:\/\/secure.gravatar.com\/avatar\/01a9dec4624d4fcf50237598e07fd928e41bc36b3ab5612958a61627150112ad?s=96&d=mm&r=g\",\"url\":\"https:\/\/secure.gravatar.com\/avatar\/01a9dec4624d4fcf50237598e07fd928e41bc36b3ab5612958a61627150112ad?s=96&d=mm&r=g\",\"contentUrl\":\"https:\/\/secure.gravatar.com\/avatar\/01a9dec4624d4fcf50237598e07fd928e41bc36b3ab5612958a61627150112ad?s=96&d=mm&r=g\",\"caption\":\"REDACCI\u00d3N PERU\"},\"sameAs\":[\"https:\/\/noti-america.com\",\"https:\/\/www.facebook.com\/notiamericaLLC\",\"https:\/\/www.instagram.com\/notiamerica\/\",\"https:\/\/www.linkedin.com\/in\/noti-america-7a5a4443\/\",\"https:\/\/x.com\/notiamerica\"],\"url\":\"https:\/\/noti-america.com\/site\/peru\/author\/drojas\/\"}]}<\/script>\n<!-- \/ Yoast SEO Premium plugin. -->","yoast_head_json":{"title":"Backstreet Boys realizar\u00e1 gira por Latinoam\u00e9rica como parte de su \u201cDNA World tour\u201d - Per\u00fa | Noti-America.com","description":"Todav\u00eda sus fans de Per\u00fa est\u00e1n esperando que se anuncie su concierto, ya que nuestro pa\u00eds no fue incluido en su lista de gira mundial. Sin embargo sus fans en facebook, con m\u00e1s de 20.000 likes convoc\u00f3 a reunirse en el mes de septiembre, para recordar el concierto de Nick Carter en Per\u00fa y celebrar los 10 a\u00f1os del \u00e1lbum \"This is us\".","robots":{"index":"index","follow":"follow","max-snippet":"max-snippet:-1","max-image-preview":"max-image-preview:large","max-video-preview":"max-video-preview:-1"},"canonical":"https:\/\/noti-america.com\/site\/peru\/2019\/08\/29\/backstreet-boys-realizara-gira-por-latinoamerica-como-parte-de-su-dna-world-tour\/","og_locale":"es_ES","og_type":"article","og_title":"Backstreet Boys realizar\u00e1 gira por Latinoam\u00e9rica como parte de su \u201cDNA World tour\u201d","og_description":"Todav\u00eda sus fans de Per\u00fa est\u00e1n esperando que se anuncie su concierto, ya que nuestro pa\u00eds no fue incluido en su lista de gira mundial. Sin embargo sus fans en facebook, con m\u00e1s de 20.000 likes convoc\u00f3 a reunirse en el mes de septiembre, para recordar el concierto de Nick Carter en Per\u00fa y celebrar los 10 a\u00f1os del \u00e1lbum \"This is us\".","og_url":"https:\/\/noti-america.com\/site\/peru\/2019\/08\/29\/backstreet-boys-realizara-gira-por-latinoamerica-como-parte-de-su-dna-world-tour\/","og_site_name":"Per\u00fa | Noti-America.com","article_author":"https:\/\/www.facebook.com\/notiamericaLLC","article_published_time":"2019-08-29T15:03:14+00:00","article_modified_time":"2019-08-29T15:05:54+00:00","og_image":[{"width":646,"height":380,"url":"https:\/\/noti-america.com\/site\/peru\/wp-content\/uploads\/sites\/8\/2019\/08\/backstreet.jpg","type":"image\/jpeg"}],"author":"REDACCI\u00d3N PERU","twitter_card":"summary_large_image","twitter_creator":"@notiamerica","twitter_misc":{"Escrito por":"REDACCI\u00d3N PERU","Tiempo estimado de lectura":"1 minuto"},"schema":{"@context":"https:\/\/schema.org","@graph":[{"@type":"Article","@id":"https:\/\/noti-america.com\/site\/peru\/2019\/08\/29\/backstreet-boys-realizara-gira-por-latinoamerica-como-parte-de-su-dna-world-tour\/#article","isPartOf":{"@id":"https:\/\/noti-america.com\/site\/peru\/2019\/08\/29\/backstreet-boys-realizara-gira-por-latinoamerica-como-parte-de-su-dna-world-tour\/"},"author":{"name":"REDACCI\u00d3N PERU","@id":"https:\/\/noti-america.com\/site\/peru\/#\/schema\/person\/198c739ea8251f053186f9a9b060411b"},"headline":"Backstreet Boys realizar\u00e1 gira por Latinoam\u00e9rica como parte de su \u201cDNA World tour\u201d","datePublished":"2019-08-29T15:03:14+00:00","dateModified":"2019-08-29T15:05:54+00:00","mainEntityOfPage":{"@id":"https:\/\/noti-america.com\/site\/peru\/2019\/08\/29\/backstreet-boys-realizara-gira-por-latinoamerica-como-parte-de-su-dna-world-tour\/"},"wordCount":185,"commentCount":0,"publisher":{"@id":"https:\/\/noti-america.com\/site\/peru\/#organization"},"image":{"@id":"https:\/\/noti-america.com\/site\/peru\/2019\/08\/29\/backstreet-boys-realizara-gira-por-latinoamerica-como-parte-de-su-dna-world-tour\/#primaryimage"},"thumbnailUrl":"https:\/\/noti-america.com\/site\/peru\/wp-content\/uploads\/sites\/8\/2019\/08\/backstreet.jpg","articleSection":["Far\u00e1ndula"],"inLanguage":"es","potentialAction":[{"@type":"CommentAction","name":"Comment","target":["https:\/\/noti-america.com\/site\/peru\/2019\/08\/29\/backstreet-boys-realizara-gira-por-latinoamerica-como-parte-de-su-dna-world-tour\/#respond"]}]},{"@type":"WebPage","@id":"https:\/\/noti-america.com\/site\/peru\/2019\/08\/29\/backstreet-boys-realizara-gira-por-latinoamerica-como-parte-de-su-dna-world-tour\/","url":"https:\/\/noti-america.com\/site\/peru\/2019\/08\/29\/backstreet-boys-realizara-gira-por-latinoamerica-como-parte-de-su-dna-world-tour\/","name":"Backstreet Boys realizar\u00e1 gira por Latinoam\u00e9rica como parte de su \u201cDNA World tour\u201d - Per\u00fa | Noti-America.com","isPartOf":{"@id":"https:\/\/noti-america.com\/site\/peru\/#website"},"primaryImageOfPage":{"@id":"https:\/\/noti-america.com\/site\/peru\/2019\/08\/29\/backstreet-boys-realizara-gira-por-latinoamerica-como-parte-de-su-dna-world-tour\/#primaryimage"},"image":{"@id":"https:\/\/noti-america.com\/site\/peru\/2019\/08\/29\/backstreet-boys-realizara-gira-por-latinoamerica-como-parte-de-su-dna-world-tour\/#primaryimage"},"thumbnailUrl":"https:\/\/noti-america.com\/site\/peru\/wp-content\/uploads\/sites\/8\/2019\/08\/backstreet.jpg","datePublished":"2019-08-29T15:03:14+00:00","dateModified":"2019-08-29T15:05:54+00:00","description":"Todav\u00eda sus fans de Per\u00fa est\u00e1n esperando que se anuncie su concierto, ya que nuestro pa\u00eds no fue incluido en su lista de gira mundial. Sin embargo sus fans en facebook, con m\u00e1s de 20.000 likes convoc\u00f3 a reunirse en el mes de septiembre, para recordar el concierto de Nick Carter en Per\u00fa y celebrar los 10 a\u00f1os del \u00e1lbum \"This is us\".","breadcrumb":{"@id":"https:\/\/noti-america.com\/site\/peru\/2019\/08\/29\/backstreet-boys-realizara-gira-por-latinoamerica-como-parte-de-su-dna-world-tour\/#breadcrumb"},"inLanguage":"es","potentialAction":[{"@type":"ReadAction","target":["https:\/\/noti-america.com\/site\/peru\/2019\/08\/29\/backstreet-boys-realizara-gira-por-latinoamerica-como-parte-de-su-dna-world-tour\/"]}]},{"@type":"ImageObject","inLanguage":"es","@id":"https:\/\/noti-america.com\/site\/peru\/2019\/08\/29\/backstreet-boys-realizara-gira-por-latinoamerica-como-parte-de-su-dna-world-tour\/#primaryimage","url":"https:\/\/noti-america.com\/site\/peru\/wp-content\/uploads\/sites\/8\/2019\/08\/backstreet.jpg","contentUrl":"https:\/\/noti-america.com\/site\/peru\/wp-content\/uploads\/sites\/8\/2019\/08\/backstreet.jpg","width":646,"height":380},{"@type":"BreadcrumbList","@id":"https:\/\/noti-america.com\/site\/peru\/2019\/08\/29\/backstreet-boys-realizara-gira-por-latinoamerica-como-parte-de-su-dna-world-tour\/#breadcrumb","itemListElement":[{"@type":"ListItem","position":1,"name":"Portada","item":"https:\/\/noti-america.com\/site\/peru\/"},{"@type":"ListItem","position":2,"name":"Backstreet Boys realizar\u00e1 gira por Latinoam\u00e9rica como parte de su \u201cDNA World tour\u201d"}]},{"@type":"WebSite","@id":"https:\/\/noti-america.com\/site\/peru\/#website","url":"https:\/\/noti-america.com\/site\/peru\/","name":"Per\u00fa | Noti-America.com","description":"","publisher":{"@id":"https:\/\/noti-america.com\/site\/peru\/#organization"},"potentialAction":[{"@type":"SearchAction","target":{"@type":"EntryPoint","urlTemplate":"https:\/\/noti-america.com\/site\/peru\/?s={search_term_string}"},"query-input":{"@type":"PropertyValueSpecification","valueRequired":true,"valueName":"search_term_string"}}],"inLanguage":"es"},{"@type":"Organization","@id":"https:\/\/noti-america.com\/site\/peru\/#organization","name":"Noti-America LLC | Per\u00fa","url":"https:\/\/noti-america.com\/site\/peru\/","logo":{"@type":"ImageObject","inLanguage":"es","@id":"https:\/\/noti-america.com\/site\/peru\/#\/schema\/logo\/image\/","url":"https:\/\/noti-america.com\/site\/peru\/wp-content\/uploads\/sites\/8\/2020\/07\/LogoNA-4x3-1.jpg","contentUrl":"https:\/\/noti-america.com\/site\/peru\/wp-content\/uploads\/sites\/8\/2020\/07\/LogoNA-4x3-1.jpg","width":1236,"height":1080,"caption":"Noti-America LLC | Per\u00fa"},"image":{"@id":"https:\/\/noti-america.com\/site\/peru\/#\/schema\/logo\/image\/"}},{"@type":"Person","@id":"https:\/\/noti-america.com\/site\/peru\/#\/schema\/person\/198c739ea8251f053186f9a9b060411b","name":"REDACCI\u00d3N PERU","image":{"@type":"ImageObject","inLanguage":"es","@id":"https:\/\/secure.gravatar.com\/avatar\/01a9dec4624d4fcf50237598e07fd928e41bc36b3ab5612958a61627150112ad?s=96&d=mm&r=g","url":"https:\/\/secure.gravatar.com\/avatar\/01a9dec4624d4fcf50237598e07fd928e41bc36b3ab5612958a61627150112ad?s=96&d=mm&r=g","contentUrl":"https:\/\/secure.gravatar.com\/avatar\/01a9dec4624d4fcf50237598e07fd928e41bc36b3ab5612958a61627150112ad?s=96&d=mm&r=g","caption":"REDACCI\u00d3N PERU"},"sameAs":["https:\/\/noti-america.com","https:\/\/www.facebook.com\/notiamericaLLC","https:\/\/www.instagram.com\/notiamerica\/","https:\/\/www.linkedin.com\/in\/noti-america-7a5a4443\/","https:\/\/x.com\/notiamerica"],"url":"https:\/\/noti-america.com\/site\/peru\/author\/drojas\/"}]}},"_links":{"self":[{"href":"https:\/\/noti-america.com\/site\/peru\/wp-json\/wp\/v2\/posts\/2056","targetHints":{"allow":["GET"]}}],"collection":[{"href":"https:\/\/noti-america.com\/site\/peru\/wp-json\/wp\/v2\/posts"}],"about":[{"href":"https:\/\/noti-america.com\/site\/peru\/wp-json\/wp\/v2\/types\/post"}],"author":[{"embeddable":true,"href":"https:\/\/noti-america.com\/site\/peru\/wp-json\/wp\/v2\/users\/56"}],"replies":[{"embeddable":true,"href":"https:\/\/noti-america.com\/site\/peru\/wp-json\/wp\/v2\/comments?post=2056"}],"version-history":[{"count":1,"href":"https:\/\/noti-america.com\/site\/peru\/wp-json\/wp\/v2\/posts\/2056\/revisions"}],"predecessor-version":[{"id":2057,"href":"https:\/\/noti-america.com\/site\/peru\/wp-json\/wp\/v2\/posts\/2056\/revisions\/2057"}],"wp:featuredmedia":[{"embeddable":true,"href":"https:\/\/noti-america.com\/site\/peru\/wp-json\/wp\/v2\/media\/2058"}],"wp:attachment":[{"href":"https:\/\/noti-america.com\/site\/peru\/wp-json\/wp\/v2\/media?parent=2056"}],"wp:term":[{"taxonomy":"category","embeddable":true,"href":"https:\/\/noti-america.com\/site\/peru\/wp-json\/wp\/v2\/categories?post=2056"},{"taxonomy":"post_tag","embeddable":true,"href":"https:\/\/noti-america.com\/site\/peru\/wp-json\/wp\/v2\/tags?post=2056"}],"curies":[{"name":"wp","href":"https:\/\/api.w.org\/{rel}","templated":true}]}}