{"id":2052,"date":"2019-08-29T14:31:10","date_gmt":"2019-08-29T14:31:10","guid":{"rendered":"http:\/\/noti-america.com\/site\/peru\/?p=2052"},"modified":"2019-08-29T14:33:29","modified_gmt":"2019-08-29T14:33:29","slug":"despues-de-50-anos-paz-la-farc-anuncia-su-regreso-a-la-lucha-armada","status":"publish","type":"post","link":"https:\/\/noti-america.com\/site\/peru\/2019\/08\/29\/despues-de-50-anos-paz-la-farc-anuncia-su-regreso-a-la-lucha-armada\/","title":{"rendered":"Despu\u00e9s de 50 a\u00f1os paz la Farc anuncia su regreso a la lucha armada"},"content":{"rendered":"<h3>El ex n\u00famero dos de las<b>\u00a0<\/b>FARC, Iv\u00e1n M\u00e1rquez, cuyo paradero era desconocido desde hace m\u00e1s de un a\u00f1o, anunci\u00f3 en un video\u00a0junto a otros ex l\u00edderes, que retomar\u00e1n las armas tras apartarse del acuerdo de paz en\u00a0Colombia.<\/h3>\n<h3>\u201cAnunciamos al mundo que ha comenzado la segunda Marquetalia (cuna hist\u00f3rica de la rebeli\u00f3n armada) bajo el amparo del derecho universal que asiste a todos los pueblos del mundo de levantarse en armas contra la opresi\u00f3n\u201d, indic\u00f3 M\u00e1rquez acompa\u00f1ado del pr\u00f3fugo de la justicia Jes\u00fas Santrich y Hern\u00e1n Dar\u00edo Vel\u00e1zquez, alias El Paisa, en el video publicado este jueves en YouTube.<\/h3>\n<h3><\/h3>\n<p><a href=\"https:\/\/youtu.be\/GQNMQxTV46o\">https:\/\/youtu.be\/GQNMQxTV46o<\/a><\/p>\n<h3 style=\"text-align: justify\">Entre fusiles y trajes camuflados, los exl\u00edderes se marginaron del pacto de paz que ten\u00eda por objetivo acabar con m\u00e1s de 50 a\u00f1os de conflicto armado entre las\u00a0<b>FARC<\/b>\u00a0y el Estado.<\/h3>\n<h3 style=\"text-align: justify\">Los tres exl\u00edderes y los hombres y mujeres que los acompa\u00f1aban ten\u00edan una pancarta al fondo en la que puede leerse \u201cFuerzas Armadas Revolucionarias de\u00a0<b>Colombia<\/b>\u00a0FARC-EP\u201d.<\/h3>\n<blockquote>\n<h3>\u00abLa trampa, la traici\u00f3n y la perfidia, la modificaci\u00f3n unilateral del texto del acuerdo, el incumplimiento de los compromisos por parte del Estado, los montajes judiciales y la inseguridad jur\u00eddica, nos obligaron a regresar al monte. Nunca fuimos vencidos ni derrotados ideol\u00f3gicamente, por eso la lucha contin\u00faa\u00bb, sostiene M\u00e1rquez en el video de 32 minutos.<\/h3>\n<\/blockquote>\n<h3 style=\"text-align: justify\">Adem\u00e1s, sostiene que el nuevo grupo armado buscar\u00e1 coordinar \u201cesfuerzos con la guerrilla del ELN y con aquellos compa\u00f1eros y compa\u00f1eras que no han plegado sus banderas\u201d.<\/h3>\n<h3><\/h3>\n<p class=\"\">Fuente; AFP.<\/p>\n","protected":false},"excerpt":{"rendered":"<p>El ex n\u00famero dos de las\u00a0FARC, Iv\u00e1n M\u00e1rquez, cuyo paradero era desconocido desde hace m\u00e1s de un a\u00f1o, anunci\u00f3 en un video\u00a0junto a otros ex l\u00edderes, que retomar\u00e1n las armas tras apartarse del acuerdo&#46;&#46;&#46;<\/p>\n","protected":false},"author":56,"featured_media":2053,"comment_status":"open","ping_status":"open","sticky":false,"template":"","format":"standard","meta":{"_acf_changed":false,"rop_custom_images_group":[],"rop_custom_messages_group":[],"rop_publish_now":"initial","rop_publish_now_accounts":{"twitter_242054905_242054905":""},"rop_publish_now_history":[],"rop_publish_now_status":"pending","footnotes":""},"categories":[4],"tags":[],"class_list":["post-2052","post","type-post","status-publish","format-standard","has-post-thumbnail","hentry","category-internacionales"],"acf":[],"yoast_head":"<!-- This site is optimized with the Yoast SEO Premium plugin v24.9 (Yoast SEO v27.2) - https:\/\/yoast.com\/product\/yoast-seo-premium-wordpress\/ -->\n<title>Despu\u00e9s de 50 a\u00f1os paz la Farc anuncia su regreso a la lucha armada - Per\u00fa | Noti-America.com<\/title>\n<meta name=\"description\" content=\"\u201cAnunciamos al mundo que ha comenzado la segunda Marquetalia (cuna hist\u00f3rica de la rebeli\u00f3n armada) bajo el amparo del derecho ... levantarse en armas contra la opresi\u00f3n\u201d, indic\u00f3 M\u00e1rquez acompa\u00f1ado del pr\u00f3fugo de la justicia Jes\u00fas Santrich y Hern\u00e1n Dar\u00edo Vel\u00e1zquez, alias El Paisa, en el video publicado este jueves en YouTube.\" \/>\n<meta name=\"robots\" content=\"index, follow, max-snippet:-1, max-image-preview:large, max-video-preview:-1\" \/>\n<link rel=\"canonical\" href=\"https:\/\/noti-america.com\/site\/peru\/2019\/08\/29\/despues-de-50-anos-paz-la-farc-anuncia-su-regreso-a-la-lucha-armada\/\" \/>\n<meta property=\"og:locale\" content=\"es_ES\" \/>\n<meta property=\"og:type\" content=\"article\" \/>\n<meta property=\"og:title\" content=\"Despu\u00e9s de 50 a\u00f1os paz la Farc anuncia su regreso a la lucha armada\" \/>\n<meta property=\"og:description\" content=\"\u201cAnunciamos al mundo que ha comenzado la segunda Marquetalia (cuna hist\u00f3rica de la rebeli\u00f3n armada) bajo el amparo del derecho ... levantarse en armas contra la opresi\u00f3n\u201d, indic\u00f3 M\u00e1rquez acompa\u00f1ado del pr\u00f3fugo de la justicia Jes\u00fas Santrich y Hern\u00e1n Dar\u00edo Vel\u00e1zquez, alias El Paisa, en el video publicado este jueves en YouTube.\" \/>\n<meta property=\"og:url\" content=\"https:\/\/noti-america.com\/site\/peru\/2019\/08\/29\/despues-de-50-anos-paz-la-farc-anuncia-su-regreso-a-la-lucha-armada\/\" \/>\n<meta property=\"og:site_name\" content=\"Per\u00fa | Noti-America.com\" \/>\n<meta property=\"article:author\" content=\"https:\/\/www.facebook.com\/notiamericaLLC\" \/>\n<meta property=\"article:published_time\" content=\"2019-08-29T14:31:10+00:00\" \/>\n<meta property=\"article:modified_time\" content=\"2019-08-29T14:33:29+00:00\" \/>\n<meta property=\"og:image\" content=\"https:\/\/noti-america.com\/site\/peru\/wp-content\/uploads\/sites\/8\/2019\/08\/farc1.jpg\" \/>\n\t<meta property=\"og:image:width\" content=\"880\" \/>\n\t<meta property=\"og:image:height\" content=\"495\" \/>\n\t<meta property=\"og:image:type\" content=\"image\/jpeg\" \/>\n<meta name=\"author\" content=\"REDACCI\u00d3N PERU\" \/>\n<meta name=\"twitter:card\" content=\"summary_large_image\" \/>\n<meta name=\"twitter:creator\" content=\"@notiamerica\" \/>\n<meta name=\"twitter:label1\" content=\"Escrito por\" \/>\n\t<meta name=\"twitter:data1\" content=\"REDACCI\u00d3N PERU\" \/>\n\t<meta name=\"twitter:label2\" content=\"Tiempo estimado de lectura\" \/>\n\t<meta name=\"twitter:data2\" content=\"1 minuto\" \/>\n<script type=\"application\/ld+json\" class=\"yoast-schema-graph\">{\"@context\":\"https:\/\/schema.org\",\"@graph\":[{\"@type\":\"Article\",\"@id\":\"https:\/\/noti-america.com\/site\/peru\/2019\/08\/29\/despues-de-50-anos-paz-la-farc-anuncia-su-regreso-a-la-lucha-armada\/#article\",\"isPartOf\":{\"@id\":\"https:\/\/noti-america.com\/site\/peru\/2019\/08\/29\/despues-de-50-anos-paz-la-farc-anuncia-su-regreso-a-la-lucha-armada\/\"},\"author\":{\"name\":\"REDACCI\u00d3N PERU\",\"@id\":\"https:\/\/noti-america.com\/site\/peru\/#\/schema\/person\/198c739ea8251f053186f9a9b060411b\"},\"headline\":\"Despu\u00e9s de 50 a\u00f1os paz la Farc anuncia su regreso a la lucha armada\",\"datePublished\":\"2019-08-29T14:31:10+00:00\",\"dateModified\":\"2019-08-29T14:33:29+00:00\",\"mainEntityOfPage\":{\"@id\":\"https:\/\/noti-america.com\/site\/peru\/2019\/08\/29\/despues-de-50-anos-paz-la-farc-anuncia-su-regreso-a-la-lucha-armada\/\"},\"wordCount\":297,\"commentCount\":0,\"publisher\":{\"@id\":\"https:\/\/noti-america.com\/site\/peru\/#organization\"},\"image\":{\"@id\":\"https:\/\/noti-america.com\/site\/peru\/2019\/08\/29\/despues-de-50-anos-paz-la-farc-anuncia-su-regreso-a-la-lucha-armada\/#primaryimage\"},\"thumbnailUrl\":\"https:\/\/noti-america.com\/site\/peru\/wp-content\/uploads\/sites\/8\/2019\/08\/farc1.jpg\",\"articleSection\":[\"Internacionales\"],\"inLanguage\":\"es\",\"potentialAction\":[{\"@type\":\"CommentAction\",\"name\":\"Comment\",\"target\":[\"https:\/\/noti-america.com\/site\/peru\/2019\/08\/29\/despues-de-50-anos-paz-la-farc-anuncia-su-regreso-a-la-lucha-armada\/#respond\"]}]},{\"@type\":\"WebPage\",\"@id\":\"https:\/\/noti-america.com\/site\/peru\/2019\/08\/29\/despues-de-50-anos-paz-la-farc-anuncia-su-regreso-a-la-lucha-armada\/\",\"url\":\"https:\/\/noti-america.com\/site\/peru\/2019\/08\/29\/despues-de-50-anos-paz-la-farc-anuncia-su-regreso-a-la-lucha-armada\/\",\"name\":\"Despu\u00e9s de 50 a\u00f1os paz la Farc anuncia su regreso a la lucha armada - Per\u00fa | Noti-America.com\",\"isPartOf\":{\"@id\":\"https:\/\/noti-america.com\/site\/peru\/#website\"},\"primaryImageOfPage\":{\"@id\":\"https:\/\/noti-america.com\/site\/peru\/2019\/08\/29\/despues-de-50-anos-paz-la-farc-anuncia-su-regreso-a-la-lucha-armada\/#primaryimage\"},\"image\":{\"@id\":\"https:\/\/noti-america.com\/site\/peru\/2019\/08\/29\/despues-de-50-anos-paz-la-farc-anuncia-su-regreso-a-la-lucha-armada\/#primaryimage\"},\"thumbnailUrl\":\"https:\/\/noti-america.com\/site\/peru\/wp-content\/uploads\/sites\/8\/2019\/08\/farc1.jpg\",\"datePublished\":\"2019-08-29T14:31:10+00:00\",\"dateModified\":\"2019-08-29T14:33:29+00:00\",\"description\":\"\u201cAnunciamos al mundo que ha comenzado la segunda Marquetalia (cuna hist\u00f3rica de la rebeli\u00f3n armada) bajo el amparo del derecho ... levantarse en armas contra la opresi\u00f3n\u201d, indic\u00f3 M\u00e1rquez acompa\u00f1ado del pr\u00f3fugo de la justicia Jes\u00fas Santrich y Hern\u00e1n Dar\u00edo Vel\u00e1zquez, alias El Paisa, en el video publicado este jueves en YouTube.\",\"breadcrumb\":{\"@id\":\"https:\/\/noti-america.com\/site\/peru\/2019\/08\/29\/despues-de-50-anos-paz-la-farc-anuncia-su-regreso-a-la-lucha-armada\/#breadcrumb\"},\"inLanguage\":\"es\",\"potentialAction\":[{\"@type\":\"ReadAction\",\"target\":[\"https:\/\/noti-america.com\/site\/peru\/2019\/08\/29\/despues-de-50-anos-paz-la-farc-anuncia-su-regreso-a-la-lucha-armada\/\"]}]},{\"@type\":\"ImageObject\",\"inLanguage\":\"es\",\"@id\":\"https:\/\/noti-america.com\/site\/peru\/2019\/08\/29\/despues-de-50-anos-paz-la-farc-anuncia-su-regreso-a-la-lucha-armada\/#primaryimage\",\"url\":\"https:\/\/noti-america.com\/site\/peru\/wp-content\/uploads\/sites\/8\/2019\/08\/farc1.jpg\",\"contentUrl\":\"https:\/\/noti-america.com\/site\/peru\/wp-content\/uploads\/sites\/8\/2019\/08\/farc1.jpg\",\"width\":880,\"height\":495},{\"@type\":\"BreadcrumbList\",\"@id\":\"https:\/\/noti-america.com\/site\/peru\/2019\/08\/29\/despues-de-50-anos-paz-la-farc-anuncia-su-regreso-a-la-lucha-armada\/#breadcrumb\",\"itemListElement\":[{\"@type\":\"ListItem\",\"position\":1,\"name\":\"Portada\",\"item\":\"https:\/\/noti-america.com\/site\/peru\/\"},{\"@type\":\"ListItem\",\"position\":2,\"name\":\"Despu\u00e9s de 50 a\u00f1os paz la Farc anuncia su regreso a la lucha armada\"}]},{\"@type\":\"WebSite\",\"@id\":\"https:\/\/noti-america.com\/site\/peru\/#website\",\"url\":\"https:\/\/noti-america.com\/site\/peru\/\",\"name\":\"Per\u00fa | Noti-America.com\",\"description\":\"\",\"publisher\":{\"@id\":\"https:\/\/noti-america.com\/site\/peru\/#organization\"},\"potentialAction\":[{\"@type\":\"SearchAction\",\"target\":{\"@type\":\"EntryPoint\",\"urlTemplate\":\"https:\/\/noti-america.com\/site\/peru\/?s={search_term_string}\"},\"query-input\":{\"@type\":\"PropertyValueSpecification\",\"valueRequired\":true,\"valueName\":\"search_term_string\"}}],\"inLanguage\":\"es\"},{\"@type\":\"Organization\",\"@id\":\"https:\/\/noti-america.com\/site\/peru\/#organization\",\"name\":\"Noti-America LLC | Per\u00fa\",\"url\":\"https:\/\/noti-america.com\/site\/peru\/\",\"logo\":{\"@type\":\"ImageObject\",\"inLanguage\":\"es\",\"@id\":\"https:\/\/noti-america.com\/site\/peru\/#\/schema\/logo\/image\/\",\"url\":\"https:\/\/noti-america.com\/site\/peru\/wp-content\/uploads\/sites\/8\/2020\/07\/LogoNA-4x3-1.jpg\",\"contentUrl\":\"https:\/\/noti-america.com\/site\/peru\/wp-content\/uploads\/sites\/8\/2020\/07\/LogoNA-4x3-1.jpg\",\"width\":1236,\"height\":1080,\"caption\":\"Noti-America LLC | Per\u00fa\"},\"image\":{\"@id\":\"https:\/\/noti-america.com\/site\/peru\/#\/schema\/logo\/image\/\"}},{\"@type\":\"Person\",\"@id\":\"https:\/\/noti-america.com\/site\/peru\/#\/schema\/person\/198c739ea8251f053186f9a9b060411b\",\"name\":\"REDACCI\u00d3N PERU\",\"image\":{\"@type\":\"ImageObject\",\"inLanguage\":\"es\",\"@id\":\"https:\/\/secure.gravatar.com\/avatar\/01a9dec4624d4fcf50237598e07fd928e41bc36b3ab5612958a61627150112ad?s=96&d=mm&r=g\",\"url\":\"https:\/\/secure.gravatar.com\/avatar\/01a9dec4624d4fcf50237598e07fd928e41bc36b3ab5612958a61627150112ad?s=96&d=mm&r=g\",\"contentUrl\":\"https:\/\/secure.gravatar.com\/avatar\/01a9dec4624d4fcf50237598e07fd928e41bc36b3ab5612958a61627150112ad?s=96&d=mm&r=g\",\"caption\":\"REDACCI\u00d3N PERU\"},\"sameAs\":[\"https:\/\/noti-america.com\",\"https:\/\/www.facebook.com\/notiamericaLLC\",\"https:\/\/www.instagram.com\/notiamerica\/\",\"https:\/\/www.linkedin.com\/in\/noti-america-7a5a4443\/\",\"https:\/\/x.com\/notiamerica\"],\"url\":\"https:\/\/noti-america.com\/site\/peru\/author\/drojas\/\"}]}<\/script>\n<!-- \/ Yoast SEO Premium plugin. -->","yoast_head_json":{"title":"Despu\u00e9s de 50 a\u00f1os paz la Farc anuncia su regreso a la lucha armada - Per\u00fa | Noti-America.com","description":"\u201cAnunciamos al mundo que ha comenzado la segunda Marquetalia (cuna hist\u00f3rica de la rebeli\u00f3n armada) bajo el amparo del derecho ... levantarse en armas contra la opresi\u00f3n\u201d, indic\u00f3 M\u00e1rquez acompa\u00f1ado del pr\u00f3fugo de la justicia Jes\u00fas Santrich y Hern\u00e1n Dar\u00edo Vel\u00e1zquez, alias El Paisa, en el video publicado este jueves en YouTube.","robots":{"index":"index","follow":"follow","max-snippet":"max-snippet:-1","max-image-preview":"max-image-preview:large","max-video-preview":"max-video-preview:-1"},"canonical":"https:\/\/noti-america.com\/site\/peru\/2019\/08\/29\/despues-de-50-anos-paz-la-farc-anuncia-su-regreso-a-la-lucha-armada\/","og_locale":"es_ES","og_type":"article","og_title":"Despu\u00e9s de 50 a\u00f1os paz la Farc anuncia su regreso a la lucha armada","og_description":"\u201cAnunciamos al mundo que ha comenzado la segunda Marquetalia (cuna hist\u00f3rica de la rebeli\u00f3n armada) bajo el amparo del derecho ... levantarse en armas contra la opresi\u00f3n\u201d, indic\u00f3 M\u00e1rquez acompa\u00f1ado del pr\u00f3fugo de la justicia Jes\u00fas Santrich y Hern\u00e1n Dar\u00edo Vel\u00e1zquez, alias El Paisa, en el video publicado este jueves en YouTube.","og_url":"https:\/\/noti-america.com\/site\/peru\/2019\/08\/29\/despues-de-50-anos-paz-la-farc-anuncia-su-regreso-a-la-lucha-armada\/","og_site_name":"Per\u00fa | Noti-America.com","article_author":"https:\/\/www.facebook.com\/notiamericaLLC","article_published_time":"2019-08-29T14:31:10+00:00","article_modified_time":"2019-08-29T14:33:29+00:00","og_image":[{"width":880,"height":495,"url":"https:\/\/noti-america.com\/site\/peru\/wp-content\/uploads\/sites\/8\/2019\/08\/farc1.jpg","type":"image\/jpeg"}],"author":"REDACCI\u00d3N PERU","twitter_card":"summary_large_image","twitter_creator":"@notiamerica","twitter_misc":{"Escrito por":"REDACCI\u00d3N PERU","Tiempo estimado de lectura":"1 minuto"},"schema":{"@context":"https:\/\/schema.org","@graph":[{"@type":"Article","@id":"https:\/\/noti-america.com\/site\/peru\/2019\/08\/29\/despues-de-50-anos-paz-la-farc-anuncia-su-regreso-a-la-lucha-armada\/#article","isPartOf":{"@id":"https:\/\/noti-america.com\/site\/peru\/2019\/08\/29\/despues-de-50-anos-paz-la-farc-anuncia-su-regreso-a-la-lucha-armada\/"},"author":{"name":"REDACCI\u00d3N PERU","@id":"https:\/\/noti-america.com\/site\/peru\/#\/schema\/person\/198c739ea8251f053186f9a9b060411b"},"headline":"Despu\u00e9s de 50 a\u00f1os paz la Farc anuncia su regreso a la lucha armada","datePublished":"2019-08-29T14:31:10+00:00","dateModified":"2019-08-29T14:33:29+00:00","mainEntityOfPage":{"@id":"https:\/\/noti-america.com\/site\/peru\/2019\/08\/29\/despues-de-50-anos-paz-la-farc-anuncia-su-regreso-a-la-lucha-armada\/"},"wordCount":297,"commentCount":0,"publisher":{"@id":"https:\/\/noti-america.com\/site\/peru\/#organization"},"image":{"@id":"https:\/\/noti-america.com\/site\/peru\/2019\/08\/29\/despues-de-50-anos-paz-la-farc-anuncia-su-regreso-a-la-lucha-armada\/#primaryimage"},"thumbnailUrl":"https:\/\/noti-america.com\/site\/peru\/wp-content\/uploads\/sites\/8\/2019\/08\/farc1.jpg","articleSection":["Internacionales"],"inLanguage":"es","potentialAction":[{"@type":"CommentAction","name":"Comment","target":["https:\/\/noti-america.com\/site\/peru\/2019\/08\/29\/despues-de-50-anos-paz-la-farc-anuncia-su-regreso-a-la-lucha-armada\/#respond"]}]},{"@type":"WebPage","@id":"https:\/\/noti-america.com\/site\/peru\/2019\/08\/29\/despues-de-50-anos-paz-la-farc-anuncia-su-regreso-a-la-lucha-armada\/","url":"https:\/\/noti-america.com\/site\/peru\/2019\/08\/29\/despues-de-50-anos-paz-la-farc-anuncia-su-regreso-a-la-lucha-armada\/","name":"Despu\u00e9s de 50 a\u00f1os paz la Farc anuncia su regreso a la lucha armada - Per\u00fa | Noti-America.com","isPartOf":{"@id":"https:\/\/noti-america.com\/site\/peru\/#website"},"primaryImageOfPage":{"@id":"https:\/\/noti-america.com\/site\/peru\/2019\/08\/29\/despues-de-50-anos-paz-la-farc-anuncia-su-regreso-a-la-lucha-armada\/#primaryimage"},"image":{"@id":"https:\/\/noti-america.com\/site\/peru\/2019\/08\/29\/despues-de-50-anos-paz-la-farc-anuncia-su-regreso-a-la-lucha-armada\/#primaryimage"},"thumbnailUrl":"https:\/\/noti-america.com\/site\/peru\/wp-content\/uploads\/sites\/8\/2019\/08\/farc1.jpg","datePublished":"2019-08-29T14:31:10+00:00","dateModified":"2019-08-29T14:33:29+00:00","description":"\u201cAnunciamos al mundo que ha comenzado la segunda Marquetalia (cuna hist\u00f3rica de la rebeli\u00f3n armada) bajo el amparo del derecho ... levantarse en armas contra la opresi\u00f3n\u201d, indic\u00f3 M\u00e1rquez acompa\u00f1ado del pr\u00f3fugo de la justicia Jes\u00fas Santrich y Hern\u00e1n Dar\u00edo Vel\u00e1zquez, alias El Paisa, en el video publicado este jueves en YouTube.","breadcrumb":{"@id":"https:\/\/noti-america.com\/site\/peru\/2019\/08\/29\/despues-de-50-anos-paz-la-farc-anuncia-su-regreso-a-la-lucha-armada\/#breadcrumb"},"inLanguage":"es","potentialAction":[{"@type":"ReadAction","target":["https:\/\/noti-america.com\/site\/peru\/2019\/08\/29\/despues-de-50-anos-paz-la-farc-anuncia-su-regreso-a-la-lucha-armada\/"]}]},{"@type":"ImageObject","inLanguage":"es","@id":"https:\/\/noti-america.com\/site\/peru\/2019\/08\/29\/despues-de-50-anos-paz-la-farc-anuncia-su-regreso-a-la-lucha-armada\/#primaryimage","url":"https:\/\/noti-america.com\/site\/peru\/wp-content\/uploads\/sites\/8\/2019\/08\/farc1.jpg","contentUrl":"https:\/\/noti-america.com\/site\/peru\/wp-content\/uploads\/sites\/8\/2019\/08\/farc1.jpg","width":880,"height":495},{"@type":"BreadcrumbList","@id":"https:\/\/noti-america.com\/site\/peru\/2019\/08\/29\/despues-de-50-anos-paz-la-farc-anuncia-su-regreso-a-la-lucha-armada\/#breadcrumb","itemListElement":[{"@type":"ListItem","position":1,"name":"Portada","item":"https:\/\/noti-america.com\/site\/peru\/"},{"@type":"ListItem","position":2,"name":"Despu\u00e9s de 50 a\u00f1os paz la Farc anuncia su regreso a la lucha armada"}]},{"@type":"WebSite","@id":"https:\/\/noti-america.com\/site\/peru\/#website","url":"https:\/\/noti-america.com\/site\/peru\/","name":"Per\u00fa | Noti-America.com","description":"","publisher":{"@id":"https:\/\/noti-america.com\/site\/peru\/#organization"},"potentialAction":[{"@type":"SearchAction","target":{"@type":"EntryPoint","urlTemplate":"https:\/\/noti-america.com\/site\/peru\/?s={search_term_string}"},"query-input":{"@type":"PropertyValueSpecification","valueRequired":true,"valueName":"search_term_string"}}],"inLanguage":"es"},{"@type":"Organization","@id":"https:\/\/noti-america.com\/site\/peru\/#organization","name":"Noti-America LLC | Per\u00fa","url":"https:\/\/noti-america.com\/site\/peru\/","logo":{"@type":"ImageObject","inLanguage":"es","@id":"https:\/\/noti-america.com\/site\/peru\/#\/schema\/logo\/image\/","url":"https:\/\/noti-america.com\/site\/peru\/wp-content\/uploads\/sites\/8\/2020\/07\/LogoNA-4x3-1.jpg","contentUrl":"https:\/\/noti-america.com\/site\/peru\/wp-content\/uploads\/sites\/8\/2020\/07\/LogoNA-4x3-1.jpg","width":1236,"height":1080,"caption":"Noti-America LLC | Per\u00fa"},"image":{"@id":"https:\/\/noti-america.com\/site\/peru\/#\/schema\/logo\/image\/"}},{"@type":"Person","@id":"https:\/\/noti-america.com\/site\/peru\/#\/schema\/person\/198c739ea8251f053186f9a9b060411b","name":"REDACCI\u00d3N PERU","image":{"@type":"ImageObject","inLanguage":"es","@id":"https:\/\/secure.gravatar.com\/avatar\/01a9dec4624d4fcf50237598e07fd928e41bc36b3ab5612958a61627150112ad?s=96&d=mm&r=g","url":"https:\/\/secure.gravatar.com\/avatar\/01a9dec4624d4fcf50237598e07fd928e41bc36b3ab5612958a61627150112ad?s=96&d=mm&r=g","contentUrl":"https:\/\/secure.gravatar.com\/avatar\/01a9dec4624d4fcf50237598e07fd928e41bc36b3ab5612958a61627150112ad?s=96&d=mm&r=g","caption":"REDACCI\u00d3N PERU"},"sameAs":["https:\/\/noti-america.com","https:\/\/www.facebook.com\/notiamericaLLC","https:\/\/www.instagram.com\/notiamerica\/","https:\/\/www.linkedin.com\/in\/noti-america-7a5a4443\/","https:\/\/x.com\/notiamerica"],"url":"https:\/\/noti-america.com\/site\/peru\/author\/drojas\/"}]}},"_links":{"self":[{"href":"https:\/\/noti-america.com\/site\/peru\/wp-json\/wp\/v2\/posts\/2052","targetHints":{"allow":["GET"]}}],"collection":[{"href":"https:\/\/noti-america.com\/site\/peru\/wp-json\/wp\/v2\/posts"}],"about":[{"href":"https:\/\/noti-america.com\/site\/peru\/wp-json\/wp\/v2\/types\/post"}],"author":[{"embeddable":true,"href":"https:\/\/noti-america.com\/site\/peru\/wp-json\/wp\/v2\/users\/56"}],"replies":[{"embeddable":true,"href":"https:\/\/noti-america.com\/site\/peru\/wp-json\/wp\/v2\/comments?post=2052"}],"version-history":[{"count":2,"href":"https:\/\/noti-america.com\/site\/peru\/wp-json\/wp\/v2\/posts\/2052\/revisions"}],"predecessor-version":[{"id":2055,"href":"https:\/\/noti-america.com\/site\/peru\/wp-json\/wp\/v2\/posts\/2052\/revisions\/2055"}],"wp:featuredmedia":[{"embeddable":true,"href":"https:\/\/noti-america.com\/site\/peru\/wp-json\/wp\/v2\/media\/2053"}],"wp:attachment":[{"href":"https:\/\/noti-america.com\/site\/peru\/wp-json\/wp\/v2\/media?parent=2052"}],"wp:term":[{"taxonomy":"category","embeddable":true,"href":"https:\/\/noti-america.com\/site\/peru\/wp-json\/wp\/v2\/categories?post=2052"},{"taxonomy":"post_tag","embeddable":true,"href":"https:\/\/noti-america.com\/site\/peru\/wp-json\/wp\/v2\/tags?post=2052"}],"curies":[{"name":"wp","href":"https:\/\/api.w.org\/{rel}","templated":true}]}}