{"id":2005,"date":"2019-08-20T19:33:52","date_gmt":"2019-08-20T19:33:52","guid":{"rendered":"http:\/\/noti-america.com\/site\/peru\/?p=2005"},"modified":"2019-08-29T14:40:27","modified_gmt":"2019-08-29T14:40:27","slug":"importaciones-de-harina-de-maiz-alcanzan-record-por-us-72-millones","status":"publish","type":"post","link":"https:\/\/noti-america.com\/site\/peru\/2019\/08\/20\/importaciones-de-harina-de-maiz-alcanzan-record-por-us-72-millones\/","title":{"rendered":"Importaciones de harina de ma\u00edz alcanzan r\u00e9cord por US$ 7,2 millones"},"content":{"rendered":"<h1 class=\"c0138\">Venezolanos en Per\u00fa: cifra r\u00e9cord de importaciones de ma\u00edz este a\u00f1o<\/h1>\n<h3><img loading=\"lazy\" decoding=\"async\" class=\"wp-image-2007 alignleft\" src=\"http:\/\/noti-america.com\/site\/peru\/wp-content\/uploads\/sites\/8\/2019\/08\/C\u00e1mara-de-Comercio-de-Lima-CCL-160x300.jpg\" alt=\"\" width=\"385\" height=\"409\" \/><\/h3>\n<h3><\/h3>\n<h3>El coordinador de Inteligencia Comercial del Centro de Comercio Exterior (CCEX) de la C\u00e1mara de Comercio de Lima (CCL), Ricardo Espejo, inform\u00f3 que las importaciones de harina de ma\u00edz en nuestro pa\u00eds alcanzaron una cifra r\u00e9cord entre enero y julio de este a\u00f1o al registrar US$ 7,2 millones, logrando un crecimiento de 345% con respecto a similar periodo en el 2018. Espejo se\u00f1al\u00f3 que este incremento se debe al aumento de la\u00a0migraci\u00f3n venezolana<b>\u00a0<\/b>al pa\u00eds, pues ellos han tra\u00eddo consigo parte de su cultura gastron\u00f3mica como la elaboraci\u00f3n de las arepas, que precisamente demandan el uso de harina de ma\u00edz.<\/h3>\n<h3>Los venezolanos utilizan la harina de ma\u00edz precocida para preparar arepas, empanadas, hallacas, cachapas, hallaquitas, bollos y otros platos t\u00edpicos de Venezuela.<\/h3>\n<h3>Su preparaci\u00f3n es sencilla, con solo agregar agua, sal y mezclar hasta conseguir una masa homog\u00e9nea, se puede preparar de la forma que gustes. En el caso del relleno los venezolanos utilizan: queso, jam\u00f3n, carne deshilachada, pollo, palta, huevo o cualquier otro acompa\u00f1ante.<\/h3>\n<h3>En la mesa de los venezolanos no puede faltar la harina precocida y la mantequilla.\u00a0 Es como un ritual m\u00edstico, un popular dicho de ellos, es decir: \u00abarepa sin matequilla no es arepa\u00bb.<\/h3>\n<h3>Una curiosidad de la harina precocida, es que los venezolanos suelen llamar a cualquier harina: \u00abharina pan\u00bb, a pesar de que usen cualquier otra marca distribuida en el Per\u00fa: Arepasan, P.A.N, La Nieve, El Sol entre otros. Cabe destacar que la harina P.A.N. es una marca creada por la corporaci\u00f3n venezolana Empresas Polar.<\/h3>\n<h5 class=\"c01150\">Fuente: La Rep\u00fablica &#8211; (C\u00e1mara de Comercio de Lima web)<\/h5>\n","protected":false},"excerpt":{"rendered":"<p>Venezolanos en Per\u00fa: cifra r\u00e9cord de importaciones de ma\u00edz este a\u00f1o El coordinador de Inteligencia Comercial del Centro de Comercio Exterior (CCEX) de la C\u00e1mara de Comercio de Lima (CCL), Ricardo Espejo, inform\u00f3 que&#46;&#46;&#46;<\/p>\n","protected":false},"author":56,"featured_media":2007,"comment_status":"open","ping_status":"open","sticky":false,"template":"","format":"standard","meta":{"_acf_changed":false,"rop_custom_images_group":[],"rop_custom_messages_group":[],"rop_publish_now":"initial","rop_publish_now_accounts":{"twitter_242054905_242054905":""},"rop_publish_now_history":[],"rop_publish_now_status":"pending","footnotes":""},"categories":[10,3],"tags":[],"class_list":["post-2005","post","type-post","status-publish","format-standard","has-post-thumbnail","hentry","category-actualidad","category-politica"],"acf":[],"yoast_head":"<!-- This site is optimized with the Yoast SEO Premium plugin v24.9 (Yoast SEO v27.2) - https:\/\/yoast.com\/product\/yoast-seo-premium-wordpress\/ -->\n<title>Importaciones de harina de ma\u00edz alcanzan r\u00e9cord por US$ 7,2 millones - Per\u00fa | Noti-America.com<\/title>\n<meta name=\"description\" content=\"Entre enero y julio de este a\u00f1o al registrar US$ 7,2 millones, logrando un crecimiento de 345% con respecto a similar periodo en el 2018\" \/>\n<meta name=\"robots\" content=\"index, follow, max-snippet:-1, max-image-preview:large, max-video-preview:-1\" \/>\n<link rel=\"canonical\" href=\"https:\/\/noti-america.com\/site\/peru\/2019\/08\/20\/importaciones-de-harina-de-maiz-alcanzan-record-por-us-72-millones\/\" \/>\n<meta property=\"og:locale\" content=\"es_ES\" \/>\n<meta property=\"og:type\" content=\"article\" \/>\n<meta property=\"og:title\" content=\"Importaciones de harina de ma\u00edz alcanzan r\u00e9cord por US$ 7,2 millones\" \/>\n<meta property=\"og:description\" content=\"Entre enero y julio de este a\u00f1o al registrar US$ 7,2 millones, logrando un crecimiento de 345% con respecto a similar periodo en el 2018\" \/>\n<meta property=\"og:url\" content=\"https:\/\/noti-america.com\/site\/peru\/2019\/08\/20\/importaciones-de-harina-de-maiz-alcanzan-record-por-us-72-millones\/\" \/>\n<meta property=\"og:site_name\" content=\"Per\u00fa | Noti-America.com\" \/>\n<meta property=\"article:author\" content=\"https:\/\/www.facebook.com\/notiamericaLLC\" \/>\n<meta property=\"article:published_time\" content=\"2019-08-20T19:33:52+00:00\" \/>\n<meta property=\"article:modified_time\" content=\"2019-08-29T14:40:27+00:00\" \/>\n<meta property=\"og:image\" content=\"https:\/\/noti-america.com\/site\/peru\/wp-content\/uploads\/sites\/8\/2019\/08\/C\u00e1mara-de-Comercio-de-Lima-CCL.jpg\" \/>\n\t<meta property=\"og:image:width\" content=\"1000\" \/>\n\t<meta property=\"og:image:height\" content=\"1871\" \/>\n\t<meta property=\"og:image:type\" content=\"image\/jpeg\" \/>\n<meta name=\"author\" content=\"REDACCI\u00d3N PERU\" \/>\n<meta name=\"twitter:card\" content=\"summary_large_image\" \/>\n<meta name=\"twitter:creator\" content=\"@notiamerica\" \/>\n<meta name=\"twitter:label1\" content=\"Escrito por\" \/>\n\t<meta name=\"twitter:data1\" content=\"REDACCI\u00d3N PERU\" \/>\n\t<meta name=\"twitter:label2\" content=\"Tiempo estimado de lectura\" \/>\n\t<meta name=\"twitter:data2\" content=\"1 minuto\" \/>\n<script type=\"application\/ld+json\" class=\"yoast-schema-graph\">{\"@context\":\"https:\/\/schema.org\",\"@graph\":[{\"@type\":\"Article\",\"@id\":\"https:\/\/noti-america.com\/site\/peru\/2019\/08\/20\/importaciones-de-harina-de-maiz-alcanzan-record-por-us-72-millones\/#article\",\"isPartOf\":{\"@id\":\"https:\/\/noti-america.com\/site\/peru\/2019\/08\/20\/importaciones-de-harina-de-maiz-alcanzan-record-por-us-72-millones\/\"},\"author\":{\"name\":\"REDACCI\u00d3N PERU\",\"@id\":\"https:\/\/noti-america.com\/site\/peru\/#\/schema\/person\/198c739ea8251f053186f9a9b060411b\"},\"headline\":\"Importaciones de harina de ma\u00edz alcanzan r\u00e9cord por US$ 7,2 millones\",\"datePublished\":\"2019-08-20T19:33:52+00:00\",\"dateModified\":\"2019-08-29T14:40:27+00:00\",\"mainEntityOfPage\":{\"@id\":\"https:\/\/noti-america.com\/site\/peru\/2019\/08\/20\/importaciones-de-harina-de-maiz-alcanzan-record-por-us-72-millones\/\"},\"wordCount\":311,\"commentCount\":0,\"publisher\":{\"@id\":\"https:\/\/noti-america.com\/site\/peru\/#organization\"},\"image\":{\"@id\":\"https:\/\/noti-america.com\/site\/peru\/2019\/08\/20\/importaciones-de-harina-de-maiz-alcanzan-record-por-us-72-millones\/#primaryimage\"},\"thumbnailUrl\":\"https:\/\/noti-america.com\/site\/peru\/wp-content\/uploads\/sites\/8\/2019\/08\/C\u00e1mara-de-Comercio-de-Lima-CCL.jpg\",\"articleSection\":[\"Actualidad\",\"Pol\u00edtica\"],\"inLanguage\":\"es\",\"potentialAction\":[{\"@type\":\"CommentAction\",\"name\":\"Comment\",\"target\":[\"https:\/\/noti-america.com\/site\/peru\/2019\/08\/20\/importaciones-de-harina-de-maiz-alcanzan-record-por-us-72-millones\/#respond\"]}]},{\"@type\":\"WebPage\",\"@id\":\"https:\/\/noti-america.com\/site\/peru\/2019\/08\/20\/importaciones-de-harina-de-maiz-alcanzan-record-por-us-72-millones\/\",\"url\":\"https:\/\/noti-america.com\/site\/peru\/2019\/08\/20\/importaciones-de-harina-de-maiz-alcanzan-record-por-us-72-millones\/\",\"name\":\"Importaciones de harina de ma\u00edz alcanzan r\u00e9cord por US$ 7,2 millones - Per\u00fa | Noti-America.com\",\"isPartOf\":{\"@id\":\"https:\/\/noti-america.com\/site\/peru\/#website\"},\"primaryImageOfPage\":{\"@id\":\"https:\/\/noti-america.com\/site\/peru\/2019\/08\/20\/importaciones-de-harina-de-maiz-alcanzan-record-por-us-72-millones\/#primaryimage\"},\"image\":{\"@id\":\"https:\/\/noti-america.com\/site\/peru\/2019\/08\/20\/importaciones-de-harina-de-maiz-alcanzan-record-por-us-72-millones\/#primaryimage\"},\"thumbnailUrl\":\"https:\/\/noti-america.com\/site\/peru\/wp-content\/uploads\/sites\/8\/2019\/08\/C\u00e1mara-de-Comercio-de-Lima-CCL.jpg\",\"datePublished\":\"2019-08-20T19:33:52+00:00\",\"dateModified\":\"2019-08-29T14:40:27+00:00\",\"description\":\"Entre enero y julio de este a\u00f1o al registrar US$ 7,2 millones, logrando un crecimiento de 345% con respecto a similar periodo en el 2018\",\"breadcrumb\":{\"@id\":\"https:\/\/noti-america.com\/site\/peru\/2019\/08\/20\/importaciones-de-harina-de-maiz-alcanzan-record-por-us-72-millones\/#breadcrumb\"},\"inLanguage\":\"es\",\"potentialAction\":[{\"@type\":\"ReadAction\",\"target\":[\"https:\/\/noti-america.com\/site\/peru\/2019\/08\/20\/importaciones-de-harina-de-maiz-alcanzan-record-por-us-72-millones\/\"]}]},{\"@type\":\"ImageObject\",\"inLanguage\":\"es\",\"@id\":\"https:\/\/noti-america.com\/site\/peru\/2019\/08\/20\/importaciones-de-harina-de-maiz-alcanzan-record-por-us-72-millones\/#primaryimage\",\"url\":\"https:\/\/noti-america.com\/site\/peru\/wp-content\/uploads\/sites\/8\/2019\/08\/C\u00e1mara-de-Comercio-de-Lima-CCL.jpg\",\"contentUrl\":\"https:\/\/noti-america.com\/site\/peru\/wp-content\/uploads\/sites\/8\/2019\/08\/C\u00e1mara-de-Comercio-de-Lima-CCL.jpg\",\"width\":1000,\"height\":1871},{\"@type\":\"BreadcrumbList\",\"@id\":\"https:\/\/noti-america.com\/site\/peru\/2019\/08\/20\/importaciones-de-harina-de-maiz-alcanzan-record-por-us-72-millones\/#breadcrumb\",\"itemListElement\":[{\"@type\":\"ListItem\",\"position\":1,\"name\":\"Portada\",\"item\":\"https:\/\/noti-america.com\/site\/peru\/\"},{\"@type\":\"ListItem\",\"position\":2,\"name\":\"Importaciones de harina de ma\u00edz alcanzan r\u00e9cord por US$ 7,2 millones\"}]},{\"@type\":\"WebSite\",\"@id\":\"https:\/\/noti-america.com\/site\/peru\/#website\",\"url\":\"https:\/\/noti-america.com\/site\/peru\/\",\"name\":\"Per\u00fa | Noti-America.com\",\"description\":\"\",\"publisher\":{\"@id\":\"https:\/\/noti-america.com\/site\/peru\/#organization\"},\"potentialAction\":[{\"@type\":\"SearchAction\",\"target\":{\"@type\":\"EntryPoint\",\"urlTemplate\":\"https:\/\/noti-america.com\/site\/peru\/?s={search_term_string}\"},\"query-input\":{\"@type\":\"PropertyValueSpecification\",\"valueRequired\":true,\"valueName\":\"search_term_string\"}}],\"inLanguage\":\"es\"},{\"@type\":\"Organization\",\"@id\":\"https:\/\/noti-america.com\/site\/peru\/#organization\",\"name\":\"Noti-America LLC | Per\u00fa\",\"url\":\"https:\/\/noti-america.com\/site\/peru\/\",\"logo\":{\"@type\":\"ImageObject\",\"inLanguage\":\"es\",\"@id\":\"https:\/\/noti-america.com\/site\/peru\/#\/schema\/logo\/image\/\",\"url\":\"https:\/\/noti-america.com\/site\/peru\/wp-content\/uploads\/sites\/8\/2020\/07\/LogoNA-4x3-1.jpg\",\"contentUrl\":\"https:\/\/noti-america.com\/site\/peru\/wp-content\/uploads\/sites\/8\/2020\/07\/LogoNA-4x3-1.jpg\",\"width\":1236,\"height\":1080,\"caption\":\"Noti-America LLC | Per\u00fa\"},\"image\":{\"@id\":\"https:\/\/noti-america.com\/site\/peru\/#\/schema\/logo\/image\/\"}},{\"@type\":\"Person\",\"@id\":\"https:\/\/noti-america.com\/site\/peru\/#\/schema\/person\/198c739ea8251f053186f9a9b060411b\",\"name\":\"REDACCI\u00d3N PERU\",\"image\":{\"@type\":\"ImageObject\",\"inLanguage\":\"es\",\"@id\":\"https:\/\/secure.gravatar.com\/avatar\/01a9dec4624d4fcf50237598e07fd928e41bc36b3ab5612958a61627150112ad?s=96&d=mm&r=g\",\"url\":\"https:\/\/secure.gravatar.com\/avatar\/01a9dec4624d4fcf50237598e07fd928e41bc36b3ab5612958a61627150112ad?s=96&d=mm&r=g\",\"contentUrl\":\"https:\/\/secure.gravatar.com\/avatar\/01a9dec4624d4fcf50237598e07fd928e41bc36b3ab5612958a61627150112ad?s=96&d=mm&r=g\",\"caption\":\"REDACCI\u00d3N PERU\"},\"sameAs\":[\"https:\/\/noti-america.com\",\"https:\/\/www.facebook.com\/notiamericaLLC\",\"https:\/\/www.instagram.com\/notiamerica\/\",\"https:\/\/www.linkedin.com\/in\/noti-america-7a5a4443\/\",\"https:\/\/x.com\/notiamerica\"],\"url\":\"https:\/\/noti-america.com\/site\/peru\/author\/drojas\/\"}]}<\/script>\n<!-- \/ Yoast SEO Premium plugin. -->","yoast_head_json":{"title":"Importaciones de harina de ma\u00edz alcanzan r\u00e9cord por US$ 7,2 millones - Per\u00fa | Noti-America.com","description":"Entre enero y julio de este a\u00f1o al registrar US$ 7,2 millones, logrando un crecimiento de 345% con respecto a similar periodo en el 2018","robots":{"index":"index","follow":"follow","max-snippet":"max-snippet:-1","max-image-preview":"max-image-preview:large","max-video-preview":"max-video-preview:-1"},"canonical":"https:\/\/noti-america.com\/site\/peru\/2019\/08\/20\/importaciones-de-harina-de-maiz-alcanzan-record-por-us-72-millones\/","og_locale":"es_ES","og_type":"article","og_title":"Importaciones de harina de ma\u00edz alcanzan r\u00e9cord por US$ 7,2 millones","og_description":"Entre enero y julio de este a\u00f1o al registrar US$ 7,2 millones, logrando un crecimiento de 345% con respecto a similar periodo en el 2018","og_url":"https:\/\/noti-america.com\/site\/peru\/2019\/08\/20\/importaciones-de-harina-de-maiz-alcanzan-record-por-us-72-millones\/","og_site_name":"Per\u00fa | Noti-America.com","article_author":"https:\/\/www.facebook.com\/notiamericaLLC","article_published_time":"2019-08-20T19:33:52+00:00","article_modified_time":"2019-08-29T14:40:27+00:00","og_image":[{"width":1000,"height":1871,"url":"https:\/\/noti-america.com\/site\/peru\/wp-content\/uploads\/sites\/8\/2019\/08\/C\u00e1mara-de-Comercio-de-Lima-CCL.jpg","type":"image\/jpeg"}],"author":"REDACCI\u00d3N PERU","twitter_card":"summary_large_image","twitter_creator":"@notiamerica","twitter_misc":{"Escrito por":"REDACCI\u00d3N PERU","Tiempo estimado de lectura":"1 minuto"},"schema":{"@context":"https:\/\/schema.org","@graph":[{"@type":"Article","@id":"https:\/\/noti-america.com\/site\/peru\/2019\/08\/20\/importaciones-de-harina-de-maiz-alcanzan-record-por-us-72-millones\/#article","isPartOf":{"@id":"https:\/\/noti-america.com\/site\/peru\/2019\/08\/20\/importaciones-de-harina-de-maiz-alcanzan-record-por-us-72-millones\/"},"author":{"name":"REDACCI\u00d3N PERU","@id":"https:\/\/noti-america.com\/site\/peru\/#\/schema\/person\/198c739ea8251f053186f9a9b060411b"},"headline":"Importaciones de harina de ma\u00edz alcanzan r\u00e9cord por US$ 7,2 millones","datePublished":"2019-08-20T19:33:52+00:00","dateModified":"2019-08-29T14:40:27+00:00","mainEntityOfPage":{"@id":"https:\/\/noti-america.com\/site\/peru\/2019\/08\/20\/importaciones-de-harina-de-maiz-alcanzan-record-por-us-72-millones\/"},"wordCount":311,"commentCount":0,"publisher":{"@id":"https:\/\/noti-america.com\/site\/peru\/#organization"},"image":{"@id":"https:\/\/noti-america.com\/site\/peru\/2019\/08\/20\/importaciones-de-harina-de-maiz-alcanzan-record-por-us-72-millones\/#primaryimage"},"thumbnailUrl":"https:\/\/noti-america.com\/site\/peru\/wp-content\/uploads\/sites\/8\/2019\/08\/C\u00e1mara-de-Comercio-de-Lima-CCL.jpg","articleSection":["Actualidad","Pol\u00edtica"],"inLanguage":"es","potentialAction":[{"@type":"CommentAction","name":"Comment","target":["https:\/\/noti-america.com\/site\/peru\/2019\/08\/20\/importaciones-de-harina-de-maiz-alcanzan-record-por-us-72-millones\/#respond"]}]},{"@type":"WebPage","@id":"https:\/\/noti-america.com\/site\/peru\/2019\/08\/20\/importaciones-de-harina-de-maiz-alcanzan-record-por-us-72-millones\/","url":"https:\/\/noti-america.com\/site\/peru\/2019\/08\/20\/importaciones-de-harina-de-maiz-alcanzan-record-por-us-72-millones\/","name":"Importaciones de harina de ma\u00edz alcanzan r\u00e9cord por US$ 7,2 millones - Per\u00fa | Noti-America.com","isPartOf":{"@id":"https:\/\/noti-america.com\/site\/peru\/#website"},"primaryImageOfPage":{"@id":"https:\/\/noti-america.com\/site\/peru\/2019\/08\/20\/importaciones-de-harina-de-maiz-alcanzan-record-por-us-72-millones\/#primaryimage"},"image":{"@id":"https:\/\/noti-america.com\/site\/peru\/2019\/08\/20\/importaciones-de-harina-de-maiz-alcanzan-record-por-us-72-millones\/#primaryimage"},"thumbnailUrl":"https:\/\/noti-america.com\/site\/peru\/wp-content\/uploads\/sites\/8\/2019\/08\/C\u00e1mara-de-Comercio-de-Lima-CCL.jpg","datePublished":"2019-08-20T19:33:52+00:00","dateModified":"2019-08-29T14:40:27+00:00","description":"Entre enero y julio de este a\u00f1o al registrar US$ 7,2 millones, logrando un crecimiento de 345% con respecto a similar periodo en el 2018","breadcrumb":{"@id":"https:\/\/noti-america.com\/site\/peru\/2019\/08\/20\/importaciones-de-harina-de-maiz-alcanzan-record-por-us-72-millones\/#breadcrumb"},"inLanguage":"es","potentialAction":[{"@type":"ReadAction","target":["https:\/\/noti-america.com\/site\/peru\/2019\/08\/20\/importaciones-de-harina-de-maiz-alcanzan-record-por-us-72-millones\/"]}]},{"@type":"ImageObject","inLanguage":"es","@id":"https:\/\/noti-america.com\/site\/peru\/2019\/08\/20\/importaciones-de-harina-de-maiz-alcanzan-record-por-us-72-millones\/#primaryimage","url":"https:\/\/noti-america.com\/site\/peru\/wp-content\/uploads\/sites\/8\/2019\/08\/C\u00e1mara-de-Comercio-de-Lima-CCL.jpg","contentUrl":"https:\/\/noti-america.com\/site\/peru\/wp-content\/uploads\/sites\/8\/2019\/08\/C\u00e1mara-de-Comercio-de-Lima-CCL.jpg","width":1000,"height":1871},{"@type":"BreadcrumbList","@id":"https:\/\/noti-america.com\/site\/peru\/2019\/08\/20\/importaciones-de-harina-de-maiz-alcanzan-record-por-us-72-millones\/#breadcrumb","itemListElement":[{"@type":"ListItem","position":1,"name":"Portada","item":"https:\/\/noti-america.com\/site\/peru\/"},{"@type":"ListItem","position":2,"name":"Importaciones de harina de ma\u00edz alcanzan r\u00e9cord por US$ 7,2 millones"}]},{"@type":"WebSite","@id":"https:\/\/noti-america.com\/site\/peru\/#website","url":"https:\/\/noti-america.com\/site\/peru\/","name":"Per\u00fa | Noti-America.com","description":"","publisher":{"@id":"https:\/\/noti-america.com\/site\/peru\/#organization"},"potentialAction":[{"@type":"SearchAction","target":{"@type":"EntryPoint","urlTemplate":"https:\/\/noti-america.com\/site\/peru\/?s={search_term_string}"},"query-input":{"@type":"PropertyValueSpecification","valueRequired":true,"valueName":"search_term_string"}}],"inLanguage":"es"},{"@type":"Organization","@id":"https:\/\/noti-america.com\/site\/peru\/#organization","name":"Noti-America LLC | Per\u00fa","url":"https:\/\/noti-america.com\/site\/peru\/","logo":{"@type":"ImageObject","inLanguage":"es","@id":"https:\/\/noti-america.com\/site\/peru\/#\/schema\/logo\/image\/","url":"https:\/\/noti-america.com\/site\/peru\/wp-content\/uploads\/sites\/8\/2020\/07\/LogoNA-4x3-1.jpg","contentUrl":"https:\/\/noti-america.com\/site\/peru\/wp-content\/uploads\/sites\/8\/2020\/07\/LogoNA-4x3-1.jpg","width":1236,"height":1080,"caption":"Noti-America LLC | Per\u00fa"},"image":{"@id":"https:\/\/noti-america.com\/site\/peru\/#\/schema\/logo\/image\/"}},{"@type":"Person","@id":"https:\/\/noti-america.com\/site\/peru\/#\/schema\/person\/198c739ea8251f053186f9a9b060411b","name":"REDACCI\u00d3N PERU","image":{"@type":"ImageObject","inLanguage":"es","@id":"https:\/\/secure.gravatar.com\/avatar\/01a9dec4624d4fcf50237598e07fd928e41bc36b3ab5612958a61627150112ad?s=96&d=mm&r=g","url":"https:\/\/secure.gravatar.com\/avatar\/01a9dec4624d4fcf50237598e07fd928e41bc36b3ab5612958a61627150112ad?s=96&d=mm&r=g","contentUrl":"https:\/\/secure.gravatar.com\/avatar\/01a9dec4624d4fcf50237598e07fd928e41bc36b3ab5612958a61627150112ad?s=96&d=mm&r=g","caption":"REDACCI\u00d3N PERU"},"sameAs":["https:\/\/noti-america.com","https:\/\/www.facebook.com\/notiamericaLLC","https:\/\/www.instagram.com\/notiamerica\/","https:\/\/www.linkedin.com\/in\/noti-america-7a5a4443\/","https:\/\/x.com\/notiamerica"],"url":"https:\/\/noti-america.com\/site\/peru\/author\/drojas\/"}]}},"_links":{"self":[{"href":"https:\/\/noti-america.com\/site\/peru\/wp-json\/wp\/v2\/posts\/2005","targetHints":{"allow":["GET"]}}],"collection":[{"href":"https:\/\/noti-america.com\/site\/peru\/wp-json\/wp\/v2\/posts"}],"about":[{"href":"https:\/\/noti-america.com\/site\/peru\/wp-json\/wp\/v2\/types\/post"}],"author":[{"embeddable":true,"href":"https:\/\/noti-america.com\/site\/peru\/wp-json\/wp\/v2\/users\/56"}],"replies":[{"embeddable":true,"href":"https:\/\/noti-america.com\/site\/peru\/wp-json\/wp\/v2\/comments?post=2005"}],"version-history":[{"count":1,"href":"https:\/\/noti-america.com\/site\/peru\/wp-json\/wp\/v2\/posts\/2005\/revisions"}],"predecessor-version":[{"id":2008,"href":"https:\/\/noti-america.com\/site\/peru\/wp-json\/wp\/v2\/posts\/2005\/revisions\/2008"}],"wp:featuredmedia":[{"embeddable":true,"href":"https:\/\/noti-america.com\/site\/peru\/wp-json\/wp\/v2\/media\/2007"}],"wp:attachment":[{"href":"https:\/\/noti-america.com\/site\/peru\/wp-json\/wp\/v2\/media?parent=2005"}],"wp:term":[{"taxonomy":"category","embeddable":true,"href":"https:\/\/noti-america.com\/site\/peru\/wp-json\/wp\/v2\/categories?post=2005"},{"taxonomy":"post_tag","embeddable":true,"href":"https:\/\/noti-america.com\/site\/peru\/wp-json\/wp\/v2\/tags?post=2005"}],"curies":[{"name":"wp","href":"https:\/\/api.w.org\/{rel}","templated":true}]}}