{"id":1989,"date":"2019-08-15T21:20:07","date_gmt":"2019-08-15T21:20:07","guid":{"rendered":"http:\/\/noti-america.com\/site\/peru\/?p=1989"},"modified":"2019-08-15T21:26:06","modified_gmt":"2019-08-15T21:26:06","slug":"instituto-nacional-de-defensa-civil-indeci-simulacro-de-sismo-imagenes","status":"publish","type":"post","link":"https:\/\/noti-america.com\/site\/peru\/2019\/08\/15\/instituto-nacional-de-defensa-civil-indeci-simulacro-de-sismo-imagenes\/","title":{"rendered":"Instituto Nacional de Defensa Civil \u2013 INDECI &#8211; Simulacro de sismo Imagenes"},"content":{"rendered":"<div class=\"\" data-block=\"true\" data-editor=\"63sue\" data-offset-key=\"bov04-0-0\">\n<h3 class=\"public-DraftStyleDefault-block public-DraftStyleDefault-ltr\" style=\"text-align: justify\" data-offset-key=\"bov04-0-0\"><span data-offset-key=\"bov04-0-0\">IMAGENES Del s<\/span><span data-offset-key=\"bov04-1-0\">imulacro<\/span><span data-offset-key=\"bov04-2-0\"> de s<\/span><span data-offset-key=\"bov04-3-0\">ismo<\/span><span data-offset-key=\"bov04-4-0\"> en la av. Pardo de Miraflores, convocado por el Instituto Nacional de Defensa Civil \u2013 INDECI <\/span><span data-offset-key=\"bov04-5-0\">@indeciperu<\/span><span data-offset-key=\"bov04-6-0\">, se report\u00f3 un poco de tr\u00e1fico en las av. Pardo, av. Comandante Espinar, av. Arequipa y avenidas aleda\u00f1as.<\/span><\/h3>\n<h3 class=\"public-DraftStyleDefault-block public-DraftStyleDefault-ltr\" style=\"text-align: justify\" data-offset-key=\"bov04-0-0\"><span data-offset-key=\"bov04-6-0\"> La gente particip\u00f3 de manera efectiva ante la convocatoria. <\/span><\/h3>\n<\/div>\n<div class=\"\" data-block=\"true\" data-editor=\"63sue\" data-offset-key=\"ejmsm-0-0\">\n<div data-offset-key=\"ejmsm-0-0\"><\/div>\n<div data-offset-key=\"ejmsm-0-0\"><img loading=\"lazy\" decoding=\"async\" class=\"alignnone wp-image-1990\" src=\"http:\/\/noti-america.com\/site\/peru\/wp-content\/uploads\/sites\/8\/2019\/08\/simulacro-sismo-lima-15-agosto-300x169.jpeg\" alt=\"\" width=\"504\" height=\"260\" \/><\/div>\n<div data-offset-key=\"ejmsm-0-0\"><img loading=\"lazy\" decoding=\"async\" class=\"alignnone wp-image-1991\" src=\"http:\/\/noti-america.com\/site\/peru\/wp-content\/uploads\/sites\/8\/2019\/08\/simulacro-sismo-lima-15-agosto-2-300x169.jpeg\" alt=\"\" width=\"498\" height=\"283\" \/><\/div>\n<div data-offset-key=\"ejmsm-0-0\"><\/div>\n<div data-offset-key=\"ejmsm-0-0\">\u00a0<img loading=\"lazy\" decoding=\"async\" class=\"alignnone wp-image-1994\" src=\"http:\/\/noti-america.com\/site\/peru\/wp-content\/uploads\/sites\/8\/2019\/08\/simulacro-sismo-lima-15-agosto-5-300x169.jpeg\" alt=\"\" width=\"492\" height=\"277\" srcset=\"https:\/\/noti-america.com\/site\/peru\/wp-content\/uploads\/sites\/8\/2019\/08\/simulacro-sismo-lima-15-agosto-5-300x169.jpeg 300w, https:\/\/noti-america.com\/site\/peru\/wp-content\/uploads\/sites\/8\/2019\/08\/simulacro-sismo-lima-15-agosto-5-768x432.jpeg 768w, https:\/\/noti-america.com\/site\/peru\/wp-content\/uploads\/sites\/8\/2019\/08\/simulacro-sismo-lima-15-agosto-5-1024x576.jpeg 1024w, https:\/\/noti-america.com\/site\/peru\/wp-content\/uploads\/sites\/8\/2019\/08\/simulacro-sismo-lima-15-agosto-5.jpeg 1280w\" sizes=\"auto, (max-width: 492px) 100vw, 492px\" \/><\/div>\n<\/div>\n<div data-offset-key=\"ejmsm-0-0\">\n<blockquote class=\"twitter-tweet\" data-width=\"500\" data-dnt=\"true\">\n<p lang=\"es\" dir=\"ltr\"><a href=\"https:\/\/twitter.com\/hashtag\/SISMO?src=hash&amp;ref_src=twsrc%5Etfw\">#SISMO<\/a> <a href=\"https:\/\/twitter.com\/indeciperu?ref_src=twsrc%5Etfw\">@indeciperu<\/a> <a href=\"https:\/\/twitter.com\/hashtag\/INDECI?src=hash&amp;ref_src=twsrc%5Etfw\">#INDECI<\/a> Simulacro en el Callao <a href=\"https:\/\/t.co\/CXyu3lW1CW\">pic.twitter.com\/CXyu3lW1CW<\/a><\/p>\n<p>&mdash; \u211d\ud835\udd5a\ud835\udd5c\ud835\udd63\ud835\udd55\ud835\udd60 \ud835\udd38\ud835\udd39 (@R1ALBA) <a href=\"https:\/\/twitter.com\/R1ALBA\/status\/1162100973210341378?ref_src=twsrc%5Etfw\">August 15, 2019<\/a><\/p><\/blockquote>\n<p><script async src=\"https:\/\/platform.twitter.com\/widgets.js\" charset=\"utf-8\"><\/script><\/p>\n<\/div>\n<div class=\"\" data-block=\"true\" data-editor=\"63sue\" data-offset-key=\"ejmsm-0-0\">\n<div data-offset-key=\"ejmsm-0-0\">\n<p><a class=\"twitter-timeline\" data-width=\"500\" data-height=\"750\" data-dnt=\"true\" href=\"https:\/\/twitter.com\/indeciperu?ref_src=twsrc%5Etfw\">Tweets by indeciperu<\/a><script async src=\"https:\/\/platform.twitter.com\/widgets.js\" charset=\"utf-8\"><\/script><\/p>\n<\/div>\n<div class=\"public-DraftStyleDefault-block public-DraftStyleDefault-ltr\" data-offset-key=\"ejmsm-0-0\"><span data-offset-key=\"ejmsm-0-0\">#URGENTE<\/span> <span data-offset-key=\"ejmsm-2-0\">#indeci<\/span> <span data-offset-key=\"ejmsm-4-0\">#YoParticipoEnElSimulacro<\/span> <span data-offset-key=\"ejmsm-6-0\">#SimulacroNacional2019<\/span> <span data-offset-key=\"ejmsm-8-0\">#Lima<\/span> <span data-offset-key=\"ejmsm-10-0\">#Peru<\/span><\/div>\n<\/div>\n","protected":false},"excerpt":{"rendered":"<p>IMAGENES Del simulacro de sismo en la av. Pardo de Miraflores, convocado por el Instituto Nacional de Defensa Civil \u2013 INDECI @indeciperu, se report\u00f3 un poco de tr\u00e1fico en las av. Pardo, av. Comandante&#46;&#46;&#46;<\/p>\n","protected":false},"author":56,"featured_media":1976,"comment_status":"open","ping_status":"open","sticky":false,"template":"","format":"standard","meta":{"_acf_changed":false,"rop_custom_images_group":[],"rop_custom_messages_group":[],"rop_publish_now":"initial","rop_publish_now_accounts":{"twitter_242054905_242054905":""},"rop_publish_now_history":[],"rop_publish_now_status":"pending","footnotes":""},"categories":[10],"tags":[],"class_list":["post-1989","post","type-post","status-publish","format-standard","has-post-thumbnail","hentry","category-actualidad"],"acf":[],"yoast_head":"<!-- This site is optimized with the Yoast SEO Premium plugin v24.9 (Yoast SEO v27.2) - https:\/\/yoast.com\/product\/yoast-seo-premium-wordpress\/ -->\n<title>Instituto Nacional de Defensa Civil \u2013 INDECI - Simulacro de sismo Imagenes - Per\u00fa | Noti-America.com<\/title>\n<meta name=\"robots\" content=\"index, follow, max-snippet:-1, max-image-preview:large, max-video-preview:-1\" \/>\n<link rel=\"canonical\" href=\"https:\/\/noti-america.com\/site\/peru\/2019\/08\/15\/instituto-nacional-de-defensa-civil-indeci-simulacro-de-sismo-imagenes\/\" \/>\n<meta property=\"og:locale\" content=\"es_ES\" \/>\n<meta property=\"og:type\" content=\"article\" \/>\n<meta property=\"og:title\" content=\"Instituto Nacional de Defensa Civil \u2013 INDECI - Simulacro de sismo Imagenes\" \/>\n<meta property=\"og:description\" content=\"IMAGENES Del simulacro de sismo en la av. Pardo de Miraflores, convocado por el Instituto Nacional de Defensa Civil \u2013 INDECI @indeciperu, se report\u00f3 un poco de tr\u00e1fico en las av. Pardo, av. Comandante&#046;&#046;&#046;\" \/>\n<meta property=\"og:url\" content=\"https:\/\/noti-america.com\/site\/peru\/2019\/08\/15\/instituto-nacional-de-defensa-civil-indeci-simulacro-de-sismo-imagenes\/\" \/>\n<meta property=\"og:site_name\" content=\"Per\u00fa | Noti-America.com\" \/>\n<meta property=\"article:author\" content=\"https:\/\/www.facebook.com\/notiamericaLLC\" \/>\n<meta property=\"article:published_time\" content=\"2019-08-15T21:20:07+00:00\" \/>\n<meta property=\"article:modified_time\" content=\"2019-08-15T21:26:06+00:00\" \/>\n<meta property=\"og:image\" content=\"https:\/\/noti-america.com\/site\/peru\/wp-content\/uploads\/sites\/8\/2019\/08\/Simulacro.png\" \/>\n\t<meta property=\"og:image:width\" content=\"915\" \/>\n\t<meta property=\"og:image:height\" content=\"1279\" \/>\n\t<meta property=\"og:image:type\" content=\"image\/png\" \/>\n<meta name=\"author\" content=\"REDACCI\u00d3N PERU\" \/>\n<meta name=\"twitter:card\" content=\"summary_large_image\" \/>\n<meta name=\"twitter:creator\" content=\"@notiamerica\" \/>\n<meta name=\"twitter:label1\" content=\"Escrito por\" \/>\n\t<meta name=\"twitter:data1\" content=\"REDACCI\u00d3N PERU\" \/>\n<script type=\"application\/ld+json\" class=\"yoast-schema-graph\">{\"@context\":\"https:\/\/schema.org\",\"@graph\":[{\"@type\":\"Article\",\"@id\":\"https:\/\/noti-america.com\/site\/peru\/2019\/08\/15\/instituto-nacional-de-defensa-civil-indeci-simulacro-de-sismo-imagenes\/#article\",\"isPartOf\":{\"@id\":\"https:\/\/noti-america.com\/site\/peru\/2019\/08\/15\/instituto-nacional-de-defensa-civil-indeci-simulacro-de-sismo-imagenes\/\"},\"author\":{\"name\":\"REDACCI\u00d3N PERU\",\"@id\":\"https:\/\/noti-america.com\/site\/peru\/#\/schema\/person\/198c739ea8251f053186f9a9b060411b\"},\"headline\":\"Instituto Nacional de Defensa Civil \u2013 INDECI &#8211; Simulacro de sismo Imagenes\",\"datePublished\":\"2019-08-15T21:20:07+00:00\",\"dateModified\":\"2019-08-15T21:26:06+00:00\",\"mainEntityOfPage\":{\"@id\":\"https:\/\/noti-america.com\/site\/peru\/2019\/08\/15\/instituto-nacional-de-defensa-civil-indeci-simulacro-de-sismo-imagenes\/\"},\"wordCount\":82,\"commentCount\":0,\"publisher\":{\"@id\":\"https:\/\/noti-america.com\/site\/peru\/#organization\"},\"image\":{\"@id\":\"https:\/\/noti-america.com\/site\/peru\/2019\/08\/15\/instituto-nacional-de-defensa-civil-indeci-simulacro-de-sismo-imagenes\/#primaryimage\"},\"thumbnailUrl\":\"https:\/\/noti-america.com\/site\/peru\/wp-content\/uploads\/sites\/8\/2019\/08\/Simulacro.png\",\"articleSection\":[\"Actualidad\"],\"inLanguage\":\"es\",\"potentialAction\":[{\"@type\":\"CommentAction\",\"name\":\"Comment\",\"target\":[\"https:\/\/noti-america.com\/site\/peru\/2019\/08\/15\/instituto-nacional-de-defensa-civil-indeci-simulacro-de-sismo-imagenes\/#respond\"]}]},{\"@type\":\"WebPage\",\"@id\":\"https:\/\/noti-america.com\/site\/peru\/2019\/08\/15\/instituto-nacional-de-defensa-civil-indeci-simulacro-de-sismo-imagenes\/\",\"url\":\"https:\/\/noti-america.com\/site\/peru\/2019\/08\/15\/instituto-nacional-de-defensa-civil-indeci-simulacro-de-sismo-imagenes\/\",\"name\":\"Instituto Nacional de Defensa Civil \u2013 INDECI - Simulacro de sismo Imagenes - Per\u00fa | Noti-America.com\",\"isPartOf\":{\"@id\":\"https:\/\/noti-america.com\/site\/peru\/#website\"},\"primaryImageOfPage\":{\"@id\":\"https:\/\/noti-america.com\/site\/peru\/2019\/08\/15\/instituto-nacional-de-defensa-civil-indeci-simulacro-de-sismo-imagenes\/#primaryimage\"},\"image\":{\"@id\":\"https:\/\/noti-america.com\/site\/peru\/2019\/08\/15\/instituto-nacional-de-defensa-civil-indeci-simulacro-de-sismo-imagenes\/#primaryimage\"},\"thumbnailUrl\":\"https:\/\/noti-america.com\/site\/peru\/wp-content\/uploads\/sites\/8\/2019\/08\/Simulacro.png\",\"datePublished\":\"2019-08-15T21:20:07+00:00\",\"dateModified\":\"2019-08-15T21:26:06+00:00\",\"breadcrumb\":{\"@id\":\"https:\/\/noti-america.com\/site\/peru\/2019\/08\/15\/instituto-nacional-de-defensa-civil-indeci-simulacro-de-sismo-imagenes\/#breadcrumb\"},\"inLanguage\":\"es\",\"potentialAction\":[{\"@type\":\"ReadAction\",\"target\":[\"https:\/\/noti-america.com\/site\/peru\/2019\/08\/15\/instituto-nacional-de-defensa-civil-indeci-simulacro-de-sismo-imagenes\/\"]}]},{\"@type\":\"ImageObject\",\"inLanguage\":\"es\",\"@id\":\"https:\/\/noti-america.com\/site\/peru\/2019\/08\/15\/instituto-nacional-de-defensa-civil-indeci-simulacro-de-sismo-imagenes\/#primaryimage\",\"url\":\"https:\/\/noti-america.com\/site\/peru\/wp-content\/uploads\/sites\/8\/2019\/08\/Simulacro.png\",\"contentUrl\":\"https:\/\/noti-america.com\/site\/peru\/wp-content\/uploads\/sites\/8\/2019\/08\/Simulacro.png\",\"width\":915,\"height\":1279},{\"@type\":\"BreadcrumbList\",\"@id\":\"https:\/\/noti-america.com\/site\/peru\/2019\/08\/15\/instituto-nacional-de-defensa-civil-indeci-simulacro-de-sismo-imagenes\/#breadcrumb\",\"itemListElement\":[{\"@type\":\"ListItem\",\"position\":1,\"name\":\"Portada\",\"item\":\"https:\/\/noti-america.com\/site\/peru\/\"},{\"@type\":\"ListItem\",\"position\":2,\"name\":\"Instituto Nacional de Defensa Civil \u2013 INDECI &#8211; Simulacro de sismo Imagenes\"}]},{\"@type\":\"WebSite\",\"@id\":\"https:\/\/noti-america.com\/site\/peru\/#website\",\"url\":\"https:\/\/noti-america.com\/site\/peru\/\",\"name\":\"Per\u00fa | Noti-America.com\",\"description\":\"\",\"publisher\":{\"@id\":\"https:\/\/noti-america.com\/site\/peru\/#organization\"},\"potentialAction\":[{\"@type\":\"SearchAction\",\"target\":{\"@type\":\"EntryPoint\",\"urlTemplate\":\"https:\/\/noti-america.com\/site\/peru\/?s={search_term_string}\"},\"query-input\":{\"@type\":\"PropertyValueSpecification\",\"valueRequired\":true,\"valueName\":\"search_term_string\"}}],\"inLanguage\":\"es\"},{\"@type\":\"Organization\",\"@id\":\"https:\/\/noti-america.com\/site\/peru\/#organization\",\"name\":\"Noti-America LLC | Per\u00fa\",\"url\":\"https:\/\/noti-america.com\/site\/peru\/\",\"logo\":{\"@type\":\"ImageObject\",\"inLanguage\":\"es\",\"@id\":\"https:\/\/noti-america.com\/site\/peru\/#\/schema\/logo\/image\/\",\"url\":\"https:\/\/noti-america.com\/site\/peru\/wp-content\/uploads\/sites\/8\/2020\/07\/LogoNA-4x3-1.jpg\",\"contentUrl\":\"https:\/\/noti-america.com\/site\/peru\/wp-content\/uploads\/sites\/8\/2020\/07\/LogoNA-4x3-1.jpg\",\"width\":1236,\"height\":1080,\"caption\":\"Noti-America LLC | Per\u00fa\"},\"image\":{\"@id\":\"https:\/\/noti-america.com\/site\/peru\/#\/schema\/logo\/image\/\"}},{\"@type\":\"Person\",\"@id\":\"https:\/\/noti-america.com\/site\/peru\/#\/schema\/person\/198c739ea8251f053186f9a9b060411b\",\"name\":\"REDACCI\u00d3N PERU\",\"image\":{\"@type\":\"ImageObject\",\"inLanguage\":\"es\",\"@id\":\"https:\/\/secure.gravatar.com\/avatar\/01a9dec4624d4fcf50237598e07fd928e41bc36b3ab5612958a61627150112ad?s=96&d=mm&r=g\",\"url\":\"https:\/\/secure.gravatar.com\/avatar\/01a9dec4624d4fcf50237598e07fd928e41bc36b3ab5612958a61627150112ad?s=96&d=mm&r=g\",\"contentUrl\":\"https:\/\/secure.gravatar.com\/avatar\/01a9dec4624d4fcf50237598e07fd928e41bc36b3ab5612958a61627150112ad?s=96&d=mm&r=g\",\"caption\":\"REDACCI\u00d3N PERU\"},\"sameAs\":[\"https:\/\/noti-america.com\",\"https:\/\/www.facebook.com\/notiamericaLLC\",\"https:\/\/www.instagram.com\/notiamerica\/\",\"https:\/\/www.linkedin.com\/in\/noti-america-7a5a4443\/\",\"https:\/\/x.com\/notiamerica\"],\"url\":\"https:\/\/noti-america.com\/site\/peru\/author\/drojas\/\"}]}<\/script>\n<!-- \/ Yoast SEO Premium plugin. -->","yoast_head_json":{"title":"Instituto Nacional de Defensa Civil \u2013 INDECI - Simulacro de sismo Imagenes - Per\u00fa | Noti-America.com","robots":{"index":"index","follow":"follow","max-snippet":"max-snippet:-1","max-image-preview":"max-image-preview:large","max-video-preview":"max-video-preview:-1"},"canonical":"https:\/\/noti-america.com\/site\/peru\/2019\/08\/15\/instituto-nacional-de-defensa-civil-indeci-simulacro-de-sismo-imagenes\/","og_locale":"es_ES","og_type":"article","og_title":"Instituto Nacional de Defensa Civil \u2013 INDECI - Simulacro de sismo Imagenes","og_description":"IMAGENES Del simulacro de sismo en la av. Pardo de Miraflores, convocado por el Instituto Nacional de Defensa Civil \u2013 INDECI @indeciperu, se report\u00f3 un poco de tr\u00e1fico en las av. Pardo, av. Comandante&#46;&#46;&#46;","og_url":"https:\/\/noti-america.com\/site\/peru\/2019\/08\/15\/instituto-nacional-de-defensa-civil-indeci-simulacro-de-sismo-imagenes\/","og_site_name":"Per\u00fa | Noti-America.com","article_author":"https:\/\/www.facebook.com\/notiamericaLLC","article_published_time":"2019-08-15T21:20:07+00:00","article_modified_time":"2019-08-15T21:26:06+00:00","og_image":[{"width":915,"height":1279,"url":"https:\/\/noti-america.com\/site\/peru\/wp-content\/uploads\/sites\/8\/2019\/08\/Simulacro.png","type":"image\/png"}],"author":"REDACCI\u00d3N PERU","twitter_card":"summary_large_image","twitter_creator":"@notiamerica","twitter_misc":{"Escrito por":"REDACCI\u00d3N PERU"},"schema":{"@context":"https:\/\/schema.org","@graph":[{"@type":"Article","@id":"https:\/\/noti-america.com\/site\/peru\/2019\/08\/15\/instituto-nacional-de-defensa-civil-indeci-simulacro-de-sismo-imagenes\/#article","isPartOf":{"@id":"https:\/\/noti-america.com\/site\/peru\/2019\/08\/15\/instituto-nacional-de-defensa-civil-indeci-simulacro-de-sismo-imagenes\/"},"author":{"name":"REDACCI\u00d3N PERU","@id":"https:\/\/noti-america.com\/site\/peru\/#\/schema\/person\/198c739ea8251f053186f9a9b060411b"},"headline":"Instituto Nacional de Defensa Civil \u2013 INDECI &#8211; Simulacro de sismo Imagenes","datePublished":"2019-08-15T21:20:07+00:00","dateModified":"2019-08-15T21:26:06+00:00","mainEntityOfPage":{"@id":"https:\/\/noti-america.com\/site\/peru\/2019\/08\/15\/instituto-nacional-de-defensa-civil-indeci-simulacro-de-sismo-imagenes\/"},"wordCount":82,"commentCount":0,"publisher":{"@id":"https:\/\/noti-america.com\/site\/peru\/#organization"},"image":{"@id":"https:\/\/noti-america.com\/site\/peru\/2019\/08\/15\/instituto-nacional-de-defensa-civil-indeci-simulacro-de-sismo-imagenes\/#primaryimage"},"thumbnailUrl":"https:\/\/noti-america.com\/site\/peru\/wp-content\/uploads\/sites\/8\/2019\/08\/Simulacro.png","articleSection":["Actualidad"],"inLanguage":"es","potentialAction":[{"@type":"CommentAction","name":"Comment","target":["https:\/\/noti-america.com\/site\/peru\/2019\/08\/15\/instituto-nacional-de-defensa-civil-indeci-simulacro-de-sismo-imagenes\/#respond"]}]},{"@type":"WebPage","@id":"https:\/\/noti-america.com\/site\/peru\/2019\/08\/15\/instituto-nacional-de-defensa-civil-indeci-simulacro-de-sismo-imagenes\/","url":"https:\/\/noti-america.com\/site\/peru\/2019\/08\/15\/instituto-nacional-de-defensa-civil-indeci-simulacro-de-sismo-imagenes\/","name":"Instituto Nacional de Defensa Civil \u2013 INDECI - Simulacro de sismo Imagenes - Per\u00fa | Noti-America.com","isPartOf":{"@id":"https:\/\/noti-america.com\/site\/peru\/#website"},"primaryImageOfPage":{"@id":"https:\/\/noti-america.com\/site\/peru\/2019\/08\/15\/instituto-nacional-de-defensa-civil-indeci-simulacro-de-sismo-imagenes\/#primaryimage"},"image":{"@id":"https:\/\/noti-america.com\/site\/peru\/2019\/08\/15\/instituto-nacional-de-defensa-civil-indeci-simulacro-de-sismo-imagenes\/#primaryimage"},"thumbnailUrl":"https:\/\/noti-america.com\/site\/peru\/wp-content\/uploads\/sites\/8\/2019\/08\/Simulacro.png","datePublished":"2019-08-15T21:20:07+00:00","dateModified":"2019-08-15T21:26:06+00:00","breadcrumb":{"@id":"https:\/\/noti-america.com\/site\/peru\/2019\/08\/15\/instituto-nacional-de-defensa-civil-indeci-simulacro-de-sismo-imagenes\/#breadcrumb"},"inLanguage":"es","potentialAction":[{"@type":"ReadAction","target":["https:\/\/noti-america.com\/site\/peru\/2019\/08\/15\/instituto-nacional-de-defensa-civil-indeci-simulacro-de-sismo-imagenes\/"]}]},{"@type":"ImageObject","inLanguage":"es","@id":"https:\/\/noti-america.com\/site\/peru\/2019\/08\/15\/instituto-nacional-de-defensa-civil-indeci-simulacro-de-sismo-imagenes\/#primaryimage","url":"https:\/\/noti-america.com\/site\/peru\/wp-content\/uploads\/sites\/8\/2019\/08\/Simulacro.png","contentUrl":"https:\/\/noti-america.com\/site\/peru\/wp-content\/uploads\/sites\/8\/2019\/08\/Simulacro.png","width":915,"height":1279},{"@type":"BreadcrumbList","@id":"https:\/\/noti-america.com\/site\/peru\/2019\/08\/15\/instituto-nacional-de-defensa-civil-indeci-simulacro-de-sismo-imagenes\/#breadcrumb","itemListElement":[{"@type":"ListItem","position":1,"name":"Portada","item":"https:\/\/noti-america.com\/site\/peru\/"},{"@type":"ListItem","position":2,"name":"Instituto Nacional de Defensa Civil \u2013 INDECI &#8211; Simulacro de sismo Imagenes"}]},{"@type":"WebSite","@id":"https:\/\/noti-america.com\/site\/peru\/#website","url":"https:\/\/noti-america.com\/site\/peru\/","name":"Per\u00fa | Noti-America.com","description":"","publisher":{"@id":"https:\/\/noti-america.com\/site\/peru\/#organization"},"potentialAction":[{"@type":"SearchAction","target":{"@type":"EntryPoint","urlTemplate":"https:\/\/noti-america.com\/site\/peru\/?s={search_term_string}"},"query-input":{"@type":"PropertyValueSpecification","valueRequired":true,"valueName":"search_term_string"}}],"inLanguage":"es"},{"@type":"Organization","@id":"https:\/\/noti-america.com\/site\/peru\/#organization","name":"Noti-America LLC | Per\u00fa","url":"https:\/\/noti-america.com\/site\/peru\/","logo":{"@type":"ImageObject","inLanguage":"es","@id":"https:\/\/noti-america.com\/site\/peru\/#\/schema\/logo\/image\/","url":"https:\/\/noti-america.com\/site\/peru\/wp-content\/uploads\/sites\/8\/2020\/07\/LogoNA-4x3-1.jpg","contentUrl":"https:\/\/noti-america.com\/site\/peru\/wp-content\/uploads\/sites\/8\/2020\/07\/LogoNA-4x3-1.jpg","width":1236,"height":1080,"caption":"Noti-America LLC | Per\u00fa"},"image":{"@id":"https:\/\/noti-america.com\/site\/peru\/#\/schema\/logo\/image\/"}},{"@type":"Person","@id":"https:\/\/noti-america.com\/site\/peru\/#\/schema\/person\/198c739ea8251f053186f9a9b060411b","name":"REDACCI\u00d3N PERU","image":{"@type":"ImageObject","inLanguage":"es","@id":"https:\/\/secure.gravatar.com\/avatar\/01a9dec4624d4fcf50237598e07fd928e41bc36b3ab5612958a61627150112ad?s=96&d=mm&r=g","url":"https:\/\/secure.gravatar.com\/avatar\/01a9dec4624d4fcf50237598e07fd928e41bc36b3ab5612958a61627150112ad?s=96&d=mm&r=g","contentUrl":"https:\/\/secure.gravatar.com\/avatar\/01a9dec4624d4fcf50237598e07fd928e41bc36b3ab5612958a61627150112ad?s=96&d=mm&r=g","caption":"REDACCI\u00d3N PERU"},"sameAs":["https:\/\/noti-america.com","https:\/\/www.facebook.com\/notiamericaLLC","https:\/\/www.instagram.com\/notiamerica\/","https:\/\/www.linkedin.com\/in\/noti-america-7a5a4443\/","https:\/\/x.com\/notiamerica"],"url":"https:\/\/noti-america.com\/site\/peru\/author\/drojas\/"}]}},"_links":{"self":[{"href":"https:\/\/noti-america.com\/site\/peru\/wp-json\/wp\/v2\/posts\/1989","targetHints":{"allow":["GET"]}}],"collection":[{"href":"https:\/\/noti-america.com\/site\/peru\/wp-json\/wp\/v2\/posts"}],"about":[{"href":"https:\/\/noti-america.com\/site\/peru\/wp-json\/wp\/v2\/types\/post"}],"author":[{"embeddable":true,"href":"https:\/\/noti-america.com\/site\/peru\/wp-json\/wp\/v2\/users\/56"}],"replies":[{"embeddable":true,"href":"https:\/\/noti-america.com\/site\/peru\/wp-json\/wp\/v2\/comments?post=1989"}],"version-history":[{"count":4,"href":"https:\/\/noti-america.com\/site\/peru\/wp-json\/wp\/v2\/posts\/1989\/revisions"}],"predecessor-version":[{"id":2000,"href":"https:\/\/noti-america.com\/site\/peru\/wp-json\/wp\/v2\/posts\/1989\/revisions\/2000"}],"wp:featuredmedia":[{"embeddable":true,"href":"https:\/\/noti-america.com\/site\/peru\/wp-json\/wp\/v2\/media\/1976"}],"wp:attachment":[{"href":"https:\/\/noti-america.com\/site\/peru\/wp-json\/wp\/v2\/media?parent=1989"}],"wp:term":[{"taxonomy":"category","embeddable":true,"href":"https:\/\/noti-america.com\/site\/peru\/wp-json\/wp\/v2\/categories?post=1989"},{"taxonomy":"post_tag","embeddable":true,"href":"https:\/\/noti-america.com\/site\/peru\/wp-json\/wp\/v2\/tags?post=1989"}],"curies":[{"name":"wp","href":"https:\/\/api.w.org\/{rel}","templated":true}]}}