{"id":1904,"date":"2019-08-09T17:57:19","date_gmt":"2019-08-09T17:57:19","guid":{"rendered":"http:\/\/noti-america.com\/site\/peru\/?p=1904"},"modified":"2019-08-09T17:57:19","modified_gmt":"2019-08-09T17:57:19","slug":"keiko-fujimori-continuara-en-prision","status":"publish","type":"post","link":"https:\/\/noti-america.com\/site\/peru\/2019\/08\/09\/keiko-fujimori-continuara-en-prision\/","title":{"rendered":"Keiko Fujimori continuar\u00e1 en prisi\u00f3n"},"content":{"rendered":"<h1 class=\"c0138\">Corte Suprema no alcanz\u00f3 los votos para emitir resoluci\u00f3n<\/h1>\n<h3>Keiko Fujimori seguir\u00e1 en prisi\u00f3n preventiva luego de que la Sala Penal Permanente de la <b>Corte Suprema<\/b>\u00a0anunciara este viernes que los jueces supremos encargados de ver el caso de la lideresa de\u00a0<b>Fuerza Popular<\/b>, no llegaron a un acuerdo por mayor\u00eda para resolver la casaci\u00f3n con la cual buscaba que se anule la orden restrictiva que la mantiene privada de su libertad, en el marco del caso\u00a0<b>Odebrecht<\/b>.<\/h3>\n<h3><img loading=\"lazy\" decoding=\"async\" class=\"wp-image-1901 aligncenter\" src=\"http:\/\/noti-america.com\/site\/peru\/wp-content\/uploads\/sites\/8\/2019\/08\/jueces-300x177.jpg\" alt=\"\" width=\"373\" height=\"230\" \/><\/h3>\n<h2>El presidente de la sala, el juez<b>\u00a0Hugo Pr\u00edncipe Trujillo<\/b>, comunic\u00f3 el desacuerdo al que lleg\u00f3 la<b> Corte Suprema\u00a0<\/b>respecto al caso de\u00a0<b>Keiko Fujimori,<\/b> revelando, adem\u00e1s, los nombres de los magistrados que votaron a favor de que se reduzca el plazo de la prisi\u00f3n preventiva contra la lider de Fuerza Popular.<\/h2>\n<h3>Actualmente, la hija de Alberto Fujimori debe cumplir 36 meses en la c\u00e1rcel, teniendo en cuenta que se encuentra siendo investigada por el presunto delito de lavado de activos, vinculado al caso\u00a0Odebrecht. Hay que precisar que el recurso de casaci\u00f3n de Keiko Fujimori fue presentado por\u00a0<b>Giulliana Loza<\/b>, su abogada, el 25 de febrero ante la\u00a0<b>Corte Suprema<\/b>. Ella solicit\u00f3 que se revise la prisi\u00f3n preventiva de su patrocinada en busca de obtener su libertad.<\/h3>\n<h3>Keiko Fujimori\u00a0se encuentra en prisi\u00f3n desde noviembre del\u00a0<b>2018\u00a0<\/b>por un plazo de 36 meses, tiempo en el que se vienen dando las investigaciones por presunto delito de lavado de activos. Ella permanece en el penal Anexo Mujeres de Chorrillos y ya ha cumplido 9 meses privada de su libertad.<\/h3>\n<h3>Cabe se\u00f1alar que este viernes 9 de agosto se ley\u00f3 el fallo del quinto recurso presentado para revocar o variar la prisi\u00f3n de\u00a0<b>Keiko Fujimori.<\/b><\/h3>\n<p>Fuente: larepublica.pe<\/p>\n","protected":false},"excerpt":{"rendered":"<p>Corte Suprema no alcanz\u00f3 los votos para emitir resoluci\u00f3n Keiko Fujimori seguir\u00e1 en prisi\u00f3n preventiva luego de que la Sala Penal Permanente de la Corte Suprema\u00a0anunciara este viernes que los jueces supremos encargados de&#46;&#46;&#46;<\/p>\n","protected":false},"author":56,"featured_media":1901,"comment_status":"open","ping_status":"open","sticky":false,"template":"","format":"standard","meta":{"_acf_changed":false,"rop_custom_images_group":[],"rop_custom_messages_group":[],"rop_publish_now":"initial","rop_publish_now_accounts":{"twitter_242054905_242054905":""},"rop_publish_now_history":[],"rop_publish_now_status":"pending","footnotes":""},"categories":[10,12,3],"tags":[],"class_list":["post-1904","post","type-post","status-publish","format-standard","has-post-thumbnail","hentry","category-actualidad","category-opinion","category-politica"],"acf":[],"yoast_head":"<!-- This site is optimized with the Yoast SEO Premium plugin v24.9 (Yoast SEO v27.2) - https:\/\/yoast.com\/product\/yoast-seo-premium-wordpress\/ -->\n<title>Keiko Fujimori continuar\u00e1 en prisi\u00f3n - Per\u00fa | Noti-America.com<\/title>\n<meta name=\"robots\" content=\"index, follow, max-snippet:-1, max-image-preview:large, max-video-preview:-1\" \/>\n<link rel=\"canonical\" href=\"https:\/\/noti-america.com\/site\/peru\/2019\/08\/09\/keiko-fujimori-continuara-en-prision\/\" \/>\n<meta property=\"og:locale\" content=\"es_ES\" \/>\n<meta property=\"og:type\" content=\"article\" \/>\n<meta property=\"og:title\" content=\"Keiko Fujimori continuar\u00e1 en prisi\u00f3n\" \/>\n<meta property=\"og:description\" content=\"Corte Suprema no alcanz\u00f3 los votos para emitir resoluci\u00f3n Keiko Fujimori seguir\u00e1 en prisi\u00f3n preventiva luego de que la Sala Penal Permanente de la Corte Suprema\u00a0anunciara este viernes que los jueces supremos encargados de&#046;&#046;&#046;\" \/>\n<meta property=\"og:url\" content=\"https:\/\/noti-america.com\/site\/peru\/2019\/08\/09\/keiko-fujimori-continuara-en-prision\/\" \/>\n<meta property=\"og:site_name\" content=\"Per\u00fa | Noti-America.com\" \/>\n<meta property=\"article:author\" content=\"https:\/\/www.facebook.com\/notiamericaLLC\" \/>\n<meta property=\"article:published_time\" content=\"2019-08-09T17:57:19+00:00\" \/>\n<meta property=\"og:image\" content=\"https:\/\/noti-america.com\/site\/peru\/wp-content\/uploads\/sites\/8\/2019\/08\/jueces.jpg\" \/>\n\t<meta property=\"og:image:width\" content=\"650\" \/>\n\t<meta property=\"og:image:height\" content=\"384\" \/>\n\t<meta property=\"og:image:type\" content=\"image\/jpeg\" \/>\n<meta name=\"author\" content=\"REDACCI\u00d3N PERU\" \/>\n<meta name=\"twitter:card\" content=\"summary_large_image\" \/>\n<meta name=\"twitter:creator\" content=\"@notiamerica\" \/>\n<meta name=\"twitter:label1\" content=\"Escrito por\" \/>\n\t<meta name=\"twitter:data1\" content=\"REDACCI\u00d3N PERU\" \/>\n\t<meta name=\"twitter:label2\" content=\"Tiempo estimado de lectura\" \/>\n\t<meta name=\"twitter:data2\" content=\"1 minuto\" \/>\n<script type=\"application\/ld+json\" class=\"yoast-schema-graph\">{\"@context\":\"https:\/\/schema.org\",\"@graph\":[{\"@type\":\"Article\",\"@id\":\"https:\/\/noti-america.com\/site\/peru\/2019\/08\/09\/keiko-fujimori-continuara-en-prision\/#article\",\"isPartOf\":{\"@id\":\"https:\/\/noti-america.com\/site\/peru\/2019\/08\/09\/keiko-fujimori-continuara-en-prision\/\"},\"author\":{\"name\":\"REDACCI\u00d3N PERU\",\"@id\":\"https:\/\/noti-america.com\/site\/peru\/#\/schema\/person\/198c739ea8251f053186f9a9b060411b\"},\"headline\":\"Keiko Fujimori continuar\u00e1 en prisi\u00f3n\",\"datePublished\":\"2019-08-09T17:57:19+00:00\",\"mainEntityOfPage\":{\"@id\":\"https:\/\/noti-america.com\/site\/peru\/2019\/08\/09\/keiko-fujimori-continuara-en-prision\/\"},\"wordCount\":298,\"commentCount\":0,\"publisher\":{\"@id\":\"https:\/\/noti-america.com\/site\/peru\/#organization\"},\"image\":{\"@id\":\"https:\/\/noti-america.com\/site\/peru\/2019\/08\/09\/keiko-fujimori-continuara-en-prision\/#primaryimage\"},\"thumbnailUrl\":\"https:\/\/noti-america.com\/site\/peru\/wp-content\/uploads\/sites\/8\/2019\/08\/jueces.jpg\",\"articleSection\":[\"Actualidad\",\"Opini\u00f3n\",\"Pol\u00edtica\"],\"inLanguage\":\"es\",\"potentialAction\":[{\"@type\":\"CommentAction\",\"name\":\"Comment\",\"target\":[\"https:\/\/noti-america.com\/site\/peru\/2019\/08\/09\/keiko-fujimori-continuara-en-prision\/#respond\"]}]},{\"@type\":\"WebPage\",\"@id\":\"https:\/\/noti-america.com\/site\/peru\/2019\/08\/09\/keiko-fujimori-continuara-en-prision\/\",\"url\":\"https:\/\/noti-america.com\/site\/peru\/2019\/08\/09\/keiko-fujimori-continuara-en-prision\/\",\"name\":\"Keiko Fujimori continuar\u00e1 en prisi\u00f3n - Per\u00fa | Noti-America.com\",\"isPartOf\":{\"@id\":\"https:\/\/noti-america.com\/site\/peru\/#website\"},\"primaryImageOfPage\":{\"@id\":\"https:\/\/noti-america.com\/site\/peru\/2019\/08\/09\/keiko-fujimori-continuara-en-prision\/#primaryimage\"},\"image\":{\"@id\":\"https:\/\/noti-america.com\/site\/peru\/2019\/08\/09\/keiko-fujimori-continuara-en-prision\/#primaryimage\"},\"thumbnailUrl\":\"https:\/\/noti-america.com\/site\/peru\/wp-content\/uploads\/sites\/8\/2019\/08\/jueces.jpg\",\"datePublished\":\"2019-08-09T17:57:19+00:00\",\"breadcrumb\":{\"@id\":\"https:\/\/noti-america.com\/site\/peru\/2019\/08\/09\/keiko-fujimori-continuara-en-prision\/#breadcrumb\"},\"inLanguage\":\"es\",\"potentialAction\":[{\"@type\":\"ReadAction\",\"target\":[\"https:\/\/noti-america.com\/site\/peru\/2019\/08\/09\/keiko-fujimori-continuara-en-prision\/\"]}]},{\"@type\":\"ImageObject\",\"inLanguage\":\"es\",\"@id\":\"https:\/\/noti-america.com\/site\/peru\/2019\/08\/09\/keiko-fujimori-continuara-en-prision\/#primaryimage\",\"url\":\"https:\/\/noti-america.com\/site\/peru\/wp-content\/uploads\/sites\/8\/2019\/08\/jueces.jpg\",\"contentUrl\":\"https:\/\/noti-america.com\/site\/peru\/wp-content\/uploads\/sites\/8\/2019\/08\/jueces.jpg\",\"width\":650,\"height\":384},{\"@type\":\"BreadcrumbList\",\"@id\":\"https:\/\/noti-america.com\/site\/peru\/2019\/08\/09\/keiko-fujimori-continuara-en-prision\/#breadcrumb\",\"itemListElement\":[{\"@type\":\"ListItem\",\"position\":1,\"name\":\"Portada\",\"item\":\"https:\/\/noti-america.com\/site\/peru\/\"},{\"@type\":\"ListItem\",\"position\":2,\"name\":\"Keiko Fujimori continuar\u00e1 en prisi\u00f3n\"}]},{\"@type\":\"WebSite\",\"@id\":\"https:\/\/noti-america.com\/site\/peru\/#website\",\"url\":\"https:\/\/noti-america.com\/site\/peru\/\",\"name\":\"Per\u00fa | Noti-America.com\",\"description\":\"\",\"publisher\":{\"@id\":\"https:\/\/noti-america.com\/site\/peru\/#organization\"},\"potentialAction\":[{\"@type\":\"SearchAction\",\"target\":{\"@type\":\"EntryPoint\",\"urlTemplate\":\"https:\/\/noti-america.com\/site\/peru\/?s={search_term_string}\"},\"query-input\":{\"@type\":\"PropertyValueSpecification\",\"valueRequired\":true,\"valueName\":\"search_term_string\"}}],\"inLanguage\":\"es\"},{\"@type\":\"Organization\",\"@id\":\"https:\/\/noti-america.com\/site\/peru\/#organization\",\"name\":\"Noti-America LLC | Per\u00fa\",\"url\":\"https:\/\/noti-america.com\/site\/peru\/\",\"logo\":{\"@type\":\"ImageObject\",\"inLanguage\":\"es\",\"@id\":\"https:\/\/noti-america.com\/site\/peru\/#\/schema\/logo\/image\/\",\"url\":\"https:\/\/noti-america.com\/site\/peru\/wp-content\/uploads\/sites\/8\/2020\/07\/LogoNA-4x3-1.jpg\",\"contentUrl\":\"https:\/\/noti-america.com\/site\/peru\/wp-content\/uploads\/sites\/8\/2020\/07\/LogoNA-4x3-1.jpg\",\"width\":1236,\"height\":1080,\"caption\":\"Noti-America LLC | Per\u00fa\"},\"image\":{\"@id\":\"https:\/\/noti-america.com\/site\/peru\/#\/schema\/logo\/image\/\"}},{\"@type\":\"Person\",\"@id\":\"https:\/\/noti-america.com\/site\/peru\/#\/schema\/person\/198c739ea8251f053186f9a9b060411b\",\"name\":\"REDACCI\u00d3N PERU\",\"image\":{\"@type\":\"ImageObject\",\"inLanguage\":\"es\",\"@id\":\"https:\/\/secure.gravatar.com\/avatar\/01a9dec4624d4fcf50237598e07fd928e41bc36b3ab5612958a61627150112ad?s=96&d=mm&r=g\",\"url\":\"https:\/\/secure.gravatar.com\/avatar\/01a9dec4624d4fcf50237598e07fd928e41bc36b3ab5612958a61627150112ad?s=96&d=mm&r=g\",\"contentUrl\":\"https:\/\/secure.gravatar.com\/avatar\/01a9dec4624d4fcf50237598e07fd928e41bc36b3ab5612958a61627150112ad?s=96&d=mm&r=g\",\"caption\":\"REDACCI\u00d3N PERU\"},\"sameAs\":[\"https:\/\/noti-america.com\",\"https:\/\/www.facebook.com\/notiamericaLLC\",\"https:\/\/www.instagram.com\/notiamerica\/\",\"https:\/\/www.linkedin.com\/in\/noti-america-7a5a4443\/\",\"https:\/\/x.com\/notiamerica\"],\"url\":\"https:\/\/noti-america.com\/site\/peru\/author\/drojas\/\"}]}<\/script>\n<!-- \/ Yoast SEO Premium plugin. -->","yoast_head_json":{"title":"Keiko Fujimori continuar\u00e1 en prisi\u00f3n - Per\u00fa | Noti-America.com","robots":{"index":"index","follow":"follow","max-snippet":"max-snippet:-1","max-image-preview":"max-image-preview:large","max-video-preview":"max-video-preview:-1"},"canonical":"https:\/\/noti-america.com\/site\/peru\/2019\/08\/09\/keiko-fujimori-continuara-en-prision\/","og_locale":"es_ES","og_type":"article","og_title":"Keiko Fujimori continuar\u00e1 en prisi\u00f3n","og_description":"Corte Suprema no alcanz\u00f3 los votos para emitir resoluci\u00f3n Keiko Fujimori seguir\u00e1 en prisi\u00f3n preventiva luego de que la Sala Penal Permanente de la Corte Suprema\u00a0anunciara este viernes que los jueces supremos encargados de&#46;&#46;&#46;","og_url":"https:\/\/noti-america.com\/site\/peru\/2019\/08\/09\/keiko-fujimori-continuara-en-prision\/","og_site_name":"Per\u00fa | Noti-America.com","article_author":"https:\/\/www.facebook.com\/notiamericaLLC","article_published_time":"2019-08-09T17:57:19+00:00","og_image":[{"width":650,"height":384,"url":"https:\/\/noti-america.com\/site\/peru\/wp-content\/uploads\/sites\/8\/2019\/08\/jueces.jpg","type":"image\/jpeg"}],"author":"REDACCI\u00d3N PERU","twitter_card":"summary_large_image","twitter_creator":"@notiamerica","twitter_misc":{"Escrito por":"REDACCI\u00d3N PERU","Tiempo estimado de lectura":"1 minuto"},"schema":{"@context":"https:\/\/schema.org","@graph":[{"@type":"Article","@id":"https:\/\/noti-america.com\/site\/peru\/2019\/08\/09\/keiko-fujimori-continuara-en-prision\/#article","isPartOf":{"@id":"https:\/\/noti-america.com\/site\/peru\/2019\/08\/09\/keiko-fujimori-continuara-en-prision\/"},"author":{"name":"REDACCI\u00d3N PERU","@id":"https:\/\/noti-america.com\/site\/peru\/#\/schema\/person\/198c739ea8251f053186f9a9b060411b"},"headline":"Keiko Fujimori continuar\u00e1 en prisi\u00f3n","datePublished":"2019-08-09T17:57:19+00:00","mainEntityOfPage":{"@id":"https:\/\/noti-america.com\/site\/peru\/2019\/08\/09\/keiko-fujimori-continuara-en-prision\/"},"wordCount":298,"commentCount":0,"publisher":{"@id":"https:\/\/noti-america.com\/site\/peru\/#organization"},"image":{"@id":"https:\/\/noti-america.com\/site\/peru\/2019\/08\/09\/keiko-fujimori-continuara-en-prision\/#primaryimage"},"thumbnailUrl":"https:\/\/noti-america.com\/site\/peru\/wp-content\/uploads\/sites\/8\/2019\/08\/jueces.jpg","articleSection":["Actualidad","Opini\u00f3n","Pol\u00edtica"],"inLanguage":"es","potentialAction":[{"@type":"CommentAction","name":"Comment","target":["https:\/\/noti-america.com\/site\/peru\/2019\/08\/09\/keiko-fujimori-continuara-en-prision\/#respond"]}]},{"@type":"WebPage","@id":"https:\/\/noti-america.com\/site\/peru\/2019\/08\/09\/keiko-fujimori-continuara-en-prision\/","url":"https:\/\/noti-america.com\/site\/peru\/2019\/08\/09\/keiko-fujimori-continuara-en-prision\/","name":"Keiko Fujimori continuar\u00e1 en prisi\u00f3n - Per\u00fa | Noti-America.com","isPartOf":{"@id":"https:\/\/noti-america.com\/site\/peru\/#website"},"primaryImageOfPage":{"@id":"https:\/\/noti-america.com\/site\/peru\/2019\/08\/09\/keiko-fujimori-continuara-en-prision\/#primaryimage"},"image":{"@id":"https:\/\/noti-america.com\/site\/peru\/2019\/08\/09\/keiko-fujimori-continuara-en-prision\/#primaryimage"},"thumbnailUrl":"https:\/\/noti-america.com\/site\/peru\/wp-content\/uploads\/sites\/8\/2019\/08\/jueces.jpg","datePublished":"2019-08-09T17:57:19+00:00","breadcrumb":{"@id":"https:\/\/noti-america.com\/site\/peru\/2019\/08\/09\/keiko-fujimori-continuara-en-prision\/#breadcrumb"},"inLanguage":"es","potentialAction":[{"@type":"ReadAction","target":["https:\/\/noti-america.com\/site\/peru\/2019\/08\/09\/keiko-fujimori-continuara-en-prision\/"]}]},{"@type":"ImageObject","inLanguage":"es","@id":"https:\/\/noti-america.com\/site\/peru\/2019\/08\/09\/keiko-fujimori-continuara-en-prision\/#primaryimage","url":"https:\/\/noti-america.com\/site\/peru\/wp-content\/uploads\/sites\/8\/2019\/08\/jueces.jpg","contentUrl":"https:\/\/noti-america.com\/site\/peru\/wp-content\/uploads\/sites\/8\/2019\/08\/jueces.jpg","width":650,"height":384},{"@type":"BreadcrumbList","@id":"https:\/\/noti-america.com\/site\/peru\/2019\/08\/09\/keiko-fujimori-continuara-en-prision\/#breadcrumb","itemListElement":[{"@type":"ListItem","position":1,"name":"Portada","item":"https:\/\/noti-america.com\/site\/peru\/"},{"@type":"ListItem","position":2,"name":"Keiko Fujimori continuar\u00e1 en prisi\u00f3n"}]},{"@type":"WebSite","@id":"https:\/\/noti-america.com\/site\/peru\/#website","url":"https:\/\/noti-america.com\/site\/peru\/","name":"Per\u00fa | Noti-America.com","description":"","publisher":{"@id":"https:\/\/noti-america.com\/site\/peru\/#organization"},"potentialAction":[{"@type":"SearchAction","target":{"@type":"EntryPoint","urlTemplate":"https:\/\/noti-america.com\/site\/peru\/?s={search_term_string}"},"query-input":{"@type":"PropertyValueSpecification","valueRequired":true,"valueName":"search_term_string"}}],"inLanguage":"es"},{"@type":"Organization","@id":"https:\/\/noti-america.com\/site\/peru\/#organization","name":"Noti-America LLC | Per\u00fa","url":"https:\/\/noti-america.com\/site\/peru\/","logo":{"@type":"ImageObject","inLanguage":"es","@id":"https:\/\/noti-america.com\/site\/peru\/#\/schema\/logo\/image\/","url":"https:\/\/noti-america.com\/site\/peru\/wp-content\/uploads\/sites\/8\/2020\/07\/LogoNA-4x3-1.jpg","contentUrl":"https:\/\/noti-america.com\/site\/peru\/wp-content\/uploads\/sites\/8\/2020\/07\/LogoNA-4x3-1.jpg","width":1236,"height":1080,"caption":"Noti-America LLC | Per\u00fa"},"image":{"@id":"https:\/\/noti-america.com\/site\/peru\/#\/schema\/logo\/image\/"}},{"@type":"Person","@id":"https:\/\/noti-america.com\/site\/peru\/#\/schema\/person\/198c739ea8251f053186f9a9b060411b","name":"REDACCI\u00d3N PERU","image":{"@type":"ImageObject","inLanguage":"es","@id":"https:\/\/secure.gravatar.com\/avatar\/01a9dec4624d4fcf50237598e07fd928e41bc36b3ab5612958a61627150112ad?s=96&d=mm&r=g","url":"https:\/\/secure.gravatar.com\/avatar\/01a9dec4624d4fcf50237598e07fd928e41bc36b3ab5612958a61627150112ad?s=96&d=mm&r=g","contentUrl":"https:\/\/secure.gravatar.com\/avatar\/01a9dec4624d4fcf50237598e07fd928e41bc36b3ab5612958a61627150112ad?s=96&d=mm&r=g","caption":"REDACCI\u00d3N PERU"},"sameAs":["https:\/\/noti-america.com","https:\/\/www.facebook.com\/notiamericaLLC","https:\/\/www.instagram.com\/notiamerica\/","https:\/\/www.linkedin.com\/in\/noti-america-7a5a4443\/","https:\/\/x.com\/notiamerica"],"url":"https:\/\/noti-america.com\/site\/peru\/author\/drojas\/"}]}},"_links":{"self":[{"href":"https:\/\/noti-america.com\/site\/peru\/wp-json\/wp\/v2\/posts\/1904","targetHints":{"allow":["GET"]}}],"collection":[{"href":"https:\/\/noti-america.com\/site\/peru\/wp-json\/wp\/v2\/posts"}],"about":[{"href":"https:\/\/noti-america.com\/site\/peru\/wp-json\/wp\/v2\/types\/post"}],"author":[{"embeddable":true,"href":"https:\/\/noti-america.com\/site\/peru\/wp-json\/wp\/v2\/users\/56"}],"replies":[{"embeddable":true,"href":"https:\/\/noti-america.com\/site\/peru\/wp-json\/wp\/v2\/comments?post=1904"}],"version-history":[{"count":1,"href":"https:\/\/noti-america.com\/site\/peru\/wp-json\/wp\/v2\/posts\/1904\/revisions"}],"predecessor-version":[{"id":1905,"href":"https:\/\/noti-america.com\/site\/peru\/wp-json\/wp\/v2\/posts\/1904\/revisions\/1905"}],"wp:featuredmedia":[{"embeddable":true,"href":"https:\/\/noti-america.com\/site\/peru\/wp-json\/wp\/v2\/media\/1901"}],"wp:attachment":[{"href":"https:\/\/noti-america.com\/site\/peru\/wp-json\/wp\/v2\/media?parent=1904"}],"wp:term":[{"taxonomy":"category","embeddable":true,"href":"https:\/\/noti-america.com\/site\/peru\/wp-json\/wp\/v2\/categories?post=1904"},{"taxonomy":"post_tag","embeddable":true,"href":"https:\/\/noti-america.com\/site\/peru\/wp-json\/wp\/v2\/tags?post=1904"}],"curies":[{"name":"wp","href":"https:\/\/api.w.org\/{rel}","templated":true}]}}