{"id":1832,"date":"2019-08-05T22:47:15","date_gmt":"2019-08-05T22:47:15","guid":{"rendered":"http:\/\/noti-america.com\/site\/peru\/2019\/08\/05\/martin-vizcarra-propone-elecciones-presidenciales-y-parlamentarias-para-el-2020-4\/"},"modified":"2019-08-05T23:33:25","modified_gmt":"2019-08-05T23:33:25","slug":"martin-vizcarra-propone-elecciones-presidenciales-y-parlamentarias-para-el-2020-2","status":"publish","type":"post","link":"https:\/\/noti-america.com\/site\/peru\/2019\/08\/05\/martin-vizcarra-propone-elecciones-presidenciales-y-parlamentarias-para-el-2020-2\/","title":{"rendered":"Mart\u00edn Vizcarra propone elecciones presidenciales y parlamentarias para el 2020"},"content":{"rendered":"<h3>El Presidente Mart\u00edn Vizcarra expres\u00f3 en su cuenta de twitter su deseo por recuperar la confianza de la gente y la lucha contra la corrupci\u00f3n. En V\u00edsperas de fechas patrias, el 28 de julio hizo su anuncio solicitando al congreso la aprobaci\u00f3n de elecciones presidenciales y parlamentarias para el 2020.<\/h3>\n<p><img loading=\"lazy\" decoding=\"async\" class=\"wp-image-1810 aligncenter\" src=\"http:\/\/noti-america.com\/site\/peru\/wp-content\/uploads\/sites\/8\/2019\/08\/Propuesta-de-Elecciones-300x258.jpg\" alt=\"\" width=\"529\" height=\"455\" srcset=\"https:\/\/noti-america.com\/site\/peru\/wp-content\/uploads\/sites\/8\/2019\/08\/Propuesta-de-Elecciones-300x258.jpg 300w, https:\/\/noti-america.com\/site\/peru\/wp-content\/uploads\/sites\/8\/2019\/08\/Propuesta-de-Elecciones.jpg 584w\" sizes=\"auto, (max-width: 529px) 100vw, 529px\" \/><\/p>\n<h4>En una encuesta urbano rural de Ipsos para\u00a0<b>El Comercio<\/b> y Am\u00e9rica Televisi\u00f3n: \u00abEl 75% est\u00e1 a favor de la propuesta del presidente Mart\u00edn Vizcarra de adelantar las elecciones presidenciales y parlamentarias para el 2020. El 19% dijo estar en contra\u00bb. La aprobaci\u00f3n de la medida es significativamente mayor entre los sectores socio-econ\u00f3micos A y B.<\/h4>\n<p><img loading=\"lazy\" decoding=\"async\" class=\" wp-image-1811 alignleft\" src=\"http:\/\/noti-america.com\/site\/peru\/wp-content\/uploads\/sites\/8\/2019\/08\/MARTIN-VIZCARRA-300x258.jpg\" alt=\"\" width=\"191\" height=\"148\" \/><\/p>\n<h2>\u201cEspero que a trav\u00e9s de un di\u00e1logo alturado con las fuerzas pol\u00edticas se llegue a buscar el consenso para que fluya [la propuesta] y el\u00a0<b>Congreso\u00a0<\/b>apruebe este proyecto de reforma. Y luego sea convalidado a trav\u00e9s de un refer\u00e9ndum por toda la poblaci\u00f3n\u201d, dijo el mandatario.<\/h2>\n<h3><\/h3>\n<h3>Se espera por la decisi\u00f3n del Parlamento y dentro del marco constitucional, que se someta a refer\u00e9ndum. En horas de la ma\u00f1ana en la sede del Congreso de la Rep\u00fablica, se inici\u00f3 el di\u00e1logo emprendido por el gobierno. Participaron los legisladores Salgado, Takayama, Tubino, Bartra y Salazar.<\/h3>\n<h1><\/h1>\n<h1>Salvador del Solar y Fuerza Popular se re\u00fanen por adelanto de elecciones 2020<\/h1>\n<h3>El primer ministro Salvador del Solar se reuni\u00f3 con representantes de la bancada de Fuerza Popular para exponer la propuesta de adelantar las elecciones generales al 2020.<\/h3>\n<h5 style=\"text-align: center\"><img loading=\"lazy\" decoding=\"async\" class=\" wp-image-1812 aligncenter\" src=\"http:\/\/noti-america.com\/site\/peru\/wp-content\/uploads\/sites\/8\/2019\/08\/Salvador-del-Solar-300x258.jpg\" alt=\"\" width=\"484\" height=\"405\" \/> Primer ministro Salvador del Solar se re\u00fane con legisladores de Fuerza Popular, entre ellos el vocero de la bancada, Carlos Tubino (Foto: PCM)<\/h5>\n<h3>Por la tarde, se estima que <b>Del Solar<\/b>\u00a0recibir\u00e1 a la Bancada Liberal y a Unidos por la Rep\u00fablica en la PCM.<\/h3>\n","protected":false},"excerpt":{"rendered":"<p>El Presidente Mart\u00edn Vizcarra expres\u00f3 en su cuenta de twitter su deseo por recuperar la confianza de la gente y la lucha contra la corrupci\u00f3n. En V\u00edsperas de fechas patrias, el 28 de julio&#46;&#46;&#46;<\/p>\n","protected":false},"author":56,"featured_media":1833,"comment_status":"open","ping_status":"open","sticky":false,"template":"","format":"standard","meta":{"_acf_changed":false,"rop_custom_images_group":[],"rop_custom_messages_group":[],"rop_publish_now":"initial","rop_publish_now_accounts":{"twitter_242054905_242054905":""},"rop_publish_now_history":[],"rop_publish_now_status":"pending","footnotes":""},"categories":[10,116,107,3],"tags":[],"class_list":["post-1832","post","type-post","status-publish","format-standard","has-post-thumbnail","hentry","category-actualidad","category-suramerica","category-noticias","category-politica"],"acf":[],"yoast_head":"<!-- This site is optimized with the Yoast SEO Premium plugin v24.9 (Yoast SEO v27.2) - https:\/\/yoast.com\/product\/yoast-seo-premium-wordpress\/ -->\n<title>Mart\u00edn Vizcarra propone elecciones presidenciales y parlamentarias para el 2020 - Per\u00fa | Noti-America.com<\/title>\n<meta name=\"description\" content=\"\u201cEspero que a trav\u00e9s de un di\u00e1logo alturado con las fuerzas pol\u00edticas se llegue a buscar el consenso para que fluya [la propuesta] y el\u00a0Congreso\u00a0apruebe este proyecto de reforma. Y luego sea convalidado a trav\u00e9s de un refer\u00e9ndum por toda la poblaci\u00f3n\u201d, dijo el mandatario.\" \/>\n<meta name=\"robots\" content=\"index, follow, max-snippet:-1, max-image-preview:large, max-video-preview:-1\" \/>\n<link rel=\"canonical\" href=\"https:\/\/noti-america.com\/site\/peru\/2019\/08\/05\/martin-vizcarra-propone-elecciones-presidenciales-y-parlamentarias-para-el-2020-2\/\" \/>\n<meta property=\"og:locale\" content=\"es_ES\" \/>\n<meta property=\"og:type\" content=\"article\" \/>\n<meta property=\"og:title\" content=\"Mart\u00edn Vizcarra propone elecciones presidenciales y parlamentarias para el 2020\" \/>\n<meta property=\"og:description\" content=\"\u201cEspero que a trav\u00e9s de un di\u00e1logo alturado con las fuerzas pol\u00edticas se llegue a buscar el consenso para que fluya [la propuesta] y el\u00a0Congreso\u00a0apruebe este proyecto de reforma. Y luego sea convalidado a trav\u00e9s de un refer\u00e9ndum por toda la poblaci\u00f3n\u201d, dijo el mandatario.\" \/>\n<meta property=\"og:url\" content=\"https:\/\/noti-america.com\/site\/peru\/2019\/08\/05\/martin-vizcarra-propone-elecciones-presidenciales-y-parlamentarias-para-el-2020-2\/\" \/>\n<meta property=\"og:site_name\" content=\"Per\u00fa | Noti-America.com\" \/>\n<meta property=\"article:author\" content=\"https:\/\/www.facebook.com\/notiamericaLLC\" \/>\n<meta property=\"article:published_time\" content=\"2019-08-05T22:47:15+00:00\" \/>\n<meta property=\"article:modified_time\" content=\"2019-08-05T23:33:25+00:00\" \/>\n<meta property=\"og:image\" content=\"https:\/\/noti-america.com\/site\/peru\/wp-content\/uploads\/sites\/8\/2019\/08\/MARTIN-VIZCARRA.jpg\" \/>\n\t<meta property=\"og:image:width\" content=\"584\" \/>\n\t<meta property=\"og:image:height\" content=\"502\" \/>\n\t<meta property=\"og:image:type\" content=\"image\/jpeg\" \/>\n<meta name=\"author\" content=\"REDACCI\u00d3N PERU\" \/>\n<meta name=\"twitter:card\" content=\"summary_large_image\" \/>\n<meta name=\"twitter:creator\" content=\"@notiamerica\" \/>\n<meta name=\"twitter:label1\" content=\"Escrito por\" \/>\n\t<meta name=\"twitter:data1\" content=\"REDACCI\u00d3N PERU\" \/>\n\t<meta name=\"twitter:label2\" content=\"Tiempo estimado de lectura\" \/>\n\t<meta name=\"twitter:data2\" content=\"2 minutos\" \/>\n<script type=\"application\/ld+json\" class=\"yoast-schema-graph\">{\"@context\":\"https:\/\/schema.org\",\"@graph\":[{\"@type\":\"Article\",\"@id\":\"https:\/\/noti-america.com\/site\/peru\/2019\/08\/05\/martin-vizcarra-propone-elecciones-presidenciales-y-parlamentarias-para-el-2020-2\/#article\",\"isPartOf\":{\"@id\":\"https:\/\/noti-america.com\/site\/peru\/2019\/08\/05\/martin-vizcarra-propone-elecciones-presidenciales-y-parlamentarias-para-el-2020-2\/\"},\"author\":{\"name\":\"REDACCI\u00d3N PERU\",\"@id\":\"https:\/\/noti-america.com\/site\/peru\/#\/schema\/person\/198c739ea8251f053186f9a9b060411b\"},\"headline\":\"Mart\u00edn Vizcarra propone elecciones presidenciales y parlamentarias para el 2020\",\"datePublished\":\"2019-08-05T22:47:15+00:00\",\"dateModified\":\"2019-08-05T23:33:25+00:00\",\"mainEntityOfPage\":{\"@id\":\"https:\/\/noti-america.com\/site\/peru\/2019\/08\/05\/martin-vizcarra-propone-elecciones-presidenciales-y-parlamentarias-para-el-2020-2\/\"},\"wordCount\":311,\"commentCount\":0,\"publisher\":{\"@id\":\"https:\/\/noti-america.com\/site\/peru\/#organization\"},\"image\":{\"@id\":\"https:\/\/noti-america.com\/site\/peru\/2019\/08\/05\/martin-vizcarra-propone-elecciones-presidenciales-y-parlamentarias-para-el-2020-2\/#primaryimage\"},\"thumbnailUrl\":\"https:\/\/noti-america.com\/site\/peru\/wp-content\/uploads\/sites\/8\/2019\/08\/MARTIN-VIZCARRA.jpg\",\"articleSection\":[\"Actualidad\",\"Am\u00e9rica del Sur\",\"Noticias\",\"Pol\u00edtica\"],\"inLanguage\":\"es\",\"potentialAction\":[{\"@type\":\"CommentAction\",\"name\":\"Comment\",\"target\":[\"https:\/\/noti-america.com\/site\/peru\/2019\/08\/05\/martin-vizcarra-propone-elecciones-presidenciales-y-parlamentarias-para-el-2020-2\/#respond\"]}]},{\"@type\":\"WebPage\",\"@id\":\"https:\/\/noti-america.com\/site\/peru\/2019\/08\/05\/martin-vizcarra-propone-elecciones-presidenciales-y-parlamentarias-para-el-2020-2\/\",\"url\":\"https:\/\/noti-america.com\/site\/peru\/2019\/08\/05\/martin-vizcarra-propone-elecciones-presidenciales-y-parlamentarias-para-el-2020-2\/\",\"name\":\"Mart\u00edn Vizcarra propone elecciones presidenciales y parlamentarias para el 2020 - Per\u00fa | Noti-America.com\",\"isPartOf\":{\"@id\":\"https:\/\/noti-america.com\/site\/peru\/#website\"},\"primaryImageOfPage\":{\"@id\":\"https:\/\/noti-america.com\/site\/peru\/2019\/08\/05\/martin-vizcarra-propone-elecciones-presidenciales-y-parlamentarias-para-el-2020-2\/#primaryimage\"},\"image\":{\"@id\":\"https:\/\/noti-america.com\/site\/peru\/2019\/08\/05\/martin-vizcarra-propone-elecciones-presidenciales-y-parlamentarias-para-el-2020-2\/#primaryimage\"},\"thumbnailUrl\":\"https:\/\/noti-america.com\/site\/peru\/wp-content\/uploads\/sites\/8\/2019\/08\/MARTIN-VIZCARRA.jpg\",\"datePublished\":\"2019-08-05T22:47:15+00:00\",\"dateModified\":\"2019-08-05T23:33:25+00:00\",\"description\":\"\u201cEspero que a trav\u00e9s de un di\u00e1logo alturado con las fuerzas pol\u00edticas se llegue a buscar el consenso para que fluya [la propuesta] y el\u00a0Congreso\u00a0apruebe este proyecto de reforma. Y luego sea convalidado a trav\u00e9s de un refer\u00e9ndum por toda la poblaci\u00f3n\u201d, dijo el mandatario.\",\"breadcrumb\":{\"@id\":\"https:\/\/noti-america.com\/site\/peru\/2019\/08\/05\/martin-vizcarra-propone-elecciones-presidenciales-y-parlamentarias-para-el-2020-2\/#breadcrumb\"},\"inLanguage\":\"es\",\"potentialAction\":[{\"@type\":\"ReadAction\",\"target\":[\"https:\/\/noti-america.com\/site\/peru\/2019\/08\/05\/martin-vizcarra-propone-elecciones-presidenciales-y-parlamentarias-para-el-2020-2\/\"]}]},{\"@type\":\"ImageObject\",\"inLanguage\":\"es\",\"@id\":\"https:\/\/noti-america.com\/site\/peru\/2019\/08\/05\/martin-vizcarra-propone-elecciones-presidenciales-y-parlamentarias-para-el-2020-2\/#primaryimage\",\"url\":\"https:\/\/noti-america.com\/site\/peru\/wp-content\/uploads\/sites\/8\/2019\/08\/MARTIN-VIZCARRA.jpg\",\"contentUrl\":\"https:\/\/noti-america.com\/site\/peru\/wp-content\/uploads\/sites\/8\/2019\/08\/MARTIN-VIZCARRA.jpg\",\"width\":584,\"height\":502},{\"@type\":\"BreadcrumbList\",\"@id\":\"https:\/\/noti-america.com\/site\/peru\/2019\/08\/05\/martin-vizcarra-propone-elecciones-presidenciales-y-parlamentarias-para-el-2020-2\/#breadcrumb\",\"itemListElement\":[{\"@type\":\"ListItem\",\"position\":1,\"name\":\"Portada\",\"item\":\"https:\/\/noti-america.com\/site\/peru\/\"},{\"@type\":\"ListItem\",\"position\":2,\"name\":\"Mart\u00edn Vizcarra propone elecciones presidenciales y parlamentarias para el 2020\"}]},{\"@type\":\"WebSite\",\"@id\":\"https:\/\/noti-america.com\/site\/peru\/#website\",\"url\":\"https:\/\/noti-america.com\/site\/peru\/\",\"name\":\"Per\u00fa | Noti-America.com\",\"description\":\"\",\"publisher\":{\"@id\":\"https:\/\/noti-america.com\/site\/peru\/#organization\"},\"potentialAction\":[{\"@type\":\"SearchAction\",\"target\":{\"@type\":\"EntryPoint\",\"urlTemplate\":\"https:\/\/noti-america.com\/site\/peru\/?s={search_term_string}\"},\"query-input\":{\"@type\":\"PropertyValueSpecification\",\"valueRequired\":true,\"valueName\":\"search_term_string\"}}],\"inLanguage\":\"es\"},{\"@type\":\"Organization\",\"@id\":\"https:\/\/noti-america.com\/site\/peru\/#organization\",\"name\":\"Noti-America LLC | Per\u00fa\",\"url\":\"https:\/\/noti-america.com\/site\/peru\/\",\"logo\":{\"@type\":\"ImageObject\",\"inLanguage\":\"es\",\"@id\":\"https:\/\/noti-america.com\/site\/peru\/#\/schema\/logo\/image\/\",\"url\":\"https:\/\/noti-america.com\/site\/peru\/wp-content\/uploads\/sites\/8\/2020\/07\/LogoNA-4x3-1.jpg\",\"contentUrl\":\"https:\/\/noti-america.com\/site\/peru\/wp-content\/uploads\/sites\/8\/2020\/07\/LogoNA-4x3-1.jpg\",\"width\":1236,\"height\":1080,\"caption\":\"Noti-America LLC | Per\u00fa\"},\"image\":{\"@id\":\"https:\/\/noti-america.com\/site\/peru\/#\/schema\/logo\/image\/\"}},{\"@type\":\"Person\",\"@id\":\"https:\/\/noti-america.com\/site\/peru\/#\/schema\/person\/198c739ea8251f053186f9a9b060411b\",\"name\":\"REDACCI\u00d3N PERU\",\"image\":{\"@type\":\"ImageObject\",\"inLanguage\":\"es\",\"@id\":\"https:\/\/secure.gravatar.com\/avatar\/01a9dec4624d4fcf50237598e07fd928e41bc36b3ab5612958a61627150112ad?s=96&d=mm&r=g\",\"url\":\"https:\/\/secure.gravatar.com\/avatar\/01a9dec4624d4fcf50237598e07fd928e41bc36b3ab5612958a61627150112ad?s=96&d=mm&r=g\",\"contentUrl\":\"https:\/\/secure.gravatar.com\/avatar\/01a9dec4624d4fcf50237598e07fd928e41bc36b3ab5612958a61627150112ad?s=96&d=mm&r=g\",\"caption\":\"REDACCI\u00d3N PERU\"},\"sameAs\":[\"https:\/\/noti-america.com\",\"https:\/\/www.facebook.com\/notiamericaLLC\",\"https:\/\/www.instagram.com\/notiamerica\/\",\"https:\/\/www.linkedin.com\/in\/noti-america-7a5a4443\/\",\"https:\/\/x.com\/notiamerica\"],\"url\":\"https:\/\/noti-america.com\/site\/peru\/author\/drojas\/\"}]}<\/script>\n<!-- \/ Yoast SEO Premium plugin. -->","yoast_head_json":{"title":"Mart\u00edn Vizcarra propone elecciones presidenciales y parlamentarias para el 2020 - Per\u00fa | Noti-America.com","description":"\u201cEspero que a trav\u00e9s de un di\u00e1logo alturado con las fuerzas pol\u00edticas se llegue a buscar el consenso para que fluya [la propuesta] y el\u00a0Congreso\u00a0apruebe este proyecto de reforma. Y luego sea convalidado a trav\u00e9s de un refer\u00e9ndum por toda la poblaci\u00f3n\u201d, dijo el mandatario.","robots":{"index":"index","follow":"follow","max-snippet":"max-snippet:-1","max-image-preview":"max-image-preview:large","max-video-preview":"max-video-preview:-1"},"canonical":"https:\/\/noti-america.com\/site\/peru\/2019\/08\/05\/martin-vizcarra-propone-elecciones-presidenciales-y-parlamentarias-para-el-2020-2\/","og_locale":"es_ES","og_type":"article","og_title":"Mart\u00edn Vizcarra propone elecciones presidenciales y parlamentarias para el 2020","og_description":"\u201cEspero que a trav\u00e9s de un di\u00e1logo alturado con las fuerzas pol\u00edticas se llegue a buscar el consenso para que fluya [la propuesta] y el\u00a0Congreso\u00a0apruebe este proyecto de reforma. Y luego sea convalidado a trav\u00e9s de un refer\u00e9ndum por toda la poblaci\u00f3n\u201d, dijo el mandatario.","og_url":"https:\/\/noti-america.com\/site\/peru\/2019\/08\/05\/martin-vizcarra-propone-elecciones-presidenciales-y-parlamentarias-para-el-2020-2\/","og_site_name":"Per\u00fa | Noti-America.com","article_author":"https:\/\/www.facebook.com\/notiamericaLLC","article_published_time":"2019-08-05T22:47:15+00:00","article_modified_time":"2019-08-05T23:33:25+00:00","og_image":[{"width":584,"height":502,"url":"https:\/\/noti-america.com\/site\/peru\/wp-content\/uploads\/sites\/8\/2019\/08\/MARTIN-VIZCARRA.jpg","type":"image\/jpeg"}],"author":"REDACCI\u00d3N PERU","twitter_card":"summary_large_image","twitter_creator":"@notiamerica","twitter_misc":{"Escrito por":"REDACCI\u00d3N PERU","Tiempo estimado de lectura":"2 minutos"},"schema":{"@context":"https:\/\/schema.org","@graph":[{"@type":"Article","@id":"https:\/\/noti-america.com\/site\/peru\/2019\/08\/05\/martin-vizcarra-propone-elecciones-presidenciales-y-parlamentarias-para-el-2020-2\/#article","isPartOf":{"@id":"https:\/\/noti-america.com\/site\/peru\/2019\/08\/05\/martin-vizcarra-propone-elecciones-presidenciales-y-parlamentarias-para-el-2020-2\/"},"author":{"name":"REDACCI\u00d3N PERU","@id":"https:\/\/noti-america.com\/site\/peru\/#\/schema\/person\/198c739ea8251f053186f9a9b060411b"},"headline":"Mart\u00edn Vizcarra propone elecciones presidenciales y parlamentarias para el 2020","datePublished":"2019-08-05T22:47:15+00:00","dateModified":"2019-08-05T23:33:25+00:00","mainEntityOfPage":{"@id":"https:\/\/noti-america.com\/site\/peru\/2019\/08\/05\/martin-vizcarra-propone-elecciones-presidenciales-y-parlamentarias-para-el-2020-2\/"},"wordCount":311,"commentCount":0,"publisher":{"@id":"https:\/\/noti-america.com\/site\/peru\/#organization"},"image":{"@id":"https:\/\/noti-america.com\/site\/peru\/2019\/08\/05\/martin-vizcarra-propone-elecciones-presidenciales-y-parlamentarias-para-el-2020-2\/#primaryimage"},"thumbnailUrl":"https:\/\/noti-america.com\/site\/peru\/wp-content\/uploads\/sites\/8\/2019\/08\/MARTIN-VIZCARRA.jpg","articleSection":["Actualidad","Am\u00e9rica del Sur","Noticias","Pol\u00edtica"],"inLanguage":"es","potentialAction":[{"@type":"CommentAction","name":"Comment","target":["https:\/\/noti-america.com\/site\/peru\/2019\/08\/05\/martin-vizcarra-propone-elecciones-presidenciales-y-parlamentarias-para-el-2020-2\/#respond"]}]},{"@type":"WebPage","@id":"https:\/\/noti-america.com\/site\/peru\/2019\/08\/05\/martin-vizcarra-propone-elecciones-presidenciales-y-parlamentarias-para-el-2020-2\/","url":"https:\/\/noti-america.com\/site\/peru\/2019\/08\/05\/martin-vizcarra-propone-elecciones-presidenciales-y-parlamentarias-para-el-2020-2\/","name":"Mart\u00edn Vizcarra propone elecciones presidenciales y parlamentarias para el 2020 - Per\u00fa | Noti-America.com","isPartOf":{"@id":"https:\/\/noti-america.com\/site\/peru\/#website"},"primaryImageOfPage":{"@id":"https:\/\/noti-america.com\/site\/peru\/2019\/08\/05\/martin-vizcarra-propone-elecciones-presidenciales-y-parlamentarias-para-el-2020-2\/#primaryimage"},"image":{"@id":"https:\/\/noti-america.com\/site\/peru\/2019\/08\/05\/martin-vizcarra-propone-elecciones-presidenciales-y-parlamentarias-para-el-2020-2\/#primaryimage"},"thumbnailUrl":"https:\/\/noti-america.com\/site\/peru\/wp-content\/uploads\/sites\/8\/2019\/08\/MARTIN-VIZCARRA.jpg","datePublished":"2019-08-05T22:47:15+00:00","dateModified":"2019-08-05T23:33:25+00:00","description":"\u201cEspero que a trav\u00e9s de un di\u00e1logo alturado con las fuerzas pol\u00edticas se llegue a buscar el consenso para que fluya [la propuesta] y el\u00a0Congreso\u00a0apruebe este proyecto de reforma. Y luego sea convalidado a trav\u00e9s de un refer\u00e9ndum por toda la poblaci\u00f3n\u201d, dijo el mandatario.","breadcrumb":{"@id":"https:\/\/noti-america.com\/site\/peru\/2019\/08\/05\/martin-vizcarra-propone-elecciones-presidenciales-y-parlamentarias-para-el-2020-2\/#breadcrumb"},"inLanguage":"es","potentialAction":[{"@type":"ReadAction","target":["https:\/\/noti-america.com\/site\/peru\/2019\/08\/05\/martin-vizcarra-propone-elecciones-presidenciales-y-parlamentarias-para-el-2020-2\/"]}]},{"@type":"ImageObject","inLanguage":"es","@id":"https:\/\/noti-america.com\/site\/peru\/2019\/08\/05\/martin-vizcarra-propone-elecciones-presidenciales-y-parlamentarias-para-el-2020-2\/#primaryimage","url":"https:\/\/noti-america.com\/site\/peru\/wp-content\/uploads\/sites\/8\/2019\/08\/MARTIN-VIZCARRA.jpg","contentUrl":"https:\/\/noti-america.com\/site\/peru\/wp-content\/uploads\/sites\/8\/2019\/08\/MARTIN-VIZCARRA.jpg","width":584,"height":502},{"@type":"BreadcrumbList","@id":"https:\/\/noti-america.com\/site\/peru\/2019\/08\/05\/martin-vizcarra-propone-elecciones-presidenciales-y-parlamentarias-para-el-2020-2\/#breadcrumb","itemListElement":[{"@type":"ListItem","position":1,"name":"Portada","item":"https:\/\/noti-america.com\/site\/peru\/"},{"@type":"ListItem","position":2,"name":"Mart\u00edn Vizcarra propone elecciones presidenciales y parlamentarias para el 2020"}]},{"@type":"WebSite","@id":"https:\/\/noti-america.com\/site\/peru\/#website","url":"https:\/\/noti-america.com\/site\/peru\/","name":"Per\u00fa | Noti-America.com","description":"","publisher":{"@id":"https:\/\/noti-america.com\/site\/peru\/#organization"},"potentialAction":[{"@type":"SearchAction","target":{"@type":"EntryPoint","urlTemplate":"https:\/\/noti-america.com\/site\/peru\/?s={search_term_string}"},"query-input":{"@type":"PropertyValueSpecification","valueRequired":true,"valueName":"search_term_string"}}],"inLanguage":"es"},{"@type":"Organization","@id":"https:\/\/noti-america.com\/site\/peru\/#organization","name":"Noti-America LLC | Per\u00fa","url":"https:\/\/noti-america.com\/site\/peru\/","logo":{"@type":"ImageObject","inLanguage":"es","@id":"https:\/\/noti-america.com\/site\/peru\/#\/schema\/logo\/image\/","url":"https:\/\/noti-america.com\/site\/peru\/wp-content\/uploads\/sites\/8\/2020\/07\/LogoNA-4x3-1.jpg","contentUrl":"https:\/\/noti-america.com\/site\/peru\/wp-content\/uploads\/sites\/8\/2020\/07\/LogoNA-4x3-1.jpg","width":1236,"height":1080,"caption":"Noti-America LLC | Per\u00fa"},"image":{"@id":"https:\/\/noti-america.com\/site\/peru\/#\/schema\/logo\/image\/"}},{"@type":"Person","@id":"https:\/\/noti-america.com\/site\/peru\/#\/schema\/person\/198c739ea8251f053186f9a9b060411b","name":"REDACCI\u00d3N PERU","image":{"@type":"ImageObject","inLanguage":"es","@id":"https:\/\/secure.gravatar.com\/avatar\/01a9dec4624d4fcf50237598e07fd928e41bc36b3ab5612958a61627150112ad?s=96&d=mm&r=g","url":"https:\/\/secure.gravatar.com\/avatar\/01a9dec4624d4fcf50237598e07fd928e41bc36b3ab5612958a61627150112ad?s=96&d=mm&r=g","contentUrl":"https:\/\/secure.gravatar.com\/avatar\/01a9dec4624d4fcf50237598e07fd928e41bc36b3ab5612958a61627150112ad?s=96&d=mm&r=g","caption":"REDACCI\u00d3N PERU"},"sameAs":["https:\/\/noti-america.com","https:\/\/www.facebook.com\/notiamericaLLC","https:\/\/www.instagram.com\/notiamerica\/","https:\/\/www.linkedin.com\/in\/noti-america-7a5a4443\/","https:\/\/x.com\/notiamerica"],"url":"https:\/\/noti-america.com\/site\/peru\/author\/drojas\/"}]}},"_links":{"self":[{"href":"https:\/\/noti-america.com\/site\/peru\/wp-json\/wp\/v2\/posts\/1832","targetHints":{"allow":["GET"]}}],"collection":[{"href":"https:\/\/noti-america.com\/site\/peru\/wp-json\/wp\/v2\/posts"}],"about":[{"href":"https:\/\/noti-america.com\/site\/peru\/wp-json\/wp\/v2\/types\/post"}],"author":[{"embeddable":true,"href":"https:\/\/noti-america.com\/site\/peru\/wp-json\/wp\/v2\/users\/56"}],"replies":[{"embeddable":true,"href":"https:\/\/noti-america.com\/site\/peru\/wp-json\/wp\/v2\/comments?post=1832"}],"version-history":[{"count":1,"href":"https:\/\/noti-america.com\/site\/peru\/wp-json\/wp\/v2\/posts\/1832\/revisions"}],"predecessor-version":[{"id":1834,"href":"https:\/\/noti-america.com\/site\/peru\/wp-json\/wp\/v2\/posts\/1832\/revisions\/1834"}],"wp:featuredmedia":[{"embeddable":true,"href":"https:\/\/noti-america.com\/site\/peru\/wp-json\/wp\/v2\/media\/1833"}],"wp:attachment":[{"href":"https:\/\/noti-america.com\/site\/peru\/wp-json\/wp\/v2\/media?parent=1832"}],"wp:term":[{"taxonomy":"category","embeddable":true,"href":"https:\/\/noti-america.com\/site\/peru\/wp-json\/wp\/v2\/categories?post=1832"},{"taxonomy":"post_tag","embeddable":true,"href":"https:\/\/noti-america.com\/site\/peru\/wp-json\/wp\/v2\/tags?post=1832"}],"curies":[{"name":"wp","href":"https:\/\/api.w.org\/{rel}","templated":true}]}}