{"id":942,"date":"2018-01-05T14:06:47","date_gmt":"2018-01-05T14:06:47","guid":{"rendered":"http:\/\/noti-america.com\/site\/panama\/?p=942"},"modified":"2018-01-05T14:06:47","modified_gmt":"2018-01-05T14:06:47","slug":"ricardo-martinelli-busca-alianza-con-el-prd","status":"publish","type":"post","link":"https:\/\/noti-america.com\/site\/panama\/2018\/01\/05\/ricardo-martinelli-busca-alianza-con-el-prd\/","title":{"rendered":"Ricardo Martinelli busca alianza con el PRD."},"content":{"rendered":"<p><em><strong>REDACCI\u00d3N NOTI-AM\u00c9RICA (PANAM\u00c1).- El expresidente paname\u00f1o, Ricardo Martinelli, manifest\u00f3 por medio de su cuenta de Twitter, que est\u00e1 dispuesto a conversar una alianza con el Partido Revolucionario Democr\u00e1tico, PRD.<\/strong><\/em><\/p>\n<p>Martinelli dej\u00f3 claro que,\u00bbel PRD y el @CaDemocratico (Cambio Democr\u00e1tico)\u00a0deben jugar su papel en la democracia. CD es oposici\u00f3n. Veo mejores d\u00edas para el pa\u00eds con esta unidad opositora. @<s><\/s>martamartinelli (Marta Martinelli &#8211; su esposa) me representa en cualquier di\u00e1logo por el bien de Panam\u00e1\u00bb.<\/p>\n<p>Agreg\u00f3 tambi\u00e9n que el\u00a0discurso del presidente Juan Carlos Varela fue vago y no reconciliador y que as\u00ed ser\u00e1 hasta el final de su mandato, \u00abcon m\u00e1s persecuci\u00f3n pol\u00edtica y odios. Aconsejo cambiar esta errada pol\u00edtica\u00bb. Destaca que de ganar\u00a0su apelaci\u00f3n en Estados Unidos vendr\u00e1 a Panam\u00e1 a liderar su colectivo pol\u00edtico para\u00a0 hacer oposici\u00f3n. Adem\u00e1s advierte que enfrentar\u00e1 todos los casos, que son pol\u00edticos y no judiciales.<\/p>\n<p>\u00abTodos mis casos son pol\u00edticos, estoy detenido en EEUU en espera de proceso de extradici\u00f3n por supuestos, donde Panam\u00e1 ha viciado el proceso, donde no hay una sola prueba que me involucre en nada ilegal. Nada me gustar\u00eda m\u00e1s que poder estar con mi familia, amigos y mi pueblo\u00bb, destac\u00f3 el ex presidente.<\/p>\n<p>A todo esto, el Secretario General del PRD, Pedro Miguel Gonz\u00e1lez, advirti\u00f3 que es muy temprano para hablar de alianzas con el CD, a la vez que destac\u00f3 que todos los partidos pol\u00edticos del pa\u00eds deben ir analizando una alianza general para contrarrestar al Paname\u00f1ismo.<\/p>\n<p><strong>Foto<\/strong>: FB Ricardo Martinelli.<\/p>\n","protected":false},"excerpt":{"rendered":"<p>REDACCI\u00d3N NOTI-AM\u00c9RICA (PANAM\u00c1).- El expresidente paname\u00f1o, Ricardo Martinelli, manifest\u00f3 por medio de su cuenta de Twitter, que est\u00e1 dispuesto a conversar una alianza con el Partido Revolucionario Democr\u00e1tico, PRD. Martinelli dej\u00f3 claro que,\u00bbel PRD&#46;&#46;&#46;<\/p>\n","protected":false},"author":19,"featured_media":943,"comment_status":"open","ping_status":"open","sticky":false,"template":"","format":"standard","meta":{"footnotes":""},"categories":[3],"tags":[307,64,70,30,306,63,256],"class_list":["post-942","post","type-post","status-publish","format-standard","has-post-thumbnail","hentry","category-politica","tag-alianza","tag-elecciones","tag-juan-carlos-varela","tag-panama","tag-pedro-miguel-gonzalez","tag-politica","tag-ricardo-martinelli"],"_links":{"self":[{"href":"https:\/\/noti-america.com\/site\/panama\/wp-json\/wp\/v2\/posts\/942","targetHints":{"allow":["GET"]}}],"collection":[{"href":"https:\/\/noti-america.com\/site\/panama\/wp-json\/wp\/v2\/posts"}],"about":[{"href":"https:\/\/noti-america.com\/site\/panama\/wp-json\/wp\/v2\/types\/post"}],"author":[{"embeddable":true,"href":"https:\/\/noti-america.com\/site\/panama\/wp-json\/wp\/v2\/users\/19"}],"replies":[{"embeddable":true,"href":"https:\/\/noti-america.com\/site\/panama\/wp-json\/wp\/v2\/comments?post=942"}],"version-history":[{"count":1,"href":"https:\/\/noti-america.com\/site\/panama\/wp-json\/wp\/v2\/posts\/942\/revisions"}],"predecessor-version":[{"id":944,"href":"https:\/\/noti-america.com\/site\/panama\/wp-json\/wp\/v2\/posts\/942\/revisions\/944"}],"wp:featuredmedia":[{"embeddable":true,"href":"https:\/\/noti-america.com\/site\/panama\/wp-json\/wp\/v2\/media\/943"}],"wp:attachment":[{"href":"https:\/\/noti-america.com\/site\/panama\/wp-json\/wp\/v2\/media?parent=942"}],"wp:term":[{"taxonomy":"category","embeddable":true,"href":"https:\/\/noti-america.com\/site\/panama\/wp-json\/wp\/v2\/categories?post=942"},{"taxonomy":"post_tag","embeddable":true,"href":"https:\/\/noti-america.com\/site\/panama\/wp-json\/wp\/v2\/tags?post=942"}],"curies":[{"name":"wp","href":"https:\/\/api.w.org\/{rel}","templated":true}]}}