{"id":902,"date":"2017-12-28T23:20:49","date_gmt":"2017-12-28T23:20:49","guid":{"rendered":"http:\/\/noti-america.com\/site\/panama\/?p=902"},"modified":"2017-12-28T23:20:49","modified_gmt":"2017-12-28T23:20:49","slug":"aprueban-ajuste-de-6-5-al-salario-minimo-en-panama","status":"publish","type":"post","link":"https:\/\/noti-america.com\/site\/panama\/2017\/12\/28\/aprueban-ajuste-de-6-5-al-salario-minimo-en-panama\/","title":{"rendered":"Aprueban ajuste de 6.5% al salario m\u00ednimo en Panam\u00e1."},"content":{"rendered":"<p><em><strong>REDACCI\u00d3N NOTI AM\u00c9RICA (PANAM\u00c1).- El \u00d3rgano Ejecutivo aprob\u00f3\u00a0 un ajuste del\u00a06.5%\u00a0al salario m\u00ednimo para la gran empresa que regir\u00e1 en la Rep\u00fablica de Panam\u00e1 a partir del 1 de enero de 2018 hasta el 31 de diciembre de 2019.<\/strong><\/em><\/p>\n<p>Correspondi\u00f3 el Ejecutivo fijar el salario m\u00ednimo, luego que, tras una larga jornada de discusi\u00f3n de la Comisi\u00f3n Nacional de Salario M\u00ednimo instalada el 26 de agosto y concluidas las sesiones permanentes el 15 de diciembre, los comisionados llegaron a consensos sobre la estructura econ\u00f3mica, mas no sobre el porcentaje del ajuste.<\/p>\n<p>La revisi\u00f3n del salario m\u00ednimo\u00a0 tiene que realizarse cada dos (2) a\u00f1os tal como lo establece el art\u00edculo N\u00b0174 del\u00a0<strong>C\u00f3digo de Trabajo<\/strong>. En 2015, la Administraci\u00f3n del presidente Juan Carlos Varela aprob\u00f3 un incremento del 8.5%.<\/p>\n<p>Para el ajuste del\u00a0<strong>6.5%\u00a0<\/strong>a 292 mil trabajadores de la gran empresa \u00a0se tomaron en cuenta variables que corresponden al \u00edndice de precio al consumidor- el crecimiento de la econom\u00eda a trav\u00e9s de del Producto Interno Bruto (PIB) y precio de la canasta b\u00e1sica. Adem\u00e1s,\u00a0 se aprob\u00f3 un<strong>\u00a04.5%<\/strong>\u00a0de ajuste al salario m\u00ednimo de la peque\u00f1a empresa.<\/p>\n<p>El Decreto Ejecutivo que contiene las nuevas tasas de salario m\u00ednimo ser\u00e1 publicado en\u00a0<strong>Gaceta Oficial<\/strong>\u00a0con las firmas del presidente Juan Carlos Varela y el ministro Luis Ernesto Carles.<\/p>\n<p>Los comisionados del sector empleador y trabajador, en el marco de las sesiones permanentes, acordaron unificaciones de criterios sobre las actividades incluidas dentro de la industria manufacturera, suministro de electricidad, gas, vapor y aire acondicionado (nacional), suministro de agua, alcantarillado, gesti\u00f3n de desechos y actividades de saneamiento (nacional),\u00a0 comercio al por mayor y en comisiones, hoteles, informaci\u00f3n y comunicaci\u00f3n (nacional).<\/p>\n<p style=\"text-align: left\"><strong>Cuadro de Salario M\u00ednimo.<\/strong><\/p>\n<p><img loading=\"lazy\" decoding=\"async\" class=\"aligncenter wp-image-904 size-full\" src=\"http:\/\/noti-america.com\/site\/panama\/wp-content\/uploads\/sites\/10\/2017\/12\/Salario-Minimo-1.jpg\" alt=\"\" width=\"916\" height=\"670\" srcset=\"https:\/\/noti-america.com\/site\/panama\/wp-content\/uploads\/sites\/10\/2017\/12\/Salario-Minimo-1.jpg 916w, https:\/\/noti-america.com\/site\/panama\/wp-content\/uploads\/sites\/10\/2017\/12\/Salario-Minimo-1-300x219.jpg 300w, https:\/\/noti-america.com\/site\/panama\/wp-content\/uploads\/sites\/10\/2017\/12\/Salario-Minimo-1-768x562.jpg 768w\" sizes=\"auto, (max-width: 916px) 100vw, 916px\" \/><\/p>\n<p><img loading=\"lazy\" decoding=\"async\" class=\"aligncenter wp-image-905 size-full\" src=\"http:\/\/noti-america.com\/site\/panama\/wp-content\/uploads\/sites\/10\/2017\/12\/Salario-Minimo-2.jpg\" alt=\"\" width=\"891\" height=\"646\" srcset=\"https:\/\/noti-america.com\/site\/panama\/wp-content\/uploads\/sites\/10\/2017\/12\/Salario-Minimo-2.jpg 891w, https:\/\/noti-america.com\/site\/panama\/wp-content\/uploads\/sites\/10\/2017\/12\/Salario-Minimo-2-300x218.jpg 300w, https:\/\/noti-america.com\/site\/panama\/wp-content\/uploads\/sites\/10\/2017\/12\/Salario-Minimo-2-768x557.jpg 768w\" sizes=\"auto, (max-width: 891px) 100vw, 891px\" \/><\/p>\n<p><img loading=\"lazy\" decoding=\"async\" class=\"aligncenter wp-image-906 size-full\" src=\"http:\/\/noti-america.com\/site\/panama\/wp-content\/uploads\/sites\/10\/2017\/12\/Salario-Minimo-3.jpg\" alt=\"\" width=\"971\" height=\"653\" srcset=\"https:\/\/noti-america.com\/site\/panama\/wp-content\/uploads\/sites\/10\/2017\/12\/Salario-Minimo-3.jpg 971w, https:\/\/noti-america.com\/site\/panama\/wp-content\/uploads\/sites\/10\/2017\/12\/Salario-Minimo-3-300x202.jpg 300w, https:\/\/noti-america.com\/site\/panama\/wp-content\/uploads\/sites\/10\/2017\/12\/Salario-Minimo-3-768x516.jpg 768w, https:\/\/noti-america.com\/site\/panama\/wp-content\/uploads\/sites\/10\/2017\/12\/Salario-Minimo-3-272x182.jpg 272w\" sizes=\"auto, (max-width: 971px) 100vw, 971px\" \/><\/p>\n<p><img loading=\"lazy\" decoding=\"async\" class=\"aligncenter wp-image-907 size-large\" src=\"http:\/\/noti-america.com\/site\/panama\/wp-content\/uploads\/sites\/10\/2017\/12\/Salario-Minimo-4-1024x467.jpg\" alt=\"\" width=\"1024\" height=\"467\" srcset=\"https:\/\/noti-america.com\/site\/panama\/wp-content\/uploads\/sites\/10\/2017\/12\/Salario-Minimo-4-1024x467.jpg 1024w, https:\/\/noti-america.com\/site\/panama\/wp-content\/uploads\/sites\/10\/2017\/12\/Salario-Minimo-4-300x137.jpg 300w, https:\/\/noti-america.com\/site\/panama\/wp-content\/uploads\/sites\/10\/2017\/12\/Salario-Minimo-4-768x350.jpg 768w, https:\/\/noti-america.com\/site\/panama\/wp-content\/uploads\/sites\/10\/2017\/12\/Salario-Minimo-4.jpg 1037w\" sizes=\"auto, (max-width: 1024px) 100vw, 1024px\" \/><\/p>\n","protected":false},"excerpt":{"rendered":"<p>REDACCI\u00d3N NOTI AM\u00c9RICA (PANAM\u00c1).- El \u00d3rgano Ejecutivo aprob\u00f3\u00a0 un ajuste del\u00a06.5%\u00a0al salario m\u00ednimo para la gran empresa que regir\u00e1 en la Rep\u00fablica de Panam\u00e1 a partir del 1 de enero de 2018 hasta el&#46;&#46;&#46;<\/p>\n","protected":false},"author":19,"featured_media":903,"comment_status":"open","ping_status":"open","sticky":false,"template":"","format":"standard","meta":{"footnotes":""},"categories":[5],"tags":[290,75,70,289,30,288],"class_list":["post-902","post","type-post","status-publish","format-standard","has-post-thumbnail","hentry","category-economia","tag-ajuste","tag-economia","tag-juan-carlos-varela","tag-laboral","tag-panama","tag-salario"],"_links":{"self":[{"href":"https:\/\/noti-america.com\/site\/panama\/wp-json\/wp\/v2\/posts\/902","targetHints":{"allow":["GET"]}}],"collection":[{"href":"https:\/\/noti-america.com\/site\/panama\/wp-json\/wp\/v2\/posts"}],"about":[{"href":"https:\/\/noti-america.com\/site\/panama\/wp-json\/wp\/v2\/types\/post"}],"author":[{"embeddable":true,"href":"https:\/\/noti-america.com\/site\/panama\/wp-json\/wp\/v2\/users\/19"}],"replies":[{"embeddable":true,"href":"https:\/\/noti-america.com\/site\/panama\/wp-json\/wp\/v2\/comments?post=902"}],"version-history":[{"count":2,"href":"https:\/\/noti-america.com\/site\/panama\/wp-json\/wp\/v2\/posts\/902\/revisions"}],"predecessor-version":[{"id":909,"href":"https:\/\/noti-america.com\/site\/panama\/wp-json\/wp\/v2\/posts\/902\/revisions\/909"}],"wp:featuredmedia":[{"embeddable":true,"href":"https:\/\/noti-america.com\/site\/panama\/wp-json\/wp\/v2\/media\/903"}],"wp:attachment":[{"href":"https:\/\/noti-america.com\/site\/panama\/wp-json\/wp\/v2\/media?parent=902"}],"wp:term":[{"taxonomy":"category","embeddable":true,"href":"https:\/\/noti-america.com\/site\/panama\/wp-json\/wp\/v2\/categories?post=902"},{"taxonomy":"post_tag","embeddable":true,"href":"https:\/\/noti-america.com\/site\/panama\/wp-json\/wp\/v2\/tags?post=902"}],"curies":[{"name":"wp","href":"https:\/\/api.w.org\/{rel}","templated":true}]}}