{"id":830,"date":"2017-12-13T12:36:17","date_gmt":"2017-12-13T12:36:17","guid":{"rendered":"http:\/\/noti-america.com\/site\/panama\/?p=830"},"modified":"2017-12-13T12:36:17","modified_gmt":"2017-12-13T12:36:17","slug":"perdidas-millonarias-colon-bajo-el-agua","status":"publish","type":"post","link":"https:\/\/noti-america.com\/site\/panama\/2017\/12\/13\/perdidas-millonarias-colon-bajo-el-agua\/","title":{"rendered":"P\u00e9rdidas millonarias, Col\u00f3n bajo el agua."},"content":{"rendered":"<p><em><strong>REDACCI\u00d3N NOTI-AM\u00c9RICA (PANAM\u00c1).- La ciudad de Col\u00f3n, (a unos 45 minutos de la ciudad capital, en el \u00e1rea atl\u00e1ntico del pa\u00eds), qued\u00f3 completamente inundada este martes, luego de que fuertes lluvias cayeran por varias horas, lo que ocasion\u00f3 inundaciones en el 90% de sus avenidas, incluyendo la Zona Libre de Col\u00f3n.<\/strong><\/em><\/p>\n<p>Seg\u00fan los primeros informes, los drenajes no soportaron la gran cantidad de precipitaci\u00f3n y esto, aunado a algunos trabajos que se llevan a cabo en el centro de la ciudad, dej\u00f3 como resultado calles, avenidas, edificios, iglesias y casas completamente anegadas, generando p\u00e9rdidas millonarias.<\/p>\n<p>La Zona Libre de Col\u00f3n, eje comercial de la ciudad, de pa\u00eds y de la regi\u00f3n, tambi\u00e9n fue afectada por las inundaciones, y tanto almacenes, como tiendas y bodegas quedaron completamente llenas de agua.\u00a0 Hasta el momento no se ha emitido un informe sobre las p\u00e9rdidas de este acontecimiento, pero se estiman en millones de d\u00f3lares, tomando en consideraci\u00f3n la mercanc\u00eda que qued\u00f3 afectada por las aguas.<\/p>\n<p>La ciudadan\u00eda tuvo que hacerse de botes para poder trasladarse de un punto a otro en la ciudad, \u00abesto parece Venecia\u00bb, dec\u00edan algunos ciudadanos que eran trasladados en los botes cuyo servicio estaba por un dollar a cada persona.<\/p>\n<p>Las autoridades indican que estas inundaciones se dieron como resultado de las fuertes lluvias sumadas con los altos oleajes (la ciudad est\u00e1 contigua al mar) de unos 2.0 a 3.0 metros y vientos de 25 a 35 kil\u00f3metros por hora, lo que gener\u00f3 la situaci\u00f3n propicia.<\/p>\n<p>El Centro de Operaciones de Emergencia del\u00a0 Sistema Nacional de Protecci\u00f3n Civil (SINAPROC), emiti\u00f3 una <em>Alerta Verde<\/em> por 24 horas, por la presencia del sistema frontal fr\u00edo sobre el Caribe Paname\u00f1o, seg\u00fan el \u00faltimo informe t\u00e9cnico de Hidrometeorolog\u00eda de ETESA.<br \/>\nAdvierten que para este mi\u00e9rcoles se estima que los montos de lluvias podr\u00e1n superar los 50.0mm en el \u00e1rea comprendida desde Bocas del Toro, la comarca NG\u00f6be Bugle hasta la Costa Abajo de Col\u00f3n. Los vientos mantienen su intensidad.<br \/>\nEl COE mantiene monitoreo permanente y personal activado en zonas vulnerables, reitera a la poblaci\u00f3n seguir recomendaciones emitidas por la entidad. Jos\u00e9 Donderis, Director del Sistema Nacional de Protecci\u00f3n Civil, solicit\u00f3 a la poblaci\u00f3n mantener la calma, adoptar medidas de prevenci\u00f3n y seguir informaci\u00f3n de fuente oficiales. Donderis,\u00a0 se\u00f1alo que los equipos contin\u00faan brindado apoyo a los sectores afectados por las ultimas lluvias.<\/p>\n<p>En tanto, el Ministerio de Educaci\u00f3n suspendi\u00f3 las clases en todos los planteles escolares en las \u00e1reas de la Comarca Guna Yala y en toda la provincia de Col\u00f3n.<\/p>\n<p><img loading=\"lazy\" decoding=\"async\" class=\"wp-image-831 size-full aligncenter\" src=\"http:\/\/noti-america.com\/site\/panama\/wp-content\/uploads\/sites\/10\/2017\/12\/Inundaciones-Colon-12-dic-07-3.jpg\" alt=\"\" width=\"480\" height=\"607\" srcset=\"https:\/\/noti-america.com\/site\/panama\/wp-content\/uploads\/sites\/10\/2017\/12\/Inundaciones-Colon-12-dic-07-3.jpg 480w, https:\/\/noti-america.com\/site\/panama\/wp-content\/uploads\/sites\/10\/2017\/12\/Inundaciones-Colon-12-dic-07-3-237x300.jpg 237w\" sizes=\"auto, (max-width: 480px) 100vw, 480px\" \/><\/p>\n","protected":false},"excerpt":{"rendered":"<p>REDACCI\u00d3N NOTI-AM\u00c9RICA (PANAM\u00c1).- La ciudad de Col\u00f3n, (a unos 45 minutos de la ciudad capital, en el \u00e1rea atl\u00e1ntico del pa\u00eds), qued\u00f3 completamente inundada este martes, luego de que fuertes lluvias cayeran por varias&#46;&#46;&#46;<\/p>\n","protected":false},"author":19,"featured_media":832,"comment_status":"open","ping_status":"open","sticky":false,"template":"","format":"standard","meta":{"footnotes":""},"categories":[11],"tags":[170,75,259,166,30],"class_list":["post-830","post","type-post","status-publish","format-standard","has-post-thumbnail","hentry","category-sucesos","tag-colon","tag-economia","tag-inndaciones","tag-lluvias","tag-panama"],"_links":{"self":[{"href":"https:\/\/noti-america.com\/site\/panama\/wp-json\/wp\/v2\/posts\/830","targetHints":{"allow":["GET"]}}],"collection":[{"href":"https:\/\/noti-america.com\/site\/panama\/wp-json\/wp\/v2\/posts"}],"about":[{"href":"https:\/\/noti-america.com\/site\/panama\/wp-json\/wp\/v2\/types\/post"}],"author":[{"embeddable":true,"href":"https:\/\/noti-america.com\/site\/panama\/wp-json\/wp\/v2\/users\/19"}],"replies":[{"embeddable":true,"href":"https:\/\/noti-america.com\/site\/panama\/wp-json\/wp\/v2\/comments?post=830"}],"version-history":[{"count":1,"href":"https:\/\/noti-america.com\/site\/panama\/wp-json\/wp\/v2\/posts\/830\/revisions"}],"predecessor-version":[{"id":833,"href":"https:\/\/noti-america.com\/site\/panama\/wp-json\/wp\/v2\/posts\/830\/revisions\/833"}],"wp:featuredmedia":[{"embeddable":true,"href":"https:\/\/noti-america.com\/site\/panama\/wp-json\/wp\/v2\/media\/832"}],"wp:attachment":[{"href":"https:\/\/noti-america.com\/site\/panama\/wp-json\/wp\/v2\/media?parent=830"}],"wp:term":[{"taxonomy":"category","embeddable":true,"href":"https:\/\/noti-america.com\/site\/panama\/wp-json\/wp\/v2\/categories?post=830"},{"taxonomy":"post_tag","embeddable":true,"href":"https:\/\/noti-america.com\/site\/panama\/wp-json\/wp\/v2\/tags?post=830"}],"curies":[{"name":"wp","href":"https:\/\/api.w.org\/{rel}","templated":true}]}}