{"id":823,"date":"2017-12-11T15:12:38","date_gmt":"2017-12-11T15:12:38","guid":{"rendered":"http:\/\/noti-america.com\/site\/panama\/?p=823"},"modified":"2017-12-11T15:12:38","modified_gmt":"2017-12-11T15:12:38","slug":"controversia-en-cambio-democratico-por-puesto-de-la-presidencia-del-partido","status":"publish","type":"post","link":"https:\/\/noti-america.com\/site\/panama\/2017\/12\/11\/controversia-en-cambio-democratico-por-puesto-de-la-presidencia-del-partido\/","title":{"rendered":"Controversia en Cambio Democr\u00e1tico por puesto de la presidencia del partido."},"content":{"rendered":"<div id=\"post-info\"><\/div>\n<div class=\"social-sharing-top\">\n<div class=\"social-comments\">\n<p>&nbsp;<\/p>\n<\/div>\n<\/div>\n<div id=\"content-area\">\n<p><em><strong>REDACCI\u00d3N NOTI-AM\u00c9RICA (PANAM\u00c1).- La noticia pol\u00edtica que ha generado controversia y gran cantidad de reacciones durante ese fin de semana es, sin duda alguna, el anuncio hecho por el secretario del partido Cambo Democr\u00e1tico, R\u00f3mulo Roux, de que competir\u00e1 por la presidencia del colectivo, adevrsando al ya postulado para ese mismo cargo y creador del partido, Ricardo Martinelli.<\/strong><\/em><\/p>\n<p>El anuncio de Roux fue hecho en la provincia de Chiriqu\u00ed,(a unos 500 kil\u00f3metros de a capital)\u00a0 en una reuni\u00f3n con convencionales, en su discurso dijo que, \u201cel pa\u00eds va en la direcci\u00f3n equivocada, Varela lleva el pa\u00eds en retroceso, no hay avance, necesitamos recuperar el camino correcto. Para eso nuestro partido necesita una direcci\u00f3n pol\u00edtica que enfrente a este nefasto gobierno aqu\u00ed en el patio, por la persecuci\u00f3n del gobierno muchos dirigentes est\u00e1n afectados, muchos de ellos por procesos injustos. Necesitamos una voz y una direcci\u00f3n que gu\u00ede a nuestro partido al triunfo en el 2019 y yo estoy dispuesto a hacer ese trabajo con nuestras bases y el pueblo paname\u00f1o\u201d.<\/p>\n<p>El dirigente pol\u00edtico destac\u00f3 que no se est\u00e1 postulando a la presidencia para hacerle da\u00f1o a Ricardo Martinelli, ni es en contra de \u00e9l, que es contra del presidente Varela, del gobierno fallido, de la falta de soluciones, de la inseguridad.<\/p>\n<p>Adem\u00e1s, fue claro al decir que quiere presidir el CD para continuar el legado de Martinelli,\u00a0 de todas las cosas buenas que hizo por el pa\u00eds. \u201cPara lograrlo, necesitamos un l\u00edder que est\u00e9 aqu\u00ed en Panam\u00e1, trabajando todos los d\u00edas, escuchando a nuestras comunidades y trabajando por un cambio. Voy a organizar el partido, vamos a llevarlo a ganar. Me comprometo a unir nuestras bases para que luchemos por recuperar el camino del progreso y la prosperidad, a partir del 2019 haremos un nuevo gobierno que traer\u00e1 esperanza, empleos y oportunidades al pa\u00eds, \u201d puntualiz\u00f3 el dirigente opositor.<\/p>\n<p>Roux dijo que sabe que si Martinelli pudiera estar en Panam\u00e1 seguir\u00edan haciendo un gran equipo para alentar y organizar su partido, pero deben reconocer que Ricardo Martinelli es v\u00edctima de una persecuci\u00f3n cruenta por parte de Juan Carlos Varela y su gobierno, \u201c\u00e9l no puede estar aqu\u00ed hoy con nosotros y los Cambio Democr\u00e1tico. Tenemos que afrontar esa realidad pol\u00edtica. Tenemos que seguir adelante, continuar el legado del expresidente Martinelli y ganar el 2019\u201d, puntualiz\u00f3.<\/p>\n<p><strong>Reacciones<\/strong><br \/>\nEste anuncio de Roux no ha sido bien visto por muchos dirigentes del colectivo, entre ellos por la ex Primera Dama y quien postul\u00f3 a Ricardo Martinelli para la presidencia del partido, Marta de Martinelli, quien califica a R\u00f3mulo Roux de \u201ctraidor\u201d al postularse contra su esposo Martinelli. Adelant\u00f3 que\u00a0Martinelli confi\u00f3 en Roux, \u201cle dio la Secretaria General del partido, como en su momento la Presidencia del CD. R\u00f3mulo viaja a Miami 4 d\u00edas antes de terminarse periodo postulaciones y le dice que le va a disputar la presidencia del CD. En un momento que Ricardo Martinelli est\u00e1 preso sin poder hacer campa\u00f1a\u201d, destaca.<\/p>\n<p>Tambi\u00e9n dijo, en su cuenta de twitter, que su esposo lo llam\u00f3 para decirle que\u00a0decepcionado, triste y dolido. \u201cLo que m\u00e1s duele en el alma es la traici\u00f3n\u201d, le dijo Martinelli.\u00a0 La ex primera dama destac\u00f3 adem\u00e1s que, \u201choy he visto las caras de la traici\u00f3n! Alegar que RM est\u00e1 preso y por eso no puede ser Presidente del CD\u2026 y que no hay liderazgo. Pregunto: y qu\u00e9 soy yo, que estoy aspirando a la Vice Presidencia del CD para ser la l\u00edder del partido hasta que RM regrese, estoy pintada en la pared?\u201d.<\/p>\n<p>Otro que sali\u00f3 al paso del anuncio de Roux es Jos\u00e9 Ra\u00fal Mulino, quien tambi\u00e9n aspira a ser el candidato presidencial por el CD, adelantando que si el Secretario General del CD corre por la presidencia del partido contra Martinelli, ser\u00e1 la evidencia para aquellos incr\u00e9dulos de que Varela tiene su mano metida en eso. Destac\u00f3 que quiere ver a Roux pedir votos contra Ricardo Martinelli.<\/p>\n<p>En tanto, Jos\u00e9 Domingo Arias, ex ministro del gobierno de Martinelli y candidato presidencial por el CD en las elecciones de 2014,\u00a0 manifiesta que no ve la sorpresa por la postulaci\u00f3n de Roux, destacando que est\u00e1 trabajando desde hace tres a\u00f1os para obtener el liderazgo pol\u00edtico del colectivo y que su agenda solo \u00e9l la conoce. Y pregunta, \u201c\u00bfvicepresidente de una alianza?, puede ser porque a la cabeza no llega\u201d.<\/p>\n<p>May\u00edn Correa fue otra que sali\u00f3 en contra de Roux, \u201cNunca me gustaste, eres un perfecto traidor e hip\u00f3crita. No te saldr\u00e1s con las tuyas. Abajo todo lo que huela y se apellide Varela\u201d.<\/p>\n<p>Muchos dirigentes del CD aducen que R\u00f3mulo Roux, por ser pariente del actual presiente de la Rep\u00fablica, Juan Carlos Varela, se ha \u201cvendido\u201d a su orden y que le est\u00e1 haciendo el trabajo para apoderarse del Cambio Democr\u00e1tico.\u00a0 Incluso se habla de la posible expulsi\u00f3n de algunos Diputados del colectivo pol\u00edtico, que siguen la corriente de Roux.<\/p>\n<p>En tanto, la sociedad paname\u00f1a critica la reacci\u00f3n de algunos miembros del Cambio Democr\u00e1tico, hay quienes indican que si es un partido pol\u00edtico, debe haber democracia para la elecci\u00f3n de su dirigencia. Hay quienes indican que \u201cel CD es un Partido Pol\u00edtico y que no tiene due\u00f1o (indicando Ricardo Martinelli),\u00a0 que se le d\u00e9 la oportunidad a cualquiera a que compita por la direcci\u00f3n del partido y que no se puede tildar de \u201ctraidor\u201d a Roux por sus aspiraciones.<\/p>\n<p>Una gran cantidad de memes e im\u00e1genes en contra de la postulaci\u00f3n de R\u00f3mulo Roux han estado corriendo por las redes sociales desde el anuncio dado.<\/p>\n<p><img loading=\"lazy\" decoding=\"async\" class=\"wp-image-824 size-full aligncenter\" src=\"http:\/\/noti-america.com\/site\/panama\/wp-content\/uploads\/sites\/10\/2017\/12\/DQotlJrU8AAbBGw.jpg\" alt=\"\" width=\"899\" height=\"469\" srcset=\"https:\/\/noti-america.com\/site\/panama\/wp-content\/uploads\/sites\/10\/2017\/12\/DQotlJrU8AAbBGw.jpg 899w, https:\/\/noti-america.com\/site\/panama\/wp-content\/uploads\/sites\/10\/2017\/12\/DQotlJrU8AAbBGw-300x157.jpg 300w, https:\/\/noti-america.com\/site\/panama\/wp-content\/uploads\/sites\/10\/2017\/12\/DQotlJrU8AAbBGw-768x401.jpg 768w\" sizes=\"auto, (max-width: 899px) 100vw, 899px\" \/><\/p>\n<\/div>\n","protected":false},"excerpt":{"rendered":"<p>&nbsp; REDACCI\u00d3N NOTI-AM\u00c9RICA (PANAM\u00c1).- La noticia pol\u00edtica que ha generado controversia y gran cantidad de reacciones durante ese fin de semana es, sin duda alguna, el anuncio hecho por el secretario del partido Cambo&#46;&#46;&#46;<\/p>\n","protected":false},"author":19,"featured_media":825,"comment_status":"open","ping_status":"open","sticky":false,"template":"","format":"standard","meta":{"footnotes":""},"categories":[3],"tags":[258,257,30,63,256,255],"class_list":["post-823","post","type-post","status-publish","format-standard","has-post-thumbnail","hentry","category-politica","tag-cambio-democratico","tag-marta-de-martinelli","tag-panama","tag-politica","tag-ricardo-martinelli","tag-romulo-roux"],"_links":{"self":[{"href":"https:\/\/noti-america.com\/site\/panama\/wp-json\/wp\/v2\/posts\/823","targetHints":{"allow":["GET"]}}],"collection":[{"href":"https:\/\/noti-america.com\/site\/panama\/wp-json\/wp\/v2\/posts"}],"about":[{"href":"https:\/\/noti-america.com\/site\/panama\/wp-json\/wp\/v2\/types\/post"}],"author":[{"embeddable":true,"href":"https:\/\/noti-america.com\/site\/panama\/wp-json\/wp\/v2\/users\/19"}],"replies":[{"embeddable":true,"href":"https:\/\/noti-america.com\/site\/panama\/wp-json\/wp\/v2\/comments?post=823"}],"version-history":[{"count":2,"href":"https:\/\/noti-america.com\/site\/panama\/wp-json\/wp\/v2\/posts\/823\/revisions"}],"predecessor-version":[{"id":827,"href":"https:\/\/noti-america.com\/site\/panama\/wp-json\/wp\/v2\/posts\/823\/revisions\/827"}],"wp:featuredmedia":[{"embeddable":true,"href":"https:\/\/noti-america.com\/site\/panama\/wp-json\/wp\/v2\/media\/825"}],"wp:attachment":[{"href":"https:\/\/noti-america.com\/site\/panama\/wp-json\/wp\/v2\/media?parent=823"}],"wp:term":[{"taxonomy":"category","embeddable":true,"href":"https:\/\/noti-america.com\/site\/panama\/wp-json\/wp\/v2\/categories?post=823"},{"taxonomy":"post_tag","embeddable":true,"href":"https:\/\/noti-america.com\/site\/panama\/wp-json\/wp\/v2\/tags?post=823"}],"curies":[{"name":"wp","href":"https:\/\/api.w.org\/{rel}","templated":true}]}}