{"id":798,"date":"2017-12-06T12:11:39","date_gmt":"2017-12-06T12:11:39","guid":{"rendered":"http:\/\/noti-america.com\/site\/panama\/?p=798"},"modified":"2017-12-06T12:11:39","modified_gmt":"2017-12-06T12:11:39","slug":"panama-sigue-cosechando-medallas-en-los-centroamericanos","status":"publish","type":"post","link":"https:\/\/noti-america.com\/site\/panama\/2017\/12\/06\/panama-sigue-cosechando-medallas-en-los-centroamericanos\/","title":{"rendered":"Panam\u00e1 sigue cosechando medallas en los Centroamericanos."},"content":{"rendered":"<p><em><strong>REDACCI\u00d3N NOTI-AM\u00c9RICA (PANAM\u00c1) La paname\u00f1a Eileen Grench super\u00f3 sin dificultad a la guatemalteca Silvia Herrera por 15-2 en la final, para pasearse imbatible y lograr su tercera medalla de oro consecutiva, en la modalidad de sable, de los Juegos Centroamericanos.<\/strong><\/em><\/p>\n<p>La paname\u00f1a barri\u00f3 en los cinco combates que disput\u00f3 en la fase de conformaci\u00f3n de llaves y al ocupar el puesto n\u00famero uno qued\u00f3 libre para la fase decisiva de eliminaci\u00f3n directa. Grench rumbo a la presea dorada tuvo en frente a dos chapinas, en cuarto de finales derrot\u00f3 por 15-6 a Kreestel Fraatz y para arrollar en la final a Herrera, quien marc\u00f3 su primer punto despu\u00e9s de estar en desventaja de 11-0. Grench repiti\u00f3 los \u00e9xitos que obtuvo en el 2010 en El Salvador y en el 2013 en Costa Rica<\/p>\n<p>\u201cTodo esto es por Panam\u00e1\u201d, exclam\u00f3 con emoci\u00f3n tras recibir la medalla de oro. \u201cLa clave fue la preparaci\u00f3n con que llegue a estos juegos, lo que me brind\u00f3 la seguridad y confianza para lograr la meta\u201d, indic\u00f3 Grench.\u201cEstoy muy agradecida del respaldo que obtuve de los t\u00e9cnicos, entre ellos mi entrenador personal Alexander Lepeshinski, quien ha estado conmigo en los \u00faltimos nueve a\u00f1os\u201d, resalt\u00f3 la esgrimista.<\/p>\n<p>Destac\u00f3 que ahora descansar\u00e1 en lo que resta del a\u00f1o, para iniciar su preparaci\u00f3n en el 2018 con miras a participar en los Juegos Centroamericanos y del Caribe en Barranquilla y en algunas Copas como antesala al Mundial.<\/p>\n<p>Grench dej\u00f3 un claro mensaje a la juventud paname\u00f1a de hacer deporte, pero no abandonar los estudios. \u201cMe gradu\u00e9 de Administraci\u00f3n Internacional en el 2009, hice un alto para mi carrera deportiva, pero en mayo del pr\u00f3ximo a\u00f1o termin\u00f3 mi Maestr\u00eda en Periodismo en la Universidad de Columbus\u201d.<\/p>\n<p><img loading=\"lazy\" decoding=\"async\" class=\"wp-image-800 size-full aligncenter\" src=\"http:\/\/noti-america.com\/site\/panama\/wp-content\/uploads\/sites\/10\/2017\/12\/WhatsApp-Image-2017-12-05-at-7.55.57-PM.jpeg\" alt=\"\" width=\"720\" height=\"804\" srcset=\"https:\/\/noti-america.com\/site\/panama\/wp-content\/uploads\/sites\/10\/2017\/12\/WhatsApp-Image-2017-12-05-at-7.55.57-PM.jpeg 720w, https:\/\/noti-america.com\/site\/panama\/wp-content\/uploads\/sites\/10\/2017\/12\/WhatsApp-Image-2017-12-05-at-7.55.57-PM-269x300.jpeg 269w\" sizes=\"auto, (max-width: 720px) 100vw, 720px\" \/><\/p>\n","protected":false},"excerpt":{"rendered":"<p>REDACCI\u00d3N NOTI-AM\u00c9RICA (PANAM\u00c1) La paname\u00f1a Eileen Grench super\u00f3 sin dificultad a la guatemalteca Silvia Herrera por 15-2 en la final, para pasearse imbatible y lograr su tercera medalla de oro consecutiva, en la modalidad&#46;&#46;&#46;<\/p>\n","protected":false},"author":19,"featured_media":799,"comment_status":"open","ping_status":"open","sticky":false,"template":"","format":"standard","meta":{"footnotes":""},"categories":[16],"tags":[52,241,61,56,62,240,30],"class_list":["post-798","post","type-post","status-publish","format-standard","has-post-thumbnail","hentry","category-deportes","tag-deportes","tag-eileen-grench","tag-esgrima","tag-juegos-centroamericanos","tag-medalla-de-oro","tag-nicaragua","tag-panama"],"_links":{"self":[{"href":"https:\/\/noti-america.com\/site\/panama\/wp-json\/wp\/v2\/posts\/798","targetHints":{"allow":["GET"]}}],"collection":[{"href":"https:\/\/noti-america.com\/site\/panama\/wp-json\/wp\/v2\/posts"}],"about":[{"href":"https:\/\/noti-america.com\/site\/panama\/wp-json\/wp\/v2\/types\/post"}],"author":[{"embeddable":true,"href":"https:\/\/noti-america.com\/site\/panama\/wp-json\/wp\/v2\/users\/19"}],"replies":[{"embeddable":true,"href":"https:\/\/noti-america.com\/site\/panama\/wp-json\/wp\/v2\/comments?post=798"}],"version-history":[{"count":1,"href":"https:\/\/noti-america.com\/site\/panama\/wp-json\/wp\/v2\/posts\/798\/revisions"}],"predecessor-version":[{"id":801,"href":"https:\/\/noti-america.com\/site\/panama\/wp-json\/wp\/v2\/posts\/798\/revisions\/801"}],"wp:featuredmedia":[{"embeddable":true,"href":"https:\/\/noti-america.com\/site\/panama\/wp-json\/wp\/v2\/media\/799"}],"wp:attachment":[{"href":"https:\/\/noti-america.com\/site\/panama\/wp-json\/wp\/v2\/media?parent=798"}],"wp:term":[{"taxonomy":"category","embeddable":true,"href":"https:\/\/noti-america.com\/site\/panama\/wp-json\/wp\/v2\/categories?post=798"},{"taxonomy":"post_tag","embeddable":true,"href":"https:\/\/noti-america.com\/site\/panama\/wp-json\/wp\/v2\/tags?post=798"}],"curies":[{"name":"wp","href":"https:\/\/api.w.org\/{rel}","templated":true}]}}